{"id":18761,"date":"2025-11-05T14:02:21","date_gmt":"2025-11-05T17:02:21","guid":{"rendered":"https:\/\/nuevodigitaldeescobar.com.ar\/?p=18761"},"modified":"2025-11-05T14:02:41","modified_gmt":"2025-11-05T17:02:41","slug":"patentes-buenos-aires-vuelve-a-encabezar-los-aumentos-y-crece-la-brecha-con-otras-provincias","status":"publish","type":"post","link":"https:\/\/nuevodigitaldeescobar.com.ar\/?p=18761","title":{"rendered":"Patentes: Buenos Aires vuelve a encabezar los aumentos y crece la brecha con otras provincias"},"content":{"rendered":"\n<p class=\"has-vivid-cyan-blue-color has-text-color has-link-color wp-elements-19903916e6e357f8a195bfd2b073061f\"><strong><em>A partir de noviembre, los due\u00f1os de autos en la provincia de Buenos Aires vuelven a sentir el impacto del incremento en el impuesto a las patentes. El ajuste, que llega en un contexto de fuerte presi\u00f3n tributaria, consolida a Buenos Aires como uno de los distritos m\u00e1s caros del pa\u00eds para mantener un veh\u00edculo, con diferencias que en algunos casos superan el 40% respecto de otras provincias.<\/em><\/strong><\/p>\n\n\n\n<!--more-->\n\n\n\n<p>Mientras en otras jurisdicciones los aumentos se mantuvieron moderados, el territorio bonaerense aplic\u00f3 un nuevo esquema de actualizaci\u00f3n vinculado al valor fiscal de los autos, que subi\u00f3 considerablemente durante el a\u00f1o. De esta manera, el impuesto anual de los modelos m\u00e1s vendidos alcanza cifras que resultan dif\u00edciles de afrontar para muchos contribuyentes.<\/p>\n\n\n\n<h3 class=\"wp-block-heading\">Diferencias entre provincias<\/h3>\n\n\n\n<p>Seg\u00fan estimaciones del mercado automotor, el costo de la patente de un mismo veh\u00edculo puede variar significativamente seg\u00fan el lugar donde se registre. En Buenos Aires, los valores m\u00e1s altos se concentran en los autos nuevos, especialmente los de gama media y alta.<\/p>\n\n\n\n<p>A continuaci\u00f3n, una comparaci\u00f3n estimativa del monto anual que deber\u00eda abonar un propietario seg\u00fan la provincia donde patente su veh\u00edculo:<\/p>\n\n\n\n<figure class=\"wp-block-table\"><table class=\"has-vivid-cyan-blue-to-vivid-purple-gradient-background has-background has-fixed-layout\"><thead><tr><th>Modelo 0 km (2025)<\/th><th>Provincia de Buenos Aires<\/th><th>C\u00f3rdoba<\/th><th>Mendoza<\/th><th>Santa Fe<\/th><th>Neuqu\u00e9n<\/th><\/tr><\/thead><tbody><tr><td><strong>Toyota Corolla<\/strong><\/td><td>$1.250.000<\/td><td>$1.020.000<\/td><td>$950.000<\/td><td>$890.000<\/td><td>$910.000<\/td><\/tr><tr><td><strong>Volkswagen Polo<\/strong><\/td><td>$980.000<\/td><td>$820.000<\/td><td>$780.000<\/td><td>$740.000<\/td><td>$760.000<\/td><\/tr><tr><td><strong>Peugeot 208<\/strong><\/td><td>$870.000<\/td><td>$720.000<\/td><td>$690.000<\/td><td>$670.000<\/td><td>$680.000<\/td><\/tr><tr><td><strong>Fiat Cronos<\/strong><\/td><td>$810.000<\/td><td>$690.000<\/td><td>$650.000<\/td><td>$640.000<\/td><td>$650.000<\/td><\/tr><tr><td><strong>Chevrolet Tracker<\/strong><\/td><td>$1.100.000<\/td><td>$930.000<\/td><td>$880.000<\/td><td>$850.000<\/td><td>$870.000<\/td><\/tr><\/tbody><\/table><\/figure>\n\n\n\n<p>Las diferencias responden principalmente a los <strong>distintos coeficientes de valuaci\u00f3n y escalas impositivas<\/strong> que maneja cada jurisdicci\u00f3n. En Buenos Aires, adem\u00e1s, el tributo se actualiza varias veces al a\u00f1o seg\u00fan el valor de mercado del veh\u00edculo, lo que agrava la brecha frente a otras provincias.<\/p>\n\n\n\n<p>Desde el sector automotor advierten que la tendencia podr\u00eda generar un <strong>efecto migratorio en el patentamiento<\/strong> hacia distritos con cargas fiscales m\u00e1s livianas, una pr\u00e1ctica que ya se observa entre empresas y particulares que buscan reducir costos.<\/p>\n\n\n\n<p>El aumento en las patentes bonaerenses se suma a otros incrementos recientes en tasas municipales, combustibles y seguros, lo que deja al mantenimiento del auto como un gasto cada vez m\u00e1s pesado para la clase media.<\/p>\n","protected":false},"excerpt":{"rendered":"<p>A partir de noviembre, los due\u00f1os de autos en la provincia de Buenos Aires vuelven a sentir el impacto del incremento en el impuesto a [&hellip;]<\/p>\n","protected":false},"author":1,"featured_media":18762,"comment_status":"open","ping_status":"open","sticky":false,"template":"","format":"standard","meta":{"footnotes":""},"categories":[10],"tags":[],"class_list":["post-18761","post","type-post","status-publish","format-standard","has-post-thumbnail","hentry","category-economia"],"better_featured_image":{"id":18762,"alt_text":"","caption":"","description":"","media_type":"image","media_details":{"width":960,"height":541,"file":"2025\/11\/patentes22-e1762362058811.png","filesize":337759,"sizes":{"medium":{"file":"patentes22-300x169.png","width":300,"height":169,"mime-type":"image\/png","filesize":43764,"source_url":"https:\/\/nuevodigitaldeescobar.com.ar\/wp-content\/uploads\/2025\/11\/patentes22-300x169.png"},"large":{"file":"patentes22-1024x577.png","width":1024,"height":577,"mime-type":"image\/png","filesize":381060,"source_url":"https:\/\/nuevodigitaldeescobar.com.ar\/wp-content\/uploads\/2025\/11\/patentes22-1024x577.png"},"thumbnail":{"file":"patentes22-150x150.png","width":150,"height":150,"mime-type":"image\/png","filesize":21052,"source_url":"https:\/\/nuevodigitaldeescobar.com.ar\/wp-content\/uploads\/2025\/11\/patentes22-150x150.png"},"medium_large":{"file":"patentes22-768x433.png","width":768,"height":433,"mime-type":"image\/png","filesize":229442,"source_url":"https:\/\/nuevodigitaldeescobar.com.ar\/wp-content\/uploads\/2025\/11\/patentes22-768x433.png"}},"image_meta":{"aperture":"0","credit":"","camera":"","caption":"","created_timestamp":"0","copyright":"","focal_length":"0","iso":"0","shutter_speed":"0","title":"","orientation":"0","keywords":[]}},"post":18761,"source_url":"https:\/\/nuevodigitaldeescobar.com.ar\/wp-content\/uploads\/2025\/11\/patentes22-e1762362058811.png"},"yoast_head":"<!-- This site is optimized with the Yoast SEO plugin v26.1.1 - https:\/\/yoast.com\/wordpress\/plugins\/seo\/ -->\n<title>Patentes: Buenos Aires vuelve a encabezar los aumentos y crece la brecha con otras provincias - Nuevo Digital de Escobar<\/title>\n<meta name=\"robots\" content=\"index, follow, max-snippet:-1, max-image-preview:large, max-video-preview:-1\" \/>\n<link rel=\"canonical\" href=\"https:\/\/nuevodigitaldeescobar.com.ar\/?p=18761\" \/>\n<meta property=\"og:locale\" content=\"es_ES\" \/>\n<meta property=\"og:type\" content=\"article\" \/>\n<meta property=\"og:title\" content=\"Patentes: Buenos Aires vuelve a encabezar los aumentos y crece la brecha con otras provincias - Nuevo Digital de Escobar\" \/>\n<meta property=\"og:description\" content=\"A partir de noviembre, los due\u00f1os de autos en la provincia de Buenos Aires vuelven a sentir el impacto del incremento en el impuesto a [&hellip;]\" \/>\n<meta property=\"og:url\" content=\"https:\/\/nuevodigitaldeescobar.com.ar\/?p=18761\" \/>\n<meta property=\"og:site_name\" content=\"Nuevo Digital de Escobar\" \/>\n<meta property=\"article:publisher\" content=\"https:\/\/www.facebook.com\/NUEVODigitalDeEscobar\" \/>\n<meta property=\"article:published_time\" content=\"2025-11-05T17:02:21+00:00\" \/>\n<meta property=\"article:modified_time\" content=\"2025-11-05T17:02:41+00:00\" \/>\n<meta property=\"og:image\" content=\"http:\/\/nuevodigitaldeescobar.com.ar\/wp-content\/uploads\/2025\/11\/patentes22-e1762362058811.png\" \/>\n\t<meta property=\"og:image:width\" content=\"960\" \/>\n\t<meta property=\"og:image:height\" content=\"541\" \/>\n\t<meta property=\"og:image:type\" content=\"image\/png\" \/>\n<meta name=\"author\" content=\"Redacci\u00f3n\" \/>\n<meta name=\"twitter:card\" content=\"summary_large_image\" \/>\n<meta name=\"twitter:creator\" content=\"@nuevodigescobar\" \/>\n<meta name=\"twitter:site\" content=\"@nuevodigescobar\" \/>\n<meta name=\"twitter:label1\" content=\"Escrito por\" \/>\n\t<meta name=\"twitter:data1\" content=\"Redacci\u00f3n\" \/>\n\t<meta name=\"twitter:label2\" content=\"Tiempo de lectura\" \/>\n\t<meta name=\"twitter:data2\" content=\"2 minutos\" \/>\n<script type=\"application\/ld+json\" class=\"yoast-schema-graph\">{\"@context\":\"https:\/\/schema.org\",\"@graph\":[{\"@type\":\"Article\",\"@id\":\"https:\/\/nuevodigitaldeescobar.com.ar\/?p=18761#article\",\"isPartOf\":{\"@id\":\"https:\/\/nuevodigitaldeescobar.com.ar\/?p=18761\"},\"author\":{\"name\":\"Redacci\u00f3n\",\"@id\":\"https:\/\/nuevodigitaldeescobar.com.ar\/#\/schema\/person\/035e90a8efe9a80e6eec22656ad6ea4c\"},\"headline\":\"Patentes: Buenos Aires vuelve a encabezar los aumentos y crece la brecha con otras provincias\",\"datePublished\":\"2025-11-05T17:02:21+00:00\",\"dateModified\":\"2025-11-05T17:02:41+00:00\",\"mainEntityOfPage\":{\"@id\":\"https:\/\/nuevodigitaldeescobar.com.ar\/?p=18761\"},\"wordCount\":368,\"commentCount\":1,\"publisher\":{\"@id\":\"https:\/\/nuevodigitaldeescobar.com.ar\/#organization\"},\"image\":{\"@id\":\"https:\/\/nuevodigitaldeescobar.com.ar\/?p=18761#primaryimage\"},\"thumbnailUrl\":\"https:\/\/nuevodigitaldeescobar.com.ar\/wp-content\/uploads\/2025\/11\/patentes22-e1762362058811.png\",\"articleSection\":[\"Econom\u00eda\"],\"inLanguage\":\"es\",\"potentialAction\":[{\"@type\":\"CommentAction\",\"name\":\"Comment\",\"target\":[\"https:\/\/nuevodigitaldeescobar.com.ar\/?p=18761#respond\"]}]},{\"@type\":\"WebPage\",\"@id\":\"https:\/\/nuevodigitaldeescobar.com.ar\/?p=18761\",\"url\":\"https:\/\/nuevodigitaldeescobar.com.ar\/?p=18761\",\"name\":\"Patentes: Buenos Aires vuelve a encabezar los aumentos y crece la brecha con otras provincias - Nuevo Digital de Escobar\",\"isPartOf\":{\"@id\":\"https:\/\/nuevodigitaldeescobar.com.ar\/#website\"},\"primaryImageOfPage\":{\"@id\":\"https:\/\/nuevodigitaldeescobar.com.ar\/?p=18761#primaryimage\"},\"image\":{\"@id\":\"https:\/\/nuevodigitaldeescobar.com.ar\/?p=18761#primaryimage\"},\"thumbnailUrl\":\"https:\/\/nuevodigitaldeescobar.com.ar\/wp-content\/uploads\/2025\/11\/patentes22-e1762362058811.png\",\"datePublished\":\"2025-11-05T17:02:21+00:00\",\"dateModified\":\"2025-11-05T17:02:41+00:00\",\"breadcrumb\":{\"@id\":\"https:\/\/nuevodigitaldeescobar.com.ar\/?p=18761#breadcrumb\"},\"inLanguage\":\"es\",\"potentialAction\":[{\"@type\":\"ReadAction\",\"target\":[\"https:\/\/nuevodigitaldeescobar.com.ar\/?p=18761\"]}]},{\"@type\":\"ImageObject\",\"inLanguage\":\"es\",\"@id\":\"https:\/\/nuevodigitaldeescobar.com.ar\/?p=18761#primaryimage\",\"url\":\"https:\/\/nuevodigitaldeescobar.com.ar\/wp-content\/uploads\/2025\/11\/patentes22-e1762362058811.png\",\"contentUrl\":\"https:\/\/nuevodigitaldeescobar.com.ar\/wp-content\/uploads\/2025\/11\/patentes22-e1762362058811.png\",\"width\":960,\"height\":541},{\"@type\":\"BreadcrumbList\",\"@id\":\"https:\/\/nuevodigitaldeescobar.com.ar\/?p=18761#breadcrumb\",\"itemListElement\":[{\"@type\":\"ListItem\",\"position\":1,\"name\":\"Portada\",\"item\":\"https:\/\/nuevodigitaldeescobar.com.ar\/\"},{\"@type\":\"ListItem\",\"position\":2,\"name\":\"Patentes: Buenos Aires vuelve a encabezar los aumentos y crece la brecha con otras provincias\"}]},{\"@type\":\"WebSite\",\"@id\":\"https:\/\/nuevodigitaldeescobar.com.ar\/#website\",\"url\":\"https:\/\/nuevodigitaldeescobar.com.ar\/\",\"name\":\"Nuevo Digital de Escobar\",\"description\":\"La vida escobarense. Directora: Rosana Brunner\",\"publisher\":{\"@id\":\"https:\/\/nuevodigitaldeescobar.com.ar\/#organization\"},\"potentialAction\":[{\"@type\":\"SearchAction\",\"target\":{\"@type\":\"EntryPoint\",\"urlTemplate\":\"https:\/\/nuevodigitaldeescobar.com.ar\/?s={search_term_string}\"},\"query-input\":{\"@type\":\"PropertyValueSpecification\",\"valueRequired\":true,\"valueName\":\"search_term_string\"}}],\"inLanguage\":\"es\"},{\"@type\":\"Organization\",\"@id\":\"https:\/\/nuevodigitaldeescobar.com.ar\/#organization\",\"name\":\"Nuevo Digital de Escobar\",\"url\":\"https:\/\/nuevodigitaldeescobar.com.ar\/\",\"logo\":{\"@type\":\"ImageObject\",\"inLanguage\":\"es\",\"@id\":\"https:\/\/nuevodigitaldeescobar.com.ar\/#\/schema\/logo\/image\/\",\"url\":\"https:\/\/nuevodigitaldeescobar.com.ar\/wp-content\/uploads\/2025\/05\/cropped-logo-nuevo2.jpg\",\"contentUrl\":\"https:\/\/nuevodigitaldeescobar.com.ar\/wp-content\/uploads\/2025\/05\/cropped-logo-nuevo2.jpg\",\"width\":305,\"height\":305,\"caption\":\"Nuevo Digital de Escobar\"},\"image\":{\"@id\":\"https:\/\/nuevodigitaldeescobar.com.ar\/#\/schema\/logo\/image\/\"},\"sameAs\":[\"https:\/\/www.facebook.com\/NUEVODigitalDeEscobar\",\"https:\/\/x.com\/nuevodigescobar\",\"https:\/\/www.instagram.com\/nuevodigitaldeescobar\"]},{\"@type\":\"Person\",\"@id\":\"https:\/\/nuevodigitaldeescobar.com.ar\/#\/schema\/person\/035e90a8efe9a80e6eec22656ad6ea4c\",\"name\":\"Redacci\u00f3n\",\"image\":{\"@type\":\"ImageObject\",\"inLanguage\":\"es\",\"@id\":\"https:\/\/nuevodigitaldeescobar.com.ar\/#\/schema\/person\/image\/\",\"url\":\"https:\/\/secure.gravatar.com\/avatar\/8af8f40000c24e9eef3034f2be5998a372bb1389e64b1a4a36b3a7979142220d?s=96&d=mm&r=g\",\"contentUrl\":\"https:\/\/secure.gravatar.com\/avatar\/8af8f40000c24e9eef3034f2be5998a372bb1389e64b1a4a36b3a7979142220d?s=96&d=mm&r=g\",\"caption\":\"Redacci\u00f3n\"},\"sameAs\":[\"http:\/\/nuevodigitaldeescobar.com.ar\"],\"url\":\"https:\/\/nuevodigitaldeescobar.com.ar\/?author=1\"}]}<\/script>\n<!-- \/ Yoast SEO plugin. -->","yoast_head_json":{"title":"Patentes: Buenos Aires vuelve a encabezar los aumentos y crece la brecha con otras provincias - Nuevo Digital de Escobar","robots":{"index":"index","follow":"follow","max-snippet":"max-snippet:-1","max-image-preview":"max-image-preview:large","max-video-preview":"max-video-preview:-1"},"canonical":"https:\/\/nuevodigitaldeescobar.com.ar\/?p=18761","og_locale":"es_ES","og_type":"article","og_title":"Patentes: Buenos Aires vuelve a encabezar los aumentos y crece la brecha con otras provincias - Nuevo Digital de Escobar","og_description":"A partir de noviembre, los due\u00f1os de autos en la provincia de Buenos Aires vuelven a sentir el impacto del incremento en el impuesto a [&hellip;]","og_url":"https:\/\/nuevodigitaldeescobar.com.ar\/?p=18761","og_site_name":"Nuevo Digital de Escobar","article_publisher":"https:\/\/www.facebook.com\/NUEVODigitalDeEscobar","article_published_time":"2025-11-05T17:02:21+00:00","article_modified_time":"2025-11-05T17:02:41+00:00","og_image":[{"width":960,"height":541,"url":"http:\/\/nuevodigitaldeescobar.com.ar\/wp-content\/uploads\/2025\/11\/patentes22-e1762362058811.png","type":"image\/png"}],"author":"Redacci\u00f3n","twitter_card":"summary_large_image","twitter_creator":"@nuevodigescobar","twitter_site":"@nuevodigescobar","twitter_misc":{"Escrito por":"Redacci\u00f3n","Tiempo de lectura":"2 minutos"},"schema":{"@context":"https:\/\/schema.org","@graph":[{"@type":"Article","@id":"https:\/\/nuevodigitaldeescobar.com.ar\/?p=18761#article","isPartOf":{"@id":"https:\/\/nuevodigitaldeescobar.com.ar\/?p=18761"},"author":{"name":"Redacci\u00f3n","@id":"https:\/\/nuevodigitaldeescobar.com.ar\/#\/schema\/person\/035e90a8efe9a80e6eec22656ad6ea4c"},"headline":"Patentes: Buenos Aires vuelve a encabezar los aumentos y crece la brecha con otras provincias","datePublished":"2025-11-05T17:02:21+00:00","dateModified":"2025-11-05T17:02:41+00:00","mainEntityOfPage":{"@id":"https:\/\/nuevodigitaldeescobar.com.ar\/?p=18761"},"wordCount":368,"commentCount":1,"publisher":{"@id":"https:\/\/nuevodigitaldeescobar.com.ar\/#organization"},"image":{"@id":"https:\/\/nuevodigitaldeescobar.com.ar\/?p=18761#primaryimage"},"thumbnailUrl":"https:\/\/nuevodigitaldeescobar.com.ar\/wp-content\/uploads\/2025\/11\/patentes22-e1762362058811.png","articleSection":["Econom\u00eda"],"inLanguage":"es","potentialAction":[{"@type":"CommentAction","name":"Comment","target":["https:\/\/nuevodigitaldeescobar.com.ar\/?p=18761#respond"]}]},{"@type":"WebPage","@id":"https:\/\/nuevodigitaldeescobar.com.ar\/?p=18761","url":"https:\/\/nuevodigitaldeescobar.com.ar\/?p=18761","name":"Patentes: Buenos Aires vuelve a encabezar los aumentos y crece la brecha con otras provincias - Nuevo Digital de Escobar","isPartOf":{"@id":"https:\/\/nuevodigitaldeescobar.com.ar\/#website"},"primaryImageOfPage":{"@id":"https:\/\/nuevodigitaldeescobar.com.ar\/?p=18761#primaryimage"},"image":{"@id":"https:\/\/nuevodigitaldeescobar.com.ar\/?p=18761#primaryimage"},"thumbnailUrl":"https:\/\/nuevodigitaldeescobar.com.ar\/wp-content\/uploads\/2025\/11\/patentes22-e1762362058811.png","datePublished":"2025-11-05T17:02:21+00:00","dateModified":"2025-11-05T17:02:41+00:00","breadcrumb":{"@id":"https:\/\/nuevodigitaldeescobar.com.ar\/?p=18761#breadcrumb"},"inLanguage":"es","potentialAction":[{"@type":"ReadAction","target":["https:\/\/nuevodigitaldeescobar.com.ar\/?p=18761"]}]},{"@type":"ImageObject","inLanguage":"es","@id":"https:\/\/nuevodigitaldeescobar.com.ar\/?p=18761#primaryimage","url":"https:\/\/nuevodigitaldeescobar.com.ar\/wp-content\/uploads\/2025\/11\/patentes22-e1762362058811.png","contentUrl":"https:\/\/nuevodigitaldeescobar.com.ar\/wp-content\/uploads\/2025\/11\/patentes22-e1762362058811.png","width":960,"height":541},{"@type":"BreadcrumbList","@id":"https:\/\/nuevodigitaldeescobar.com.ar\/?p=18761#breadcrumb","itemListElement":[{"@type":"ListItem","position":1,"name":"Portada","item":"https:\/\/nuevodigitaldeescobar.com.ar\/"},{"@type":"ListItem","position":2,"name":"Patentes: Buenos Aires vuelve a encabezar los aumentos y crece la brecha con otras provincias"}]},{"@type":"WebSite","@id":"https:\/\/nuevodigitaldeescobar.com.ar\/#website","url":"https:\/\/nuevodigitaldeescobar.com.ar\/","name":"Nuevo Digital de Escobar","description":"La vida escobarense. Directora: Rosana Brunner","publisher":{"@id":"https:\/\/nuevodigitaldeescobar.com.ar\/#organization"},"potentialAction":[{"@type":"SearchAction","target":{"@type":"EntryPoint","urlTemplate":"https:\/\/nuevodigitaldeescobar.com.ar\/?s={search_term_string}"},"query-input":{"@type":"PropertyValueSpecification","valueRequired":true,"valueName":"search_term_string"}}],"inLanguage":"es"},{"@type":"Organization","@id":"https:\/\/nuevodigitaldeescobar.com.ar\/#organization","name":"Nuevo Digital de Escobar","url":"https:\/\/nuevodigitaldeescobar.com.ar\/","logo":{"@type":"ImageObject","inLanguage":"es","@id":"https:\/\/nuevodigitaldeescobar.com.ar\/#\/schema\/logo\/image\/","url":"https:\/\/nuevodigitaldeescobar.com.ar\/wp-content\/uploads\/2025\/05\/cropped-logo-nuevo2.jpg","contentUrl":"https:\/\/nuevodigitaldeescobar.com.ar\/wp-content\/uploads\/2025\/05\/cropped-logo-nuevo2.jpg","width":305,"height":305,"caption":"Nuevo Digital de Escobar"},"image":{"@id":"https:\/\/nuevodigitaldeescobar.com.ar\/#\/schema\/logo\/image\/"},"sameAs":["https:\/\/www.facebook.com\/NUEVODigitalDeEscobar","https:\/\/x.com\/nuevodigescobar","https:\/\/www.instagram.com\/nuevodigitaldeescobar"]},{"@type":"Person","@id":"https:\/\/nuevodigitaldeescobar.com.ar\/#\/schema\/person\/035e90a8efe9a80e6eec22656ad6ea4c","name":"Redacci\u00f3n","image":{"@type":"ImageObject","inLanguage":"es","@id":"https:\/\/nuevodigitaldeescobar.com.ar\/#\/schema\/person\/image\/","url":"https:\/\/secure.gravatar.com\/avatar\/8af8f40000c24e9eef3034f2be5998a372bb1389e64b1a4a36b3a7979142220d?s=96&d=mm&r=g","contentUrl":"https:\/\/secure.gravatar.com\/avatar\/8af8f40000c24e9eef3034f2be5998a372bb1389e64b1a4a36b3a7979142220d?s=96&d=mm&r=g","caption":"Redacci\u00f3n"},"sameAs":["http:\/\/nuevodigitaldeescobar.com.ar"],"url":"https:\/\/nuevodigitaldeescobar.com.ar\/?author=1"}]}},"featured_image_urls":{"full":["https:\/\/nuevodigitaldeescobar.com.ar\/wp-content\/uploads\/2025\/11\/patentes22-e1762362058811.png",960,541,false],"thumbnail":["https:\/\/nuevodigitaldeescobar.com.ar\/wp-content\/uploads\/2025\/11\/patentes22-150x150.png",150,150,true],"medium":["https:\/\/nuevodigitaldeescobar.com.ar\/wp-content\/uploads\/2025\/11\/patentes22-300x169.png",300,169,true],"medium_large":["https:\/\/nuevodigitaldeescobar.com.ar\/wp-content\/uploads\/2025\/11\/patentes22-768x433.png",640,361,true],"large":["https:\/\/nuevodigitaldeescobar.com.ar\/wp-content\/uploads\/2025\/11\/patentes22-1024x577.png",640,361,true],"1536x1536":["https:\/\/nuevodigitaldeescobar.com.ar\/wp-content\/uploads\/2025\/11\/patentes22-e1762362058811.png",960,541,false],"2048x2048":["https:\/\/nuevodigitaldeescobar.com.ar\/wp-content\/uploads\/2025\/11\/patentes22-e1762362058811.png",960,541,false]},"author_info":{"display_name":"Redacci\u00f3n","author_link":"https:\/\/nuevodigitaldeescobar.com.ar\/?author=1"},"category_info":"<a href=\"https:\/\/nuevodigitaldeescobar.com.ar\/?cat=10\" rel=\"category\">Econom\u00eda<\/a>","tag_info":"Econom\u00eda","comment_count":"1","_links":{"self":[{"href":"https:\/\/nuevodigitaldeescobar.com.ar\/index.php?rest_route=\/wp\/v2\/posts\/18761","targetHints":{"allow":["GET"]}}],"collection":[{"href":"https:\/\/nuevodigitaldeescobar.com.ar\/index.php?rest_route=\/wp\/v2\/posts"}],"about":[{"href":"https:\/\/nuevodigitaldeescobar.com.ar\/index.php?rest_route=\/wp\/v2\/types\/post"}],"author":[{"embeddable":true,"href":"https:\/\/nuevodigitaldeescobar.com.ar\/index.php?rest_route=\/wp\/v2\/users\/1"}],"replies":[{"embeddable":true,"href":"https:\/\/nuevodigitaldeescobar.com.ar\/index.php?rest_route=%2Fwp%2Fv2%2Fcomments&post=18761"}],"version-history":[{"count":1,"href":"https:\/\/nuevodigitaldeescobar.com.ar\/index.php?rest_route=\/wp\/v2\/posts\/18761\/revisions"}],"predecessor-version":[{"id":18763,"href":"https:\/\/nuevodigitaldeescobar.com.ar\/index.php?rest_route=\/wp\/v2\/posts\/18761\/revisions\/18763"}],"wp:featuredmedia":[{"embeddable":true,"href":"https:\/\/nuevodigitaldeescobar.com.ar\/index.php?rest_route=\/wp\/v2\/media\/18762"}],"wp:attachment":[{"href":"https:\/\/nuevodigitaldeescobar.com.ar\/index.php?rest_route=%2Fwp%2Fv2%2Fmedia&parent=18761"}],"wp:term":[{"taxonomy":"category","embeddable":true,"href":"https:\/\/nuevodigitaldeescobar.com.ar\/index.php?rest_route=%2Fwp%2Fv2%2Fcategories&post=18761"},{"taxonomy":"post_tag","embeddable":true,"href":"https:\/\/nuevodigitaldeescobar.com.ar\/index.php?rest_route=%2Fwp%2Fv2%2Ftags&post=18761"}],"curies":[{"name":"wp","href":"https:\/\/api.w.org\/{rel}","templated":true}]}}