{"id":18772,"date":"2025-11-06T11:50:25","date_gmt":"2025-11-06T14:50:25","guid":{"rendered":"https:\/\/nuevodigitaldeescobar.com.ar\/?p=18772"},"modified":"2025-11-06T11:50:38","modified_gmt":"2025-11-06T14:50:38","slug":"subastas-estatales-de-viviendas-del-ex-pro-cre-ar-como-participar-y-que-tener-en-cuenta","status":"publish","type":"post","link":"https:\/\/nuevodigitaldeescobar.com.ar\/?p=18772","title":{"rendered":"Subastas estatales de viviendas del ex Pro.Cre.Ar: c\u00f3mo participar y qu\u00e9 tener en cuenta"},"content":{"rendered":"\n<p class=\"has-vivid-cyan-blue-color has-text-color has-link-color wp-elements-cfd1972e01d68fb607a2126d939ae737\"><strong><em>El Gobierno nacional anunci\u00f3 la puesta en marcha de una serie de subastas p\u00fablicas electr\u00f3nicas para vender viviendas que estaban sin adjudicar en el programa Pro.Cre.Ar. Las unidades se ofrecen a trav\u00e9s de la plataforma oficial en l\u00ednea, lo que permite conocer con anticipaci\u00f3n las caracter\u00edsticas de cada inmueble y participar de forma remota.<\/em><\/strong><\/p>\n\n\n\n<!--more-->\n\n\n\n<h3 class=\"wp-block-heading has-text-color has-link-color wp-elements-2eb14418becd13bf9dc8e462a1387793\" style=\"color:#172fb8\">Qu\u00e9 viviendas se subastan<\/h3>\n\n\n\n<p>Las propiedades incluidas en las subastas son casas o departamentos finalizados que nunca llegaron a ser asignados. Est\u00e1n ubicados en desarrollos urban\u00edsticos planificados, dotados de servicios b\u00e1sicos, infraestructura comunitaria y espacios verdes. Estas unidades quedaron liberadas tras la disoluci\u00f3n del programa habitacional original.<\/p>\n\n\n\n<h3 class=\"wp-block-heading has-text-color has-link-color wp-elements-0c3fd8b03fb50d51bcdc713700bc4ec8\" style=\"color:#172fb8\">C\u00f3mo funciona el proceso en l\u00ednea<\/h3>\n\n\n\n<p>El mecanismo de venta se realiza mediante la plataforma digital oficial del Estado. All\u00ed se publica cada convocatoria con:<\/p>\n\n\n\n<ul class=\"wp-block-list\">\n<li>Fichas t\u00e9cnicas, fotos, planos y ubicaci\u00f3n del inmueble.<\/li>\n\n\n\n<li>Precio base fijado por el organismo correspondiente.<\/li>\n\n\n\n<li>Fecha, horario y pliego de condiciones.<\/li>\n<\/ul>\n\n\n\n<p>Los interesados deben inscribirse, cargar documentaci\u00f3n, abonar una garant\u00eda de participaci\u00f3n y ofertar en la subasta digital hasta que se adjudique al mejor postor.<\/p>\n\n\n\n<h3 class=\"wp-block-heading has-text-color has-link-color wp-elements-aae6b13990e123fbdf113b51c47a0f9a\" style=\"color:#172fb8\">Requisitos principales para participar<\/h3>\n\n\n\n<ol class=\"wp-block-list\">\n<li>Registrarse en la plataforma del Estado con domicilio legal y electr\u00f3nico en Argentina.<\/li>\n\n\n\n<li>Completar el formulario online con datos personales, fiscales y documentaci\u00f3n de identidad.<\/li>\n\n\n\n<li>Acreditar solvencia econ\u00f3mica, ingresos comprobables y estar al d\u00eda en obligaciones tributarias.<\/li>\n\n\n\n<li>Abonar la garant\u00eda de participaci\u00f3n que indique cada llamado a subasta.<\/li>\n\n\n\n<li>Presentar la oferta dentro del horario establecido durante el acto digital.<\/li>\n\n\n\n<li>En caso de resultar adjudicado, cumplir los plazos de pago y escrituraci\u00f3n establecidos en el pliego.<\/li>\n<\/ol>\n\n\n\n<h3 class=\"wp-block-heading has-text-color has-link-color wp-elements-91bc00d19e81d140971d84264865d2dc\" style=\"color:#172fb8\">Qui\u00e9nes pueden participar y qu\u00e9 condiciones tienen los adjudicatarios<\/h3>\n\n\n\n<p>La convocatoria est\u00e1 abierta a personas f\u00edsicas o jur\u00eddicas que cumplan los requisitos del pliego. No es obligatorio contar previamente con un cr\u00e9dito hipotecario aprobado para participar, aunque quien gane deber\u00e1 acreditar capacidad de pago para concretar la operaci\u00f3n. Una vez adjudicada la vivienda, el nuevo propietario enfrentar\u00e1 los gastos de escrituraci\u00f3n, impuestos y dem\u00e1s costos vinculados que est\u00e9n fijados en el pliego.<\/p>\n\n\n\n<h3 class=\"wp-block-heading has-text-color has-link-color wp-elements-8c4865b91a86d1586d6bf37334e2464a\" style=\"color:#172fb8\">Importante recordar<\/h3>\n\n\n\n<ul class=\"wp-block-list\">\n<li>Los cr\u00e9ditos vigentes del Pro.Cre.Ar <strong>no se ven afectados<\/strong>: quienes ya fueron adjudicatarios mantienen sus condiciones originales.<\/li>\n\n\n\n<li>Las viviendas subastadas solo corresponden a las que <strong>no ten\u00edan usuarios asignados<\/strong> o quedaron libres luego de la disoluci\u00f3n del programa original.<\/li>\n\n\n\n<li>Antes de ofertar, se recomienda revisar con atenci\u00f3n la documentaci\u00f3n del inmueble, su estado, entorno urbano y todos los gastos adicionales que conlleva la compra.<\/li>\n<\/ul>\n\n\n\n<p><\/p>\n","protected":false},"excerpt":{"rendered":"<p>El Gobierno nacional anunci\u00f3 la puesta en marcha de una serie de subastas p\u00fablicas electr\u00f3nicas para vender viviendas que estaban sin adjudicar en el programa [&hellip;]<\/p>\n","protected":false},"author":1,"featured_media":9542,"comment_status":"open","ping_status":"open","sticky":false,"template":"","format":"standard","meta":{"footnotes":""},"categories":[10],"tags":[],"class_list":["post-18772","post","type-post","status-publish","format-standard","has-post-thumbnail","hentry","category-economia"],"better_featured_image":{"id":9542,"alt_text":"","caption":"","description":"","media_type":"image","media_details":{"width":720,"height":540,"file":"2024\/11\/procrear-e1731543085206.jpg","filesize":56070,"sizes":{"medium":{"file":"procrear-300x225.jpg","width":300,"height":225,"mime-type":"image\/jpeg","filesize":11533,"source_url":"https:\/\/nuevodigitaldeescobar.com.ar\/wp-content\/uploads\/2024\/11\/procrear-300x225.jpg"},"thumbnail":{"file":"procrear-150x150.jpg","width":150,"height":150,"mime-type":"image\/jpeg","filesize":5097,"source_url":"https:\/\/nuevodigitaldeescobar.com.ar\/wp-content\/uploads\/2024\/11\/procrear-150x150.jpg"},"medium_large":{"file":"procrear-768x576.jpg","width":768,"height":576,"mime-type":"image\/jpeg","filesize":40252,"source_url":"https:\/\/nuevodigitaldeescobar.com.ar\/wp-content\/uploads\/2024\/11\/procrear-768x576.jpg"}},"image_meta":{"aperture":"0","credit":"","camera":"","caption":"","created_timestamp":"0","copyright":"","focal_length":"0","iso":"0","shutter_speed":"0","title":"","orientation":"0","keywords":[]}},"post":9539,"source_url":"https:\/\/nuevodigitaldeescobar.com.ar\/wp-content\/uploads\/2024\/11\/procrear-e1731543085206.jpg"},"yoast_head":"<!-- This site is optimized with the Yoast SEO plugin v26.1.1 - https:\/\/yoast.com\/wordpress\/plugins\/seo\/ -->\n<title>Subastas estatales de viviendas del ex Pro.Cre.Ar: c\u00f3mo participar y qu\u00e9 tener en cuenta - Nuevo Digital de Escobar<\/title>\n<meta name=\"robots\" content=\"index, follow, max-snippet:-1, max-image-preview:large, max-video-preview:-1\" \/>\n<link rel=\"canonical\" href=\"https:\/\/nuevodigitaldeescobar.com.ar\/?p=18772\" \/>\n<meta property=\"og:locale\" content=\"es_ES\" \/>\n<meta property=\"og:type\" content=\"article\" \/>\n<meta property=\"og:title\" content=\"Subastas estatales de viviendas del ex Pro.Cre.Ar: c\u00f3mo participar y qu\u00e9 tener en cuenta - Nuevo Digital de Escobar\" \/>\n<meta property=\"og:description\" content=\"El Gobierno nacional anunci\u00f3 la puesta en marcha de una serie de subastas p\u00fablicas electr\u00f3nicas para vender viviendas que estaban sin adjudicar en el programa [&hellip;]\" \/>\n<meta property=\"og:url\" content=\"https:\/\/nuevodigitaldeescobar.com.ar\/?p=18772\" \/>\n<meta property=\"og:site_name\" content=\"Nuevo Digital de Escobar\" \/>\n<meta property=\"article:publisher\" content=\"https:\/\/www.facebook.com\/NUEVODigitalDeEscobar\" \/>\n<meta property=\"article:published_time\" content=\"2025-11-06T14:50:25+00:00\" \/>\n<meta property=\"article:modified_time\" content=\"2025-11-06T14:50:38+00:00\" \/>\n<meta property=\"og:image\" content=\"http:\/\/nuevodigitaldeescobar.com.ar\/wp-content\/uploads\/2024\/11\/procrear-e1731543085206.jpg\" \/>\n\t<meta property=\"og:image:width\" content=\"720\" \/>\n\t<meta property=\"og:image:height\" content=\"540\" \/>\n\t<meta property=\"og:image:type\" content=\"image\/jpeg\" \/>\n<meta name=\"author\" content=\"Redacci\u00f3n\" \/>\n<meta name=\"twitter:card\" content=\"summary_large_image\" \/>\n<meta name=\"twitter:creator\" content=\"@nuevodigescobar\" \/>\n<meta name=\"twitter:site\" content=\"@nuevodigescobar\" \/>\n<meta name=\"twitter:label1\" content=\"Escrito por\" \/>\n\t<meta name=\"twitter:data1\" content=\"Redacci\u00f3n\" \/>\n\t<meta name=\"twitter:label2\" content=\"Tiempo de lectura\" \/>\n\t<meta name=\"twitter:data2\" content=\"2 minutos\" \/>\n<script type=\"application\/ld+json\" class=\"yoast-schema-graph\">{\"@context\":\"https:\/\/schema.org\",\"@graph\":[{\"@type\":\"Article\",\"@id\":\"https:\/\/nuevodigitaldeescobar.com.ar\/?p=18772#article\",\"isPartOf\":{\"@id\":\"https:\/\/nuevodigitaldeescobar.com.ar\/?p=18772\"},\"author\":{\"name\":\"Redacci\u00f3n\",\"@id\":\"https:\/\/nuevodigitaldeescobar.com.ar\/#\/schema\/person\/035e90a8efe9a80e6eec22656ad6ea4c\"},\"headline\":\"Subastas estatales de viviendas del ex Pro.Cre.Ar: c\u00f3mo participar y qu\u00e9 tener en cuenta\",\"datePublished\":\"2025-11-06T14:50:25+00:00\",\"dateModified\":\"2025-11-06T14:50:38+00:00\",\"mainEntityOfPage\":{\"@id\":\"https:\/\/nuevodigitaldeescobar.com.ar\/?p=18772\"},\"wordCount\":446,\"commentCount\":0,\"publisher\":{\"@id\":\"https:\/\/nuevodigitaldeescobar.com.ar\/#organization\"},\"image\":{\"@id\":\"https:\/\/nuevodigitaldeescobar.com.ar\/?p=18772#primaryimage\"},\"thumbnailUrl\":\"https:\/\/nuevodigitaldeescobar.com.ar\/wp-content\/uploads\/2024\/11\/procrear-e1731543085206.jpg\",\"articleSection\":[\"Econom\u00eda\"],\"inLanguage\":\"es\",\"potentialAction\":[{\"@type\":\"CommentAction\",\"name\":\"Comment\",\"target\":[\"https:\/\/nuevodigitaldeescobar.com.ar\/?p=18772#respond\"]}]},{\"@type\":\"WebPage\",\"@id\":\"https:\/\/nuevodigitaldeescobar.com.ar\/?p=18772\",\"url\":\"https:\/\/nuevodigitaldeescobar.com.ar\/?p=18772\",\"name\":\"Subastas estatales de viviendas del ex Pro.Cre.Ar: c\u00f3mo participar y qu\u00e9 tener en cuenta - Nuevo Digital de Escobar\",\"isPartOf\":{\"@id\":\"https:\/\/nuevodigitaldeescobar.com.ar\/#website\"},\"primaryImageOfPage\":{\"@id\":\"https:\/\/nuevodigitaldeescobar.com.ar\/?p=18772#primaryimage\"},\"image\":{\"@id\":\"https:\/\/nuevodigitaldeescobar.com.ar\/?p=18772#primaryimage\"},\"thumbnailUrl\":\"https:\/\/nuevodigitaldeescobar.com.ar\/wp-content\/uploads\/2024\/11\/procrear-e1731543085206.jpg\",\"datePublished\":\"2025-11-06T14:50:25+00:00\",\"dateModified\":\"2025-11-06T14:50:38+00:00\",\"breadcrumb\":{\"@id\":\"https:\/\/nuevodigitaldeescobar.com.ar\/?p=18772#breadcrumb\"},\"inLanguage\":\"es\",\"potentialAction\":[{\"@type\":\"ReadAction\",\"target\":[\"https:\/\/nuevodigitaldeescobar.com.ar\/?p=18772\"]}]},{\"@type\":\"ImageObject\",\"inLanguage\":\"es\",\"@id\":\"https:\/\/nuevodigitaldeescobar.com.ar\/?p=18772#primaryimage\",\"url\":\"https:\/\/nuevodigitaldeescobar.com.ar\/wp-content\/uploads\/2024\/11\/procrear-e1731543085206.jpg\",\"contentUrl\":\"https:\/\/nuevodigitaldeescobar.com.ar\/wp-content\/uploads\/2024\/11\/procrear-e1731543085206.jpg\",\"width\":720,\"height\":540},{\"@type\":\"BreadcrumbList\",\"@id\":\"https:\/\/nuevodigitaldeescobar.com.ar\/?p=18772#breadcrumb\",\"itemListElement\":[{\"@type\":\"ListItem\",\"position\":1,\"name\":\"Portada\",\"item\":\"https:\/\/nuevodigitaldeescobar.com.ar\/\"},{\"@type\":\"ListItem\",\"position\":2,\"name\":\"Subastas estatales de viviendas del ex Pro.Cre.Ar: c\u00f3mo participar y qu\u00e9 tener en cuenta\"}]},{\"@type\":\"WebSite\",\"@id\":\"https:\/\/nuevodigitaldeescobar.com.ar\/#website\",\"url\":\"https:\/\/nuevodigitaldeescobar.com.ar\/\",\"name\":\"Nuevo Digital de Escobar\",\"description\":\"La vida escobarense. Directora: Rosana Brunner\",\"publisher\":{\"@id\":\"https:\/\/nuevodigitaldeescobar.com.ar\/#organization\"},\"potentialAction\":[{\"@type\":\"SearchAction\",\"target\":{\"@type\":\"EntryPoint\",\"urlTemplate\":\"https:\/\/nuevodigitaldeescobar.com.ar\/?s={search_term_string}\"},\"query-input\":{\"@type\":\"PropertyValueSpecification\",\"valueRequired\":true,\"valueName\":\"search_term_string\"}}],\"inLanguage\":\"es\"},{\"@type\":\"Organization\",\"@id\":\"https:\/\/nuevodigitaldeescobar.com.ar\/#organization\",\"name\":\"Nuevo Digital de Escobar\",\"url\":\"https:\/\/nuevodigitaldeescobar.com.ar\/\",\"logo\":{\"@type\":\"ImageObject\",\"inLanguage\":\"es\",\"@id\":\"https:\/\/nuevodigitaldeescobar.com.ar\/#\/schema\/logo\/image\/\",\"url\":\"https:\/\/nuevodigitaldeescobar.com.ar\/wp-content\/uploads\/2025\/05\/cropped-logo-nuevo2.jpg\",\"contentUrl\":\"https:\/\/nuevodigitaldeescobar.com.ar\/wp-content\/uploads\/2025\/05\/cropped-logo-nuevo2.jpg\",\"width\":305,\"height\":305,\"caption\":\"Nuevo Digital de Escobar\"},\"image\":{\"@id\":\"https:\/\/nuevodigitaldeescobar.com.ar\/#\/schema\/logo\/image\/\"},\"sameAs\":[\"https:\/\/www.facebook.com\/NUEVODigitalDeEscobar\",\"https:\/\/x.com\/nuevodigescobar\",\"https:\/\/www.instagram.com\/nuevodigitaldeescobar\"]},{\"@type\":\"Person\",\"@id\":\"https:\/\/nuevodigitaldeescobar.com.ar\/#\/schema\/person\/035e90a8efe9a80e6eec22656ad6ea4c\",\"name\":\"Redacci\u00f3n\",\"image\":{\"@type\":\"ImageObject\",\"inLanguage\":\"es\",\"@id\":\"https:\/\/nuevodigitaldeescobar.com.ar\/#\/schema\/person\/image\/\",\"url\":\"https:\/\/secure.gravatar.com\/avatar\/8af8f40000c24e9eef3034f2be5998a372bb1389e64b1a4a36b3a7979142220d?s=96&d=mm&r=g\",\"contentUrl\":\"https:\/\/secure.gravatar.com\/avatar\/8af8f40000c24e9eef3034f2be5998a372bb1389e64b1a4a36b3a7979142220d?s=96&d=mm&r=g\",\"caption\":\"Redacci\u00f3n\"},\"sameAs\":[\"http:\/\/nuevodigitaldeescobar.com.ar\"],\"url\":\"https:\/\/nuevodigitaldeescobar.com.ar\/?author=1\"}]}<\/script>\n<!-- \/ Yoast SEO plugin. -->","yoast_head_json":{"title":"Subastas estatales de viviendas del ex Pro.Cre.Ar: c\u00f3mo participar y qu\u00e9 tener en cuenta - Nuevo Digital de Escobar","robots":{"index":"index","follow":"follow","max-snippet":"max-snippet:-1","max-image-preview":"max-image-preview:large","max-video-preview":"max-video-preview:-1"},"canonical":"https:\/\/nuevodigitaldeescobar.com.ar\/?p=18772","og_locale":"es_ES","og_type":"article","og_title":"Subastas estatales de viviendas del ex Pro.Cre.Ar: c\u00f3mo participar y qu\u00e9 tener en cuenta - Nuevo Digital de Escobar","og_description":"El Gobierno nacional anunci\u00f3 la puesta en marcha de una serie de subastas p\u00fablicas electr\u00f3nicas para vender viviendas que estaban sin adjudicar en el programa [&hellip;]","og_url":"https:\/\/nuevodigitaldeescobar.com.ar\/?p=18772","og_site_name":"Nuevo Digital de Escobar","article_publisher":"https:\/\/www.facebook.com\/NUEVODigitalDeEscobar","article_published_time":"2025-11-06T14:50:25+00:00","article_modified_time":"2025-11-06T14:50:38+00:00","og_image":[{"width":720,"height":540,"url":"http:\/\/nuevodigitaldeescobar.com.ar\/wp-content\/uploads\/2024\/11\/procrear-e1731543085206.jpg","type":"image\/jpeg"}],"author":"Redacci\u00f3n","twitter_card":"summary_large_image","twitter_creator":"@nuevodigescobar","twitter_site":"@nuevodigescobar","twitter_misc":{"Escrito por":"Redacci\u00f3n","Tiempo de lectura":"2 minutos"},"schema":{"@context":"https:\/\/schema.org","@graph":[{"@type":"Article","@id":"https:\/\/nuevodigitaldeescobar.com.ar\/?p=18772#article","isPartOf":{"@id":"https:\/\/nuevodigitaldeescobar.com.ar\/?p=18772"},"author":{"name":"Redacci\u00f3n","@id":"https:\/\/nuevodigitaldeescobar.com.ar\/#\/schema\/person\/035e90a8efe9a80e6eec22656ad6ea4c"},"headline":"Subastas estatales de viviendas del ex Pro.Cre.Ar: c\u00f3mo participar y qu\u00e9 tener en cuenta","datePublished":"2025-11-06T14:50:25+00:00","dateModified":"2025-11-06T14:50:38+00:00","mainEntityOfPage":{"@id":"https:\/\/nuevodigitaldeescobar.com.ar\/?p=18772"},"wordCount":446,"commentCount":0,"publisher":{"@id":"https:\/\/nuevodigitaldeescobar.com.ar\/#organization"},"image":{"@id":"https:\/\/nuevodigitaldeescobar.com.ar\/?p=18772#primaryimage"},"thumbnailUrl":"https:\/\/nuevodigitaldeescobar.com.ar\/wp-content\/uploads\/2024\/11\/procrear-e1731543085206.jpg","articleSection":["Econom\u00eda"],"inLanguage":"es","potentialAction":[{"@type":"CommentAction","name":"Comment","target":["https:\/\/nuevodigitaldeescobar.com.ar\/?p=18772#respond"]}]},{"@type":"WebPage","@id":"https:\/\/nuevodigitaldeescobar.com.ar\/?p=18772","url":"https:\/\/nuevodigitaldeescobar.com.ar\/?p=18772","name":"Subastas estatales de viviendas del ex Pro.Cre.Ar: c\u00f3mo participar y qu\u00e9 tener en cuenta - Nuevo Digital de Escobar","isPartOf":{"@id":"https:\/\/nuevodigitaldeescobar.com.ar\/#website"},"primaryImageOfPage":{"@id":"https:\/\/nuevodigitaldeescobar.com.ar\/?p=18772#primaryimage"},"image":{"@id":"https:\/\/nuevodigitaldeescobar.com.ar\/?p=18772#primaryimage"},"thumbnailUrl":"https:\/\/nuevodigitaldeescobar.com.ar\/wp-content\/uploads\/2024\/11\/procrear-e1731543085206.jpg","datePublished":"2025-11-06T14:50:25+00:00","dateModified":"2025-11-06T14:50:38+00:00","breadcrumb":{"@id":"https:\/\/nuevodigitaldeescobar.com.ar\/?p=18772#breadcrumb"},"inLanguage":"es","potentialAction":[{"@type":"ReadAction","target":["https:\/\/nuevodigitaldeescobar.com.ar\/?p=18772"]}]},{"@type":"ImageObject","inLanguage":"es","@id":"https:\/\/nuevodigitaldeescobar.com.ar\/?p=18772#primaryimage","url":"https:\/\/nuevodigitaldeescobar.com.ar\/wp-content\/uploads\/2024\/11\/procrear-e1731543085206.jpg","contentUrl":"https:\/\/nuevodigitaldeescobar.com.ar\/wp-content\/uploads\/2024\/11\/procrear-e1731543085206.jpg","width":720,"height":540},{"@type":"BreadcrumbList","@id":"https:\/\/nuevodigitaldeescobar.com.ar\/?p=18772#breadcrumb","itemListElement":[{"@type":"ListItem","position":1,"name":"Portada","item":"https:\/\/nuevodigitaldeescobar.com.ar\/"},{"@type":"ListItem","position":2,"name":"Subastas estatales de viviendas del ex Pro.Cre.Ar: c\u00f3mo participar y qu\u00e9 tener en cuenta"}]},{"@type":"WebSite","@id":"https:\/\/nuevodigitaldeescobar.com.ar\/#website","url":"https:\/\/nuevodigitaldeescobar.com.ar\/","name":"Nuevo Digital de Escobar","description":"La vida escobarense. Directora: Rosana Brunner","publisher":{"@id":"https:\/\/nuevodigitaldeescobar.com.ar\/#organization"},"potentialAction":[{"@type":"SearchAction","target":{"@type":"EntryPoint","urlTemplate":"https:\/\/nuevodigitaldeescobar.com.ar\/?s={search_term_string}"},"query-input":{"@type":"PropertyValueSpecification","valueRequired":true,"valueName":"search_term_string"}}],"inLanguage":"es"},{"@type":"Organization","@id":"https:\/\/nuevodigitaldeescobar.com.ar\/#organization","name":"Nuevo Digital de Escobar","url":"https:\/\/nuevodigitaldeescobar.com.ar\/","logo":{"@type":"ImageObject","inLanguage":"es","@id":"https:\/\/nuevodigitaldeescobar.com.ar\/#\/schema\/logo\/image\/","url":"https:\/\/nuevodigitaldeescobar.com.ar\/wp-content\/uploads\/2025\/05\/cropped-logo-nuevo2.jpg","contentUrl":"https:\/\/nuevodigitaldeescobar.com.ar\/wp-content\/uploads\/2025\/05\/cropped-logo-nuevo2.jpg","width":305,"height":305,"caption":"Nuevo Digital de Escobar"},"image":{"@id":"https:\/\/nuevodigitaldeescobar.com.ar\/#\/schema\/logo\/image\/"},"sameAs":["https:\/\/www.facebook.com\/NUEVODigitalDeEscobar","https:\/\/x.com\/nuevodigescobar","https:\/\/www.instagram.com\/nuevodigitaldeescobar"]},{"@type":"Person","@id":"https:\/\/nuevodigitaldeescobar.com.ar\/#\/schema\/person\/035e90a8efe9a80e6eec22656ad6ea4c","name":"Redacci\u00f3n","image":{"@type":"ImageObject","inLanguage":"es","@id":"https:\/\/nuevodigitaldeescobar.com.ar\/#\/schema\/person\/image\/","url":"https:\/\/secure.gravatar.com\/avatar\/8af8f40000c24e9eef3034f2be5998a372bb1389e64b1a4a36b3a7979142220d?s=96&d=mm&r=g","contentUrl":"https:\/\/secure.gravatar.com\/avatar\/8af8f40000c24e9eef3034f2be5998a372bb1389e64b1a4a36b3a7979142220d?s=96&d=mm&r=g","caption":"Redacci\u00f3n"},"sameAs":["http:\/\/nuevodigitaldeescobar.com.ar"],"url":"https:\/\/nuevodigitaldeescobar.com.ar\/?author=1"}]}},"featured_image_urls":{"full":["https:\/\/nuevodigitaldeescobar.com.ar\/wp-content\/uploads\/2024\/11\/procrear-e1731543085206.jpg",720,540,false],"thumbnail":["https:\/\/nuevodigitaldeescobar.com.ar\/wp-content\/uploads\/2024\/11\/procrear-150x150.jpg",150,150,true],"medium":["https:\/\/nuevodigitaldeescobar.com.ar\/wp-content\/uploads\/2024\/11\/procrear-300x225.jpg",300,225,true],"medium_large":["https:\/\/nuevodigitaldeescobar.com.ar\/wp-content\/uploads\/2024\/11\/procrear-768x576.jpg",640,480,true],"large":["https:\/\/nuevodigitaldeescobar.com.ar\/wp-content\/uploads\/2024\/11\/procrear-e1731543085206.jpg",640,480,false],"1536x1536":["https:\/\/nuevodigitaldeescobar.com.ar\/wp-content\/uploads\/2024\/11\/procrear-e1731543085206.jpg",720,540,false],"2048x2048":["https:\/\/nuevodigitaldeescobar.com.ar\/wp-content\/uploads\/2024\/11\/procrear-e1731543085206.jpg",720,540,false]},"author_info":{"display_name":"Redacci\u00f3n","author_link":"https:\/\/nuevodigitaldeescobar.com.ar\/?author=1"},"category_info":"<a href=\"https:\/\/nuevodigitaldeescobar.com.ar\/?cat=10\" rel=\"category\">Econom\u00eda<\/a>","tag_info":"Econom\u00eda","comment_count":"0","_links":{"self":[{"href":"https:\/\/nuevodigitaldeescobar.com.ar\/index.php?rest_route=\/wp\/v2\/posts\/18772","targetHints":{"allow":["GET"]}}],"collection":[{"href":"https:\/\/nuevodigitaldeescobar.com.ar\/index.php?rest_route=\/wp\/v2\/posts"}],"about":[{"href":"https:\/\/nuevodigitaldeescobar.com.ar\/index.php?rest_route=\/wp\/v2\/types\/post"}],"author":[{"embeddable":true,"href":"https:\/\/nuevodigitaldeescobar.com.ar\/index.php?rest_route=\/wp\/v2\/users\/1"}],"replies":[{"embeddable":true,"href":"https:\/\/nuevodigitaldeescobar.com.ar\/index.php?rest_route=%2Fwp%2Fv2%2Fcomments&post=18772"}],"version-history":[{"count":1,"href":"https:\/\/nuevodigitaldeescobar.com.ar\/index.php?rest_route=\/wp\/v2\/posts\/18772\/revisions"}],"predecessor-version":[{"id":18773,"href":"https:\/\/nuevodigitaldeescobar.com.ar\/index.php?rest_route=\/wp\/v2\/posts\/18772\/revisions\/18773"}],"wp:featuredmedia":[{"embeddable":true,"href":"https:\/\/nuevodigitaldeescobar.com.ar\/index.php?rest_route=\/wp\/v2\/media\/9542"}],"wp:attachment":[{"href":"https:\/\/nuevodigitaldeescobar.com.ar\/index.php?rest_route=%2Fwp%2Fv2%2Fmedia&parent=18772"}],"wp:term":[{"taxonomy":"category","embeddable":true,"href":"https:\/\/nuevodigitaldeescobar.com.ar\/index.php?rest_route=%2Fwp%2Fv2%2Fcategories&post=18772"},{"taxonomy":"post_tag","embeddable":true,"href":"https:\/\/nuevodigitaldeescobar.com.ar\/index.php?rest_route=%2Fwp%2Fv2%2Ftags&post=18772"}],"curies":[{"name":"wp","href":"https:\/\/api.w.org\/{rel}","templated":true}]}}