{"id":18774,"date":"2025-11-06T11:55:39","date_gmt":"2025-11-06T14:55:39","guid":{"rendered":"https:\/\/nuevodigitaldeescobar.com.ar\/?p=18774"},"modified":"2025-11-06T11:55:44","modified_gmt":"2025-11-06T14:55:44","slug":"comenzo-el-juicio-por-los-cuadernos-de-las-coimas-el-mayor-proceso-por-corrupcion-en-la-historia-argentina","status":"publish","type":"post","link":"https:\/\/nuevodigitaldeescobar.com.ar\/?p=18774","title":{"rendered":"Comenz\u00f3 el juicio por los \u201cCuadernos de las Coimas\u201d: el mayor proceso por corrupci\u00f3n en la historia argentina"},"content":{"rendered":"\n<p class=\"has-vivid-cyan-blue-color has-text-color has-link-color wp-elements-8bd42dc4e3136bef67157e1315d66092\"><strong><em>El Tribunal Oral Federal N\u00b07 dio inicio este jueves al juicio oral por la causa conocida como los \u201cCuadernos de las Coimas\u201d, considerada el caso de corrupci\u00f3n m\u00e1s grande de la historia argentina. Son 87 los imputados, entre ellos Cristina Fern\u00e1ndez de Kirchner, Julio De Vido, Roberto Baratta y una larga lista de empresarios de primer nivel, acusados de haber integrado una red de coimas y sobornos vinculados a la obra p\u00fablica durante los a\u00f1os 2003 a 2015.<\/em><\/strong><\/p>\n\n\n\n<!--more-->\n\n\n\n<h3 class=\"wp-block-heading has-text-color has-link-color wp-elements-b9486453511b008bfb9c2688de856f59\" style=\"color:#1f21c4\">Los protagonistas del expediente<\/h3>\n\n\n\n<p>Del lado pol\u00edtico, el expediente involucra a figuras centrales de los gobiernos kirchneristas, como la expresidenta <strong>Cristina Fern\u00e1ndez de Kirchner<\/strong>, los exministros <strong>Julio De Vido<\/strong> y <strong>Ricardo Jaime<\/strong>, el exfuncionario <strong>Juan Pablo Schiavi<\/strong>, el financista <strong>Ernesto Clarens<\/strong> y el chofer <strong>Oscar Centeno<\/strong>, quien registr\u00f3 durante a\u00f1os los supuestos traslados de dinero en sus famosos cuadernos.<\/p>\n\n\n\n<p>Tambi\u00e9n est\u00e1n imputados <strong>Jos\u00e9 L\u00f3pez<\/strong>, <strong>Claudio Uberti<\/strong>, <strong>Rudy Ulloa<\/strong>, <strong>Jos\u00e9 Olazagasti<\/strong>, <strong>Nelson Lazarte<\/strong> y otros exfuncionarios.<\/p>\n\n\n\n<p>Del lado empresarial, el proceso incluye a <strong>Aldo Benito Roggio<\/strong>, <strong>\u00c1ngelo Calcaterra<\/strong> (primo de Mauricio Macri), <strong>Armando Loson<\/strong>, <strong>Enrique Menotti Pescarmona<\/strong>, <strong>Carlos Wagner<\/strong> (expresidente de la C\u00e1mara Argentina de la Construcci\u00f3n) y <strong>Juan Carlos de Goycoechea<\/strong>, entre otros.<\/p>\n\n\n\n<p>Muchos de ellos admitieron haber entregado dinero en efectivo a cambio de contratos o beneficios en licitaciones de obra p\u00fablica, en tanto que otros negaron haber participado de cualquier maniobra il\u00edcita.<\/p>\n\n\n\n<h3 class=\"wp-block-heading has-text-color has-link-color wp-elements-80ff8c7ca113ebf7a50363b2a9df75e2\" style=\"color:#1f21c4\">Un juicio sin precedentes<\/h3>\n\n\n\n<p>El proceso abarca <strong>cuatro expedientes principales<\/strong>, incluido el caso central N\u00b09608\/2018 y otras tres causas conexas que investigan la cartelizaci\u00f3n de la obra p\u00fablica.<br>En total, <strong>87 acusados, 626 testigos<\/strong> y m\u00e1s de <strong>400 cuerpos de expediente<\/strong> conforman un volumen judicial in\u00e9dito.<\/p>\n\n\n\n<p>El Tribunal est\u00e1 integrado por los jueces <strong>Enrique M\u00e9ndez Signori, Fernando Canero y Germ\u00e1n Castelli<\/strong>, con <strong>N\u00e9stor Costabel<\/strong> como suplente.<br>La acusaci\u00f3n corre por cuenta de la fiscal <strong>Fabiana Le\u00f3n<\/strong>, acompa\u00f1ada por el fiscal coadyuvante <strong>Nicol\u00e1s Codromaz<\/strong>, mientras que el fiscal <strong>Paul Starc<\/strong> representa a la <strong>Unidad de Informaci\u00f3n Financiera (UIF)<\/strong> como querellante.<\/p>\n\n\n\n<p>Debido a la magnitud del proceso, las audiencias se realizan <strong>por videoconferencia<\/strong>, con transmisi\u00f3n p\u00fablica a trav\u00e9s del <strong>canal de YouTube de la Corte Suprema<\/strong> durante el primer mes de lectura de las acusaciones. Luego, continuar\u00e1n las indagatorias sin transmisi\u00f3n abierta.<\/p>\n\n\n\n<h3 class=\"wp-block-heading has-text-color has-link-color wp-elements-82ed98afc9f285f3de7c19029097b8e8\" style=\"color:#1f21c4\">Los delitos y las penas posibles<\/h3>\n\n\n\n<p>Las imputaciones var\u00edan seg\u00fan el rol de cada acusado:<\/p>\n\n\n\n<ul class=\"wp-block-list\">\n<li><strong>Asociaci\u00f3n il\u00edcita<\/strong>,<\/li>\n\n\n\n<li><strong>Cohecho pasivo y activo<\/strong>,<\/li>\n\n\n\n<li><strong>Admisi\u00f3n de d\u00e1divas<\/strong>,<\/li>\n\n\n\n<li>y <strong>lavado de activos<\/strong> en causas derivadas.<\/li>\n<\/ul>\n\n\n\n<p>Por ejemplo, la vicepresidenta <strong>Cristina Fern\u00e1ndez de Kirchner<\/strong> enfrenta cargos como jefa de una asociaci\u00f3n il\u00edcita y coautora de m\u00e1s de 200 hechos de cohecho.<br>El exministro <strong>Julio De Vido<\/strong> est\u00e1 acusado como organizador de la estructura delictiva y coautor de casi 190 hechos de soborno.<br><strong>Roberto Baratta<\/strong>, su exmano derecha, enfrenta m\u00faltiples acusaciones por coimas y d\u00e1divas, mientras que <strong>Oscar Centeno<\/strong>, el chofer que registr\u00f3 los hechos, ser\u00e1 juzgado por no haber denunciado los delitos que presenci\u00f3.<\/p>\n\n\n\n<p>En el \u00e1mbito empresario, <strong>\u00c1ngelo Calcaterra<\/strong> fue imputado por 16 hechos de cohecho activo, <strong>Aldo Roggio<\/strong> por 15, <strong>Pescarmona<\/strong> por 13 y <strong>Loson<\/strong> por 10.<br>Al menos <strong>20 de los acusados<\/strong> fueron aceptados como <strong>\u201carrepentidos\u201d<\/strong>, en el marco de la Ley 27.304, que otorga reducciones de pena a quienes aporten informaci\u00f3n comprobable.<\/p>\n\n\n\n<p>Las penas pueden llegar a los <strong>10 a\u00f1os de prisi\u00f3n<\/strong> para los jefes u organizadores de la asociaci\u00f3n il\u00edcita, mientras que los empresarios podr\u00edan enfrentar de <strong>uno a seis a\u00f1os<\/strong> por cohecho activo.<\/p>\n\n\n\n<h3 class=\"wp-block-heading has-text-color has-link-color wp-elements-ac26b9b53998dd83589ea86118c5c33e\" style=\"color:#1f21c4\">Qu\u00e9 se espera del proceso<\/h3>\n\n\n\n<p>Durante las primeras semanas se dar\u00e1 lectura a las acusaciones formales. Luego comenzar\u00e1n las declaraciones de los imputados y, m\u00e1s adelante, el testimonio de los cientos de testigos propuestos, entre ellos <strong>Hilda Horovitz<\/strong> (exesposa de Centeno) y <strong>Miriam Quiroga<\/strong> (exempleada presidencial).<\/p>\n\n\n\n<p>El juicio podr\u00eda extenderse durante varios a\u00f1os, dada la cantidad de acusados y la complejidad de los delitos investigados.<\/p>\n\n\n\n<p><\/p>\n","protected":false},"excerpt":{"rendered":"<p>El Tribunal Oral Federal N\u00b07 dio inicio este jueves al juicio oral por la causa conocida como los \u201cCuadernos de las Coimas\u201d, considerada el caso [&hellip;]<\/p>\n","protected":false},"author":1,"featured_media":18775,"comment_status":"open","ping_status":"open","sticky":false,"template":"","format":"standard","meta":{"footnotes":""},"categories":[235],"tags":[],"class_list":["post-18774","post","type-post","status-publish","format-standard","has-post-thumbnail","hentry","category-judiciales"],"better_featured_image":{"id":18775,"alt_text":"","caption":"","description":"","media_type":"image","media_details":{"width":753,"height":418,"file":"2025\/11\/cfkcuadernos65.png","filesize":674085,"sizes":{"medium":{"file":"cfkcuadernos65-300x167.png","width":300,"height":167,"mime-type":"image\/png","filesize":47542,"source_url":"https:\/\/nuevodigitaldeescobar.com.ar\/wp-content\/uploads\/2025\/11\/cfkcuadernos65-300x167.png"},"thumbnail":{"file":"cfkcuadernos65-150x150.png","width":150,"height":150,"mime-type":"image\/png","filesize":22751,"source_url":"https:\/\/nuevodigitaldeescobar.com.ar\/wp-content\/uploads\/2025\/11\/cfkcuadernos65-150x150.png"}},"image_meta":{"aperture":"0","credit":"","camera":"","caption":"","created_timestamp":"0","copyright":"","focal_length":"0","iso":"0","shutter_speed":"0","title":"","orientation":"0","keywords":[]}},"post":18774,"source_url":"https:\/\/nuevodigitaldeescobar.com.ar\/wp-content\/uploads\/2025\/11\/cfkcuadernos65.png"},"yoast_head":"<!-- This site is optimized with the Yoast SEO plugin v26.1.1 - https:\/\/yoast.com\/wordpress\/plugins\/seo\/ -->\n<title>Comenz\u00f3 el juicio por los \u201cCuadernos de las Coimas\u201d: el mayor proceso por corrupci\u00f3n en la historia argentina - Nuevo Digital de Escobar<\/title>\n<meta name=\"robots\" content=\"index, follow, max-snippet:-1, max-image-preview:large, max-video-preview:-1\" \/>\n<link rel=\"canonical\" href=\"https:\/\/nuevodigitaldeescobar.com.ar\/?p=18774\" \/>\n<meta property=\"og:locale\" content=\"es_ES\" \/>\n<meta property=\"og:type\" content=\"article\" \/>\n<meta property=\"og:title\" content=\"Comenz\u00f3 el juicio por los \u201cCuadernos de las Coimas\u201d: el mayor proceso por corrupci\u00f3n en la historia argentina - Nuevo Digital de Escobar\" \/>\n<meta property=\"og:description\" content=\"El Tribunal Oral Federal N\u00b07 dio inicio este jueves al juicio oral por la causa conocida como los \u201cCuadernos de las Coimas\u201d, considerada el caso [&hellip;]\" \/>\n<meta property=\"og:url\" content=\"https:\/\/nuevodigitaldeescobar.com.ar\/?p=18774\" \/>\n<meta property=\"og:site_name\" content=\"Nuevo Digital de Escobar\" \/>\n<meta property=\"article:publisher\" content=\"https:\/\/www.facebook.com\/NUEVODigitalDeEscobar\" \/>\n<meta property=\"article:published_time\" content=\"2025-11-06T14:55:39+00:00\" \/>\n<meta property=\"article:modified_time\" content=\"2025-11-06T14:55:44+00:00\" \/>\n<meta property=\"og:image\" content=\"http:\/\/nuevodigitaldeescobar.com.ar\/wp-content\/uploads\/2025\/11\/cfkcuadernos65.png\" \/>\n\t<meta property=\"og:image:width\" content=\"753\" \/>\n\t<meta property=\"og:image:height\" content=\"418\" \/>\n\t<meta property=\"og:image:type\" content=\"image\/png\" \/>\n<meta name=\"author\" content=\"Redacci\u00f3n\" \/>\n<meta name=\"twitter:card\" content=\"summary_large_image\" \/>\n<meta name=\"twitter:creator\" content=\"@nuevodigescobar\" \/>\n<meta name=\"twitter:site\" content=\"@nuevodigescobar\" \/>\n<meta name=\"twitter:label1\" content=\"Escrito por\" \/>\n\t<meta name=\"twitter:data1\" content=\"Redacci\u00f3n\" \/>\n\t<meta name=\"twitter:label2\" content=\"Tiempo de lectura\" \/>\n\t<meta name=\"twitter:data2\" content=\"4 minutos\" \/>\n<script type=\"application\/ld+json\" class=\"yoast-schema-graph\">{\"@context\":\"https:\/\/schema.org\",\"@graph\":[{\"@type\":\"Article\",\"@id\":\"https:\/\/nuevodigitaldeescobar.com.ar\/?p=18774#article\",\"isPartOf\":{\"@id\":\"https:\/\/nuevodigitaldeescobar.com.ar\/?p=18774\"},\"author\":{\"name\":\"Redacci\u00f3n\",\"@id\":\"https:\/\/nuevodigitaldeescobar.com.ar\/#\/schema\/person\/035e90a8efe9a80e6eec22656ad6ea4c\"},\"headline\":\"Comenz\u00f3 el juicio por los \u201cCuadernos de las Coimas\u201d: el mayor proceso por corrupci\u00f3n en la historia argentina\",\"datePublished\":\"2025-11-06T14:55:39+00:00\",\"dateModified\":\"2025-11-06T14:55:44+00:00\",\"mainEntityOfPage\":{\"@id\":\"https:\/\/nuevodigitaldeescobar.com.ar\/?p=18774\"},\"wordCount\":680,\"commentCount\":0,\"publisher\":{\"@id\":\"https:\/\/nuevodigitaldeescobar.com.ar\/#organization\"},\"image\":{\"@id\":\"https:\/\/nuevodigitaldeescobar.com.ar\/?p=18774#primaryimage\"},\"thumbnailUrl\":\"https:\/\/nuevodigitaldeescobar.com.ar\/wp-content\/uploads\/2025\/11\/cfkcuadernos65.png\",\"articleSection\":[\"Judiciales\"],\"inLanguage\":\"es\",\"potentialAction\":[{\"@type\":\"CommentAction\",\"name\":\"Comment\",\"target\":[\"https:\/\/nuevodigitaldeescobar.com.ar\/?p=18774#respond\"]}]},{\"@type\":\"WebPage\",\"@id\":\"https:\/\/nuevodigitaldeescobar.com.ar\/?p=18774\",\"url\":\"https:\/\/nuevodigitaldeescobar.com.ar\/?p=18774\",\"name\":\"Comenz\u00f3 el juicio por los \u201cCuadernos de las Coimas\u201d: el mayor proceso por corrupci\u00f3n en la historia argentina - Nuevo Digital de Escobar\",\"isPartOf\":{\"@id\":\"https:\/\/nuevodigitaldeescobar.com.ar\/#website\"},\"primaryImageOfPage\":{\"@id\":\"https:\/\/nuevodigitaldeescobar.com.ar\/?p=18774#primaryimage\"},\"image\":{\"@id\":\"https:\/\/nuevodigitaldeescobar.com.ar\/?p=18774#primaryimage\"},\"thumbnailUrl\":\"https:\/\/nuevodigitaldeescobar.com.ar\/wp-content\/uploads\/2025\/11\/cfkcuadernos65.png\",\"datePublished\":\"2025-11-06T14:55:39+00:00\",\"dateModified\":\"2025-11-06T14:55:44+00:00\",\"breadcrumb\":{\"@id\":\"https:\/\/nuevodigitaldeescobar.com.ar\/?p=18774#breadcrumb\"},\"inLanguage\":\"es\",\"potentialAction\":[{\"@type\":\"ReadAction\",\"target\":[\"https:\/\/nuevodigitaldeescobar.com.ar\/?p=18774\"]}]},{\"@type\":\"ImageObject\",\"inLanguage\":\"es\",\"@id\":\"https:\/\/nuevodigitaldeescobar.com.ar\/?p=18774#primaryimage\",\"url\":\"https:\/\/nuevodigitaldeescobar.com.ar\/wp-content\/uploads\/2025\/11\/cfkcuadernos65.png\",\"contentUrl\":\"https:\/\/nuevodigitaldeescobar.com.ar\/wp-content\/uploads\/2025\/11\/cfkcuadernos65.png\",\"width\":753,\"height\":418},{\"@type\":\"BreadcrumbList\",\"@id\":\"https:\/\/nuevodigitaldeescobar.com.ar\/?p=18774#breadcrumb\",\"itemListElement\":[{\"@type\":\"ListItem\",\"position\":1,\"name\":\"Portada\",\"item\":\"https:\/\/nuevodigitaldeescobar.com.ar\/\"},{\"@type\":\"ListItem\",\"position\":2,\"name\":\"Comenz\u00f3 el juicio por los \u201cCuadernos de las Coimas\u201d: el mayor proceso por corrupci\u00f3n en la historia argentina\"}]},{\"@type\":\"WebSite\",\"@id\":\"https:\/\/nuevodigitaldeescobar.com.ar\/#website\",\"url\":\"https:\/\/nuevodigitaldeescobar.com.ar\/\",\"name\":\"Nuevo Digital de Escobar\",\"description\":\"La vida escobarense. Directora: Rosana Brunner\",\"publisher\":{\"@id\":\"https:\/\/nuevodigitaldeescobar.com.ar\/#organization\"},\"potentialAction\":[{\"@type\":\"SearchAction\",\"target\":{\"@type\":\"EntryPoint\",\"urlTemplate\":\"https:\/\/nuevodigitaldeescobar.com.ar\/?s={search_term_string}\"},\"query-input\":{\"@type\":\"PropertyValueSpecification\",\"valueRequired\":true,\"valueName\":\"search_term_string\"}}],\"inLanguage\":\"es\"},{\"@type\":\"Organization\",\"@id\":\"https:\/\/nuevodigitaldeescobar.com.ar\/#organization\",\"name\":\"Nuevo Digital de Escobar\",\"url\":\"https:\/\/nuevodigitaldeescobar.com.ar\/\",\"logo\":{\"@type\":\"ImageObject\",\"inLanguage\":\"es\",\"@id\":\"https:\/\/nuevodigitaldeescobar.com.ar\/#\/schema\/logo\/image\/\",\"url\":\"https:\/\/nuevodigitaldeescobar.com.ar\/wp-content\/uploads\/2025\/05\/cropped-logo-nuevo2.jpg\",\"contentUrl\":\"https:\/\/nuevodigitaldeescobar.com.ar\/wp-content\/uploads\/2025\/05\/cropped-logo-nuevo2.jpg\",\"width\":305,\"height\":305,\"caption\":\"Nuevo Digital de Escobar\"},\"image\":{\"@id\":\"https:\/\/nuevodigitaldeescobar.com.ar\/#\/schema\/logo\/image\/\"},\"sameAs\":[\"https:\/\/www.facebook.com\/NUEVODigitalDeEscobar\",\"https:\/\/x.com\/nuevodigescobar\",\"https:\/\/www.instagram.com\/nuevodigitaldeescobar\"]},{\"@type\":\"Person\",\"@id\":\"https:\/\/nuevodigitaldeescobar.com.ar\/#\/schema\/person\/035e90a8efe9a80e6eec22656ad6ea4c\",\"name\":\"Redacci\u00f3n\",\"image\":{\"@type\":\"ImageObject\",\"inLanguage\":\"es\",\"@id\":\"https:\/\/nuevodigitaldeescobar.com.ar\/#\/schema\/person\/image\/\",\"url\":\"https:\/\/secure.gravatar.com\/avatar\/8af8f40000c24e9eef3034f2be5998a372bb1389e64b1a4a36b3a7979142220d?s=96&d=mm&r=g\",\"contentUrl\":\"https:\/\/secure.gravatar.com\/avatar\/8af8f40000c24e9eef3034f2be5998a372bb1389e64b1a4a36b3a7979142220d?s=96&d=mm&r=g\",\"caption\":\"Redacci\u00f3n\"},\"sameAs\":[\"http:\/\/nuevodigitaldeescobar.com.ar\"],\"url\":\"https:\/\/nuevodigitaldeescobar.com.ar\/?author=1\"}]}<\/script>\n<!-- \/ Yoast SEO plugin. -->","yoast_head_json":{"title":"Comenz\u00f3 el juicio por los \u201cCuadernos de las Coimas\u201d: el mayor proceso por corrupci\u00f3n en la historia argentina - Nuevo Digital de Escobar","robots":{"index":"index","follow":"follow","max-snippet":"max-snippet:-1","max-image-preview":"max-image-preview:large","max-video-preview":"max-video-preview:-1"},"canonical":"https:\/\/nuevodigitaldeescobar.com.ar\/?p=18774","og_locale":"es_ES","og_type":"article","og_title":"Comenz\u00f3 el juicio por los \u201cCuadernos de las Coimas\u201d: el mayor proceso por corrupci\u00f3n en la historia argentina - Nuevo Digital de Escobar","og_description":"El Tribunal Oral Federal N\u00b07 dio inicio este jueves al juicio oral por la causa conocida como los \u201cCuadernos de las Coimas\u201d, considerada el caso [&hellip;]","og_url":"https:\/\/nuevodigitaldeescobar.com.ar\/?p=18774","og_site_name":"Nuevo Digital de Escobar","article_publisher":"https:\/\/www.facebook.com\/NUEVODigitalDeEscobar","article_published_time":"2025-11-06T14:55:39+00:00","article_modified_time":"2025-11-06T14:55:44+00:00","og_image":[{"width":753,"height":418,"url":"http:\/\/nuevodigitaldeescobar.com.ar\/wp-content\/uploads\/2025\/11\/cfkcuadernos65.png","type":"image\/png"}],"author":"Redacci\u00f3n","twitter_card":"summary_large_image","twitter_creator":"@nuevodigescobar","twitter_site":"@nuevodigescobar","twitter_misc":{"Escrito por":"Redacci\u00f3n","Tiempo de lectura":"4 minutos"},"schema":{"@context":"https:\/\/schema.org","@graph":[{"@type":"Article","@id":"https:\/\/nuevodigitaldeescobar.com.ar\/?p=18774#article","isPartOf":{"@id":"https:\/\/nuevodigitaldeescobar.com.ar\/?p=18774"},"author":{"name":"Redacci\u00f3n","@id":"https:\/\/nuevodigitaldeescobar.com.ar\/#\/schema\/person\/035e90a8efe9a80e6eec22656ad6ea4c"},"headline":"Comenz\u00f3 el juicio por los \u201cCuadernos de las Coimas\u201d: el mayor proceso por corrupci\u00f3n en la historia argentina","datePublished":"2025-11-06T14:55:39+00:00","dateModified":"2025-11-06T14:55:44+00:00","mainEntityOfPage":{"@id":"https:\/\/nuevodigitaldeescobar.com.ar\/?p=18774"},"wordCount":680,"commentCount":0,"publisher":{"@id":"https:\/\/nuevodigitaldeescobar.com.ar\/#organization"},"image":{"@id":"https:\/\/nuevodigitaldeescobar.com.ar\/?p=18774#primaryimage"},"thumbnailUrl":"https:\/\/nuevodigitaldeescobar.com.ar\/wp-content\/uploads\/2025\/11\/cfkcuadernos65.png","articleSection":["Judiciales"],"inLanguage":"es","potentialAction":[{"@type":"CommentAction","name":"Comment","target":["https:\/\/nuevodigitaldeescobar.com.ar\/?p=18774#respond"]}]},{"@type":"WebPage","@id":"https:\/\/nuevodigitaldeescobar.com.ar\/?p=18774","url":"https:\/\/nuevodigitaldeescobar.com.ar\/?p=18774","name":"Comenz\u00f3 el juicio por los \u201cCuadernos de las Coimas\u201d: el mayor proceso por corrupci\u00f3n en la historia argentina - Nuevo Digital de Escobar","isPartOf":{"@id":"https:\/\/nuevodigitaldeescobar.com.ar\/#website"},"primaryImageOfPage":{"@id":"https:\/\/nuevodigitaldeescobar.com.ar\/?p=18774#primaryimage"},"image":{"@id":"https:\/\/nuevodigitaldeescobar.com.ar\/?p=18774#primaryimage"},"thumbnailUrl":"https:\/\/nuevodigitaldeescobar.com.ar\/wp-content\/uploads\/2025\/11\/cfkcuadernos65.png","datePublished":"2025-11-06T14:55:39+00:00","dateModified":"2025-11-06T14:55:44+00:00","breadcrumb":{"@id":"https:\/\/nuevodigitaldeescobar.com.ar\/?p=18774#breadcrumb"},"inLanguage":"es","potentialAction":[{"@type":"ReadAction","target":["https:\/\/nuevodigitaldeescobar.com.ar\/?p=18774"]}]},{"@type":"ImageObject","inLanguage":"es","@id":"https:\/\/nuevodigitaldeescobar.com.ar\/?p=18774#primaryimage","url":"https:\/\/nuevodigitaldeescobar.com.ar\/wp-content\/uploads\/2025\/11\/cfkcuadernos65.png","contentUrl":"https:\/\/nuevodigitaldeescobar.com.ar\/wp-content\/uploads\/2025\/11\/cfkcuadernos65.png","width":753,"height":418},{"@type":"BreadcrumbList","@id":"https:\/\/nuevodigitaldeescobar.com.ar\/?p=18774#breadcrumb","itemListElement":[{"@type":"ListItem","position":1,"name":"Portada","item":"https:\/\/nuevodigitaldeescobar.com.ar\/"},{"@type":"ListItem","position":2,"name":"Comenz\u00f3 el juicio por los \u201cCuadernos de las Coimas\u201d: el mayor proceso por corrupci\u00f3n en la historia argentina"}]},{"@type":"WebSite","@id":"https:\/\/nuevodigitaldeescobar.com.ar\/#website","url":"https:\/\/nuevodigitaldeescobar.com.ar\/","name":"Nuevo Digital de Escobar","description":"La vida escobarense. Directora: Rosana Brunner","publisher":{"@id":"https:\/\/nuevodigitaldeescobar.com.ar\/#organization"},"potentialAction":[{"@type":"SearchAction","target":{"@type":"EntryPoint","urlTemplate":"https:\/\/nuevodigitaldeescobar.com.ar\/?s={search_term_string}"},"query-input":{"@type":"PropertyValueSpecification","valueRequired":true,"valueName":"search_term_string"}}],"inLanguage":"es"},{"@type":"Organization","@id":"https:\/\/nuevodigitaldeescobar.com.ar\/#organization","name":"Nuevo Digital de Escobar","url":"https:\/\/nuevodigitaldeescobar.com.ar\/","logo":{"@type":"ImageObject","inLanguage":"es","@id":"https:\/\/nuevodigitaldeescobar.com.ar\/#\/schema\/logo\/image\/","url":"https:\/\/nuevodigitaldeescobar.com.ar\/wp-content\/uploads\/2025\/05\/cropped-logo-nuevo2.jpg","contentUrl":"https:\/\/nuevodigitaldeescobar.com.ar\/wp-content\/uploads\/2025\/05\/cropped-logo-nuevo2.jpg","width":305,"height":305,"caption":"Nuevo Digital de Escobar"},"image":{"@id":"https:\/\/nuevodigitaldeescobar.com.ar\/#\/schema\/logo\/image\/"},"sameAs":["https:\/\/www.facebook.com\/NUEVODigitalDeEscobar","https:\/\/x.com\/nuevodigescobar","https:\/\/www.instagram.com\/nuevodigitaldeescobar"]},{"@type":"Person","@id":"https:\/\/nuevodigitaldeescobar.com.ar\/#\/schema\/person\/035e90a8efe9a80e6eec22656ad6ea4c","name":"Redacci\u00f3n","image":{"@type":"ImageObject","inLanguage":"es","@id":"https:\/\/nuevodigitaldeescobar.com.ar\/#\/schema\/person\/image\/","url":"https:\/\/secure.gravatar.com\/avatar\/8af8f40000c24e9eef3034f2be5998a372bb1389e64b1a4a36b3a7979142220d?s=96&d=mm&r=g","contentUrl":"https:\/\/secure.gravatar.com\/avatar\/8af8f40000c24e9eef3034f2be5998a372bb1389e64b1a4a36b3a7979142220d?s=96&d=mm&r=g","caption":"Redacci\u00f3n"},"sameAs":["http:\/\/nuevodigitaldeescobar.com.ar"],"url":"https:\/\/nuevodigitaldeescobar.com.ar\/?author=1"}]}},"featured_image_urls":{"full":["https:\/\/nuevodigitaldeescobar.com.ar\/wp-content\/uploads\/2025\/11\/cfkcuadernos65.png",753,418,false],"thumbnail":["https:\/\/nuevodigitaldeescobar.com.ar\/wp-content\/uploads\/2025\/11\/cfkcuadernos65-150x150.png",150,150,true],"medium":["https:\/\/nuevodigitaldeescobar.com.ar\/wp-content\/uploads\/2025\/11\/cfkcuadernos65-300x167.png",300,167,true],"medium_large":["https:\/\/nuevodigitaldeescobar.com.ar\/wp-content\/uploads\/2025\/11\/cfkcuadernos65.png",640,355,false],"large":["https:\/\/nuevodigitaldeescobar.com.ar\/wp-content\/uploads\/2025\/11\/cfkcuadernos65.png",640,355,false],"1536x1536":["https:\/\/nuevodigitaldeescobar.com.ar\/wp-content\/uploads\/2025\/11\/cfkcuadernos65.png",753,418,false],"2048x2048":["https:\/\/nuevodigitaldeescobar.com.ar\/wp-content\/uploads\/2025\/11\/cfkcuadernos65.png",753,418,false]},"author_info":{"display_name":"Redacci\u00f3n","author_link":"https:\/\/nuevodigitaldeescobar.com.ar\/?author=1"},"category_info":"<a href=\"https:\/\/nuevodigitaldeescobar.com.ar\/?cat=235\" rel=\"category\">Judiciales<\/a>","tag_info":"Judiciales","comment_count":"0","_links":{"self":[{"href":"https:\/\/nuevodigitaldeescobar.com.ar\/index.php?rest_route=\/wp\/v2\/posts\/18774","targetHints":{"allow":["GET"]}}],"collection":[{"href":"https:\/\/nuevodigitaldeescobar.com.ar\/index.php?rest_route=\/wp\/v2\/posts"}],"about":[{"href":"https:\/\/nuevodigitaldeescobar.com.ar\/index.php?rest_route=\/wp\/v2\/types\/post"}],"author":[{"embeddable":true,"href":"https:\/\/nuevodigitaldeescobar.com.ar\/index.php?rest_route=\/wp\/v2\/users\/1"}],"replies":[{"embeddable":true,"href":"https:\/\/nuevodigitaldeescobar.com.ar\/index.php?rest_route=%2Fwp%2Fv2%2Fcomments&post=18774"}],"version-history":[{"count":1,"href":"https:\/\/nuevodigitaldeescobar.com.ar\/index.php?rest_route=\/wp\/v2\/posts\/18774\/revisions"}],"predecessor-version":[{"id":18776,"href":"https:\/\/nuevodigitaldeescobar.com.ar\/index.php?rest_route=\/wp\/v2\/posts\/18774\/revisions\/18776"}],"wp:featuredmedia":[{"embeddable":true,"href":"https:\/\/nuevodigitaldeescobar.com.ar\/index.php?rest_route=\/wp\/v2\/media\/18775"}],"wp:attachment":[{"href":"https:\/\/nuevodigitaldeescobar.com.ar\/index.php?rest_route=%2Fwp%2Fv2%2Fmedia&parent=18774"}],"wp:term":[{"taxonomy":"category","embeddable":true,"href":"https:\/\/nuevodigitaldeescobar.com.ar\/index.php?rest_route=%2Fwp%2Fv2%2Fcategories&post=18774"},{"taxonomy":"post_tag","embeddable":true,"href":"https:\/\/nuevodigitaldeescobar.com.ar\/index.php?rest_route=%2Fwp%2Fv2%2Ftags&post=18774"}],"curies":[{"name":"wp","href":"https:\/\/api.w.org\/{rel}","templated":true}]}}