{"id":18786,"date":"2025-11-07T10:01:27","date_gmt":"2025-11-07T13:01:27","guid":{"rendered":"https:\/\/nuevodigitaldeescobar.com.ar\/?p=18786"},"modified":"2025-11-07T10:06:42","modified_gmt":"2025-11-07T13:06:42","slug":"la-camara-empresaria-de-escobar-participo-del-7-foro-de-comercio-minorista-bonaerense","status":"publish","type":"post","link":"https:\/\/nuevodigitaldeescobar.com.ar\/?p=18786","title":{"rendered":"La C\u00e1mara Empresaria de Escobar particip\u00f3 del 7\u00b0 Foro de Comercio Minorista Bonaerense"},"content":{"rendered":"\n<p class=\"has-vivid-cyan-blue-color has-text-color has-link-color wp-elements-aad43fe81294dd73e45d15e4f865396a\"><strong><em>El prosecretario de la C\u00e1mara Empresaria de Escobar, Edgardo Pacentrilli, particip\u00f3 en representaci\u00f3n de la instituci\u00f3n en el 7\u00b0 Foro de Comercio Minorista Bonaerense, un encuentro que reuni\u00f3 a referentes empresariales, autoridades y especialistas para debatir sobre el futuro del comercio, la econom\u00eda y la innovaci\u00f3n en la provincia de Buenos Aires.<\/em><\/strong><\/p>\n\n\n\n<!--more-->\n\n\n\n<p>Durante la jornada, que se desarroll\u00f3 bajo una amplia convocatoria, se analizaron los principales desaf\u00edos del sector en el nuevo contexto pol\u00edtico y econ\u00f3mico del pa\u00eds, y se presentaron herramientas y casos de \u00e9xito orientados al fortalecimiento de las peque\u00f1as y medianas empresas bonaerenses.<\/p>\n\n\n\n<h3 class=\"wp-block-heading has-text-color has-link-color wp-elements-ec707513557aa30ebf062d5019b99665\" style=\"color:#1c1ec2\">Pol\u00edtica y econom\u00eda tras las elecciones<\/h3>\n\n\n\n<p>Uno de los ejes centrales del foro fue el an\u00e1lisis de la <strong>realidad econ\u00f3mica y pol\u00edtica post electoral<\/strong>, con especial foco en el impacto que las medidas nacionales y provinciales pueden tener sobre el consumo, la inversi\u00f3n y la estabilidad del comercio minorista. Los disertantes coincidieron en la necesidad de promover el <strong>trabajo conjunto entre el Estado, las c\u00e1maras empresarias y los municipios<\/strong> para sostener la actividad y el empleo.<\/p>\n\n\n\n<h3 class=\"wp-block-heading has-text-color has-link-color wp-elements-6ef520dcf8aa83a3f632364f3ece4c23\" style=\"color:#1c1ec2\">Inteligencia artificial y nuevas tecnolog\u00edas<\/h3>\n\n\n\n<p>Otro de los temas destacados fue la <strong>Inteligencia Artificial aplicada al comercio<\/strong>, donde se debati\u00f3 sobre c\u00f3mo las nuevas tecnolog\u00edas pueden optimizar la atenci\u00f3n al cliente, la gesti\u00f3n de stock y la toma de decisiones empresariales. Se presentaron experiencias concretas de comercios que ya incorporan soluciones digitales y automatizaci\u00f3n en sus procesos.<\/p>\n\n\n\n<h3 class=\"wp-block-heading has-text-color has-link-color wp-elements-ca1237d82bef928a67d1e885680b3f30\" style=\"color:#1c1ec2\">Casos de \u00e9xito y motivaci\u00f3n empresarial<\/h3>\n\n\n\n<p>Entre las exposiciones m\u00e1s inspiradoras, se destac\u00f3 el <strong>caso de Manaos<\/strong>, cuyo fundador relat\u00f3 la historia de crecimiento de la marca como ejemplo de visi\u00f3n, esfuerzo y perseverancia en el \u00e1mbito empresario argentino.<\/p>\n\n\n\n<p>El foro tambi\u00e9n incluy\u00f3 un espacio de <strong>motivaci\u00f3n y liderazgo<\/strong>, destinado a fortalecer las capacidades personales y profesionales de los emprendedores y comerciantes que enfrentan los desaf\u00edos del contexto econ\u00f3mico actual.<\/p>\n\n\n\n<h3 class=\"wp-block-heading has-text-color has-link-color wp-elements-de28a9d88bab67cd606806df70453011\" style=\"color:#1c1ec2\">Centros Comerciales a Cielo Abierto y financiamiento<\/h3>\n\n\n\n<p>Asimismo, se debati\u00f3 sobre el rol de los <strong>Centros Comerciales a Cielo Abierto<\/strong> como herramienta de revitalizaci\u00f3n urbana y de impulso al comercio local, integrando desarrollo econ\u00f3mico con mejora del espacio p\u00fablico.<\/p>\n\n\n\n<p>El encuentro cerr\u00f3 con la presentaci\u00f3n de <strong>nuevas herramientas de financiamiento e inversi\u00f3n<\/strong>, orientadas a brindar apoyo a las pymes y comercios minoristas, con l\u00edneas crediticias adaptadas a las necesidades de cada rubro.<\/p>\n\n\n\n<p>La participaci\u00f3n de la <strong>C\u00e1mara Empresaria de Escobar<\/strong> en este tipo de espacios refleja su compromiso con el desarrollo econ\u00f3mico local, la capacitaci\u00f3n continua y la promoci\u00f3n de pol\u00edticas que fortalezcan la actividad comercial en el distrito y en toda la provincia.<\/p>\n\n\n\n<hr class=\"wp-block-separator has-alpha-channel-opacity\"\/>\n\n\n\n<p>Al t\u00e9rmino del encuentro, <strong>Edgardo Pacentrilli<\/strong> destac\u00f3 la importancia de que Escobar siga participando activamente en estos espacios de intercambio y capacitaci\u00f3n.<\/p>\n\n\n\n<blockquote class=\"wp-block-quote is-layout-flow wp-block-quote-is-layout-flow\">\n<p><em>\u201cEventos como este nos permiten fortalecer la red de comerciantes, compartir experiencias y sumar herramientas para seguir creciendo. Desde la C\u00e1mara Empresaria de Escobar apostamos a la innovaci\u00f3n, al trabajo conjunto y a un comercio local cada vez m\u00e1s competitivo y sostenible\u201d<\/em>, se\u00f1al\u00f3.<\/p>\n<\/blockquote>\n","protected":false},"excerpt":{"rendered":"<p>El prosecretario de la C\u00e1mara Empresaria de Escobar, Edgardo Pacentrilli, particip\u00f3 en representaci\u00f3n de la instituci\u00f3n en el 7\u00b0 Foro de Comercio Minorista Bonaerense, un [&hellip;]<\/p>\n","protected":false},"author":1,"featured_media":18787,"comment_status":"open","ping_status":"open","sticky":false,"template":"","format":"standard","meta":{"footnotes":""},"categories":[10],"tags":[],"class_list":["post-18786","post","type-post","status-publish","format-standard","has-post-thumbnail","hentry","category-economia"],"better_featured_image":{"id":18787,"alt_text":"","caption":"","description":"","media_type":"image","media_details":{"width":1280,"height":960,"file":"2025\/11\/forocomerbsas3.jpeg","filesize":149890,"sizes":{"medium":{"file":"forocomerbsas3-300x225.jpeg","width":300,"height":225,"mime-type":"image\/jpeg","filesize":18086,"source_url":"https:\/\/nuevodigitaldeescobar.com.ar\/wp-content\/uploads\/2025\/11\/forocomerbsas3-300x225.jpeg"},"large":{"file":"forocomerbsas3-1024x768.jpeg","width":1024,"height":768,"mime-type":"image\/jpeg","filesize":120932,"source_url":"https:\/\/nuevodigitaldeescobar.com.ar\/wp-content\/uploads\/2025\/11\/forocomerbsas3-1024x768.jpeg"},"thumbnail":{"file":"forocomerbsas3-150x150.jpeg","width":150,"height":150,"mime-type":"image\/jpeg","filesize":7189,"source_url":"https:\/\/nuevodigitaldeescobar.com.ar\/wp-content\/uploads\/2025\/11\/forocomerbsas3-150x150.jpeg"},"medium_large":{"file":"forocomerbsas3-768x576.jpeg","width":768,"height":576,"mime-type":"image\/jpeg","filesize":78851,"source_url":"https:\/\/nuevodigitaldeescobar.com.ar\/wp-content\/uploads\/2025\/11\/forocomerbsas3-768x576.jpeg"}},"image_meta":{"aperture":"0","credit":"","camera":"","caption":"","created_timestamp":"0","copyright":"","focal_length":"0","iso":"0","shutter_speed":"0","title":"","orientation":"0","keywords":[]}},"post":18786,"source_url":"https:\/\/nuevodigitaldeescobar.com.ar\/wp-content\/uploads\/2025\/11\/forocomerbsas3.jpeg"},"yoast_head":"<!-- This site is optimized with the Yoast SEO plugin v26.1.1 - https:\/\/yoast.com\/wordpress\/plugins\/seo\/ -->\n<title>La C\u00e1mara Empresaria de Escobar particip\u00f3 del 7\u00b0 Foro de Comercio Minorista Bonaerense - Nuevo Digital de Escobar<\/title>\n<meta name=\"robots\" content=\"index, follow, max-snippet:-1, max-image-preview:large, max-video-preview:-1\" \/>\n<link rel=\"canonical\" href=\"https:\/\/nuevodigitaldeescobar.com.ar\/?p=18786\" \/>\n<meta property=\"og:locale\" content=\"es_ES\" \/>\n<meta property=\"og:type\" content=\"article\" \/>\n<meta property=\"og:title\" content=\"La C\u00e1mara Empresaria de Escobar particip\u00f3 del 7\u00b0 Foro de Comercio Minorista Bonaerense - Nuevo Digital de Escobar\" \/>\n<meta property=\"og:description\" content=\"El prosecretario de la C\u00e1mara Empresaria de Escobar, Edgardo Pacentrilli, particip\u00f3 en representaci\u00f3n de la instituci\u00f3n en el 7\u00b0 Foro de Comercio Minorista Bonaerense, un [&hellip;]\" \/>\n<meta property=\"og:url\" content=\"https:\/\/nuevodigitaldeescobar.com.ar\/?p=18786\" \/>\n<meta property=\"og:site_name\" content=\"Nuevo Digital de Escobar\" \/>\n<meta property=\"article:publisher\" content=\"https:\/\/www.facebook.com\/NUEVODigitalDeEscobar\" \/>\n<meta property=\"article:published_time\" content=\"2025-11-07T13:01:27+00:00\" \/>\n<meta property=\"article:modified_time\" content=\"2025-11-07T13:06:42+00:00\" \/>\n<meta property=\"og:image\" content=\"http:\/\/nuevodigitaldeescobar.com.ar\/wp-content\/uploads\/2025\/11\/forocomerbsas3.jpeg\" \/>\n\t<meta property=\"og:image:width\" content=\"1280\" \/>\n\t<meta property=\"og:image:height\" content=\"960\" \/>\n\t<meta property=\"og:image:type\" content=\"image\/jpeg\" \/>\n<meta name=\"author\" content=\"Redacci\u00f3n\" \/>\n<meta name=\"twitter:card\" content=\"summary_large_image\" \/>\n<meta name=\"twitter:creator\" content=\"@nuevodigescobar\" \/>\n<meta name=\"twitter:site\" content=\"@nuevodigescobar\" \/>\n<meta name=\"twitter:label1\" content=\"Escrito por\" \/>\n\t<meta name=\"twitter:data1\" content=\"Redacci\u00f3n\" \/>\n\t<meta name=\"twitter:label2\" content=\"Tiempo de lectura\" \/>\n\t<meta name=\"twitter:data2\" content=\"3 minutos\" \/>\n<script type=\"application\/ld+json\" class=\"yoast-schema-graph\">{\"@context\":\"https:\/\/schema.org\",\"@graph\":[{\"@type\":\"Article\",\"@id\":\"https:\/\/nuevodigitaldeescobar.com.ar\/?p=18786#article\",\"isPartOf\":{\"@id\":\"https:\/\/nuevodigitaldeescobar.com.ar\/?p=18786\"},\"author\":{\"name\":\"Redacci\u00f3n\",\"@id\":\"https:\/\/nuevodigitaldeescobar.com.ar\/#\/schema\/person\/035e90a8efe9a80e6eec22656ad6ea4c\"},\"headline\":\"La C\u00e1mara Empresaria de Escobar particip\u00f3 del 7\u00b0 Foro de Comercio Minorista Bonaerense\",\"datePublished\":\"2025-11-07T13:01:27+00:00\",\"dateModified\":\"2025-11-07T13:06:42+00:00\",\"mainEntityOfPage\":{\"@id\":\"https:\/\/nuevodigitaldeescobar.com.ar\/?p=18786\"},\"wordCount\":538,\"commentCount\":0,\"publisher\":{\"@id\":\"https:\/\/nuevodigitaldeescobar.com.ar\/#organization\"},\"image\":{\"@id\":\"https:\/\/nuevodigitaldeescobar.com.ar\/?p=18786#primaryimage\"},\"thumbnailUrl\":\"https:\/\/nuevodigitaldeescobar.com.ar\/wp-content\/uploads\/2025\/11\/forocomerbsas3.jpeg\",\"articleSection\":[\"Econom\u00eda\"],\"inLanguage\":\"es\",\"potentialAction\":[{\"@type\":\"CommentAction\",\"name\":\"Comment\",\"target\":[\"https:\/\/nuevodigitaldeescobar.com.ar\/?p=18786#respond\"]}]},{\"@type\":\"WebPage\",\"@id\":\"https:\/\/nuevodigitaldeescobar.com.ar\/?p=18786\",\"url\":\"https:\/\/nuevodigitaldeescobar.com.ar\/?p=18786\",\"name\":\"La C\u00e1mara Empresaria de Escobar particip\u00f3 del 7\u00b0 Foro de Comercio Minorista Bonaerense - Nuevo Digital de Escobar\",\"isPartOf\":{\"@id\":\"https:\/\/nuevodigitaldeescobar.com.ar\/#website\"},\"primaryImageOfPage\":{\"@id\":\"https:\/\/nuevodigitaldeescobar.com.ar\/?p=18786#primaryimage\"},\"image\":{\"@id\":\"https:\/\/nuevodigitaldeescobar.com.ar\/?p=18786#primaryimage\"},\"thumbnailUrl\":\"https:\/\/nuevodigitaldeescobar.com.ar\/wp-content\/uploads\/2025\/11\/forocomerbsas3.jpeg\",\"datePublished\":\"2025-11-07T13:01:27+00:00\",\"dateModified\":\"2025-11-07T13:06:42+00:00\",\"breadcrumb\":{\"@id\":\"https:\/\/nuevodigitaldeescobar.com.ar\/?p=18786#breadcrumb\"},\"inLanguage\":\"es\",\"potentialAction\":[{\"@type\":\"ReadAction\",\"target\":[\"https:\/\/nuevodigitaldeescobar.com.ar\/?p=18786\"]}]},{\"@type\":\"ImageObject\",\"inLanguage\":\"es\",\"@id\":\"https:\/\/nuevodigitaldeescobar.com.ar\/?p=18786#primaryimage\",\"url\":\"https:\/\/nuevodigitaldeescobar.com.ar\/wp-content\/uploads\/2025\/11\/forocomerbsas3.jpeg\",\"contentUrl\":\"https:\/\/nuevodigitaldeescobar.com.ar\/wp-content\/uploads\/2025\/11\/forocomerbsas3.jpeg\",\"width\":1280,\"height\":960},{\"@type\":\"BreadcrumbList\",\"@id\":\"https:\/\/nuevodigitaldeescobar.com.ar\/?p=18786#breadcrumb\",\"itemListElement\":[{\"@type\":\"ListItem\",\"position\":1,\"name\":\"Portada\",\"item\":\"https:\/\/nuevodigitaldeescobar.com.ar\/\"},{\"@type\":\"ListItem\",\"position\":2,\"name\":\"La C\u00e1mara Empresaria de Escobar particip\u00f3 del 7\u00b0 Foro de Comercio Minorista Bonaerense\"}]},{\"@type\":\"WebSite\",\"@id\":\"https:\/\/nuevodigitaldeescobar.com.ar\/#website\",\"url\":\"https:\/\/nuevodigitaldeescobar.com.ar\/\",\"name\":\"Nuevo Digital de Escobar\",\"description\":\"La vida escobarense. Directora: Rosana Brunner\",\"publisher\":{\"@id\":\"https:\/\/nuevodigitaldeescobar.com.ar\/#organization\"},\"potentialAction\":[{\"@type\":\"SearchAction\",\"target\":{\"@type\":\"EntryPoint\",\"urlTemplate\":\"https:\/\/nuevodigitaldeescobar.com.ar\/?s={search_term_string}\"},\"query-input\":{\"@type\":\"PropertyValueSpecification\",\"valueRequired\":true,\"valueName\":\"search_term_string\"}}],\"inLanguage\":\"es\"},{\"@type\":\"Organization\",\"@id\":\"https:\/\/nuevodigitaldeescobar.com.ar\/#organization\",\"name\":\"Nuevo Digital de Escobar\",\"url\":\"https:\/\/nuevodigitaldeescobar.com.ar\/\",\"logo\":{\"@type\":\"ImageObject\",\"inLanguage\":\"es\",\"@id\":\"https:\/\/nuevodigitaldeescobar.com.ar\/#\/schema\/logo\/image\/\",\"url\":\"https:\/\/nuevodigitaldeescobar.com.ar\/wp-content\/uploads\/2025\/05\/cropped-logo-nuevo2.jpg\",\"contentUrl\":\"https:\/\/nuevodigitaldeescobar.com.ar\/wp-content\/uploads\/2025\/05\/cropped-logo-nuevo2.jpg\",\"width\":305,\"height\":305,\"caption\":\"Nuevo Digital de Escobar\"},\"image\":{\"@id\":\"https:\/\/nuevodigitaldeescobar.com.ar\/#\/schema\/logo\/image\/\"},\"sameAs\":[\"https:\/\/www.facebook.com\/NUEVODigitalDeEscobar\",\"https:\/\/x.com\/nuevodigescobar\",\"https:\/\/www.instagram.com\/nuevodigitaldeescobar\"]},{\"@type\":\"Person\",\"@id\":\"https:\/\/nuevodigitaldeescobar.com.ar\/#\/schema\/person\/035e90a8efe9a80e6eec22656ad6ea4c\",\"name\":\"Redacci\u00f3n\",\"image\":{\"@type\":\"ImageObject\",\"inLanguage\":\"es\",\"@id\":\"https:\/\/nuevodigitaldeescobar.com.ar\/#\/schema\/person\/image\/\",\"url\":\"https:\/\/secure.gravatar.com\/avatar\/8af8f40000c24e9eef3034f2be5998a372bb1389e64b1a4a36b3a7979142220d?s=96&d=mm&r=g\",\"contentUrl\":\"https:\/\/secure.gravatar.com\/avatar\/8af8f40000c24e9eef3034f2be5998a372bb1389e64b1a4a36b3a7979142220d?s=96&d=mm&r=g\",\"caption\":\"Redacci\u00f3n\"},\"sameAs\":[\"http:\/\/nuevodigitaldeescobar.com.ar\"],\"url\":\"https:\/\/nuevodigitaldeescobar.com.ar\/?author=1\"}]}<\/script>\n<!-- \/ Yoast SEO plugin. -->","yoast_head_json":{"title":"La C\u00e1mara Empresaria de Escobar particip\u00f3 del 7\u00b0 Foro de Comercio Minorista Bonaerense - Nuevo Digital de Escobar","robots":{"index":"index","follow":"follow","max-snippet":"max-snippet:-1","max-image-preview":"max-image-preview:large","max-video-preview":"max-video-preview:-1"},"canonical":"https:\/\/nuevodigitaldeescobar.com.ar\/?p=18786","og_locale":"es_ES","og_type":"article","og_title":"La C\u00e1mara Empresaria de Escobar particip\u00f3 del 7\u00b0 Foro de Comercio Minorista Bonaerense - Nuevo Digital de Escobar","og_description":"El prosecretario de la C\u00e1mara Empresaria de Escobar, Edgardo Pacentrilli, particip\u00f3 en representaci\u00f3n de la instituci\u00f3n en el 7\u00b0 Foro de Comercio Minorista Bonaerense, un [&hellip;]","og_url":"https:\/\/nuevodigitaldeescobar.com.ar\/?p=18786","og_site_name":"Nuevo Digital de Escobar","article_publisher":"https:\/\/www.facebook.com\/NUEVODigitalDeEscobar","article_published_time":"2025-11-07T13:01:27+00:00","article_modified_time":"2025-11-07T13:06:42+00:00","og_image":[{"width":1280,"height":960,"url":"http:\/\/nuevodigitaldeescobar.com.ar\/wp-content\/uploads\/2025\/11\/forocomerbsas3.jpeg","type":"image\/jpeg"}],"author":"Redacci\u00f3n","twitter_card":"summary_large_image","twitter_creator":"@nuevodigescobar","twitter_site":"@nuevodigescobar","twitter_misc":{"Escrito por":"Redacci\u00f3n","Tiempo de lectura":"3 minutos"},"schema":{"@context":"https:\/\/schema.org","@graph":[{"@type":"Article","@id":"https:\/\/nuevodigitaldeescobar.com.ar\/?p=18786#article","isPartOf":{"@id":"https:\/\/nuevodigitaldeescobar.com.ar\/?p=18786"},"author":{"name":"Redacci\u00f3n","@id":"https:\/\/nuevodigitaldeescobar.com.ar\/#\/schema\/person\/035e90a8efe9a80e6eec22656ad6ea4c"},"headline":"La C\u00e1mara Empresaria de Escobar particip\u00f3 del 7\u00b0 Foro de Comercio Minorista Bonaerense","datePublished":"2025-11-07T13:01:27+00:00","dateModified":"2025-11-07T13:06:42+00:00","mainEntityOfPage":{"@id":"https:\/\/nuevodigitaldeescobar.com.ar\/?p=18786"},"wordCount":538,"commentCount":0,"publisher":{"@id":"https:\/\/nuevodigitaldeescobar.com.ar\/#organization"},"image":{"@id":"https:\/\/nuevodigitaldeescobar.com.ar\/?p=18786#primaryimage"},"thumbnailUrl":"https:\/\/nuevodigitaldeescobar.com.ar\/wp-content\/uploads\/2025\/11\/forocomerbsas3.jpeg","articleSection":["Econom\u00eda"],"inLanguage":"es","potentialAction":[{"@type":"CommentAction","name":"Comment","target":["https:\/\/nuevodigitaldeescobar.com.ar\/?p=18786#respond"]}]},{"@type":"WebPage","@id":"https:\/\/nuevodigitaldeescobar.com.ar\/?p=18786","url":"https:\/\/nuevodigitaldeescobar.com.ar\/?p=18786","name":"La C\u00e1mara Empresaria de Escobar particip\u00f3 del 7\u00b0 Foro de Comercio Minorista Bonaerense - Nuevo Digital de Escobar","isPartOf":{"@id":"https:\/\/nuevodigitaldeescobar.com.ar\/#website"},"primaryImageOfPage":{"@id":"https:\/\/nuevodigitaldeescobar.com.ar\/?p=18786#primaryimage"},"image":{"@id":"https:\/\/nuevodigitaldeescobar.com.ar\/?p=18786#primaryimage"},"thumbnailUrl":"https:\/\/nuevodigitaldeescobar.com.ar\/wp-content\/uploads\/2025\/11\/forocomerbsas3.jpeg","datePublished":"2025-11-07T13:01:27+00:00","dateModified":"2025-11-07T13:06:42+00:00","breadcrumb":{"@id":"https:\/\/nuevodigitaldeescobar.com.ar\/?p=18786#breadcrumb"},"inLanguage":"es","potentialAction":[{"@type":"ReadAction","target":["https:\/\/nuevodigitaldeescobar.com.ar\/?p=18786"]}]},{"@type":"ImageObject","inLanguage":"es","@id":"https:\/\/nuevodigitaldeescobar.com.ar\/?p=18786#primaryimage","url":"https:\/\/nuevodigitaldeescobar.com.ar\/wp-content\/uploads\/2025\/11\/forocomerbsas3.jpeg","contentUrl":"https:\/\/nuevodigitaldeescobar.com.ar\/wp-content\/uploads\/2025\/11\/forocomerbsas3.jpeg","width":1280,"height":960},{"@type":"BreadcrumbList","@id":"https:\/\/nuevodigitaldeescobar.com.ar\/?p=18786#breadcrumb","itemListElement":[{"@type":"ListItem","position":1,"name":"Portada","item":"https:\/\/nuevodigitaldeescobar.com.ar\/"},{"@type":"ListItem","position":2,"name":"La C\u00e1mara Empresaria de Escobar particip\u00f3 del 7\u00b0 Foro de Comercio Minorista Bonaerense"}]},{"@type":"WebSite","@id":"https:\/\/nuevodigitaldeescobar.com.ar\/#website","url":"https:\/\/nuevodigitaldeescobar.com.ar\/","name":"Nuevo Digital de Escobar","description":"La vida escobarense. Directora: Rosana Brunner","publisher":{"@id":"https:\/\/nuevodigitaldeescobar.com.ar\/#organization"},"potentialAction":[{"@type":"SearchAction","target":{"@type":"EntryPoint","urlTemplate":"https:\/\/nuevodigitaldeescobar.com.ar\/?s={search_term_string}"},"query-input":{"@type":"PropertyValueSpecification","valueRequired":true,"valueName":"search_term_string"}}],"inLanguage":"es"},{"@type":"Organization","@id":"https:\/\/nuevodigitaldeescobar.com.ar\/#organization","name":"Nuevo Digital de Escobar","url":"https:\/\/nuevodigitaldeescobar.com.ar\/","logo":{"@type":"ImageObject","inLanguage":"es","@id":"https:\/\/nuevodigitaldeescobar.com.ar\/#\/schema\/logo\/image\/","url":"https:\/\/nuevodigitaldeescobar.com.ar\/wp-content\/uploads\/2025\/05\/cropped-logo-nuevo2.jpg","contentUrl":"https:\/\/nuevodigitaldeescobar.com.ar\/wp-content\/uploads\/2025\/05\/cropped-logo-nuevo2.jpg","width":305,"height":305,"caption":"Nuevo Digital de Escobar"},"image":{"@id":"https:\/\/nuevodigitaldeescobar.com.ar\/#\/schema\/logo\/image\/"},"sameAs":["https:\/\/www.facebook.com\/NUEVODigitalDeEscobar","https:\/\/x.com\/nuevodigescobar","https:\/\/www.instagram.com\/nuevodigitaldeescobar"]},{"@type":"Person","@id":"https:\/\/nuevodigitaldeescobar.com.ar\/#\/schema\/person\/035e90a8efe9a80e6eec22656ad6ea4c","name":"Redacci\u00f3n","image":{"@type":"ImageObject","inLanguage":"es","@id":"https:\/\/nuevodigitaldeescobar.com.ar\/#\/schema\/person\/image\/","url":"https:\/\/secure.gravatar.com\/avatar\/8af8f40000c24e9eef3034f2be5998a372bb1389e64b1a4a36b3a7979142220d?s=96&d=mm&r=g","contentUrl":"https:\/\/secure.gravatar.com\/avatar\/8af8f40000c24e9eef3034f2be5998a372bb1389e64b1a4a36b3a7979142220d?s=96&d=mm&r=g","caption":"Redacci\u00f3n"},"sameAs":["http:\/\/nuevodigitaldeescobar.com.ar"],"url":"https:\/\/nuevodigitaldeescobar.com.ar\/?author=1"}]}},"featured_image_urls":{"full":["https:\/\/nuevodigitaldeescobar.com.ar\/wp-content\/uploads\/2025\/11\/forocomerbsas3.jpeg",1280,960,false],"thumbnail":["https:\/\/nuevodigitaldeescobar.com.ar\/wp-content\/uploads\/2025\/11\/forocomerbsas3-150x150.jpeg",150,150,true],"medium":["https:\/\/nuevodigitaldeescobar.com.ar\/wp-content\/uploads\/2025\/11\/forocomerbsas3-300x225.jpeg",300,225,true],"medium_large":["https:\/\/nuevodigitaldeescobar.com.ar\/wp-content\/uploads\/2025\/11\/forocomerbsas3-768x576.jpeg",640,480,true],"large":["https:\/\/nuevodigitaldeescobar.com.ar\/wp-content\/uploads\/2025\/11\/forocomerbsas3-1024x768.jpeg",640,480,true],"1536x1536":["https:\/\/nuevodigitaldeescobar.com.ar\/wp-content\/uploads\/2025\/11\/forocomerbsas3.jpeg",1280,960,false],"2048x2048":["https:\/\/nuevodigitaldeescobar.com.ar\/wp-content\/uploads\/2025\/11\/forocomerbsas3.jpeg",1280,960,false]},"author_info":{"display_name":"Redacci\u00f3n","author_link":"https:\/\/nuevodigitaldeescobar.com.ar\/?author=1"},"category_info":"<a href=\"https:\/\/nuevodigitaldeescobar.com.ar\/?cat=10\" rel=\"category\">Econom\u00eda<\/a>","tag_info":"Econom\u00eda","comment_count":"0","_links":{"self":[{"href":"https:\/\/nuevodigitaldeescobar.com.ar\/index.php?rest_route=\/wp\/v2\/posts\/18786","targetHints":{"allow":["GET"]}}],"collection":[{"href":"https:\/\/nuevodigitaldeescobar.com.ar\/index.php?rest_route=\/wp\/v2\/posts"}],"about":[{"href":"https:\/\/nuevodigitaldeescobar.com.ar\/index.php?rest_route=\/wp\/v2\/types\/post"}],"author":[{"embeddable":true,"href":"https:\/\/nuevodigitaldeescobar.com.ar\/index.php?rest_route=\/wp\/v2\/users\/1"}],"replies":[{"embeddable":true,"href":"https:\/\/nuevodigitaldeescobar.com.ar\/index.php?rest_route=%2Fwp%2Fv2%2Fcomments&post=18786"}],"version-history":[{"count":2,"href":"https:\/\/nuevodigitaldeescobar.com.ar\/index.php?rest_route=\/wp\/v2\/posts\/18786\/revisions"}],"predecessor-version":[{"id":18790,"href":"https:\/\/nuevodigitaldeescobar.com.ar\/index.php?rest_route=\/wp\/v2\/posts\/18786\/revisions\/18790"}],"wp:featuredmedia":[{"embeddable":true,"href":"https:\/\/nuevodigitaldeescobar.com.ar\/index.php?rest_route=\/wp\/v2\/media\/18787"}],"wp:attachment":[{"href":"https:\/\/nuevodigitaldeescobar.com.ar\/index.php?rest_route=%2Fwp%2Fv2%2Fmedia&parent=18786"}],"wp:term":[{"taxonomy":"category","embeddable":true,"href":"https:\/\/nuevodigitaldeescobar.com.ar\/index.php?rest_route=%2Fwp%2Fv2%2Fcategories&post=18786"},{"taxonomy":"post_tag","embeddable":true,"href":"https:\/\/nuevodigitaldeescobar.com.ar\/index.php?rest_route=%2Fwp%2Fv2%2Ftags&post=18786"}],"curies":[{"name":"wp","href":"https:\/\/api.w.org\/{rel}","templated":true}]}}