{"id":18802,"date":"2025-11-09T08:52:17","date_gmt":"2025-11-09T11:52:17","guid":{"rendered":"https:\/\/nuevodigitaldeescobar.com.ar\/?p=18802"},"modified":"2025-11-09T08:52:28","modified_gmt":"2025-11-09T11:52:28","slug":"femicidio-en-san-telmo-quien-es-el-joven-acusado-de-matar-a-matilda-la-estudiante-que-cayo-de-un-segundo-piso","status":"publish","type":"post","link":"https:\/\/nuevodigitaldeescobar.com.ar\/?p=18802","title":{"rendered":"Femicidio en San Telmo: qui\u00e9n es el joven acusado de matar a Matilda, la estudiante que cay\u00f3 de un segundo piso"},"content":{"rendered":"\n<p class=\"has-vivid-cyan-blue-color has-text-color has-link-color wp-elements-5fd57768d4b902adafd443f2bf3919ef\"><em><strong>El caso conmocion\u00f3 al pa\u00eds: Matilda L\u00f3pez Sanzetenea, una joven estudiante boliviana de 18 a\u00f1os, muri\u00f3 tras caer desde el balc\u00f3n de una residencia estudiantil en el barrio porte\u00f1o de San Telmo. Su novio, Nahuel Castillo Corminola, de la misma edad, fue detenido acusado de haberla empujado durante una violenta discusi\u00f3n.<\/strong><\/em><\/p>\n\n\n\n<!--more-->\n\n\n\n<p>El hecho ocurri\u00f3 el s\u00e1bado cerca de la medianoche, en un edificio de la calle <strong>Defensa al 300<\/strong>. Cuando los efectivos de la Comisar\u00eda Vecinal 1D llegaron al lugar, encontraron al joven dentro de la habitaci\u00f3n desde la cual cay\u00f3 Matilda. Seg\u00fan fuentes policiales, presentaba <strong>ara\u00f1azos en la espalda<\/strong>, que habr\u00edan sido causados por la v\u00edctima al intentar defenderse.<\/p>\n\n\n\n<figure class=\"wp-block-video aligncenter\"><video controls src=\"http:\/\/nuevodigitaldeescobar.com.ar\/wp-content\/uploads\/2025\/11\/femicsantelmo21.mp4\"><\/video><figcaption class=\"wp-element-caption\"><em>El video del momento de la ca\u00edda, difundido por Telenoche e Infobae.<\/em><\/figcaption><\/figure>\n\n\n\n<p>El caso qued\u00f3 a cargo del <strong>Juzgado Nacional en lo Criminal y Correccional N\u00b05<\/strong>, a cargo del juez <strong>Manuel de Campos<\/strong>, quien caratul\u00f3 el hecho como <strong>homicidio<\/strong>.<\/p>\n\n\n\n<h3 class=\"wp-block-heading has-text-color has-link-color wp-elements-abd426a8982fcdbb20e45993e77a2173\" style=\"color:#1445c2\">Un v\u00ednculo marcado por la violencia<\/h3>\n\n\n\n<p>El padre de Matilda, <strong>Pablo L\u00f3pez<\/strong>, asegur\u00f3 que el final tr\u00e1gico de su hija era algo que tem\u00eda desde hac\u00eda meses. <em>\u201cVi las se\u00f1ales, las banderas rojas. Le ped\u00ed que se alejara de \u00e9l\u201d<\/em>, declar\u00f3. Seg\u00fan relat\u00f3, la relaci\u00f3n estaba atravesada por <strong>celos, control y hostigamiento constante<\/strong>.<\/p>\n\n\n\n<p>Los j\u00f3venes se hab\u00edan conocido en <strong>Bolivia<\/strong>, donde Castillo vivi\u00f3 la mayor parte de su vida, en la ciudad de <strong>Tarija<\/strong>. Fue \u00e9l quien propuso venir a Buenos Aires para estudiar Derecho en una universidad privada, y Matilda decidi\u00f3 acompa\u00f1arlo para cursar <strong>Dise\u00f1o Audiovisual en la UBA<\/strong>.<\/p>\n\n\n\n<p>Con el tiempo, el v\u00ednculo se volvi\u00f3 cada vez m\u00e1s t\u00f3xico. Castillo le <strong>restring\u00eda el acceso a su dinero<\/strong>, la <strong>persegu\u00eda en la facultad<\/strong> y la <strong>aislaba de sus amigos<\/strong>.<em> \u201cLa espiaba, le revisaba el celular y le controlaba los mensajes desde su computadora\u201d<\/em>, cont\u00f3 el padre, quien adem\u00e1s sostuvo que en la residencia de San Telmo las peleas eran frecuentes.<\/p>\n\n\n\n<p>En las \u00faltimas horas, trascendi\u00f3 que el acusado <strong>ya tendr\u00eda antecedentes de violencia contra otras mujeres en Tarija<\/strong>, algo que el padre de la v\u00edctima intenta comprobar con testigos y testimonios directos.<\/p>\n\n\n\n<p>Castillo Corminola, nacido el 21 de enero de 2007, se encuentra detenido y asistido por un abogado particular. Hasta el momento, <strong>no declar\u00f3 ante la Justicia<\/strong>.<\/p>\n\n\n\n<p>La investigaci\u00f3n contin\u00faa con nuevas medidas de prueba, mientras la familia de Matilda espera el resultado de la autopsia y la entrega del cuerpo para poder despedirla.<\/p>\n","protected":false},"excerpt":{"rendered":"<p>El caso conmocion\u00f3 al pa\u00eds: Matilda L\u00f3pez Sanzetenea, una joven estudiante boliviana de 18 a\u00f1os, muri\u00f3 tras caer desde el balc\u00f3n de una residencia estudiantil [&hellip;]<\/p>\n","protected":false},"author":1,"featured_media":18803,"comment_status":"open","ping_status":"open","sticky":false,"template":"","format":"standard","meta":{"footnotes":""},"categories":[13],"tags":[],"class_list":["post-18802","post","type-post","status-publish","format-standard","has-post-thumbnail","hentry","category-policiales"],"better_featured_image":{"id":18803,"alt_text":"","caption":"","description":"","media_type":"image","media_details":{"width":882,"height":600,"file":"2025\/11\/santelfemi23.png","filesize":992563,"sizes":{"medium":{"file":"santelfemi23-300x204.png","width":300,"height":204,"mime-type":"image\/png","filesize":49175,"source_url":"https:\/\/nuevodigitaldeescobar.com.ar\/wp-content\/uploads\/2025\/11\/santelfemi23-300x204.png"},"thumbnail":{"file":"santelfemi23-150x150.png","width":150,"height":150,"mime-type":"image\/png","filesize":19901,"source_url":"https:\/\/nuevodigitaldeescobar.com.ar\/wp-content\/uploads\/2025\/11\/santelfemi23-150x150.png"},"medium_large":{"file":"santelfemi23-768x522.png","width":768,"height":522,"mime-type":"image\/png","filesize":262150,"source_url":"https:\/\/nuevodigitaldeescobar.com.ar\/wp-content\/uploads\/2025\/11\/santelfemi23-768x522.png"}},"image_meta":{"aperture":"0","credit":"","camera":"","caption":"","created_timestamp":"0","copyright":"","focal_length":"0","iso":"0","shutter_speed":"0","title":"","orientation":"0","keywords":[]}},"post":18802,"source_url":"https:\/\/nuevodigitaldeescobar.com.ar\/wp-content\/uploads\/2025\/11\/santelfemi23.png"},"yoast_head":"<!-- This site is optimized with the Yoast SEO plugin v26.1.1 - https:\/\/yoast.com\/wordpress\/plugins\/seo\/ -->\n<title>Femicidio en San Telmo: qui\u00e9n es el joven acusado de matar a Matilda, la estudiante que cay\u00f3 de un segundo piso - Nuevo Digital de Escobar<\/title>\n<meta name=\"robots\" content=\"index, follow, max-snippet:-1, max-image-preview:large, max-video-preview:-1\" \/>\n<link rel=\"canonical\" href=\"https:\/\/nuevodigitaldeescobar.com.ar\/?p=18802\" \/>\n<meta property=\"og:locale\" content=\"es_ES\" \/>\n<meta property=\"og:type\" content=\"article\" \/>\n<meta property=\"og:title\" content=\"Femicidio en San Telmo: qui\u00e9n es el joven acusado de matar a Matilda, la estudiante que cay\u00f3 de un segundo piso - Nuevo Digital de Escobar\" \/>\n<meta property=\"og:description\" content=\"El caso conmocion\u00f3 al pa\u00eds: Matilda L\u00f3pez Sanzetenea, una joven estudiante boliviana de 18 a\u00f1os, muri\u00f3 tras caer desde el balc\u00f3n de una residencia estudiantil [&hellip;]\" \/>\n<meta property=\"og:url\" content=\"https:\/\/nuevodigitaldeescobar.com.ar\/?p=18802\" \/>\n<meta property=\"og:site_name\" content=\"Nuevo Digital de Escobar\" \/>\n<meta property=\"article:publisher\" content=\"https:\/\/www.facebook.com\/NUEVODigitalDeEscobar\" \/>\n<meta property=\"article:published_time\" content=\"2025-11-09T11:52:17+00:00\" \/>\n<meta property=\"article:modified_time\" content=\"2025-11-09T11:52:28+00:00\" \/>\n<meta property=\"og:image\" content=\"http:\/\/nuevodigitaldeescobar.com.ar\/wp-content\/uploads\/2025\/11\/santelfemi23.png\" \/>\n\t<meta property=\"og:image:width\" content=\"882\" \/>\n\t<meta property=\"og:image:height\" content=\"600\" \/>\n\t<meta property=\"og:image:type\" content=\"image\/png\" \/>\n<meta name=\"author\" content=\"Redacci\u00f3n\" \/>\n<meta name=\"twitter:card\" content=\"summary_large_image\" \/>\n<meta name=\"twitter:creator\" content=\"@nuevodigescobar\" \/>\n<meta name=\"twitter:site\" content=\"@nuevodigescobar\" \/>\n<meta name=\"twitter:label1\" content=\"Escrito por\" \/>\n\t<meta name=\"twitter:data1\" content=\"Redacci\u00f3n\" \/>\n\t<meta name=\"twitter:label2\" content=\"Tiempo de lectura\" \/>\n\t<meta name=\"twitter:data2\" content=\"3 minutos\" \/>\n<script type=\"application\/ld+json\" class=\"yoast-schema-graph\">{\"@context\":\"https:\/\/schema.org\",\"@graph\":[{\"@type\":\"Article\",\"@id\":\"https:\/\/nuevodigitaldeescobar.com.ar\/?p=18802#article\",\"isPartOf\":{\"@id\":\"https:\/\/nuevodigitaldeescobar.com.ar\/?p=18802\"},\"author\":{\"name\":\"Redacci\u00f3n\",\"@id\":\"https:\/\/nuevodigitaldeescobar.com.ar\/#\/schema\/person\/035e90a8efe9a80e6eec22656ad6ea4c\"},\"headline\":\"Femicidio en San Telmo: qui\u00e9n es el joven acusado de matar a Matilda, la estudiante que cay\u00f3 de un segundo piso\",\"datePublished\":\"2025-11-09T11:52:17+00:00\",\"dateModified\":\"2025-11-09T11:52:28+00:00\",\"mainEntityOfPage\":{\"@id\":\"https:\/\/nuevodigitaldeescobar.com.ar\/?p=18802\"},\"wordCount\":449,\"commentCount\":0,\"publisher\":{\"@id\":\"https:\/\/nuevodigitaldeescobar.com.ar\/#organization\"},\"image\":{\"@id\":\"https:\/\/nuevodigitaldeescobar.com.ar\/?p=18802#primaryimage\"},\"thumbnailUrl\":\"https:\/\/nuevodigitaldeescobar.com.ar\/wp-content\/uploads\/2025\/11\/santelfemi23.png\",\"articleSection\":[\"Policiales\"],\"inLanguage\":\"es\",\"potentialAction\":[{\"@type\":\"CommentAction\",\"name\":\"Comment\",\"target\":[\"https:\/\/nuevodigitaldeescobar.com.ar\/?p=18802#respond\"]}]},{\"@type\":\"WebPage\",\"@id\":\"https:\/\/nuevodigitaldeescobar.com.ar\/?p=18802\",\"url\":\"https:\/\/nuevodigitaldeescobar.com.ar\/?p=18802\",\"name\":\"Femicidio en San Telmo: qui\u00e9n es el joven acusado de matar a Matilda, la estudiante que cay\u00f3 de un segundo piso - Nuevo Digital de Escobar\",\"isPartOf\":{\"@id\":\"https:\/\/nuevodigitaldeescobar.com.ar\/#website\"},\"primaryImageOfPage\":{\"@id\":\"https:\/\/nuevodigitaldeescobar.com.ar\/?p=18802#primaryimage\"},\"image\":{\"@id\":\"https:\/\/nuevodigitaldeescobar.com.ar\/?p=18802#primaryimage\"},\"thumbnailUrl\":\"https:\/\/nuevodigitaldeescobar.com.ar\/wp-content\/uploads\/2025\/11\/santelfemi23.png\",\"datePublished\":\"2025-11-09T11:52:17+00:00\",\"dateModified\":\"2025-11-09T11:52:28+00:00\",\"breadcrumb\":{\"@id\":\"https:\/\/nuevodigitaldeescobar.com.ar\/?p=18802#breadcrumb\"},\"inLanguage\":\"es\",\"potentialAction\":[{\"@type\":\"ReadAction\",\"target\":[\"https:\/\/nuevodigitaldeescobar.com.ar\/?p=18802\"]}]},{\"@type\":\"ImageObject\",\"inLanguage\":\"es\",\"@id\":\"https:\/\/nuevodigitaldeescobar.com.ar\/?p=18802#primaryimage\",\"url\":\"https:\/\/nuevodigitaldeescobar.com.ar\/wp-content\/uploads\/2025\/11\/santelfemi23.png\",\"contentUrl\":\"https:\/\/nuevodigitaldeescobar.com.ar\/wp-content\/uploads\/2025\/11\/santelfemi23.png\",\"width\":882,\"height\":600},{\"@type\":\"BreadcrumbList\",\"@id\":\"https:\/\/nuevodigitaldeescobar.com.ar\/?p=18802#breadcrumb\",\"itemListElement\":[{\"@type\":\"ListItem\",\"position\":1,\"name\":\"Portada\",\"item\":\"https:\/\/nuevodigitaldeescobar.com.ar\/\"},{\"@type\":\"ListItem\",\"position\":2,\"name\":\"Femicidio en San Telmo: qui\u00e9n es el joven acusado de matar a Matilda, la estudiante que cay\u00f3 de un segundo piso\"}]},{\"@type\":\"WebSite\",\"@id\":\"https:\/\/nuevodigitaldeescobar.com.ar\/#website\",\"url\":\"https:\/\/nuevodigitaldeescobar.com.ar\/\",\"name\":\"Nuevo Digital de Escobar\",\"description\":\"La vida escobarense. Directora: Rosana Brunner\",\"publisher\":{\"@id\":\"https:\/\/nuevodigitaldeescobar.com.ar\/#organization\"},\"potentialAction\":[{\"@type\":\"SearchAction\",\"target\":{\"@type\":\"EntryPoint\",\"urlTemplate\":\"https:\/\/nuevodigitaldeescobar.com.ar\/?s={search_term_string}\"},\"query-input\":{\"@type\":\"PropertyValueSpecification\",\"valueRequired\":true,\"valueName\":\"search_term_string\"}}],\"inLanguage\":\"es\"},{\"@type\":\"Organization\",\"@id\":\"https:\/\/nuevodigitaldeescobar.com.ar\/#organization\",\"name\":\"Nuevo Digital de Escobar\",\"url\":\"https:\/\/nuevodigitaldeescobar.com.ar\/\",\"logo\":{\"@type\":\"ImageObject\",\"inLanguage\":\"es\",\"@id\":\"https:\/\/nuevodigitaldeescobar.com.ar\/#\/schema\/logo\/image\/\",\"url\":\"https:\/\/nuevodigitaldeescobar.com.ar\/wp-content\/uploads\/2025\/05\/cropped-logo-nuevo2.jpg\",\"contentUrl\":\"https:\/\/nuevodigitaldeescobar.com.ar\/wp-content\/uploads\/2025\/05\/cropped-logo-nuevo2.jpg\",\"width\":305,\"height\":305,\"caption\":\"Nuevo Digital de Escobar\"},\"image\":{\"@id\":\"https:\/\/nuevodigitaldeescobar.com.ar\/#\/schema\/logo\/image\/\"},\"sameAs\":[\"https:\/\/www.facebook.com\/NUEVODigitalDeEscobar\",\"https:\/\/x.com\/nuevodigescobar\",\"https:\/\/www.instagram.com\/nuevodigitaldeescobar\"]},{\"@type\":\"Person\",\"@id\":\"https:\/\/nuevodigitaldeescobar.com.ar\/#\/schema\/person\/035e90a8efe9a80e6eec22656ad6ea4c\",\"name\":\"Redacci\u00f3n\",\"image\":{\"@type\":\"ImageObject\",\"inLanguage\":\"es\",\"@id\":\"https:\/\/nuevodigitaldeescobar.com.ar\/#\/schema\/person\/image\/\",\"url\":\"https:\/\/secure.gravatar.com\/avatar\/8af8f40000c24e9eef3034f2be5998a372bb1389e64b1a4a36b3a7979142220d?s=96&d=mm&r=g\",\"contentUrl\":\"https:\/\/secure.gravatar.com\/avatar\/8af8f40000c24e9eef3034f2be5998a372bb1389e64b1a4a36b3a7979142220d?s=96&d=mm&r=g\",\"caption\":\"Redacci\u00f3n\"},\"sameAs\":[\"http:\/\/nuevodigitaldeescobar.com.ar\"],\"url\":\"https:\/\/nuevodigitaldeescobar.com.ar\/?author=1\"}]}<\/script>\n<!-- \/ Yoast SEO plugin. -->","yoast_head_json":{"title":"Femicidio en San Telmo: qui\u00e9n es el joven acusado de matar a Matilda, la estudiante que cay\u00f3 de un segundo piso - Nuevo Digital de Escobar","robots":{"index":"index","follow":"follow","max-snippet":"max-snippet:-1","max-image-preview":"max-image-preview:large","max-video-preview":"max-video-preview:-1"},"canonical":"https:\/\/nuevodigitaldeescobar.com.ar\/?p=18802","og_locale":"es_ES","og_type":"article","og_title":"Femicidio en San Telmo: qui\u00e9n es el joven acusado de matar a Matilda, la estudiante que cay\u00f3 de un segundo piso - Nuevo Digital de Escobar","og_description":"El caso conmocion\u00f3 al pa\u00eds: Matilda L\u00f3pez Sanzetenea, una joven estudiante boliviana de 18 a\u00f1os, muri\u00f3 tras caer desde el balc\u00f3n de una residencia estudiantil [&hellip;]","og_url":"https:\/\/nuevodigitaldeescobar.com.ar\/?p=18802","og_site_name":"Nuevo Digital de Escobar","article_publisher":"https:\/\/www.facebook.com\/NUEVODigitalDeEscobar","article_published_time":"2025-11-09T11:52:17+00:00","article_modified_time":"2025-11-09T11:52:28+00:00","og_image":[{"width":882,"height":600,"url":"http:\/\/nuevodigitaldeescobar.com.ar\/wp-content\/uploads\/2025\/11\/santelfemi23.png","type":"image\/png"}],"author":"Redacci\u00f3n","twitter_card":"summary_large_image","twitter_creator":"@nuevodigescobar","twitter_site":"@nuevodigescobar","twitter_misc":{"Escrito por":"Redacci\u00f3n","Tiempo de lectura":"3 minutos"},"schema":{"@context":"https:\/\/schema.org","@graph":[{"@type":"Article","@id":"https:\/\/nuevodigitaldeescobar.com.ar\/?p=18802#article","isPartOf":{"@id":"https:\/\/nuevodigitaldeescobar.com.ar\/?p=18802"},"author":{"name":"Redacci\u00f3n","@id":"https:\/\/nuevodigitaldeescobar.com.ar\/#\/schema\/person\/035e90a8efe9a80e6eec22656ad6ea4c"},"headline":"Femicidio en San Telmo: qui\u00e9n es el joven acusado de matar a Matilda, la estudiante que cay\u00f3 de un segundo piso","datePublished":"2025-11-09T11:52:17+00:00","dateModified":"2025-11-09T11:52:28+00:00","mainEntityOfPage":{"@id":"https:\/\/nuevodigitaldeescobar.com.ar\/?p=18802"},"wordCount":449,"commentCount":0,"publisher":{"@id":"https:\/\/nuevodigitaldeescobar.com.ar\/#organization"},"image":{"@id":"https:\/\/nuevodigitaldeescobar.com.ar\/?p=18802#primaryimage"},"thumbnailUrl":"https:\/\/nuevodigitaldeescobar.com.ar\/wp-content\/uploads\/2025\/11\/santelfemi23.png","articleSection":["Policiales"],"inLanguage":"es","potentialAction":[{"@type":"CommentAction","name":"Comment","target":["https:\/\/nuevodigitaldeescobar.com.ar\/?p=18802#respond"]}]},{"@type":"WebPage","@id":"https:\/\/nuevodigitaldeescobar.com.ar\/?p=18802","url":"https:\/\/nuevodigitaldeescobar.com.ar\/?p=18802","name":"Femicidio en San Telmo: qui\u00e9n es el joven acusado de matar a Matilda, la estudiante que cay\u00f3 de un segundo piso - Nuevo Digital de Escobar","isPartOf":{"@id":"https:\/\/nuevodigitaldeescobar.com.ar\/#website"},"primaryImageOfPage":{"@id":"https:\/\/nuevodigitaldeescobar.com.ar\/?p=18802#primaryimage"},"image":{"@id":"https:\/\/nuevodigitaldeescobar.com.ar\/?p=18802#primaryimage"},"thumbnailUrl":"https:\/\/nuevodigitaldeescobar.com.ar\/wp-content\/uploads\/2025\/11\/santelfemi23.png","datePublished":"2025-11-09T11:52:17+00:00","dateModified":"2025-11-09T11:52:28+00:00","breadcrumb":{"@id":"https:\/\/nuevodigitaldeescobar.com.ar\/?p=18802#breadcrumb"},"inLanguage":"es","potentialAction":[{"@type":"ReadAction","target":["https:\/\/nuevodigitaldeescobar.com.ar\/?p=18802"]}]},{"@type":"ImageObject","inLanguage":"es","@id":"https:\/\/nuevodigitaldeescobar.com.ar\/?p=18802#primaryimage","url":"https:\/\/nuevodigitaldeescobar.com.ar\/wp-content\/uploads\/2025\/11\/santelfemi23.png","contentUrl":"https:\/\/nuevodigitaldeescobar.com.ar\/wp-content\/uploads\/2025\/11\/santelfemi23.png","width":882,"height":600},{"@type":"BreadcrumbList","@id":"https:\/\/nuevodigitaldeescobar.com.ar\/?p=18802#breadcrumb","itemListElement":[{"@type":"ListItem","position":1,"name":"Portada","item":"https:\/\/nuevodigitaldeescobar.com.ar\/"},{"@type":"ListItem","position":2,"name":"Femicidio en San Telmo: qui\u00e9n es el joven acusado de matar a Matilda, la estudiante que cay\u00f3 de un segundo piso"}]},{"@type":"WebSite","@id":"https:\/\/nuevodigitaldeescobar.com.ar\/#website","url":"https:\/\/nuevodigitaldeescobar.com.ar\/","name":"Nuevo Digital de Escobar","description":"La vida escobarense. Directora: Rosana Brunner","publisher":{"@id":"https:\/\/nuevodigitaldeescobar.com.ar\/#organization"},"potentialAction":[{"@type":"SearchAction","target":{"@type":"EntryPoint","urlTemplate":"https:\/\/nuevodigitaldeescobar.com.ar\/?s={search_term_string}"},"query-input":{"@type":"PropertyValueSpecification","valueRequired":true,"valueName":"search_term_string"}}],"inLanguage":"es"},{"@type":"Organization","@id":"https:\/\/nuevodigitaldeescobar.com.ar\/#organization","name":"Nuevo Digital de Escobar","url":"https:\/\/nuevodigitaldeescobar.com.ar\/","logo":{"@type":"ImageObject","inLanguage":"es","@id":"https:\/\/nuevodigitaldeescobar.com.ar\/#\/schema\/logo\/image\/","url":"https:\/\/nuevodigitaldeescobar.com.ar\/wp-content\/uploads\/2025\/05\/cropped-logo-nuevo2.jpg","contentUrl":"https:\/\/nuevodigitaldeescobar.com.ar\/wp-content\/uploads\/2025\/05\/cropped-logo-nuevo2.jpg","width":305,"height":305,"caption":"Nuevo Digital de Escobar"},"image":{"@id":"https:\/\/nuevodigitaldeescobar.com.ar\/#\/schema\/logo\/image\/"},"sameAs":["https:\/\/www.facebook.com\/NUEVODigitalDeEscobar","https:\/\/x.com\/nuevodigescobar","https:\/\/www.instagram.com\/nuevodigitaldeescobar"]},{"@type":"Person","@id":"https:\/\/nuevodigitaldeescobar.com.ar\/#\/schema\/person\/035e90a8efe9a80e6eec22656ad6ea4c","name":"Redacci\u00f3n","image":{"@type":"ImageObject","inLanguage":"es","@id":"https:\/\/nuevodigitaldeescobar.com.ar\/#\/schema\/person\/image\/","url":"https:\/\/secure.gravatar.com\/avatar\/8af8f40000c24e9eef3034f2be5998a372bb1389e64b1a4a36b3a7979142220d?s=96&d=mm&r=g","contentUrl":"https:\/\/secure.gravatar.com\/avatar\/8af8f40000c24e9eef3034f2be5998a372bb1389e64b1a4a36b3a7979142220d?s=96&d=mm&r=g","caption":"Redacci\u00f3n"},"sameAs":["http:\/\/nuevodigitaldeescobar.com.ar"],"url":"https:\/\/nuevodigitaldeescobar.com.ar\/?author=1"}]}},"featured_image_urls":{"full":["https:\/\/nuevodigitaldeescobar.com.ar\/wp-content\/uploads\/2025\/11\/santelfemi23.png",882,600,false],"thumbnail":["https:\/\/nuevodigitaldeescobar.com.ar\/wp-content\/uploads\/2025\/11\/santelfemi23-150x150.png",150,150,true],"medium":["https:\/\/nuevodigitaldeescobar.com.ar\/wp-content\/uploads\/2025\/11\/santelfemi23-300x204.png",300,204,true],"medium_large":["https:\/\/nuevodigitaldeescobar.com.ar\/wp-content\/uploads\/2025\/11\/santelfemi23-768x522.png",640,435,true],"large":["https:\/\/nuevodigitaldeescobar.com.ar\/wp-content\/uploads\/2025\/11\/santelfemi23.png",640,435,false],"1536x1536":["https:\/\/nuevodigitaldeescobar.com.ar\/wp-content\/uploads\/2025\/11\/santelfemi23.png",882,600,false],"2048x2048":["https:\/\/nuevodigitaldeescobar.com.ar\/wp-content\/uploads\/2025\/11\/santelfemi23.png",882,600,false]},"author_info":{"display_name":"Redacci\u00f3n","author_link":"https:\/\/nuevodigitaldeescobar.com.ar\/?author=1"},"category_info":"<a href=\"https:\/\/nuevodigitaldeescobar.com.ar\/?cat=13\" rel=\"category\">Policiales<\/a>","tag_info":"Policiales","comment_count":"0","_links":{"self":[{"href":"https:\/\/nuevodigitaldeescobar.com.ar\/index.php?rest_route=\/wp\/v2\/posts\/18802","targetHints":{"allow":["GET"]}}],"collection":[{"href":"https:\/\/nuevodigitaldeescobar.com.ar\/index.php?rest_route=\/wp\/v2\/posts"}],"about":[{"href":"https:\/\/nuevodigitaldeescobar.com.ar\/index.php?rest_route=\/wp\/v2\/types\/post"}],"author":[{"embeddable":true,"href":"https:\/\/nuevodigitaldeescobar.com.ar\/index.php?rest_route=\/wp\/v2\/users\/1"}],"replies":[{"embeddable":true,"href":"https:\/\/nuevodigitaldeescobar.com.ar\/index.php?rest_route=%2Fwp%2Fv2%2Fcomments&post=18802"}],"version-history":[{"count":1,"href":"https:\/\/nuevodigitaldeescobar.com.ar\/index.php?rest_route=\/wp\/v2\/posts\/18802\/revisions"}],"predecessor-version":[{"id":18805,"href":"https:\/\/nuevodigitaldeescobar.com.ar\/index.php?rest_route=\/wp\/v2\/posts\/18802\/revisions\/18805"}],"wp:featuredmedia":[{"embeddable":true,"href":"https:\/\/nuevodigitaldeescobar.com.ar\/index.php?rest_route=\/wp\/v2\/media\/18803"}],"wp:attachment":[{"href":"https:\/\/nuevodigitaldeescobar.com.ar\/index.php?rest_route=%2Fwp%2Fv2%2Fmedia&parent=18802"}],"wp:term":[{"taxonomy":"category","embeddable":true,"href":"https:\/\/nuevodigitaldeescobar.com.ar\/index.php?rest_route=%2Fwp%2Fv2%2Fcategories&post=18802"},{"taxonomy":"post_tag","embeddable":true,"href":"https:\/\/nuevodigitaldeescobar.com.ar\/index.php?rest_route=%2Fwp%2Fv2%2Ftags&post=18802"}],"curies":[{"name":"wp","href":"https:\/\/api.w.org\/{rel}","templated":true}]}}