{"id":18816,"date":"2025-11-10T12:50:00","date_gmt":"2025-11-10T15:50:00","guid":{"rendered":"https:\/\/nuevodigitaldeescobar.com.ar\/?p=18816"},"modified":"2025-11-11T00:53:43","modified_gmt":"2025-11-11T03:53:43","slug":"kicillof-reclamara-fondos-a-la-nacion-mientras-destina-millones-a-gastos-cuestionados-en-la-provincia","status":"publish","type":"post","link":"https:\/\/nuevodigitaldeescobar.com.ar\/?p=18816","title":{"rendered":"Kicillof reclamar\u00e1 fondos a la Naci\u00f3n mientras destina millones a gastos cuestionados en la Provincia"},"content":{"rendered":"\n<p class=\"has-vivid-cyan-blue-color has-text-color has-link-color wp-elements-47bae1989db84b4b024761ce0082dd48\"><em><strong>El gobernador bonaerense Axel Kicillof volver\u00e1 a reclamar al Gobierno nacional el env\u00edo de fondos y el traspaso de obras clave que permanecen paralizadas en territorio provincial. El pedido ser\u00e1 dirigido al flamante ministro del Interior, Diego Santilli, quien asumir\u00e1 esta semana en reemplazo de Lisandro Catal\u00e1n.<\/strong><\/em><\/p>\n\n\n\n<!--more-->\n\n\n\n<p>El ministro de Gobierno bonaerense, Carlos Bianco, confirm\u00f3 este lunes que ya inici\u00f3 el contacto con Santilli. <em>\u201cLe escrib\u00ed por WhatsApp para felicitarlo por su designaci\u00f3n y me respondi\u00f3 con una manito. Estoy esperando que jure para poder avanzar con una agenda de trabajo\u201d<\/em>, coment\u00f3 con iron\u00eda.<\/p>\n\n\n\n<h3 class=\"wp-block-heading has-text-color has-link-color wp-elements-695fa41332907c34f4e399d2d533c096\" style=\"color:#112abb\">Reclamos por obras y recursos detenidos<\/h3>\n\n\n\n<p>Desde la Gobernaci\u00f3n aseguran que la Provincia dej\u00f3 de percibir cerca de <strong>13 billones de pesos<\/strong> tras los recortes aplicados por la gesti\u00f3n nacional en diciembre pasado. <em>\u201cPediremos que devuelvan los fondos y que se reanuden las obras que quedaron paralizadas\u201d<\/em>, se\u00f1al\u00f3 Bianco.<\/p>\n\n\n\n<p>Entre los proyectos que Kicillof pretende recuperar se encuentran la <strong>Autopista Presidente Per\u00f3n<\/strong>, el <strong>dragado del R\u00edo Salado<\/strong> y la <strong>jurisdicci\u00f3n sobre el R\u00edo de la Plata<\/strong> para avanzar con el <strong>Canal Magdalena<\/strong>, una iniciativa de navegaci\u00f3n estrat\u00e9gica suspendida con el cambio de gobierno.<\/p>\n\n\n\n<p><em>\u201cEl tramo IV del dragado del R\u00edo Salado, que abarca 33 kil\u00f3metros, est\u00e1 completamente detenido desde diciembre. Es una obra esencial para prevenir inundaciones en el interior bonaerense\u201d<\/em>, precis\u00f3 el ministro.<\/p>\n\n\n\n<h3 class=\"wp-block-heading has-text-color has-link-color wp-elements-7f49e2fecbf464e64d357cb55daa0d22\" style=\"color:#112abb\">Un gasto que genera controversias<\/h3>\n\n\n\n<p>Pese a los reclamos por la falta de recursos y la paralizaci\u00f3n de obras, el propio gobierno bonaerense enfrenta cr\u00edticas por <strong>gastos de alto monto<\/strong> en \u00e1reas no prioritarias.<\/p>\n\n\n\n<p>En las \u00faltimas semanas se conoci\u00f3 que la gesti\u00f3n de Kicillof destinar\u00e1:<\/p>\n\n\n\n<ul class=\"wp-block-list\">\n<li><strong>57 millones de pesos<\/strong> a una colonia de verano para el Instituto de la Vivienda.<\/li>\n\n\n\n<li><strong>498 millones de pesos<\/strong> a remodelar oficinas provinciales.<\/li>\n\n\n\n<li><strong>2.300 millones de pesos<\/strong> para construir dos paradores \u201cRecreo\u201d en <strong>Villa Gesell<\/strong> y <strong>Miramar<\/strong>.<\/li>\n\n\n\n<li><strong>150 millones de pesos<\/strong> para la adquisici\u00f3n de bicicletas.<\/li>\n<\/ul>\n\n\n\n<p>Estas cifras generaron cuestionamientos sobre las prioridades del Ejecutivo bonaerense, que mientras reclama fondos para infraestructura y obras hidr\u00e1ulicas, orienta parte del presupuesto a proyectos recreativos o administrativos.<\/p>\n\n\n\n<h3 class=\"wp-block-heading has-text-color has-link-color wp-elements-d294b0b83b481fbf5649fe36def7526b\" style=\"color:#112abb\">Expectativa por una nueva etapa de di\u00e1logo<\/h3>\n\n\n\n<p>Bianco adelant\u00f3 que, una vez que Santilli asuma formalmente, insistir\u00e1 en obtener una audiencia: <em>\u201cTenemos la nota lista desde la semana pasada. Vamos a presentarla tambi\u00e9n por mesa de entradas para que no se pierda en el \u00e9ter\u201d<\/em>, ironiz\u00f3.<\/p>\n\n\n<div class=\"wp-block-image is-style-rounded\">\n<figure class=\"aligncenter size-full is-resized\"><img fetchpriority=\"high\" decoding=\"async\" width=\"867\" height=\"617\" src=\"http:\/\/nuevodigitaldeescobar.com.ar\/wp-content\/uploads\/2025\/10\/santillimilei33.png\" alt=\"\" class=\"wp-image-18626\" style=\"width:677px;height:auto\" srcset=\"https:\/\/nuevodigitaldeescobar.com.ar\/wp-content\/uploads\/2025\/10\/santillimilei33.png 867w, https:\/\/nuevodigitaldeescobar.com.ar\/wp-content\/uploads\/2025\/10\/santillimilei33-300x213.png 300w, https:\/\/nuevodigitaldeescobar.com.ar\/wp-content\/uploads\/2025\/10\/santillimilei33-768x547.png 768w\" sizes=\"(max-width: 867px) 100vw, 867px\" \/><\/figure><\/div>\n\n\n<p>El ministro bonaerense remarc\u00f3 que busca <em>\u201creabrir el di\u00e1logo institucional con la Naci\u00f3n\u201d<\/em> y establecer una agenda com\u00fan de trabajo <em>\u201cpara la provincia m\u00e1s grande del pa\u00eds\u201d<\/em>.<\/p>\n\n\n\n<p>Por su parte, Santilli iniciar\u00e1 su gesti\u00f3n con una serie de encuentros con gobernadores de distintas provincias \u2014entre ellos Alfredo Cornejo, Rogelio Frigerio y Mart\u00edn Llaryora\u2014 con el objetivo de reforzar la relaci\u00f3n pol\u00edtica y obtener respaldo para las reformas estructurales que impulsa el Gobierno nacional.<\/p>\n\n\n\n<p>Mientras tanto, en territorio bonaerense crece la pol\u00e9mica por la gesti\u00f3n de los recursos: los reclamos por obras paralizadas contrastan con decisiones de gasto que muchos consideran alejadas de las verdaderas urgencias de los bonaerenses.<\/p>\n","protected":false},"excerpt":{"rendered":"<p>El gobernador bonaerense Axel Kicillof volver\u00e1 a reclamar al Gobierno nacional el env\u00edo de fondos y el traspaso de obras clave que permanecen paralizadas en [&hellip;]<\/p>\n","protected":false},"author":1,"featured_media":15162,"comment_status":"open","ping_status":"open","sticky":false,"template":"","format":"standard","meta":{"footnotes":""},"categories":[6],"tags":[],"class_list":["post-18816","post","type-post","status-publish","format-standard","has-post-thumbnail","hentry","category-politica"],"better_featured_image":{"id":15162,"alt_text":"","caption":"","description":"","media_type":"image","media_details":{"width":794,"height":545,"file":"2025\/06\/axelkici111.png","filesize":590878,"sizes":{"medium":{"file":"axelkici111-300x206.png","width":300,"height":206,"mime-type":"image\/png","filesize":71128,"source_url":"https:\/\/nuevodigitaldeescobar.com.ar\/wp-content\/uploads\/2025\/06\/axelkici111-300x206.png"},"thumbnail":{"file":"axelkici111-150x150.png","width":150,"height":150,"mime-type":"image\/png","filesize":32358,"source_url":"https:\/\/nuevodigitaldeescobar.com.ar\/wp-content\/uploads\/2025\/06\/axelkici111-150x150.png"},"medium_large":{"file":"axelkici111-768x527.png","width":768,"height":527,"mime-type":"image\/png","filesize":311447,"source_url":"https:\/\/nuevodigitaldeescobar.com.ar\/wp-content\/uploads\/2025\/06\/axelkici111-768x527.png"}},"image_meta":{"aperture":"0","credit":"","camera":"","caption":"","created_timestamp":"0","copyright":"","focal_length":"0","iso":"0","shutter_speed":"0","title":"","orientation":"0","keywords":[]}},"post":15161,"source_url":"https:\/\/nuevodigitaldeescobar.com.ar\/wp-content\/uploads\/2025\/06\/axelkici111.png"},"yoast_head":"<!-- This site is optimized with the Yoast SEO plugin v26.1.1 - https:\/\/yoast.com\/wordpress\/plugins\/seo\/ -->\n<title>Kicillof reclamar\u00e1 fondos a la Naci\u00f3n mientras destina millones a gastos cuestionados en la Provincia - Nuevo Digital de Escobar<\/title>\n<meta name=\"robots\" content=\"index, follow, max-snippet:-1, max-image-preview:large, max-video-preview:-1\" \/>\n<link rel=\"canonical\" href=\"https:\/\/nuevodigitaldeescobar.com.ar\/?p=18816\" \/>\n<meta property=\"og:locale\" content=\"es_ES\" \/>\n<meta property=\"og:type\" content=\"article\" \/>\n<meta property=\"og:title\" content=\"Kicillof reclamar\u00e1 fondos a la Naci\u00f3n mientras destina millones a gastos cuestionados en la Provincia - Nuevo Digital de Escobar\" \/>\n<meta property=\"og:description\" content=\"El gobernador bonaerense Axel Kicillof volver\u00e1 a reclamar al Gobierno nacional el env\u00edo de fondos y el traspaso de obras clave que permanecen paralizadas en [&hellip;]\" \/>\n<meta property=\"og:url\" content=\"https:\/\/nuevodigitaldeescobar.com.ar\/?p=18816\" \/>\n<meta property=\"og:site_name\" content=\"Nuevo Digital de Escobar\" \/>\n<meta property=\"article:publisher\" content=\"https:\/\/www.facebook.com\/NUEVODigitalDeEscobar\" \/>\n<meta property=\"article:published_time\" content=\"2025-11-10T15:50:00+00:00\" \/>\n<meta property=\"article:modified_time\" content=\"2025-11-11T03:53:43+00:00\" \/>\n<meta property=\"og:image\" content=\"http:\/\/nuevodigitaldeescobar.com.ar\/wp-content\/uploads\/2025\/06\/axelkici111.png\" \/>\n\t<meta property=\"og:image:width\" content=\"794\" \/>\n\t<meta property=\"og:image:height\" content=\"545\" \/>\n\t<meta property=\"og:image:type\" content=\"image\/png\" \/>\n<meta name=\"author\" content=\"Redacci\u00f3n\" \/>\n<meta name=\"twitter:card\" content=\"summary_large_image\" \/>\n<meta name=\"twitter:creator\" content=\"@nuevodigescobar\" \/>\n<meta name=\"twitter:site\" content=\"@nuevodigescobar\" \/>\n<meta name=\"twitter:label1\" content=\"Escrito por\" \/>\n\t<meta name=\"twitter:data1\" content=\"Redacci\u00f3n\" \/>\n\t<meta name=\"twitter:label2\" content=\"Tiempo de lectura\" \/>\n\t<meta name=\"twitter:data2\" content=\"3 minutos\" \/>\n<script type=\"application\/ld+json\" class=\"yoast-schema-graph\">{\"@context\":\"https:\/\/schema.org\",\"@graph\":[{\"@type\":\"Article\",\"@id\":\"https:\/\/nuevodigitaldeescobar.com.ar\/?p=18816#article\",\"isPartOf\":{\"@id\":\"https:\/\/nuevodigitaldeescobar.com.ar\/?p=18816\"},\"author\":{\"name\":\"Redacci\u00f3n\",\"@id\":\"https:\/\/nuevodigitaldeescobar.com.ar\/#\/schema\/person\/035e90a8efe9a80e6eec22656ad6ea4c\"},\"headline\":\"Kicillof reclamar\u00e1 fondos a la Naci\u00f3n mientras destina millones a gastos cuestionados en la Provincia\",\"datePublished\":\"2025-11-10T15:50:00+00:00\",\"dateModified\":\"2025-11-11T03:53:43+00:00\",\"mainEntityOfPage\":{\"@id\":\"https:\/\/nuevodigitaldeescobar.com.ar\/?p=18816\"},\"wordCount\":535,\"commentCount\":0,\"publisher\":{\"@id\":\"https:\/\/nuevodigitaldeescobar.com.ar\/#organization\"},\"image\":{\"@id\":\"https:\/\/nuevodigitaldeescobar.com.ar\/?p=18816#primaryimage\"},\"thumbnailUrl\":\"https:\/\/nuevodigitaldeescobar.com.ar\/wp-content\/uploads\/2025\/06\/axelkici111.png\",\"articleSection\":[\"Pol\u00edtica\"],\"inLanguage\":\"es\",\"potentialAction\":[{\"@type\":\"CommentAction\",\"name\":\"Comment\",\"target\":[\"https:\/\/nuevodigitaldeescobar.com.ar\/?p=18816#respond\"]}]},{\"@type\":\"WebPage\",\"@id\":\"https:\/\/nuevodigitaldeescobar.com.ar\/?p=18816\",\"url\":\"https:\/\/nuevodigitaldeescobar.com.ar\/?p=18816\",\"name\":\"Kicillof reclamar\u00e1 fondos a la Naci\u00f3n mientras destina millones a gastos cuestionados en la Provincia - Nuevo Digital de Escobar\",\"isPartOf\":{\"@id\":\"https:\/\/nuevodigitaldeescobar.com.ar\/#website\"},\"primaryImageOfPage\":{\"@id\":\"https:\/\/nuevodigitaldeescobar.com.ar\/?p=18816#primaryimage\"},\"image\":{\"@id\":\"https:\/\/nuevodigitaldeescobar.com.ar\/?p=18816#primaryimage\"},\"thumbnailUrl\":\"https:\/\/nuevodigitaldeescobar.com.ar\/wp-content\/uploads\/2025\/06\/axelkici111.png\",\"datePublished\":\"2025-11-10T15:50:00+00:00\",\"dateModified\":\"2025-11-11T03:53:43+00:00\",\"breadcrumb\":{\"@id\":\"https:\/\/nuevodigitaldeescobar.com.ar\/?p=18816#breadcrumb\"},\"inLanguage\":\"es\",\"potentialAction\":[{\"@type\":\"ReadAction\",\"target\":[\"https:\/\/nuevodigitaldeescobar.com.ar\/?p=18816\"]}]},{\"@type\":\"ImageObject\",\"inLanguage\":\"es\",\"@id\":\"https:\/\/nuevodigitaldeescobar.com.ar\/?p=18816#primaryimage\",\"url\":\"https:\/\/nuevodigitaldeescobar.com.ar\/wp-content\/uploads\/2025\/06\/axelkici111.png\",\"contentUrl\":\"https:\/\/nuevodigitaldeescobar.com.ar\/wp-content\/uploads\/2025\/06\/axelkici111.png\",\"width\":794,\"height\":545},{\"@type\":\"BreadcrumbList\",\"@id\":\"https:\/\/nuevodigitaldeescobar.com.ar\/?p=18816#breadcrumb\",\"itemListElement\":[{\"@type\":\"ListItem\",\"position\":1,\"name\":\"Portada\",\"item\":\"https:\/\/nuevodigitaldeescobar.com.ar\/\"},{\"@type\":\"ListItem\",\"position\":2,\"name\":\"Kicillof reclamar\u00e1 fondos a la Naci\u00f3n mientras destina millones a gastos cuestionados en la Provincia\"}]},{\"@type\":\"WebSite\",\"@id\":\"https:\/\/nuevodigitaldeescobar.com.ar\/#website\",\"url\":\"https:\/\/nuevodigitaldeescobar.com.ar\/\",\"name\":\"Nuevo Digital de Escobar\",\"description\":\"La vida escobarense. Directora: Rosana Brunner\",\"publisher\":{\"@id\":\"https:\/\/nuevodigitaldeescobar.com.ar\/#organization\"},\"potentialAction\":[{\"@type\":\"SearchAction\",\"target\":{\"@type\":\"EntryPoint\",\"urlTemplate\":\"https:\/\/nuevodigitaldeescobar.com.ar\/?s={search_term_string}\"},\"query-input\":{\"@type\":\"PropertyValueSpecification\",\"valueRequired\":true,\"valueName\":\"search_term_string\"}}],\"inLanguage\":\"es\"},{\"@type\":\"Organization\",\"@id\":\"https:\/\/nuevodigitaldeescobar.com.ar\/#organization\",\"name\":\"Nuevo Digital de Escobar\",\"url\":\"https:\/\/nuevodigitaldeescobar.com.ar\/\",\"logo\":{\"@type\":\"ImageObject\",\"inLanguage\":\"es\",\"@id\":\"https:\/\/nuevodigitaldeescobar.com.ar\/#\/schema\/logo\/image\/\",\"url\":\"https:\/\/nuevodigitaldeescobar.com.ar\/wp-content\/uploads\/2025\/05\/cropped-logo-nuevo2.jpg\",\"contentUrl\":\"https:\/\/nuevodigitaldeescobar.com.ar\/wp-content\/uploads\/2025\/05\/cropped-logo-nuevo2.jpg\",\"width\":305,\"height\":305,\"caption\":\"Nuevo Digital de Escobar\"},\"image\":{\"@id\":\"https:\/\/nuevodigitaldeescobar.com.ar\/#\/schema\/logo\/image\/\"},\"sameAs\":[\"https:\/\/www.facebook.com\/NUEVODigitalDeEscobar\",\"https:\/\/x.com\/nuevodigescobar\",\"https:\/\/www.instagram.com\/nuevodigitaldeescobar\"]},{\"@type\":\"Person\",\"@id\":\"https:\/\/nuevodigitaldeescobar.com.ar\/#\/schema\/person\/035e90a8efe9a80e6eec22656ad6ea4c\",\"name\":\"Redacci\u00f3n\",\"image\":{\"@type\":\"ImageObject\",\"inLanguage\":\"es\",\"@id\":\"https:\/\/nuevodigitaldeescobar.com.ar\/#\/schema\/person\/image\/\",\"url\":\"https:\/\/secure.gravatar.com\/avatar\/8af8f40000c24e9eef3034f2be5998a372bb1389e64b1a4a36b3a7979142220d?s=96&d=mm&r=g\",\"contentUrl\":\"https:\/\/secure.gravatar.com\/avatar\/8af8f40000c24e9eef3034f2be5998a372bb1389e64b1a4a36b3a7979142220d?s=96&d=mm&r=g\",\"caption\":\"Redacci\u00f3n\"},\"sameAs\":[\"http:\/\/nuevodigitaldeescobar.com.ar\"],\"url\":\"https:\/\/nuevodigitaldeescobar.com.ar\/?author=1\"}]}<\/script>\n<!-- \/ Yoast SEO plugin. -->","yoast_head_json":{"title":"Kicillof reclamar\u00e1 fondos a la Naci\u00f3n mientras destina millones a gastos cuestionados en la Provincia - Nuevo Digital de Escobar","robots":{"index":"index","follow":"follow","max-snippet":"max-snippet:-1","max-image-preview":"max-image-preview:large","max-video-preview":"max-video-preview:-1"},"canonical":"https:\/\/nuevodigitaldeescobar.com.ar\/?p=18816","og_locale":"es_ES","og_type":"article","og_title":"Kicillof reclamar\u00e1 fondos a la Naci\u00f3n mientras destina millones a gastos cuestionados en la Provincia - Nuevo Digital de Escobar","og_description":"El gobernador bonaerense Axel Kicillof volver\u00e1 a reclamar al Gobierno nacional el env\u00edo de fondos y el traspaso de obras clave que permanecen paralizadas en [&hellip;]","og_url":"https:\/\/nuevodigitaldeescobar.com.ar\/?p=18816","og_site_name":"Nuevo Digital de Escobar","article_publisher":"https:\/\/www.facebook.com\/NUEVODigitalDeEscobar","article_published_time":"2025-11-10T15:50:00+00:00","article_modified_time":"2025-11-11T03:53:43+00:00","og_image":[{"width":794,"height":545,"url":"http:\/\/nuevodigitaldeescobar.com.ar\/wp-content\/uploads\/2025\/06\/axelkici111.png","type":"image\/png"}],"author":"Redacci\u00f3n","twitter_card":"summary_large_image","twitter_creator":"@nuevodigescobar","twitter_site":"@nuevodigescobar","twitter_misc":{"Escrito por":"Redacci\u00f3n","Tiempo de lectura":"3 minutos"},"schema":{"@context":"https:\/\/schema.org","@graph":[{"@type":"Article","@id":"https:\/\/nuevodigitaldeescobar.com.ar\/?p=18816#article","isPartOf":{"@id":"https:\/\/nuevodigitaldeescobar.com.ar\/?p=18816"},"author":{"name":"Redacci\u00f3n","@id":"https:\/\/nuevodigitaldeescobar.com.ar\/#\/schema\/person\/035e90a8efe9a80e6eec22656ad6ea4c"},"headline":"Kicillof reclamar\u00e1 fondos a la Naci\u00f3n mientras destina millones a gastos cuestionados en la Provincia","datePublished":"2025-11-10T15:50:00+00:00","dateModified":"2025-11-11T03:53:43+00:00","mainEntityOfPage":{"@id":"https:\/\/nuevodigitaldeescobar.com.ar\/?p=18816"},"wordCount":535,"commentCount":0,"publisher":{"@id":"https:\/\/nuevodigitaldeescobar.com.ar\/#organization"},"image":{"@id":"https:\/\/nuevodigitaldeescobar.com.ar\/?p=18816#primaryimage"},"thumbnailUrl":"https:\/\/nuevodigitaldeescobar.com.ar\/wp-content\/uploads\/2025\/06\/axelkici111.png","articleSection":["Pol\u00edtica"],"inLanguage":"es","potentialAction":[{"@type":"CommentAction","name":"Comment","target":["https:\/\/nuevodigitaldeescobar.com.ar\/?p=18816#respond"]}]},{"@type":"WebPage","@id":"https:\/\/nuevodigitaldeescobar.com.ar\/?p=18816","url":"https:\/\/nuevodigitaldeescobar.com.ar\/?p=18816","name":"Kicillof reclamar\u00e1 fondos a la Naci\u00f3n mientras destina millones a gastos cuestionados en la Provincia - Nuevo Digital de Escobar","isPartOf":{"@id":"https:\/\/nuevodigitaldeescobar.com.ar\/#website"},"primaryImageOfPage":{"@id":"https:\/\/nuevodigitaldeescobar.com.ar\/?p=18816#primaryimage"},"image":{"@id":"https:\/\/nuevodigitaldeescobar.com.ar\/?p=18816#primaryimage"},"thumbnailUrl":"https:\/\/nuevodigitaldeescobar.com.ar\/wp-content\/uploads\/2025\/06\/axelkici111.png","datePublished":"2025-11-10T15:50:00+00:00","dateModified":"2025-11-11T03:53:43+00:00","breadcrumb":{"@id":"https:\/\/nuevodigitaldeescobar.com.ar\/?p=18816#breadcrumb"},"inLanguage":"es","potentialAction":[{"@type":"ReadAction","target":["https:\/\/nuevodigitaldeescobar.com.ar\/?p=18816"]}]},{"@type":"ImageObject","inLanguage":"es","@id":"https:\/\/nuevodigitaldeescobar.com.ar\/?p=18816#primaryimage","url":"https:\/\/nuevodigitaldeescobar.com.ar\/wp-content\/uploads\/2025\/06\/axelkici111.png","contentUrl":"https:\/\/nuevodigitaldeescobar.com.ar\/wp-content\/uploads\/2025\/06\/axelkici111.png","width":794,"height":545},{"@type":"BreadcrumbList","@id":"https:\/\/nuevodigitaldeescobar.com.ar\/?p=18816#breadcrumb","itemListElement":[{"@type":"ListItem","position":1,"name":"Portada","item":"https:\/\/nuevodigitaldeescobar.com.ar\/"},{"@type":"ListItem","position":2,"name":"Kicillof reclamar\u00e1 fondos a la Naci\u00f3n mientras destina millones a gastos cuestionados en la Provincia"}]},{"@type":"WebSite","@id":"https:\/\/nuevodigitaldeescobar.com.ar\/#website","url":"https:\/\/nuevodigitaldeescobar.com.ar\/","name":"Nuevo Digital de Escobar","description":"La vida escobarense. Directora: Rosana Brunner","publisher":{"@id":"https:\/\/nuevodigitaldeescobar.com.ar\/#organization"},"potentialAction":[{"@type":"SearchAction","target":{"@type":"EntryPoint","urlTemplate":"https:\/\/nuevodigitaldeescobar.com.ar\/?s={search_term_string}"},"query-input":{"@type":"PropertyValueSpecification","valueRequired":true,"valueName":"search_term_string"}}],"inLanguage":"es"},{"@type":"Organization","@id":"https:\/\/nuevodigitaldeescobar.com.ar\/#organization","name":"Nuevo Digital de Escobar","url":"https:\/\/nuevodigitaldeescobar.com.ar\/","logo":{"@type":"ImageObject","inLanguage":"es","@id":"https:\/\/nuevodigitaldeescobar.com.ar\/#\/schema\/logo\/image\/","url":"https:\/\/nuevodigitaldeescobar.com.ar\/wp-content\/uploads\/2025\/05\/cropped-logo-nuevo2.jpg","contentUrl":"https:\/\/nuevodigitaldeescobar.com.ar\/wp-content\/uploads\/2025\/05\/cropped-logo-nuevo2.jpg","width":305,"height":305,"caption":"Nuevo Digital de Escobar"},"image":{"@id":"https:\/\/nuevodigitaldeescobar.com.ar\/#\/schema\/logo\/image\/"},"sameAs":["https:\/\/www.facebook.com\/NUEVODigitalDeEscobar","https:\/\/x.com\/nuevodigescobar","https:\/\/www.instagram.com\/nuevodigitaldeescobar"]},{"@type":"Person","@id":"https:\/\/nuevodigitaldeescobar.com.ar\/#\/schema\/person\/035e90a8efe9a80e6eec22656ad6ea4c","name":"Redacci\u00f3n","image":{"@type":"ImageObject","inLanguage":"es","@id":"https:\/\/nuevodigitaldeescobar.com.ar\/#\/schema\/person\/image\/","url":"https:\/\/secure.gravatar.com\/avatar\/8af8f40000c24e9eef3034f2be5998a372bb1389e64b1a4a36b3a7979142220d?s=96&d=mm&r=g","contentUrl":"https:\/\/secure.gravatar.com\/avatar\/8af8f40000c24e9eef3034f2be5998a372bb1389e64b1a4a36b3a7979142220d?s=96&d=mm&r=g","caption":"Redacci\u00f3n"},"sameAs":["http:\/\/nuevodigitaldeescobar.com.ar"],"url":"https:\/\/nuevodigitaldeescobar.com.ar\/?author=1"}]}},"featured_image_urls":{"full":["https:\/\/nuevodigitaldeescobar.com.ar\/wp-content\/uploads\/2025\/06\/axelkici111.png",794,545,false],"thumbnail":["https:\/\/nuevodigitaldeescobar.com.ar\/wp-content\/uploads\/2025\/06\/axelkici111-150x150.png",150,150,true],"medium":["https:\/\/nuevodigitaldeescobar.com.ar\/wp-content\/uploads\/2025\/06\/axelkici111-300x206.png",300,206,true],"medium_large":["https:\/\/nuevodigitaldeescobar.com.ar\/wp-content\/uploads\/2025\/06\/axelkici111-768x527.png",640,439,true],"large":["https:\/\/nuevodigitaldeescobar.com.ar\/wp-content\/uploads\/2025\/06\/axelkici111.png",640,439,false],"1536x1536":["https:\/\/nuevodigitaldeescobar.com.ar\/wp-content\/uploads\/2025\/06\/axelkici111.png",794,545,false],"2048x2048":["https:\/\/nuevodigitaldeescobar.com.ar\/wp-content\/uploads\/2025\/06\/axelkici111.png",794,545,false]},"author_info":{"display_name":"Redacci\u00f3n","author_link":"https:\/\/nuevodigitaldeescobar.com.ar\/?author=1"},"category_info":"<a href=\"https:\/\/nuevodigitaldeescobar.com.ar\/?cat=6\" rel=\"category\">Pol\u00edtica<\/a>","tag_info":"Pol\u00edtica","comment_count":"0","_links":{"self":[{"href":"https:\/\/nuevodigitaldeescobar.com.ar\/index.php?rest_route=\/wp\/v2\/posts\/18816","targetHints":{"allow":["GET"]}}],"collection":[{"href":"https:\/\/nuevodigitaldeescobar.com.ar\/index.php?rest_route=\/wp\/v2\/posts"}],"about":[{"href":"https:\/\/nuevodigitaldeescobar.com.ar\/index.php?rest_route=\/wp\/v2\/types\/post"}],"author":[{"embeddable":true,"href":"https:\/\/nuevodigitaldeescobar.com.ar\/index.php?rest_route=\/wp\/v2\/users\/1"}],"replies":[{"embeddable":true,"href":"https:\/\/nuevodigitaldeescobar.com.ar\/index.php?rest_route=%2Fwp%2Fv2%2Fcomments&post=18816"}],"version-history":[{"count":1,"href":"https:\/\/nuevodigitaldeescobar.com.ar\/index.php?rest_route=\/wp\/v2\/posts\/18816\/revisions"}],"predecessor-version":[{"id":18817,"href":"https:\/\/nuevodigitaldeescobar.com.ar\/index.php?rest_route=\/wp\/v2\/posts\/18816\/revisions\/18817"}],"wp:featuredmedia":[{"embeddable":true,"href":"https:\/\/nuevodigitaldeescobar.com.ar\/index.php?rest_route=\/wp\/v2\/media\/15162"}],"wp:attachment":[{"href":"https:\/\/nuevodigitaldeescobar.com.ar\/index.php?rest_route=%2Fwp%2Fv2%2Fmedia&parent=18816"}],"wp:term":[{"taxonomy":"category","embeddable":true,"href":"https:\/\/nuevodigitaldeescobar.com.ar\/index.php?rest_route=%2Fwp%2Fv2%2Fcategories&post=18816"},{"taxonomy":"post_tag","embeddable":true,"href":"https:\/\/nuevodigitaldeescobar.com.ar\/index.php?rest_route=%2Fwp%2Fv2%2Ftags&post=18816"}],"curies":[{"name":"wp","href":"https:\/\/api.w.org\/{rel}","templated":true}]}}