{"id":18835,"date":"2025-11-11T10:35:39","date_gmt":"2025-11-11T13:35:39","guid":{"rendered":"https:\/\/nuevodigitaldeescobar.com.ar\/?p=18835"},"modified":"2025-11-11T10:35:51","modified_gmt":"2025-11-11T13:35:51","slug":"seguira-preso-el-camionero-que-atropello-y-mato-a-un-motociclista-en-azul-tras-una-pelea-de-transito","status":"publish","type":"post","link":"https:\/\/nuevodigitaldeescobar.com.ar\/?p=18835","title":{"rendered":"Seguir\u00e1 preso el camionero que atropell\u00f3 y mat\u00f3 a un motociclista en Azul tras una pelea de tr\u00e1nsito"},"content":{"rendered":"\n<p class=\"has-vivid-cyan-blue-color has-text-color has-link-color wp-elements-8ac0b2711f29e34d870006ab40edac3e\"><strong><em>Miguel Jorge Mele, de 58 a\u00f1os, continuar\u00e1 detenido acusado de haber asesinado con su cami\u00f3n a Diego Maximiliano Marianache, de 46, luego de una discusi\u00f3n de tr\u00e1nsito en la ciudad bonaerense de Azul. El fiscal de la causa, David Carballo, lo imput\u00f3 por homicidio simple, un delito que contempla penas de 8 a 25 a\u00f1os de prisi\u00f3n y no es excarcelable.<\/em><\/strong><\/p>\n\n\n\n<!--more-->\n\n\n\n<p>El hecho ocurri\u00f3 el <strong>s\u00e1bado alrededor de las 10 de la ma\u00f1ana<\/strong>, en la intersecci\u00f3n de <strong>avenida Mitre y Espa\u00f1a<\/strong>, cuando Mele, al volante de un cami\u00f3n Iveco Daily 70-16 tipo plancha, discuti\u00f3 con Marianache, quien conduc\u00eda una motocicleta Motomel 150cc.<\/p>\n\n\n\n<figure class=\"wp-block-video aligncenter\"><video controls src=\"https:\/\/nuevodigitaldeescobar.com.ar\/wp-content\/uploads\/2025\/11\/camioneroazul39.mp4\"><\/video><figcaption class=\"wp-element-caption\">Video del hecho \/\/ <em>Fuente: Infobae<\/em><\/figcaption><\/figure>\n\n\n\n<p>Seg\u00fan la reconstrucci\u00f3n judicial, la pelea se desat\u00f3 cuando la v\u00edctima intent\u00f3 adelantarse al cami\u00f3n. Primero quiso hacerlo por la izquierda, sin \u00e9xito; luego, por la derecha. En ese momento, el motociclista <strong>golpe\u00f3 uno de los espejos del veh\u00edculo<\/strong>, y Mele <strong>respondi\u00f3 embisti\u00e9ndolo deliberadamente<\/strong>.<\/p>\n\n\n\n<p>La maniobra fue letal: <strong>Marianache qued\u00f3 aprisionado entre el cord\u00f3n, su moto y un \u00e1rbol<\/strong>, mientras una vecina intentaba socorrerlo sin \u00e9xito. Muri\u00f3 minutos despu\u00e9s, v\u00edctima de un <strong>shock hipovol\u00e9mico<\/strong> causado por la gravedad del aplastamiento.<\/p>\n\n\n\n<blockquote class=\"wp-block-quote is-layout-flow wp-block-quote-is-layout-flow\">\n<p><em>\u201cNo hab\u00eda v\u00ednculo previo entre ellos, todo surgi\u00f3 por una discusi\u00f3n de tr\u00e1nsito\u201d<\/em>, confirmaron fuentes del caso.<\/p>\n<\/blockquote>\n\n\n\n<p>El conductor fue detenido poco despu\u00e9s. Si bien hab\u00eda solicitado postergar su declaraci\u00f3n para esperar a su abogado, este no se present\u00f3, y Mele <strong>opt\u00f3 por no declarar<\/strong> ante el defensor oficial que lo represent\u00f3.<\/p>\n\n\n\n<hr class=\"wp-block-separator has-alpha-channel-opacity\"\/>\n\n\n\n<h3 class=\"wp-block-heading has-text-color has-link-color wp-elements-b13131665a1e22634bc5b8b02e05c5e9\" style=\"color:#1622b1\">Los peritos y un antecedente de violencia<\/h3>\n\n\n\n<p>Las pericias preliminares determinaron que el cami\u00f3n <strong>no presentaba fallas mec\u00e1nicas ni de direcci\u00f3n<\/strong>, lo que refuerza la hip\u00f3tesis del <strong>dolo eventual<\/strong>: el conductor asumi\u00f3 el riesgo de causar la muerte con su accionar.<\/p>\n\n\n\n<blockquote class=\"wp-block-quote is-layout-flow wp-block-quote-is-layout-flow\">\n<p><em>\u201cNo hay elementos que permitan aliviar su situaci\u00f3n procesal\u201d<\/em>, explicaron fuentes judiciales.<\/p>\n<\/blockquote>\n\n\n\n<p>Adem\u00e1s, surgi\u00f3 que Mele <strong>ya ten\u00eda antecedentes por violencia<\/strong>. En 2010 fue denunciado por <strong>lesiones graves<\/strong>, tras haber agredido a un empleado judicial en Azul, ciudad donde su esposa trabajaba en ese momento.<\/p>\n\n\n\n<p>La <strong>UFI N\u00b02 de Azul<\/strong>, bajo la supervisi\u00f3n del fiscal general <strong>Marcelo Sobrino<\/strong>, contin\u00faa analizando <strong>videos de c\u00e1maras privadas<\/strong> y declaraciones de testigos para reconstruir por completo la secuencia del hecho.<\/p>\n\n\n\n<p>El crimen, que qued\u00f3 registrado en video, <strong>conmocion\u00f3 a la comunidad de Azul<\/strong>, y el camionero seguir\u00e1 preso mientras avanza la investigaci\u00f3n.<\/p>\n","protected":false},"excerpt":{"rendered":"<p>Miguel Jorge Mele, de 58 a\u00f1os, continuar\u00e1 detenido acusado de haber asesinado con su cami\u00f3n a Diego Maximiliano Marianache, de 46, luego de una discusi\u00f3n [&hellip;]<\/p>\n","protected":false},"author":1,"featured_media":18837,"comment_status":"open","ping_status":"open","sticky":false,"template":"","format":"standard","meta":{"footnotes":""},"categories":[13],"tags":[],"class_list":["post-18835","post","type-post","status-publish","format-standard","has-post-thumbnail","hentry","category-policiales"],"better_featured_image":{"id":18837,"alt_text":"","caption":"","description":"","media_type":"image","media_details":{"width":619,"height":412,"file":"2025\/11\/camioneroazul37.png","filesize":336991,"sizes":{"medium":{"file":"camioneroazul37-300x200.png","width":300,"height":200,"mime-type":"image\/png","filesize":48841,"source_url":"https:\/\/nuevodigitaldeescobar.com.ar\/wp-content\/uploads\/2025\/11\/camioneroazul37-300x200.png"},"thumbnail":{"file":"camioneroazul37-150x150.png","width":150,"height":150,"mime-type":"image\/png","filesize":20498,"source_url":"https:\/\/nuevodigitaldeescobar.com.ar\/wp-content\/uploads\/2025\/11\/camioneroazul37-150x150.png"}},"image_meta":{"aperture":"0","credit":"","camera":"","caption":"","created_timestamp":"0","copyright":"","focal_length":"0","iso":"0","shutter_speed":"0","title":"","orientation":"0","keywords":[]}},"post":18835,"source_url":"https:\/\/nuevodigitaldeescobar.com.ar\/wp-content\/uploads\/2025\/11\/camioneroazul37.png"},"yoast_head":"<!-- This site is optimized with the Yoast SEO plugin v26.1.1 - https:\/\/yoast.com\/wordpress\/plugins\/seo\/ -->\n<title>Seguir\u00e1 preso el camionero que atropell\u00f3 y mat\u00f3 a un motociclista en Azul tras una pelea de tr\u00e1nsito - Nuevo Digital de Escobar<\/title>\n<meta name=\"robots\" content=\"index, follow, max-snippet:-1, max-image-preview:large, max-video-preview:-1\" \/>\n<link rel=\"canonical\" href=\"https:\/\/nuevodigitaldeescobar.com.ar\/?p=18835\" \/>\n<meta property=\"og:locale\" content=\"es_ES\" \/>\n<meta property=\"og:type\" content=\"article\" \/>\n<meta property=\"og:title\" content=\"Seguir\u00e1 preso el camionero que atropell\u00f3 y mat\u00f3 a un motociclista en Azul tras una pelea de tr\u00e1nsito - Nuevo Digital de Escobar\" \/>\n<meta property=\"og:description\" content=\"Miguel Jorge Mele, de 58 a\u00f1os, continuar\u00e1 detenido acusado de haber asesinado con su cami\u00f3n a Diego Maximiliano Marianache, de 46, luego de una discusi\u00f3n [&hellip;]\" \/>\n<meta property=\"og:url\" content=\"https:\/\/nuevodigitaldeescobar.com.ar\/?p=18835\" \/>\n<meta property=\"og:site_name\" content=\"Nuevo Digital de Escobar\" \/>\n<meta property=\"article:publisher\" content=\"https:\/\/www.facebook.com\/NUEVODigitalDeEscobar\" \/>\n<meta property=\"article:published_time\" content=\"2025-11-11T13:35:39+00:00\" \/>\n<meta property=\"article:modified_time\" content=\"2025-11-11T13:35:51+00:00\" \/>\n<meta property=\"og:image\" content=\"http:\/\/nuevodigitaldeescobar.com.ar\/wp-content\/uploads\/2025\/11\/camioneroazul37.png\" \/>\n\t<meta property=\"og:image:width\" content=\"619\" \/>\n\t<meta property=\"og:image:height\" content=\"412\" \/>\n\t<meta property=\"og:image:type\" content=\"image\/png\" \/>\n<meta name=\"author\" content=\"Redacci\u00f3n\" \/>\n<meta name=\"twitter:card\" content=\"summary_large_image\" \/>\n<meta name=\"twitter:creator\" content=\"@nuevodigescobar\" \/>\n<meta name=\"twitter:site\" content=\"@nuevodigescobar\" \/>\n<meta name=\"twitter:label1\" content=\"Escrito por\" \/>\n\t<meta name=\"twitter:data1\" content=\"Redacci\u00f3n\" \/>\n\t<meta name=\"twitter:label2\" content=\"Tiempo de lectura\" \/>\n\t<meta name=\"twitter:data2\" content=\"2 minutos\" \/>\n<script type=\"application\/ld+json\" class=\"yoast-schema-graph\">{\"@context\":\"https:\/\/schema.org\",\"@graph\":[{\"@type\":\"Article\",\"@id\":\"https:\/\/nuevodigitaldeescobar.com.ar\/?p=18835#article\",\"isPartOf\":{\"@id\":\"https:\/\/nuevodigitaldeescobar.com.ar\/?p=18835\"},\"author\":{\"name\":\"Redacci\u00f3n\",\"@id\":\"https:\/\/nuevodigitaldeescobar.com.ar\/#\/schema\/person\/035e90a8efe9a80e6eec22656ad6ea4c\"},\"headline\":\"Seguir\u00e1 preso el camionero que atropell\u00f3 y mat\u00f3 a un motociclista en Azul tras una pelea de tr\u00e1nsito\",\"datePublished\":\"2025-11-11T13:35:39+00:00\",\"dateModified\":\"2025-11-11T13:35:51+00:00\",\"mainEntityOfPage\":{\"@id\":\"https:\/\/nuevodigitaldeescobar.com.ar\/?p=18835\"},\"wordCount\":431,\"commentCount\":0,\"publisher\":{\"@id\":\"https:\/\/nuevodigitaldeescobar.com.ar\/#organization\"},\"image\":{\"@id\":\"https:\/\/nuevodigitaldeescobar.com.ar\/?p=18835#primaryimage\"},\"thumbnailUrl\":\"https:\/\/nuevodigitaldeescobar.com.ar\/wp-content\/uploads\/2025\/11\/camioneroazul37.png\",\"articleSection\":[\"Policiales\"],\"inLanguage\":\"es\",\"potentialAction\":[{\"@type\":\"CommentAction\",\"name\":\"Comment\",\"target\":[\"https:\/\/nuevodigitaldeescobar.com.ar\/?p=18835#respond\"]}]},{\"@type\":\"WebPage\",\"@id\":\"https:\/\/nuevodigitaldeescobar.com.ar\/?p=18835\",\"url\":\"https:\/\/nuevodigitaldeescobar.com.ar\/?p=18835\",\"name\":\"Seguir\u00e1 preso el camionero que atropell\u00f3 y mat\u00f3 a un motociclista en Azul tras una pelea de tr\u00e1nsito - Nuevo Digital de Escobar\",\"isPartOf\":{\"@id\":\"https:\/\/nuevodigitaldeescobar.com.ar\/#website\"},\"primaryImageOfPage\":{\"@id\":\"https:\/\/nuevodigitaldeescobar.com.ar\/?p=18835#primaryimage\"},\"image\":{\"@id\":\"https:\/\/nuevodigitaldeescobar.com.ar\/?p=18835#primaryimage\"},\"thumbnailUrl\":\"https:\/\/nuevodigitaldeescobar.com.ar\/wp-content\/uploads\/2025\/11\/camioneroazul37.png\",\"datePublished\":\"2025-11-11T13:35:39+00:00\",\"dateModified\":\"2025-11-11T13:35:51+00:00\",\"breadcrumb\":{\"@id\":\"https:\/\/nuevodigitaldeescobar.com.ar\/?p=18835#breadcrumb\"},\"inLanguage\":\"es\",\"potentialAction\":[{\"@type\":\"ReadAction\",\"target\":[\"https:\/\/nuevodigitaldeescobar.com.ar\/?p=18835\"]}]},{\"@type\":\"ImageObject\",\"inLanguage\":\"es\",\"@id\":\"https:\/\/nuevodigitaldeescobar.com.ar\/?p=18835#primaryimage\",\"url\":\"https:\/\/nuevodigitaldeescobar.com.ar\/wp-content\/uploads\/2025\/11\/camioneroazul37.png\",\"contentUrl\":\"https:\/\/nuevodigitaldeescobar.com.ar\/wp-content\/uploads\/2025\/11\/camioneroazul37.png\",\"width\":619,\"height\":412},{\"@type\":\"BreadcrumbList\",\"@id\":\"https:\/\/nuevodigitaldeescobar.com.ar\/?p=18835#breadcrumb\",\"itemListElement\":[{\"@type\":\"ListItem\",\"position\":1,\"name\":\"Portada\",\"item\":\"https:\/\/nuevodigitaldeescobar.com.ar\/\"},{\"@type\":\"ListItem\",\"position\":2,\"name\":\"Seguir\u00e1 preso el camionero que atropell\u00f3 y mat\u00f3 a un motociclista en Azul tras una pelea de tr\u00e1nsito\"}]},{\"@type\":\"WebSite\",\"@id\":\"https:\/\/nuevodigitaldeescobar.com.ar\/#website\",\"url\":\"https:\/\/nuevodigitaldeescobar.com.ar\/\",\"name\":\"Nuevo Digital de Escobar\",\"description\":\"La vida escobarense. Directora: Rosana Brunner\",\"publisher\":{\"@id\":\"https:\/\/nuevodigitaldeescobar.com.ar\/#organization\"},\"potentialAction\":[{\"@type\":\"SearchAction\",\"target\":{\"@type\":\"EntryPoint\",\"urlTemplate\":\"https:\/\/nuevodigitaldeescobar.com.ar\/?s={search_term_string}\"},\"query-input\":{\"@type\":\"PropertyValueSpecification\",\"valueRequired\":true,\"valueName\":\"search_term_string\"}}],\"inLanguage\":\"es\"},{\"@type\":\"Organization\",\"@id\":\"https:\/\/nuevodigitaldeescobar.com.ar\/#organization\",\"name\":\"Nuevo Digital de Escobar\",\"url\":\"https:\/\/nuevodigitaldeescobar.com.ar\/\",\"logo\":{\"@type\":\"ImageObject\",\"inLanguage\":\"es\",\"@id\":\"https:\/\/nuevodigitaldeescobar.com.ar\/#\/schema\/logo\/image\/\",\"url\":\"https:\/\/nuevodigitaldeescobar.com.ar\/wp-content\/uploads\/2025\/05\/cropped-logo-nuevo2.jpg\",\"contentUrl\":\"https:\/\/nuevodigitaldeescobar.com.ar\/wp-content\/uploads\/2025\/05\/cropped-logo-nuevo2.jpg\",\"width\":305,\"height\":305,\"caption\":\"Nuevo Digital de Escobar\"},\"image\":{\"@id\":\"https:\/\/nuevodigitaldeescobar.com.ar\/#\/schema\/logo\/image\/\"},\"sameAs\":[\"https:\/\/www.facebook.com\/NUEVODigitalDeEscobar\",\"https:\/\/x.com\/nuevodigescobar\",\"https:\/\/www.instagram.com\/nuevodigitaldeescobar\"]},{\"@type\":\"Person\",\"@id\":\"https:\/\/nuevodigitaldeescobar.com.ar\/#\/schema\/person\/035e90a8efe9a80e6eec22656ad6ea4c\",\"name\":\"Redacci\u00f3n\",\"image\":{\"@type\":\"ImageObject\",\"inLanguage\":\"es\",\"@id\":\"https:\/\/nuevodigitaldeescobar.com.ar\/#\/schema\/person\/image\/\",\"url\":\"https:\/\/secure.gravatar.com\/avatar\/8af8f40000c24e9eef3034f2be5998a372bb1389e64b1a4a36b3a7979142220d?s=96&d=mm&r=g\",\"contentUrl\":\"https:\/\/secure.gravatar.com\/avatar\/8af8f40000c24e9eef3034f2be5998a372bb1389e64b1a4a36b3a7979142220d?s=96&d=mm&r=g\",\"caption\":\"Redacci\u00f3n\"},\"sameAs\":[\"http:\/\/nuevodigitaldeescobar.com.ar\"],\"url\":\"https:\/\/nuevodigitaldeescobar.com.ar\/?author=1\"}]}<\/script>\n<!-- \/ Yoast SEO plugin. -->","yoast_head_json":{"title":"Seguir\u00e1 preso el camionero que atropell\u00f3 y mat\u00f3 a un motociclista en Azul tras una pelea de tr\u00e1nsito - Nuevo Digital de Escobar","robots":{"index":"index","follow":"follow","max-snippet":"max-snippet:-1","max-image-preview":"max-image-preview:large","max-video-preview":"max-video-preview:-1"},"canonical":"https:\/\/nuevodigitaldeescobar.com.ar\/?p=18835","og_locale":"es_ES","og_type":"article","og_title":"Seguir\u00e1 preso el camionero que atropell\u00f3 y mat\u00f3 a un motociclista en Azul tras una pelea de tr\u00e1nsito - Nuevo Digital de Escobar","og_description":"Miguel Jorge Mele, de 58 a\u00f1os, continuar\u00e1 detenido acusado de haber asesinado con su cami\u00f3n a Diego Maximiliano Marianache, de 46, luego de una discusi\u00f3n [&hellip;]","og_url":"https:\/\/nuevodigitaldeescobar.com.ar\/?p=18835","og_site_name":"Nuevo Digital de Escobar","article_publisher":"https:\/\/www.facebook.com\/NUEVODigitalDeEscobar","article_published_time":"2025-11-11T13:35:39+00:00","article_modified_time":"2025-11-11T13:35:51+00:00","og_image":[{"width":619,"height":412,"url":"http:\/\/nuevodigitaldeescobar.com.ar\/wp-content\/uploads\/2025\/11\/camioneroazul37.png","type":"image\/png"}],"author":"Redacci\u00f3n","twitter_card":"summary_large_image","twitter_creator":"@nuevodigescobar","twitter_site":"@nuevodigescobar","twitter_misc":{"Escrito por":"Redacci\u00f3n","Tiempo de lectura":"2 minutos"},"schema":{"@context":"https:\/\/schema.org","@graph":[{"@type":"Article","@id":"https:\/\/nuevodigitaldeescobar.com.ar\/?p=18835#article","isPartOf":{"@id":"https:\/\/nuevodigitaldeescobar.com.ar\/?p=18835"},"author":{"name":"Redacci\u00f3n","@id":"https:\/\/nuevodigitaldeescobar.com.ar\/#\/schema\/person\/035e90a8efe9a80e6eec22656ad6ea4c"},"headline":"Seguir\u00e1 preso el camionero que atropell\u00f3 y mat\u00f3 a un motociclista en Azul tras una pelea de tr\u00e1nsito","datePublished":"2025-11-11T13:35:39+00:00","dateModified":"2025-11-11T13:35:51+00:00","mainEntityOfPage":{"@id":"https:\/\/nuevodigitaldeescobar.com.ar\/?p=18835"},"wordCount":431,"commentCount":0,"publisher":{"@id":"https:\/\/nuevodigitaldeescobar.com.ar\/#organization"},"image":{"@id":"https:\/\/nuevodigitaldeescobar.com.ar\/?p=18835#primaryimage"},"thumbnailUrl":"https:\/\/nuevodigitaldeescobar.com.ar\/wp-content\/uploads\/2025\/11\/camioneroazul37.png","articleSection":["Policiales"],"inLanguage":"es","potentialAction":[{"@type":"CommentAction","name":"Comment","target":["https:\/\/nuevodigitaldeescobar.com.ar\/?p=18835#respond"]}]},{"@type":"WebPage","@id":"https:\/\/nuevodigitaldeescobar.com.ar\/?p=18835","url":"https:\/\/nuevodigitaldeescobar.com.ar\/?p=18835","name":"Seguir\u00e1 preso el camionero que atropell\u00f3 y mat\u00f3 a un motociclista en Azul tras una pelea de tr\u00e1nsito - Nuevo Digital de Escobar","isPartOf":{"@id":"https:\/\/nuevodigitaldeescobar.com.ar\/#website"},"primaryImageOfPage":{"@id":"https:\/\/nuevodigitaldeescobar.com.ar\/?p=18835#primaryimage"},"image":{"@id":"https:\/\/nuevodigitaldeescobar.com.ar\/?p=18835#primaryimage"},"thumbnailUrl":"https:\/\/nuevodigitaldeescobar.com.ar\/wp-content\/uploads\/2025\/11\/camioneroazul37.png","datePublished":"2025-11-11T13:35:39+00:00","dateModified":"2025-11-11T13:35:51+00:00","breadcrumb":{"@id":"https:\/\/nuevodigitaldeescobar.com.ar\/?p=18835#breadcrumb"},"inLanguage":"es","potentialAction":[{"@type":"ReadAction","target":["https:\/\/nuevodigitaldeescobar.com.ar\/?p=18835"]}]},{"@type":"ImageObject","inLanguage":"es","@id":"https:\/\/nuevodigitaldeescobar.com.ar\/?p=18835#primaryimage","url":"https:\/\/nuevodigitaldeescobar.com.ar\/wp-content\/uploads\/2025\/11\/camioneroazul37.png","contentUrl":"https:\/\/nuevodigitaldeescobar.com.ar\/wp-content\/uploads\/2025\/11\/camioneroazul37.png","width":619,"height":412},{"@type":"BreadcrumbList","@id":"https:\/\/nuevodigitaldeescobar.com.ar\/?p=18835#breadcrumb","itemListElement":[{"@type":"ListItem","position":1,"name":"Portada","item":"https:\/\/nuevodigitaldeescobar.com.ar\/"},{"@type":"ListItem","position":2,"name":"Seguir\u00e1 preso el camionero que atropell\u00f3 y mat\u00f3 a un motociclista en Azul tras una pelea de tr\u00e1nsito"}]},{"@type":"WebSite","@id":"https:\/\/nuevodigitaldeescobar.com.ar\/#website","url":"https:\/\/nuevodigitaldeescobar.com.ar\/","name":"Nuevo Digital de Escobar","description":"La vida escobarense. Directora: Rosana Brunner","publisher":{"@id":"https:\/\/nuevodigitaldeescobar.com.ar\/#organization"},"potentialAction":[{"@type":"SearchAction","target":{"@type":"EntryPoint","urlTemplate":"https:\/\/nuevodigitaldeescobar.com.ar\/?s={search_term_string}"},"query-input":{"@type":"PropertyValueSpecification","valueRequired":true,"valueName":"search_term_string"}}],"inLanguage":"es"},{"@type":"Organization","@id":"https:\/\/nuevodigitaldeescobar.com.ar\/#organization","name":"Nuevo Digital de Escobar","url":"https:\/\/nuevodigitaldeescobar.com.ar\/","logo":{"@type":"ImageObject","inLanguage":"es","@id":"https:\/\/nuevodigitaldeescobar.com.ar\/#\/schema\/logo\/image\/","url":"https:\/\/nuevodigitaldeescobar.com.ar\/wp-content\/uploads\/2025\/05\/cropped-logo-nuevo2.jpg","contentUrl":"https:\/\/nuevodigitaldeescobar.com.ar\/wp-content\/uploads\/2025\/05\/cropped-logo-nuevo2.jpg","width":305,"height":305,"caption":"Nuevo Digital de Escobar"},"image":{"@id":"https:\/\/nuevodigitaldeescobar.com.ar\/#\/schema\/logo\/image\/"},"sameAs":["https:\/\/www.facebook.com\/NUEVODigitalDeEscobar","https:\/\/x.com\/nuevodigescobar","https:\/\/www.instagram.com\/nuevodigitaldeescobar"]},{"@type":"Person","@id":"https:\/\/nuevodigitaldeescobar.com.ar\/#\/schema\/person\/035e90a8efe9a80e6eec22656ad6ea4c","name":"Redacci\u00f3n","image":{"@type":"ImageObject","inLanguage":"es","@id":"https:\/\/nuevodigitaldeescobar.com.ar\/#\/schema\/person\/image\/","url":"https:\/\/secure.gravatar.com\/avatar\/8af8f40000c24e9eef3034f2be5998a372bb1389e64b1a4a36b3a7979142220d?s=96&d=mm&r=g","contentUrl":"https:\/\/secure.gravatar.com\/avatar\/8af8f40000c24e9eef3034f2be5998a372bb1389e64b1a4a36b3a7979142220d?s=96&d=mm&r=g","caption":"Redacci\u00f3n"},"sameAs":["http:\/\/nuevodigitaldeescobar.com.ar"],"url":"https:\/\/nuevodigitaldeescobar.com.ar\/?author=1"}]}},"featured_image_urls":{"full":["https:\/\/nuevodigitaldeescobar.com.ar\/wp-content\/uploads\/2025\/11\/camioneroazul37.png",619,412,false],"thumbnail":["https:\/\/nuevodigitaldeescobar.com.ar\/wp-content\/uploads\/2025\/11\/camioneroazul37-150x150.png",150,150,true],"medium":["https:\/\/nuevodigitaldeescobar.com.ar\/wp-content\/uploads\/2025\/11\/camioneroazul37-300x200.png",300,200,true],"medium_large":["https:\/\/nuevodigitaldeescobar.com.ar\/wp-content\/uploads\/2025\/11\/camioneroazul37.png",619,412,false],"large":["https:\/\/nuevodigitaldeescobar.com.ar\/wp-content\/uploads\/2025\/11\/camioneroazul37.png",619,412,false],"1536x1536":["https:\/\/nuevodigitaldeescobar.com.ar\/wp-content\/uploads\/2025\/11\/camioneroazul37.png",619,412,false],"2048x2048":["https:\/\/nuevodigitaldeescobar.com.ar\/wp-content\/uploads\/2025\/11\/camioneroazul37.png",619,412,false]},"author_info":{"display_name":"Redacci\u00f3n","author_link":"https:\/\/nuevodigitaldeescobar.com.ar\/?author=1"},"category_info":"<a href=\"https:\/\/nuevodigitaldeescobar.com.ar\/?cat=13\" rel=\"category\">Policiales<\/a>","tag_info":"Policiales","comment_count":"0","_links":{"self":[{"href":"https:\/\/nuevodigitaldeescobar.com.ar\/index.php?rest_route=\/wp\/v2\/posts\/18835","targetHints":{"allow":["GET"]}}],"collection":[{"href":"https:\/\/nuevodigitaldeescobar.com.ar\/index.php?rest_route=\/wp\/v2\/posts"}],"about":[{"href":"https:\/\/nuevodigitaldeescobar.com.ar\/index.php?rest_route=\/wp\/v2\/types\/post"}],"author":[{"embeddable":true,"href":"https:\/\/nuevodigitaldeescobar.com.ar\/index.php?rest_route=\/wp\/v2\/users\/1"}],"replies":[{"embeddable":true,"href":"https:\/\/nuevodigitaldeescobar.com.ar\/index.php?rest_route=%2Fwp%2Fv2%2Fcomments&post=18835"}],"version-history":[{"count":1,"href":"https:\/\/nuevodigitaldeescobar.com.ar\/index.php?rest_route=\/wp\/v2\/posts\/18835\/revisions"}],"predecessor-version":[{"id":18838,"href":"https:\/\/nuevodigitaldeescobar.com.ar\/index.php?rest_route=\/wp\/v2\/posts\/18835\/revisions\/18838"}],"wp:featuredmedia":[{"embeddable":true,"href":"https:\/\/nuevodigitaldeescobar.com.ar\/index.php?rest_route=\/wp\/v2\/media\/18837"}],"wp:attachment":[{"href":"https:\/\/nuevodigitaldeescobar.com.ar\/index.php?rest_route=%2Fwp%2Fv2%2Fmedia&parent=18835"}],"wp:term":[{"taxonomy":"category","embeddable":true,"href":"https:\/\/nuevodigitaldeescobar.com.ar\/index.php?rest_route=%2Fwp%2Fv2%2Fcategories&post=18835"},{"taxonomy":"post_tag","embeddable":true,"href":"https:\/\/nuevodigitaldeescobar.com.ar\/index.php?rest_route=%2Fwp%2Fv2%2Ftags&post=18835"}],"curies":[{"name":"wp","href":"https:\/\/api.w.org\/{rel}","templated":true}]}}