{"id":18853,"date":"2025-11-13T03:53:00","date_gmt":"2025-11-13T06:53:00","guid":{"rendered":"https:\/\/nuevodigitaldeescobar.com.ar\/?p=18853"},"modified":"2025-11-13T00:02:24","modified_gmt":"2025-11-13T03:02:24","slug":"el-gobierno-anulo-el-traspaso-del-renaper-y-revisa-su-estructura-interna","status":"publish","type":"post","link":"https:\/\/nuevodigitaldeescobar.com.ar\/?p=18853","title":{"rendered":"El Gobierno anul\u00f3 el traspaso del Renaper y revisa su estructura interna"},"content":{"rendered":"\n<p class=\"has-vivid-cyan-blue-color has-text-color has-link-color wp-elements-6c3fba1e51baddcb71b747813fb5d906\"><strong><em>El Gobierno nacional decidi\u00f3 dar marcha atr\u00e1s con una de las medidas m\u00e1s comentadas de las \u00faltimas horas: el traspaso del Registro Nacional de las Personas (Renaper) al Ministerio de Seguridad, a cargo de Patricia Bullrich. Finalmente, el organismo volver\u00e1 a depender del Ministerio del Interior, que encabeza Diego Santilli.<\/em><\/strong><\/p>\n\n\n\n<!--more-->\n\n\n\n<p>La decisi\u00f3n fue adoptada luego de que distintos sectores del propio oficialismo cuestionaran la sorpresiva resoluci\u00f3n publicada esta ma\u00f1ana en el Bolet\u00edn Oficial. Seg\u00fan trascendi\u00f3, el decreto conten\u00eda <em>\u201cerrores administrativos\u201d<\/em> que ser\u00e1n corregidos en las pr\u00f3ximas horas, aunque en otros despachos aseguran que el verdadero motivo fue el descontento dentro de la Casa Rosada por la cantidad de \u00e1reas que hab\u00edan sido quitadas al Ministerio del Interior.<\/p>\n\n\n\n<p>Desde el Gobierno confirmaron que el Renaper regresar\u00e1 a su \u00f3rbita original, tal como sucedi\u00f3 en las \u00faltimas gestiones. De hecho, hist\u00f3ricamente los documentos nacionales de identidad llevan la firma del titular de Interior, lo que refleja la continuidad institucional del \u00e1rea.<\/p>\n\n\n\n<p>La rectificaci\u00f3n del traspaso se da en un contexto de fuertes reacomodamientos dentro del Gabinete nacional. El flamante jefe de Gabinete, Manuel Adorni, asumi\u00f3 esta semana con amplias facultades otorgadas por el presidente Javier Milei y su hermana Karina, lo que se tradujo en una reorganizaci\u00f3n interna del Ejecutivo.<\/p>\n\n\n\n<p>Entre sus nuevas atribuciones, Adorni absorbi\u00f3 la Secretar\u00eda de Comunicaci\u00f3n y Medios \u2014que antes depend\u00eda directamente de la Presidencia\u2014, y tambi\u00e9n la Secretar\u00eda de Turismo, Ambiente y Deportes, encabezada por Daniel Scioli. Esta \u00faltima controla organismos de peso, como el ENARD, la Comisi\u00f3n Nacional Antidopaje, el Fondo Nacional del Turismo y el Instituto Nacional de Promoci\u00f3n Tur\u00edstica (Inprotur).<\/p>\n\n\n\n<p>Aunque perdi\u00f3 el control del Renaper, Patricia Bullrich obtuvo la Direcci\u00f3n Nacional de Migraciones, una de las \u00e1reas m\u00e1s sensibles del Estado. Sin embargo, su permanencia en el cargo ser\u00e1 breve: en pocas semanas dejar\u00e1 el Ministerio de Seguridad para asumir como senadora por la Ciudad de Buenos Aires. Su reemplazo ser\u00e1 Alejandra Monteoliva, actual secretaria de Seguridad Nacional y figura de su extrema confianza.<\/p>\n\n\n\n<p>La ministra ven\u00eda gestionando desde hace meses la incorporaci\u00f3n de Migraciones y Renaper bajo su \u00f3rbita. Tambi\u00e9n hab\u00eda mantenido disputas con el exministro del Interior, Guillermo Francos, por el control de los brigadistas que dependen de la Administraci\u00f3n de Parques Nacionales.<\/p>\n\n\n\n<p>Con la anulaci\u00f3n del traspaso, el Gobierno busca ordenar su estructura y evitar tensiones internas en momentos en que Adorni debe auditar las distintas \u00e1reas de la administraci\u00f3n p\u00fablica para cumplir con los objetivos de eficiencia que exigen los hermanos Milei.<\/p>\n\n\n\n<p>Actualmente, la Jefatura de Gabinete tiene bajo su control organismos estrat\u00e9gicos como el CONICET, la Comisi\u00f3n Nacional de Energ\u00eda At\u00f3mica, la CONAE, el Ente Nacional de Comunicaciones (ENACOM) y el Banco Nacional de Datos Gen\u00e9ticos, entre otros. Tambi\u00e9n depende de ella el Correo Argentino, Arsat y VENG, todas sociedades estatales de relevancia.<\/p>\n\n\n\n<p>La decisi\u00f3n de mantener esas \u00e1reas bajo la coordinaci\u00f3n directa de la Jefatura refuerza la idea de que el poder pol\u00edtico dentro del Ejecutivo se est\u00e1 concentrando en el n\u00facleo m\u00e1s cercano a la Presidencia.<\/p>\n","protected":false},"excerpt":{"rendered":"<p>El Gobierno nacional decidi\u00f3 dar marcha atr\u00e1s con una de las medidas m\u00e1s comentadas de las \u00faltimas horas: el traspaso del Registro Nacional de las [&hellip;]<\/p>\n","protected":false},"author":1,"featured_media":18854,"comment_status":"open","ping_status":"open","sticky":false,"template":"","format":"standard","meta":{"footnotes":""},"categories":[6],"tags":[],"class_list":["post-18853","post","type-post","status-publish","format-standard","has-post-thumbnail","hentry","category-politica"],"better_featured_image":{"id":18854,"alt_text":"","caption":"","description":"","media_type":"image","media_details":{"width":766,"height":393,"file":"2025\/11\/santillibul31.png","filesize":308901,"sizes":{"medium":{"file":"santillibul31-300x154.png","width":300,"height":154,"mime-type":"image\/png","filesize":26734,"source_url":"https:\/\/nuevodigitaldeescobar.com.ar\/wp-content\/uploads\/2025\/11\/santillibul31-300x154.png"},"thumbnail":{"file":"santillibul31-150x150.png","width":150,"height":150,"mime-type":"image\/png","filesize":15205,"source_url":"https:\/\/nuevodigitaldeescobar.com.ar\/wp-content\/uploads\/2025\/11\/santillibul31-150x150.png"}},"image_meta":{"aperture":"0","credit":"","camera":"","caption":"","created_timestamp":"0","copyright":"","focal_length":"0","iso":"0","shutter_speed":"0","title":"","orientation":"0","keywords":[]}},"post":18853,"source_url":"https:\/\/nuevodigitaldeescobar.com.ar\/wp-content\/uploads\/2025\/11\/santillibul31.png"},"yoast_head":"<!-- This site is optimized with the Yoast SEO plugin v26.1.1 - https:\/\/yoast.com\/wordpress\/plugins\/seo\/ -->\n<title>El Gobierno anul\u00f3 el traspaso del Renaper y revisa su estructura interna - Nuevo Digital de Escobar<\/title>\n<meta name=\"robots\" content=\"index, follow, max-snippet:-1, max-image-preview:large, max-video-preview:-1\" \/>\n<link rel=\"canonical\" href=\"https:\/\/nuevodigitaldeescobar.com.ar\/?p=18853\" \/>\n<meta property=\"og:locale\" content=\"es_ES\" \/>\n<meta property=\"og:type\" content=\"article\" \/>\n<meta property=\"og:title\" content=\"El Gobierno anul\u00f3 el traspaso del Renaper y revisa su estructura interna - Nuevo Digital de Escobar\" \/>\n<meta property=\"og:description\" content=\"El Gobierno nacional decidi\u00f3 dar marcha atr\u00e1s con una de las medidas m\u00e1s comentadas de las \u00faltimas horas: el traspaso del Registro Nacional de las [&hellip;]\" \/>\n<meta property=\"og:url\" content=\"https:\/\/nuevodigitaldeescobar.com.ar\/?p=18853\" \/>\n<meta property=\"og:site_name\" content=\"Nuevo Digital de Escobar\" \/>\n<meta property=\"article:publisher\" content=\"https:\/\/www.facebook.com\/NUEVODigitalDeEscobar\" \/>\n<meta property=\"article:published_time\" content=\"2025-11-13T06:53:00+00:00\" \/>\n<meta property=\"og:image\" content=\"https:\/\/nuevodigitaldeescobar.com.ar\/wp-content\/uploads\/2025\/11\/santillibul31.png\" \/>\n\t<meta property=\"og:image:width\" content=\"766\" \/>\n\t<meta property=\"og:image:height\" content=\"393\" \/>\n\t<meta property=\"og:image:type\" content=\"image\/png\" \/>\n<meta name=\"author\" content=\"Redacci\u00f3n\" \/>\n<meta name=\"twitter:card\" content=\"summary_large_image\" \/>\n<meta name=\"twitter:creator\" content=\"@nuevodigescobar\" \/>\n<meta name=\"twitter:site\" content=\"@nuevodigescobar\" \/>\n<meta name=\"twitter:label1\" content=\"Escrito por\" \/>\n\t<meta name=\"twitter:data1\" content=\"Redacci\u00f3n\" \/>\n\t<meta name=\"twitter:label2\" content=\"Tiempo de lectura\" \/>\n\t<meta name=\"twitter:data2\" content=\"3 minutos\" \/>\n<script type=\"application\/ld+json\" class=\"yoast-schema-graph\">{\"@context\":\"https:\/\/schema.org\",\"@graph\":[{\"@type\":\"Article\",\"@id\":\"https:\/\/nuevodigitaldeescobar.com.ar\/?p=18853#article\",\"isPartOf\":{\"@id\":\"https:\/\/nuevodigitaldeescobar.com.ar\/?p=18853\"},\"author\":{\"name\":\"Redacci\u00f3n\",\"@id\":\"https:\/\/nuevodigitaldeescobar.com.ar\/#\/schema\/person\/035e90a8efe9a80e6eec22656ad6ea4c\"},\"headline\":\"El Gobierno anul\u00f3 el traspaso del Renaper y revisa su estructura interna\",\"datePublished\":\"2025-11-13T06:53:00+00:00\",\"mainEntityOfPage\":{\"@id\":\"https:\/\/nuevodigitaldeescobar.com.ar\/?p=18853\"},\"wordCount\":555,\"commentCount\":0,\"publisher\":{\"@id\":\"https:\/\/nuevodigitaldeescobar.com.ar\/#organization\"},\"image\":{\"@id\":\"https:\/\/nuevodigitaldeescobar.com.ar\/?p=18853#primaryimage\"},\"thumbnailUrl\":\"https:\/\/nuevodigitaldeescobar.com.ar\/wp-content\/uploads\/2025\/11\/santillibul31.png\",\"articleSection\":[\"Pol\u00edtica\"],\"inLanguage\":\"es\",\"potentialAction\":[{\"@type\":\"CommentAction\",\"name\":\"Comment\",\"target\":[\"https:\/\/nuevodigitaldeescobar.com.ar\/?p=18853#respond\"]}]},{\"@type\":\"WebPage\",\"@id\":\"https:\/\/nuevodigitaldeescobar.com.ar\/?p=18853\",\"url\":\"https:\/\/nuevodigitaldeescobar.com.ar\/?p=18853\",\"name\":\"El Gobierno anul\u00f3 el traspaso del Renaper y revisa su estructura interna - Nuevo Digital de Escobar\",\"isPartOf\":{\"@id\":\"https:\/\/nuevodigitaldeescobar.com.ar\/#website\"},\"primaryImageOfPage\":{\"@id\":\"https:\/\/nuevodigitaldeescobar.com.ar\/?p=18853#primaryimage\"},\"image\":{\"@id\":\"https:\/\/nuevodigitaldeescobar.com.ar\/?p=18853#primaryimage\"},\"thumbnailUrl\":\"https:\/\/nuevodigitaldeescobar.com.ar\/wp-content\/uploads\/2025\/11\/santillibul31.png\",\"datePublished\":\"2025-11-13T06:53:00+00:00\",\"breadcrumb\":{\"@id\":\"https:\/\/nuevodigitaldeescobar.com.ar\/?p=18853#breadcrumb\"},\"inLanguage\":\"es\",\"potentialAction\":[{\"@type\":\"ReadAction\",\"target\":[\"https:\/\/nuevodigitaldeescobar.com.ar\/?p=18853\"]}]},{\"@type\":\"ImageObject\",\"inLanguage\":\"es\",\"@id\":\"https:\/\/nuevodigitaldeescobar.com.ar\/?p=18853#primaryimage\",\"url\":\"https:\/\/nuevodigitaldeescobar.com.ar\/wp-content\/uploads\/2025\/11\/santillibul31.png\",\"contentUrl\":\"https:\/\/nuevodigitaldeescobar.com.ar\/wp-content\/uploads\/2025\/11\/santillibul31.png\",\"width\":766,\"height\":393},{\"@type\":\"BreadcrumbList\",\"@id\":\"https:\/\/nuevodigitaldeescobar.com.ar\/?p=18853#breadcrumb\",\"itemListElement\":[{\"@type\":\"ListItem\",\"position\":1,\"name\":\"Portada\",\"item\":\"https:\/\/nuevodigitaldeescobar.com.ar\/\"},{\"@type\":\"ListItem\",\"position\":2,\"name\":\"El Gobierno anul\u00f3 el traspaso del Renaper y revisa su estructura interna\"}]},{\"@type\":\"WebSite\",\"@id\":\"https:\/\/nuevodigitaldeescobar.com.ar\/#website\",\"url\":\"https:\/\/nuevodigitaldeescobar.com.ar\/\",\"name\":\"Nuevo Digital de Escobar\",\"description\":\"La vida escobarense. Directora: Rosana Brunner\",\"publisher\":{\"@id\":\"https:\/\/nuevodigitaldeescobar.com.ar\/#organization\"},\"potentialAction\":[{\"@type\":\"SearchAction\",\"target\":{\"@type\":\"EntryPoint\",\"urlTemplate\":\"https:\/\/nuevodigitaldeescobar.com.ar\/?s={search_term_string}\"},\"query-input\":{\"@type\":\"PropertyValueSpecification\",\"valueRequired\":true,\"valueName\":\"search_term_string\"}}],\"inLanguage\":\"es\"},{\"@type\":\"Organization\",\"@id\":\"https:\/\/nuevodigitaldeescobar.com.ar\/#organization\",\"name\":\"Nuevo Digital de Escobar\",\"url\":\"https:\/\/nuevodigitaldeescobar.com.ar\/\",\"logo\":{\"@type\":\"ImageObject\",\"inLanguage\":\"es\",\"@id\":\"https:\/\/nuevodigitaldeescobar.com.ar\/#\/schema\/logo\/image\/\",\"url\":\"https:\/\/nuevodigitaldeescobar.com.ar\/wp-content\/uploads\/2025\/05\/cropped-logo-nuevo2.jpg\",\"contentUrl\":\"https:\/\/nuevodigitaldeescobar.com.ar\/wp-content\/uploads\/2025\/05\/cropped-logo-nuevo2.jpg\",\"width\":305,\"height\":305,\"caption\":\"Nuevo Digital de Escobar\"},\"image\":{\"@id\":\"https:\/\/nuevodigitaldeescobar.com.ar\/#\/schema\/logo\/image\/\"},\"sameAs\":[\"https:\/\/www.facebook.com\/NUEVODigitalDeEscobar\",\"https:\/\/x.com\/nuevodigescobar\",\"https:\/\/www.instagram.com\/nuevodigitaldeescobar\"]},{\"@type\":\"Person\",\"@id\":\"https:\/\/nuevodigitaldeescobar.com.ar\/#\/schema\/person\/035e90a8efe9a80e6eec22656ad6ea4c\",\"name\":\"Redacci\u00f3n\",\"image\":{\"@type\":\"ImageObject\",\"inLanguage\":\"es\",\"@id\":\"https:\/\/nuevodigitaldeescobar.com.ar\/#\/schema\/person\/image\/\",\"url\":\"https:\/\/secure.gravatar.com\/avatar\/8af8f40000c24e9eef3034f2be5998a372bb1389e64b1a4a36b3a7979142220d?s=96&d=mm&r=g\",\"contentUrl\":\"https:\/\/secure.gravatar.com\/avatar\/8af8f40000c24e9eef3034f2be5998a372bb1389e64b1a4a36b3a7979142220d?s=96&d=mm&r=g\",\"caption\":\"Redacci\u00f3n\"},\"sameAs\":[\"http:\/\/nuevodigitaldeescobar.com.ar\"],\"url\":\"https:\/\/nuevodigitaldeescobar.com.ar\/?author=1\"}]}<\/script>\n<!-- \/ Yoast SEO plugin. -->","yoast_head_json":{"title":"El Gobierno anul\u00f3 el traspaso del Renaper y revisa su estructura interna - Nuevo Digital de Escobar","robots":{"index":"index","follow":"follow","max-snippet":"max-snippet:-1","max-image-preview":"max-image-preview:large","max-video-preview":"max-video-preview:-1"},"canonical":"https:\/\/nuevodigitaldeescobar.com.ar\/?p=18853","og_locale":"es_ES","og_type":"article","og_title":"El Gobierno anul\u00f3 el traspaso del Renaper y revisa su estructura interna - Nuevo Digital de Escobar","og_description":"El Gobierno nacional decidi\u00f3 dar marcha atr\u00e1s con una de las medidas m\u00e1s comentadas de las \u00faltimas horas: el traspaso del Registro Nacional de las [&hellip;]","og_url":"https:\/\/nuevodigitaldeescobar.com.ar\/?p=18853","og_site_name":"Nuevo Digital de Escobar","article_publisher":"https:\/\/www.facebook.com\/NUEVODigitalDeEscobar","article_published_time":"2025-11-13T06:53:00+00:00","og_image":[{"width":766,"height":393,"url":"https:\/\/nuevodigitaldeescobar.com.ar\/wp-content\/uploads\/2025\/11\/santillibul31.png","type":"image\/png"}],"author":"Redacci\u00f3n","twitter_card":"summary_large_image","twitter_creator":"@nuevodigescobar","twitter_site":"@nuevodigescobar","twitter_misc":{"Escrito por":"Redacci\u00f3n","Tiempo de lectura":"3 minutos"},"schema":{"@context":"https:\/\/schema.org","@graph":[{"@type":"Article","@id":"https:\/\/nuevodigitaldeescobar.com.ar\/?p=18853#article","isPartOf":{"@id":"https:\/\/nuevodigitaldeescobar.com.ar\/?p=18853"},"author":{"name":"Redacci\u00f3n","@id":"https:\/\/nuevodigitaldeescobar.com.ar\/#\/schema\/person\/035e90a8efe9a80e6eec22656ad6ea4c"},"headline":"El Gobierno anul\u00f3 el traspaso del Renaper y revisa su estructura interna","datePublished":"2025-11-13T06:53:00+00:00","mainEntityOfPage":{"@id":"https:\/\/nuevodigitaldeescobar.com.ar\/?p=18853"},"wordCount":555,"commentCount":0,"publisher":{"@id":"https:\/\/nuevodigitaldeescobar.com.ar\/#organization"},"image":{"@id":"https:\/\/nuevodigitaldeescobar.com.ar\/?p=18853#primaryimage"},"thumbnailUrl":"https:\/\/nuevodigitaldeescobar.com.ar\/wp-content\/uploads\/2025\/11\/santillibul31.png","articleSection":["Pol\u00edtica"],"inLanguage":"es","potentialAction":[{"@type":"CommentAction","name":"Comment","target":["https:\/\/nuevodigitaldeescobar.com.ar\/?p=18853#respond"]}]},{"@type":"WebPage","@id":"https:\/\/nuevodigitaldeescobar.com.ar\/?p=18853","url":"https:\/\/nuevodigitaldeescobar.com.ar\/?p=18853","name":"El Gobierno anul\u00f3 el traspaso del Renaper y revisa su estructura interna - Nuevo Digital de Escobar","isPartOf":{"@id":"https:\/\/nuevodigitaldeescobar.com.ar\/#website"},"primaryImageOfPage":{"@id":"https:\/\/nuevodigitaldeescobar.com.ar\/?p=18853#primaryimage"},"image":{"@id":"https:\/\/nuevodigitaldeescobar.com.ar\/?p=18853#primaryimage"},"thumbnailUrl":"https:\/\/nuevodigitaldeescobar.com.ar\/wp-content\/uploads\/2025\/11\/santillibul31.png","datePublished":"2025-11-13T06:53:00+00:00","breadcrumb":{"@id":"https:\/\/nuevodigitaldeescobar.com.ar\/?p=18853#breadcrumb"},"inLanguage":"es","potentialAction":[{"@type":"ReadAction","target":["https:\/\/nuevodigitaldeescobar.com.ar\/?p=18853"]}]},{"@type":"ImageObject","inLanguage":"es","@id":"https:\/\/nuevodigitaldeescobar.com.ar\/?p=18853#primaryimage","url":"https:\/\/nuevodigitaldeescobar.com.ar\/wp-content\/uploads\/2025\/11\/santillibul31.png","contentUrl":"https:\/\/nuevodigitaldeescobar.com.ar\/wp-content\/uploads\/2025\/11\/santillibul31.png","width":766,"height":393},{"@type":"BreadcrumbList","@id":"https:\/\/nuevodigitaldeescobar.com.ar\/?p=18853#breadcrumb","itemListElement":[{"@type":"ListItem","position":1,"name":"Portada","item":"https:\/\/nuevodigitaldeescobar.com.ar\/"},{"@type":"ListItem","position":2,"name":"El Gobierno anul\u00f3 el traspaso del Renaper y revisa su estructura interna"}]},{"@type":"WebSite","@id":"https:\/\/nuevodigitaldeescobar.com.ar\/#website","url":"https:\/\/nuevodigitaldeescobar.com.ar\/","name":"Nuevo Digital de Escobar","description":"La vida escobarense. Directora: Rosana Brunner","publisher":{"@id":"https:\/\/nuevodigitaldeescobar.com.ar\/#organization"},"potentialAction":[{"@type":"SearchAction","target":{"@type":"EntryPoint","urlTemplate":"https:\/\/nuevodigitaldeescobar.com.ar\/?s={search_term_string}"},"query-input":{"@type":"PropertyValueSpecification","valueRequired":true,"valueName":"search_term_string"}}],"inLanguage":"es"},{"@type":"Organization","@id":"https:\/\/nuevodigitaldeescobar.com.ar\/#organization","name":"Nuevo Digital de Escobar","url":"https:\/\/nuevodigitaldeescobar.com.ar\/","logo":{"@type":"ImageObject","inLanguage":"es","@id":"https:\/\/nuevodigitaldeescobar.com.ar\/#\/schema\/logo\/image\/","url":"https:\/\/nuevodigitaldeescobar.com.ar\/wp-content\/uploads\/2025\/05\/cropped-logo-nuevo2.jpg","contentUrl":"https:\/\/nuevodigitaldeescobar.com.ar\/wp-content\/uploads\/2025\/05\/cropped-logo-nuevo2.jpg","width":305,"height":305,"caption":"Nuevo Digital de Escobar"},"image":{"@id":"https:\/\/nuevodigitaldeescobar.com.ar\/#\/schema\/logo\/image\/"},"sameAs":["https:\/\/www.facebook.com\/NUEVODigitalDeEscobar","https:\/\/x.com\/nuevodigescobar","https:\/\/www.instagram.com\/nuevodigitaldeescobar"]},{"@type":"Person","@id":"https:\/\/nuevodigitaldeescobar.com.ar\/#\/schema\/person\/035e90a8efe9a80e6eec22656ad6ea4c","name":"Redacci\u00f3n","image":{"@type":"ImageObject","inLanguage":"es","@id":"https:\/\/nuevodigitaldeescobar.com.ar\/#\/schema\/person\/image\/","url":"https:\/\/secure.gravatar.com\/avatar\/8af8f40000c24e9eef3034f2be5998a372bb1389e64b1a4a36b3a7979142220d?s=96&d=mm&r=g","contentUrl":"https:\/\/secure.gravatar.com\/avatar\/8af8f40000c24e9eef3034f2be5998a372bb1389e64b1a4a36b3a7979142220d?s=96&d=mm&r=g","caption":"Redacci\u00f3n"},"sameAs":["http:\/\/nuevodigitaldeescobar.com.ar"],"url":"https:\/\/nuevodigitaldeescobar.com.ar\/?author=1"}]}},"featured_image_urls":{"full":["https:\/\/nuevodigitaldeescobar.com.ar\/wp-content\/uploads\/2025\/11\/santillibul31.png",766,393,false],"thumbnail":["https:\/\/nuevodigitaldeescobar.com.ar\/wp-content\/uploads\/2025\/11\/santillibul31-150x150.png",150,150,true],"medium":["https:\/\/nuevodigitaldeescobar.com.ar\/wp-content\/uploads\/2025\/11\/santillibul31-300x154.png",300,154,true],"medium_large":["https:\/\/nuevodigitaldeescobar.com.ar\/wp-content\/uploads\/2025\/11\/santillibul31.png",640,328,false],"large":["https:\/\/nuevodigitaldeescobar.com.ar\/wp-content\/uploads\/2025\/11\/santillibul31.png",640,328,false],"1536x1536":["https:\/\/nuevodigitaldeescobar.com.ar\/wp-content\/uploads\/2025\/11\/santillibul31.png",766,393,false],"2048x2048":["https:\/\/nuevodigitaldeescobar.com.ar\/wp-content\/uploads\/2025\/11\/santillibul31.png",766,393,false]},"author_info":{"display_name":"Redacci\u00f3n","author_link":"https:\/\/nuevodigitaldeescobar.com.ar\/?author=1"},"category_info":"<a href=\"https:\/\/nuevodigitaldeescobar.com.ar\/?cat=6\" rel=\"category\">Pol\u00edtica<\/a>","tag_info":"Pol\u00edtica","comment_count":"0","_links":{"self":[{"href":"https:\/\/nuevodigitaldeescobar.com.ar\/index.php?rest_route=\/wp\/v2\/posts\/18853","targetHints":{"allow":["GET"]}}],"collection":[{"href":"https:\/\/nuevodigitaldeescobar.com.ar\/index.php?rest_route=\/wp\/v2\/posts"}],"about":[{"href":"https:\/\/nuevodigitaldeescobar.com.ar\/index.php?rest_route=\/wp\/v2\/types\/post"}],"author":[{"embeddable":true,"href":"https:\/\/nuevodigitaldeescobar.com.ar\/index.php?rest_route=\/wp\/v2\/users\/1"}],"replies":[{"embeddable":true,"href":"https:\/\/nuevodigitaldeescobar.com.ar\/index.php?rest_route=%2Fwp%2Fv2%2Fcomments&post=18853"}],"version-history":[{"count":1,"href":"https:\/\/nuevodigitaldeescobar.com.ar\/index.php?rest_route=\/wp\/v2\/posts\/18853\/revisions"}],"predecessor-version":[{"id":18855,"href":"https:\/\/nuevodigitaldeescobar.com.ar\/index.php?rest_route=\/wp\/v2\/posts\/18853\/revisions\/18855"}],"wp:featuredmedia":[{"embeddable":true,"href":"https:\/\/nuevodigitaldeescobar.com.ar\/index.php?rest_route=\/wp\/v2\/media\/18854"}],"wp:attachment":[{"href":"https:\/\/nuevodigitaldeescobar.com.ar\/index.php?rest_route=%2Fwp%2Fv2%2Fmedia&parent=18853"}],"wp:term":[{"taxonomy":"category","embeddable":true,"href":"https:\/\/nuevodigitaldeescobar.com.ar\/index.php?rest_route=%2Fwp%2Fv2%2Fcategories&post=18853"},{"taxonomy":"post_tag","embeddable":true,"href":"https:\/\/nuevodigitaldeescobar.com.ar\/index.php?rest_route=%2Fwp%2Fv2%2Ftags&post=18853"}],"curies":[{"name":"wp","href":"https:\/\/api.w.org\/{rel}","templated":true}]}}