{"id":18859,"date":"2025-11-13T21:27:04","date_gmt":"2025-11-14T00:27:04","guid":{"rendered":"https:\/\/nuevodigitaldeescobar.com.ar\/?p=18859"},"modified":"2025-11-13T21:27:08","modified_gmt":"2025-11-14T00:27:08","slug":"accidente-en-cadena-en-panamericana-genero-importantes-demoras","status":"publish","type":"post","link":"https:\/\/nuevodigitaldeescobar.com.ar\/?p=18859","title":{"rendered":"Accidente en cadena en Panamericana gener\u00f3 importantes demoras"},"content":{"rendered":"\n<p>Un accidente en cadena ocurrido este jueves alrededor de las 17 horas provoc\u00f3 serios inconvenientes de tr\u00e1nsito en la autopista Panamericana, a la altura del kil\u00f3metro 46, en sentido hacia la Ciudad de Buenos Aires. El siniestro tuvo lugar a metros del cruce con la Ruta 26, uno de los accesos m\u00e1s transitados de la zona.<\/p>\n\n\n\n<!--more-->\n\n\n\n<p>Seg\u00fan los primeros datos, en el choque se vieron involucrados seis veh\u00edculos: tres autos y tres camionetas. La colisi\u00f3n m\u00faltiple gener\u00f3 importantes demoras tanto en la autopista como en las calles aleda\u00f1as, donde el flujo vehicular se vio r\u00e1pidamente afectado por el congestionamiento y las maniobras de desv\u00edo.<\/p>\n\n\n\n<p>Personal de emergencia y seguridad vial trabaj\u00f3 en el lugar para ordenar el tr\u00e1nsito, retirar los veh\u00edculos da\u00f1ados y asistir a los involucrados. Hasta el momento no trascendi\u00f3 informaci\u00f3n oficial sobre personas heridas.<\/p>\n\n\n\n<p>El tr\u00e1nsito se normaliz\u00f3 de manera paulatina una vez despejada la calzada, aunque se registraron demoras prolongadas durante gran parte de la tarde debido al alto caudal vehicular.<\/p>\n","protected":false},"excerpt":{"rendered":"<p>Un accidente en cadena ocurrido este jueves alrededor de las 17 horas provoc\u00f3 serios inconvenientes de tr\u00e1nsito en la autopista Panamericana, a la altura del [&hellip;]<\/p>\n","protected":false},"author":1,"featured_media":18860,"comment_status":"open","ping_status":"open","sticky":false,"template":"","format":"standard","meta":{"footnotes":""},"categories":[13],"tags":[19],"class_list":["post-18859","post","type-post","status-publish","format-standard","has-post-thumbnail","hentry","category-policiales","tag-accidente"],"better_featured_image":{"id":18860,"alt_text":"","caption":"","description":"","media_type":"image","media_details":{"width":1080,"height":888,"file":"2025\/11\/dc89c693-e57b-483d-b754-d4173d174751.jpg","filesize":122004,"sizes":{"medium":{"file":"dc89c693-e57b-483d-b754-d4173d174751-300x247.jpg","width":300,"height":247,"mime-type":"image\/jpeg","filesize":18469,"source_url":"https:\/\/nuevodigitaldeescobar.com.ar\/wp-content\/uploads\/2025\/11\/dc89c693-e57b-483d-b754-d4173d174751-300x247.jpg"},"large":{"file":"dc89c693-e57b-483d-b754-d4173d174751-1024x842.jpg","width":1024,"height":842,"mime-type":"image\/jpeg","filesize":133422,"source_url":"https:\/\/nuevodigitaldeescobar.com.ar\/wp-content\/uploads\/2025\/11\/dc89c693-e57b-483d-b754-d4173d174751-1024x842.jpg"},"thumbnail":{"file":"dc89c693-e57b-483d-b754-d4173d174751-150x150.jpg","width":150,"height":150,"mime-type":"image\/jpeg","filesize":6377,"source_url":"https:\/\/nuevodigitaldeescobar.com.ar\/wp-content\/uploads\/2025\/11\/dc89c693-e57b-483d-b754-d4173d174751-150x150.jpg"},"medium_large":{"file":"dc89c693-e57b-483d-b754-d4173d174751-768x631.jpg","width":768,"height":631,"mime-type":"image\/jpeg","filesize":87454,"source_url":"https:\/\/nuevodigitaldeescobar.com.ar\/wp-content\/uploads\/2025\/11\/dc89c693-e57b-483d-b754-d4173d174751-768x631.jpg"}},"image_meta":{"aperture":"0","credit":"","camera":"","caption":"","created_timestamp":"0","copyright":"","focal_length":"0","iso":"0","shutter_speed":"0","title":"","orientation":"0","keywords":[]}},"post":18859,"source_url":"https:\/\/nuevodigitaldeescobar.com.ar\/wp-content\/uploads\/2025\/11\/dc89c693-e57b-483d-b754-d4173d174751.jpg"},"yoast_head":"<!-- This site is optimized with the Yoast SEO plugin v26.1.1 - https:\/\/yoast.com\/wordpress\/plugins\/seo\/ -->\n<title>Accidente en cadena en Panamericana gener\u00f3 importantes demoras - Nuevo Digital de Escobar<\/title>\n<meta name=\"description\" content=\"Un accidente en cadena ocurrido este jueves alrededor de las 17 horas provoc\u00f3 serios inconvenientes de tr\u00e1nsito en la autopista Panamericana, a la altura del kil\u00f3metro 46, en sentido hacia la Ciudad de Buenos Aires. El siniestro tuvo lugar a metros del cruce con la Ruta 26, uno de los accesos m\u00e1s transitados de la zona.\" \/>\n<meta name=\"robots\" content=\"index, follow, max-snippet:-1, max-image-preview:large, max-video-preview:-1\" \/>\n<link rel=\"canonical\" href=\"https:\/\/nuevodigitaldeescobar.com.ar\/?p=18859\" \/>\n<meta property=\"og:locale\" content=\"es_ES\" \/>\n<meta property=\"og:type\" content=\"article\" \/>\n<meta property=\"og:title\" content=\"Accidente en cadena en Panamericana gener\u00f3 importantes demoras\" \/>\n<meta property=\"og:description\" content=\"Un accidente en cadena ocurrido este jueves alrededor de las 17 horas provoc\u00f3 serios inconvenientes de tr\u00e1nsito en la autopista Panamericana, a la altura del kil\u00f3metro 46, en sentido hacia la Ciudad de Buenos Aires. El siniestro tuvo lugar a metros del cruce con la Ruta 26, uno de los accesos m\u00e1s transitados de la zona.\" \/>\n<meta property=\"og:url\" content=\"https:\/\/nuevodigitaldeescobar.com.ar\/?p=18859\" \/>\n<meta property=\"og:site_name\" content=\"Nuevo Digital de Escobar\" \/>\n<meta property=\"article:publisher\" content=\"https:\/\/www.facebook.com\/NUEVODigitalDeEscobar\" \/>\n<meta property=\"article:published_time\" content=\"2025-11-14T00:27:04+00:00\" \/>\n<meta property=\"article:modified_time\" content=\"2025-11-14T00:27:08+00:00\" \/>\n<meta property=\"og:image\" content=\"http:\/\/nuevodigitaldeescobar.com.ar\/wp-content\/uploads\/2025\/11\/dc89c693-e57b-483d-b754-d4173d174751.jpg\" \/>\n\t<meta property=\"og:image:width\" content=\"1080\" \/>\n\t<meta property=\"og:image:height\" content=\"888\" \/>\n\t<meta property=\"og:image:type\" content=\"image\/jpeg\" \/>\n<meta name=\"author\" content=\"Redacci\u00f3n\" \/>\n<meta name=\"twitter:card\" content=\"summary_large_image\" \/>\n<meta name=\"twitter:creator\" content=\"@nuevodigescobar\" \/>\n<meta name=\"twitter:site\" content=\"@nuevodigescobar\" \/>\n<meta name=\"twitter:label1\" content=\"Escrito por\" \/>\n\t<meta name=\"twitter:data1\" content=\"Redacci\u00f3n\" \/>\n\t<meta name=\"twitter:label2\" content=\"Tiempo de lectura\" \/>\n\t<meta name=\"twitter:data2\" content=\"1 minuto\" \/>\n<script type=\"application\/ld+json\" class=\"yoast-schema-graph\">{\"@context\":\"https:\/\/schema.org\",\"@graph\":[{\"@type\":\"Article\",\"@id\":\"https:\/\/nuevodigitaldeescobar.com.ar\/?p=18859#article\",\"isPartOf\":{\"@id\":\"https:\/\/nuevodigitaldeescobar.com.ar\/?p=18859\"},\"author\":{\"name\":\"Redacci\u00f3n\",\"@id\":\"https:\/\/nuevodigitaldeescobar.com.ar\/#\/schema\/person\/035e90a8efe9a80e6eec22656ad6ea4c\"},\"headline\":\"Accidente en cadena en Panamericana gener\u00f3 importantes demoras\",\"datePublished\":\"2025-11-14T00:27:04+00:00\",\"dateModified\":\"2025-11-14T00:27:08+00:00\",\"mainEntityOfPage\":{\"@id\":\"https:\/\/nuevodigitaldeescobar.com.ar\/?p=18859\"},\"wordCount\":185,\"commentCount\":0,\"publisher\":{\"@id\":\"https:\/\/nuevodigitaldeescobar.com.ar\/#organization\"},\"image\":{\"@id\":\"https:\/\/nuevodigitaldeescobar.com.ar\/?p=18859#primaryimage\"},\"thumbnailUrl\":\"https:\/\/nuevodigitaldeescobar.com.ar\/wp-content\/uploads\/2025\/11\/dc89c693-e57b-483d-b754-d4173d174751.jpg\",\"keywords\":[\"accidente\"],\"articleSection\":[\"Policiales\"],\"inLanguage\":\"es\",\"potentialAction\":[{\"@type\":\"CommentAction\",\"name\":\"Comment\",\"target\":[\"https:\/\/nuevodigitaldeescobar.com.ar\/?p=18859#respond\"]}]},{\"@type\":\"WebPage\",\"@id\":\"https:\/\/nuevodigitaldeescobar.com.ar\/?p=18859\",\"url\":\"https:\/\/nuevodigitaldeescobar.com.ar\/?p=18859\",\"name\":\"Accidente en cadena en Panamericana gener\u00f3 importantes demoras - Nuevo Digital de Escobar\",\"isPartOf\":{\"@id\":\"https:\/\/nuevodigitaldeescobar.com.ar\/#website\"},\"primaryImageOfPage\":{\"@id\":\"https:\/\/nuevodigitaldeescobar.com.ar\/?p=18859#primaryimage\"},\"image\":{\"@id\":\"https:\/\/nuevodigitaldeescobar.com.ar\/?p=18859#primaryimage\"},\"thumbnailUrl\":\"https:\/\/nuevodigitaldeescobar.com.ar\/wp-content\/uploads\/2025\/11\/dc89c693-e57b-483d-b754-d4173d174751.jpg\",\"datePublished\":\"2025-11-14T00:27:04+00:00\",\"dateModified\":\"2025-11-14T00:27:08+00:00\",\"description\":\"Un accidente en cadena ocurrido este jueves alrededor de las 17 horas provoc\u00f3 serios inconvenientes de tr\u00e1nsito en la autopista Panamericana, a la altura del kil\u00f3metro 46, en sentido hacia la Ciudad de Buenos Aires. El siniestro tuvo lugar a metros del cruce con la Ruta 26, uno de los accesos m\u00e1s transitados de la zona.\",\"breadcrumb\":{\"@id\":\"https:\/\/nuevodigitaldeescobar.com.ar\/?p=18859#breadcrumb\"},\"inLanguage\":\"es\",\"potentialAction\":[{\"@type\":\"ReadAction\",\"target\":[\"https:\/\/nuevodigitaldeescobar.com.ar\/?p=18859\"]}]},{\"@type\":\"ImageObject\",\"inLanguage\":\"es\",\"@id\":\"https:\/\/nuevodigitaldeescobar.com.ar\/?p=18859#primaryimage\",\"url\":\"https:\/\/nuevodigitaldeescobar.com.ar\/wp-content\/uploads\/2025\/11\/dc89c693-e57b-483d-b754-d4173d174751.jpg\",\"contentUrl\":\"https:\/\/nuevodigitaldeescobar.com.ar\/wp-content\/uploads\/2025\/11\/dc89c693-e57b-483d-b754-d4173d174751.jpg\",\"width\":1080,\"height\":888},{\"@type\":\"BreadcrumbList\",\"@id\":\"https:\/\/nuevodigitaldeescobar.com.ar\/?p=18859#breadcrumb\",\"itemListElement\":[{\"@type\":\"ListItem\",\"position\":1,\"name\":\"Portada\",\"item\":\"https:\/\/nuevodigitaldeescobar.com.ar\/\"},{\"@type\":\"ListItem\",\"position\":2,\"name\":\"Accidente en cadena en Panamericana gener\u00f3 importantes demoras\"}]},{\"@type\":\"WebSite\",\"@id\":\"https:\/\/nuevodigitaldeescobar.com.ar\/#website\",\"url\":\"https:\/\/nuevodigitaldeescobar.com.ar\/\",\"name\":\"Nuevo Digital de Escobar\",\"description\":\"La vida escobarense. Directora: Rosana Brunner\",\"publisher\":{\"@id\":\"https:\/\/nuevodigitaldeescobar.com.ar\/#organization\"},\"potentialAction\":[{\"@type\":\"SearchAction\",\"target\":{\"@type\":\"EntryPoint\",\"urlTemplate\":\"https:\/\/nuevodigitaldeescobar.com.ar\/?s={search_term_string}\"},\"query-input\":{\"@type\":\"PropertyValueSpecification\",\"valueRequired\":true,\"valueName\":\"search_term_string\"}}],\"inLanguage\":\"es\"},{\"@type\":\"Organization\",\"@id\":\"https:\/\/nuevodigitaldeescobar.com.ar\/#organization\",\"name\":\"Nuevo Digital de Escobar\",\"url\":\"https:\/\/nuevodigitaldeescobar.com.ar\/\",\"logo\":{\"@type\":\"ImageObject\",\"inLanguage\":\"es\",\"@id\":\"https:\/\/nuevodigitaldeescobar.com.ar\/#\/schema\/logo\/image\/\",\"url\":\"https:\/\/nuevodigitaldeescobar.com.ar\/wp-content\/uploads\/2025\/05\/cropped-logo-nuevo2.jpg\",\"contentUrl\":\"https:\/\/nuevodigitaldeescobar.com.ar\/wp-content\/uploads\/2025\/05\/cropped-logo-nuevo2.jpg\",\"width\":305,\"height\":305,\"caption\":\"Nuevo Digital de Escobar\"},\"image\":{\"@id\":\"https:\/\/nuevodigitaldeescobar.com.ar\/#\/schema\/logo\/image\/\"},\"sameAs\":[\"https:\/\/www.facebook.com\/NUEVODigitalDeEscobar\",\"https:\/\/x.com\/nuevodigescobar\",\"https:\/\/www.instagram.com\/nuevodigitaldeescobar\"]},{\"@type\":\"Person\",\"@id\":\"https:\/\/nuevodigitaldeescobar.com.ar\/#\/schema\/person\/035e90a8efe9a80e6eec22656ad6ea4c\",\"name\":\"Redacci\u00f3n\",\"image\":{\"@type\":\"ImageObject\",\"inLanguage\":\"es\",\"@id\":\"https:\/\/nuevodigitaldeescobar.com.ar\/#\/schema\/person\/image\/\",\"url\":\"https:\/\/secure.gravatar.com\/avatar\/8af8f40000c24e9eef3034f2be5998a372bb1389e64b1a4a36b3a7979142220d?s=96&d=mm&r=g\",\"contentUrl\":\"https:\/\/secure.gravatar.com\/avatar\/8af8f40000c24e9eef3034f2be5998a372bb1389e64b1a4a36b3a7979142220d?s=96&d=mm&r=g\",\"caption\":\"Redacci\u00f3n\"},\"sameAs\":[\"http:\/\/nuevodigitaldeescobar.com.ar\"],\"url\":\"https:\/\/nuevodigitaldeescobar.com.ar\/?author=1\"}]}<\/script>\n<!-- \/ Yoast SEO plugin. -->","yoast_head_json":{"title":"Accidente en cadena en Panamericana gener\u00f3 importantes demoras - Nuevo Digital de Escobar","description":"Un accidente en cadena ocurrido este jueves alrededor de las 17 horas provoc\u00f3 serios inconvenientes de tr\u00e1nsito en la autopista Panamericana, a la altura del kil\u00f3metro 46, en sentido hacia la Ciudad de Buenos Aires. El siniestro tuvo lugar a metros del cruce con la Ruta 26, uno de los accesos m\u00e1s transitados de la zona.","robots":{"index":"index","follow":"follow","max-snippet":"max-snippet:-1","max-image-preview":"max-image-preview:large","max-video-preview":"max-video-preview:-1"},"canonical":"https:\/\/nuevodigitaldeescobar.com.ar\/?p=18859","og_locale":"es_ES","og_type":"article","og_title":"Accidente en cadena en Panamericana gener\u00f3 importantes demoras","og_description":"Un accidente en cadena ocurrido este jueves alrededor de las 17 horas provoc\u00f3 serios inconvenientes de tr\u00e1nsito en la autopista Panamericana, a la altura del kil\u00f3metro 46, en sentido hacia la Ciudad de Buenos Aires. El siniestro tuvo lugar a metros del cruce con la Ruta 26, uno de los accesos m\u00e1s transitados de la zona.","og_url":"https:\/\/nuevodigitaldeescobar.com.ar\/?p=18859","og_site_name":"Nuevo Digital de Escobar","article_publisher":"https:\/\/www.facebook.com\/NUEVODigitalDeEscobar","article_published_time":"2025-11-14T00:27:04+00:00","article_modified_time":"2025-11-14T00:27:08+00:00","og_image":[{"width":1080,"height":888,"url":"http:\/\/nuevodigitaldeescobar.com.ar\/wp-content\/uploads\/2025\/11\/dc89c693-e57b-483d-b754-d4173d174751.jpg","type":"image\/jpeg"}],"author":"Redacci\u00f3n","twitter_card":"summary_large_image","twitter_creator":"@nuevodigescobar","twitter_site":"@nuevodigescobar","twitter_misc":{"Escrito por":"Redacci\u00f3n","Tiempo de lectura":"1 minuto"},"schema":{"@context":"https:\/\/schema.org","@graph":[{"@type":"Article","@id":"https:\/\/nuevodigitaldeescobar.com.ar\/?p=18859#article","isPartOf":{"@id":"https:\/\/nuevodigitaldeescobar.com.ar\/?p=18859"},"author":{"name":"Redacci\u00f3n","@id":"https:\/\/nuevodigitaldeescobar.com.ar\/#\/schema\/person\/035e90a8efe9a80e6eec22656ad6ea4c"},"headline":"Accidente en cadena en Panamericana gener\u00f3 importantes demoras","datePublished":"2025-11-14T00:27:04+00:00","dateModified":"2025-11-14T00:27:08+00:00","mainEntityOfPage":{"@id":"https:\/\/nuevodigitaldeescobar.com.ar\/?p=18859"},"wordCount":185,"commentCount":0,"publisher":{"@id":"https:\/\/nuevodigitaldeescobar.com.ar\/#organization"},"image":{"@id":"https:\/\/nuevodigitaldeescobar.com.ar\/?p=18859#primaryimage"},"thumbnailUrl":"https:\/\/nuevodigitaldeescobar.com.ar\/wp-content\/uploads\/2025\/11\/dc89c693-e57b-483d-b754-d4173d174751.jpg","keywords":["accidente"],"articleSection":["Policiales"],"inLanguage":"es","potentialAction":[{"@type":"CommentAction","name":"Comment","target":["https:\/\/nuevodigitaldeescobar.com.ar\/?p=18859#respond"]}]},{"@type":"WebPage","@id":"https:\/\/nuevodigitaldeescobar.com.ar\/?p=18859","url":"https:\/\/nuevodigitaldeescobar.com.ar\/?p=18859","name":"Accidente en cadena en Panamericana gener\u00f3 importantes demoras - Nuevo Digital de Escobar","isPartOf":{"@id":"https:\/\/nuevodigitaldeescobar.com.ar\/#website"},"primaryImageOfPage":{"@id":"https:\/\/nuevodigitaldeescobar.com.ar\/?p=18859#primaryimage"},"image":{"@id":"https:\/\/nuevodigitaldeescobar.com.ar\/?p=18859#primaryimage"},"thumbnailUrl":"https:\/\/nuevodigitaldeescobar.com.ar\/wp-content\/uploads\/2025\/11\/dc89c693-e57b-483d-b754-d4173d174751.jpg","datePublished":"2025-11-14T00:27:04+00:00","dateModified":"2025-11-14T00:27:08+00:00","description":"Un accidente en cadena ocurrido este jueves alrededor de las 17 horas provoc\u00f3 serios inconvenientes de tr\u00e1nsito en la autopista Panamericana, a la altura del kil\u00f3metro 46, en sentido hacia la Ciudad de Buenos Aires. El siniestro tuvo lugar a metros del cruce con la Ruta 26, uno de los accesos m\u00e1s transitados de la zona.","breadcrumb":{"@id":"https:\/\/nuevodigitaldeescobar.com.ar\/?p=18859#breadcrumb"},"inLanguage":"es","potentialAction":[{"@type":"ReadAction","target":["https:\/\/nuevodigitaldeescobar.com.ar\/?p=18859"]}]},{"@type":"ImageObject","inLanguage":"es","@id":"https:\/\/nuevodigitaldeescobar.com.ar\/?p=18859#primaryimage","url":"https:\/\/nuevodigitaldeescobar.com.ar\/wp-content\/uploads\/2025\/11\/dc89c693-e57b-483d-b754-d4173d174751.jpg","contentUrl":"https:\/\/nuevodigitaldeescobar.com.ar\/wp-content\/uploads\/2025\/11\/dc89c693-e57b-483d-b754-d4173d174751.jpg","width":1080,"height":888},{"@type":"BreadcrumbList","@id":"https:\/\/nuevodigitaldeescobar.com.ar\/?p=18859#breadcrumb","itemListElement":[{"@type":"ListItem","position":1,"name":"Portada","item":"https:\/\/nuevodigitaldeescobar.com.ar\/"},{"@type":"ListItem","position":2,"name":"Accidente en cadena en Panamericana gener\u00f3 importantes demoras"}]},{"@type":"WebSite","@id":"https:\/\/nuevodigitaldeescobar.com.ar\/#website","url":"https:\/\/nuevodigitaldeescobar.com.ar\/","name":"Nuevo Digital de Escobar","description":"La vida escobarense. Directora: Rosana Brunner","publisher":{"@id":"https:\/\/nuevodigitaldeescobar.com.ar\/#organization"},"potentialAction":[{"@type":"SearchAction","target":{"@type":"EntryPoint","urlTemplate":"https:\/\/nuevodigitaldeescobar.com.ar\/?s={search_term_string}"},"query-input":{"@type":"PropertyValueSpecification","valueRequired":true,"valueName":"search_term_string"}}],"inLanguage":"es"},{"@type":"Organization","@id":"https:\/\/nuevodigitaldeescobar.com.ar\/#organization","name":"Nuevo Digital de Escobar","url":"https:\/\/nuevodigitaldeescobar.com.ar\/","logo":{"@type":"ImageObject","inLanguage":"es","@id":"https:\/\/nuevodigitaldeescobar.com.ar\/#\/schema\/logo\/image\/","url":"https:\/\/nuevodigitaldeescobar.com.ar\/wp-content\/uploads\/2025\/05\/cropped-logo-nuevo2.jpg","contentUrl":"https:\/\/nuevodigitaldeescobar.com.ar\/wp-content\/uploads\/2025\/05\/cropped-logo-nuevo2.jpg","width":305,"height":305,"caption":"Nuevo Digital de Escobar"},"image":{"@id":"https:\/\/nuevodigitaldeescobar.com.ar\/#\/schema\/logo\/image\/"},"sameAs":["https:\/\/www.facebook.com\/NUEVODigitalDeEscobar","https:\/\/x.com\/nuevodigescobar","https:\/\/www.instagram.com\/nuevodigitaldeescobar"]},{"@type":"Person","@id":"https:\/\/nuevodigitaldeescobar.com.ar\/#\/schema\/person\/035e90a8efe9a80e6eec22656ad6ea4c","name":"Redacci\u00f3n","image":{"@type":"ImageObject","inLanguage":"es","@id":"https:\/\/nuevodigitaldeescobar.com.ar\/#\/schema\/person\/image\/","url":"https:\/\/secure.gravatar.com\/avatar\/8af8f40000c24e9eef3034f2be5998a372bb1389e64b1a4a36b3a7979142220d?s=96&d=mm&r=g","contentUrl":"https:\/\/secure.gravatar.com\/avatar\/8af8f40000c24e9eef3034f2be5998a372bb1389e64b1a4a36b3a7979142220d?s=96&d=mm&r=g","caption":"Redacci\u00f3n"},"sameAs":["http:\/\/nuevodigitaldeescobar.com.ar"],"url":"https:\/\/nuevodigitaldeescobar.com.ar\/?author=1"}]}},"featured_image_urls":{"full":["https:\/\/nuevodigitaldeescobar.com.ar\/wp-content\/uploads\/2025\/11\/dc89c693-e57b-483d-b754-d4173d174751.jpg",1080,888,false],"thumbnail":["https:\/\/nuevodigitaldeescobar.com.ar\/wp-content\/uploads\/2025\/11\/dc89c693-e57b-483d-b754-d4173d174751-150x150.jpg",150,150,true],"medium":["https:\/\/nuevodigitaldeescobar.com.ar\/wp-content\/uploads\/2025\/11\/dc89c693-e57b-483d-b754-d4173d174751-300x247.jpg",300,247,true],"medium_large":["https:\/\/nuevodigitaldeescobar.com.ar\/wp-content\/uploads\/2025\/11\/dc89c693-e57b-483d-b754-d4173d174751-768x631.jpg",640,526,true],"large":["https:\/\/nuevodigitaldeescobar.com.ar\/wp-content\/uploads\/2025\/11\/dc89c693-e57b-483d-b754-d4173d174751-1024x842.jpg",640,526,true],"1536x1536":["https:\/\/nuevodigitaldeescobar.com.ar\/wp-content\/uploads\/2025\/11\/dc89c693-e57b-483d-b754-d4173d174751.jpg",1080,888,false],"2048x2048":["https:\/\/nuevodigitaldeescobar.com.ar\/wp-content\/uploads\/2025\/11\/dc89c693-e57b-483d-b754-d4173d174751.jpg",1080,888,false]},"author_info":{"display_name":"Redacci\u00f3n","author_link":"https:\/\/nuevodigitaldeescobar.com.ar\/?author=1"},"category_info":"<a href=\"https:\/\/nuevodigitaldeescobar.com.ar\/?cat=13\" rel=\"category\">Policiales<\/a>","tag_info":"Policiales","comment_count":"0","_links":{"self":[{"href":"https:\/\/nuevodigitaldeescobar.com.ar\/index.php?rest_route=\/wp\/v2\/posts\/18859","targetHints":{"allow":["GET"]}}],"collection":[{"href":"https:\/\/nuevodigitaldeescobar.com.ar\/index.php?rest_route=\/wp\/v2\/posts"}],"about":[{"href":"https:\/\/nuevodigitaldeescobar.com.ar\/index.php?rest_route=\/wp\/v2\/types\/post"}],"author":[{"embeddable":true,"href":"https:\/\/nuevodigitaldeescobar.com.ar\/index.php?rest_route=\/wp\/v2\/users\/1"}],"replies":[{"embeddable":true,"href":"https:\/\/nuevodigitaldeescobar.com.ar\/index.php?rest_route=%2Fwp%2Fv2%2Fcomments&post=18859"}],"version-history":[{"count":1,"href":"https:\/\/nuevodigitaldeescobar.com.ar\/index.php?rest_route=\/wp\/v2\/posts\/18859\/revisions"}],"predecessor-version":[{"id":18861,"href":"https:\/\/nuevodigitaldeescobar.com.ar\/index.php?rest_route=\/wp\/v2\/posts\/18859\/revisions\/18861"}],"wp:featuredmedia":[{"embeddable":true,"href":"https:\/\/nuevodigitaldeescobar.com.ar\/index.php?rest_route=\/wp\/v2\/media\/18860"}],"wp:attachment":[{"href":"https:\/\/nuevodigitaldeescobar.com.ar\/index.php?rest_route=%2Fwp%2Fv2%2Fmedia&parent=18859"}],"wp:term":[{"taxonomy":"category","embeddable":true,"href":"https:\/\/nuevodigitaldeescobar.com.ar\/index.php?rest_route=%2Fwp%2Fv2%2Fcategories&post=18859"},{"taxonomy":"post_tag","embeddable":true,"href":"https:\/\/nuevodigitaldeescobar.com.ar\/index.php?rest_route=%2Fwp%2Fv2%2Ftags&post=18859"}],"curies":[{"name":"wp","href":"https:\/\/api.w.org\/{rel}","templated":true}]}}