{"id":18864,"date":"2025-11-14T05:41:00","date_gmt":"2025-11-14T08:41:00","guid":{"rendered":"https:\/\/nuevodigitaldeescobar.com.ar\/?p=18864"},"modified":"2025-11-13T22:41:25","modified_gmt":"2025-11-14T01:41:25","slug":"reforma-tributaria-que-piden-las-pymes-y-cuales-son-los-cambios-clave-que-proponen-para-aliviar-la-presion-impositiva","status":"publish","type":"post","link":"https:\/\/nuevodigitaldeescobar.com.ar\/?p=18864","title":{"rendered":"Reforma tributaria: qu\u00e9 piden las pymes y cu\u00e1les son los cambios clave que proponen para aliviar la presi\u00f3n impositiva"},"content":{"rendered":"\n<p><strong><em><span style=\"text-decoration: underline;\">Por el Dr. Cassol Mart\u00edn<\/span><\/em><\/strong><\/p>\n\n\n\n<p class=\"has-vivid-cyan-blue-color has-text-color has-link-color wp-elements-ba14beec2de5a2fe20fa9e73cd0e4430\"><strong><em>En medio del debate por la futura reforma tributaria que el Gobierno enviar\u00e1 al Congreso, las peque\u00f1as y medianas empresas acercaron un paquete de propuestas para modificar el sistema impositivo argentino, al que consideran un factor decisivo en la p\u00e9rdida de competitividad.<\/em><\/strong><\/p>\n\n\n\n<!--more-->\n\n\n\n<p>La <strong>Confederaci\u00f3n Argentina de la Mediana Empresa (CAME)<\/strong> mantuvo una reuni\u00f3n con <strong>Juan Pazo<\/strong>, titular de la <strong>Agencia de Recaudaci\u00f3n y Control Aduanero (ARCA)<\/strong>, donde present\u00f3 un documento con los principales ajustes que las pymes consideran urgentes para un sistema fiscal m\u00e1s simple, l\u00f3gico y orientado a la producci\u00f3n.<\/p>\n\n\n\n<p>Seg\u00fan la entidad, el actual escenario <em>\u201ccastiga la formalidad, desalienta la inversi\u00f3n y genera costos administrativos que muchas empresas ya no pueden afrontar\u201d<\/em>. Por eso plantearon la necesidad de un <strong>nuevo consenso fiscal<\/strong>, un esquema unificado para tasas municipales y un redise\u00f1o profundo del IVA y del Impuesto a las Ganancias.<\/p>\n\n\n\n<hr class=\"wp-block-separator has-alpha-channel-opacity\"\/>\n\n\n\n<h3 class=\"wp-block-heading has-text-color has-link-color wp-elements-6efc3f2e9c1a74e984bf1773704bcd8c\" style=\"color:#142dbe\">Las principales propuestas de CAME<\/h3>\n\n\n\n<h3 class=\"wp-block-heading\"><strong>1. Nuevo consenso fiscal<\/strong><\/h3>\n\n\n\n<ul class=\"wp-block-list\">\n<li>Unificar criterios entre Naci\u00f3n, provincias y municipios.<\/li>\n\n\n\n<li>Crear un <strong>padr\u00f3n \u00fanico<\/strong> con reglas claras sobre tasas municipales para evitar superposiciones.<\/li>\n<\/ul>\n\n\n\n<h3 class=\"wp-block-heading\"><strong>2. Creaci\u00f3n de un IVA provincial<\/strong><\/h3>\n\n\n\n<ul class=\"wp-block-list\">\n<li>Sustituir progresivamente al actual <strong>Impuesto sobre los Ingresos Brutos<\/strong>, considerado uno de los tributos m\u00e1s distorsivos del pa\u00eds.<\/li>\n\n\n\n<li>Complementar al IVA nacional para lograr un esquema m\u00e1s simple y transparente.<\/li>\n<\/ul>\n\n\n\n<h3 class=\"wp-block-heading\"><strong>3. Generalizaci\u00f3n del IVA nacional<\/strong><\/h3>\n\n\n\n<ul class=\"wp-block-list\">\n<li>Reducir al\u00edcuotas.<\/li>\n\n\n\n<li>Eliminar exenciones y reg\u00edmenes especiales que <em>\u201cerosionan la base imponible\u201d<\/em>.<\/li>\n\n\n\n<li>Con una tasa general m\u00e1s baja, incorporar el nuevo IVA provincial sin aumentar la carga total.<\/li>\n<\/ul>\n\n\n\n<h3 class=\"wp-block-heading\"><strong>4. Nuevo esquema de Impuesto a las Ganancias<\/strong><\/h3>\n\n\n\n<ul class=\"wp-block-list\">\n<li>Para <strong>personas humanas y jur\u00eddicas<\/strong>.<\/li>\n\n\n\n<li>Objetivo: <strong>menos carga formal<\/strong>, menos tr\u00e1mites y m\u00e1s previsibilidad.<\/li>\n<\/ul>\n\n\n\n<h3 class=\"wp-block-heading\"><strong>5. Creaci\u00f3n de una Cuenta Corriente Tributaria Nacional<\/strong><\/h3>\n\n\n\n<ul class=\"wp-block-list\">\n<li>Permitir\u00e1 <strong>compensar impuestos<\/strong> a pagar con saldos a favor en todos los niveles: nacional, provincial y municipal.<\/li>\n<\/ul>\n\n\n\n<h3 class=\"wp-block-heading\"><strong>6. Sistema de transparencia financiera<\/strong><\/h3>\n\n\n\n<ul class=\"wp-block-list\">\n<li>Que los comercios puedan vender <em>\u201cpor cuenta y orden\u201d<\/em> de un agente financiero.<\/li>\n\n\n\n<li>Simplifica la fiscalizaci\u00f3n y la recaudaci\u00f3n.<\/li>\n<\/ul>\n\n\n\n<hr class=\"wp-block-separator has-alpha-channel-opacity\"\/>\n\n\n\n<h3 class=\"wp-block-heading has-text-color has-link-color wp-elements-fb04a1ea6bb4c78abb521c384e377ae2\" style=\"color:#142dbe\">Qu\u00e9 dicen los funcionarios<\/h3>\n\n\n\n<p>El presidente de CAME, <strong>Ricardo Diab<\/strong>, subray\u00f3 que el pa\u00eds necesita una <em>\u201cmatriz impositiva l\u00f3gica\u201d<\/em> que devuelva competitividad a las pymes.<\/p>\n\n\n\n<p>Por su parte, Juan Pazo (ARCA) sostuvo:<\/p>\n\n\n\n<ul class=\"wp-block-list\">\n<li><em>\u201cArgentina viene de 30 a\u00f1os de aumento de impuestos\u201d<\/em>.<\/li>\n\n\n\n<li>Desde 2024, la presi\u00f3n tributaria nacional sobre pymes cay\u00f3 <strong>2,4 puntos<\/strong>.<\/li>\n\n\n\n<li><em>\u201cLa competitividad debe venir con menos impuestos y mayor apertura de mercados\u201d<\/em>.<\/li>\n<\/ul>\n\n\n\n<p>El ministro de Econom\u00eda, <strong>Luis Caputo<\/strong>, tambi\u00e9n adelant\u00f3 algunos lineamientos de la futura reforma:<\/p>\n\n\n\n<ul class=\"wp-block-list\">\n<li><strong>Baja de cargas patronales<\/strong>, reemplazadas por un fondo de cese.<\/li>\n\n\n\n<li><strong>Aumento de deducciones<\/strong> en Ganancias para seguros de retiro y capitalizaci\u00f3n.<\/li>\n\n\n\n<li><strong>Nueva reducci\u00f3n del Impuesto a las Ganancias<\/strong> para individuos.<\/li>\n\n\n\n<li>Divisi\u00f3n del <strong>IVA en nacional y provincial<\/strong>, donde la Naci\u00f3n se quedar\u00eda con el 9% del 21% actual.<\/li>\n\n\n\n<li>Fomento de la <strong>competencia impositiva entre provincias<\/strong>.<\/li>\n<\/ul>\n\n\n\n<hr class=\"wp-block-separator has-alpha-channel-opacity\"\/>\n\n\n\n<h3 class=\"wp-block-heading has-text-color has-link-color wp-elements-d7556a83a30329cce8ceebd193b121e8\" style=\"color:#142dbe\">En s\u00edntesis<\/h3>\n\n\n\n<p>La propuesta de CAME apunta a:<\/p>\n\n\n\n<ul class=\"wp-block-list\">\n<li>Simplificar el sistema tributario<\/li>\n\n\n\n<li>Eliminar distorsiones<\/li>\n\n\n\n<li>Bajar la presi\u00f3n fiscal<\/li>\n\n\n\n<li>Incentivar la inversi\u00f3n y el empleo formal<\/li>\n\n\n\n<li>Mejorar la competitividad de las pymes<\/li>\n<\/ul>\n\n\n\n<p><em>El debate reci\u00e9n empieza, pero ser\u00e1 clave para el entramado productivo del pa\u00eds.<\/em><\/p>\n","protected":false},"excerpt":{"rendered":"<p>Por el Dr. Cassol Mart\u00edn En medio del debate por la futura reforma tributaria que el Gobierno enviar\u00e1 al Congreso, las peque\u00f1as y medianas empresas [&hellip;]<\/p>\n","protected":false},"author":1,"featured_media":10205,"comment_status":"open","ping_status":"open","sticky":false,"template":"","format":"standard","meta":{"footnotes":""},"categories":[10],"tags":[],"class_list":["post-18864","post","type-post","status-publish","format-standard","has-post-thumbnail","hentry","category-economia"],"better_featured_image":{"id":10205,"alt_text":"","caption":"","description":"","media_type":"image","media_details":{"width":987,"height":572,"file":"2024\/12\/came.jpg","filesize":301409,"sizes":{"medium":{"file":"came-300x174.jpg","width":300,"height":174,"mime-type":"image\/jpeg","filesize":16818,"source_url":"https:\/\/nuevodigitaldeescobar.com.ar\/wp-content\/uploads\/2024\/12\/came-300x174.jpg"},"thumbnail":{"file":"came-150x150.jpg","width":150,"height":150,"mime-type":"image\/jpeg","filesize":8062,"source_url":"https:\/\/nuevodigitaldeescobar.com.ar\/wp-content\/uploads\/2024\/12\/came-150x150.jpg"},"medium_large":{"file":"came-768x445.jpg","width":768,"height":445,"mime-type":"image\/jpeg","filesize":69802,"source_url":"https:\/\/nuevodigitaldeescobar.com.ar\/wp-content\/uploads\/2024\/12\/came-768x445.jpg"}},"image_meta":{"aperture":"0","credit":"","camera":"","caption":"","created_timestamp":"0","copyright":"","focal_length":"0","iso":"0","shutter_speed":"0","title":"","orientation":"0","keywords":[]}},"post":10204,"source_url":"https:\/\/nuevodigitaldeescobar.com.ar\/wp-content\/uploads\/2024\/12\/came.jpg"},"yoast_head":"<!-- This site is optimized with the Yoast SEO plugin v26.1.1 - https:\/\/yoast.com\/wordpress\/plugins\/seo\/ -->\n<title>Reforma tributaria: qu\u00e9 piden las pymes y cu\u00e1les son los cambios clave que proponen para aliviar la presi\u00f3n impositiva - Nuevo Digital de Escobar<\/title>\n<meta name=\"robots\" content=\"index, follow, max-snippet:-1, max-image-preview:large, max-video-preview:-1\" \/>\n<link rel=\"canonical\" href=\"https:\/\/nuevodigitaldeescobar.com.ar\/?p=18864\" \/>\n<meta property=\"og:locale\" content=\"es_ES\" \/>\n<meta property=\"og:type\" content=\"article\" \/>\n<meta property=\"og:title\" content=\"Reforma tributaria: qu\u00e9 piden las pymes y cu\u00e1les son los cambios clave que proponen para aliviar la presi\u00f3n impositiva - Nuevo Digital de Escobar\" \/>\n<meta property=\"og:description\" content=\"Por el Dr. Cassol Mart\u00edn En medio del debate por la futura reforma tributaria que el Gobierno enviar\u00e1 al Congreso, las peque\u00f1as y medianas empresas [&hellip;]\" \/>\n<meta property=\"og:url\" content=\"https:\/\/nuevodigitaldeescobar.com.ar\/?p=18864\" \/>\n<meta property=\"og:site_name\" content=\"Nuevo Digital de Escobar\" \/>\n<meta property=\"article:publisher\" content=\"https:\/\/www.facebook.com\/NUEVODigitalDeEscobar\" \/>\n<meta property=\"article:published_time\" content=\"2025-11-14T08:41:00+00:00\" \/>\n<meta property=\"og:image\" content=\"https:\/\/nuevodigitaldeescobar.com.ar\/wp-content\/uploads\/2024\/12\/came.jpg\" \/>\n\t<meta property=\"og:image:width\" content=\"987\" \/>\n\t<meta property=\"og:image:height\" content=\"572\" \/>\n\t<meta property=\"og:image:type\" content=\"image\/jpeg\" \/>\n<meta name=\"author\" content=\"Redacci\u00f3n\" \/>\n<meta name=\"twitter:card\" content=\"summary_large_image\" \/>\n<meta name=\"twitter:creator\" content=\"@nuevodigescobar\" \/>\n<meta name=\"twitter:site\" content=\"@nuevodigescobar\" \/>\n<meta name=\"twitter:label1\" content=\"Escrito por\" \/>\n\t<meta name=\"twitter:data1\" content=\"Redacci\u00f3n\" \/>\n\t<meta name=\"twitter:label2\" content=\"Tiempo de lectura\" \/>\n\t<meta name=\"twitter:data2\" content=\"3 minutos\" \/>\n<script type=\"application\/ld+json\" class=\"yoast-schema-graph\">{\"@context\":\"https:\/\/schema.org\",\"@graph\":[{\"@type\":\"Article\",\"@id\":\"https:\/\/nuevodigitaldeescobar.com.ar\/?p=18864#article\",\"isPartOf\":{\"@id\":\"https:\/\/nuevodigitaldeescobar.com.ar\/?p=18864\"},\"author\":{\"name\":\"Redacci\u00f3n\",\"@id\":\"https:\/\/nuevodigitaldeescobar.com.ar\/#\/schema\/person\/035e90a8efe9a80e6eec22656ad6ea4c\"},\"headline\":\"Reforma tributaria: qu\u00e9 piden las pymes y cu\u00e1les son los cambios clave que proponen para aliviar la presi\u00f3n impositiva\",\"datePublished\":\"2025-11-14T08:41:00+00:00\",\"mainEntityOfPage\":{\"@id\":\"https:\/\/nuevodigitaldeescobar.com.ar\/?p=18864\"},\"wordCount\":547,\"commentCount\":1,\"publisher\":{\"@id\":\"https:\/\/nuevodigitaldeescobar.com.ar\/#organization\"},\"image\":{\"@id\":\"https:\/\/nuevodigitaldeescobar.com.ar\/?p=18864#primaryimage\"},\"thumbnailUrl\":\"https:\/\/nuevodigitaldeescobar.com.ar\/wp-content\/uploads\/2024\/12\/came.jpg\",\"articleSection\":[\"Econom\u00eda\"],\"inLanguage\":\"es\",\"potentialAction\":[{\"@type\":\"CommentAction\",\"name\":\"Comment\",\"target\":[\"https:\/\/nuevodigitaldeescobar.com.ar\/?p=18864#respond\"]}]},{\"@type\":\"WebPage\",\"@id\":\"https:\/\/nuevodigitaldeescobar.com.ar\/?p=18864\",\"url\":\"https:\/\/nuevodigitaldeescobar.com.ar\/?p=18864\",\"name\":\"Reforma tributaria: qu\u00e9 piden las pymes y cu\u00e1les son los cambios clave que proponen para aliviar la presi\u00f3n impositiva - Nuevo Digital de Escobar\",\"isPartOf\":{\"@id\":\"https:\/\/nuevodigitaldeescobar.com.ar\/#website\"},\"primaryImageOfPage\":{\"@id\":\"https:\/\/nuevodigitaldeescobar.com.ar\/?p=18864#primaryimage\"},\"image\":{\"@id\":\"https:\/\/nuevodigitaldeescobar.com.ar\/?p=18864#primaryimage\"},\"thumbnailUrl\":\"https:\/\/nuevodigitaldeescobar.com.ar\/wp-content\/uploads\/2024\/12\/came.jpg\",\"datePublished\":\"2025-11-14T08:41:00+00:00\",\"breadcrumb\":{\"@id\":\"https:\/\/nuevodigitaldeescobar.com.ar\/?p=18864#breadcrumb\"},\"inLanguage\":\"es\",\"potentialAction\":[{\"@type\":\"ReadAction\",\"target\":[\"https:\/\/nuevodigitaldeescobar.com.ar\/?p=18864\"]}]},{\"@type\":\"ImageObject\",\"inLanguage\":\"es\",\"@id\":\"https:\/\/nuevodigitaldeescobar.com.ar\/?p=18864#primaryimage\",\"url\":\"https:\/\/nuevodigitaldeescobar.com.ar\/wp-content\/uploads\/2024\/12\/came.jpg\",\"contentUrl\":\"https:\/\/nuevodigitaldeescobar.com.ar\/wp-content\/uploads\/2024\/12\/came.jpg\",\"width\":987,\"height\":572},{\"@type\":\"BreadcrumbList\",\"@id\":\"https:\/\/nuevodigitaldeescobar.com.ar\/?p=18864#breadcrumb\",\"itemListElement\":[{\"@type\":\"ListItem\",\"position\":1,\"name\":\"Portada\",\"item\":\"https:\/\/nuevodigitaldeescobar.com.ar\/\"},{\"@type\":\"ListItem\",\"position\":2,\"name\":\"Reforma tributaria: qu\u00e9 piden las pymes y cu\u00e1les son los cambios clave que proponen para aliviar la presi\u00f3n impositiva\"}]},{\"@type\":\"WebSite\",\"@id\":\"https:\/\/nuevodigitaldeescobar.com.ar\/#website\",\"url\":\"https:\/\/nuevodigitaldeescobar.com.ar\/\",\"name\":\"Nuevo Digital de Escobar\",\"description\":\"La vida escobarense. Directora: Rosana Brunner\",\"publisher\":{\"@id\":\"https:\/\/nuevodigitaldeescobar.com.ar\/#organization\"},\"potentialAction\":[{\"@type\":\"SearchAction\",\"target\":{\"@type\":\"EntryPoint\",\"urlTemplate\":\"https:\/\/nuevodigitaldeescobar.com.ar\/?s={search_term_string}\"},\"query-input\":{\"@type\":\"PropertyValueSpecification\",\"valueRequired\":true,\"valueName\":\"search_term_string\"}}],\"inLanguage\":\"es\"},{\"@type\":\"Organization\",\"@id\":\"https:\/\/nuevodigitaldeescobar.com.ar\/#organization\",\"name\":\"Nuevo Digital de Escobar\",\"url\":\"https:\/\/nuevodigitaldeescobar.com.ar\/\",\"logo\":{\"@type\":\"ImageObject\",\"inLanguage\":\"es\",\"@id\":\"https:\/\/nuevodigitaldeescobar.com.ar\/#\/schema\/logo\/image\/\",\"url\":\"https:\/\/nuevodigitaldeescobar.com.ar\/wp-content\/uploads\/2025\/05\/cropped-logo-nuevo2.jpg\",\"contentUrl\":\"https:\/\/nuevodigitaldeescobar.com.ar\/wp-content\/uploads\/2025\/05\/cropped-logo-nuevo2.jpg\",\"width\":305,\"height\":305,\"caption\":\"Nuevo Digital de Escobar\"},\"image\":{\"@id\":\"https:\/\/nuevodigitaldeescobar.com.ar\/#\/schema\/logo\/image\/\"},\"sameAs\":[\"https:\/\/www.facebook.com\/NUEVODigitalDeEscobar\",\"https:\/\/x.com\/nuevodigescobar\",\"https:\/\/www.instagram.com\/nuevodigitaldeescobar\"]},{\"@type\":\"Person\",\"@id\":\"https:\/\/nuevodigitaldeescobar.com.ar\/#\/schema\/person\/035e90a8efe9a80e6eec22656ad6ea4c\",\"name\":\"Redacci\u00f3n\",\"image\":{\"@type\":\"ImageObject\",\"inLanguage\":\"es\",\"@id\":\"https:\/\/nuevodigitaldeescobar.com.ar\/#\/schema\/person\/image\/\",\"url\":\"https:\/\/secure.gravatar.com\/avatar\/8af8f40000c24e9eef3034f2be5998a372bb1389e64b1a4a36b3a7979142220d?s=96&d=mm&r=g\",\"contentUrl\":\"https:\/\/secure.gravatar.com\/avatar\/8af8f40000c24e9eef3034f2be5998a372bb1389e64b1a4a36b3a7979142220d?s=96&d=mm&r=g\",\"caption\":\"Redacci\u00f3n\"},\"sameAs\":[\"http:\/\/nuevodigitaldeescobar.com.ar\"],\"url\":\"https:\/\/nuevodigitaldeescobar.com.ar\/?author=1\"}]}<\/script>\n<!-- \/ Yoast SEO plugin. -->","yoast_head_json":{"title":"Reforma tributaria: qu\u00e9 piden las pymes y cu\u00e1les son los cambios clave que proponen para aliviar la presi\u00f3n impositiva - Nuevo Digital de Escobar","robots":{"index":"index","follow":"follow","max-snippet":"max-snippet:-1","max-image-preview":"max-image-preview:large","max-video-preview":"max-video-preview:-1"},"canonical":"https:\/\/nuevodigitaldeescobar.com.ar\/?p=18864","og_locale":"es_ES","og_type":"article","og_title":"Reforma tributaria: qu\u00e9 piden las pymes y cu\u00e1les son los cambios clave que proponen para aliviar la presi\u00f3n impositiva - Nuevo Digital de Escobar","og_description":"Por el Dr. Cassol Mart\u00edn En medio del debate por la futura reforma tributaria que el Gobierno enviar\u00e1 al Congreso, las peque\u00f1as y medianas empresas [&hellip;]","og_url":"https:\/\/nuevodigitaldeescobar.com.ar\/?p=18864","og_site_name":"Nuevo Digital de Escobar","article_publisher":"https:\/\/www.facebook.com\/NUEVODigitalDeEscobar","article_published_time":"2025-11-14T08:41:00+00:00","og_image":[{"width":987,"height":572,"url":"https:\/\/nuevodigitaldeescobar.com.ar\/wp-content\/uploads\/2024\/12\/came.jpg","type":"image\/jpeg"}],"author":"Redacci\u00f3n","twitter_card":"summary_large_image","twitter_creator":"@nuevodigescobar","twitter_site":"@nuevodigescobar","twitter_misc":{"Escrito por":"Redacci\u00f3n","Tiempo de lectura":"3 minutos"},"schema":{"@context":"https:\/\/schema.org","@graph":[{"@type":"Article","@id":"https:\/\/nuevodigitaldeescobar.com.ar\/?p=18864#article","isPartOf":{"@id":"https:\/\/nuevodigitaldeescobar.com.ar\/?p=18864"},"author":{"name":"Redacci\u00f3n","@id":"https:\/\/nuevodigitaldeescobar.com.ar\/#\/schema\/person\/035e90a8efe9a80e6eec22656ad6ea4c"},"headline":"Reforma tributaria: qu\u00e9 piden las pymes y cu\u00e1les son los cambios clave que proponen para aliviar la presi\u00f3n impositiva","datePublished":"2025-11-14T08:41:00+00:00","mainEntityOfPage":{"@id":"https:\/\/nuevodigitaldeescobar.com.ar\/?p=18864"},"wordCount":547,"commentCount":1,"publisher":{"@id":"https:\/\/nuevodigitaldeescobar.com.ar\/#organization"},"image":{"@id":"https:\/\/nuevodigitaldeescobar.com.ar\/?p=18864#primaryimage"},"thumbnailUrl":"https:\/\/nuevodigitaldeescobar.com.ar\/wp-content\/uploads\/2024\/12\/came.jpg","articleSection":["Econom\u00eda"],"inLanguage":"es","potentialAction":[{"@type":"CommentAction","name":"Comment","target":["https:\/\/nuevodigitaldeescobar.com.ar\/?p=18864#respond"]}]},{"@type":"WebPage","@id":"https:\/\/nuevodigitaldeescobar.com.ar\/?p=18864","url":"https:\/\/nuevodigitaldeescobar.com.ar\/?p=18864","name":"Reforma tributaria: qu\u00e9 piden las pymes y cu\u00e1les son los cambios clave que proponen para aliviar la presi\u00f3n impositiva - Nuevo Digital de Escobar","isPartOf":{"@id":"https:\/\/nuevodigitaldeescobar.com.ar\/#website"},"primaryImageOfPage":{"@id":"https:\/\/nuevodigitaldeescobar.com.ar\/?p=18864#primaryimage"},"image":{"@id":"https:\/\/nuevodigitaldeescobar.com.ar\/?p=18864#primaryimage"},"thumbnailUrl":"https:\/\/nuevodigitaldeescobar.com.ar\/wp-content\/uploads\/2024\/12\/came.jpg","datePublished":"2025-11-14T08:41:00+00:00","breadcrumb":{"@id":"https:\/\/nuevodigitaldeescobar.com.ar\/?p=18864#breadcrumb"},"inLanguage":"es","potentialAction":[{"@type":"ReadAction","target":["https:\/\/nuevodigitaldeescobar.com.ar\/?p=18864"]}]},{"@type":"ImageObject","inLanguage":"es","@id":"https:\/\/nuevodigitaldeescobar.com.ar\/?p=18864#primaryimage","url":"https:\/\/nuevodigitaldeescobar.com.ar\/wp-content\/uploads\/2024\/12\/came.jpg","contentUrl":"https:\/\/nuevodigitaldeescobar.com.ar\/wp-content\/uploads\/2024\/12\/came.jpg","width":987,"height":572},{"@type":"BreadcrumbList","@id":"https:\/\/nuevodigitaldeescobar.com.ar\/?p=18864#breadcrumb","itemListElement":[{"@type":"ListItem","position":1,"name":"Portada","item":"https:\/\/nuevodigitaldeescobar.com.ar\/"},{"@type":"ListItem","position":2,"name":"Reforma tributaria: qu\u00e9 piden las pymes y cu\u00e1les son los cambios clave que proponen para aliviar la presi\u00f3n impositiva"}]},{"@type":"WebSite","@id":"https:\/\/nuevodigitaldeescobar.com.ar\/#website","url":"https:\/\/nuevodigitaldeescobar.com.ar\/","name":"Nuevo Digital de Escobar","description":"La vida escobarense. Directora: Rosana Brunner","publisher":{"@id":"https:\/\/nuevodigitaldeescobar.com.ar\/#organization"},"potentialAction":[{"@type":"SearchAction","target":{"@type":"EntryPoint","urlTemplate":"https:\/\/nuevodigitaldeescobar.com.ar\/?s={search_term_string}"},"query-input":{"@type":"PropertyValueSpecification","valueRequired":true,"valueName":"search_term_string"}}],"inLanguage":"es"},{"@type":"Organization","@id":"https:\/\/nuevodigitaldeescobar.com.ar\/#organization","name":"Nuevo Digital de Escobar","url":"https:\/\/nuevodigitaldeescobar.com.ar\/","logo":{"@type":"ImageObject","inLanguage":"es","@id":"https:\/\/nuevodigitaldeescobar.com.ar\/#\/schema\/logo\/image\/","url":"https:\/\/nuevodigitaldeescobar.com.ar\/wp-content\/uploads\/2025\/05\/cropped-logo-nuevo2.jpg","contentUrl":"https:\/\/nuevodigitaldeescobar.com.ar\/wp-content\/uploads\/2025\/05\/cropped-logo-nuevo2.jpg","width":305,"height":305,"caption":"Nuevo Digital de Escobar"},"image":{"@id":"https:\/\/nuevodigitaldeescobar.com.ar\/#\/schema\/logo\/image\/"},"sameAs":["https:\/\/www.facebook.com\/NUEVODigitalDeEscobar","https:\/\/x.com\/nuevodigescobar","https:\/\/www.instagram.com\/nuevodigitaldeescobar"]},{"@type":"Person","@id":"https:\/\/nuevodigitaldeescobar.com.ar\/#\/schema\/person\/035e90a8efe9a80e6eec22656ad6ea4c","name":"Redacci\u00f3n","image":{"@type":"ImageObject","inLanguage":"es","@id":"https:\/\/nuevodigitaldeescobar.com.ar\/#\/schema\/person\/image\/","url":"https:\/\/secure.gravatar.com\/avatar\/8af8f40000c24e9eef3034f2be5998a372bb1389e64b1a4a36b3a7979142220d?s=96&d=mm&r=g","contentUrl":"https:\/\/secure.gravatar.com\/avatar\/8af8f40000c24e9eef3034f2be5998a372bb1389e64b1a4a36b3a7979142220d?s=96&d=mm&r=g","caption":"Redacci\u00f3n"},"sameAs":["http:\/\/nuevodigitaldeescobar.com.ar"],"url":"https:\/\/nuevodigitaldeescobar.com.ar\/?author=1"}]}},"featured_image_urls":{"full":["https:\/\/nuevodigitaldeescobar.com.ar\/wp-content\/uploads\/2024\/12\/came.jpg",987,572,false],"thumbnail":["https:\/\/nuevodigitaldeescobar.com.ar\/wp-content\/uploads\/2024\/12\/came-150x150.jpg",150,150,true],"medium":["https:\/\/nuevodigitaldeescobar.com.ar\/wp-content\/uploads\/2024\/12\/came-300x174.jpg",300,174,true],"medium_large":["https:\/\/nuevodigitaldeescobar.com.ar\/wp-content\/uploads\/2024\/12\/came-768x445.jpg",640,371,true],"large":["https:\/\/nuevodigitaldeescobar.com.ar\/wp-content\/uploads\/2024\/12\/came.jpg",640,371,false],"1536x1536":["https:\/\/nuevodigitaldeescobar.com.ar\/wp-content\/uploads\/2024\/12\/came.jpg",987,572,false],"2048x2048":["https:\/\/nuevodigitaldeescobar.com.ar\/wp-content\/uploads\/2024\/12\/came.jpg",987,572,false]},"author_info":{"display_name":"Redacci\u00f3n","author_link":"https:\/\/nuevodigitaldeescobar.com.ar\/?author=1"},"category_info":"<a href=\"https:\/\/nuevodigitaldeescobar.com.ar\/?cat=10\" rel=\"category\">Econom\u00eda<\/a>","tag_info":"Econom\u00eda","comment_count":"1","_links":{"self":[{"href":"https:\/\/nuevodigitaldeescobar.com.ar\/index.php?rest_route=\/wp\/v2\/posts\/18864","targetHints":{"allow":["GET"]}}],"collection":[{"href":"https:\/\/nuevodigitaldeescobar.com.ar\/index.php?rest_route=\/wp\/v2\/posts"}],"about":[{"href":"https:\/\/nuevodigitaldeescobar.com.ar\/index.php?rest_route=\/wp\/v2\/types\/post"}],"author":[{"embeddable":true,"href":"https:\/\/nuevodigitaldeescobar.com.ar\/index.php?rest_route=\/wp\/v2\/users\/1"}],"replies":[{"embeddable":true,"href":"https:\/\/nuevodigitaldeescobar.com.ar\/index.php?rest_route=%2Fwp%2Fv2%2Fcomments&post=18864"}],"version-history":[{"count":2,"href":"https:\/\/nuevodigitaldeescobar.com.ar\/index.php?rest_route=\/wp\/v2\/posts\/18864\/revisions"}],"predecessor-version":[{"id":18867,"href":"https:\/\/nuevodigitaldeescobar.com.ar\/index.php?rest_route=\/wp\/v2\/posts\/18864\/revisions\/18867"}],"wp:featuredmedia":[{"embeddable":true,"href":"https:\/\/nuevodigitaldeescobar.com.ar\/index.php?rest_route=\/wp\/v2\/media\/10205"}],"wp:attachment":[{"href":"https:\/\/nuevodigitaldeescobar.com.ar\/index.php?rest_route=%2Fwp%2Fv2%2Fmedia&parent=18864"}],"wp:term":[{"taxonomy":"category","embeddable":true,"href":"https:\/\/nuevodigitaldeescobar.com.ar\/index.php?rest_route=%2Fwp%2Fv2%2Fcategories&post=18864"},{"taxonomy":"post_tag","embeddable":true,"href":"https:\/\/nuevodigitaldeescobar.com.ar\/index.php?rest_route=%2Fwp%2Fv2%2Ftags&post=18864"}],"curies":[{"name":"wp","href":"https:\/\/api.w.org\/{rel}","templated":true}]}}