{"id":18871,"date":"2025-11-14T04:05:00","date_gmt":"2025-11-14T07:05:00","guid":{"rendered":"https:\/\/nuevodigitaldeescobar.com.ar\/?p=18871"},"modified":"2025-11-14T11:09:17","modified_gmt":"2025-11-14T14:09:17","slug":"fin-de-semana-sofocante-en-escobar-y-el-amba-calor-por-encima-de-30-y-probabilidad-de-tormentas","status":"publish","type":"post","link":"https:\/\/nuevodigitaldeescobar.com.ar\/?p=18871","title":{"rendered":"Fin de semana sofocante en Escobar y el AMBA: calor por encima de 30\u00b0 y probabilidad de tormentas"},"content":{"rendered":"\n<p class=\"has-vivid-cyan-blue-color has-text-color has-link-color wp-elements-4d6ec0db8460c63ec1e1c0fd2f95199f\"><strong><em>El calor volver\u00e1 a instalarse con fuerza en Escobar y todo el AMBA durante este fin de semana, con temperaturas que rozar\u00e1n los 32 grados y la posibilidad de tormentas aisladas entre la noche del s\u00e1bado y la madrugada del domingo. El pron\u00f3stico del Servicio Meteorol\u00f3gico Nacional (SMN) marca un cambio de aire reci\u00e9n para el cierre del domingo, cuando se espera un leve descenso t\u00e9rmico.<\/em><\/strong><\/p>\n\n\n\n<!--more-->\n\n\n\n<h2 class=\"wp-block-heading has-text-color has-link-color wp-elements-5458b09c4678cd30510d0d45e750a8dc\" style=\"color:#1630a3\">El tiempo en Escobar: c\u00f3mo sigue hasta el domingo<\/h2>\n\n\n\n<figure class=\"wp-block-table is-style-stripes\"><table class=\"has-background has-fixed-layout\" style=\"background:radial-gradient(rgba(252,185,0,1) 0%,rgba(255,105,0,1) 100%)\"><thead><tr><th><strong>D\u00eda<\/strong><\/th><th><strong>M\u00ednima<\/strong><\/th><th><strong>M\u00e1xima<\/strong><\/th><th><strong>Condiciones<\/strong><\/th><\/tr><\/thead><tbody><tr><td><strong>Viernes<\/strong><\/td><td>18\u00b0C<\/td><td>30\u00b0C<\/td><td>Cielo algo nublado. Sin lluvias.<\/td><\/tr><tr><td><strong>S\u00e1bado<\/strong><\/td><td>20\u00b0C<\/td><td>32\u00b0C<\/td><td>Caluroso. Algo nublado y tormentas hacia la noche.<\/td><\/tr><tr><td><strong>Domingo<\/strong><\/td><td>20\u00b0C<\/td><td>25\u00b0C<\/td><td>Lluvias nocturnas. Lluvias aisladas por la ma\u00f1ana. Tarde nublada.<\/td><\/tr><\/tbody><\/table><\/figure>\n\n\n\n<h2 class=\"wp-block-heading\"><strong><span style=\"text-decoration: underline;\">Viernes: estabilidad y calor moderado<\/span><\/strong><\/h2>\n\n\n\n<p>La jornada se presenta con cielo algo nublado y temperaturas entre 18\u00b0 y 30\u00b0. No hay probabilidad de lluvias y se espera un ambiente h\u00famedo y pesado hacia la tarde.<\/p>\n\n\n\n<h2 class=\"wp-block-heading\"><strong><span style=\"text-decoration: underline;\">S\u00e1bado: el d\u00eda m\u00e1s caluroso y la inestabilidad nocturna<\/span><\/strong><\/h2>\n\n\n\n<p>El s\u00e1bado ser\u00e1 el pico de la ola de calor en la regi\u00f3n. Las temperaturas oscilar\u00e1n entre 20\u00b0 y 32\u00b0, con sensaci\u00f3n t\u00e9rmica a\u00fan mayor por la humedad.<\/p>\n\n\n\n<p>Hacia la noche, el avance de un frente inestable podr\u00eda generar tormentas aisladas en Escobar, el AMBA y gran parte del centro del pa\u00eds.<\/p>\n\n\n\n<h2 class=\"wp-block-heading\"><strong><span style=\"text-decoration: underline;\">Domingo: ligero descenso de la temperatura y lluvias matinales<\/span><\/strong><\/h2>\n\n\n\n<p>Despu\u00e9s de las precipitaciones nocturnas, el domingo traer\u00e1 un alivio leve, con valores entre 20\u00b0 y 25\u00b0. Por la ma\u00f1ana podr\u00edan continuar las lluvias aisladas, aunque el resto del d\u00eda se mantendr\u00e1 mayormente nublado, sin chances significativas de nuevas precipitaciones.<\/p>\n\n\n\n<h2 class=\"wp-block-heading has-text-color has-link-color wp-elements-e121292311e61ca3ff8e7e7726e39d1c\" style=\"color:#1630a3\">C\u00f3mo sigue la semana en el AMBA<\/h2>\n\n\n\n<ul class=\"wp-block-list\">\n<li><strong>Lunes:<\/strong> descenso marcado, con m\u00ednimas de 11\u00b0 y m\u00e1ximas de 24\u00b0. Cielo ligeramente nublado.<\/li>\n\n\n\n<li><strong>Martes:<\/strong> vuelve el calor, con valores entre 15\u00b0 y 30\u00b0.<\/li>\n\n\n\n<li><strong>Mi\u00e9rcoles:<\/strong> temperaturas entre 18\u00b0 y 28\u00b0. Nublado, sin lluvias.<\/li>\n\n\n\n<li><strong>Jueves:<\/strong> de 15\u00b0 a 25\u00b0, con cielo parcialmente nublado.<\/li>\n<\/ul>\n\n\n\n<h2 class=\"wp-block-heading has-text-color has-link-color wp-elements-214f7008da73194d5308c4583f2c0c87\" style=\"color:#1630a3\">El panorama en el resto del pa\u00eds<\/h2>\n\n\n\n<p>Mientras el AMBA transita un fin de semana caluroso con tormentas aisladas, varias provincias se encuentran bajo alerta meteorol\u00f3gica:<\/p>\n\n\n\n<ul class=\"wp-block-list\">\n<li><strong>Neuqu\u00e9n, San Juan, San Luis y Mendoza:<\/strong> tormentas fuertes, con r\u00e1fagas de hasta 70 km\/h, actividad el\u00e9ctrica y posible ca\u00edda de granizo.<\/li>\n\n\n\n<li>En <strong>zonas de Mendoza<\/strong>, el alerta sube a nivel naranja por tormentas severas, con acumulados que pueden superar los 40 mm.<\/li>\n\n\n\n<li><strong>Santa Cruz y el sur de Chubut:<\/strong> alertas por lluvias y vientos intensos, con r\u00e1fagas que podr\u00edan superar los 120 km\/h.<\/li>\n\n\n\n<li>En sectores de Santa Cruz rige alerta naranja por vientos del oeste de hasta 75 km\/h, con r\u00e1fagas que podr\u00edan alcanzar los 120 km\/h.<\/li>\n<\/ul>\n\n\n\n<p><\/p>\n","protected":false},"excerpt":{"rendered":"<p>El calor volver\u00e1 a instalarse con fuerza en Escobar y todo el AMBA durante este fin de semana, con temperaturas que rozar\u00e1n los 32 grados [&hellip;]<\/p>\n","protected":false},"author":1,"featured_media":1007,"comment_status":"open","ping_status":"open","sticky":false,"template":"","format":"standard","meta":{"footnotes":""},"categories":[14],"tags":[],"class_list":["post-18871","post","type-post","status-publish","format-standard","has-post-thumbnail","hentry","category-clima-medioambiente-y-sostenibilidad"],"better_featured_image":{"id":1007,"alt_text":"","caption":"","description":"","media_type":"image","media_details":{"width":720,"height":468,"file":"2023\/11\/ola-de-calor-1.jpg","filesize":25684,"sizes":{"medium":{"file":"ola-de-calor-1-300x195.jpg","width":300,"height":195,"mime-type":"image\/jpeg","filesize":10229,"source_url":"https:\/\/nuevodigitaldeescobar.com.ar\/wp-content\/uploads\/2023\/11\/ola-de-calor-1-300x195.jpg"},"thumbnail":{"file":"ola-de-calor-1-150x150.jpg","width":150,"height":150,"mime-type":"image\/jpeg","filesize":6802,"source_url":"https:\/\/nuevodigitaldeescobar.com.ar\/wp-content\/uploads\/2023\/11\/ola-de-calor-1-150x150.jpg"},"covernews-medium":{"file":"ola-de-calor-1-540x340.jpg","width":540,"height":340,"mime-type":"image\/jpeg","filesize":18692,"source_url":"https:\/\/nuevodigitaldeescobar.com.ar\/wp-content\/uploads\/2023\/11\/ola-de-calor-1-540x340.jpg"},"covernews-medium-square":{"file":"ola-de-calor-1-400x250.jpg","width":400,"height":250,"mime-type":"image\/jpeg","filesize":13256,"source_url":"https:\/\/nuevodigitaldeescobar.com.ar\/wp-content\/uploads\/2023\/11\/ola-de-calor-1-400x250.jpg"}},"image_meta":{"aperture":"0","credit":"","camera":"","caption":"","created_timestamp":"0","copyright":"","focal_length":"0","iso":"0","shutter_speed":"0","title":"","orientation":"0","keywords":[]}},"post":1001,"source_url":"https:\/\/nuevodigitaldeescobar.com.ar\/wp-content\/uploads\/2023\/11\/ola-de-calor-1.jpg"},"yoast_head":"<!-- This site is optimized with the Yoast SEO plugin v26.1.1 - https:\/\/yoast.com\/wordpress\/plugins\/seo\/ -->\n<title>Fin de semana sofocante en Escobar y el AMBA: calor por encima de 30\u00b0 y probabilidad de tormentas - Nuevo Digital de Escobar<\/title>\n<meta name=\"robots\" content=\"index, follow, max-snippet:-1, max-image-preview:large, max-video-preview:-1\" \/>\n<link rel=\"canonical\" href=\"https:\/\/nuevodigitaldeescobar.com.ar\/?p=18871\" \/>\n<meta property=\"og:locale\" content=\"es_ES\" \/>\n<meta property=\"og:type\" content=\"article\" \/>\n<meta property=\"og:title\" content=\"Fin de semana sofocante en Escobar y el AMBA: calor por encima de 30\u00b0 y probabilidad de tormentas - Nuevo Digital de Escobar\" \/>\n<meta property=\"og:description\" content=\"El calor volver\u00e1 a instalarse con fuerza en Escobar y todo el AMBA durante este fin de semana, con temperaturas que rozar\u00e1n los 32 grados [&hellip;]\" \/>\n<meta property=\"og:url\" content=\"https:\/\/nuevodigitaldeescobar.com.ar\/?p=18871\" \/>\n<meta property=\"og:site_name\" content=\"Nuevo Digital de Escobar\" \/>\n<meta property=\"article:publisher\" content=\"https:\/\/www.facebook.com\/NUEVODigitalDeEscobar\" \/>\n<meta property=\"article:published_time\" content=\"2025-11-14T07:05:00+00:00\" \/>\n<meta property=\"article:modified_time\" content=\"2025-11-14T14:09:17+00:00\" \/>\n<meta property=\"og:image\" content=\"http:\/\/nuevodigitaldeescobar.com.ar\/wp-content\/uploads\/2023\/11\/ola-de-calor-1.jpg\" \/>\n\t<meta property=\"og:image:width\" content=\"720\" \/>\n\t<meta property=\"og:image:height\" content=\"468\" \/>\n\t<meta property=\"og:image:type\" content=\"image\/jpeg\" \/>\n<meta name=\"author\" content=\"Redacci\u00f3n\" \/>\n<meta name=\"twitter:card\" content=\"summary_large_image\" \/>\n<meta name=\"twitter:creator\" content=\"@nuevodigescobar\" \/>\n<meta name=\"twitter:site\" content=\"@nuevodigescobar\" \/>\n<meta name=\"twitter:label1\" content=\"Escrito por\" \/>\n\t<meta name=\"twitter:data1\" content=\"Redacci\u00f3n\" \/>\n\t<meta name=\"twitter:label2\" content=\"Tiempo de lectura\" \/>\n\t<meta name=\"twitter:data2\" content=\"3 minutos\" \/>\n<script type=\"application\/ld+json\" class=\"yoast-schema-graph\">{\"@context\":\"https:\/\/schema.org\",\"@graph\":[{\"@type\":\"Article\",\"@id\":\"https:\/\/nuevodigitaldeescobar.com.ar\/?p=18871#article\",\"isPartOf\":{\"@id\":\"https:\/\/nuevodigitaldeescobar.com.ar\/?p=18871\"},\"author\":{\"name\":\"Redacci\u00f3n\",\"@id\":\"https:\/\/nuevodigitaldeescobar.com.ar\/#\/schema\/person\/035e90a8efe9a80e6eec22656ad6ea4c\"},\"headline\":\"Fin de semana sofocante en Escobar y el AMBA: calor por encima de 30\u00b0 y probabilidad de tormentas\",\"datePublished\":\"2025-11-14T07:05:00+00:00\",\"dateModified\":\"2025-11-14T14:09:17+00:00\",\"mainEntityOfPage\":{\"@id\":\"https:\/\/nuevodigitaldeescobar.com.ar\/?p=18871\"},\"wordCount\":461,\"commentCount\":0,\"publisher\":{\"@id\":\"https:\/\/nuevodigitaldeescobar.com.ar\/#organization\"},\"image\":{\"@id\":\"https:\/\/nuevodigitaldeescobar.com.ar\/?p=18871#primaryimage\"},\"thumbnailUrl\":\"https:\/\/nuevodigitaldeescobar.com.ar\/wp-content\/uploads\/2023\/11\/ola-de-calor-1.jpg\",\"articleSection\":[\"Clima, Medioambiente y Sostenibilidad\"],\"inLanguage\":\"es\",\"potentialAction\":[{\"@type\":\"CommentAction\",\"name\":\"Comment\",\"target\":[\"https:\/\/nuevodigitaldeescobar.com.ar\/?p=18871#respond\"]}]},{\"@type\":\"WebPage\",\"@id\":\"https:\/\/nuevodigitaldeescobar.com.ar\/?p=18871\",\"url\":\"https:\/\/nuevodigitaldeescobar.com.ar\/?p=18871\",\"name\":\"Fin de semana sofocante en Escobar y el AMBA: calor por encima de 30\u00b0 y probabilidad de tormentas - Nuevo Digital de Escobar\",\"isPartOf\":{\"@id\":\"https:\/\/nuevodigitaldeescobar.com.ar\/#website\"},\"primaryImageOfPage\":{\"@id\":\"https:\/\/nuevodigitaldeescobar.com.ar\/?p=18871#primaryimage\"},\"image\":{\"@id\":\"https:\/\/nuevodigitaldeescobar.com.ar\/?p=18871#primaryimage\"},\"thumbnailUrl\":\"https:\/\/nuevodigitaldeescobar.com.ar\/wp-content\/uploads\/2023\/11\/ola-de-calor-1.jpg\",\"datePublished\":\"2025-11-14T07:05:00+00:00\",\"dateModified\":\"2025-11-14T14:09:17+00:00\",\"breadcrumb\":{\"@id\":\"https:\/\/nuevodigitaldeescobar.com.ar\/?p=18871#breadcrumb\"},\"inLanguage\":\"es\",\"potentialAction\":[{\"@type\":\"ReadAction\",\"target\":[\"https:\/\/nuevodigitaldeescobar.com.ar\/?p=18871\"]}]},{\"@type\":\"ImageObject\",\"inLanguage\":\"es\",\"@id\":\"https:\/\/nuevodigitaldeescobar.com.ar\/?p=18871#primaryimage\",\"url\":\"https:\/\/nuevodigitaldeescobar.com.ar\/wp-content\/uploads\/2023\/11\/ola-de-calor-1.jpg\",\"contentUrl\":\"https:\/\/nuevodigitaldeescobar.com.ar\/wp-content\/uploads\/2023\/11\/ola-de-calor-1.jpg\",\"width\":720,\"height\":468},{\"@type\":\"BreadcrumbList\",\"@id\":\"https:\/\/nuevodigitaldeescobar.com.ar\/?p=18871#breadcrumb\",\"itemListElement\":[{\"@type\":\"ListItem\",\"position\":1,\"name\":\"Portada\",\"item\":\"https:\/\/nuevodigitaldeescobar.com.ar\/\"},{\"@type\":\"ListItem\",\"position\":2,\"name\":\"Fin de semana sofocante en Escobar y el AMBA: calor por encima de 30\u00b0 y probabilidad de tormentas\"}]},{\"@type\":\"WebSite\",\"@id\":\"https:\/\/nuevodigitaldeescobar.com.ar\/#website\",\"url\":\"https:\/\/nuevodigitaldeescobar.com.ar\/\",\"name\":\"Nuevo Digital de Escobar\",\"description\":\"La vida escobarense. Directora: Rosana Brunner\",\"publisher\":{\"@id\":\"https:\/\/nuevodigitaldeescobar.com.ar\/#organization\"},\"potentialAction\":[{\"@type\":\"SearchAction\",\"target\":{\"@type\":\"EntryPoint\",\"urlTemplate\":\"https:\/\/nuevodigitaldeescobar.com.ar\/?s={search_term_string}\"},\"query-input\":{\"@type\":\"PropertyValueSpecification\",\"valueRequired\":true,\"valueName\":\"search_term_string\"}}],\"inLanguage\":\"es\"},{\"@type\":\"Organization\",\"@id\":\"https:\/\/nuevodigitaldeescobar.com.ar\/#organization\",\"name\":\"Nuevo Digital de Escobar\",\"url\":\"https:\/\/nuevodigitaldeescobar.com.ar\/\",\"logo\":{\"@type\":\"ImageObject\",\"inLanguage\":\"es\",\"@id\":\"https:\/\/nuevodigitaldeescobar.com.ar\/#\/schema\/logo\/image\/\",\"url\":\"https:\/\/nuevodigitaldeescobar.com.ar\/wp-content\/uploads\/2025\/05\/cropped-logo-nuevo2.jpg\",\"contentUrl\":\"https:\/\/nuevodigitaldeescobar.com.ar\/wp-content\/uploads\/2025\/05\/cropped-logo-nuevo2.jpg\",\"width\":305,\"height\":305,\"caption\":\"Nuevo Digital de Escobar\"},\"image\":{\"@id\":\"https:\/\/nuevodigitaldeescobar.com.ar\/#\/schema\/logo\/image\/\"},\"sameAs\":[\"https:\/\/www.facebook.com\/NUEVODigitalDeEscobar\",\"https:\/\/x.com\/nuevodigescobar\",\"https:\/\/www.instagram.com\/nuevodigitaldeescobar\"]},{\"@type\":\"Person\",\"@id\":\"https:\/\/nuevodigitaldeescobar.com.ar\/#\/schema\/person\/035e90a8efe9a80e6eec22656ad6ea4c\",\"name\":\"Redacci\u00f3n\",\"image\":{\"@type\":\"ImageObject\",\"inLanguage\":\"es\",\"@id\":\"https:\/\/nuevodigitaldeescobar.com.ar\/#\/schema\/person\/image\/\",\"url\":\"https:\/\/secure.gravatar.com\/avatar\/8af8f40000c24e9eef3034f2be5998a372bb1389e64b1a4a36b3a7979142220d?s=96&d=mm&r=g\",\"contentUrl\":\"https:\/\/secure.gravatar.com\/avatar\/8af8f40000c24e9eef3034f2be5998a372bb1389e64b1a4a36b3a7979142220d?s=96&d=mm&r=g\",\"caption\":\"Redacci\u00f3n\"},\"sameAs\":[\"http:\/\/nuevodigitaldeescobar.com.ar\"],\"url\":\"https:\/\/nuevodigitaldeescobar.com.ar\/?author=1\"}]}<\/script>\n<!-- \/ Yoast SEO plugin. -->","yoast_head_json":{"title":"Fin de semana sofocante en Escobar y el AMBA: calor por encima de 30\u00b0 y probabilidad de tormentas - Nuevo Digital de Escobar","robots":{"index":"index","follow":"follow","max-snippet":"max-snippet:-1","max-image-preview":"max-image-preview:large","max-video-preview":"max-video-preview:-1"},"canonical":"https:\/\/nuevodigitaldeescobar.com.ar\/?p=18871","og_locale":"es_ES","og_type":"article","og_title":"Fin de semana sofocante en Escobar y el AMBA: calor por encima de 30\u00b0 y probabilidad de tormentas - Nuevo Digital de Escobar","og_description":"El calor volver\u00e1 a instalarse con fuerza en Escobar y todo el AMBA durante este fin de semana, con temperaturas que rozar\u00e1n los 32 grados [&hellip;]","og_url":"https:\/\/nuevodigitaldeescobar.com.ar\/?p=18871","og_site_name":"Nuevo Digital de Escobar","article_publisher":"https:\/\/www.facebook.com\/NUEVODigitalDeEscobar","article_published_time":"2025-11-14T07:05:00+00:00","article_modified_time":"2025-11-14T14:09:17+00:00","og_image":[{"width":720,"height":468,"url":"http:\/\/nuevodigitaldeescobar.com.ar\/wp-content\/uploads\/2023\/11\/ola-de-calor-1.jpg","type":"image\/jpeg"}],"author":"Redacci\u00f3n","twitter_card":"summary_large_image","twitter_creator":"@nuevodigescobar","twitter_site":"@nuevodigescobar","twitter_misc":{"Escrito por":"Redacci\u00f3n","Tiempo de lectura":"3 minutos"},"schema":{"@context":"https:\/\/schema.org","@graph":[{"@type":"Article","@id":"https:\/\/nuevodigitaldeescobar.com.ar\/?p=18871#article","isPartOf":{"@id":"https:\/\/nuevodigitaldeescobar.com.ar\/?p=18871"},"author":{"name":"Redacci\u00f3n","@id":"https:\/\/nuevodigitaldeescobar.com.ar\/#\/schema\/person\/035e90a8efe9a80e6eec22656ad6ea4c"},"headline":"Fin de semana sofocante en Escobar y el AMBA: calor por encima de 30\u00b0 y probabilidad de tormentas","datePublished":"2025-11-14T07:05:00+00:00","dateModified":"2025-11-14T14:09:17+00:00","mainEntityOfPage":{"@id":"https:\/\/nuevodigitaldeescobar.com.ar\/?p=18871"},"wordCount":461,"commentCount":0,"publisher":{"@id":"https:\/\/nuevodigitaldeescobar.com.ar\/#organization"},"image":{"@id":"https:\/\/nuevodigitaldeescobar.com.ar\/?p=18871#primaryimage"},"thumbnailUrl":"https:\/\/nuevodigitaldeescobar.com.ar\/wp-content\/uploads\/2023\/11\/ola-de-calor-1.jpg","articleSection":["Clima, Medioambiente y Sostenibilidad"],"inLanguage":"es","potentialAction":[{"@type":"CommentAction","name":"Comment","target":["https:\/\/nuevodigitaldeescobar.com.ar\/?p=18871#respond"]}]},{"@type":"WebPage","@id":"https:\/\/nuevodigitaldeescobar.com.ar\/?p=18871","url":"https:\/\/nuevodigitaldeescobar.com.ar\/?p=18871","name":"Fin de semana sofocante en Escobar y el AMBA: calor por encima de 30\u00b0 y probabilidad de tormentas - Nuevo Digital de Escobar","isPartOf":{"@id":"https:\/\/nuevodigitaldeescobar.com.ar\/#website"},"primaryImageOfPage":{"@id":"https:\/\/nuevodigitaldeescobar.com.ar\/?p=18871#primaryimage"},"image":{"@id":"https:\/\/nuevodigitaldeescobar.com.ar\/?p=18871#primaryimage"},"thumbnailUrl":"https:\/\/nuevodigitaldeescobar.com.ar\/wp-content\/uploads\/2023\/11\/ola-de-calor-1.jpg","datePublished":"2025-11-14T07:05:00+00:00","dateModified":"2025-11-14T14:09:17+00:00","breadcrumb":{"@id":"https:\/\/nuevodigitaldeescobar.com.ar\/?p=18871#breadcrumb"},"inLanguage":"es","potentialAction":[{"@type":"ReadAction","target":["https:\/\/nuevodigitaldeescobar.com.ar\/?p=18871"]}]},{"@type":"ImageObject","inLanguage":"es","@id":"https:\/\/nuevodigitaldeescobar.com.ar\/?p=18871#primaryimage","url":"https:\/\/nuevodigitaldeescobar.com.ar\/wp-content\/uploads\/2023\/11\/ola-de-calor-1.jpg","contentUrl":"https:\/\/nuevodigitaldeescobar.com.ar\/wp-content\/uploads\/2023\/11\/ola-de-calor-1.jpg","width":720,"height":468},{"@type":"BreadcrumbList","@id":"https:\/\/nuevodigitaldeescobar.com.ar\/?p=18871#breadcrumb","itemListElement":[{"@type":"ListItem","position":1,"name":"Portada","item":"https:\/\/nuevodigitaldeescobar.com.ar\/"},{"@type":"ListItem","position":2,"name":"Fin de semana sofocante en Escobar y el AMBA: calor por encima de 30\u00b0 y probabilidad de tormentas"}]},{"@type":"WebSite","@id":"https:\/\/nuevodigitaldeescobar.com.ar\/#website","url":"https:\/\/nuevodigitaldeescobar.com.ar\/","name":"Nuevo Digital de Escobar","description":"La vida escobarense. Directora: Rosana Brunner","publisher":{"@id":"https:\/\/nuevodigitaldeescobar.com.ar\/#organization"},"potentialAction":[{"@type":"SearchAction","target":{"@type":"EntryPoint","urlTemplate":"https:\/\/nuevodigitaldeescobar.com.ar\/?s={search_term_string}"},"query-input":{"@type":"PropertyValueSpecification","valueRequired":true,"valueName":"search_term_string"}}],"inLanguage":"es"},{"@type":"Organization","@id":"https:\/\/nuevodigitaldeescobar.com.ar\/#organization","name":"Nuevo Digital de Escobar","url":"https:\/\/nuevodigitaldeescobar.com.ar\/","logo":{"@type":"ImageObject","inLanguage":"es","@id":"https:\/\/nuevodigitaldeescobar.com.ar\/#\/schema\/logo\/image\/","url":"https:\/\/nuevodigitaldeescobar.com.ar\/wp-content\/uploads\/2025\/05\/cropped-logo-nuevo2.jpg","contentUrl":"https:\/\/nuevodigitaldeescobar.com.ar\/wp-content\/uploads\/2025\/05\/cropped-logo-nuevo2.jpg","width":305,"height":305,"caption":"Nuevo Digital de Escobar"},"image":{"@id":"https:\/\/nuevodigitaldeescobar.com.ar\/#\/schema\/logo\/image\/"},"sameAs":["https:\/\/www.facebook.com\/NUEVODigitalDeEscobar","https:\/\/x.com\/nuevodigescobar","https:\/\/www.instagram.com\/nuevodigitaldeescobar"]},{"@type":"Person","@id":"https:\/\/nuevodigitaldeescobar.com.ar\/#\/schema\/person\/035e90a8efe9a80e6eec22656ad6ea4c","name":"Redacci\u00f3n","image":{"@type":"ImageObject","inLanguage":"es","@id":"https:\/\/nuevodigitaldeescobar.com.ar\/#\/schema\/person\/image\/","url":"https:\/\/secure.gravatar.com\/avatar\/8af8f40000c24e9eef3034f2be5998a372bb1389e64b1a4a36b3a7979142220d?s=96&d=mm&r=g","contentUrl":"https:\/\/secure.gravatar.com\/avatar\/8af8f40000c24e9eef3034f2be5998a372bb1389e64b1a4a36b3a7979142220d?s=96&d=mm&r=g","caption":"Redacci\u00f3n"},"sameAs":["http:\/\/nuevodigitaldeescobar.com.ar"],"url":"https:\/\/nuevodigitaldeescobar.com.ar\/?author=1"}]}},"featured_image_urls":{"full":["https:\/\/nuevodigitaldeescobar.com.ar\/wp-content\/uploads\/2023\/11\/ola-de-calor-1.jpg",720,468,false],"thumbnail":["https:\/\/nuevodigitaldeescobar.com.ar\/wp-content\/uploads\/2023\/11\/ola-de-calor-1-150x150.jpg",150,150,true],"medium":["https:\/\/nuevodigitaldeescobar.com.ar\/wp-content\/uploads\/2023\/11\/ola-de-calor-1-300x195.jpg",300,195,true],"medium_large":["https:\/\/nuevodigitaldeescobar.com.ar\/wp-content\/uploads\/2023\/11\/ola-de-calor-1.jpg",640,416,false],"large":["https:\/\/nuevodigitaldeescobar.com.ar\/wp-content\/uploads\/2023\/11\/ola-de-calor-1.jpg",640,416,false],"1536x1536":["https:\/\/nuevodigitaldeescobar.com.ar\/wp-content\/uploads\/2023\/11\/ola-de-calor-1.jpg",720,468,false],"2048x2048":["https:\/\/nuevodigitaldeescobar.com.ar\/wp-content\/uploads\/2023\/11\/ola-de-calor-1.jpg",720,468,false]},"author_info":{"display_name":"Redacci\u00f3n","author_link":"https:\/\/nuevodigitaldeescobar.com.ar\/?author=1"},"category_info":"<a href=\"https:\/\/nuevodigitaldeescobar.com.ar\/?cat=14\" rel=\"category\">Clima, Medioambiente y Sostenibilidad<\/a>","tag_info":"Clima, Medioambiente y Sostenibilidad","comment_count":"0","_links":{"self":[{"href":"https:\/\/nuevodigitaldeescobar.com.ar\/index.php?rest_route=\/wp\/v2\/posts\/18871","targetHints":{"allow":["GET"]}}],"collection":[{"href":"https:\/\/nuevodigitaldeescobar.com.ar\/index.php?rest_route=\/wp\/v2\/posts"}],"about":[{"href":"https:\/\/nuevodigitaldeescobar.com.ar\/index.php?rest_route=\/wp\/v2\/types\/post"}],"author":[{"embeddable":true,"href":"https:\/\/nuevodigitaldeescobar.com.ar\/index.php?rest_route=\/wp\/v2\/users\/1"}],"replies":[{"embeddable":true,"href":"https:\/\/nuevodigitaldeescobar.com.ar\/index.php?rest_route=%2Fwp%2Fv2%2Fcomments&post=18871"}],"version-history":[{"count":1,"href":"https:\/\/nuevodigitaldeescobar.com.ar\/index.php?rest_route=\/wp\/v2\/posts\/18871\/revisions"}],"predecessor-version":[{"id":18872,"href":"https:\/\/nuevodigitaldeescobar.com.ar\/index.php?rest_route=\/wp\/v2\/posts\/18871\/revisions\/18872"}],"wp:featuredmedia":[{"embeddable":true,"href":"https:\/\/nuevodigitaldeescobar.com.ar\/index.php?rest_route=\/wp\/v2\/media\/1007"}],"wp:attachment":[{"href":"https:\/\/nuevodigitaldeescobar.com.ar\/index.php?rest_route=%2Fwp%2Fv2%2Fmedia&parent=18871"}],"wp:term":[{"taxonomy":"category","embeddable":true,"href":"https:\/\/nuevodigitaldeescobar.com.ar\/index.php?rest_route=%2Fwp%2Fv2%2Fcategories&post=18871"},{"taxonomy":"post_tag","embeddable":true,"href":"https:\/\/nuevodigitaldeescobar.com.ar\/index.php?rest_route=%2Fwp%2Fv2%2Ftags&post=18871"}],"curies":[{"name":"wp","href":"https:\/\/api.w.org\/{rel}","templated":true}]}}