{"id":18874,"date":"2025-11-14T18:09:55","date_gmt":"2025-11-14T21:09:55","guid":{"rendered":"https:\/\/nuevodigitaldeescobar.com.ar\/?p=18874"},"modified":"2025-11-14T18:10:07","modified_gmt":"2025-11-14T21:10:07","slug":"colonias-de-verano-abre-la-inscripcion-para-la-temporada-2026","status":"publish","type":"post","link":"https:\/\/nuevodigitaldeescobar.com.ar\/?p=18874","title":{"rendered":"Colonias de Verano: abre la inscripci\u00f3n para la temporada 2026"},"content":{"rendered":"\n<p>Desde el martes 25 de noviembre hasta el mi\u00e9rcoles 3 de diciembre estar\u00e1 abierta la inscripci\u00f3n para las Colonias de Verano 2026 que organiza la Municipalidad de Escobar en todos los polideportivos municipales, en el Club de la Familia y el Club de Amigos del Ymcahuasi en Matheu, y en el Club Italiano de Loma Verde.<\/p>\n\n\n\n<!--more-->\n\n\n\n<p>La temporada se desarrollar\u00e1 del 2 al 29 de enero y la prioridad en la preinscripci\u00f3n (hasta el 27 de noviembre) ser\u00e1 para socias y socios empadronados, quienes deber\u00e1n anotarse a trav\u00e9s de la web Escobar 360 (<a href=\"https:\/\/www.escobar360.gob.ar\/\" target=\"_blank\" rel=\"noreferrer noopener\">www.escobar360.gob.ar<\/a>). La inscripci\u00f3n definitiva tendr\u00e1 que realizarse hasta el 3 de diciembre, de manera presencial en la sede seleccionada y con toda la documentaci\u00f3n, de lunes a viernes de 10 a 18 horas y s\u00e1bados de 9 a 12 horas.\u00a0<\/p>\n\n\n<div class=\"wp-block-image\">\n<figure class=\"aligncenter size-large\"><img fetchpriority=\"high\" decoding=\"async\" width=\"1024\" height=\"682\" src=\"http:\/\/nuevodigitaldeescobar.com.ar\/wp-content\/uploads\/2025\/11\/whatsapp_image_2025_11_14_at_13_17_52__1_-1024x682.jpeg\" alt=\"\" class=\"wp-image-18876\" srcset=\"https:\/\/nuevodigitaldeescobar.com.ar\/wp-content\/uploads\/2025\/11\/whatsapp_image_2025_11_14_at_13_17_52__1_-1024x682.jpeg 1024w, https:\/\/nuevodigitaldeescobar.com.ar\/wp-content\/uploads\/2025\/11\/whatsapp_image_2025_11_14_at_13_17_52__1_-300x200.jpeg 300w, https:\/\/nuevodigitaldeescobar.com.ar\/wp-content\/uploads\/2025\/11\/whatsapp_image_2025_11_14_at_13_17_52__1_-768x511.jpeg 768w, https:\/\/nuevodigitaldeescobar.com.ar\/wp-content\/uploads\/2025\/11\/whatsapp_image_2025_11_14_at_13_17_52__1_-1536x1022.jpeg 1536w, https:\/\/nuevodigitaldeescobar.com.ar\/wp-content\/uploads\/2025\/11\/whatsapp_image_2025_11_14_at_13_17_52__1_.jpeg 1600w\" sizes=\"(max-width: 1024px) 100vw, 1024px\" \/><\/figure><\/div>\n\n\n<p>En tanto, la preinscripci\u00f3n para el p\u00fablico general comenzar\u00e1 el viernes 28 de noviembre a trav\u00e9s de la App de Escobar 360 o la web Escobar 360, haciendo clic en el bot\u00f3n \u201cColonia de Verano 2026\u201d y completando el formulario correspondiente. Una vez finalizado este paso, los interesados recibir\u00e1n un correo electr\u00f3nico de confirmaci\u00f3n junto con un enlace para concluir el proceso.<\/p>\n\n\n\n<p>Las opciones para este verano ser\u00e1n la colonia convencional de 5 a 13 a\u00f1os y la Escuela de Liderazgo para adolescentes de 14 a 17 a\u00f1os, en ambos casos con cupos limitados. Tambi\u00e9n se llevar\u00e1 a cabo la Colonia de Adultos Mayores cuya inscripci\u00f3n se realiza en un solo paso de manera presencial en el Club Italiano (Los Italianos y La Escondida, Loma Verde) de lunes a viernes de 9 a 13 horas.<\/p>\n\n\n\n<figure class=\"wp-block-image size-large\"><img decoding=\"async\" width=\"1024\" height=\"685\" src=\"http:\/\/nuevodigitaldeescobar.com.ar\/wp-content\/uploads\/2025\/11\/whatsapp_image_2025_11_14_at_13_17_53-1024x685.jpeg\" alt=\"\" class=\"wp-image-18877\" srcset=\"https:\/\/nuevodigitaldeescobar.com.ar\/wp-content\/uploads\/2025\/11\/whatsapp_image_2025_11_14_at_13_17_53-1024x685.jpeg 1024w, https:\/\/nuevodigitaldeescobar.com.ar\/wp-content\/uploads\/2025\/11\/whatsapp_image_2025_11_14_at_13_17_53-300x201.jpeg 300w, https:\/\/nuevodigitaldeescobar.com.ar\/wp-content\/uploads\/2025\/11\/whatsapp_image_2025_11_14_at_13_17_53-768x514.jpeg 768w, https:\/\/nuevodigitaldeescobar.com.ar\/wp-content\/uploads\/2025\/11\/whatsapp_image_2025_11_14_at_13_17_53-1536x1027.jpeg 1536w, https:\/\/nuevodigitaldeescobar.com.ar\/wp-content\/uploads\/2025\/11\/whatsapp_image_2025_11_14_at_13_17_53.jpeg 1600w\" sizes=\"(max-width: 1024px) 100vw, 1024px\" \/><\/figure>\n\n\n\n<p>Por \u00faltimo, quienes quieran participar de la Colonia Integrada y el Club de Amigos para personas con discapacidad deber\u00e1n presentarse de manera presencial en el Polideportivo Municipal Luis Monti (Av. Eugenia Tapia de Cruz 1280, Bel\u00e9n de Escobar) de lunes a viernes de 9 a 15 horas y s\u00e1bados de 9 a 12 horas.<\/p>\n","protected":false},"excerpt":{"rendered":"<p>Desde el martes 25 de noviembre hasta el mi\u00e9rcoles 3 de diciembre estar\u00e1 abierta la inscripci\u00f3n para las Colonias de Verano 2026 que organiza la [&hellip;]<\/p>\n","protected":false},"author":1,"featured_media":18875,"comment_status":"open","ping_status":"open","sticky":false,"template":"","format":"standard","meta":{"footnotes":""},"categories":[7],"tags":[464],"class_list":["post-18874","post","type-post","status-publish","format-standard","has-post-thumbnail","hentry","category-interes-general","tag-colonias-de-verano"],"better_featured_image":{"id":18875,"alt_text":"","caption":"","description":"","media_type":"image","media_details":{"width":1024,"height":683,"file":"2025\/11\/whatsapp_image_2025_11_14_at_13_17_52.jpeg","filesize":250969,"sizes":{"medium":{"file":"whatsapp_image_2025_11_14_at_13_17_52-300x200.jpeg","width":300,"height":200,"mime-type":"image\/jpeg","filesize":17266,"source_url":"https:\/\/nuevodigitaldeescobar.com.ar\/wp-content\/uploads\/2025\/11\/whatsapp_image_2025_11_14_at_13_17_52-300x200.jpeg"},"thumbnail":{"file":"whatsapp_image_2025_11_14_at_13_17_52-150x150.jpeg","width":150,"height":150,"mime-type":"image\/jpeg","filesize":7594,"source_url":"https:\/\/nuevodigitaldeescobar.com.ar\/wp-content\/uploads\/2025\/11\/whatsapp_image_2025_11_14_at_13_17_52-150x150.jpeg"},"medium_large":{"file":"whatsapp_image_2025_11_14_at_13_17_52-768x512.jpeg","width":768,"height":512,"mime-type":"image\/jpeg","filesize":88612,"source_url":"https:\/\/nuevodigitaldeescobar.com.ar\/wp-content\/uploads\/2025\/11\/whatsapp_image_2025_11_14_at_13_17_52-768x512.jpeg"}},"image_meta":{"aperture":"0","credit":"","camera":"","caption":"","created_timestamp":"0","copyright":"","focal_length":"0","iso":"0","shutter_speed":"0","title":"","orientation":"0","keywords":[]}},"post":18874,"source_url":"https:\/\/nuevodigitaldeescobar.com.ar\/wp-content\/uploads\/2025\/11\/whatsapp_image_2025_11_14_at_13_17_52.jpeg"},"yoast_head":"<!-- This site is optimized with the Yoast SEO plugin v26.1.1 - https:\/\/yoast.com\/wordpress\/plugins\/seo\/ -->\n<title>Colonias de Verano: abre la inscripci\u00f3n para la temporada 2026 - Nuevo Digital de Escobar<\/title>\n<meta name=\"description\" content=\"Desde el martes 25 de noviembre hasta el mi\u00e9rcoles 3 de diciembre estar\u00e1 abierta la inscripci\u00f3n para las Colonias de Verano 2026 que organiza la Municipalidad de Escobar.\" \/>\n<meta name=\"robots\" content=\"index, follow, max-snippet:-1, max-image-preview:large, max-video-preview:-1\" \/>\n<link rel=\"canonical\" href=\"https:\/\/nuevodigitaldeescobar.com.ar\/?p=18874\" \/>\n<meta property=\"og:locale\" content=\"es_ES\" \/>\n<meta property=\"og:type\" content=\"article\" \/>\n<meta property=\"og:title\" content=\"Colonias de Verano: abre la inscripci\u00f3n para la temporada 2026\" \/>\n<meta property=\"og:description\" content=\"Desde el martes 25 de noviembre hasta el mi\u00e9rcoles 3 de diciembre estar\u00e1 abierta la inscripci\u00f3n para las Colonias de Verano 2026 que organiza la Municipalidad de Escobar.\" \/>\n<meta property=\"og:url\" content=\"https:\/\/nuevodigitaldeescobar.com.ar\/?p=18874\" \/>\n<meta property=\"og:site_name\" content=\"Nuevo Digital de Escobar\" \/>\n<meta property=\"article:publisher\" content=\"https:\/\/www.facebook.com\/NUEVODigitalDeEscobar\" \/>\n<meta property=\"article:published_time\" content=\"2025-11-14T21:09:55+00:00\" \/>\n<meta property=\"article:modified_time\" content=\"2025-11-14T21:10:07+00:00\" \/>\n<meta property=\"og:image\" content=\"http:\/\/nuevodigitaldeescobar.com.ar\/wp-content\/uploads\/2025\/11\/whatsapp_image_2025_11_14_at_13_17_53.jpeg\" \/>\n\t<meta property=\"og:image:width\" content=\"1600\" \/>\n\t<meta property=\"og:image:height\" content=\"1070\" \/>\n\t<meta property=\"og:image:type\" content=\"image\/jpeg\" \/>\n<meta name=\"author\" content=\"Redacci\u00f3n\" \/>\n<meta name=\"twitter:card\" content=\"summary_large_image\" \/>\n<meta name=\"twitter:creator\" content=\"@nuevodigescobar\" \/>\n<meta name=\"twitter:site\" content=\"@nuevodigescobar\" \/>\n<meta name=\"twitter:label1\" content=\"Escrito por\" \/>\n\t<meta name=\"twitter:data1\" content=\"Redacci\u00f3n\" \/>\n\t<meta name=\"twitter:label2\" content=\"Tiempo de lectura\" \/>\n\t<meta name=\"twitter:data2\" content=\"3 minutos\" \/>\n<script type=\"application\/ld+json\" class=\"yoast-schema-graph\">{\"@context\":\"https:\/\/schema.org\",\"@graph\":[{\"@type\":\"Article\",\"@id\":\"https:\/\/nuevodigitaldeescobar.com.ar\/?p=18874#article\",\"isPartOf\":{\"@id\":\"https:\/\/nuevodigitaldeescobar.com.ar\/?p=18874\"},\"author\":{\"name\":\"Redacci\u00f3n\",\"@id\":\"https:\/\/nuevodigitaldeescobar.com.ar\/#\/schema\/person\/035e90a8efe9a80e6eec22656ad6ea4c\"},\"headline\":\"Colonias de Verano: abre la inscripci\u00f3n para la temporada 2026\",\"datePublished\":\"2025-11-14T21:09:55+00:00\",\"dateModified\":\"2025-11-14T21:10:07+00:00\",\"mainEntityOfPage\":{\"@id\":\"https:\/\/nuevodigitaldeescobar.com.ar\/?p=18874\"},\"wordCount\":331,\"commentCount\":0,\"publisher\":{\"@id\":\"https:\/\/nuevodigitaldeescobar.com.ar\/#organization\"},\"image\":{\"@id\":\"https:\/\/nuevodigitaldeescobar.com.ar\/?p=18874#primaryimage\"},\"thumbnailUrl\":\"https:\/\/nuevodigitaldeescobar.com.ar\/wp-content\/uploads\/2025\/11\/whatsapp_image_2025_11_14_at_13_17_52.jpeg\",\"keywords\":[\"colonias de verano\"],\"articleSection\":[\"Inter\u00e9s general\"],\"inLanguage\":\"es\",\"potentialAction\":[{\"@type\":\"CommentAction\",\"name\":\"Comment\",\"target\":[\"https:\/\/nuevodigitaldeescobar.com.ar\/?p=18874#respond\"]}]},{\"@type\":\"WebPage\",\"@id\":\"https:\/\/nuevodigitaldeescobar.com.ar\/?p=18874\",\"url\":\"https:\/\/nuevodigitaldeescobar.com.ar\/?p=18874\",\"name\":\"Colonias de Verano: abre la inscripci\u00f3n para la temporada 2026 - Nuevo Digital de Escobar\",\"isPartOf\":{\"@id\":\"https:\/\/nuevodigitaldeescobar.com.ar\/#website\"},\"primaryImageOfPage\":{\"@id\":\"https:\/\/nuevodigitaldeescobar.com.ar\/?p=18874#primaryimage\"},\"image\":{\"@id\":\"https:\/\/nuevodigitaldeescobar.com.ar\/?p=18874#primaryimage\"},\"thumbnailUrl\":\"https:\/\/nuevodigitaldeescobar.com.ar\/wp-content\/uploads\/2025\/11\/whatsapp_image_2025_11_14_at_13_17_52.jpeg\",\"datePublished\":\"2025-11-14T21:09:55+00:00\",\"dateModified\":\"2025-11-14T21:10:07+00:00\",\"description\":\"Desde el martes 25 de noviembre hasta el mi\u00e9rcoles 3 de diciembre estar\u00e1 abierta la inscripci\u00f3n para las Colonias de Verano 2026 que organiza la Municipalidad de Escobar.\",\"breadcrumb\":{\"@id\":\"https:\/\/nuevodigitaldeescobar.com.ar\/?p=18874#breadcrumb\"},\"inLanguage\":\"es\",\"potentialAction\":[{\"@type\":\"ReadAction\",\"target\":[\"https:\/\/nuevodigitaldeescobar.com.ar\/?p=18874\"]}]},{\"@type\":\"ImageObject\",\"inLanguage\":\"es\",\"@id\":\"https:\/\/nuevodigitaldeescobar.com.ar\/?p=18874#primaryimage\",\"url\":\"https:\/\/nuevodigitaldeescobar.com.ar\/wp-content\/uploads\/2025\/11\/whatsapp_image_2025_11_14_at_13_17_52.jpeg\",\"contentUrl\":\"https:\/\/nuevodigitaldeescobar.com.ar\/wp-content\/uploads\/2025\/11\/whatsapp_image_2025_11_14_at_13_17_52.jpeg\",\"width\":1024,\"height\":683},{\"@type\":\"BreadcrumbList\",\"@id\":\"https:\/\/nuevodigitaldeescobar.com.ar\/?p=18874#breadcrumb\",\"itemListElement\":[{\"@type\":\"ListItem\",\"position\":1,\"name\":\"Portada\",\"item\":\"https:\/\/nuevodigitaldeescobar.com.ar\/\"},{\"@type\":\"ListItem\",\"position\":2,\"name\":\"Colonias de Verano: abre la inscripci\u00f3n para la temporada 2026\"}]},{\"@type\":\"WebSite\",\"@id\":\"https:\/\/nuevodigitaldeescobar.com.ar\/#website\",\"url\":\"https:\/\/nuevodigitaldeescobar.com.ar\/\",\"name\":\"Nuevo Digital de Escobar\",\"description\":\"La vida escobarense. Directora: Rosana Brunner\",\"publisher\":{\"@id\":\"https:\/\/nuevodigitaldeescobar.com.ar\/#organization\"},\"potentialAction\":[{\"@type\":\"SearchAction\",\"target\":{\"@type\":\"EntryPoint\",\"urlTemplate\":\"https:\/\/nuevodigitaldeescobar.com.ar\/?s={search_term_string}\"},\"query-input\":{\"@type\":\"PropertyValueSpecification\",\"valueRequired\":true,\"valueName\":\"search_term_string\"}}],\"inLanguage\":\"es\"},{\"@type\":\"Organization\",\"@id\":\"https:\/\/nuevodigitaldeescobar.com.ar\/#organization\",\"name\":\"Nuevo Digital de Escobar\",\"url\":\"https:\/\/nuevodigitaldeescobar.com.ar\/\",\"logo\":{\"@type\":\"ImageObject\",\"inLanguage\":\"es\",\"@id\":\"https:\/\/nuevodigitaldeescobar.com.ar\/#\/schema\/logo\/image\/\",\"url\":\"https:\/\/nuevodigitaldeescobar.com.ar\/wp-content\/uploads\/2025\/05\/cropped-logo-nuevo2.jpg\",\"contentUrl\":\"https:\/\/nuevodigitaldeescobar.com.ar\/wp-content\/uploads\/2025\/05\/cropped-logo-nuevo2.jpg\",\"width\":305,\"height\":305,\"caption\":\"Nuevo Digital de Escobar\"},\"image\":{\"@id\":\"https:\/\/nuevodigitaldeescobar.com.ar\/#\/schema\/logo\/image\/\"},\"sameAs\":[\"https:\/\/www.facebook.com\/NUEVODigitalDeEscobar\",\"https:\/\/x.com\/nuevodigescobar\",\"https:\/\/www.instagram.com\/nuevodigitaldeescobar\"]},{\"@type\":\"Person\",\"@id\":\"https:\/\/nuevodigitaldeescobar.com.ar\/#\/schema\/person\/035e90a8efe9a80e6eec22656ad6ea4c\",\"name\":\"Redacci\u00f3n\",\"image\":{\"@type\":\"ImageObject\",\"inLanguage\":\"es\",\"@id\":\"https:\/\/nuevodigitaldeescobar.com.ar\/#\/schema\/person\/image\/\",\"url\":\"https:\/\/secure.gravatar.com\/avatar\/8af8f40000c24e9eef3034f2be5998a372bb1389e64b1a4a36b3a7979142220d?s=96&d=mm&r=g\",\"contentUrl\":\"https:\/\/secure.gravatar.com\/avatar\/8af8f40000c24e9eef3034f2be5998a372bb1389e64b1a4a36b3a7979142220d?s=96&d=mm&r=g\",\"caption\":\"Redacci\u00f3n\"},\"sameAs\":[\"http:\/\/nuevodigitaldeescobar.com.ar\"],\"url\":\"https:\/\/nuevodigitaldeescobar.com.ar\/?author=1\"}]}<\/script>\n<!-- \/ Yoast SEO plugin. -->","yoast_head_json":{"title":"Colonias de Verano: abre la inscripci\u00f3n para la temporada 2026 - Nuevo Digital de Escobar","description":"Desde el martes 25 de noviembre hasta el mi\u00e9rcoles 3 de diciembre estar\u00e1 abierta la inscripci\u00f3n para las Colonias de Verano 2026 que organiza la Municipalidad de Escobar.","robots":{"index":"index","follow":"follow","max-snippet":"max-snippet:-1","max-image-preview":"max-image-preview:large","max-video-preview":"max-video-preview:-1"},"canonical":"https:\/\/nuevodigitaldeescobar.com.ar\/?p=18874","og_locale":"es_ES","og_type":"article","og_title":"Colonias de Verano: abre la inscripci\u00f3n para la temporada 2026","og_description":"Desde el martes 25 de noviembre hasta el mi\u00e9rcoles 3 de diciembre estar\u00e1 abierta la inscripci\u00f3n para las Colonias de Verano 2026 que organiza la Municipalidad de Escobar.","og_url":"https:\/\/nuevodigitaldeescobar.com.ar\/?p=18874","og_site_name":"Nuevo Digital de Escobar","article_publisher":"https:\/\/www.facebook.com\/NUEVODigitalDeEscobar","article_published_time":"2025-11-14T21:09:55+00:00","article_modified_time":"2025-11-14T21:10:07+00:00","og_image":[{"width":1600,"height":1070,"url":"http:\/\/nuevodigitaldeescobar.com.ar\/wp-content\/uploads\/2025\/11\/whatsapp_image_2025_11_14_at_13_17_53.jpeg","type":"image\/jpeg"}],"author":"Redacci\u00f3n","twitter_card":"summary_large_image","twitter_creator":"@nuevodigescobar","twitter_site":"@nuevodigescobar","twitter_misc":{"Escrito por":"Redacci\u00f3n","Tiempo de lectura":"3 minutos"},"schema":{"@context":"https:\/\/schema.org","@graph":[{"@type":"Article","@id":"https:\/\/nuevodigitaldeescobar.com.ar\/?p=18874#article","isPartOf":{"@id":"https:\/\/nuevodigitaldeescobar.com.ar\/?p=18874"},"author":{"name":"Redacci\u00f3n","@id":"https:\/\/nuevodigitaldeescobar.com.ar\/#\/schema\/person\/035e90a8efe9a80e6eec22656ad6ea4c"},"headline":"Colonias de Verano: abre la inscripci\u00f3n para la temporada 2026","datePublished":"2025-11-14T21:09:55+00:00","dateModified":"2025-11-14T21:10:07+00:00","mainEntityOfPage":{"@id":"https:\/\/nuevodigitaldeescobar.com.ar\/?p=18874"},"wordCount":331,"commentCount":0,"publisher":{"@id":"https:\/\/nuevodigitaldeescobar.com.ar\/#organization"},"image":{"@id":"https:\/\/nuevodigitaldeescobar.com.ar\/?p=18874#primaryimage"},"thumbnailUrl":"https:\/\/nuevodigitaldeescobar.com.ar\/wp-content\/uploads\/2025\/11\/whatsapp_image_2025_11_14_at_13_17_52.jpeg","keywords":["colonias de verano"],"articleSection":["Inter\u00e9s general"],"inLanguage":"es","potentialAction":[{"@type":"CommentAction","name":"Comment","target":["https:\/\/nuevodigitaldeescobar.com.ar\/?p=18874#respond"]}]},{"@type":"WebPage","@id":"https:\/\/nuevodigitaldeescobar.com.ar\/?p=18874","url":"https:\/\/nuevodigitaldeescobar.com.ar\/?p=18874","name":"Colonias de Verano: abre la inscripci\u00f3n para la temporada 2026 - Nuevo Digital de Escobar","isPartOf":{"@id":"https:\/\/nuevodigitaldeescobar.com.ar\/#website"},"primaryImageOfPage":{"@id":"https:\/\/nuevodigitaldeescobar.com.ar\/?p=18874#primaryimage"},"image":{"@id":"https:\/\/nuevodigitaldeescobar.com.ar\/?p=18874#primaryimage"},"thumbnailUrl":"https:\/\/nuevodigitaldeescobar.com.ar\/wp-content\/uploads\/2025\/11\/whatsapp_image_2025_11_14_at_13_17_52.jpeg","datePublished":"2025-11-14T21:09:55+00:00","dateModified":"2025-11-14T21:10:07+00:00","description":"Desde el martes 25 de noviembre hasta el mi\u00e9rcoles 3 de diciembre estar\u00e1 abierta la inscripci\u00f3n para las Colonias de Verano 2026 que organiza la Municipalidad de Escobar.","breadcrumb":{"@id":"https:\/\/nuevodigitaldeescobar.com.ar\/?p=18874#breadcrumb"},"inLanguage":"es","potentialAction":[{"@type":"ReadAction","target":["https:\/\/nuevodigitaldeescobar.com.ar\/?p=18874"]}]},{"@type":"ImageObject","inLanguage":"es","@id":"https:\/\/nuevodigitaldeescobar.com.ar\/?p=18874#primaryimage","url":"https:\/\/nuevodigitaldeescobar.com.ar\/wp-content\/uploads\/2025\/11\/whatsapp_image_2025_11_14_at_13_17_52.jpeg","contentUrl":"https:\/\/nuevodigitaldeescobar.com.ar\/wp-content\/uploads\/2025\/11\/whatsapp_image_2025_11_14_at_13_17_52.jpeg","width":1024,"height":683},{"@type":"BreadcrumbList","@id":"https:\/\/nuevodigitaldeescobar.com.ar\/?p=18874#breadcrumb","itemListElement":[{"@type":"ListItem","position":1,"name":"Portada","item":"https:\/\/nuevodigitaldeescobar.com.ar\/"},{"@type":"ListItem","position":2,"name":"Colonias de Verano: abre la inscripci\u00f3n para la temporada 2026"}]},{"@type":"WebSite","@id":"https:\/\/nuevodigitaldeescobar.com.ar\/#website","url":"https:\/\/nuevodigitaldeescobar.com.ar\/","name":"Nuevo Digital de Escobar","description":"La vida escobarense. Directora: Rosana Brunner","publisher":{"@id":"https:\/\/nuevodigitaldeescobar.com.ar\/#organization"},"potentialAction":[{"@type":"SearchAction","target":{"@type":"EntryPoint","urlTemplate":"https:\/\/nuevodigitaldeescobar.com.ar\/?s={search_term_string}"},"query-input":{"@type":"PropertyValueSpecification","valueRequired":true,"valueName":"search_term_string"}}],"inLanguage":"es"},{"@type":"Organization","@id":"https:\/\/nuevodigitaldeescobar.com.ar\/#organization","name":"Nuevo Digital de Escobar","url":"https:\/\/nuevodigitaldeescobar.com.ar\/","logo":{"@type":"ImageObject","inLanguage":"es","@id":"https:\/\/nuevodigitaldeescobar.com.ar\/#\/schema\/logo\/image\/","url":"https:\/\/nuevodigitaldeescobar.com.ar\/wp-content\/uploads\/2025\/05\/cropped-logo-nuevo2.jpg","contentUrl":"https:\/\/nuevodigitaldeescobar.com.ar\/wp-content\/uploads\/2025\/05\/cropped-logo-nuevo2.jpg","width":305,"height":305,"caption":"Nuevo Digital de Escobar"},"image":{"@id":"https:\/\/nuevodigitaldeescobar.com.ar\/#\/schema\/logo\/image\/"},"sameAs":["https:\/\/www.facebook.com\/NUEVODigitalDeEscobar","https:\/\/x.com\/nuevodigescobar","https:\/\/www.instagram.com\/nuevodigitaldeescobar"]},{"@type":"Person","@id":"https:\/\/nuevodigitaldeescobar.com.ar\/#\/schema\/person\/035e90a8efe9a80e6eec22656ad6ea4c","name":"Redacci\u00f3n","image":{"@type":"ImageObject","inLanguage":"es","@id":"https:\/\/nuevodigitaldeescobar.com.ar\/#\/schema\/person\/image\/","url":"https:\/\/secure.gravatar.com\/avatar\/8af8f40000c24e9eef3034f2be5998a372bb1389e64b1a4a36b3a7979142220d?s=96&d=mm&r=g","contentUrl":"https:\/\/secure.gravatar.com\/avatar\/8af8f40000c24e9eef3034f2be5998a372bb1389e64b1a4a36b3a7979142220d?s=96&d=mm&r=g","caption":"Redacci\u00f3n"},"sameAs":["http:\/\/nuevodigitaldeescobar.com.ar"],"url":"https:\/\/nuevodigitaldeescobar.com.ar\/?author=1"}]}},"featured_image_urls":{"full":["https:\/\/nuevodigitaldeescobar.com.ar\/wp-content\/uploads\/2025\/11\/whatsapp_image_2025_11_14_at_13_17_52.jpeg",1024,683,false],"thumbnail":["https:\/\/nuevodigitaldeescobar.com.ar\/wp-content\/uploads\/2025\/11\/whatsapp_image_2025_11_14_at_13_17_52-150x150.jpeg",150,150,true],"medium":["https:\/\/nuevodigitaldeescobar.com.ar\/wp-content\/uploads\/2025\/11\/whatsapp_image_2025_11_14_at_13_17_52-300x200.jpeg",300,200,true],"medium_large":["https:\/\/nuevodigitaldeescobar.com.ar\/wp-content\/uploads\/2025\/11\/whatsapp_image_2025_11_14_at_13_17_52-768x512.jpeg",640,427,true],"large":["https:\/\/nuevodigitaldeescobar.com.ar\/wp-content\/uploads\/2025\/11\/whatsapp_image_2025_11_14_at_13_17_52.jpeg",640,427,false],"1536x1536":["https:\/\/nuevodigitaldeescobar.com.ar\/wp-content\/uploads\/2025\/11\/whatsapp_image_2025_11_14_at_13_17_52.jpeg",1024,683,false],"2048x2048":["https:\/\/nuevodigitaldeescobar.com.ar\/wp-content\/uploads\/2025\/11\/whatsapp_image_2025_11_14_at_13_17_52.jpeg",1024,683,false]},"author_info":{"display_name":"Redacci\u00f3n","author_link":"https:\/\/nuevodigitaldeescobar.com.ar\/?author=1"},"category_info":"<a href=\"https:\/\/nuevodigitaldeescobar.com.ar\/?cat=7\" rel=\"category\">Inter\u00e9s general<\/a>","tag_info":"Inter\u00e9s general","comment_count":"0","_links":{"self":[{"href":"https:\/\/nuevodigitaldeescobar.com.ar\/index.php?rest_route=\/wp\/v2\/posts\/18874","targetHints":{"allow":["GET"]}}],"collection":[{"href":"https:\/\/nuevodigitaldeescobar.com.ar\/index.php?rest_route=\/wp\/v2\/posts"}],"about":[{"href":"https:\/\/nuevodigitaldeescobar.com.ar\/index.php?rest_route=\/wp\/v2\/types\/post"}],"author":[{"embeddable":true,"href":"https:\/\/nuevodigitaldeescobar.com.ar\/index.php?rest_route=\/wp\/v2\/users\/1"}],"replies":[{"embeddable":true,"href":"https:\/\/nuevodigitaldeescobar.com.ar\/index.php?rest_route=%2Fwp%2Fv2%2Fcomments&post=18874"}],"version-history":[{"count":1,"href":"https:\/\/nuevodigitaldeescobar.com.ar\/index.php?rest_route=\/wp\/v2\/posts\/18874\/revisions"}],"predecessor-version":[{"id":18878,"href":"https:\/\/nuevodigitaldeescobar.com.ar\/index.php?rest_route=\/wp\/v2\/posts\/18874\/revisions\/18878"}],"wp:featuredmedia":[{"embeddable":true,"href":"https:\/\/nuevodigitaldeescobar.com.ar\/index.php?rest_route=\/wp\/v2\/media\/18875"}],"wp:attachment":[{"href":"https:\/\/nuevodigitaldeescobar.com.ar\/index.php?rest_route=%2Fwp%2Fv2%2Fmedia&parent=18874"}],"wp:term":[{"taxonomy":"category","embeddable":true,"href":"https:\/\/nuevodigitaldeescobar.com.ar\/index.php?rest_route=%2Fwp%2Fv2%2Fcategories&post=18874"},{"taxonomy":"post_tag","embeddable":true,"href":"https:\/\/nuevodigitaldeescobar.com.ar\/index.php?rest_route=%2Fwp%2Fv2%2Ftags&post=18874"}],"curies":[{"name":"wp","href":"https:\/\/api.w.org\/{rel}","templated":true}]}}