{"id":18879,"date":"2025-11-14T18:15:58","date_gmt":"2025-11-14T21:15:58","guid":{"rendered":"https:\/\/nuevodigitaldeescobar.com.ar\/?p=18879"},"modified":"2025-11-14T18:16:02","modified_gmt":"2025-11-14T21:16:02","slug":"de-garin-a-zarate-la-trama-narco-detras-del-homicidio-de-un-hombre-de-39-anos","status":"publish","type":"post","link":"https:\/\/nuevodigitaldeescobar.com.ar\/?p=18879","title":{"rendered":"De Gar\u00edn a Z\u00e1rate: la trama narco detr\u00e1s del homicidio de un hombre de 39 a\u00f1os"},"content":{"rendered":"\n<p>Un violento caso con origen en <strong>Gar\u00edn<\/strong> volvi\u00f3 a poner en foco la disputa territorial por la venta de drogas en la regi\u00f3n. Lo que empez\u00f3 como una b\u00fasqueda de paradero termin\u00f3 con el hallazgo del cuerpo desmembrado de <strong>Francisco Javier Saragonza<\/strong>, de 39 a\u00f1os, cuyo rastro se extendi\u00f3 desde Escobar hasta la zona del Puente Z\u00e1rate\u2013Brazo Largo.<\/p>\n\n\n\n<!--more-->\n\n\n\n<p>Saragonza hab\u00eda sido visto por \u00faltima vez el <strong>2 de noviembre<\/strong> en Gar\u00edn. Su madre radic\u00f3 la denuncia dos d\u00edas despu\u00e9s, alertando que su hijo estaba vinculado al consumo y la venta de estupefacientes. Con esa informaci\u00f3n, la <strong>Comisar\u00eda Escobar 3\u00aa<\/strong> y la <strong>EPDS Escobar<\/strong> iniciaron una investigaci\u00f3n que r\u00e1pidamente tom\u00f3 un giro inesperado.<\/p>\n\n\n\n<p>Los investigadores determinaron que el homicidio se habr\u00eda cometido en la misma localidad de Gar\u00edn. El principal sospechoso, un joven de <strong>26 a\u00f1os<\/strong>, fue detenido luego de <strong>confesar espont\u00e1neamente<\/strong> que hab\u00eda asesinado a Saragonza tras una discusi\u00f3n relacionada con drogas.<\/p>\n\n\n\n<p>A partir de esa declaraci\u00f3n se despleg\u00f3 un operativo que llev\u00f3, d\u00edas m\u00e1s tarde, al hallazgo del cuerpo de la v\u00edctima en un descampado de Z\u00e1rate, donde apareci\u00f3 <strong>desmembrado y en avanzado estado de descomposici\u00f3n<\/strong>.<\/p>\n\n\n\n<p>La causa fue recaratulada como <strong>\u201cHomicidio calificado por ensa\u00f1amiento y alevos\u00eda\u201d<\/strong> y qued\u00f3 bajo la \u00f3rbita de la <strong>UFI N\u00b05 Descentralizada de Escobar<\/strong>.<\/p>\n\n\n\n<p>En simult\u00e1neo, se realizaron m\u00faltiples allanamientos en <strong>Gar\u00edn<\/strong>, adem\u00e1s de procedimientos en <strong>Benav\u00eddez<\/strong> y <strong>Rinc\u00f3n de Milberg<\/strong>, que derivaron en nuevas detenciones de sospechosos presuntamente vinculados al crimen. Entre los elementos secuestrados figuran veh\u00edculos identificados mediante c\u00e1maras de seguridad y varios tel\u00e9fonos celulares que ser\u00e1n peritados.<\/p>\n\n\n\n<p>Fuentes judiciales confirmaron que tanto la v\u00edctima como los detenidos integrar\u00edan un circuito de <strong>narcomenudeo<\/strong>, y que el crimen se habr\u00eda originado en una disputa por el control territorial de la venta de drogas.<\/p>\n\n\n\n<p>La investigaci\u00f3n contin\u00faa a cargo del fiscal interviniente y de la Estaci\u00f3n de Polic\u00eda Departamental de Seguridad Escobar, con el objetivo de determinar todas las responsabilidades en un caso que volvi\u00f3 a exponer la violencia asociada al mercado ilegal de estupefacientes.<\/p>\n","protected":false},"excerpt":{"rendered":"<p>Un violento caso con origen en Gar\u00edn volvi\u00f3 a poner en foco la disputa territorial por la venta de drogas en la regi\u00f3n. Lo que [&hellip;]<\/p>\n","protected":false},"author":1,"featured_media":18880,"comment_status":"open","ping_status":"open","sticky":false,"template":"","format":"standard","meta":{"footnotes":""},"categories":[13],"tags":[],"class_list":["post-18879","post","type-post","status-publish","format-standard","has-post-thumbnail","hentry","category-policiales"],"better_featured_image":{"id":18880,"alt_text":"","caption":"","description":"","media_type":"image","media_details":{"width":1200,"height":1060,"file":"2025\/11\/583433304_1268363295332868_148839049136569069_n-e1763154943766.jpg","filesize":76763,"sizes":{"medium":{"file":"583433304_1268363295332868_148839049136569069_n-e1763154943766-300x265.jpg","width":300,"height":265,"mime-type":"image\/jpeg","filesize":10166,"source_url":"https:\/\/nuevodigitaldeescobar.com.ar\/wp-content\/uploads\/2025\/11\/583433304_1268363295332868_148839049136569069_n-e1763154943766-300x265.jpg"},"large":{"file":"583433304_1268363295332868_148839049136569069_n-e1763154943766-1024x905.jpg","width":1024,"height":905,"mime-type":"image\/jpeg","filesize":66704,"source_url":"https:\/\/nuevodigitaldeescobar.com.ar\/wp-content\/uploads\/2025\/11\/583433304_1268363295332868_148839049136569069_n-e1763154943766-1024x905.jpg"},"thumbnail":{"file":"583433304_1268363295332868_148839049136569069_n-e1763154943766-150x150.jpg","width":150,"height":150,"mime-type":"image\/jpeg","filesize":4333,"source_url":"https:\/\/nuevodigitaldeescobar.com.ar\/wp-content\/uploads\/2025\/11\/583433304_1268363295332868_148839049136569069_n-e1763154943766-150x150.jpg"},"medium_large":{"file":"583433304_1268363295332868_148839049136569069_n-e1763154943766-768x678.jpg","width":768,"height":678,"mime-type":"image\/jpeg","filesize":42915,"source_url":"https:\/\/nuevodigitaldeescobar.com.ar\/wp-content\/uploads\/2025\/11\/583433304_1268363295332868_148839049136569069_n-e1763154943766-768x678.jpg"},"1536x1536":{"file":"583433304_1268363295332868_148839049136569069_n-1152x1536.jpg","width":1152,"height":1536,"mime-type":"image\/jpeg","filesize":108685,"source_url":"https:\/\/nuevodigitaldeescobar.com.ar\/wp-content\/uploads\/2025\/11\/583433304_1268363295332868_148839049136569069_n-1152x1536.jpg"}},"image_meta":{"aperture":"0","credit":"","camera":"","caption":"","created_timestamp":"0","copyright":"","focal_length":"0","iso":"0","shutter_speed":"0","title":"","orientation":"0","keywords":[]}},"post":18879,"source_url":"https:\/\/nuevodigitaldeescobar.com.ar\/wp-content\/uploads\/2025\/11\/583433304_1268363295332868_148839049136569069_n-e1763154943766.jpg"},"yoast_head":"<!-- This site is optimized with the Yoast SEO plugin v26.1.1 - https:\/\/yoast.com\/wordpress\/plugins\/seo\/ -->\n<title>De Gar\u00edn a Z\u00e1rate: la trama narco detr\u00e1s del homicidio de un hombre de 39 a\u00f1os - Nuevo Digital de Escobar<\/title>\n<meta name=\"description\" content=\"Lo que empez\u00f3 como una b\u00fasqueda de paradero termin\u00f3 con el hallazgo del cuerpo desmembrado de Francisco Javier Saragonza, de 39 a\u00f1os, cuyo rastro se extendi\u00f3 desde Escobar hasta la zona del Puente Z\u00e1rate\u2013Brazo Largo.\" \/>\n<meta name=\"robots\" content=\"index, follow, max-snippet:-1, max-image-preview:large, max-video-preview:-1\" \/>\n<link rel=\"canonical\" href=\"https:\/\/nuevodigitaldeescobar.com.ar\/?p=18879\" \/>\n<meta property=\"og:locale\" content=\"es_ES\" \/>\n<meta property=\"og:type\" content=\"article\" \/>\n<meta property=\"og:title\" content=\"De Gar\u00edn a Z\u00e1rate: la trama narco detr\u00e1s del homicidio de un hombre de 39 a\u00f1os\" \/>\n<meta property=\"og:description\" content=\"Lo que empez\u00f3 como una b\u00fasqueda de paradero termin\u00f3 con el hallazgo del cuerpo desmembrado de Francisco Javier Saragonza, de 39 a\u00f1os, cuyo rastro se extendi\u00f3 desde Escobar hasta la zona del Puente Z\u00e1rate\u2013Brazo Largo.\" \/>\n<meta property=\"og:url\" content=\"https:\/\/nuevodigitaldeescobar.com.ar\/?p=18879\" \/>\n<meta property=\"og:site_name\" content=\"Nuevo Digital de Escobar\" \/>\n<meta property=\"article:publisher\" content=\"https:\/\/www.facebook.com\/NUEVODigitalDeEscobar\" \/>\n<meta property=\"article:published_time\" content=\"2025-11-14T21:15:58+00:00\" \/>\n<meta property=\"article:modified_time\" content=\"2025-11-14T21:16:02+00:00\" \/>\n<meta property=\"og:image\" content=\"http:\/\/nuevodigitaldeescobar.com.ar\/wp-content\/uploads\/2025\/11\/583433304_1268363295332868_148839049136569069_n-e1763154943766.jpg\" \/>\n\t<meta property=\"og:image:width\" content=\"1200\" \/>\n\t<meta property=\"og:image:height\" content=\"1060\" \/>\n\t<meta property=\"og:image:type\" content=\"image\/jpeg\" \/>\n<meta name=\"author\" content=\"Redacci\u00f3n\" \/>\n<meta name=\"twitter:card\" content=\"summary_large_image\" \/>\n<meta name=\"twitter:creator\" content=\"@nuevodigescobar\" \/>\n<meta name=\"twitter:site\" content=\"@nuevodigescobar\" \/>\n<meta name=\"twitter:label1\" content=\"Escrito por\" \/>\n\t<meta name=\"twitter:data1\" content=\"Redacci\u00f3n\" \/>\n\t<meta name=\"twitter:label2\" content=\"Tiempo de lectura\" \/>\n\t<meta name=\"twitter:data2\" content=\"2 minutos\" \/>\n<script type=\"application\/ld+json\" class=\"yoast-schema-graph\">{\"@context\":\"https:\/\/schema.org\",\"@graph\":[{\"@type\":\"Article\",\"@id\":\"https:\/\/nuevodigitaldeescobar.com.ar\/?p=18879#article\",\"isPartOf\":{\"@id\":\"https:\/\/nuevodigitaldeescobar.com.ar\/?p=18879\"},\"author\":{\"name\":\"Redacci\u00f3n\",\"@id\":\"https:\/\/nuevodigitaldeescobar.com.ar\/#\/schema\/person\/035e90a8efe9a80e6eec22656ad6ea4c\"},\"headline\":\"De Gar\u00edn a Z\u00e1rate: la trama narco detr\u00e1s del homicidio de un hombre de 39 a\u00f1os\",\"datePublished\":\"2025-11-14T21:15:58+00:00\",\"dateModified\":\"2025-11-14T21:16:02+00:00\",\"mainEntityOfPage\":{\"@id\":\"https:\/\/nuevodigitaldeescobar.com.ar\/?p=18879\"},\"wordCount\":391,\"commentCount\":0,\"publisher\":{\"@id\":\"https:\/\/nuevodigitaldeescobar.com.ar\/#organization\"},\"image\":{\"@id\":\"https:\/\/nuevodigitaldeescobar.com.ar\/?p=18879#primaryimage\"},\"thumbnailUrl\":\"https:\/\/nuevodigitaldeescobar.com.ar\/wp-content\/uploads\/2025\/11\/583433304_1268363295332868_148839049136569069_n-e1763154943766.jpg\",\"articleSection\":[\"Policiales\"],\"inLanguage\":\"es\",\"potentialAction\":[{\"@type\":\"CommentAction\",\"name\":\"Comment\",\"target\":[\"https:\/\/nuevodigitaldeescobar.com.ar\/?p=18879#respond\"]}]},{\"@type\":\"WebPage\",\"@id\":\"https:\/\/nuevodigitaldeescobar.com.ar\/?p=18879\",\"url\":\"https:\/\/nuevodigitaldeescobar.com.ar\/?p=18879\",\"name\":\"De Gar\u00edn a Z\u00e1rate: la trama narco detr\u00e1s del homicidio de un hombre de 39 a\u00f1os - Nuevo Digital de Escobar\",\"isPartOf\":{\"@id\":\"https:\/\/nuevodigitaldeescobar.com.ar\/#website\"},\"primaryImageOfPage\":{\"@id\":\"https:\/\/nuevodigitaldeescobar.com.ar\/?p=18879#primaryimage\"},\"image\":{\"@id\":\"https:\/\/nuevodigitaldeescobar.com.ar\/?p=18879#primaryimage\"},\"thumbnailUrl\":\"https:\/\/nuevodigitaldeescobar.com.ar\/wp-content\/uploads\/2025\/11\/583433304_1268363295332868_148839049136569069_n-e1763154943766.jpg\",\"datePublished\":\"2025-11-14T21:15:58+00:00\",\"dateModified\":\"2025-11-14T21:16:02+00:00\",\"description\":\"Lo que empez\u00f3 como una b\u00fasqueda de paradero termin\u00f3 con el hallazgo del cuerpo desmembrado de Francisco Javier Saragonza, de 39 a\u00f1os, cuyo rastro se extendi\u00f3 desde Escobar hasta la zona del Puente Z\u00e1rate\u2013Brazo Largo.\",\"breadcrumb\":{\"@id\":\"https:\/\/nuevodigitaldeescobar.com.ar\/?p=18879#breadcrumb\"},\"inLanguage\":\"es\",\"potentialAction\":[{\"@type\":\"ReadAction\",\"target\":[\"https:\/\/nuevodigitaldeescobar.com.ar\/?p=18879\"]}]},{\"@type\":\"ImageObject\",\"inLanguage\":\"es\",\"@id\":\"https:\/\/nuevodigitaldeescobar.com.ar\/?p=18879#primaryimage\",\"url\":\"https:\/\/nuevodigitaldeescobar.com.ar\/wp-content\/uploads\/2025\/11\/583433304_1268363295332868_148839049136569069_n-e1763154943766.jpg\",\"contentUrl\":\"https:\/\/nuevodigitaldeescobar.com.ar\/wp-content\/uploads\/2025\/11\/583433304_1268363295332868_148839049136569069_n-e1763154943766.jpg\",\"width\":1200,\"height\":1060},{\"@type\":\"BreadcrumbList\",\"@id\":\"https:\/\/nuevodigitaldeescobar.com.ar\/?p=18879#breadcrumb\",\"itemListElement\":[{\"@type\":\"ListItem\",\"position\":1,\"name\":\"Portada\",\"item\":\"https:\/\/nuevodigitaldeescobar.com.ar\/\"},{\"@type\":\"ListItem\",\"position\":2,\"name\":\"De Gar\u00edn a Z\u00e1rate: la trama narco detr\u00e1s del homicidio de un hombre de 39 a\u00f1os\"}]},{\"@type\":\"WebSite\",\"@id\":\"https:\/\/nuevodigitaldeescobar.com.ar\/#website\",\"url\":\"https:\/\/nuevodigitaldeescobar.com.ar\/\",\"name\":\"Nuevo Digital de Escobar\",\"description\":\"La vida escobarense. Directora: Rosana Brunner\",\"publisher\":{\"@id\":\"https:\/\/nuevodigitaldeescobar.com.ar\/#organization\"},\"potentialAction\":[{\"@type\":\"SearchAction\",\"target\":{\"@type\":\"EntryPoint\",\"urlTemplate\":\"https:\/\/nuevodigitaldeescobar.com.ar\/?s={search_term_string}\"},\"query-input\":{\"@type\":\"PropertyValueSpecification\",\"valueRequired\":true,\"valueName\":\"search_term_string\"}}],\"inLanguage\":\"es\"},{\"@type\":\"Organization\",\"@id\":\"https:\/\/nuevodigitaldeescobar.com.ar\/#organization\",\"name\":\"Nuevo Digital de Escobar\",\"url\":\"https:\/\/nuevodigitaldeescobar.com.ar\/\",\"logo\":{\"@type\":\"ImageObject\",\"inLanguage\":\"es\",\"@id\":\"https:\/\/nuevodigitaldeescobar.com.ar\/#\/schema\/logo\/image\/\",\"url\":\"https:\/\/nuevodigitaldeescobar.com.ar\/wp-content\/uploads\/2025\/05\/cropped-logo-nuevo2.jpg\",\"contentUrl\":\"https:\/\/nuevodigitaldeescobar.com.ar\/wp-content\/uploads\/2025\/05\/cropped-logo-nuevo2.jpg\",\"width\":305,\"height\":305,\"caption\":\"Nuevo Digital de Escobar\"},\"image\":{\"@id\":\"https:\/\/nuevodigitaldeescobar.com.ar\/#\/schema\/logo\/image\/\"},\"sameAs\":[\"https:\/\/www.facebook.com\/NUEVODigitalDeEscobar\",\"https:\/\/x.com\/nuevodigescobar\",\"https:\/\/www.instagram.com\/nuevodigitaldeescobar\"]},{\"@type\":\"Person\",\"@id\":\"https:\/\/nuevodigitaldeescobar.com.ar\/#\/schema\/person\/035e90a8efe9a80e6eec22656ad6ea4c\",\"name\":\"Redacci\u00f3n\",\"image\":{\"@type\":\"ImageObject\",\"inLanguage\":\"es\",\"@id\":\"https:\/\/nuevodigitaldeescobar.com.ar\/#\/schema\/person\/image\/\",\"url\":\"https:\/\/secure.gravatar.com\/avatar\/8af8f40000c24e9eef3034f2be5998a372bb1389e64b1a4a36b3a7979142220d?s=96&d=mm&r=g\",\"contentUrl\":\"https:\/\/secure.gravatar.com\/avatar\/8af8f40000c24e9eef3034f2be5998a372bb1389e64b1a4a36b3a7979142220d?s=96&d=mm&r=g\",\"caption\":\"Redacci\u00f3n\"},\"sameAs\":[\"http:\/\/nuevodigitaldeescobar.com.ar\"],\"url\":\"https:\/\/nuevodigitaldeescobar.com.ar\/?author=1\"}]}<\/script>\n<!-- \/ Yoast SEO plugin. -->","yoast_head_json":{"title":"De Gar\u00edn a Z\u00e1rate: la trama narco detr\u00e1s del homicidio de un hombre de 39 a\u00f1os - Nuevo Digital de Escobar","description":"Lo que empez\u00f3 como una b\u00fasqueda de paradero termin\u00f3 con el hallazgo del cuerpo desmembrado de Francisco Javier Saragonza, de 39 a\u00f1os, cuyo rastro se extendi\u00f3 desde Escobar hasta la zona del Puente Z\u00e1rate\u2013Brazo Largo.","robots":{"index":"index","follow":"follow","max-snippet":"max-snippet:-1","max-image-preview":"max-image-preview:large","max-video-preview":"max-video-preview:-1"},"canonical":"https:\/\/nuevodigitaldeescobar.com.ar\/?p=18879","og_locale":"es_ES","og_type":"article","og_title":"De Gar\u00edn a Z\u00e1rate: la trama narco detr\u00e1s del homicidio de un hombre de 39 a\u00f1os","og_description":"Lo que empez\u00f3 como una b\u00fasqueda de paradero termin\u00f3 con el hallazgo del cuerpo desmembrado de Francisco Javier Saragonza, de 39 a\u00f1os, cuyo rastro se extendi\u00f3 desde Escobar hasta la zona del Puente Z\u00e1rate\u2013Brazo Largo.","og_url":"https:\/\/nuevodigitaldeescobar.com.ar\/?p=18879","og_site_name":"Nuevo Digital de Escobar","article_publisher":"https:\/\/www.facebook.com\/NUEVODigitalDeEscobar","article_published_time":"2025-11-14T21:15:58+00:00","article_modified_time":"2025-11-14T21:16:02+00:00","og_image":[{"width":1200,"height":1060,"url":"http:\/\/nuevodigitaldeescobar.com.ar\/wp-content\/uploads\/2025\/11\/583433304_1268363295332868_148839049136569069_n-e1763154943766.jpg","type":"image\/jpeg"}],"author":"Redacci\u00f3n","twitter_card":"summary_large_image","twitter_creator":"@nuevodigescobar","twitter_site":"@nuevodigescobar","twitter_misc":{"Escrito por":"Redacci\u00f3n","Tiempo de lectura":"2 minutos"},"schema":{"@context":"https:\/\/schema.org","@graph":[{"@type":"Article","@id":"https:\/\/nuevodigitaldeescobar.com.ar\/?p=18879#article","isPartOf":{"@id":"https:\/\/nuevodigitaldeescobar.com.ar\/?p=18879"},"author":{"name":"Redacci\u00f3n","@id":"https:\/\/nuevodigitaldeescobar.com.ar\/#\/schema\/person\/035e90a8efe9a80e6eec22656ad6ea4c"},"headline":"De Gar\u00edn a Z\u00e1rate: la trama narco detr\u00e1s del homicidio de un hombre de 39 a\u00f1os","datePublished":"2025-11-14T21:15:58+00:00","dateModified":"2025-11-14T21:16:02+00:00","mainEntityOfPage":{"@id":"https:\/\/nuevodigitaldeescobar.com.ar\/?p=18879"},"wordCount":391,"commentCount":0,"publisher":{"@id":"https:\/\/nuevodigitaldeescobar.com.ar\/#organization"},"image":{"@id":"https:\/\/nuevodigitaldeescobar.com.ar\/?p=18879#primaryimage"},"thumbnailUrl":"https:\/\/nuevodigitaldeescobar.com.ar\/wp-content\/uploads\/2025\/11\/583433304_1268363295332868_148839049136569069_n-e1763154943766.jpg","articleSection":["Policiales"],"inLanguage":"es","potentialAction":[{"@type":"CommentAction","name":"Comment","target":["https:\/\/nuevodigitaldeescobar.com.ar\/?p=18879#respond"]}]},{"@type":"WebPage","@id":"https:\/\/nuevodigitaldeescobar.com.ar\/?p=18879","url":"https:\/\/nuevodigitaldeescobar.com.ar\/?p=18879","name":"De Gar\u00edn a Z\u00e1rate: la trama narco detr\u00e1s del homicidio de un hombre de 39 a\u00f1os - Nuevo Digital de Escobar","isPartOf":{"@id":"https:\/\/nuevodigitaldeescobar.com.ar\/#website"},"primaryImageOfPage":{"@id":"https:\/\/nuevodigitaldeescobar.com.ar\/?p=18879#primaryimage"},"image":{"@id":"https:\/\/nuevodigitaldeescobar.com.ar\/?p=18879#primaryimage"},"thumbnailUrl":"https:\/\/nuevodigitaldeescobar.com.ar\/wp-content\/uploads\/2025\/11\/583433304_1268363295332868_148839049136569069_n-e1763154943766.jpg","datePublished":"2025-11-14T21:15:58+00:00","dateModified":"2025-11-14T21:16:02+00:00","description":"Lo que empez\u00f3 como una b\u00fasqueda de paradero termin\u00f3 con el hallazgo del cuerpo desmembrado de Francisco Javier Saragonza, de 39 a\u00f1os, cuyo rastro se extendi\u00f3 desde Escobar hasta la zona del Puente Z\u00e1rate\u2013Brazo Largo.","breadcrumb":{"@id":"https:\/\/nuevodigitaldeescobar.com.ar\/?p=18879#breadcrumb"},"inLanguage":"es","potentialAction":[{"@type":"ReadAction","target":["https:\/\/nuevodigitaldeescobar.com.ar\/?p=18879"]}]},{"@type":"ImageObject","inLanguage":"es","@id":"https:\/\/nuevodigitaldeescobar.com.ar\/?p=18879#primaryimage","url":"https:\/\/nuevodigitaldeescobar.com.ar\/wp-content\/uploads\/2025\/11\/583433304_1268363295332868_148839049136569069_n-e1763154943766.jpg","contentUrl":"https:\/\/nuevodigitaldeescobar.com.ar\/wp-content\/uploads\/2025\/11\/583433304_1268363295332868_148839049136569069_n-e1763154943766.jpg","width":1200,"height":1060},{"@type":"BreadcrumbList","@id":"https:\/\/nuevodigitaldeescobar.com.ar\/?p=18879#breadcrumb","itemListElement":[{"@type":"ListItem","position":1,"name":"Portada","item":"https:\/\/nuevodigitaldeescobar.com.ar\/"},{"@type":"ListItem","position":2,"name":"De Gar\u00edn a Z\u00e1rate: la trama narco detr\u00e1s del homicidio de un hombre de 39 a\u00f1os"}]},{"@type":"WebSite","@id":"https:\/\/nuevodigitaldeescobar.com.ar\/#website","url":"https:\/\/nuevodigitaldeescobar.com.ar\/","name":"Nuevo Digital de Escobar","description":"La vida escobarense. Directora: Rosana Brunner","publisher":{"@id":"https:\/\/nuevodigitaldeescobar.com.ar\/#organization"},"potentialAction":[{"@type":"SearchAction","target":{"@type":"EntryPoint","urlTemplate":"https:\/\/nuevodigitaldeescobar.com.ar\/?s={search_term_string}"},"query-input":{"@type":"PropertyValueSpecification","valueRequired":true,"valueName":"search_term_string"}}],"inLanguage":"es"},{"@type":"Organization","@id":"https:\/\/nuevodigitaldeescobar.com.ar\/#organization","name":"Nuevo Digital de Escobar","url":"https:\/\/nuevodigitaldeescobar.com.ar\/","logo":{"@type":"ImageObject","inLanguage":"es","@id":"https:\/\/nuevodigitaldeescobar.com.ar\/#\/schema\/logo\/image\/","url":"https:\/\/nuevodigitaldeescobar.com.ar\/wp-content\/uploads\/2025\/05\/cropped-logo-nuevo2.jpg","contentUrl":"https:\/\/nuevodigitaldeescobar.com.ar\/wp-content\/uploads\/2025\/05\/cropped-logo-nuevo2.jpg","width":305,"height":305,"caption":"Nuevo Digital de Escobar"},"image":{"@id":"https:\/\/nuevodigitaldeescobar.com.ar\/#\/schema\/logo\/image\/"},"sameAs":["https:\/\/www.facebook.com\/NUEVODigitalDeEscobar","https:\/\/x.com\/nuevodigescobar","https:\/\/www.instagram.com\/nuevodigitaldeescobar"]},{"@type":"Person","@id":"https:\/\/nuevodigitaldeescobar.com.ar\/#\/schema\/person\/035e90a8efe9a80e6eec22656ad6ea4c","name":"Redacci\u00f3n","image":{"@type":"ImageObject","inLanguage":"es","@id":"https:\/\/nuevodigitaldeescobar.com.ar\/#\/schema\/person\/image\/","url":"https:\/\/secure.gravatar.com\/avatar\/8af8f40000c24e9eef3034f2be5998a372bb1389e64b1a4a36b3a7979142220d?s=96&d=mm&r=g","contentUrl":"https:\/\/secure.gravatar.com\/avatar\/8af8f40000c24e9eef3034f2be5998a372bb1389e64b1a4a36b3a7979142220d?s=96&d=mm&r=g","caption":"Redacci\u00f3n"},"sameAs":["http:\/\/nuevodigitaldeescobar.com.ar"],"url":"https:\/\/nuevodigitaldeescobar.com.ar\/?author=1"}]}},"featured_image_urls":{"full":["https:\/\/nuevodigitaldeescobar.com.ar\/wp-content\/uploads\/2025\/11\/583433304_1268363295332868_148839049136569069_n-e1763154943766.jpg",1200,1060,false],"thumbnail":["https:\/\/nuevodigitaldeescobar.com.ar\/wp-content\/uploads\/2025\/11\/583433304_1268363295332868_148839049136569069_n-e1763154943766-150x150.jpg",150,150,true],"medium":["https:\/\/nuevodigitaldeescobar.com.ar\/wp-content\/uploads\/2025\/11\/583433304_1268363295332868_148839049136569069_n-e1763154943766-300x265.jpg",300,265,true],"medium_large":["https:\/\/nuevodigitaldeescobar.com.ar\/wp-content\/uploads\/2025\/11\/583433304_1268363295332868_148839049136569069_n-e1763154943766-768x678.jpg",640,565,true],"large":["https:\/\/nuevodigitaldeescobar.com.ar\/wp-content\/uploads\/2025\/11\/583433304_1268363295332868_148839049136569069_n-e1763154943766-1024x905.jpg",640,566,true],"1536x1536":["https:\/\/nuevodigitaldeescobar.com.ar\/wp-content\/uploads\/2025\/11\/583433304_1268363295332868_148839049136569069_n-1152x1536.jpg",1152,1536,true],"2048x2048":["https:\/\/nuevodigitaldeescobar.com.ar\/wp-content\/uploads\/2025\/11\/583433304_1268363295332868_148839049136569069_n-e1763154943766.jpg",1200,1060,false]},"author_info":{"display_name":"Redacci\u00f3n","author_link":"https:\/\/nuevodigitaldeescobar.com.ar\/?author=1"},"category_info":"<a href=\"https:\/\/nuevodigitaldeescobar.com.ar\/?cat=13\" rel=\"category\">Policiales<\/a>","tag_info":"Policiales","comment_count":"0","_links":{"self":[{"href":"https:\/\/nuevodigitaldeescobar.com.ar\/index.php?rest_route=\/wp\/v2\/posts\/18879","targetHints":{"allow":["GET"]}}],"collection":[{"href":"https:\/\/nuevodigitaldeescobar.com.ar\/index.php?rest_route=\/wp\/v2\/posts"}],"about":[{"href":"https:\/\/nuevodigitaldeescobar.com.ar\/index.php?rest_route=\/wp\/v2\/types\/post"}],"author":[{"embeddable":true,"href":"https:\/\/nuevodigitaldeescobar.com.ar\/index.php?rest_route=\/wp\/v2\/users\/1"}],"replies":[{"embeddable":true,"href":"https:\/\/nuevodigitaldeescobar.com.ar\/index.php?rest_route=%2Fwp%2Fv2%2Fcomments&post=18879"}],"version-history":[{"count":1,"href":"https:\/\/nuevodigitaldeescobar.com.ar\/index.php?rest_route=\/wp\/v2\/posts\/18879\/revisions"}],"predecessor-version":[{"id":18881,"href":"https:\/\/nuevodigitaldeescobar.com.ar\/index.php?rest_route=\/wp\/v2\/posts\/18879\/revisions\/18881"}],"wp:featuredmedia":[{"embeddable":true,"href":"https:\/\/nuevodigitaldeescobar.com.ar\/index.php?rest_route=\/wp\/v2\/media\/18880"}],"wp:attachment":[{"href":"https:\/\/nuevodigitaldeescobar.com.ar\/index.php?rest_route=%2Fwp%2Fv2%2Fmedia&parent=18879"}],"wp:term":[{"taxonomy":"category","embeddable":true,"href":"https:\/\/nuevodigitaldeescobar.com.ar\/index.php?rest_route=%2Fwp%2Fv2%2Fcategories&post=18879"},{"taxonomy":"post_tag","embeddable":true,"href":"https:\/\/nuevodigitaldeescobar.com.ar\/index.php?rest_route=%2Fwp%2Fv2%2Ftags&post=18879"}],"curies":[{"name":"wp","href":"https:\/\/api.w.org\/{rel}","templated":true}]}}