{"id":18882,"date":"2025-11-15T10:51:45","date_gmt":"2025-11-15T13:51:45","guid":{"rendered":"https:\/\/nuevodigitaldeescobar.com.ar\/?p=18882"},"modified":"2025-11-15T10:51:57","modified_gmt":"2025-11-15T13:51:57","slug":"piden-la-detencion-de-diego-spagnuolo-y-otros-cinco-imputados-por-presunta-corrupcion-en-la-andis","status":"publish","type":"post","link":"https:\/\/nuevodigitaldeescobar.com.ar\/?p=18882","title":{"rendered":"Piden la detenci\u00f3n de Diego Spagnuolo y otros cinco imputados por presunta corrupci\u00f3n en la ANDIS"},"content":{"rendered":"\n<p class=\"has-vivid-cyan-blue-color has-text-color has-link-color wp-elements-5af57f5ca8c4dd96e1592aaf86e690f6\"><strong><em>La causa que investiga presuntas maniobras de corrupci\u00f3n dentro de la Agencia Nacional de Discapacidad (ANDIS) sum\u00f3 un giro decisivo. El fiscal federal Franco Picardi solicit\u00f3 la indagatoria y la detenci\u00f3n de varios ex funcionarios, entre ellos Diego Spagnuolo, quien encabez\u00f3 el organismo hasta su desplazamiento. El juez Sebasti\u00e1n Casanello lo cit\u00f3 a declarar el 19 de noviembre, en un expediente que ya suma 15 imputados entre ex autoridades y representantes del sector privado vinculados a la provisi\u00f3n de medicamentos e insumos.<\/em><\/strong><\/p>\n\n\n\n<!--more-->\n\n\n\n<h3 class=\"wp-block-heading has-text-color has-link-color wp-elements-855884a0bd0fffeb1004c5b623746e8c\" style=\"color:#1830b6\">Un entramado que involucra compras direccionadas, sobreprecios y sobornos<\/h3>\n\n\n\n<p>La investigaci\u00f3n se activ\u00f3 luego de la aparici\u00f3n de audios atribuidos a Spagnuolo en los que se mencionaban v\u00ednculos con la firma <strong>Suizo Argentina<\/strong>, una de las droguer\u00edas que opera con el Estado. Seg\u00fan la fiscal\u00eda, esos audios fueron apenas el punto de partida: detr\u00e1s de ellos se detect\u00f3 un <strong>esquema estructurado<\/strong> de direccionamiento de compras, sobreprecios millonarios y presuntos pagos ilegales para asegurar adjudicaciones.<\/p>\n\n\n\n<p>Picardi se\u00f1al\u00f3 que las maniobras habr\u00edan perjudicado directamente al <strong>Programa Incluir Salud<\/strong>, destinado a personas con discapacidad que no cuentan con otra cobertura sanitaria. Se trata de uno de los sectores m\u00e1s vulnerables del sistema de atenci\u00f3n p\u00fablica.<\/p>\n\n\n\n<h3 class=\"wp-block-heading has-text-color has-link-color wp-elements-96b8e3194f7c881ff520bb6672f98672\" style=\"color:#1830b6\">Los pedidos de detenci\u00f3n y las medidas ordenadas<\/h3>\n\n\n\n<p>El fiscal solicit\u00f3 las detenciones de:<\/p>\n\n\n\n<ul class=\"wp-block-list\">\n<li><strong>Diego Spagnuolo<\/strong>, ex titular de la ANDIS<\/li>\n\n\n\n<li><strong>Daniel Garbellini<\/strong>, ex director de Acceso a los Servicios de Salud<\/li>\n\n\n\n<li><strong>Miguel \u00c1ngel Calvete<\/strong><\/li>\n\n\n\n<li><strong>Eduardo Nelio Gonz\u00e1lez<\/strong><\/li>\n\n\n\n<li><strong>Lorena Di Giorno<\/strong><\/li>\n\n\n\n<li><strong>Pablo Atchabahian<\/strong><\/li>\n<\/ul>\n\n\n\n<p>Adem\u00e1s, pidi\u00f3 el <strong>secuestro de dispositivos electr\u00f3nicos<\/strong> y allanamientos en m\u00faltiples domicilios, con el objetivo de recuperar documentaci\u00f3n vinculada a contrataciones con ANDIS y con diversas droguer\u00edas: <strong>Profarma<\/strong>, <strong>Genesis<\/strong>, <strong>New Farma<\/strong>, <strong>Floresta<\/strong> y <strong>Suizo Argentina<\/strong>, entre otras.<\/p>\n\n\n\n<p>Otras nueve personas tambi\u00e9n fueron citadas a indagatoria, adem\u00e1s de un nuevo paquete de allanamientos ordenados sobre domicilios particulares y la empresa <strong>Baires Fly S.A.<\/strong><\/p>\n\n\n\n<h3 class=\"wp-block-heading has-text-color has-link-color wp-elements-a81f7998cf730142dcb2fa12a84c5815\" style=\"color:#1830b6\">\u201cUna agencia al servicio del inter\u00e9s privado\u201d<\/h3>\n\n\n\n<p>En su requerimiento, Picardi sostuvo que Spagnuolo y Garbellini habr\u00edan permitido que <strong>personas ajenas al organismo<\/strong> intervinieran en decisiones sensibles, incluso en la administraci\u00f3n de fondos p\u00fablicos, para favorecer intereses econ\u00f3micos privados.<\/p>\n\n\n\n<p>Seg\u00fan el fiscal, esto convirti\u00f3 de hecho a la ANDIS en un <strong>espacio funcional a terceros<\/strong>, desnaturalizando su objetivo: garantizar pol\u00edticas para personas con discapacidad.<\/p>\n\n\n\n<h3 class=\"wp-block-heading has-text-color has-link-color wp-elements-a7a6de5f67df121ec0b16c18fa6db2df\" style=\"color:#1830b6\">El frente judicial: pedidos de nulidad y el debate sobre los audios<\/h3>\n\n\n\n<p>La defensa de Spagnuolo \u2014a cargo del abogado <strong>Mauricio D\u2019Alessandro<\/strong>\u2014 plante\u00f3 la nulidad de la causa y cuestion\u00f3 la validez de los audios filtrados. Argument\u00f3 que podr\u00edan ser falsos, editados o incluso generados mediante inteligencia artificial. Tambi\u00e9n sostuvo que la difusi\u00f3n viol\u00f3 la intimidad del ex funcionario.<\/p>\n\n\n\n<p>Por su parte, la defensa de Suizo Argentina aleg\u00f3 que estos hechos ya hab\u00edan sido investigados en un expediente anterior que termin\u00f3 archivado, por lo que invoc\u00f3 el principio de <strong>non bis in idem<\/strong> (no ser juzgado dos veces por el mismo hecho).<\/p>\n\n\n\n<p>La C\u00e1mara Federal porte\u00f1a deber\u00e1 resolver sobre estos planteos, aunque el juez Casanello ya hab\u00eda rechazado previamente ambos pedidos de nulidad.<\/p>\n\n\n\n<h3 class=\"wp-block-heading has-text-color has-link-color wp-elements-8a1d5dc6af6a6744b375bcc96a6e6185\" style=\"color:#1830b6\">Testimonios que complican a\u00fan m\u00e1s el escenario<\/h3>\n\n\n\n<p>En el expediente tambi\u00e9n se incorporaron declaraciones de:<\/p>\n\n\n\n<ul class=\"wp-block-list\">\n<li><strong>Fernando Cerimedo<\/strong>, ex estratega comunicacional libertario<\/li>\n\n\n\n<li><strong>Agust\u00edn Rodr\u00edguez<\/strong>, periodista del canal Neura<\/li>\n<\/ul>\n\n\n\n<p>Cerimedo afirm\u00f3 que Spagnuolo le hab\u00eda mencionado estas mismas irregularidades en 2024. Rodr\u00edguez, en tanto, relat\u00f3 que el ex funcionario lleg\u00f3 a una entrevista <em>\u201cpreocupado y molesto\u201d<\/em> por la supuesta injerencia de <strong>Eduardo \u201cLule\u201d Menem<\/strong> en el \u00e1rea de Discapacidad.<\/p>\n\n\n\n<p>Los audios filtrados tambi\u00e9n mencionan a la <strong>secretaria general de la Presidencia, Karina Milei<\/strong>, aunque ninguna imputaci\u00f3n formal ha sido dictada contra ella.<\/p>\n\n\n\n<h3 class=\"wp-block-heading has-text-color has-link-color wp-elements-882ffb6af1dee9875507e3206bea5720\" style=\"color:#1830b6\">Un expediente que avanza con respaldo pol\u00edtico y judicial<\/h3>\n\n\n\n<p>Picardi remarc\u00f3 que la investigaci\u00f3n no se inici\u00f3 por los audios, sino por un conjunto de indicios que el propio Poder Ejecutivo consider\u00f3 suficientes para desplazar a Spagnuolo y Garbellini. En el decreto de remoci\u00f3n, el Gobierno se\u00f1al\u00f3 que ambas designaciones deb\u00edan ser \u201climitadas\u201d para permitir que la Justicia investigara posibles irregularidades.<\/p>\n\n\n\n<p>Para el fiscal, los movimientos detectados constituyen un <strong>perjuicio directo al Estado y a la poblaci\u00f3n m\u00e1s vulnerable<\/strong>, y ubican a los ex funcionarios en el centro de una estructura que habr\u00eda operado durante meses dentro de la agencia.<\/p>\n","protected":false},"excerpt":{"rendered":"<p>La causa que investiga presuntas maniobras de corrupci\u00f3n dentro de la Agencia Nacional de Discapacidad (ANDIS) sum\u00f3 un giro decisivo. El fiscal federal Franco Picardi [&hellip;]<\/p>\n","protected":false},"author":1,"featured_media":12517,"comment_status":"open","ping_status":"open","sticky":false,"template":"","format":"standard","meta":{"footnotes":""},"categories":[235],"tags":[],"class_list":["post-18882","post","type-post","status-publish","format-standard","has-post-thumbnail","hentry","category-judiciales"],"better_featured_image":{"id":12517,"alt_text":"","caption":"","description":"","media_type":"image","media_details":{"width":1120,"height":642,"file":"2025\/02\/diegospag121.png","filesize":754488,"sizes":{"medium":{"file":"diegospag121-300x172.png","width":300,"height":172,"mime-type":"image\/png","filesize":73875,"source_url":"https:\/\/nuevodigitaldeescobar.com.ar\/wp-content\/uploads\/2025\/02\/diegospag121-300x172.png"},"large":{"file":"diegospag121-1024x587.png","width":1024,"height":587,"mime-type":"image\/png","filesize":548326,"source_url":"https:\/\/nuevodigitaldeescobar.com.ar\/wp-content\/uploads\/2025\/02\/diegospag121-1024x587.png"},"thumbnail":{"file":"diegospag121-150x150.png","width":150,"height":150,"mime-type":"image\/png","filesize":39179,"source_url":"https:\/\/nuevodigitaldeescobar.com.ar\/wp-content\/uploads\/2025\/02\/diegospag121-150x150.png"},"medium_large":{"file":"diegospag121-768x440.png","width":768,"height":440,"mime-type":"image\/png","filesize":349177,"source_url":"https:\/\/nuevodigitaldeescobar.com.ar\/wp-content\/uploads\/2025\/02\/diegospag121-768x440.png"}},"image_meta":{"aperture":"0","credit":"","camera":"","caption":"","created_timestamp":"0","copyright":"","focal_length":"0","iso":"0","shutter_speed":"0","title":"","orientation":"0","keywords":[]}},"post":12516,"source_url":"https:\/\/nuevodigitaldeescobar.com.ar\/wp-content\/uploads\/2025\/02\/diegospag121.png"},"yoast_head":"<!-- This site is optimized with the Yoast SEO plugin v26.1.1 - https:\/\/yoast.com\/wordpress\/plugins\/seo\/ -->\n<title>Piden la detenci\u00f3n de Diego Spagnuolo y otros cinco imputados por presunta corrupci\u00f3n en la ANDIS - Nuevo Digital de Escobar<\/title>\n<meta name=\"robots\" content=\"index, follow, max-snippet:-1, max-image-preview:large, max-video-preview:-1\" \/>\n<link rel=\"canonical\" href=\"https:\/\/nuevodigitaldeescobar.com.ar\/?p=18882\" \/>\n<meta property=\"og:locale\" content=\"es_ES\" \/>\n<meta property=\"og:type\" content=\"article\" \/>\n<meta property=\"og:title\" content=\"Piden la detenci\u00f3n de Diego Spagnuolo y otros cinco imputados por presunta corrupci\u00f3n en la ANDIS - Nuevo Digital de Escobar\" \/>\n<meta property=\"og:description\" content=\"La causa que investiga presuntas maniobras de corrupci\u00f3n dentro de la Agencia Nacional de Discapacidad (ANDIS) sum\u00f3 un giro decisivo. El fiscal federal Franco Picardi [&hellip;]\" \/>\n<meta property=\"og:url\" content=\"https:\/\/nuevodigitaldeescobar.com.ar\/?p=18882\" \/>\n<meta property=\"og:site_name\" content=\"Nuevo Digital de Escobar\" \/>\n<meta property=\"article:publisher\" content=\"https:\/\/www.facebook.com\/NUEVODigitalDeEscobar\" \/>\n<meta property=\"article:published_time\" content=\"2025-11-15T13:51:45+00:00\" \/>\n<meta property=\"article:modified_time\" content=\"2025-11-15T13:51:57+00:00\" \/>\n<meta property=\"og:image\" content=\"http:\/\/nuevodigitaldeescobar.com.ar\/wp-content\/uploads\/2025\/02\/diegospag121.png\" \/>\n\t<meta property=\"og:image:width\" content=\"1120\" \/>\n\t<meta property=\"og:image:height\" content=\"642\" \/>\n\t<meta property=\"og:image:type\" content=\"image\/png\" \/>\n<meta name=\"author\" content=\"Redacci\u00f3n\" \/>\n<meta name=\"twitter:card\" content=\"summary_large_image\" \/>\n<meta name=\"twitter:creator\" content=\"@nuevodigescobar\" \/>\n<meta name=\"twitter:site\" content=\"@nuevodigescobar\" \/>\n<meta name=\"twitter:label1\" content=\"Escrito por\" \/>\n\t<meta name=\"twitter:data1\" content=\"Redacci\u00f3n\" \/>\n\t<meta name=\"twitter:label2\" content=\"Tiempo de lectura\" \/>\n\t<meta name=\"twitter:data2\" content=\"4 minutos\" \/>\n<script type=\"application\/ld+json\" class=\"yoast-schema-graph\">{\"@context\":\"https:\/\/schema.org\",\"@graph\":[{\"@type\":\"Article\",\"@id\":\"https:\/\/nuevodigitaldeescobar.com.ar\/?p=18882#article\",\"isPartOf\":{\"@id\":\"https:\/\/nuevodigitaldeescobar.com.ar\/?p=18882\"},\"author\":{\"name\":\"Redacci\u00f3n\",\"@id\":\"https:\/\/nuevodigitaldeescobar.com.ar\/#\/schema\/person\/035e90a8efe9a80e6eec22656ad6ea4c\"},\"headline\":\"Piden la detenci\u00f3n de Diego Spagnuolo y otros cinco imputados por presunta corrupci\u00f3n en la ANDIS\",\"datePublished\":\"2025-11-15T13:51:45+00:00\",\"dateModified\":\"2025-11-15T13:51:57+00:00\",\"mainEntityOfPage\":{\"@id\":\"https:\/\/nuevodigitaldeescobar.com.ar\/?p=18882\"},\"wordCount\":749,\"commentCount\":0,\"publisher\":{\"@id\":\"https:\/\/nuevodigitaldeescobar.com.ar\/#organization\"},\"image\":{\"@id\":\"https:\/\/nuevodigitaldeescobar.com.ar\/?p=18882#primaryimage\"},\"thumbnailUrl\":\"https:\/\/nuevodigitaldeescobar.com.ar\/wp-content\/uploads\/2025\/02\/diegospag121.png\",\"articleSection\":[\"Judiciales\"],\"inLanguage\":\"es\",\"potentialAction\":[{\"@type\":\"CommentAction\",\"name\":\"Comment\",\"target\":[\"https:\/\/nuevodigitaldeescobar.com.ar\/?p=18882#respond\"]}]},{\"@type\":\"WebPage\",\"@id\":\"https:\/\/nuevodigitaldeescobar.com.ar\/?p=18882\",\"url\":\"https:\/\/nuevodigitaldeescobar.com.ar\/?p=18882\",\"name\":\"Piden la detenci\u00f3n de Diego Spagnuolo y otros cinco imputados por presunta corrupci\u00f3n en la ANDIS - Nuevo Digital de Escobar\",\"isPartOf\":{\"@id\":\"https:\/\/nuevodigitaldeescobar.com.ar\/#website\"},\"primaryImageOfPage\":{\"@id\":\"https:\/\/nuevodigitaldeescobar.com.ar\/?p=18882#primaryimage\"},\"image\":{\"@id\":\"https:\/\/nuevodigitaldeescobar.com.ar\/?p=18882#primaryimage\"},\"thumbnailUrl\":\"https:\/\/nuevodigitaldeescobar.com.ar\/wp-content\/uploads\/2025\/02\/diegospag121.png\",\"datePublished\":\"2025-11-15T13:51:45+00:00\",\"dateModified\":\"2025-11-15T13:51:57+00:00\",\"breadcrumb\":{\"@id\":\"https:\/\/nuevodigitaldeescobar.com.ar\/?p=18882#breadcrumb\"},\"inLanguage\":\"es\",\"potentialAction\":[{\"@type\":\"ReadAction\",\"target\":[\"https:\/\/nuevodigitaldeescobar.com.ar\/?p=18882\"]}]},{\"@type\":\"ImageObject\",\"inLanguage\":\"es\",\"@id\":\"https:\/\/nuevodigitaldeescobar.com.ar\/?p=18882#primaryimage\",\"url\":\"https:\/\/nuevodigitaldeescobar.com.ar\/wp-content\/uploads\/2025\/02\/diegospag121.png\",\"contentUrl\":\"https:\/\/nuevodigitaldeescobar.com.ar\/wp-content\/uploads\/2025\/02\/diegospag121.png\",\"width\":1120,\"height\":642},{\"@type\":\"BreadcrumbList\",\"@id\":\"https:\/\/nuevodigitaldeescobar.com.ar\/?p=18882#breadcrumb\",\"itemListElement\":[{\"@type\":\"ListItem\",\"position\":1,\"name\":\"Portada\",\"item\":\"https:\/\/nuevodigitaldeescobar.com.ar\/\"},{\"@type\":\"ListItem\",\"position\":2,\"name\":\"Piden la detenci\u00f3n de Diego Spagnuolo y otros cinco imputados por presunta corrupci\u00f3n en la ANDIS\"}]},{\"@type\":\"WebSite\",\"@id\":\"https:\/\/nuevodigitaldeescobar.com.ar\/#website\",\"url\":\"https:\/\/nuevodigitaldeescobar.com.ar\/\",\"name\":\"Nuevo Digital de Escobar\",\"description\":\"La vida escobarense. Directora: Rosana Brunner\",\"publisher\":{\"@id\":\"https:\/\/nuevodigitaldeescobar.com.ar\/#organization\"},\"potentialAction\":[{\"@type\":\"SearchAction\",\"target\":{\"@type\":\"EntryPoint\",\"urlTemplate\":\"https:\/\/nuevodigitaldeescobar.com.ar\/?s={search_term_string}\"},\"query-input\":{\"@type\":\"PropertyValueSpecification\",\"valueRequired\":true,\"valueName\":\"search_term_string\"}}],\"inLanguage\":\"es\"},{\"@type\":\"Organization\",\"@id\":\"https:\/\/nuevodigitaldeescobar.com.ar\/#organization\",\"name\":\"Nuevo Digital de Escobar\",\"url\":\"https:\/\/nuevodigitaldeescobar.com.ar\/\",\"logo\":{\"@type\":\"ImageObject\",\"inLanguage\":\"es\",\"@id\":\"https:\/\/nuevodigitaldeescobar.com.ar\/#\/schema\/logo\/image\/\",\"url\":\"https:\/\/nuevodigitaldeescobar.com.ar\/wp-content\/uploads\/2025\/05\/cropped-logo-nuevo2.jpg\",\"contentUrl\":\"https:\/\/nuevodigitaldeescobar.com.ar\/wp-content\/uploads\/2025\/05\/cropped-logo-nuevo2.jpg\",\"width\":305,\"height\":305,\"caption\":\"Nuevo Digital de Escobar\"},\"image\":{\"@id\":\"https:\/\/nuevodigitaldeescobar.com.ar\/#\/schema\/logo\/image\/\"},\"sameAs\":[\"https:\/\/www.facebook.com\/NUEVODigitalDeEscobar\",\"https:\/\/x.com\/nuevodigescobar\",\"https:\/\/www.instagram.com\/nuevodigitaldeescobar\"]},{\"@type\":\"Person\",\"@id\":\"https:\/\/nuevodigitaldeescobar.com.ar\/#\/schema\/person\/035e90a8efe9a80e6eec22656ad6ea4c\",\"name\":\"Redacci\u00f3n\",\"image\":{\"@type\":\"ImageObject\",\"inLanguage\":\"es\",\"@id\":\"https:\/\/nuevodigitaldeescobar.com.ar\/#\/schema\/person\/image\/\",\"url\":\"https:\/\/secure.gravatar.com\/avatar\/8af8f40000c24e9eef3034f2be5998a372bb1389e64b1a4a36b3a7979142220d?s=96&d=mm&r=g\",\"contentUrl\":\"https:\/\/secure.gravatar.com\/avatar\/8af8f40000c24e9eef3034f2be5998a372bb1389e64b1a4a36b3a7979142220d?s=96&d=mm&r=g\",\"caption\":\"Redacci\u00f3n\"},\"sameAs\":[\"http:\/\/nuevodigitaldeescobar.com.ar\"],\"url\":\"https:\/\/nuevodigitaldeescobar.com.ar\/?author=1\"}]}<\/script>\n<!-- \/ Yoast SEO plugin. -->","yoast_head_json":{"title":"Piden la detenci\u00f3n de Diego Spagnuolo y otros cinco imputados por presunta corrupci\u00f3n en la ANDIS - Nuevo Digital de Escobar","robots":{"index":"index","follow":"follow","max-snippet":"max-snippet:-1","max-image-preview":"max-image-preview:large","max-video-preview":"max-video-preview:-1"},"canonical":"https:\/\/nuevodigitaldeescobar.com.ar\/?p=18882","og_locale":"es_ES","og_type":"article","og_title":"Piden la detenci\u00f3n de Diego Spagnuolo y otros cinco imputados por presunta corrupci\u00f3n en la ANDIS - Nuevo Digital de Escobar","og_description":"La causa que investiga presuntas maniobras de corrupci\u00f3n dentro de la Agencia Nacional de Discapacidad (ANDIS) sum\u00f3 un giro decisivo. El fiscal federal Franco Picardi [&hellip;]","og_url":"https:\/\/nuevodigitaldeescobar.com.ar\/?p=18882","og_site_name":"Nuevo Digital de Escobar","article_publisher":"https:\/\/www.facebook.com\/NUEVODigitalDeEscobar","article_published_time":"2025-11-15T13:51:45+00:00","article_modified_time":"2025-11-15T13:51:57+00:00","og_image":[{"width":1120,"height":642,"url":"http:\/\/nuevodigitaldeescobar.com.ar\/wp-content\/uploads\/2025\/02\/diegospag121.png","type":"image\/png"}],"author":"Redacci\u00f3n","twitter_card":"summary_large_image","twitter_creator":"@nuevodigescobar","twitter_site":"@nuevodigescobar","twitter_misc":{"Escrito por":"Redacci\u00f3n","Tiempo de lectura":"4 minutos"},"schema":{"@context":"https:\/\/schema.org","@graph":[{"@type":"Article","@id":"https:\/\/nuevodigitaldeescobar.com.ar\/?p=18882#article","isPartOf":{"@id":"https:\/\/nuevodigitaldeescobar.com.ar\/?p=18882"},"author":{"name":"Redacci\u00f3n","@id":"https:\/\/nuevodigitaldeescobar.com.ar\/#\/schema\/person\/035e90a8efe9a80e6eec22656ad6ea4c"},"headline":"Piden la detenci\u00f3n de Diego Spagnuolo y otros cinco imputados por presunta corrupci\u00f3n en la ANDIS","datePublished":"2025-11-15T13:51:45+00:00","dateModified":"2025-11-15T13:51:57+00:00","mainEntityOfPage":{"@id":"https:\/\/nuevodigitaldeescobar.com.ar\/?p=18882"},"wordCount":749,"commentCount":0,"publisher":{"@id":"https:\/\/nuevodigitaldeescobar.com.ar\/#organization"},"image":{"@id":"https:\/\/nuevodigitaldeescobar.com.ar\/?p=18882#primaryimage"},"thumbnailUrl":"https:\/\/nuevodigitaldeescobar.com.ar\/wp-content\/uploads\/2025\/02\/diegospag121.png","articleSection":["Judiciales"],"inLanguage":"es","potentialAction":[{"@type":"CommentAction","name":"Comment","target":["https:\/\/nuevodigitaldeescobar.com.ar\/?p=18882#respond"]}]},{"@type":"WebPage","@id":"https:\/\/nuevodigitaldeescobar.com.ar\/?p=18882","url":"https:\/\/nuevodigitaldeescobar.com.ar\/?p=18882","name":"Piden la detenci\u00f3n de Diego Spagnuolo y otros cinco imputados por presunta corrupci\u00f3n en la ANDIS - Nuevo Digital de Escobar","isPartOf":{"@id":"https:\/\/nuevodigitaldeescobar.com.ar\/#website"},"primaryImageOfPage":{"@id":"https:\/\/nuevodigitaldeescobar.com.ar\/?p=18882#primaryimage"},"image":{"@id":"https:\/\/nuevodigitaldeescobar.com.ar\/?p=18882#primaryimage"},"thumbnailUrl":"https:\/\/nuevodigitaldeescobar.com.ar\/wp-content\/uploads\/2025\/02\/diegospag121.png","datePublished":"2025-11-15T13:51:45+00:00","dateModified":"2025-11-15T13:51:57+00:00","breadcrumb":{"@id":"https:\/\/nuevodigitaldeescobar.com.ar\/?p=18882#breadcrumb"},"inLanguage":"es","potentialAction":[{"@type":"ReadAction","target":["https:\/\/nuevodigitaldeescobar.com.ar\/?p=18882"]}]},{"@type":"ImageObject","inLanguage":"es","@id":"https:\/\/nuevodigitaldeescobar.com.ar\/?p=18882#primaryimage","url":"https:\/\/nuevodigitaldeescobar.com.ar\/wp-content\/uploads\/2025\/02\/diegospag121.png","contentUrl":"https:\/\/nuevodigitaldeescobar.com.ar\/wp-content\/uploads\/2025\/02\/diegospag121.png","width":1120,"height":642},{"@type":"BreadcrumbList","@id":"https:\/\/nuevodigitaldeescobar.com.ar\/?p=18882#breadcrumb","itemListElement":[{"@type":"ListItem","position":1,"name":"Portada","item":"https:\/\/nuevodigitaldeescobar.com.ar\/"},{"@type":"ListItem","position":2,"name":"Piden la detenci\u00f3n de Diego Spagnuolo y otros cinco imputados por presunta corrupci\u00f3n en la ANDIS"}]},{"@type":"WebSite","@id":"https:\/\/nuevodigitaldeescobar.com.ar\/#website","url":"https:\/\/nuevodigitaldeescobar.com.ar\/","name":"Nuevo Digital de Escobar","description":"La vida escobarense. Directora: Rosana Brunner","publisher":{"@id":"https:\/\/nuevodigitaldeescobar.com.ar\/#organization"},"potentialAction":[{"@type":"SearchAction","target":{"@type":"EntryPoint","urlTemplate":"https:\/\/nuevodigitaldeescobar.com.ar\/?s={search_term_string}"},"query-input":{"@type":"PropertyValueSpecification","valueRequired":true,"valueName":"search_term_string"}}],"inLanguage":"es"},{"@type":"Organization","@id":"https:\/\/nuevodigitaldeescobar.com.ar\/#organization","name":"Nuevo Digital de Escobar","url":"https:\/\/nuevodigitaldeescobar.com.ar\/","logo":{"@type":"ImageObject","inLanguage":"es","@id":"https:\/\/nuevodigitaldeescobar.com.ar\/#\/schema\/logo\/image\/","url":"https:\/\/nuevodigitaldeescobar.com.ar\/wp-content\/uploads\/2025\/05\/cropped-logo-nuevo2.jpg","contentUrl":"https:\/\/nuevodigitaldeescobar.com.ar\/wp-content\/uploads\/2025\/05\/cropped-logo-nuevo2.jpg","width":305,"height":305,"caption":"Nuevo Digital de Escobar"},"image":{"@id":"https:\/\/nuevodigitaldeescobar.com.ar\/#\/schema\/logo\/image\/"},"sameAs":["https:\/\/www.facebook.com\/NUEVODigitalDeEscobar","https:\/\/x.com\/nuevodigescobar","https:\/\/www.instagram.com\/nuevodigitaldeescobar"]},{"@type":"Person","@id":"https:\/\/nuevodigitaldeescobar.com.ar\/#\/schema\/person\/035e90a8efe9a80e6eec22656ad6ea4c","name":"Redacci\u00f3n","image":{"@type":"ImageObject","inLanguage":"es","@id":"https:\/\/nuevodigitaldeescobar.com.ar\/#\/schema\/person\/image\/","url":"https:\/\/secure.gravatar.com\/avatar\/8af8f40000c24e9eef3034f2be5998a372bb1389e64b1a4a36b3a7979142220d?s=96&d=mm&r=g","contentUrl":"https:\/\/secure.gravatar.com\/avatar\/8af8f40000c24e9eef3034f2be5998a372bb1389e64b1a4a36b3a7979142220d?s=96&d=mm&r=g","caption":"Redacci\u00f3n"},"sameAs":["http:\/\/nuevodigitaldeescobar.com.ar"],"url":"https:\/\/nuevodigitaldeescobar.com.ar\/?author=1"}]}},"featured_image_urls":{"full":["https:\/\/nuevodigitaldeescobar.com.ar\/wp-content\/uploads\/2025\/02\/diegospag121.png",1120,642,false],"thumbnail":["https:\/\/nuevodigitaldeescobar.com.ar\/wp-content\/uploads\/2025\/02\/diegospag121-150x150.png",150,150,true],"medium":["https:\/\/nuevodigitaldeescobar.com.ar\/wp-content\/uploads\/2025\/02\/diegospag121-300x172.png",300,172,true],"medium_large":["https:\/\/nuevodigitaldeescobar.com.ar\/wp-content\/uploads\/2025\/02\/diegospag121-768x440.png",640,367,true],"large":["https:\/\/nuevodigitaldeescobar.com.ar\/wp-content\/uploads\/2025\/02\/diegospag121-1024x587.png",640,367,true],"1536x1536":["https:\/\/nuevodigitaldeescobar.com.ar\/wp-content\/uploads\/2025\/02\/diegospag121.png",1120,642,false],"2048x2048":["https:\/\/nuevodigitaldeescobar.com.ar\/wp-content\/uploads\/2025\/02\/diegospag121.png",1120,642,false]},"author_info":{"display_name":"Redacci\u00f3n","author_link":"https:\/\/nuevodigitaldeescobar.com.ar\/?author=1"},"category_info":"<a href=\"https:\/\/nuevodigitaldeescobar.com.ar\/?cat=235\" rel=\"category\">Judiciales<\/a>","tag_info":"Judiciales","comment_count":"0","_links":{"self":[{"href":"https:\/\/nuevodigitaldeescobar.com.ar\/index.php?rest_route=\/wp\/v2\/posts\/18882","targetHints":{"allow":["GET"]}}],"collection":[{"href":"https:\/\/nuevodigitaldeescobar.com.ar\/index.php?rest_route=\/wp\/v2\/posts"}],"about":[{"href":"https:\/\/nuevodigitaldeescobar.com.ar\/index.php?rest_route=\/wp\/v2\/types\/post"}],"author":[{"embeddable":true,"href":"https:\/\/nuevodigitaldeescobar.com.ar\/index.php?rest_route=\/wp\/v2\/users\/1"}],"replies":[{"embeddable":true,"href":"https:\/\/nuevodigitaldeescobar.com.ar\/index.php?rest_route=%2Fwp%2Fv2%2Fcomments&post=18882"}],"version-history":[{"count":1,"href":"https:\/\/nuevodigitaldeescobar.com.ar\/index.php?rest_route=\/wp\/v2\/posts\/18882\/revisions"}],"predecessor-version":[{"id":18883,"href":"https:\/\/nuevodigitaldeescobar.com.ar\/index.php?rest_route=\/wp\/v2\/posts\/18882\/revisions\/18883"}],"wp:featuredmedia":[{"embeddable":true,"href":"https:\/\/nuevodigitaldeescobar.com.ar\/index.php?rest_route=\/wp\/v2\/media\/12517"}],"wp:attachment":[{"href":"https:\/\/nuevodigitaldeescobar.com.ar\/index.php?rest_route=%2Fwp%2Fv2%2Fmedia&parent=18882"}],"wp:term":[{"taxonomy":"category","embeddable":true,"href":"https:\/\/nuevodigitaldeescobar.com.ar\/index.php?rest_route=%2Fwp%2Fv2%2Fcategories&post=18882"},{"taxonomy":"post_tag","embeddable":true,"href":"https:\/\/nuevodigitaldeescobar.com.ar\/index.php?rest_route=%2Fwp%2Fv2%2Ftags&post=18882"}],"curies":[{"name":"wp","href":"https:\/\/api.w.org\/{rel}","templated":true}]}}