{"id":18884,"date":"2025-11-15T10:58:48","date_gmt":"2025-11-15T13:58:48","guid":{"rendered":"https:\/\/nuevodigitaldeescobar.com.ar\/?p=18884"},"modified":"2025-11-15T11:00:04","modified_gmt":"2025-11-15T14:00:04","slug":"explosion-e-incendio-en-ezeiza-una-noche-de-caos-incertidumbre-y-un-operativo-historico","status":"publish","type":"post","link":"https:\/\/nuevodigitaldeescobar.com.ar\/?p=18884","title":{"rendered":"Explosi\u00f3n e incendio en Ezeiza: una noche de caos, incertidumbre y un operativo hist\u00f3rico"},"content":{"rendered":"\n<p class=\"has-vivid-cyan-blue-color has-text-color has-link-color wp-elements-e3bc03a4d87f3dd3135ad4b66490b24a\"><strong><em>La tranquilidad del viernes por la noche en la zona sur del Gran Buenos Aires se quebr\u00f3 de golpe minutos despu\u00e9s de las 21, cuando una explosi\u00f3n sacudi\u00f3 a miles de vecinos de Carlos Spegazzini, en el partido de Ezeiza. La onda expansiva hizo temblar viviendas, rompi\u00f3 vidrios y gener\u00f3 un resplandor anaranjado que ilumin\u00f3 el cielo durante horas, visible incluso desde distintos barrios de la Ciudad de Buenos Aires.<\/em><\/strong><\/p>\n\n\n\n<!--more-->\n\n\n\n<p class=\"has-black-color has-text-color has-link-color wp-elements-f1d076e7c2dde5bb3c024db2ce314607\">Lo que sigui\u00f3 fue una escena de emergencia pocas veces vista: un incendio de gran magnitud en un polo industrial que oblig\u00f3 a desplegar uno de los operativos m\u00e1s grandes de los \u00faltimos a\u00f1os.<\/p>\n\n\n\n<figure class=\"wp-block-video aligncenter\"><video controls src=\"http:\/\/nuevodigitaldeescobar.com.ar\/wp-content\/uploads\/2025\/11\/Los-videos-y-las-fotos-mas-impactantes-de-las-explosiones-e-ince.mp4\"><\/video><\/figure>\n\n\n\n<h2 class=\"wp-block-heading has-text-color has-link-color wp-elements-c2ad30c92981dc3fab493efdbe595015\" style=\"color:#1841bb\">La cronolog\u00eda de una noche cr\u00edtica<\/h2>\n\n\n\n<p>El estallido inicial, cuya fuerza sorprendi\u00f3 incluso a vecinos acostumbrados al movimiento industrial de la zona, provoc\u00f3 una reacci\u00f3n inmediata: comenzaron a caer reportes al 911 por personas heridas, intoxicaciones y da\u00f1os materiales. A los pocos minutos, nuevas detonaciones alimentaron las llamas que avanzaban sobre los dep\u00f3sitos de varias empresas ubicadas a la altura del kil\u00f3metro 46,5 de la autopista Ezeiza\u2013Ca\u00f1uelas, que debi\u00f3 ser cerrada al tr\u00e1nsito.<\/p>\n\n\n\n<p>En cuesti\u00f3n de minutos, m\u00e1s de 70 dotaciones de bomberos \u2013alrededor de 380 efectivos\u2013 llegaban desde distintos puntos del \u00c1rea Metropolitana. Las tareas se extendieron durante toda la madrugada con personal de Ezeiza, Esteban Echeverr\u00eda, La Matanza, Ca\u00f1uelas, San Vicente, Marcos Paz, Mor\u00f3n, Tres de Febrero, San Fernando, Brandsen y la Polic\u00eda Federal, entre otros.<br>La prioridad fue contener el avance del fuego para evitar que alcanzara galpones con materiales inflamables.<\/p>\n\n\n\n<p>Dos helic\u00f3pteros tambi\u00e9n fueron activados: uno para sobrevuelo y monitoreo bajo la nube densa que se form\u00f3 tras las explosiones y otro a disposici\u00f3n para eventuales evacuaciones m\u00e9dicas.<\/p>\n\n\n\n<h2 class=\"wp-block-heading has-text-color has-link-color wp-elements-a38f2c17e0428629b20903e2f719ce17\" style=\"color:#1841bb\">Heridos, atenci\u00f3n sanitaria y una frase que dice mucho: \u201cEsper\u00e1bamos un efecto Croma\u00f1\u00f3n\u201d<\/h2>\n\n\n\n<p>Durante la madrugada se asisti\u00f3 a 24 personas, todas fuera de peligro al cierre del primer informe oficial del s\u00e1bado a las 8.<br>En el Hospital Eurnekian ingresaron ocho pacientes: seis fueron dados de alta y dos continuaron en atenci\u00f3n por sus respectivas obras sociales, pero sin complicaciones graves.<\/p>\n\n\n\n<p>Cl\u00ednicas privadas de la zona reportaron otras 15 personas con heridas leves \u2014cortes, golpes y traumatismos\u2014 producto de la onda expansiva.<br>Adem\u00e1s, un directivo de una de las empresas afectadas fue internado por un infarto, pero se encuentra estable.<\/p>\n\n\n\n<p>El director de la cl\u00ednica Monte Grande, Carlos Santoro, dej\u00f3 una frase que resume el temor inicial:<br><strong><em>\u201cEsper\u00e1bamos un \u2018efecto Croma\u00f1\u00f3n\u2019, pero afortunadamente no pas\u00f3. Lo importante es que se trabaj\u00f3 de manera coordinada entre lo p\u00fablico y lo privado\u201d<\/em>.<\/strong><\/p>\n\n\n\n<p>Mientras tanto, el Centro Provincial de Toxicolog\u00eda recibi\u00f3 45 consultas relacionadas con el impacto del humo.<\/p>\n\n\n\n<h2 class=\"wp-block-heading has-text-color has-link-color wp-elements-7408e7ecf9f62ba315119ae45ae94b71\" style=\"color:#1841bb\">Qu\u00e9 empresas fueron afectadas y cu\u00e1l es el estado del incendio<\/h2>\n\n\n\n<p>Desde el Municipio de Ezeiza confirmaron que las instalaciones da\u00f1adas pertenecen a:<\/p>\n\n\n\n<ul class=\"wp-block-list\">\n<li>Iron Mountain<\/li>\n\n\n\n<li>Larroca Minera<\/li>\n\n\n\n<li>Almac\u00e9n de Fr\u00edo<\/li>\n\n\n\n<li>Aditivos Alimentarios<\/li>\n\n\n\n<li>Una distribuidora Sal\u00f3n<\/li>\n<\/ul>\n\n\n\n<p>A primera hora del s\u00e1bado, los bomberos concentraban sus esfuerzos en impedir que el fuego alcanzara la firma Flamia, dedicada al almacenamiento de productos inflamables.<br>Las autoridades estimaban que la extinci\u00f3n completa podr\u00eda demandar entre 30 y 40 horas m\u00e1s.<\/p>\n\n\n\n<h2 class=\"wp-block-heading has-text-color has-link-color wp-elements-7afcb8ace0e8cba047eefff01b3ed9a7\" style=\"color:#1841bb\">\u00bfNube t\u00f3xica? Qu\u00e9 dijeron los especialistas<\/h2>\n\n\n\n<p>Ante la preocupaci\u00f3n de los vecinos, el ministro de Salud bonaerense, Nicol\u00e1s Kreplak, aclar\u00f3 que si bien la nube era \u201cllamativa\u201d por el tama\u00f1o de las part\u00edculas en suspensi\u00f3n, <strong>no se trataba de una nube t\u00f3xica<\/strong>.<br>Dijo adem\u00e1s que el viento matinal ayudar\u00eda a disipar los residuos del incendio.<\/p>\n\n\n\n<h2 class=\"wp-block-heading has-text-color has-link-color wp-elements-5069748d7d4cd8a0da042ae2e3096b87\" style=\"color:#1841bb\">Testimonios de una noche que nadie olvidar\u00e1<\/h2>\n\n\n\n<p>Uno de los relatos que tom\u00f3 relevancia fue el del cantante Paz Mart\u00ednez, vecino de la zona:<br><em>\u201cEst\u00e1bamos mirando televisi\u00f3n cuando sentimos la explosi\u00f3n. Los vidrios vibraron como si fueran a quebrarse. Nunca vivimos algo as\u00ed\u201d<\/em>, cont\u00f3.<br>Luego agreg\u00f3 que se recomend\u00f3 a los hogares permanecer adentro y cerrar todo hasta que se evaluara el comportamiento del humo.<\/p>\n\n\n\n<h2 class=\"wp-block-heading has-text-color has-link-color wp-elements-bae428462c6a23becb3c4cb1b17dcf3d\" style=\"color:#1841bb\">Sin vuelos afectados y sin hip\u00f3tesis firmes<\/h2>\n\n\n\n<p>El aeropuerto internacional de Ezeiza inform\u00f3 que sus operaciones no se vieron afectadas.<br>Tambi\u00e9n se descart\u00f3 la posibilidad de un accidente a\u00e9reo, una de las primeras versiones que circularon en redes.<\/p>\n\n\n\n<p>El intendente de Ezeiza, Gast\u00f3n Granados, confirm\u00f3 que <strong>no hay hip\u00f3tesis definidas<\/strong> sobre el origen del incendio y que la investigaci\u00f3n quedar\u00e1 en manos de los peritos especializados.<\/p>\n","protected":false},"excerpt":{"rendered":"<p>La tranquilidad del viernes por la noche en la zona sur del Gran Buenos Aires se quebr\u00f3 de golpe minutos despu\u00e9s de las 21, cuando [&hellip;]<\/p>\n","protected":false},"author":1,"featured_media":18885,"comment_status":"open","ping_status":"open","sticky":false,"template":"","format":"standard","meta":{"footnotes":""},"categories":[15],"tags":[],"class_list":["post-18884","post","type-post","status-publish","format-standard","has-post-thumbnail","hentry","category-sociedad"],"better_featured_image":{"id":18885,"alt_text":"","caption":"","description":"","media_type":"image","media_details":{"width":828,"height":543,"file":"2025\/11\/incendioezei21.png","filesize":687922,"sizes":{"medium":{"file":"incendioezei21-300x197.png","width":300,"height":197,"mime-type":"image\/png","filesize":34278,"source_url":"https:\/\/nuevodigitaldeescobar.com.ar\/wp-content\/uploads\/2025\/11\/incendioezei21-300x197.png"},"thumbnail":{"file":"incendioezei21-150x150.png","width":150,"height":150,"mime-type":"image\/png","filesize":15825,"source_url":"https:\/\/nuevodigitaldeescobar.com.ar\/wp-content\/uploads\/2025\/11\/incendioezei21-150x150.png"},"medium_large":{"file":"incendioezei21-768x504.png","width":768,"height":504,"mime-type":"image\/png","filesize":174990,"source_url":"https:\/\/nuevodigitaldeescobar.com.ar\/wp-content\/uploads\/2025\/11\/incendioezei21-768x504.png"}},"image_meta":{"aperture":"0","credit":"","camera":"","caption":"","created_timestamp":"0","copyright":"","focal_length":"0","iso":"0","shutter_speed":"0","title":"","orientation":"0","keywords":[]}},"post":18884,"source_url":"https:\/\/nuevodigitaldeescobar.com.ar\/wp-content\/uploads\/2025\/11\/incendioezei21.png"},"yoast_head":"<!-- This site is optimized with the Yoast SEO plugin v26.1.1 - https:\/\/yoast.com\/wordpress\/plugins\/seo\/ -->\n<title>Explosi\u00f3n e incendio en Ezeiza: una noche de caos, incertidumbre y un operativo hist\u00f3rico - Nuevo Digital de Escobar<\/title>\n<meta name=\"robots\" content=\"index, follow, max-snippet:-1, max-image-preview:large, max-video-preview:-1\" \/>\n<link rel=\"canonical\" href=\"https:\/\/nuevodigitaldeescobar.com.ar\/?p=18884\" \/>\n<meta property=\"og:locale\" content=\"es_ES\" \/>\n<meta property=\"og:type\" content=\"article\" \/>\n<meta property=\"og:title\" content=\"Explosi\u00f3n e incendio en Ezeiza: una noche de caos, incertidumbre y un operativo hist\u00f3rico - Nuevo Digital de Escobar\" \/>\n<meta property=\"og:description\" content=\"La tranquilidad del viernes por la noche en la zona sur del Gran Buenos Aires se quebr\u00f3 de golpe minutos despu\u00e9s de las 21, cuando [&hellip;]\" \/>\n<meta property=\"og:url\" content=\"https:\/\/nuevodigitaldeescobar.com.ar\/?p=18884\" \/>\n<meta property=\"og:site_name\" content=\"Nuevo Digital de Escobar\" \/>\n<meta property=\"article:publisher\" content=\"https:\/\/www.facebook.com\/NUEVODigitalDeEscobar\" \/>\n<meta property=\"article:published_time\" content=\"2025-11-15T13:58:48+00:00\" \/>\n<meta property=\"article:modified_time\" content=\"2025-11-15T14:00:04+00:00\" \/>\n<meta property=\"og:image\" content=\"http:\/\/nuevodigitaldeescobar.com.ar\/wp-content\/uploads\/2025\/11\/incendioezei21.png\" \/>\n\t<meta property=\"og:image:width\" content=\"828\" \/>\n\t<meta property=\"og:image:height\" content=\"543\" \/>\n\t<meta property=\"og:image:type\" content=\"image\/png\" \/>\n<meta name=\"author\" content=\"Redacci\u00f3n\" \/>\n<meta name=\"twitter:card\" content=\"summary_large_image\" \/>\n<meta name=\"twitter:creator\" content=\"@nuevodigescobar\" \/>\n<meta name=\"twitter:site\" content=\"@nuevodigescobar\" \/>\n<meta name=\"twitter:label1\" content=\"Escrito por\" \/>\n\t<meta name=\"twitter:data1\" content=\"Redacci\u00f3n\" \/>\n\t<meta name=\"twitter:label2\" content=\"Tiempo de lectura\" \/>\n\t<meta name=\"twitter:data2\" content=\"4 minutos\" \/>\n<script type=\"application\/ld+json\" class=\"yoast-schema-graph\">{\"@context\":\"https:\/\/schema.org\",\"@graph\":[{\"@type\":\"Article\",\"@id\":\"https:\/\/nuevodigitaldeescobar.com.ar\/?p=18884#article\",\"isPartOf\":{\"@id\":\"https:\/\/nuevodigitaldeescobar.com.ar\/?p=18884\"},\"author\":{\"name\":\"Redacci\u00f3n\",\"@id\":\"https:\/\/nuevodigitaldeescobar.com.ar\/#\/schema\/person\/035e90a8efe9a80e6eec22656ad6ea4c\"},\"headline\":\"Explosi\u00f3n e incendio en Ezeiza: una noche de caos, incertidumbre y un operativo hist\u00f3rico\",\"datePublished\":\"2025-11-15T13:58:48+00:00\",\"dateModified\":\"2025-11-15T14:00:04+00:00\",\"mainEntityOfPage\":{\"@id\":\"https:\/\/nuevodigitaldeescobar.com.ar\/?p=18884\"},\"wordCount\":762,\"commentCount\":0,\"publisher\":{\"@id\":\"https:\/\/nuevodigitaldeescobar.com.ar\/#organization\"},\"image\":{\"@id\":\"https:\/\/nuevodigitaldeescobar.com.ar\/?p=18884#primaryimage\"},\"thumbnailUrl\":\"https:\/\/nuevodigitaldeescobar.com.ar\/wp-content\/uploads\/2025\/11\/incendioezei21.png\",\"articleSection\":[\"Sociedad\"],\"inLanguage\":\"es\",\"potentialAction\":[{\"@type\":\"CommentAction\",\"name\":\"Comment\",\"target\":[\"https:\/\/nuevodigitaldeescobar.com.ar\/?p=18884#respond\"]}]},{\"@type\":\"WebPage\",\"@id\":\"https:\/\/nuevodigitaldeescobar.com.ar\/?p=18884\",\"url\":\"https:\/\/nuevodigitaldeescobar.com.ar\/?p=18884\",\"name\":\"Explosi\u00f3n e incendio en Ezeiza: una noche de caos, incertidumbre y un operativo hist\u00f3rico - Nuevo Digital de Escobar\",\"isPartOf\":{\"@id\":\"https:\/\/nuevodigitaldeescobar.com.ar\/#website\"},\"primaryImageOfPage\":{\"@id\":\"https:\/\/nuevodigitaldeescobar.com.ar\/?p=18884#primaryimage\"},\"image\":{\"@id\":\"https:\/\/nuevodigitaldeescobar.com.ar\/?p=18884#primaryimage\"},\"thumbnailUrl\":\"https:\/\/nuevodigitaldeescobar.com.ar\/wp-content\/uploads\/2025\/11\/incendioezei21.png\",\"datePublished\":\"2025-11-15T13:58:48+00:00\",\"dateModified\":\"2025-11-15T14:00:04+00:00\",\"breadcrumb\":{\"@id\":\"https:\/\/nuevodigitaldeescobar.com.ar\/?p=18884#breadcrumb\"},\"inLanguage\":\"es\",\"potentialAction\":[{\"@type\":\"ReadAction\",\"target\":[\"https:\/\/nuevodigitaldeescobar.com.ar\/?p=18884\"]}]},{\"@type\":\"ImageObject\",\"inLanguage\":\"es\",\"@id\":\"https:\/\/nuevodigitaldeescobar.com.ar\/?p=18884#primaryimage\",\"url\":\"https:\/\/nuevodigitaldeescobar.com.ar\/wp-content\/uploads\/2025\/11\/incendioezei21.png\",\"contentUrl\":\"https:\/\/nuevodigitaldeescobar.com.ar\/wp-content\/uploads\/2025\/11\/incendioezei21.png\",\"width\":828,\"height\":543},{\"@type\":\"BreadcrumbList\",\"@id\":\"https:\/\/nuevodigitaldeescobar.com.ar\/?p=18884#breadcrumb\",\"itemListElement\":[{\"@type\":\"ListItem\",\"position\":1,\"name\":\"Portada\",\"item\":\"https:\/\/nuevodigitaldeescobar.com.ar\/\"},{\"@type\":\"ListItem\",\"position\":2,\"name\":\"Explosi\u00f3n e incendio en Ezeiza: una noche de caos, incertidumbre y un operativo hist\u00f3rico\"}]},{\"@type\":\"WebSite\",\"@id\":\"https:\/\/nuevodigitaldeescobar.com.ar\/#website\",\"url\":\"https:\/\/nuevodigitaldeescobar.com.ar\/\",\"name\":\"Nuevo Digital de Escobar\",\"description\":\"La vida escobarense. Directora: Rosana Brunner\",\"publisher\":{\"@id\":\"https:\/\/nuevodigitaldeescobar.com.ar\/#organization\"},\"potentialAction\":[{\"@type\":\"SearchAction\",\"target\":{\"@type\":\"EntryPoint\",\"urlTemplate\":\"https:\/\/nuevodigitaldeescobar.com.ar\/?s={search_term_string}\"},\"query-input\":{\"@type\":\"PropertyValueSpecification\",\"valueRequired\":true,\"valueName\":\"search_term_string\"}}],\"inLanguage\":\"es\"},{\"@type\":\"Organization\",\"@id\":\"https:\/\/nuevodigitaldeescobar.com.ar\/#organization\",\"name\":\"Nuevo Digital de Escobar\",\"url\":\"https:\/\/nuevodigitaldeescobar.com.ar\/\",\"logo\":{\"@type\":\"ImageObject\",\"inLanguage\":\"es\",\"@id\":\"https:\/\/nuevodigitaldeescobar.com.ar\/#\/schema\/logo\/image\/\",\"url\":\"https:\/\/nuevodigitaldeescobar.com.ar\/wp-content\/uploads\/2025\/05\/cropped-logo-nuevo2.jpg\",\"contentUrl\":\"https:\/\/nuevodigitaldeescobar.com.ar\/wp-content\/uploads\/2025\/05\/cropped-logo-nuevo2.jpg\",\"width\":305,\"height\":305,\"caption\":\"Nuevo Digital de Escobar\"},\"image\":{\"@id\":\"https:\/\/nuevodigitaldeescobar.com.ar\/#\/schema\/logo\/image\/\"},\"sameAs\":[\"https:\/\/www.facebook.com\/NUEVODigitalDeEscobar\",\"https:\/\/x.com\/nuevodigescobar\",\"https:\/\/www.instagram.com\/nuevodigitaldeescobar\"]},{\"@type\":\"Person\",\"@id\":\"https:\/\/nuevodigitaldeescobar.com.ar\/#\/schema\/person\/035e90a8efe9a80e6eec22656ad6ea4c\",\"name\":\"Redacci\u00f3n\",\"image\":{\"@type\":\"ImageObject\",\"inLanguage\":\"es\",\"@id\":\"https:\/\/nuevodigitaldeescobar.com.ar\/#\/schema\/person\/image\/\",\"url\":\"https:\/\/secure.gravatar.com\/avatar\/8af8f40000c24e9eef3034f2be5998a372bb1389e64b1a4a36b3a7979142220d?s=96&d=mm&r=g\",\"contentUrl\":\"https:\/\/secure.gravatar.com\/avatar\/8af8f40000c24e9eef3034f2be5998a372bb1389e64b1a4a36b3a7979142220d?s=96&d=mm&r=g\",\"caption\":\"Redacci\u00f3n\"},\"sameAs\":[\"http:\/\/nuevodigitaldeescobar.com.ar\"],\"url\":\"https:\/\/nuevodigitaldeescobar.com.ar\/?author=1\"}]}<\/script>\n<!-- \/ Yoast SEO plugin. -->","yoast_head_json":{"title":"Explosi\u00f3n e incendio en Ezeiza: una noche de caos, incertidumbre y un operativo hist\u00f3rico - Nuevo Digital de Escobar","robots":{"index":"index","follow":"follow","max-snippet":"max-snippet:-1","max-image-preview":"max-image-preview:large","max-video-preview":"max-video-preview:-1"},"canonical":"https:\/\/nuevodigitaldeescobar.com.ar\/?p=18884","og_locale":"es_ES","og_type":"article","og_title":"Explosi\u00f3n e incendio en Ezeiza: una noche de caos, incertidumbre y un operativo hist\u00f3rico - Nuevo Digital de Escobar","og_description":"La tranquilidad del viernes por la noche en la zona sur del Gran Buenos Aires se quebr\u00f3 de golpe minutos despu\u00e9s de las 21, cuando [&hellip;]","og_url":"https:\/\/nuevodigitaldeescobar.com.ar\/?p=18884","og_site_name":"Nuevo Digital de Escobar","article_publisher":"https:\/\/www.facebook.com\/NUEVODigitalDeEscobar","article_published_time":"2025-11-15T13:58:48+00:00","article_modified_time":"2025-11-15T14:00:04+00:00","og_image":[{"width":828,"height":543,"url":"http:\/\/nuevodigitaldeescobar.com.ar\/wp-content\/uploads\/2025\/11\/incendioezei21.png","type":"image\/png"}],"author":"Redacci\u00f3n","twitter_card":"summary_large_image","twitter_creator":"@nuevodigescobar","twitter_site":"@nuevodigescobar","twitter_misc":{"Escrito por":"Redacci\u00f3n","Tiempo de lectura":"4 minutos"},"schema":{"@context":"https:\/\/schema.org","@graph":[{"@type":"Article","@id":"https:\/\/nuevodigitaldeescobar.com.ar\/?p=18884#article","isPartOf":{"@id":"https:\/\/nuevodigitaldeescobar.com.ar\/?p=18884"},"author":{"name":"Redacci\u00f3n","@id":"https:\/\/nuevodigitaldeescobar.com.ar\/#\/schema\/person\/035e90a8efe9a80e6eec22656ad6ea4c"},"headline":"Explosi\u00f3n e incendio en Ezeiza: una noche de caos, incertidumbre y un operativo hist\u00f3rico","datePublished":"2025-11-15T13:58:48+00:00","dateModified":"2025-11-15T14:00:04+00:00","mainEntityOfPage":{"@id":"https:\/\/nuevodigitaldeescobar.com.ar\/?p=18884"},"wordCount":762,"commentCount":0,"publisher":{"@id":"https:\/\/nuevodigitaldeescobar.com.ar\/#organization"},"image":{"@id":"https:\/\/nuevodigitaldeescobar.com.ar\/?p=18884#primaryimage"},"thumbnailUrl":"https:\/\/nuevodigitaldeescobar.com.ar\/wp-content\/uploads\/2025\/11\/incendioezei21.png","articleSection":["Sociedad"],"inLanguage":"es","potentialAction":[{"@type":"CommentAction","name":"Comment","target":["https:\/\/nuevodigitaldeescobar.com.ar\/?p=18884#respond"]}]},{"@type":"WebPage","@id":"https:\/\/nuevodigitaldeescobar.com.ar\/?p=18884","url":"https:\/\/nuevodigitaldeescobar.com.ar\/?p=18884","name":"Explosi\u00f3n e incendio en Ezeiza: una noche de caos, incertidumbre y un operativo hist\u00f3rico - Nuevo Digital de Escobar","isPartOf":{"@id":"https:\/\/nuevodigitaldeescobar.com.ar\/#website"},"primaryImageOfPage":{"@id":"https:\/\/nuevodigitaldeescobar.com.ar\/?p=18884#primaryimage"},"image":{"@id":"https:\/\/nuevodigitaldeescobar.com.ar\/?p=18884#primaryimage"},"thumbnailUrl":"https:\/\/nuevodigitaldeescobar.com.ar\/wp-content\/uploads\/2025\/11\/incendioezei21.png","datePublished":"2025-11-15T13:58:48+00:00","dateModified":"2025-11-15T14:00:04+00:00","breadcrumb":{"@id":"https:\/\/nuevodigitaldeescobar.com.ar\/?p=18884#breadcrumb"},"inLanguage":"es","potentialAction":[{"@type":"ReadAction","target":["https:\/\/nuevodigitaldeescobar.com.ar\/?p=18884"]}]},{"@type":"ImageObject","inLanguage":"es","@id":"https:\/\/nuevodigitaldeescobar.com.ar\/?p=18884#primaryimage","url":"https:\/\/nuevodigitaldeescobar.com.ar\/wp-content\/uploads\/2025\/11\/incendioezei21.png","contentUrl":"https:\/\/nuevodigitaldeescobar.com.ar\/wp-content\/uploads\/2025\/11\/incendioezei21.png","width":828,"height":543},{"@type":"BreadcrumbList","@id":"https:\/\/nuevodigitaldeescobar.com.ar\/?p=18884#breadcrumb","itemListElement":[{"@type":"ListItem","position":1,"name":"Portada","item":"https:\/\/nuevodigitaldeescobar.com.ar\/"},{"@type":"ListItem","position":2,"name":"Explosi\u00f3n e incendio en Ezeiza: una noche de caos, incertidumbre y un operativo hist\u00f3rico"}]},{"@type":"WebSite","@id":"https:\/\/nuevodigitaldeescobar.com.ar\/#website","url":"https:\/\/nuevodigitaldeescobar.com.ar\/","name":"Nuevo Digital de Escobar","description":"La vida escobarense. Directora: Rosana Brunner","publisher":{"@id":"https:\/\/nuevodigitaldeescobar.com.ar\/#organization"},"potentialAction":[{"@type":"SearchAction","target":{"@type":"EntryPoint","urlTemplate":"https:\/\/nuevodigitaldeescobar.com.ar\/?s={search_term_string}"},"query-input":{"@type":"PropertyValueSpecification","valueRequired":true,"valueName":"search_term_string"}}],"inLanguage":"es"},{"@type":"Organization","@id":"https:\/\/nuevodigitaldeescobar.com.ar\/#organization","name":"Nuevo Digital de Escobar","url":"https:\/\/nuevodigitaldeescobar.com.ar\/","logo":{"@type":"ImageObject","inLanguage":"es","@id":"https:\/\/nuevodigitaldeescobar.com.ar\/#\/schema\/logo\/image\/","url":"https:\/\/nuevodigitaldeescobar.com.ar\/wp-content\/uploads\/2025\/05\/cropped-logo-nuevo2.jpg","contentUrl":"https:\/\/nuevodigitaldeescobar.com.ar\/wp-content\/uploads\/2025\/05\/cropped-logo-nuevo2.jpg","width":305,"height":305,"caption":"Nuevo Digital de Escobar"},"image":{"@id":"https:\/\/nuevodigitaldeescobar.com.ar\/#\/schema\/logo\/image\/"},"sameAs":["https:\/\/www.facebook.com\/NUEVODigitalDeEscobar","https:\/\/x.com\/nuevodigescobar","https:\/\/www.instagram.com\/nuevodigitaldeescobar"]},{"@type":"Person","@id":"https:\/\/nuevodigitaldeescobar.com.ar\/#\/schema\/person\/035e90a8efe9a80e6eec22656ad6ea4c","name":"Redacci\u00f3n","image":{"@type":"ImageObject","inLanguage":"es","@id":"https:\/\/nuevodigitaldeescobar.com.ar\/#\/schema\/person\/image\/","url":"https:\/\/secure.gravatar.com\/avatar\/8af8f40000c24e9eef3034f2be5998a372bb1389e64b1a4a36b3a7979142220d?s=96&d=mm&r=g","contentUrl":"https:\/\/secure.gravatar.com\/avatar\/8af8f40000c24e9eef3034f2be5998a372bb1389e64b1a4a36b3a7979142220d?s=96&d=mm&r=g","caption":"Redacci\u00f3n"},"sameAs":["http:\/\/nuevodigitaldeescobar.com.ar"],"url":"https:\/\/nuevodigitaldeescobar.com.ar\/?author=1"}]}},"featured_image_urls":{"full":["https:\/\/nuevodigitaldeescobar.com.ar\/wp-content\/uploads\/2025\/11\/incendioezei21.png",828,543,false],"thumbnail":["https:\/\/nuevodigitaldeescobar.com.ar\/wp-content\/uploads\/2025\/11\/incendioezei21-150x150.png",150,150,true],"medium":["https:\/\/nuevodigitaldeescobar.com.ar\/wp-content\/uploads\/2025\/11\/incendioezei21-300x197.png",300,197,true],"medium_large":["https:\/\/nuevodigitaldeescobar.com.ar\/wp-content\/uploads\/2025\/11\/incendioezei21-768x504.png",640,420,true],"large":["https:\/\/nuevodigitaldeescobar.com.ar\/wp-content\/uploads\/2025\/11\/incendioezei21.png",640,420,false],"1536x1536":["https:\/\/nuevodigitaldeescobar.com.ar\/wp-content\/uploads\/2025\/11\/incendioezei21.png",828,543,false],"2048x2048":["https:\/\/nuevodigitaldeescobar.com.ar\/wp-content\/uploads\/2025\/11\/incendioezei21.png",828,543,false]},"author_info":{"display_name":"Redacci\u00f3n","author_link":"https:\/\/nuevodigitaldeescobar.com.ar\/?author=1"},"category_info":"<a href=\"https:\/\/nuevodigitaldeescobar.com.ar\/?cat=15\" rel=\"category\">Sociedad<\/a>","tag_info":"Sociedad","comment_count":"0","_links":{"self":[{"href":"https:\/\/nuevodigitaldeescobar.com.ar\/index.php?rest_route=\/wp\/v2\/posts\/18884","targetHints":{"allow":["GET"]}}],"collection":[{"href":"https:\/\/nuevodigitaldeescobar.com.ar\/index.php?rest_route=\/wp\/v2\/posts"}],"about":[{"href":"https:\/\/nuevodigitaldeescobar.com.ar\/index.php?rest_route=\/wp\/v2\/types\/post"}],"author":[{"embeddable":true,"href":"https:\/\/nuevodigitaldeescobar.com.ar\/index.php?rest_route=\/wp\/v2\/users\/1"}],"replies":[{"embeddable":true,"href":"https:\/\/nuevodigitaldeescobar.com.ar\/index.php?rest_route=%2Fwp%2Fv2%2Fcomments&post=18884"}],"version-history":[{"count":1,"href":"https:\/\/nuevodigitaldeescobar.com.ar\/index.php?rest_route=\/wp\/v2\/posts\/18884\/revisions"}],"predecessor-version":[{"id":18887,"href":"https:\/\/nuevodigitaldeescobar.com.ar\/index.php?rest_route=\/wp\/v2\/posts\/18884\/revisions\/18887"}],"wp:featuredmedia":[{"embeddable":true,"href":"https:\/\/nuevodigitaldeescobar.com.ar\/index.php?rest_route=\/wp\/v2\/media\/18885"}],"wp:attachment":[{"href":"https:\/\/nuevodigitaldeescobar.com.ar\/index.php?rest_route=%2Fwp%2Fv2%2Fmedia&parent=18884"}],"wp:term":[{"taxonomy":"category","embeddable":true,"href":"https:\/\/nuevodigitaldeescobar.com.ar\/index.php?rest_route=%2Fwp%2Fv2%2Fcategories&post=18884"},{"taxonomy":"post_tag","embeddable":true,"href":"https:\/\/nuevodigitaldeescobar.com.ar\/index.php?rest_route=%2Fwp%2Fv2%2Ftags&post=18884"}],"curies":[{"name":"wp","href":"https:\/\/api.w.org\/{rel}","templated":true}]}}