{"id":18896,"date":"2025-11-16T03:30:00","date_gmt":"2025-11-16T06:30:00","guid":{"rendered":"https:\/\/nuevodigitaldeescobar.com.ar\/?p=18896"},"modified":"2025-11-15T19:36:45","modified_gmt":"2025-11-15T22:36:45","slug":"desde-este-lunes-sube-casi-un-10-el-boleto-de-colectivo-en-el-amba-como-quedan-las-tarifas-y-que-paso-en-los-ultimos-anos","status":"publish","type":"post","link":"https:\/\/nuevodigitaldeescobar.com.ar\/?p=18896","title":{"rendered":"Desde este lunes sube casi un 10% el boleto de colectivo en el AMBA: c\u00f3mo quedan las tarifas y qu\u00e9 pas\u00f3 en los \u00faltimos a\u00f1os"},"content":{"rendered":"\n<p class=\"has-vivid-cyan-blue-color has-text-color has-link-color wp-elements-bde6271d134b3de83fde38b344a7ef76\"><strong><em>A partir de este lunes, viajar en colectivo dentro del \u00c1rea Metropolitana de Buenos Aires ser\u00e1 casi un 10% m\u00e1s caro. El Ministerio de Econom\u00eda oficializar\u00e1 la medida en el Bolet\u00edn Oficial, lo que llevar\u00e1 el boleto m\u00ednimo a $495, con un incremento del 9,7% respecto del valor actual.<\/em><\/strong><\/p>\n\n\n\n<!--more-->\n\n\n\n<p>La actualizaci\u00f3n alcanza a todas las l\u00edneas que atraviesan la General Paz o el Riachuelo, es decir, las que se mueven entre Ciudad y Provincia. Seg\u00fan explicaron fuentes oficiales, la decisi\u00f3n forma parte del proceso de reducci\u00f3n de subsidios que el Gobierno viene aplicando desde principios de a\u00f1o con el objetivo de acercar las tarifas a los costos reales del sistema.<\/p>\n\n\n\n<hr class=\"wp-block-separator has-alpha-channel-opacity\"\/>\n\n\n\n<h3 class=\"wp-block-heading has-text-color has-link-color wp-elements-ba313dedc6bc6799d6011cc9b1f5ea5f\" style=\"color:#1a30ae\">C\u00f3mo quedar\u00edan las tarifas por secci\u00f3n<\/h3>\n\n\n\n<p><em>(Los valores finales depender\u00e1n de la resoluci\u00f3n que se publique oficialmente)<\/em><\/p>\n\n\n\n<ul class=\"wp-block-list\">\n<li><strong>0 a 3 km<\/strong> \u2192 de $451,01 a <strong>$495<\/strong><\/li>\n\n\n\n<li><strong>3 a 6 km<\/strong> \u2192 de $502,43 a <strong>$551<\/strong><\/li>\n\n\n\n<li><strong>6 a 12 km<\/strong> \u2192 de $541,13 a <strong>$594<\/strong><\/li>\n\n\n\n<li><strong>12 a 27 km<\/strong> \u2192 de $579,87 a <strong>$636<\/strong><\/li>\n\n\n\n<li><strong>M\u00e1s de 27 km<\/strong> \u2192 de $618,35 a <strong>$678<\/strong><\/li>\n<\/ul>\n\n\n<div class=\"wp-block-image\">\n<figure class=\"aligncenter size-large\"><img fetchpriority=\"high\" decoding=\"async\" width=\"1024\" height=\"634\" src=\"https:\/\/nuevodigitaldeescobar.com.ar\/wp-content\/uploads\/2025\/11\/image-1024x634.png\" alt=\"\" class=\"wp-image-18897\" srcset=\"https:\/\/nuevodigitaldeescobar.com.ar\/wp-content\/uploads\/2025\/11\/image-1024x634.png 1024w, https:\/\/nuevodigitaldeescobar.com.ar\/wp-content\/uploads\/2025\/11\/image-300x186.png 300w, https:\/\/nuevodigitaldeescobar.com.ar\/wp-content\/uploads\/2025\/11\/image-768x476.png 768w, https:\/\/nuevodigitaldeescobar.com.ar\/wp-content\/uploads\/2025\/11\/image-1536x952.png 1536w, https:\/\/nuevodigitaldeescobar.com.ar\/wp-content\/uploads\/2025\/11\/image.png 1580w\" sizes=\"(max-width: 1024px) 100vw, 1024px\" \/><figcaption class=\"wp-element-caption\">Nuevas tarifas por secci\u00f3n (AMBA)<\/figcaption><\/figure><\/div>\n\n\n<hr class=\"wp-block-separator has-alpha-channel-opacity\"\/>\n\n\n\n<h2 class=\"wp-block-heading has-text-color has-link-color wp-elements-a6bb0fe638eb60c1cd3aa6a847659bb4\" style=\"color:#1a30ae\">Un sistema dividido en tres jurisdicciones<\/h2>\n\n\n\n<p>Desde el traspaso de 2024, las tarifas de las l\u00edneas que operan exclusivamente en la Provincia o en la Ciudad dejaron de depender de Naci\u00f3n. En esos casos, Axel Kicillof y Jorge Macri aplican aumentos mensuales atados al IPC m\u00e1s un 2% adicional. Por eso, mientras el AMBA federal salta casi un 10% este lunes, las l\u00edneas locales tendr\u00e1n en diciembre un incremento m\u00e1s moderado: <strong>4,3%<\/strong>.<\/p>\n\n\n\n<hr class=\"wp-block-separator has-alpha-channel-opacity\"\/>\n\n\n\n<h3 class=\"wp-block-heading has-text-color has-link-color wp-elements-38952e84cbb4d0d3cf12d2d2ef090b65\" style=\"color:#1a30ae\">Aumentos recientes: qu\u00e9 pas\u00f3 entre 2022 y 2025<\/h3>\n\n\n\n<p>Los \u00faltimos tres a\u00f1os transformaron completamente el cuadro tarifario del transporte urbano en el pa\u00eds:<\/p>\n\n\n\n<ul class=\"wp-block-list\">\n<li><strong>Entre 2022 y 2025<\/strong>, el boleto urbano se multiplic\u00f3 <strong>m\u00e1s de 30 veces<\/strong>, con subas acumuladas que rondan el <strong>2.900%<\/strong>.<\/li>\n\n\n\n<li>La inflaci\u00f3n de ese mismo per\u00edodo fue de <strong>870%<\/strong>, lo que muestra una fuerte recomposici\u00f3n tras a\u00f1os de tarifas congeladas.<\/li>\n\n\n\n<li>Aun as\u00ed, seg\u00fan la AAETA, el boleto en el AMBA hoy sigue lejos del valor real necesario para cubrir los costos:\n<ul class=\"wp-block-list\">\n<li><strong>Costo real sin subsidio:<\/strong> $1.713<\/li>\n\n\n\n<li><strong>Tarifa t\u00e9cnica:<\/strong> $1.092<\/li>\n\n\n\n<li><strong>Boleto m\u00ednimo actual:<\/strong> $451<\/li>\n<\/ul>\n<\/li>\n<\/ul>\n\n\n\n<p>El atraso hist\u00f3rico deriv\u00f3 en un deterioro de la flota: hoy el <strong>27% de los colectivos tiene m\u00e1s de 10 a\u00f1os<\/strong>, casi el doble que en 2021.<\/p>\n\n\n<div class=\"wp-block-image\">\n<figure class=\"aligncenter size-large\"><img decoding=\"async\" width=\"1024\" height=\"638\" src=\"https:\/\/nuevodigitaldeescobar.com.ar\/wp-content\/uploads\/2025\/11\/image-2-1024x638.png\" alt=\"\" class=\"wp-image-18899\" srcset=\"https:\/\/nuevodigitaldeescobar.com.ar\/wp-content\/uploads\/2025\/11\/image-2-1024x638.png 1024w, https:\/\/nuevodigitaldeescobar.com.ar\/wp-content\/uploads\/2025\/11\/image-2-300x187.png 300w, https:\/\/nuevodigitaldeescobar.com.ar\/wp-content\/uploads\/2025\/11\/image-2-768x478.png 768w, https:\/\/nuevodigitaldeescobar.com.ar\/wp-content\/uploads\/2025\/11\/image-2-1536x956.png 1536w, https:\/\/nuevodigitaldeescobar.com.ar\/wp-content\/uploads\/2025\/11\/image-2.png 1574w\" sizes=\"(max-width: 1024px) 100vw, 1024px\" \/><figcaption class=\"wp-element-caption\">Evoluci\u00f3n tarifaria 2022-2025<\/figcaption><\/figure><\/div>\n\n\n<hr class=\"wp-block-separator has-alpha-channel-opacity\"\/>\n\n\n\n<h3 class=\"wp-block-heading has-text-color has-link-color wp-elements-b3d580ba3c7401382273aa0b7f05166e\" style=\"color:#1a30ae\">El aumento Milei: transporte subi\u00f3 852% en dos a\u00f1os<\/h3>\n\n\n\n<p>El Observatorio de Tarifas del IIEP (UBA-Conicet) revel\u00f3 que entre diciembre de 2023 y octubre de 2025:<\/p>\n\n\n\n<ul class=\"wp-block-list\">\n<li>El transporte en el AMBA aument\u00f3 <strong>852%<\/strong>,<\/li>\n\n\n\n<li>Contra una inflaci\u00f3n general del <strong>171%<\/strong>,<\/li>\n\n\n\n<li>Y un alza en servicios p\u00fablicos del <strong>514%<\/strong>.<\/li>\n<\/ul>\n\n\n\n<p>Tras la eliminaci\u00f3n del Fondo de Compensaci\u00f3n al Interior, el \u00fanico subsidio nacional vigente es la <strong>tarifa social SUBE<\/strong>, limitada a las jurisdicciones adheridas al sistema.<\/p>\n\n\n\n<p>En el interior del pa\u00eds, el boleto promedio es de <strong>$1.279<\/strong>, muy por encima del AMBA, donde el m\u00ednimo qued\u00f3 en <strong>$451<\/strong>.<\/p>\n\n\n\n<hr class=\"wp-block-separator has-alpha-channel-opacity\"\/>\n\n\n\n<h3 class=\"wp-block-heading has-text-color has-link-color wp-elements-194a610c6bc0d7712baad1de0274b73d\" style=\"color:#1a30ae\">Las ciudades con mayores subas del pa\u00eds (2022\u20132025)<\/h3>\n\n\n\n<ol class=\"wp-block-list\">\n<li><strong>Centenario<\/strong> \u2192 2.926%<\/li>\n\n\n\n<li><strong>La Banda<\/strong> \u2192 2.614%<\/li>\n\n\n\n<li><strong>Resistencia<\/strong> \u2192 2.508%<\/li>\n\n\n\n<li><strong>Pergamino y Mendoza<\/strong> \u2192 +2.400%<\/li>\n\n\n\n<li>Otras ciudades como Paran\u00e1, R\u00edo Cuarto, Salta y Villa Carlos Paz superaron el 2.200%.<\/li>\n<\/ol>\n\n\n\n<p>El caso m\u00e1s moderado del pa\u00eds fue <strong>Viedma<\/strong>, igual por encima del 1.000%.<\/p>\n\n\n\n<hr class=\"wp-block-separator has-alpha-channel-opacity\"\/>\n\n\n\n<h3 class=\"wp-block-heading has-text-color has-link-color wp-elements-12287bcec54b797a905d5f98be79b2d6\" style=\"color:#1a30ae\">Un reflejo del bolsillo bonaerense<\/h3>\n\n\n\n<p>Aunque el AMBA sigue mostrando tarifas relativamente bajas en comparaci\u00f3n con el resto del pa\u00eds, el impacto del aumento se suma a una canasta de servicios que no deja de crecer. Para miles de trabajadores que cruzan a diario entre Escobar, CABA y otras localidades del Conurbano, la suba del 10% vuelve a reajustar gastos esenciales en un contexto de ingresos que no acompa\u00f1an la misma velocidad.<\/p>\n\n\n\n<p><\/p>\n","protected":false},"excerpt":{"rendered":"<p>A partir de este lunes, viajar en colectivo dentro del \u00c1rea Metropolitana de Buenos Aires ser\u00e1 casi un 10% m\u00e1s caro. El Ministerio de Econom\u00eda [&hellip;]<\/p>\n","protected":false},"author":1,"featured_media":2828,"comment_status":"open","ping_status":"open","sticky":false,"template":"","format":"standard","meta":{"footnotes":""},"categories":[10],"tags":[],"class_list":["post-18896","post","type-post","status-publish","format-standard","has-post-thumbnail","hentry","category-economia"],"better_featured_image":{"id":2828,"alt_text":"","caption":"","description":"","media_type":"image","media_details":{"width":720,"height":405,"file":"2024\/01\/colectivos-transporte-e1706055078590.jpg","filesize":103027,"sizes":{"medium":{"file":"colectivos-transporte-300x169.jpg","width":300,"height":169,"mime-type":"image\/jpeg","filesize":14545,"source_url":"https:\/\/nuevodigitaldeescobar.com.ar\/wp-content\/uploads\/2024\/01\/colectivos-transporte-300x169.jpg"},"thumbnail":{"file":"colectivos-transporte-150x150.jpg","width":150,"height":150,"mime-type":"image\/jpeg","filesize":6769,"source_url":"https:\/\/nuevodigitaldeescobar.com.ar\/wp-content\/uploads\/2024\/01\/colectivos-transporte-150x150.jpg"},"covernews-medium":{"file":"colectivos-transporte-540x340.jpg","width":540,"height":340,"mime-type":"image\/jpeg","filesize":42556,"source_url":"https:\/\/nuevodigitaldeescobar.com.ar\/wp-content\/uploads\/2024\/01\/colectivos-transporte-540x340.jpg"},"covernews-medium-square":{"file":"colectivos-transporte-400x250.jpg","width":400,"height":250,"mime-type":"image\/jpeg","filesize":25598,"source_url":"https:\/\/nuevodigitaldeescobar.com.ar\/wp-content\/uploads\/2024\/01\/colectivos-transporte-400x250.jpg"}},"image_meta":{"aperture":"0","credit":"","camera":"","caption":"","created_timestamp":"0","copyright":"","focal_length":"0","iso":"0","shutter_speed":"0","title":"","orientation":"0","keywords":[]}},"post":2827,"source_url":"https:\/\/nuevodigitaldeescobar.com.ar\/wp-content\/uploads\/2024\/01\/colectivos-transporte-e1706055078590.jpg"},"yoast_head":"<!-- This site is optimized with the Yoast SEO plugin v26.1.1 - https:\/\/yoast.com\/wordpress\/plugins\/seo\/ -->\n<title>Desde este lunes sube casi un 10% el boleto de colectivo en el AMBA: c\u00f3mo quedan las tarifas y qu\u00e9 pas\u00f3 en los \u00faltimos a\u00f1os - Nuevo Digital de Escobar<\/title>\n<meta name=\"robots\" content=\"index, follow, max-snippet:-1, max-image-preview:large, max-video-preview:-1\" \/>\n<link rel=\"canonical\" href=\"https:\/\/nuevodigitaldeescobar.com.ar\/?p=18896\" \/>\n<meta property=\"og:locale\" content=\"es_ES\" \/>\n<meta property=\"og:type\" content=\"article\" \/>\n<meta property=\"og:title\" content=\"Desde este lunes sube casi un 10% el boleto de colectivo en el AMBA: c\u00f3mo quedan las tarifas y qu\u00e9 pas\u00f3 en los \u00faltimos a\u00f1os - Nuevo Digital de Escobar\" \/>\n<meta property=\"og:description\" content=\"A partir de este lunes, viajar en colectivo dentro del \u00c1rea Metropolitana de Buenos Aires ser\u00e1 casi un 10% m\u00e1s caro. El Ministerio de Econom\u00eda [&hellip;]\" \/>\n<meta property=\"og:url\" content=\"https:\/\/nuevodigitaldeescobar.com.ar\/?p=18896\" \/>\n<meta property=\"og:site_name\" content=\"Nuevo Digital de Escobar\" \/>\n<meta property=\"article:publisher\" content=\"https:\/\/www.facebook.com\/NUEVODigitalDeEscobar\" \/>\n<meta property=\"article:published_time\" content=\"2025-11-16T06:30:00+00:00\" \/>\n<meta property=\"og:image\" content=\"https:\/\/nuevodigitaldeescobar.com.ar\/wp-content\/uploads\/2024\/01\/colectivos-transporte-e1706055078590.jpg\" \/>\n\t<meta property=\"og:image:width\" content=\"720\" \/>\n\t<meta property=\"og:image:height\" content=\"405\" \/>\n\t<meta property=\"og:image:type\" content=\"image\/jpeg\" \/>\n<meta name=\"author\" content=\"Redacci\u00f3n\" \/>\n<meta name=\"twitter:card\" content=\"summary_large_image\" \/>\n<meta name=\"twitter:creator\" content=\"@nuevodigescobar\" \/>\n<meta name=\"twitter:site\" content=\"@nuevodigescobar\" \/>\n<meta name=\"twitter:label1\" content=\"Escrito por\" \/>\n\t<meta name=\"twitter:data1\" content=\"Redacci\u00f3n\" \/>\n\t<meta name=\"twitter:label2\" content=\"Tiempo de lectura\" \/>\n\t<meta name=\"twitter:data2\" content=\"4 minutos\" \/>\n<script type=\"application\/ld+json\" class=\"yoast-schema-graph\">{\"@context\":\"https:\/\/schema.org\",\"@graph\":[{\"@type\":\"Article\",\"@id\":\"https:\/\/nuevodigitaldeescobar.com.ar\/?p=18896#article\",\"isPartOf\":{\"@id\":\"https:\/\/nuevodigitaldeescobar.com.ar\/?p=18896\"},\"author\":{\"name\":\"Redacci\u00f3n\",\"@id\":\"https:\/\/nuevodigitaldeescobar.com.ar\/#\/schema\/person\/035e90a8efe9a80e6eec22656ad6ea4c\"},\"headline\":\"Desde este lunes sube casi un 10% el boleto de colectivo en el AMBA: c\u00f3mo quedan las tarifas y qu\u00e9 pas\u00f3 en los \u00faltimos a\u00f1os\",\"datePublished\":\"2025-11-16T06:30:00+00:00\",\"mainEntityOfPage\":{\"@id\":\"https:\/\/nuevodigitaldeescobar.com.ar\/?p=18896\"},\"wordCount\":605,\"commentCount\":0,\"publisher\":{\"@id\":\"https:\/\/nuevodigitaldeescobar.com.ar\/#organization\"},\"image\":{\"@id\":\"https:\/\/nuevodigitaldeescobar.com.ar\/?p=18896#primaryimage\"},\"thumbnailUrl\":\"https:\/\/nuevodigitaldeescobar.com.ar\/wp-content\/uploads\/2024\/01\/colectivos-transporte-e1706055078590.jpg\",\"articleSection\":[\"Econom\u00eda\"],\"inLanguage\":\"es\",\"potentialAction\":[{\"@type\":\"CommentAction\",\"name\":\"Comment\",\"target\":[\"https:\/\/nuevodigitaldeescobar.com.ar\/?p=18896#respond\"]}]},{\"@type\":\"WebPage\",\"@id\":\"https:\/\/nuevodigitaldeescobar.com.ar\/?p=18896\",\"url\":\"https:\/\/nuevodigitaldeescobar.com.ar\/?p=18896\",\"name\":\"Desde este lunes sube casi un 10% el boleto de colectivo en el AMBA: c\u00f3mo quedan las tarifas y qu\u00e9 pas\u00f3 en los \u00faltimos a\u00f1os - Nuevo Digital de Escobar\",\"isPartOf\":{\"@id\":\"https:\/\/nuevodigitaldeescobar.com.ar\/#website\"},\"primaryImageOfPage\":{\"@id\":\"https:\/\/nuevodigitaldeescobar.com.ar\/?p=18896#primaryimage\"},\"image\":{\"@id\":\"https:\/\/nuevodigitaldeescobar.com.ar\/?p=18896#primaryimage\"},\"thumbnailUrl\":\"https:\/\/nuevodigitaldeescobar.com.ar\/wp-content\/uploads\/2024\/01\/colectivos-transporte-e1706055078590.jpg\",\"datePublished\":\"2025-11-16T06:30:00+00:00\",\"breadcrumb\":{\"@id\":\"https:\/\/nuevodigitaldeescobar.com.ar\/?p=18896#breadcrumb\"},\"inLanguage\":\"es\",\"potentialAction\":[{\"@type\":\"ReadAction\",\"target\":[\"https:\/\/nuevodigitaldeescobar.com.ar\/?p=18896\"]}]},{\"@type\":\"ImageObject\",\"inLanguage\":\"es\",\"@id\":\"https:\/\/nuevodigitaldeescobar.com.ar\/?p=18896#primaryimage\",\"url\":\"https:\/\/nuevodigitaldeescobar.com.ar\/wp-content\/uploads\/2024\/01\/colectivos-transporte-e1706055078590.jpg\",\"contentUrl\":\"https:\/\/nuevodigitaldeescobar.com.ar\/wp-content\/uploads\/2024\/01\/colectivos-transporte-e1706055078590.jpg\",\"width\":720,\"height\":405},{\"@type\":\"BreadcrumbList\",\"@id\":\"https:\/\/nuevodigitaldeescobar.com.ar\/?p=18896#breadcrumb\",\"itemListElement\":[{\"@type\":\"ListItem\",\"position\":1,\"name\":\"Portada\",\"item\":\"https:\/\/nuevodigitaldeescobar.com.ar\/\"},{\"@type\":\"ListItem\",\"position\":2,\"name\":\"Desde este lunes sube casi un 10% el boleto de colectivo en el AMBA: c\u00f3mo quedan las tarifas y qu\u00e9 pas\u00f3 en los \u00faltimos a\u00f1os\"}]},{\"@type\":\"WebSite\",\"@id\":\"https:\/\/nuevodigitaldeescobar.com.ar\/#website\",\"url\":\"https:\/\/nuevodigitaldeescobar.com.ar\/\",\"name\":\"Nuevo Digital de Escobar\",\"description\":\"La vida escobarense. Directora: Rosana Brunner\",\"publisher\":{\"@id\":\"https:\/\/nuevodigitaldeescobar.com.ar\/#organization\"},\"potentialAction\":[{\"@type\":\"SearchAction\",\"target\":{\"@type\":\"EntryPoint\",\"urlTemplate\":\"https:\/\/nuevodigitaldeescobar.com.ar\/?s={search_term_string}\"},\"query-input\":{\"@type\":\"PropertyValueSpecification\",\"valueRequired\":true,\"valueName\":\"search_term_string\"}}],\"inLanguage\":\"es\"},{\"@type\":\"Organization\",\"@id\":\"https:\/\/nuevodigitaldeescobar.com.ar\/#organization\",\"name\":\"Nuevo Digital de Escobar\",\"url\":\"https:\/\/nuevodigitaldeescobar.com.ar\/\",\"logo\":{\"@type\":\"ImageObject\",\"inLanguage\":\"es\",\"@id\":\"https:\/\/nuevodigitaldeescobar.com.ar\/#\/schema\/logo\/image\/\",\"url\":\"https:\/\/nuevodigitaldeescobar.com.ar\/wp-content\/uploads\/2025\/05\/cropped-logo-nuevo2.jpg\",\"contentUrl\":\"https:\/\/nuevodigitaldeescobar.com.ar\/wp-content\/uploads\/2025\/05\/cropped-logo-nuevo2.jpg\",\"width\":305,\"height\":305,\"caption\":\"Nuevo Digital de Escobar\"},\"image\":{\"@id\":\"https:\/\/nuevodigitaldeescobar.com.ar\/#\/schema\/logo\/image\/\"},\"sameAs\":[\"https:\/\/www.facebook.com\/NUEVODigitalDeEscobar\",\"https:\/\/x.com\/nuevodigescobar\",\"https:\/\/www.instagram.com\/nuevodigitaldeescobar\"]},{\"@type\":\"Person\",\"@id\":\"https:\/\/nuevodigitaldeescobar.com.ar\/#\/schema\/person\/035e90a8efe9a80e6eec22656ad6ea4c\",\"name\":\"Redacci\u00f3n\",\"image\":{\"@type\":\"ImageObject\",\"inLanguage\":\"es\",\"@id\":\"https:\/\/nuevodigitaldeescobar.com.ar\/#\/schema\/person\/image\/\",\"url\":\"https:\/\/secure.gravatar.com\/avatar\/8af8f40000c24e9eef3034f2be5998a372bb1389e64b1a4a36b3a7979142220d?s=96&d=mm&r=g\",\"contentUrl\":\"https:\/\/secure.gravatar.com\/avatar\/8af8f40000c24e9eef3034f2be5998a372bb1389e64b1a4a36b3a7979142220d?s=96&d=mm&r=g\",\"caption\":\"Redacci\u00f3n\"},\"sameAs\":[\"http:\/\/nuevodigitaldeescobar.com.ar\"],\"url\":\"https:\/\/nuevodigitaldeescobar.com.ar\/?author=1\"}]}<\/script>\n<!-- \/ Yoast SEO plugin. -->","yoast_head_json":{"title":"Desde este lunes sube casi un 10% el boleto de colectivo en el AMBA: c\u00f3mo quedan las tarifas y qu\u00e9 pas\u00f3 en los \u00faltimos a\u00f1os - Nuevo Digital de Escobar","robots":{"index":"index","follow":"follow","max-snippet":"max-snippet:-1","max-image-preview":"max-image-preview:large","max-video-preview":"max-video-preview:-1"},"canonical":"https:\/\/nuevodigitaldeescobar.com.ar\/?p=18896","og_locale":"es_ES","og_type":"article","og_title":"Desde este lunes sube casi un 10% el boleto de colectivo en el AMBA: c\u00f3mo quedan las tarifas y qu\u00e9 pas\u00f3 en los \u00faltimos a\u00f1os - Nuevo Digital de Escobar","og_description":"A partir de este lunes, viajar en colectivo dentro del \u00c1rea Metropolitana de Buenos Aires ser\u00e1 casi un 10% m\u00e1s caro. El Ministerio de Econom\u00eda [&hellip;]","og_url":"https:\/\/nuevodigitaldeescobar.com.ar\/?p=18896","og_site_name":"Nuevo Digital de Escobar","article_publisher":"https:\/\/www.facebook.com\/NUEVODigitalDeEscobar","article_published_time":"2025-11-16T06:30:00+00:00","og_image":[{"width":720,"height":405,"url":"https:\/\/nuevodigitaldeescobar.com.ar\/wp-content\/uploads\/2024\/01\/colectivos-transporte-e1706055078590.jpg","type":"image\/jpeg"}],"author":"Redacci\u00f3n","twitter_card":"summary_large_image","twitter_creator":"@nuevodigescobar","twitter_site":"@nuevodigescobar","twitter_misc":{"Escrito por":"Redacci\u00f3n","Tiempo de lectura":"4 minutos"},"schema":{"@context":"https:\/\/schema.org","@graph":[{"@type":"Article","@id":"https:\/\/nuevodigitaldeescobar.com.ar\/?p=18896#article","isPartOf":{"@id":"https:\/\/nuevodigitaldeescobar.com.ar\/?p=18896"},"author":{"name":"Redacci\u00f3n","@id":"https:\/\/nuevodigitaldeescobar.com.ar\/#\/schema\/person\/035e90a8efe9a80e6eec22656ad6ea4c"},"headline":"Desde este lunes sube casi un 10% el boleto de colectivo en el AMBA: c\u00f3mo quedan las tarifas y qu\u00e9 pas\u00f3 en los \u00faltimos a\u00f1os","datePublished":"2025-11-16T06:30:00+00:00","mainEntityOfPage":{"@id":"https:\/\/nuevodigitaldeescobar.com.ar\/?p=18896"},"wordCount":605,"commentCount":0,"publisher":{"@id":"https:\/\/nuevodigitaldeescobar.com.ar\/#organization"},"image":{"@id":"https:\/\/nuevodigitaldeescobar.com.ar\/?p=18896#primaryimage"},"thumbnailUrl":"https:\/\/nuevodigitaldeescobar.com.ar\/wp-content\/uploads\/2024\/01\/colectivos-transporte-e1706055078590.jpg","articleSection":["Econom\u00eda"],"inLanguage":"es","potentialAction":[{"@type":"CommentAction","name":"Comment","target":["https:\/\/nuevodigitaldeescobar.com.ar\/?p=18896#respond"]}]},{"@type":"WebPage","@id":"https:\/\/nuevodigitaldeescobar.com.ar\/?p=18896","url":"https:\/\/nuevodigitaldeescobar.com.ar\/?p=18896","name":"Desde este lunes sube casi un 10% el boleto de colectivo en el AMBA: c\u00f3mo quedan las tarifas y qu\u00e9 pas\u00f3 en los \u00faltimos a\u00f1os - Nuevo Digital de Escobar","isPartOf":{"@id":"https:\/\/nuevodigitaldeescobar.com.ar\/#website"},"primaryImageOfPage":{"@id":"https:\/\/nuevodigitaldeescobar.com.ar\/?p=18896#primaryimage"},"image":{"@id":"https:\/\/nuevodigitaldeescobar.com.ar\/?p=18896#primaryimage"},"thumbnailUrl":"https:\/\/nuevodigitaldeescobar.com.ar\/wp-content\/uploads\/2024\/01\/colectivos-transporte-e1706055078590.jpg","datePublished":"2025-11-16T06:30:00+00:00","breadcrumb":{"@id":"https:\/\/nuevodigitaldeescobar.com.ar\/?p=18896#breadcrumb"},"inLanguage":"es","potentialAction":[{"@type":"ReadAction","target":["https:\/\/nuevodigitaldeescobar.com.ar\/?p=18896"]}]},{"@type":"ImageObject","inLanguage":"es","@id":"https:\/\/nuevodigitaldeescobar.com.ar\/?p=18896#primaryimage","url":"https:\/\/nuevodigitaldeescobar.com.ar\/wp-content\/uploads\/2024\/01\/colectivos-transporte-e1706055078590.jpg","contentUrl":"https:\/\/nuevodigitaldeescobar.com.ar\/wp-content\/uploads\/2024\/01\/colectivos-transporte-e1706055078590.jpg","width":720,"height":405},{"@type":"BreadcrumbList","@id":"https:\/\/nuevodigitaldeescobar.com.ar\/?p=18896#breadcrumb","itemListElement":[{"@type":"ListItem","position":1,"name":"Portada","item":"https:\/\/nuevodigitaldeescobar.com.ar\/"},{"@type":"ListItem","position":2,"name":"Desde este lunes sube casi un 10% el boleto de colectivo en el AMBA: c\u00f3mo quedan las tarifas y qu\u00e9 pas\u00f3 en los \u00faltimos a\u00f1os"}]},{"@type":"WebSite","@id":"https:\/\/nuevodigitaldeescobar.com.ar\/#website","url":"https:\/\/nuevodigitaldeescobar.com.ar\/","name":"Nuevo Digital de Escobar","description":"La vida escobarense. Directora: Rosana Brunner","publisher":{"@id":"https:\/\/nuevodigitaldeescobar.com.ar\/#organization"},"potentialAction":[{"@type":"SearchAction","target":{"@type":"EntryPoint","urlTemplate":"https:\/\/nuevodigitaldeescobar.com.ar\/?s={search_term_string}"},"query-input":{"@type":"PropertyValueSpecification","valueRequired":true,"valueName":"search_term_string"}}],"inLanguage":"es"},{"@type":"Organization","@id":"https:\/\/nuevodigitaldeescobar.com.ar\/#organization","name":"Nuevo Digital de Escobar","url":"https:\/\/nuevodigitaldeescobar.com.ar\/","logo":{"@type":"ImageObject","inLanguage":"es","@id":"https:\/\/nuevodigitaldeescobar.com.ar\/#\/schema\/logo\/image\/","url":"https:\/\/nuevodigitaldeescobar.com.ar\/wp-content\/uploads\/2025\/05\/cropped-logo-nuevo2.jpg","contentUrl":"https:\/\/nuevodigitaldeescobar.com.ar\/wp-content\/uploads\/2025\/05\/cropped-logo-nuevo2.jpg","width":305,"height":305,"caption":"Nuevo Digital de Escobar"},"image":{"@id":"https:\/\/nuevodigitaldeescobar.com.ar\/#\/schema\/logo\/image\/"},"sameAs":["https:\/\/www.facebook.com\/NUEVODigitalDeEscobar","https:\/\/x.com\/nuevodigescobar","https:\/\/www.instagram.com\/nuevodigitaldeescobar"]},{"@type":"Person","@id":"https:\/\/nuevodigitaldeescobar.com.ar\/#\/schema\/person\/035e90a8efe9a80e6eec22656ad6ea4c","name":"Redacci\u00f3n","image":{"@type":"ImageObject","inLanguage":"es","@id":"https:\/\/nuevodigitaldeescobar.com.ar\/#\/schema\/person\/image\/","url":"https:\/\/secure.gravatar.com\/avatar\/8af8f40000c24e9eef3034f2be5998a372bb1389e64b1a4a36b3a7979142220d?s=96&d=mm&r=g","contentUrl":"https:\/\/secure.gravatar.com\/avatar\/8af8f40000c24e9eef3034f2be5998a372bb1389e64b1a4a36b3a7979142220d?s=96&d=mm&r=g","caption":"Redacci\u00f3n"},"sameAs":["http:\/\/nuevodigitaldeescobar.com.ar"],"url":"https:\/\/nuevodigitaldeescobar.com.ar\/?author=1"}]}},"featured_image_urls":{"full":["https:\/\/nuevodigitaldeescobar.com.ar\/wp-content\/uploads\/2024\/01\/colectivos-transporte-e1706055078590.jpg",720,405,false],"thumbnail":["https:\/\/nuevodigitaldeescobar.com.ar\/wp-content\/uploads\/2024\/01\/colectivos-transporte-150x150.jpg",150,150,true],"medium":["https:\/\/nuevodigitaldeescobar.com.ar\/wp-content\/uploads\/2024\/01\/colectivos-transporte-300x169.jpg",300,169,true],"medium_large":["https:\/\/nuevodigitaldeescobar.com.ar\/wp-content\/uploads\/2024\/01\/colectivos-transporte-e1706055078590.jpg",640,360,false],"large":["https:\/\/nuevodigitaldeescobar.com.ar\/wp-content\/uploads\/2024\/01\/colectivos-transporte-e1706055078590.jpg",640,360,false],"1536x1536":["https:\/\/nuevodigitaldeescobar.com.ar\/wp-content\/uploads\/2024\/01\/colectivos-transporte-e1706055078590.jpg",720,405,false],"2048x2048":["https:\/\/nuevodigitaldeescobar.com.ar\/wp-content\/uploads\/2024\/01\/colectivos-transporte-e1706055078590.jpg",720,405,false]},"author_info":{"display_name":"Redacci\u00f3n","author_link":"https:\/\/nuevodigitaldeescobar.com.ar\/?author=1"},"category_info":"<a href=\"https:\/\/nuevodigitaldeescobar.com.ar\/?cat=10\" rel=\"category\">Econom\u00eda<\/a>","tag_info":"Econom\u00eda","comment_count":"0","_links":{"self":[{"href":"https:\/\/nuevodigitaldeescobar.com.ar\/index.php?rest_route=\/wp\/v2\/posts\/18896","targetHints":{"allow":["GET"]}}],"collection":[{"href":"https:\/\/nuevodigitaldeescobar.com.ar\/index.php?rest_route=\/wp\/v2\/posts"}],"about":[{"href":"https:\/\/nuevodigitaldeescobar.com.ar\/index.php?rest_route=\/wp\/v2\/types\/post"}],"author":[{"embeddable":true,"href":"https:\/\/nuevodigitaldeescobar.com.ar\/index.php?rest_route=\/wp\/v2\/users\/1"}],"replies":[{"embeddable":true,"href":"https:\/\/nuevodigitaldeescobar.com.ar\/index.php?rest_route=%2Fwp%2Fv2%2Fcomments&post=18896"}],"version-history":[{"count":1,"href":"https:\/\/nuevodigitaldeescobar.com.ar\/index.php?rest_route=\/wp\/v2\/posts\/18896\/revisions"}],"predecessor-version":[{"id":18900,"href":"https:\/\/nuevodigitaldeescobar.com.ar\/index.php?rest_route=\/wp\/v2\/posts\/18896\/revisions\/18900"}],"wp:featuredmedia":[{"embeddable":true,"href":"https:\/\/nuevodigitaldeescobar.com.ar\/index.php?rest_route=\/wp\/v2\/media\/2828"}],"wp:attachment":[{"href":"https:\/\/nuevodigitaldeescobar.com.ar\/index.php?rest_route=%2Fwp%2Fv2%2Fmedia&parent=18896"}],"wp:term":[{"taxonomy":"category","embeddable":true,"href":"https:\/\/nuevodigitaldeescobar.com.ar\/index.php?rest_route=%2Fwp%2Fv2%2Fcategories&post=18896"},{"taxonomy":"post_tag","embeddable":true,"href":"https:\/\/nuevodigitaldeescobar.com.ar\/index.php?rest_route=%2Fwp%2Fv2%2Ftags&post=18896"}],"curies":[{"name":"wp","href":"https:\/\/api.w.org\/{rel}","templated":true}]}}