{"id":18920,"date":"2025-11-18T11:57:00","date_gmt":"2025-11-18T14:57:00","guid":{"rendered":"https:\/\/nuevodigitaldeescobar.com.ar\/?p=18920"},"modified":"2025-11-18T16:57:50","modified_gmt":"2025-11-18T19:57:50","slug":"record-historico-de-casos-de-sifilis-en-argentina-alertan-por-un-aumento-sostenido-y-piden-reforzar-la-prevencion","status":"publish","type":"post","link":"https:\/\/nuevodigitaldeescobar.com.ar\/?p=18920","title":{"rendered":"R\u00e9cord hist\u00f3rico de casos de s\u00edfilis en Argentina: alertan por un aumento sostenido y piden reforzar la prevenci\u00f3n"},"content":{"rendered":"\n<p class=\"has-vivid-cyan-blue-color has-text-color has-link-color wp-elements-9b3309062ed6c6caabd0d8855dc0906c\"><strong><em>Argentina atraviesa el registro m\u00e1s alto de s\u00edfilis desde que existen datos oficiales. Seg\u00fan el \u00faltimo Bolet\u00edn Epidemiol\u00f3gico Nacional, en 2024 se confirmaron 36.917 diagn\u00f3sticos, y las primeras 44 semanas de 2025 muestran un nivel similar \u201436.702 notificaciones\u2014, lo que indica que la curva sigue en ascenso.<\/em><\/strong><\/p>\n\n\n\n<!--more-->\n\n\n\n<p>Este incremento representa un <strong>38,5% m\u00e1s que en 2022<\/strong> y mantiene en alerta al sistema de salud, que advierte la necesidad urgente de <strong>fortalecer estrategias de prevenci\u00f3n, diagn\u00f3stico temprano y acceso al tratamiento<\/strong>.<\/p>\n\n\n\n<h2 class=\"wp-block-heading has-text-color has-link-color wp-elements-86320a4bef26ddbef032448fb9674c4a\" style=\"color:#222fbf\"><em>Una tendencia que crece desde hace m\u00e1s de una d\u00e9cada<\/em><\/h2>\n\n\n\n<p>El aumento en los contagios no es nuevo. Desde 2011 se observa una suba sostenida, que se aceler\u00f3 especialmente entre 2015 y 2019, cuando los casos pr\u00e1cticamente se triplicaron. La pandemia ralentiz\u00f3 la notificaci\u00f3n por la reducci\u00f3n de controles, pero a partir de 2022 la tendencia volvi\u00f3 a crecer con fuerza.<\/p>\n\n\n\n<p>En 2023 la Argentina super\u00f3 por primera vez los <strong>30.000 casos anuales<\/strong>, y 2024 marc\u00f3 un nuevo r\u00e9cord absoluto.<br>La <strong>tasa nacional<\/strong> pas\u00f3 de 56,1 cada 100.000 habitantes en 2019 a <strong>93 en 2024<\/strong>, un salto del 65,8%.<\/p>\n\n\n\n<p>Para 2025, las cifras preliminares anticipan otro aumento del <strong>20,5%<\/strong> respecto del a\u00f1o anterior.<\/p>\n\n\n\n<hr class=\"wp-block-separator has-alpha-channel-opacity\"\/>\n\n\n\n<h1 class=\"wp-block-heading has-text-color has-link-color wp-elements-6901b6535a93ddd70ff9f6186806da2e\" style=\"color:#222fbf\"><em>Qui\u00e9nes concentran la mayor cantidad de casos<\/em><\/h1>\n\n\n\n<p>El perfil epidemiol\u00f3gico muestra un patr\u00f3n claro:<\/p>\n\n\n\n<ul class=\"wp-block-list\">\n<li><strong>El 76% de los diagn\u00f3sticos corresponde a personas de 15 a 39 a\u00f1os.<\/strong><\/li>\n\n\n\n<li>El grupo m\u00e1s afectado es el de <strong>20 a 24 a\u00f1os<\/strong>, con una tasa de 228,2 cada 100.000 habitantes.<\/li>\n\n\n\n<li>En j\u00f3venes, <strong>las mujeres registran tasas m\u00e1s altas que los varones<\/strong>.<\/li>\n\n\n\n<li>A partir de los 35 a\u00f1os, la tendencia se invierte y los hombres presentan mayor incidencia.<\/li>\n<\/ul>\n\n\n\n<p>Este comportamiento sugiere una combinaci\u00f3n de <strong>alta exposici\u00f3n<\/strong>, cambios en los h\u00e1bitos de cuidado y <strong>mayor acceso al diagn\u00f3stico en mujeres j\u00f3venes<\/strong>.<\/p>\n\n\n\n<h2 class=\"wp-block-heading has-text-color has-link-color wp-elements-422d3d08795a1db45d082225c0281c51\" style=\"color:#222fbf\"><em>Regiones con m\u00e1s contagios<\/em><\/h2>\n\n\n\n<p>El aumento se replica en todo el pa\u00eds, aunque con diferentes intensidades:<\/p>\n\n\n\n<ul class=\"wp-block-list\">\n<li><strong>Regi\u00f3n Centro<\/strong>: concentra el 61% de los casos nacionales, con C\u00f3rdoba como la jurisdicci\u00f3n con la tasa m\u00e1s alta (220,3).<\/li>\n\n\n\n<li><strong>Regi\u00f3n Sur<\/strong>: presenta la mayor tasa regional (122,3 cada 100.000). Neuqu\u00e9n, Tierra del Fuego y La Pampa muestran subas significativas.<\/li>\n\n\n\n<li><strong>Cuyo, NEA y NOA<\/strong>: tambi\u00e9n registran incrementos marcados, con San Luis, Chaco, Formosa, Jujuy y Catamarca entre las m\u00e1s impactadas.<\/li>\n<\/ul>\n\n\n\n<hr class=\"wp-block-separator has-alpha-channel-opacity\"\/>\n\n\n\n<h1 class=\"wp-block-heading has-text-color has-link-color wp-elements-874151bd0a9dc0b34516adbdc8f2fb1e\" style=\"color:#222fbf\"><em>Por qu\u00e9 est\u00e1n aumentando los casos<\/em><\/h1>\n\n\n\n<p>Entre las razones del avance de la s\u00edfilis se destacan:<\/p>\n\n\n\n<ul class=\"wp-block-list\">\n<li><strong>Alta transmisibilidad en las fases iniciales.<\/strong><\/li>\n\n\n\n<li><strong>Falta de controles peri\u00f3dicos y uso irregular del preservativo.<\/strong><\/li>\n\n\n\n<li><strong>Acceso desigual a pruebas diagn\u00f3sticas.<\/strong><\/li>\n\n\n\n<li><strong>Reinfecciones frecuentes<\/strong>, debido a que haber tenido s\u00edfilis no genera inmunidad.<\/li>\n\n\n\n<li><strong>Mayor capacidad de detecci\u00f3n<\/strong>, gracias a nuevos prestadores incorporados al sistema de vigilancia.<\/li>\n<\/ul>\n\n\n\n<p>Un estudio citado por el bolet\u00edn mostr\u00f3 que, en Buenos Aires y Rosario, <strong>el 28% de los nuevos diagn\u00f3sticos en varones eran reinfecciones<\/strong>.<\/p>\n\n\n\n<hr class=\"wp-block-separator has-alpha-channel-opacity\"\/>\n\n\n\n<h2 class=\"wp-block-heading has-text-color has-link-color wp-elements-3fb2fcd726206c7f9813d5478aa98b83\" style=\"color:#222fbf\"><em>Riesgos y consecuencias cl\u00ednicas<\/em><\/h2>\n\n\n\n<p>Si no se trata a tiempo, la s\u00edfilis puede avanzar desde una llaga indolora hasta causar:<\/p>\n\n\n\n<ul class=\"wp-block-list\">\n<li>lesiones en piel y mucosas,<\/li>\n\n\n\n<li>fiebre y ganglios inflamados,<\/li>\n\n\n\n<li>afectaci\u00f3n neurol\u00f3gica,<\/li>\n\n\n\n<li>compromiso card\u00edaco y \u00f3seo,<\/li>\n\n\n\n<li>e incluso la muerte.<\/li>\n<\/ul>\n\n\n\n<p>Adem\u00e1s, es una de las <strong>principales causas prevenibles de complicaciones en el embarazo<\/strong>, lo que la convierte en una prioridad de salud p\u00fablica.<\/p>\n\n\n\n<hr class=\"wp-block-separator has-alpha-channel-opacity\"\/>\n\n\n\n<h2 class=\"wp-block-heading has-text-color has-link-color wp-elements-8a8e011d21eb1867dcdfe816ab122b40\" style=\"color:#222fbf\"><em>Qu\u00e9 respuesta est\u00e1 dando el sistema de salud<\/em><\/h2>\n\n\n\n<p>El Ministerio de Salud de la Naci\u00f3n reforz\u00f3 diversas medidas:<\/p>\n\n\n\n<ul class=\"wp-block-list\">\n<li>Actualizaci\u00f3n de <strong>protocolos y gu\u00edas cl\u00ednicas<\/strong>.<\/li>\n\n\n\n<li><strong>Distribuci\u00f3n de pruebas r\u00e1pidas y penicilina<\/strong> a todas las provincias, con prioridad para las m\u00e1s afectadas.<\/li>\n\n\n\n<li>Capacitaci\u00f3n del personal de atenci\u00f3n primaria para <strong>diagnosticar en minutos<\/strong>.<\/li>\n\n\n\n<li>Programas conjuntos con municipios para mejorar <strong>seguimiento de pacientes y adherencia al tratamiento<\/strong>.<\/li>\n<\/ul>\n\n\n\n<p>A esto se suma el trabajo articulado con organizaciones como <strong>AHF Argentina<\/strong> y <strong>Fundaci\u00f3n Hu\u00e9sped<\/strong>, que firmaron un acuerdo para fortalecer acciones de <strong>salud sexual, prevenci\u00f3n y diagn\u00f3stico temprano<\/strong>.<\/p>\n\n\n\n<hr class=\"wp-block-separator has-alpha-channel-opacity\"\/>\n\n\n\n<h2 class=\"wp-block-heading has-text-color has-link-color wp-elements-ac2671ba56bb740b4170053cbbccfc63\" style=\"color:#222fbf\"><em>Lo que recomiendan los especialistas<\/em><\/h2>\n\n\n\n<p>Los profesionales insisten en h\u00e1bitos b\u00e1sicos pero fundamentales:<\/p>\n\n\n\n<ul class=\"wp-block-list\">\n<li><strong>Testearse con regularidad<\/strong>, aun sin s\u00edntomas.<\/li>\n\n\n\n<li>Usar preservativo en todas las relaciones sexuales.<\/li>\n\n\n\n<li>Acudir r\u00e1pidamente ante cualquier lesi\u00f3n o duda.<\/li>\n\n\n\n<li>Acceder a pruebas gratuitas disponibles en hospitales y centros de salud.<\/li>\n\n\n\n<li>Completar el tratamiento indicado, que contin\u00faa siendo a base de <strong>penicilina<\/strong>, dependiendo del estadio de la infecci\u00f3n.<\/li>\n<\/ul>\n\n\n\n<hr class=\"wp-block-separator has-alpha-channel-opacity\"\/>\n\n\n\n<p>La s\u00edfilis crece en la Argentina a un ritmo que preocupa. Enfrentarla exige una combinaci\u00f3n de <strong>pol\u00edticas sanitarias activas<\/strong>, campa\u00f1as sostenidas, informaci\u00f3n clara y un mayor compromiso individual para realizar controles peri\u00f3dicos.<br>La prevenci\u00f3n y el diagn\u00f3stico temprano siguen siendo las herramientas m\u00e1s efectivas para cortar la cadena de transmisi\u00f3n y proteger la salud de toda la comunidad.<\/p>\n","protected":false},"excerpt":{"rendered":"<p>Argentina atraviesa el registro m\u00e1s alto de s\u00edfilis desde que existen datos oficiales. Seg\u00fan el \u00faltimo Bolet\u00edn Epidemiol\u00f3gico Nacional, en 2024 se confirmaron 36.917 diagn\u00f3sticos, [&hellip;]<\/p>\n","protected":false},"author":1,"featured_media":18925,"comment_status":"open","ping_status":"open","sticky":false,"template":"","format":"standard","meta":{"footnotes":""},"categories":[3],"tags":[],"class_list":["post-18920","post","type-post","status-publish","format-standard","has-post-thumbnail","hentry","category-nutricion"],"better_featured_image":{"id":18925,"alt_text":"","caption":"","description":"","media_type":"image","media_details":{"width":729,"height":492,"file":"2025\/11\/sifilis21.png","filesize":534748,"sizes":{"medium":{"file":"sifilis21-300x202.png","width":300,"height":202,"mime-type":"image\/png","filesize":30669,"source_url":"https:\/\/nuevodigitaldeescobar.com.ar\/wp-content\/uploads\/2025\/11\/sifilis21-300x202.png"},"thumbnail":{"file":"sifilis21-150x150.png","width":150,"height":150,"mime-type":"image\/png","filesize":13035,"source_url":"https:\/\/nuevodigitaldeescobar.com.ar\/wp-content\/uploads\/2025\/11\/sifilis21-150x150.png"}},"image_meta":{"aperture":"0","credit":"","camera":"","caption":"","created_timestamp":"0","copyright":"","focal_length":"0","iso":"0","shutter_speed":"0","title":"","orientation":"0","keywords":[]}},"post":18920,"source_url":"https:\/\/nuevodigitaldeescobar.com.ar\/wp-content\/uploads\/2025\/11\/sifilis21.png"},"yoast_head":"<!-- This site is optimized with the Yoast SEO plugin v26.1.1 - https:\/\/yoast.com\/wordpress\/plugins\/seo\/ -->\n<title>R\u00e9cord hist\u00f3rico de casos de s\u00edfilis en Argentina: alertan por un aumento sostenido y piden reforzar la prevenci\u00f3n - Nuevo Digital de Escobar<\/title>\n<meta name=\"robots\" content=\"index, follow, max-snippet:-1, max-image-preview:large, max-video-preview:-1\" \/>\n<link rel=\"canonical\" href=\"https:\/\/nuevodigitaldeescobar.com.ar\/?p=18920\" \/>\n<meta property=\"og:locale\" content=\"es_ES\" \/>\n<meta property=\"og:type\" content=\"article\" \/>\n<meta property=\"og:title\" content=\"R\u00e9cord hist\u00f3rico de casos de s\u00edfilis en Argentina: alertan por un aumento sostenido y piden reforzar la prevenci\u00f3n - Nuevo Digital de Escobar\" \/>\n<meta property=\"og:description\" content=\"Argentina atraviesa el registro m\u00e1s alto de s\u00edfilis desde que existen datos oficiales. Seg\u00fan el \u00faltimo Bolet\u00edn Epidemiol\u00f3gico Nacional, en 2024 se confirmaron 36.917 diagn\u00f3sticos, [&hellip;]\" \/>\n<meta property=\"og:url\" content=\"https:\/\/nuevodigitaldeescobar.com.ar\/?p=18920\" \/>\n<meta property=\"og:site_name\" content=\"Nuevo Digital de Escobar\" \/>\n<meta property=\"article:publisher\" content=\"https:\/\/www.facebook.com\/NUEVODigitalDeEscobar\" \/>\n<meta property=\"article:published_time\" content=\"2025-11-18T14:57:00+00:00\" \/>\n<meta property=\"article:modified_time\" content=\"2025-11-18T19:57:50+00:00\" \/>\n<meta property=\"og:image\" content=\"http:\/\/nuevodigitaldeescobar.com.ar\/wp-content\/uploads\/2025\/11\/sifilis21.png\" \/>\n\t<meta property=\"og:image:width\" content=\"729\" \/>\n\t<meta property=\"og:image:height\" content=\"492\" \/>\n\t<meta property=\"og:image:type\" content=\"image\/png\" \/>\n<meta name=\"author\" content=\"Redacci\u00f3n\" \/>\n<meta name=\"twitter:card\" content=\"summary_large_image\" \/>\n<meta name=\"twitter:creator\" content=\"@nuevodigescobar\" \/>\n<meta name=\"twitter:site\" content=\"@nuevodigescobar\" \/>\n<meta name=\"twitter:label1\" content=\"Escrito por\" \/>\n\t<meta name=\"twitter:data1\" content=\"Redacci\u00f3n\" \/>\n\t<meta name=\"twitter:label2\" content=\"Tiempo de lectura\" \/>\n\t<meta name=\"twitter:data2\" content=\"4 minutos\" \/>\n<script type=\"application\/ld+json\" class=\"yoast-schema-graph\">{\"@context\":\"https:\/\/schema.org\",\"@graph\":[{\"@type\":\"Article\",\"@id\":\"https:\/\/nuevodigitaldeescobar.com.ar\/?p=18920#article\",\"isPartOf\":{\"@id\":\"https:\/\/nuevodigitaldeescobar.com.ar\/?p=18920\"},\"author\":{\"name\":\"Redacci\u00f3n\",\"@id\":\"https:\/\/nuevodigitaldeescobar.com.ar\/#\/schema\/person\/035e90a8efe9a80e6eec22656ad6ea4c\"},\"headline\":\"R\u00e9cord hist\u00f3rico de casos de s\u00edfilis en Argentina: alertan por un aumento sostenido y piden reforzar la prevenci\u00f3n\",\"datePublished\":\"2025-11-18T14:57:00+00:00\",\"dateModified\":\"2025-11-18T19:57:50+00:00\",\"mainEntityOfPage\":{\"@id\":\"https:\/\/nuevodigitaldeescobar.com.ar\/?p=18920\"},\"wordCount\":793,\"commentCount\":0,\"publisher\":{\"@id\":\"https:\/\/nuevodigitaldeescobar.com.ar\/#organization\"},\"image\":{\"@id\":\"https:\/\/nuevodigitaldeescobar.com.ar\/?p=18920#primaryimage\"},\"thumbnailUrl\":\"https:\/\/nuevodigitaldeescobar.com.ar\/wp-content\/uploads\/2025\/11\/sifilis21.png\",\"articleSection\":[\"Salud y Nutrici\u00f3n\"],\"inLanguage\":\"es\",\"potentialAction\":[{\"@type\":\"CommentAction\",\"name\":\"Comment\",\"target\":[\"https:\/\/nuevodigitaldeescobar.com.ar\/?p=18920#respond\"]}]},{\"@type\":\"WebPage\",\"@id\":\"https:\/\/nuevodigitaldeescobar.com.ar\/?p=18920\",\"url\":\"https:\/\/nuevodigitaldeescobar.com.ar\/?p=18920\",\"name\":\"R\u00e9cord hist\u00f3rico de casos de s\u00edfilis en Argentina: alertan por un aumento sostenido y piden reforzar la prevenci\u00f3n - Nuevo Digital de Escobar\",\"isPartOf\":{\"@id\":\"https:\/\/nuevodigitaldeescobar.com.ar\/#website\"},\"primaryImageOfPage\":{\"@id\":\"https:\/\/nuevodigitaldeescobar.com.ar\/?p=18920#primaryimage\"},\"image\":{\"@id\":\"https:\/\/nuevodigitaldeescobar.com.ar\/?p=18920#primaryimage\"},\"thumbnailUrl\":\"https:\/\/nuevodigitaldeescobar.com.ar\/wp-content\/uploads\/2025\/11\/sifilis21.png\",\"datePublished\":\"2025-11-18T14:57:00+00:00\",\"dateModified\":\"2025-11-18T19:57:50+00:00\",\"breadcrumb\":{\"@id\":\"https:\/\/nuevodigitaldeescobar.com.ar\/?p=18920#breadcrumb\"},\"inLanguage\":\"es\",\"potentialAction\":[{\"@type\":\"ReadAction\",\"target\":[\"https:\/\/nuevodigitaldeescobar.com.ar\/?p=18920\"]}]},{\"@type\":\"ImageObject\",\"inLanguage\":\"es\",\"@id\":\"https:\/\/nuevodigitaldeescobar.com.ar\/?p=18920#primaryimage\",\"url\":\"https:\/\/nuevodigitaldeescobar.com.ar\/wp-content\/uploads\/2025\/11\/sifilis21.png\",\"contentUrl\":\"https:\/\/nuevodigitaldeescobar.com.ar\/wp-content\/uploads\/2025\/11\/sifilis21.png\",\"width\":729,\"height\":492},{\"@type\":\"BreadcrumbList\",\"@id\":\"https:\/\/nuevodigitaldeescobar.com.ar\/?p=18920#breadcrumb\",\"itemListElement\":[{\"@type\":\"ListItem\",\"position\":1,\"name\":\"Portada\",\"item\":\"https:\/\/nuevodigitaldeescobar.com.ar\/\"},{\"@type\":\"ListItem\",\"position\":2,\"name\":\"R\u00e9cord hist\u00f3rico de casos de s\u00edfilis en Argentina: alertan por un aumento sostenido y piden reforzar la prevenci\u00f3n\"}]},{\"@type\":\"WebSite\",\"@id\":\"https:\/\/nuevodigitaldeescobar.com.ar\/#website\",\"url\":\"https:\/\/nuevodigitaldeescobar.com.ar\/\",\"name\":\"Nuevo Digital de Escobar\",\"description\":\"La vida escobarense. Directora: Rosana Brunner\",\"publisher\":{\"@id\":\"https:\/\/nuevodigitaldeescobar.com.ar\/#organization\"},\"potentialAction\":[{\"@type\":\"SearchAction\",\"target\":{\"@type\":\"EntryPoint\",\"urlTemplate\":\"https:\/\/nuevodigitaldeescobar.com.ar\/?s={search_term_string}\"},\"query-input\":{\"@type\":\"PropertyValueSpecification\",\"valueRequired\":true,\"valueName\":\"search_term_string\"}}],\"inLanguage\":\"es\"},{\"@type\":\"Organization\",\"@id\":\"https:\/\/nuevodigitaldeescobar.com.ar\/#organization\",\"name\":\"Nuevo Digital de Escobar\",\"url\":\"https:\/\/nuevodigitaldeescobar.com.ar\/\",\"logo\":{\"@type\":\"ImageObject\",\"inLanguage\":\"es\",\"@id\":\"https:\/\/nuevodigitaldeescobar.com.ar\/#\/schema\/logo\/image\/\",\"url\":\"https:\/\/nuevodigitaldeescobar.com.ar\/wp-content\/uploads\/2025\/05\/cropped-logo-nuevo2.jpg\",\"contentUrl\":\"https:\/\/nuevodigitaldeescobar.com.ar\/wp-content\/uploads\/2025\/05\/cropped-logo-nuevo2.jpg\",\"width\":305,\"height\":305,\"caption\":\"Nuevo Digital de Escobar\"},\"image\":{\"@id\":\"https:\/\/nuevodigitaldeescobar.com.ar\/#\/schema\/logo\/image\/\"},\"sameAs\":[\"https:\/\/www.facebook.com\/NUEVODigitalDeEscobar\",\"https:\/\/x.com\/nuevodigescobar\",\"https:\/\/www.instagram.com\/nuevodigitaldeescobar\"]},{\"@type\":\"Person\",\"@id\":\"https:\/\/nuevodigitaldeescobar.com.ar\/#\/schema\/person\/035e90a8efe9a80e6eec22656ad6ea4c\",\"name\":\"Redacci\u00f3n\",\"image\":{\"@type\":\"ImageObject\",\"inLanguage\":\"es\",\"@id\":\"https:\/\/nuevodigitaldeescobar.com.ar\/#\/schema\/person\/image\/\",\"url\":\"https:\/\/secure.gravatar.com\/avatar\/8af8f40000c24e9eef3034f2be5998a372bb1389e64b1a4a36b3a7979142220d?s=96&d=mm&r=g\",\"contentUrl\":\"https:\/\/secure.gravatar.com\/avatar\/8af8f40000c24e9eef3034f2be5998a372bb1389e64b1a4a36b3a7979142220d?s=96&d=mm&r=g\",\"caption\":\"Redacci\u00f3n\"},\"sameAs\":[\"http:\/\/nuevodigitaldeescobar.com.ar\"],\"url\":\"https:\/\/nuevodigitaldeescobar.com.ar\/?author=1\"}]}<\/script>\n<!-- \/ Yoast SEO plugin. -->","yoast_head_json":{"title":"R\u00e9cord hist\u00f3rico de casos de s\u00edfilis en Argentina: alertan por un aumento sostenido y piden reforzar la prevenci\u00f3n - Nuevo Digital de Escobar","robots":{"index":"index","follow":"follow","max-snippet":"max-snippet:-1","max-image-preview":"max-image-preview:large","max-video-preview":"max-video-preview:-1"},"canonical":"https:\/\/nuevodigitaldeescobar.com.ar\/?p=18920","og_locale":"es_ES","og_type":"article","og_title":"R\u00e9cord hist\u00f3rico de casos de s\u00edfilis en Argentina: alertan por un aumento sostenido y piden reforzar la prevenci\u00f3n - Nuevo Digital de Escobar","og_description":"Argentina atraviesa el registro m\u00e1s alto de s\u00edfilis desde que existen datos oficiales. Seg\u00fan el \u00faltimo Bolet\u00edn Epidemiol\u00f3gico Nacional, en 2024 se confirmaron 36.917 diagn\u00f3sticos, [&hellip;]","og_url":"https:\/\/nuevodigitaldeescobar.com.ar\/?p=18920","og_site_name":"Nuevo Digital de Escobar","article_publisher":"https:\/\/www.facebook.com\/NUEVODigitalDeEscobar","article_published_time":"2025-11-18T14:57:00+00:00","article_modified_time":"2025-11-18T19:57:50+00:00","og_image":[{"width":729,"height":492,"url":"http:\/\/nuevodigitaldeescobar.com.ar\/wp-content\/uploads\/2025\/11\/sifilis21.png","type":"image\/png"}],"author":"Redacci\u00f3n","twitter_card":"summary_large_image","twitter_creator":"@nuevodigescobar","twitter_site":"@nuevodigescobar","twitter_misc":{"Escrito por":"Redacci\u00f3n","Tiempo de lectura":"4 minutos"},"schema":{"@context":"https:\/\/schema.org","@graph":[{"@type":"Article","@id":"https:\/\/nuevodigitaldeescobar.com.ar\/?p=18920#article","isPartOf":{"@id":"https:\/\/nuevodigitaldeescobar.com.ar\/?p=18920"},"author":{"name":"Redacci\u00f3n","@id":"https:\/\/nuevodigitaldeescobar.com.ar\/#\/schema\/person\/035e90a8efe9a80e6eec22656ad6ea4c"},"headline":"R\u00e9cord hist\u00f3rico de casos de s\u00edfilis en Argentina: alertan por un aumento sostenido y piden reforzar la prevenci\u00f3n","datePublished":"2025-11-18T14:57:00+00:00","dateModified":"2025-11-18T19:57:50+00:00","mainEntityOfPage":{"@id":"https:\/\/nuevodigitaldeescobar.com.ar\/?p=18920"},"wordCount":793,"commentCount":0,"publisher":{"@id":"https:\/\/nuevodigitaldeescobar.com.ar\/#organization"},"image":{"@id":"https:\/\/nuevodigitaldeescobar.com.ar\/?p=18920#primaryimage"},"thumbnailUrl":"https:\/\/nuevodigitaldeescobar.com.ar\/wp-content\/uploads\/2025\/11\/sifilis21.png","articleSection":["Salud y Nutrici\u00f3n"],"inLanguage":"es","potentialAction":[{"@type":"CommentAction","name":"Comment","target":["https:\/\/nuevodigitaldeescobar.com.ar\/?p=18920#respond"]}]},{"@type":"WebPage","@id":"https:\/\/nuevodigitaldeescobar.com.ar\/?p=18920","url":"https:\/\/nuevodigitaldeescobar.com.ar\/?p=18920","name":"R\u00e9cord hist\u00f3rico de casos de s\u00edfilis en Argentina: alertan por un aumento sostenido y piden reforzar la prevenci\u00f3n - Nuevo Digital de Escobar","isPartOf":{"@id":"https:\/\/nuevodigitaldeescobar.com.ar\/#website"},"primaryImageOfPage":{"@id":"https:\/\/nuevodigitaldeescobar.com.ar\/?p=18920#primaryimage"},"image":{"@id":"https:\/\/nuevodigitaldeescobar.com.ar\/?p=18920#primaryimage"},"thumbnailUrl":"https:\/\/nuevodigitaldeescobar.com.ar\/wp-content\/uploads\/2025\/11\/sifilis21.png","datePublished":"2025-11-18T14:57:00+00:00","dateModified":"2025-11-18T19:57:50+00:00","breadcrumb":{"@id":"https:\/\/nuevodigitaldeescobar.com.ar\/?p=18920#breadcrumb"},"inLanguage":"es","potentialAction":[{"@type":"ReadAction","target":["https:\/\/nuevodigitaldeescobar.com.ar\/?p=18920"]}]},{"@type":"ImageObject","inLanguage":"es","@id":"https:\/\/nuevodigitaldeescobar.com.ar\/?p=18920#primaryimage","url":"https:\/\/nuevodigitaldeescobar.com.ar\/wp-content\/uploads\/2025\/11\/sifilis21.png","contentUrl":"https:\/\/nuevodigitaldeescobar.com.ar\/wp-content\/uploads\/2025\/11\/sifilis21.png","width":729,"height":492},{"@type":"BreadcrumbList","@id":"https:\/\/nuevodigitaldeescobar.com.ar\/?p=18920#breadcrumb","itemListElement":[{"@type":"ListItem","position":1,"name":"Portada","item":"https:\/\/nuevodigitaldeescobar.com.ar\/"},{"@type":"ListItem","position":2,"name":"R\u00e9cord hist\u00f3rico de casos de s\u00edfilis en Argentina: alertan por un aumento sostenido y piden reforzar la prevenci\u00f3n"}]},{"@type":"WebSite","@id":"https:\/\/nuevodigitaldeescobar.com.ar\/#website","url":"https:\/\/nuevodigitaldeescobar.com.ar\/","name":"Nuevo Digital de Escobar","description":"La vida escobarense. Directora: Rosana Brunner","publisher":{"@id":"https:\/\/nuevodigitaldeescobar.com.ar\/#organization"},"potentialAction":[{"@type":"SearchAction","target":{"@type":"EntryPoint","urlTemplate":"https:\/\/nuevodigitaldeescobar.com.ar\/?s={search_term_string}"},"query-input":{"@type":"PropertyValueSpecification","valueRequired":true,"valueName":"search_term_string"}}],"inLanguage":"es"},{"@type":"Organization","@id":"https:\/\/nuevodigitaldeescobar.com.ar\/#organization","name":"Nuevo Digital de Escobar","url":"https:\/\/nuevodigitaldeescobar.com.ar\/","logo":{"@type":"ImageObject","inLanguage":"es","@id":"https:\/\/nuevodigitaldeescobar.com.ar\/#\/schema\/logo\/image\/","url":"https:\/\/nuevodigitaldeescobar.com.ar\/wp-content\/uploads\/2025\/05\/cropped-logo-nuevo2.jpg","contentUrl":"https:\/\/nuevodigitaldeescobar.com.ar\/wp-content\/uploads\/2025\/05\/cropped-logo-nuevo2.jpg","width":305,"height":305,"caption":"Nuevo Digital de Escobar"},"image":{"@id":"https:\/\/nuevodigitaldeescobar.com.ar\/#\/schema\/logo\/image\/"},"sameAs":["https:\/\/www.facebook.com\/NUEVODigitalDeEscobar","https:\/\/x.com\/nuevodigescobar","https:\/\/www.instagram.com\/nuevodigitaldeescobar"]},{"@type":"Person","@id":"https:\/\/nuevodigitaldeescobar.com.ar\/#\/schema\/person\/035e90a8efe9a80e6eec22656ad6ea4c","name":"Redacci\u00f3n","image":{"@type":"ImageObject","inLanguage":"es","@id":"https:\/\/nuevodigitaldeescobar.com.ar\/#\/schema\/person\/image\/","url":"https:\/\/secure.gravatar.com\/avatar\/8af8f40000c24e9eef3034f2be5998a372bb1389e64b1a4a36b3a7979142220d?s=96&d=mm&r=g","contentUrl":"https:\/\/secure.gravatar.com\/avatar\/8af8f40000c24e9eef3034f2be5998a372bb1389e64b1a4a36b3a7979142220d?s=96&d=mm&r=g","caption":"Redacci\u00f3n"},"sameAs":["http:\/\/nuevodigitaldeescobar.com.ar"],"url":"https:\/\/nuevodigitaldeescobar.com.ar\/?author=1"}]}},"featured_image_urls":{"full":["https:\/\/nuevodigitaldeescobar.com.ar\/wp-content\/uploads\/2025\/11\/sifilis21.png",729,492,false],"thumbnail":["https:\/\/nuevodigitaldeescobar.com.ar\/wp-content\/uploads\/2025\/11\/sifilis21-150x150.png",150,150,true],"medium":["https:\/\/nuevodigitaldeescobar.com.ar\/wp-content\/uploads\/2025\/11\/sifilis21-300x202.png",300,202,true],"medium_large":["https:\/\/nuevodigitaldeescobar.com.ar\/wp-content\/uploads\/2025\/11\/sifilis21.png",640,432,false],"large":["https:\/\/nuevodigitaldeescobar.com.ar\/wp-content\/uploads\/2025\/11\/sifilis21.png",640,432,false],"1536x1536":["https:\/\/nuevodigitaldeescobar.com.ar\/wp-content\/uploads\/2025\/11\/sifilis21.png",729,492,false],"2048x2048":["https:\/\/nuevodigitaldeescobar.com.ar\/wp-content\/uploads\/2025\/11\/sifilis21.png",729,492,false]},"author_info":{"display_name":"Redacci\u00f3n","author_link":"https:\/\/nuevodigitaldeescobar.com.ar\/?author=1"},"category_info":"<a href=\"https:\/\/nuevodigitaldeescobar.com.ar\/?cat=3\" rel=\"category\">Salud y Nutrici\u00f3n<\/a>","tag_info":"Salud y Nutrici\u00f3n","comment_count":"0","_links":{"self":[{"href":"https:\/\/nuevodigitaldeescobar.com.ar\/index.php?rest_route=\/wp\/v2\/posts\/18920","targetHints":{"allow":["GET"]}}],"collection":[{"href":"https:\/\/nuevodigitaldeescobar.com.ar\/index.php?rest_route=\/wp\/v2\/posts"}],"about":[{"href":"https:\/\/nuevodigitaldeescobar.com.ar\/index.php?rest_route=\/wp\/v2\/types\/post"}],"author":[{"embeddable":true,"href":"https:\/\/nuevodigitaldeescobar.com.ar\/index.php?rest_route=\/wp\/v2\/users\/1"}],"replies":[{"embeddable":true,"href":"https:\/\/nuevodigitaldeescobar.com.ar\/index.php?rest_route=%2Fwp%2Fv2%2Fcomments&post=18920"}],"version-history":[{"count":1,"href":"https:\/\/nuevodigitaldeescobar.com.ar\/index.php?rest_route=\/wp\/v2\/posts\/18920\/revisions"}],"predecessor-version":[{"id":18926,"href":"https:\/\/nuevodigitaldeescobar.com.ar\/index.php?rest_route=\/wp\/v2\/posts\/18920\/revisions\/18926"}],"wp:featuredmedia":[{"embeddable":true,"href":"https:\/\/nuevodigitaldeescobar.com.ar\/index.php?rest_route=\/wp\/v2\/media\/18925"}],"wp:attachment":[{"href":"https:\/\/nuevodigitaldeescobar.com.ar\/index.php?rest_route=%2Fwp%2Fv2%2Fmedia&parent=18920"}],"wp:term":[{"taxonomy":"category","embeddable":true,"href":"https:\/\/nuevodigitaldeescobar.com.ar\/index.php?rest_route=%2Fwp%2Fv2%2Fcategories&post=18920"},{"taxonomy":"post_tag","embeddable":true,"href":"https:\/\/nuevodigitaldeescobar.com.ar\/index.php?rest_route=%2Fwp%2Fv2%2Ftags&post=18920"}],"curies":[{"name":"wp","href":"https:\/\/api.w.org\/{rel}","templated":true}]}}