{"id":18964,"date":"2025-11-23T01:14:00","date_gmt":"2025-11-23T04:14:00","guid":{"rendered":"https:\/\/nuevodigitaldeescobar.com.ar\/?p=18964"},"modified":"2025-11-22T19:16:08","modified_gmt":"2025-11-22T22:16:08","slug":"detectan-en-espana-el-primer-caso-autoctono-del-virus-usutu-que-se-sabe-sobre-este-nuevo-agente-infeccioso","status":"publish","type":"post","link":"https:\/\/nuevodigitaldeescobar.com.ar\/?p=18964","title":{"rendered":"Detectan en Espa\u00f1a el primer caso aut\u00f3ctono del virus Usutu: qu\u00e9 se sabe sobre este nuevo agente infeccioso"},"content":{"rendered":"\n<p class=\"has-vivid-cyan-blue-color has-text-color has-link-color wp-elements-98039eb7e9f70b7bcb84d80fa8fc9eed\"><strong><em>El sistema sanitario europeo encendi\u00f3 las alertas tras confirmarse, por primera vez en Espa\u00f1a, un caso aut\u00f3ctono del virus Usutu, una infecci\u00f3n transmitida por mosquitos que tiene su origen en \u00c1frica. La detecci\u00f3n ocurri\u00f3 en un donante de sangre de Mallorca durante los controles estacionales del verano de 2024, lo que confirma que el virus ya circula localmente.<\/em><\/strong><\/p>\n\n\n\n<!--more-->\n\n\n\n<p>El hallazgo fue validado por el <strong>Instituto de Salud Carlos III<\/strong>, a trav\u00e9s de estudios moleculares y pruebas de neutralizaci\u00f3n, luego de que el test inicial arrojara un resultado compatible con el <strong>Virus del Nilo Occidental<\/strong>, una infecci\u00f3n con la que Usutu comparte similitudes.<\/p>\n\n\n\n<hr class=\"wp-block-separator has-alpha-channel-opacity\"\/>\n\n\n\n<h2 class=\"wp-block-heading has-text-color has-link-color wp-elements-f7f85b24289af2096a2ae92a5adb36b7\" style=\"color:#2223af\"><em>\u00bfQu\u00e9 es el virus Usutu?<\/em><\/h2>\n\n\n\n<p>El virus Usutu pertenece a la familia <em>Flaviviridae<\/em> y fue identificado en 1959 en el sur de \u00c1frica, cerca del r\u00edo que le dio nombre. Su reservorio natural son las <strong>aves silvestres<\/strong>, que permiten su mantenimiento y expansi\u00f3n.<\/p>\n\n\n\n<p>En las \u00faltimas dos d\u00e9cadas, Usutu se ha extendido por varios pa\u00edses europeos, generando brotes en aves y, en menor medida, infecciones en humanos. Su gen\u00e9tica es muy similar a la del Virus del Nilo Occidental, lo que hace que muchas pruebas de detecci\u00f3n reaccionen de manera cruzada.<\/p>\n\n\n\n<hr class=\"wp-block-separator has-alpha-channel-opacity\"\/>\n\n\n\n<h2 class=\"wp-block-heading has-text-color has-link-color wp-elements-ed5ef1d56d353f51235df1ab9bbc1411\" style=\"color:#2223af\"><em>\u00bfC\u00f3mo se transmite?<\/em><\/h2>\n\n\n\n<p>La principal v\u00eda de contagio es la <strong>picadura de mosquitos del g\u00e9nero Culex<\/strong>, los mismos que intervienen en el ciclo del Virus del Nilo Occidental.<\/p>\n\n\n\n<p>El mecanismo es simple:<\/p>\n\n\n\n<ol class=\"wp-block-list\">\n<li>Un mosquito pica a un ave infectada.<\/li>\n\n\n\n<li>Luego pica a una persona, transmitiendo el virus de manera accidental.<\/li>\n<\/ol>\n\n\n\n<p>Especialistas espa\u00f1oles tambi\u00e9n confirmaron otra v\u00eda de transmisi\u00f3n:<br>\u2714\ufe0f <strong>la transfusi\u00f3n de sangre<\/strong>, cuando un donante infectado pero sin s\u00edntomas entrega una muestra durante los meses de mayor actividad de mosquitos.<\/p>\n\n\n\n<p>Hasta el momento <strong>no existe evidencia<\/strong> de contagio directo entre personas ni por contacto f\u00edsico, saliva o secreciones.<\/p>\n\n\n\n<hr class=\"wp-block-separator has-alpha-channel-opacity\"\/>\n\n\n\n<h2 class=\"wp-block-heading has-text-color has-link-color wp-elements-4729a5059321528475621aefa6e3b3cf\" style=\"color:#2223af\"><em>S\u00edntomas en humanos<\/em><\/h2>\n\n\n\n<p>La mayor parte de las infecciones son <strong>asintom\u00e1ticas<\/strong>. Cuando aparecen s\u00edntomas, suelen ser leves y similares a una gripe:<\/p>\n\n\n\n<ul class=\"wp-block-list\">\n<li>Fiebre<\/li>\n\n\n\n<li>Dolor de cabeza<\/li>\n\n\n\n<li>Malestar general<\/li>\n<\/ul>\n\n\n\n<p>En casos poco frecuentes, sobre todo en personas inmunodeprimidas o con enfermedades preexistentes, puede provocar <strong>alteraciones neurol\u00f3gicas<\/strong> como meningoencefalitis.<\/p>\n\n\n\n<p>El donante mallorqu\u00edn infectado fue monitoreado durante un a\u00f1o y no present\u00f3 s\u00edntomas ni secuelas.<\/p>\n\n\n\n<hr class=\"wp-block-separator has-alpha-channel-opacity\"\/>\n\n\n\n<h2 class=\"wp-block-heading has-text-color has-link-color wp-elements-d4feb7018b6cfdeff892dc16d0d1c2ce\" style=\"color:#2223af\"><em>Por qu\u00e9 el caso es importante<\/em><\/h2>\n\n\n\n<p>El primer contagio aut\u00f3ctono se identific\u00f3 en Mallorca, donde el afectado no hab\u00eda viajado fuera de las islas. Adem\u00e1s, estudios posteriores confirmaron dos casos adicionales en <strong>Catalu\u00f1a<\/strong>, lo que indica una circulaci\u00f3n creciente del virus en la pen\u00ednsula ib\u00e9rica.<\/p>\n\n\n\n<p>El hallazgo evidencia:<\/p>\n\n\n\n<ul class=\"wp-block-list\">\n<li>\u2714\ufe0f La efectividad de los sistemas de vigilancia sanitaria<\/li>\n\n\n\n<li>\u2714\ufe0f La importancia del control en bancos de sangre<\/li>\n\n\n\n<li>\u2714\ufe0f El impacto del cambio clim\u00e1tico, la migraci\u00f3n de aves y la expansi\u00f3n de mosquitos en Europa<\/li>\n<\/ul>\n\n\n\n<p>Bancos de sangre, laboratorios y organismos de salud trabajan ahora en protocolos reforzados durante los meses de mayor actividad de vectores, con especial foco en personas inmunodeprimidas o que requieren transfusiones.<\/p>\n\n\n\n<hr class=\"wp-block-separator has-alpha-channel-opacity\"\/>\n\n\n\n<h2 class=\"wp-block-heading has-text-color has-link-color wp-elements-4a8d5fb20d633b16ca32d186e67bc27b\" style=\"color:#2223af\"><em>Una nueva se\u00f1al de alerta sanitaria global<\/em><\/h2>\n\n\n\n<p>Especialistas remarcan que este caso es un ejemplo claro del enfoque de <strong>\u201cUna sola salud\u201d<\/strong>, donde convergen factores ambientales, animales y humanos. El seguimiento epidemiol\u00f3gico continuar\u00e1 en toda Europa ante la posibilidad de que Usutu gane terreno en regiones donde los mosquitos encuentran condiciones propicias para expandirse.<\/p>\n","protected":false},"excerpt":{"rendered":"<p>El sistema sanitario europeo encendi\u00f3 las alertas tras confirmarse, por primera vez en Espa\u00f1a, un caso aut\u00f3ctono del virus Usutu, una infecci\u00f3n transmitida por mosquitos [&hellip;]<\/p>\n","protected":false},"author":1,"featured_media":4750,"comment_status":"open","ping_status":"open","sticky":false,"template":"","format":"standard","meta":{"footnotes":""},"categories":[3],"tags":[],"class_list":["post-18964","post","type-post","status-publish","format-standard","has-post-thumbnail","hentry","category-nutricion"],"better_featured_image":{"id":4750,"alt_text":"","caption":"Independientemente de la vacuna, es importante tomar las medidas de proyecci\u00f3n universales, como usar repelente, descacharrar e instalar mosquiteros. (Fuente: Pexels)","description":"","media_type":"image","media_details":{"width":420,"height":278,"file":"2024\/04\/dengue-mosquito.jpg","filesize":17875,"sizes":{"medium":{"file":"dengue-mosquito-300x199.jpg","width":300,"height":199,"mime-type":"image\/jpeg","filesize":9004,"source_url":"https:\/\/nuevodigitaldeescobar.com.ar\/wp-content\/uploads\/2024\/04\/dengue-mosquito-300x199.jpg"},"thumbnail":{"file":"dengue-mosquito-150x150.jpg","width":150,"height":150,"mime-type":"image\/jpeg","filesize":4638,"source_url":"https:\/\/nuevodigitaldeescobar.com.ar\/wp-content\/uploads\/2024\/04\/dengue-mosquito-150x150.jpg"}},"image_meta":{"aperture":"0","credit":"","camera":"","caption":"","created_timestamp":"0","copyright":"","focal_length":"0","iso":"0","shutter_speed":"0","title":"","orientation":"0","keywords":[]}},"post":4749,"source_url":"https:\/\/nuevodigitaldeescobar.com.ar\/wp-content\/uploads\/2024\/04\/dengue-mosquito.jpg"},"yoast_head":"<!-- This site is optimized with the Yoast SEO plugin v26.1.1 - https:\/\/yoast.com\/wordpress\/plugins\/seo\/ -->\n<title>Detectan en Espa\u00f1a el primer caso aut\u00f3ctono del virus Usutu: qu\u00e9 se sabe sobre este nuevo agente infeccioso - Nuevo Digital de Escobar<\/title>\n<meta name=\"robots\" content=\"index, follow, max-snippet:-1, max-image-preview:large, max-video-preview:-1\" \/>\n<link rel=\"canonical\" href=\"https:\/\/nuevodigitaldeescobar.com.ar\/?p=18964\" \/>\n<meta property=\"og:locale\" content=\"es_ES\" \/>\n<meta property=\"og:type\" content=\"article\" \/>\n<meta property=\"og:title\" content=\"Detectan en Espa\u00f1a el primer caso aut\u00f3ctono del virus Usutu: qu\u00e9 se sabe sobre este nuevo agente infeccioso - Nuevo Digital de Escobar\" \/>\n<meta property=\"og:description\" content=\"El sistema sanitario europeo encendi\u00f3 las alertas tras confirmarse, por primera vez en Espa\u00f1a, un caso aut\u00f3ctono del virus Usutu, una infecci\u00f3n transmitida por mosquitos [&hellip;]\" \/>\n<meta property=\"og:url\" content=\"https:\/\/nuevodigitaldeescobar.com.ar\/?p=18964\" \/>\n<meta property=\"og:site_name\" content=\"Nuevo Digital de Escobar\" \/>\n<meta property=\"article:publisher\" content=\"https:\/\/www.facebook.com\/NUEVODigitalDeEscobar\" \/>\n<meta property=\"article:published_time\" content=\"2025-11-23T04:14:00+00:00\" \/>\n<meta property=\"og:image\" content=\"https:\/\/nuevodigitaldeescobar.com.ar\/wp-content\/uploads\/2024\/04\/dengue-mosquito.jpg\" \/>\n\t<meta property=\"og:image:width\" content=\"420\" \/>\n\t<meta property=\"og:image:height\" content=\"278\" \/>\n\t<meta property=\"og:image:type\" content=\"image\/jpeg\" \/>\n<meta name=\"author\" content=\"Redacci\u00f3n\" \/>\n<meta name=\"twitter:card\" content=\"summary_large_image\" \/>\n<meta name=\"twitter:creator\" content=\"@nuevodigescobar\" \/>\n<meta name=\"twitter:site\" content=\"@nuevodigescobar\" \/>\n<meta name=\"twitter:label1\" content=\"Escrito por\" \/>\n\t<meta name=\"twitter:data1\" content=\"Redacci\u00f3n\" \/>\n\t<meta name=\"twitter:label2\" content=\"Tiempo de lectura\" \/>\n\t<meta name=\"twitter:data2\" content=\"3 minutos\" \/>\n<script type=\"application\/ld+json\" class=\"yoast-schema-graph\">{\"@context\":\"https:\/\/schema.org\",\"@graph\":[{\"@type\":\"Article\",\"@id\":\"https:\/\/nuevodigitaldeescobar.com.ar\/?p=18964#article\",\"isPartOf\":{\"@id\":\"https:\/\/nuevodigitaldeescobar.com.ar\/?p=18964\"},\"author\":{\"name\":\"Redacci\u00f3n\",\"@id\":\"https:\/\/nuevodigitaldeescobar.com.ar\/#\/schema\/person\/035e90a8efe9a80e6eec22656ad6ea4c\"},\"headline\":\"Detectan en Espa\u00f1a el primer caso aut\u00f3ctono del virus Usutu: qu\u00e9 se sabe sobre este nuevo agente infeccioso\",\"datePublished\":\"2025-11-23T04:14:00+00:00\",\"mainEntityOfPage\":{\"@id\":\"https:\/\/nuevodigitaldeescobar.com.ar\/?p=18964\"},\"wordCount\":578,\"commentCount\":0,\"publisher\":{\"@id\":\"https:\/\/nuevodigitaldeescobar.com.ar\/#organization\"},\"image\":{\"@id\":\"https:\/\/nuevodigitaldeescobar.com.ar\/?p=18964#primaryimage\"},\"thumbnailUrl\":\"https:\/\/nuevodigitaldeescobar.com.ar\/wp-content\/uploads\/2024\/04\/dengue-mosquito.jpg\",\"articleSection\":[\"Salud y Nutrici\u00f3n\"],\"inLanguage\":\"es\",\"potentialAction\":[{\"@type\":\"CommentAction\",\"name\":\"Comment\",\"target\":[\"https:\/\/nuevodigitaldeescobar.com.ar\/?p=18964#respond\"]}]},{\"@type\":\"WebPage\",\"@id\":\"https:\/\/nuevodigitaldeescobar.com.ar\/?p=18964\",\"url\":\"https:\/\/nuevodigitaldeescobar.com.ar\/?p=18964\",\"name\":\"Detectan en Espa\u00f1a el primer caso aut\u00f3ctono del virus Usutu: qu\u00e9 se sabe sobre este nuevo agente infeccioso - Nuevo Digital de Escobar\",\"isPartOf\":{\"@id\":\"https:\/\/nuevodigitaldeescobar.com.ar\/#website\"},\"primaryImageOfPage\":{\"@id\":\"https:\/\/nuevodigitaldeescobar.com.ar\/?p=18964#primaryimage\"},\"image\":{\"@id\":\"https:\/\/nuevodigitaldeescobar.com.ar\/?p=18964#primaryimage\"},\"thumbnailUrl\":\"https:\/\/nuevodigitaldeescobar.com.ar\/wp-content\/uploads\/2024\/04\/dengue-mosquito.jpg\",\"datePublished\":\"2025-11-23T04:14:00+00:00\",\"breadcrumb\":{\"@id\":\"https:\/\/nuevodigitaldeescobar.com.ar\/?p=18964#breadcrumb\"},\"inLanguage\":\"es\",\"potentialAction\":[{\"@type\":\"ReadAction\",\"target\":[\"https:\/\/nuevodigitaldeescobar.com.ar\/?p=18964\"]}]},{\"@type\":\"ImageObject\",\"inLanguage\":\"es\",\"@id\":\"https:\/\/nuevodigitaldeescobar.com.ar\/?p=18964#primaryimage\",\"url\":\"https:\/\/nuevodigitaldeescobar.com.ar\/wp-content\/uploads\/2024\/04\/dengue-mosquito.jpg\",\"contentUrl\":\"https:\/\/nuevodigitaldeescobar.com.ar\/wp-content\/uploads\/2024\/04\/dengue-mosquito.jpg\",\"width\":420,\"height\":278,\"caption\":\"Independientemente de la vacuna, es importante tomar las medidas de proyecci\u00f3n universales, como usar repelente, descacharrar e instalar mosquiteros. (Fuente: Pexels)\"},{\"@type\":\"BreadcrumbList\",\"@id\":\"https:\/\/nuevodigitaldeescobar.com.ar\/?p=18964#breadcrumb\",\"itemListElement\":[{\"@type\":\"ListItem\",\"position\":1,\"name\":\"Portada\",\"item\":\"https:\/\/nuevodigitaldeescobar.com.ar\/\"},{\"@type\":\"ListItem\",\"position\":2,\"name\":\"Detectan en Espa\u00f1a el primer caso aut\u00f3ctono del virus Usutu: qu\u00e9 se sabe sobre este nuevo agente infeccioso\"}]},{\"@type\":\"WebSite\",\"@id\":\"https:\/\/nuevodigitaldeescobar.com.ar\/#website\",\"url\":\"https:\/\/nuevodigitaldeescobar.com.ar\/\",\"name\":\"Nuevo Digital de Escobar\",\"description\":\"La vida escobarense. Directora: Rosana Brunner\",\"publisher\":{\"@id\":\"https:\/\/nuevodigitaldeescobar.com.ar\/#organization\"},\"potentialAction\":[{\"@type\":\"SearchAction\",\"target\":{\"@type\":\"EntryPoint\",\"urlTemplate\":\"https:\/\/nuevodigitaldeescobar.com.ar\/?s={search_term_string}\"},\"query-input\":{\"@type\":\"PropertyValueSpecification\",\"valueRequired\":true,\"valueName\":\"search_term_string\"}}],\"inLanguage\":\"es\"},{\"@type\":\"Organization\",\"@id\":\"https:\/\/nuevodigitaldeescobar.com.ar\/#organization\",\"name\":\"Nuevo Digital de Escobar\",\"url\":\"https:\/\/nuevodigitaldeescobar.com.ar\/\",\"logo\":{\"@type\":\"ImageObject\",\"inLanguage\":\"es\",\"@id\":\"https:\/\/nuevodigitaldeescobar.com.ar\/#\/schema\/logo\/image\/\",\"url\":\"https:\/\/nuevodigitaldeescobar.com.ar\/wp-content\/uploads\/2025\/05\/cropped-logo-nuevo2.jpg\",\"contentUrl\":\"https:\/\/nuevodigitaldeescobar.com.ar\/wp-content\/uploads\/2025\/05\/cropped-logo-nuevo2.jpg\",\"width\":305,\"height\":305,\"caption\":\"Nuevo Digital de Escobar\"},\"image\":{\"@id\":\"https:\/\/nuevodigitaldeescobar.com.ar\/#\/schema\/logo\/image\/\"},\"sameAs\":[\"https:\/\/www.facebook.com\/NUEVODigitalDeEscobar\",\"https:\/\/x.com\/nuevodigescobar\",\"https:\/\/www.instagram.com\/nuevodigitaldeescobar\"]},{\"@type\":\"Person\",\"@id\":\"https:\/\/nuevodigitaldeescobar.com.ar\/#\/schema\/person\/035e90a8efe9a80e6eec22656ad6ea4c\",\"name\":\"Redacci\u00f3n\",\"image\":{\"@type\":\"ImageObject\",\"inLanguage\":\"es\",\"@id\":\"https:\/\/nuevodigitaldeescobar.com.ar\/#\/schema\/person\/image\/\",\"url\":\"https:\/\/secure.gravatar.com\/avatar\/8af8f40000c24e9eef3034f2be5998a372bb1389e64b1a4a36b3a7979142220d?s=96&d=mm&r=g\",\"contentUrl\":\"https:\/\/secure.gravatar.com\/avatar\/8af8f40000c24e9eef3034f2be5998a372bb1389e64b1a4a36b3a7979142220d?s=96&d=mm&r=g\",\"caption\":\"Redacci\u00f3n\"},\"sameAs\":[\"http:\/\/nuevodigitaldeescobar.com.ar\"],\"url\":\"https:\/\/nuevodigitaldeescobar.com.ar\/?author=1\"}]}<\/script>\n<!-- \/ Yoast SEO plugin. -->","yoast_head_json":{"title":"Detectan en Espa\u00f1a el primer caso aut\u00f3ctono del virus Usutu: qu\u00e9 se sabe sobre este nuevo agente infeccioso - Nuevo Digital de Escobar","robots":{"index":"index","follow":"follow","max-snippet":"max-snippet:-1","max-image-preview":"max-image-preview:large","max-video-preview":"max-video-preview:-1"},"canonical":"https:\/\/nuevodigitaldeescobar.com.ar\/?p=18964","og_locale":"es_ES","og_type":"article","og_title":"Detectan en Espa\u00f1a el primer caso aut\u00f3ctono del virus Usutu: qu\u00e9 se sabe sobre este nuevo agente infeccioso - Nuevo Digital de Escobar","og_description":"El sistema sanitario europeo encendi\u00f3 las alertas tras confirmarse, por primera vez en Espa\u00f1a, un caso aut\u00f3ctono del virus Usutu, una infecci\u00f3n transmitida por mosquitos [&hellip;]","og_url":"https:\/\/nuevodigitaldeescobar.com.ar\/?p=18964","og_site_name":"Nuevo Digital de Escobar","article_publisher":"https:\/\/www.facebook.com\/NUEVODigitalDeEscobar","article_published_time":"2025-11-23T04:14:00+00:00","og_image":[{"width":420,"height":278,"url":"https:\/\/nuevodigitaldeescobar.com.ar\/wp-content\/uploads\/2024\/04\/dengue-mosquito.jpg","type":"image\/jpeg"}],"author":"Redacci\u00f3n","twitter_card":"summary_large_image","twitter_creator":"@nuevodigescobar","twitter_site":"@nuevodigescobar","twitter_misc":{"Escrito por":"Redacci\u00f3n","Tiempo de lectura":"3 minutos"},"schema":{"@context":"https:\/\/schema.org","@graph":[{"@type":"Article","@id":"https:\/\/nuevodigitaldeescobar.com.ar\/?p=18964#article","isPartOf":{"@id":"https:\/\/nuevodigitaldeescobar.com.ar\/?p=18964"},"author":{"name":"Redacci\u00f3n","@id":"https:\/\/nuevodigitaldeescobar.com.ar\/#\/schema\/person\/035e90a8efe9a80e6eec22656ad6ea4c"},"headline":"Detectan en Espa\u00f1a el primer caso aut\u00f3ctono del virus Usutu: qu\u00e9 se sabe sobre este nuevo agente infeccioso","datePublished":"2025-11-23T04:14:00+00:00","mainEntityOfPage":{"@id":"https:\/\/nuevodigitaldeescobar.com.ar\/?p=18964"},"wordCount":578,"commentCount":0,"publisher":{"@id":"https:\/\/nuevodigitaldeescobar.com.ar\/#organization"},"image":{"@id":"https:\/\/nuevodigitaldeescobar.com.ar\/?p=18964#primaryimage"},"thumbnailUrl":"https:\/\/nuevodigitaldeescobar.com.ar\/wp-content\/uploads\/2024\/04\/dengue-mosquito.jpg","articleSection":["Salud y Nutrici\u00f3n"],"inLanguage":"es","potentialAction":[{"@type":"CommentAction","name":"Comment","target":["https:\/\/nuevodigitaldeescobar.com.ar\/?p=18964#respond"]}]},{"@type":"WebPage","@id":"https:\/\/nuevodigitaldeescobar.com.ar\/?p=18964","url":"https:\/\/nuevodigitaldeescobar.com.ar\/?p=18964","name":"Detectan en Espa\u00f1a el primer caso aut\u00f3ctono del virus Usutu: qu\u00e9 se sabe sobre este nuevo agente infeccioso - Nuevo Digital de Escobar","isPartOf":{"@id":"https:\/\/nuevodigitaldeescobar.com.ar\/#website"},"primaryImageOfPage":{"@id":"https:\/\/nuevodigitaldeescobar.com.ar\/?p=18964#primaryimage"},"image":{"@id":"https:\/\/nuevodigitaldeescobar.com.ar\/?p=18964#primaryimage"},"thumbnailUrl":"https:\/\/nuevodigitaldeescobar.com.ar\/wp-content\/uploads\/2024\/04\/dengue-mosquito.jpg","datePublished":"2025-11-23T04:14:00+00:00","breadcrumb":{"@id":"https:\/\/nuevodigitaldeescobar.com.ar\/?p=18964#breadcrumb"},"inLanguage":"es","potentialAction":[{"@type":"ReadAction","target":["https:\/\/nuevodigitaldeescobar.com.ar\/?p=18964"]}]},{"@type":"ImageObject","inLanguage":"es","@id":"https:\/\/nuevodigitaldeescobar.com.ar\/?p=18964#primaryimage","url":"https:\/\/nuevodigitaldeescobar.com.ar\/wp-content\/uploads\/2024\/04\/dengue-mosquito.jpg","contentUrl":"https:\/\/nuevodigitaldeescobar.com.ar\/wp-content\/uploads\/2024\/04\/dengue-mosquito.jpg","width":420,"height":278,"caption":"Independientemente de la vacuna, es importante tomar las medidas de proyecci\u00f3n universales, como usar repelente, descacharrar e instalar mosquiteros. (Fuente: Pexels)"},{"@type":"BreadcrumbList","@id":"https:\/\/nuevodigitaldeescobar.com.ar\/?p=18964#breadcrumb","itemListElement":[{"@type":"ListItem","position":1,"name":"Portada","item":"https:\/\/nuevodigitaldeescobar.com.ar\/"},{"@type":"ListItem","position":2,"name":"Detectan en Espa\u00f1a el primer caso aut\u00f3ctono del virus Usutu: qu\u00e9 se sabe sobre este nuevo agente infeccioso"}]},{"@type":"WebSite","@id":"https:\/\/nuevodigitaldeescobar.com.ar\/#website","url":"https:\/\/nuevodigitaldeescobar.com.ar\/","name":"Nuevo Digital de Escobar","description":"La vida escobarense. Directora: Rosana Brunner","publisher":{"@id":"https:\/\/nuevodigitaldeescobar.com.ar\/#organization"},"potentialAction":[{"@type":"SearchAction","target":{"@type":"EntryPoint","urlTemplate":"https:\/\/nuevodigitaldeescobar.com.ar\/?s={search_term_string}"},"query-input":{"@type":"PropertyValueSpecification","valueRequired":true,"valueName":"search_term_string"}}],"inLanguage":"es"},{"@type":"Organization","@id":"https:\/\/nuevodigitaldeescobar.com.ar\/#organization","name":"Nuevo Digital de Escobar","url":"https:\/\/nuevodigitaldeescobar.com.ar\/","logo":{"@type":"ImageObject","inLanguage":"es","@id":"https:\/\/nuevodigitaldeescobar.com.ar\/#\/schema\/logo\/image\/","url":"https:\/\/nuevodigitaldeescobar.com.ar\/wp-content\/uploads\/2025\/05\/cropped-logo-nuevo2.jpg","contentUrl":"https:\/\/nuevodigitaldeescobar.com.ar\/wp-content\/uploads\/2025\/05\/cropped-logo-nuevo2.jpg","width":305,"height":305,"caption":"Nuevo Digital de Escobar"},"image":{"@id":"https:\/\/nuevodigitaldeescobar.com.ar\/#\/schema\/logo\/image\/"},"sameAs":["https:\/\/www.facebook.com\/NUEVODigitalDeEscobar","https:\/\/x.com\/nuevodigescobar","https:\/\/www.instagram.com\/nuevodigitaldeescobar"]},{"@type":"Person","@id":"https:\/\/nuevodigitaldeescobar.com.ar\/#\/schema\/person\/035e90a8efe9a80e6eec22656ad6ea4c","name":"Redacci\u00f3n","image":{"@type":"ImageObject","inLanguage":"es","@id":"https:\/\/nuevodigitaldeescobar.com.ar\/#\/schema\/person\/image\/","url":"https:\/\/secure.gravatar.com\/avatar\/8af8f40000c24e9eef3034f2be5998a372bb1389e64b1a4a36b3a7979142220d?s=96&d=mm&r=g","contentUrl":"https:\/\/secure.gravatar.com\/avatar\/8af8f40000c24e9eef3034f2be5998a372bb1389e64b1a4a36b3a7979142220d?s=96&d=mm&r=g","caption":"Redacci\u00f3n"},"sameAs":["http:\/\/nuevodigitaldeescobar.com.ar"],"url":"https:\/\/nuevodigitaldeescobar.com.ar\/?author=1"}]}},"featured_image_urls":{"full":["https:\/\/nuevodigitaldeescobar.com.ar\/wp-content\/uploads\/2024\/04\/dengue-mosquito.jpg",420,278,false],"thumbnail":["https:\/\/nuevodigitaldeescobar.com.ar\/wp-content\/uploads\/2024\/04\/dengue-mosquito-150x150.jpg",150,150,true],"medium":["https:\/\/nuevodigitaldeescobar.com.ar\/wp-content\/uploads\/2024\/04\/dengue-mosquito-300x199.jpg",300,199,true],"medium_large":["https:\/\/nuevodigitaldeescobar.com.ar\/wp-content\/uploads\/2024\/04\/dengue-mosquito.jpg",420,278,false],"large":["https:\/\/nuevodigitaldeescobar.com.ar\/wp-content\/uploads\/2024\/04\/dengue-mosquito.jpg",420,278,false],"1536x1536":["https:\/\/nuevodigitaldeescobar.com.ar\/wp-content\/uploads\/2024\/04\/dengue-mosquito.jpg",420,278,false],"2048x2048":["https:\/\/nuevodigitaldeescobar.com.ar\/wp-content\/uploads\/2024\/04\/dengue-mosquito.jpg",420,278,false]},"author_info":{"display_name":"Redacci\u00f3n","author_link":"https:\/\/nuevodigitaldeescobar.com.ar\/?author=1"},"category_info":"<a href=\"https:\/\/nuevodigitaldeescobar.com.ar\/?cat=3\" rel=\"category\">Salud y Nutrici\u00f3n<\/a>","tag_info":"Salud y Nutrici\u00f3n","comment_count":"0","_links":{"self":[{"href":"https:\/\/nuevodigitaldeescobar.com.ar\/index.php?rest_route=\/wp\/v2\/posts\/18964","targetHints":{"allow":["GET"]}}],"collection":[{"href":"https:\/\/nuevodigitaldeescobar.com.ar\/index.php?rest_route=\/wp\/v2\/posts"}],"about":[{"href":"https:\/\/nuevodigitaldeescobar.com.ar\/index.php?rest_route=\/wp\/v2\/types\/post"}],"author":[{"embeddable":true,"href":"https:\/\/nuevodigitaldeescobar.com.ar\/index.php?rest_route=\/wp\/v2\/users\/1"}],"replies":[{"embeddable":true,"href":"https:\/\/nuevodigitaldeescobar.com.ar\/index.php?rest_route=%2Fwp%2Fv2%2Fcomments&post=18964"}],"version-history":[{"count":1,"href":"https:\/\/nuevodigitaldeescobar.com.ar\/index.php?rest_route=\/wp\/v2\/posts\/18964\/revisions"}],"predecessor-version":[{"id":18965,"href":"https:\/\/nuevodigitaldeescobar.com.ar\/index.php?rest_route=\/wp\/v2\/posts\/18964\/revisions\/18965"}],"wp:featuredmedia":[{"embeddable":true,"href":"https:\/\/nuevodigitaldeescobar.com.ar\/index.php?rest_route=\/wp\/v2\/media\/4750"}],"wp:attachment":[{"href":"https:\/\/nuevodigitaldeescobar.com.ar\/index.php?rest_route=%2Fwp%2Fv2%2Fmedia&parent=18964"}],"wp:term":[{"taxonomy":"category","embeddable":true,"href":"https:\/\/nuevodigitaldeescobar.com.ar\/index.php?rest_route=%2Fwp%2Fv2%2Fcategories&post=18964"},{"taxonomy":"post_tag","embeddable":true,"href":"https:\/\/nuevodigitaldeescobar.com.ar\/index.php?rest_route=%2Fwp%2Fv2%2Ftags&post=18964"}],"curies":[{"name":"wp","href":"https:\/\/api.w.org\/{rel}","templated":true}]}}