{"id":18966,"date":"2025-11-23T03:20:00","date_gmt":"2025-11-23T06:20:00","guid":{"rendered":"https:\/\/nuevodigitaldeescobar.com.ar\/?p=18966"},"modified":"2025-11-22T19:21:44","modified_gmt":"2025-11-22T22:21:44","slug":"empleadas-domesticas-asi-quedan-los-salarios-de-diciembre-tras-el-nuevo-aumento","status":"publish","type":"post","link":"https:\/\/nuevodigitaldeescobar.com.ar\/?p=18966","title":{"rendered":"Empleadas dom\u00e9sticas: as\u00ed quedan los salarios de diciembre tras el nuevo aumento"},"content":{"rendered":"\n<p class=\"has-vivid-cyan-blue-color has-text-color has-link-color wp-elements-0e06c42bd77d6bcf17d7723a37fc668e\"><strong><em>La Comisi\u00f3n Nacional de Trabajo en Casas Particulares (CNTCP) confirm\u00f3 un \u00faltimo ajuste salarial para diciembre, que completa la suba del 2,7% anunciada en noviembre. El incremento se aplic\u00f3 en dos tramos: 1,4% en noviembre y 1,3% ahora en diciembre, acompa\u00f1ado por un bono no remunerativo de $14.000 durante tres meses para quienes trabajan m\u00e1s de 16 horas semanales.<\/em><\/strong><\/p>\n\n\n\n<!--more-->\n\n\n\n<p>Se trata de una actualizaci\u00f3n esperada: m\u00e1s de <strong>1,3 millones de trabajadoras de casas particulares<\/strong> dependen de estas escalas, que no se mov\u00edan desde septiembre, cuando cerr\u00f3 el acuerdo anterior.<\/p>\n\n\n\n<p>A continuaci\u00f3n, presentamos c\u00f3mo quedan las tarifas actualizadas para diciembre, en comparaci\u00f3n con noviembre, para que empleadores y trabajadoras puedan consultarlas f\u00e1cilmente.<\/p>\n\n\n\n<hr class=\"wp-block-separator has-alpha-channel-opacity\"\/>\n\n\n\n<h2 class=\"wp-block-heading has-text-color has-link-color wp-elements-8d33fa58dc9e8e532a2c8396729ab118\" style=\"color:#1a35aa\"><em>Escalas salariales de diciembre 2025<\/em><\/h2>\n\n\n\n<p><em>(Montos por hora y mensuales seg\u00fan r\u00e9gimen con o sin retiro)<\/em><\/p>\n\n\n\n<h3 class=\"wp-block-heading\"><strong>1) Categor\u00eda: Supervisor\/a<\/strong><\/h3>\n\n\n\n<figure class=\"wp-block-table\"><table class=\"has-fixed-layout\"><thead><tr><th>Condici\u00f3n<\/th><th>Diciembre \u2013 Hora<\/th><th>Diciembre \u2013 Mensual<\/th><th>Noviembre \u2013 Hora<\/th><th>Noviembre \u2013 Mensual<\/th><\/tr><\/thead><tbody><tr><td>Con retiro<\/td><td>$3.783,32<\/td><td>$471.961,06<\/td><td>$3.734,78<\/td><td>$465.904,33<\/td><\/tr><tr><td>Sin retiro<\/td><td>$4.143,71<\/td><td>$525.691,97<\/td><td>$4.090,52<\/td><td>$518.965,42<\/td><\/tr><\/tbody><\/table><\/figure>\n\n\n\n<h3 class=\"wp-block-heading\"><strong>2) Tareas espec\u00edficas<\/strong><\/h3>\n\n\n\n<p><em>(cocina profesional, tareas especializadas)<\/em><\/p>\n\n\n\n<figure class=\"wp-block-table\"><table class=\"has-fixed-layout\"><thead><tr><th>Condici\u00f3n<\/th><th>Diciembre \u2013 Hora<\/th><th>Diciembre \u2013 Mensual<\/th><th>Noviembre \u2013 Hora<\/th><th>Noviembre \u2013 Mensual<\/th><\/tr><\/thead><tbody><tr><td>Con retiro<\/td><td>$3.582,80<\/td><td>$438.483,53<\/td><td>$3.535,82<\/td><td>$432.851,44<\/td><\/tr><tr><td>Sin retiro<\/td><td>$3.926,79<\/td><td>$487.121,05<\/td><td>$3.876,43<\/td><td>$481.837,15<\/td><\/tr><\/tbody><\/table><\/figure>\n\n\n\n<h3 class=\"wp-block-heading\"><strong>3) Caseros<\/strong><\/h3>\n\n\n\n<figure class=\"wp-block-table\"><table class=\"has-fixed-layout\"><thead><tr><th>Condici\u00f3n<\/th><th>Diciembre \u2013 Hora<\/th><th>Diciembre \u2013 Mensual<\/th><th>Noviembre \u2013 Hora<\/th><th>Noviembre \u2013 Mensual<\/th><\/tr><\/thead><tbody><tr><td>Caseros<\/td><td>$3.383,53<\/td><td>$427.807,54<\/td><td>$3.340,11<\/td><td>$422.316,42<\/td><\/tr><\/tbody><\/table><\/figure>\n\n\n\n<h3 class=\"wp-block-heading\"><strong>4) Asistencia y cuidado de personas<\/strong><\/h3>\n\n\n\n<p><em>(adultos mayores, ni\u00f1os, personas con discapacidad o enfermas)<\/em><\/p>\n\n\n\n<figure class=\"wp-block-table\"><table class=\"has-fixed-layout\"><thead><tr><th>Condici\u00f3n<\/th><th>Diciembre \u2013 Hora<\/th><th>Diciembre \u2013 Mensual<\/th><th>Noviembre \u2013 Hora<\/th><th>Noviembre \u2013 Mensual<\/th><\/tr><\/thead><tbody><tr><td>Con retiro<\/td><td>$3.383,53<\/td><td>$427.807,54<\/td><td>$3.340,11<\/td><td>$422.316,42<\/td><\/tr><tr><td>Sin retiro<\/td><td>$3.783,32<\/td><td>$476.759,57<\/td><td>$3.734,78<\/td><td>$470.627,41<\/td><\/tr><\/tbody><\/table><\/figure>\n\n\n\n<h3 class=\"wp-block-heading\"><strong>5) Tareas generales<\/strong><\/h3>\n\n\n\n<p><em>(limpieza, cocina, lavado, mantenimiento del hogar)<\/em><\/p>\n\n\n\n<figure class=\"wp-block-table\"><table class=\"has-fixed-layout\"><thead><tr><th>Condici\u00f3n<\/th><th>Diciembre \u2013 Hora<\/th><th>Diciembre \u2013 Mensual<\/th><th>Noviembre \u2013 Hora<\/th><th>Noviembre \u2013 Mensual<\/th><\/tr><\/thead><tbody><tr><td>Con retiro<\/td><td>$3.135,96<\/td><td>$384.722,14<\/td><td>$3.095,73<\/td><td>$379.784,94<\/td><\/tr><tr><td>Sin retiro<\/td><td>$3.383,53<\/td><td>$427.807,54<\/td><td>$3.340,11<\/td><td>$422.316,42<\/td><\/tr><\/tbody><\/table><\/figure>\n\n\n\n<hr class=\"wp-block-separator has-alpha-channel-opacity\"\/>\n\n\n\n<h2 class=\"wp-block-heading has-text-color has-link-color wp-elements-fbbadc4962a6625ab810f5fae9ac42df\" style=\"color:#1a35aa\"><em>Bonos, antig\u00fcedad y adicionales<\/em><\/h2>\n\n\n\n<h3 class=\"wp-block-heading\">\u2714 Bono no remunerativo<\/h3>\n\n\n\n<ul class=\"wp-block-list\">\n<li><strong>$14.000 mensuales<\/strong>, durante noviembre, diciembre y enero.<\/li>\n\n\n\n<li>Para quienes trabajen m\u00e1s de 16 horas semanales.<\/li>\n<\/ul>\n\n\n\n<h3 class=\"wp-block-heading\">\u2714 Antig\u00fcedad<\/h3>\n\n\n\n<ul class=\"wp-block-list\">\n<li>Se paga <strong>1% del salario mensual por cada a\u00f1o de servicio<\/strong>.<\/li>\n\n\n\n<li>Vigencia desde septiembre de 2021.<\/li>\n\n\n\n<li>Se computa desde septiembre de 2020 en adelante.<\/li>\n<\/ul>\n\n\n\n<h3 class=\"wp-block-heading\">\u2714 Zona desfavorable<\/h3>\n\n\n\n<p>Quienes trabajen en zonas como:<br><strong>Patagonia, La Pampa, Neuqu\u00e9n, R\u00edo Negro, Chubut, Santa Cruz, Tierra del Fuego y Partido de Patagones<\/strong><br>reciben un <strong>30% adicional<\/strong> sobre el salario m\u00ednimo.<\/p>\n\n\n\n<h3 class=\"wp-block-heading\">\u2714 Aguinaldo (SAC)<\/h3>\n\n\n\n<p>Se abona en <strong>junio y diciembre<\/strong>.<br>Se calcula como el <strong>50% del mejor salario del semestre<\/strong>.<br>Si la trabajadora no cumpli\u00f3 los seis meses, se paga proporcionalmente.<\/p>\n","protected":false},"excerpt":{"rendered":"<p>La Comisi\u00f3n Nacional de Trabajo en Casas Particulares (CNTCP) confirm\u00f3 un \u00faltimo ajuste salarial para diciembre, que completa la suba del 2,7% anunciada en noviembre. [&hellip;]<\/p>\n","protected":false},"author":1,"featured_media":3680,"comment_status":"open","ping_status":"open","sticky":false,"template":"","format":"standard","meta":{"footnotes":""},"categories":[7],"tags":[],"class_list":["post-18966","post","type-post","status-publish","format-standard","has-post-thumbnail","hentry","category-interes-general"],"better_featured_image":{"id":3680,"alt_text":"","caption":"","description":"","media_type":"image","media_details":{"width":720,"height":405,"file":"2024\/02\/personal-domestico-e1708613967479.jpg","filesize":97430,"sizes":{"medium":{"file":"personal-domestico-300x169.jpg","width":300,"height":169,"mime-type":"image\/jpeg","filesize":10112,"source_url":"https:\/\/nuevodigitaldeescobar.com.ar\/wp-content\/uploads\/2024\/02\/personal-domestico-300x169.jpg"},"thumbnail":{"file":"personal-domestico-150x150.jpg","width":150,"height":150,"mime-type":"image\/jpeg","filesize":5204,"source_url":"https:\/\/nuevodigitaldeescobar.com.ar\/wp-content\/uploads\/2024\/02\/personal-domestico-150x150.jpg"},"medium_large":{"file":"personal-domestico-768x432.jpg","width":768,"height":432,"mime-type":"image\/jpeg","filesize":43844,"source_url":"https:\/\/nuevodigitaldeescobar.com.ar\/wp-content\/uploads\/2024\/02\/personal-domestico-768x432.jpg"}},"image_meta":{"aperture":"0","credit":"","camera":"","caption":"","created_timestamp":"0","copyright":"","focal_length":"0","iso":"0","shutter_speed":"0","title":"","orientation":"0","keywords":[]}},"post":3679,"source_url":"https:\/\/nuevodigitaldeescobar.com.ar\/wp-content\/uploads\/2024\/02\/personal-domestico-e1708613967479.jpg"},"yoast_head":"<!-- This site is optimized with the Yoast SEO plugin v26.1.1 - https:\/\/yoast.com\/wordpress\/plugins\/seo\/ -->\n<title>Empleadas dom\u00e9sticas: as\u00ed quedan los salarios de diciembre tras el nuevo aumento - Nuevo Digital de Escobar<\/title>\n<meta name=\"robots\" content=\"index, follow, max-snippet:-1, max-image-preview:large, max-video-preview:-1\" \/>\n<link rel=\"canonical\" href=\"https:\/\/nuevodigitaldeescobar.com.ar\/?p=18966\" \/>\n<meta property=\"og:locale\" content=\"es_ES\" \/>\n<meta property=\"og:type\" content=\"article\" \/>\n<meta property=\"og:title\" content=\"Empleadas dom\u00e9sticas: as\u00ed quedan los salarios de diciembre tras el nuevo aumento - Nuevo Digital de Escobar\" \/>\n<meta property=\"og:description\" content=\"La Comisi\u00f3n Nacional de Trabajo en Casas Particulares (CNTCP) confirm\u00f3 un \u00faltimo ajuste salarial para diciembre, que completa la suba del 2,7% anunciada en noviembre. [&hellip;]\" \/>\n<meta property=\"og:url\" content=\"https:\/\/nuevodigitaldeescobar.com.ar\/?p=18966\" \/>\n<meta property=\"og:site_name\" content=\"Nuevo Digital de Escobar\" \/>\n<meta property=\"article:publisher\" content=\"https:\/\/www.facebook.com\/NUEVODigitalDeEscobar\" \/>\n<meta property=\"article:published_time\" content=\"2025-11-23T06:20:00+00:00\" \/>\n<meta property=\"og:image\" content=\"https:\/\/nuevodigitaldeescobar.com.ar\/wp-content\/uploads\/2024\/02\/personal-domestico-e1708613967479.jpg\" \/>\n\t<meta property=\"og:image:width\" content=\"720\" \/>\n\t<meta property=\"og:image:height\" content=\"405\" \/>\n\t<meta property=\"og:image:type\" content=\"image\/jpeg\" \/>\n<meta name=\"author\" content=\"Redacci\u00f3n\" \/>\n<meta name=\"twitter:card\" content=\"summary_large_image\" \/>\n<meta name=\"twitter:creator\" content=\"@nuevodigescobar\" \/>\n<meta name=\"twitter:site\" content=\"@nuevodigescobar\" \/>\n<meta name=\"twitter:label1\" content=\"Escrito por\" \/>\n\t<meta name=\"twitter:data1\" content=\"Redacci\u00f3n\" \/>\n\t<meta name=\"twitter:label2\" content=\"Tiempo de lectura\" \/>\n\t<meta name=\"twitter:data2\" content=\"2 minutos\" \/>\n<script type=\"application\/ld+json\" class=\"yoast-schema-graph\">{\"@context\":\"https:\/\/schema.org\",\"@graph\":[{\"@type\":\"Article\",\"@id\":\"https:\/\/nuevodigitaldeescobar.com.ar\/?p=18966#article\",\"isPartOf\":{\"@id\":\"https:\/\/nuevodigitaldeescobar.com.ar\/?p=18966\"},\"author\":{\"name\":\"Redacci\u00f3n\",\"@id\":\"https:\/\/nuevodigitaldeescobar.com.ar\/#\/schema\/person\/035e90a8efe9a80e6eec22656ad6ea4c\"},\"headline\":\"Empleadas dom\u00e9sticas: as\u00ed quedan los salarios de diciembre tras el nuevo aumento\",\"datePublished\":\"2025-11-23T06:20:00+00:00\",\"mainEntityOfPage\":{\"@id\":\"https:\/\/nuevodigitaldeescobar.com.ar\/?p=18966\"},\"wordCount\":353,\"commentCount\":0,\"publisher\":{\"@id\":\"https:\/\/nuevodigitaldeescobar.com.ar\/#organization\"},\"image\":{\"@id\":\"https:\/\/nuevodigitaldeescobar.com.ar\/?p=18966#primaryimage\"},\"thumbnailUrl\":\"https:\/\/nuevodigitaldeescobar.com.ar\/wp-content\/uploads\/2024\/02\/personal-domestico-e1708613967479.jpg\",\"articleSection\":[\"Inter\u00e9s general\"],\"inLanguage\":\"es\",\"potentialAction\":[{\"@type\":\"CommentAction\",\"name\":\"Comment\",\"target\":[\"https:\/\/nuevodigitaldeescobar.com.ar\/?p=18966#respond\"]}]},{\"@type\":\"WebPage\",\"@id\":\"https:\/\/nuevodigitaldeescobar.com.ar\/?p=18966\",\"url\":\"https:\/\/nuevodigitaldeescobar.com.ar\/?p=18966\",\"name\":\"Empleadas dom\u00e9sticas: as\u00ed quedan los salarios de diciembre tras el nuevo aumento - Nuevo Digital de Escobar\",\"isPartOf\":{\"@id\":\"https:\/\/nuevodigitaldeescobar.com.ar\/#website\"},\"primaryImageOfPage\":{\"@id\":\"https:\/\/nuevodigitaldeescobar.com.ar\/?p=18966#primaryimage\"},\"image\":{\"@id\":\"https:\/\/nuevodigitaldeescobar.com.ar\/?p=18966#primaryimage\"},\"thumbnailUrl\":\"https:\/\/nuevodigitaldeescobar.com.ar\/wp-content\/uploads\/2024\/02\/personal-domestico-e1708613967479.jpg\",\"datePublished\":\"2025-11-23T06:20:00+00:00\",\"breadcrumb\":{\"@id\":\"https:\/\/nuevodigitaldeescobar.com.ar\/?p=18966#breadcrumb\"},\"inLanguage\":\"es\",\"potentialAction\":[{\"@type\":\"ReadAction\",\"target\":[\"https:\/\/nuevodigitaldeescobar.com.ar\/?p=18966\"]}]},{\"@type\":\"ImageObject\",\"inLanguage\":\"es\",\"@id\":\"https:\/\/nuevodigitaldeescobar.com.ar\/?p=18966#primaryimage\",\"url\":\"https:\/\/nuevodigitaldeescobar.com.ar\/wp-content\/uploads\/2024\/02\/personal-domestico-e1708613967479.jpg\",\"contentUrl\":\"https:\/\/nuevodigitaldeescobar.com.ar\/wp-content\/uploads\/2024\/02\/personal-domestico-e1708613967479.jpg\",\"width\":720,\"height\":405},{\"@type\":\"BreadcrumbList\",\"@id\":\"https:\/\/nuevodigitaldeescobar.com.ar\/?p=18966#breadcrumb\",\"itemListElement\":[{\"@type\":\"ListItem\",\"position\":1,\"name\":\"Portada\",\"item\":\"https:\/\/nuevodigitaldeescobar.com.ar\/\"},{\"@type\":\"ListItem\",\"position\":2,\"name\":\"Empleadas dom\u00e9sticas: as\u00ed quedan los salarios de diciembre tras el nuevo aumento\"}]},{\"@type\":\"WebSite\",\"@id\":\"https:\/\/nuevodigitaldeescobar.com.ar\/#website\",\"url\":\"https:\/\/nuevodigitaldeescobar.com.ar\/\",\"name\":\"Nuevo Digital de Escobar\",\"description\":\"La vida escobarense. Directora: Rosana Brunner\",\"publisher\":{\"@id\":\"https:\/\/nuevodigitaldeescobar.com.ar\/#organization\"},\"potentialAction\":[{\"@type\":\"SearchAction\",\"target\":{\"@type\":\"EntryPoint\",\"urlTemplate\":\"https:\/\/nuevodigitaldeescobar.com.ar\/?s={search_term_string}\"},\"query-input\":{\"@type\":\"PropertyValueSpecification\",\"valueRequired\":true,\"valueName\":\"search_term_string\"}}],\"inLanguage\":\"es\"},{\"@type\":\"Organization\",\"@id\":\"https:\/\/nuevodigitaldeescobar.com.ar\/#organization\",\"name\":\"Nuevo Digital de Escobar\",\"url\":\"https:\/\/nuevodigitaldeescobar.com.ar\/\",\"logo\":{\"@type\":\"ImageObject\",\"inLanguage\":\"es\",\"@id\":\"https:\/\/nuevodigitaldeescobar.com.ar\/#\/schema\/logo\/image\/\",\"url\":\"https:\/\/nuevodigitaldeescobar.com.ar\/wp-content\/uploads\/2025\/05\/cropped-logo-nuevo2.jpg\",\"contentUrl\":\"https:\/\/nuevodigitaldeescobar.com.ar\/wp-content\/uploads\/2025\/05\/cropped-logo-nuevo2.jpg\",\"width\":305,\"height\":305,\"caption\":\"Nuevo Digital de Escobar\"},\"image\":{\"@id\":\"https:\/\/nuevodigitaldeescobar.com.ar\/#\/schema\/logo\/image\/\"},\"sameAs\":[\"https:\/\/www.facebook.com\/NUEVODigitalDeEscobar\",\"https:\/\/x.com\/nuevodigescobar\",\"https:\/\/www.instagram.com\/nuevodigitaldeescobar\"]},{\"@type\":\"Person\",\"@id\":\"https:\/\/nuevodigitaldeescobar.com.ar\/#\/schema\/person\/035e90a8efe9a80e6eec22656ad6ea4c\",\"name\":\"Redacci\u00f3n\",\"image\":{\"@type\":\"ImageObject\",\"inLanguage\":\"es\",\"@id\":\"https:\/\/nuevodigitaldeescobar.com.ar\/#\/schema\/person\/image\/\",\"url\":\"https:\/\/secure.gravatar.com\/avatar\/8af8f40000c24e9eef3034f2be5998a372bb1389e64b1a4a36b3a7979142220d?s=96&d=mm&r=g\",\"contentUrl\":\"https:\/\/secure.gravatar.com\/avatar\/8af8f40000c24e9eef3034f2be5998a372bb1389e64b1a4a36b3a7979142220d?s=96&d=mm&r=g\",\"caption\":\"Redacci\u00f3n\"},\"sameAs\":[\"http:\/\/nuevodigitaldeescobar.com.ar\"],\"url\":\"https:\/\/nuevodigitaldeescobar.com.ar\/?author=1\"}]}<\/script>\n<!-- \/ Yoast SEO plugin. -->","yoast_head_json":{"title":"Empleadas dom\u00e9sticas: as\u00ed quedan los salarios de diciembre tras el nuevo aumento - Nuevo Digital de Escobar","robots":{"index":"index","follow":"follow","max-snippet":"max-snippet:-1","max-image-preview":"max-image-preview:large","max-video-preview":"max-video-preview:-1"},"canonical":"https:\/\/nuevodigitaldeescobar.com.ar\/?p=18966","og_locale":"es_ES","og_type":"article","og_title":"Empleadas dom\u00e9sticas: as\u00ed quedan los salarios de diciembre tras el nuevo aumento - Nuevo Digital de Escobar","og_description":"La Comisi\u00f3n Nacional de Trabajo en Casas Particulares (CNTCP) confirm\u00f3 un \u00faltimo ajuste salarial para diciembre, que completa la suba del 2,7% anunciada en noviembre. [&hellip;]","og_url":"https:\/\/nuevodigitaldeescobar.com.ar\/?p=18966","og_site_name":"Nuevo Digital de Escobar","article_publisher":"https:\/\/www.facebook.com\/NUEVODigitalDeEscobar","article_published_time":"2025-11-23T06:20:00+00:00","og_image":[{"width":720,"height":405,"url":"https:\/\/nuevodigitaldeescobar.com.ar\/wp-content\/uploads\/2024\/02\/personal-domestico-e1708613967479.jpg","type":"image\/jpeg"}],"author":"Redacci\u00f3n","twitter_card":"summary_large_image","twitter_creator":"@nuevodigescobar","twitter_site":"@nuevodigescobar","twitter_misc":{"Escrito por":"Redacci\u00f3n","Tiempo de lectura":"2 minutos"},"schema":{"@context":"https:\/\/schema.org","@graph":[{"@type":"Article","@id":"https:\/\/nuevodigitaldeescobar.com.ar\/?p=18966#article","isPartOf":{"@id":"https:\/\/nuevodigitaldeescobar.com.ar\/?p=18966"},"author":{"name":"Redacci\u00f3n","@id":"https:\/\/nuevodigitaldeescobar.com.ar\/#\/schema\/person\/035e90a8efe9a80e6eec22656ad6ea4c"},"headline":"Empleadas dom\u00e9sticas: as\u00ed quedan los salarios de diciembre tras el nuevo aumento","datePublished":"2025-11-23T06:20:00+00:00","mainEntityOfPage":{"@id":"https:\/\/nuevodigitaldeescobar.com.ar\/?p=18966"},"wordCount":353,"commentCount":0,"publisher":{"@id":"https:\/\/nuevodigitaldeescobar.com.ar\/#organization"},"image":{"@id":"https:\/\/nuevodigitaldeescobar.com.ar\/?p=18966#primaryimage"},"thumbnailUrl":"https:\/\/nuevodigitaldeescobar.com.ar\/wp-content\/uploads\/2024\/02\/personal-domestico-e1708613967479.jpg","articleSection":["Inter\u00e9s general"],"inLanguage":"es","potentialAction":[{"@type":"CommentAction","name":"Comment","target":["https:\/\/nuevodigitaldeescobar.com.ar\/?p=18966#respond"]}]},{"@type":"WebPage","@id":"https:\/\/nuevodigitaldeescobar.com.ar\/?p=18966","url":"https:\/\/nuevodigitaldeescobar.com.ar\/?p=18966","name":"Empleadas dom\u00e9sticas: as\u00ed quedan los salarios de diciembre tras el nuevo aumento - Nuevo Digital de Escobar","isPartOf":{"@id":"https:\/\/nuevodigitaldeescobar.com.ar\/#website"},"primaryImageOfPage":{"@id":"https:\/\/nuevodigitaldeescobar.com.ar\/?p=18966#primaryimage"},"image":{"@id":"https:\/\/nuevodigitaldeescobar.com.ar\/?p=18966#primaryimage"},"thumbnailUrl":"https:\/\/nuevodigitaldeescobar.com.ar\/wp-content\/uploads\/2024\/02\/personal-domestico-e1708613967479.jpg","datePublished":"2025-11-23T06:20:00+00:00","breadcrumb":{"@id":"https:\/\/nuevodigitaldeescobar.com.ar\/?p=18966#breadcrumb"},"inLanguage":"es","potentialAction":[{"@type":"ReadAction","target":["https:\/\/nuevodigitaldeescobar.com.ar\/?p=18966"]}]},{"@type":"ImageObject","inLanguage":"es","@id":"https:\/\/nuevodigitaldeescobar.com.ar\/?p=18966#primaryimage","url":"https:\/\/nuevodigitaldeescobar.com.ar\/wp-content\/uploads\/2024\/02\/personal-domestico-e1708613967479.jpg","contentUrl":"https:\/\/nuevodigitaldeescobar.com.ar\/wp-content\/uploads\/2024\/02\/personal-domestico-e1708613967479.jpg","width":720,"height":405},{"@type":"BreadcrumbList","@id":"https:\/\/nuevodigitaldeescobar.com.ar\/?p=18966#breadcrumb","itemListElement":[{"@type":"ListItem","position":1,"name":"Portada","item":"https:\/\/nuevodigitaldeescobar.com.ar\/"},{"@type":"ListItem","position":2,"name":"Empleadas dom\u00e9sticas: as\u00ed quedan los salarios de diciembre tras el nuevo aumento"}]},{"@type":"WebSite","@id":"https:\/\/nuevodigitaldeescobar.com.ar\/#website","url":"https:\/\/nuevodigitaldeescobar.com.ar\/","name":"Nuevo Digital de Escobar","description":"La vida escobarense. Directora: Rosana Brunner","publisher":{"@id":"https:\/\/nuevodigitaldeescobar.com.ar\/#organization"},"potentialAction":[{"@type":"SearchAction","target":{"@type":"EntryPoint","urlTemplate":"https:\/\/nuevodigitaldeescobar.com.ar\/?s={search_term_string}"},"query-input":{"@type":"PropertyValueSpecification","valueRequired":true,"valueName":"search_term_string"}}],"inLanguage":"es"},{"@type":"Organization","@id":"https:\/\/nuevodigitaldeescobar.com.ar\/#organization","name":"Nuevo Digital de Escobar","url":"https:\/\/nuevodigitaldeescobar.com.ar\/","logo":{"@type":"ImageObject","inLanguage":"es","@id":"https:\/\/nuevodigitaldeescobar.com.ar\/#\/schema\/logo\/image\/","url":"https:\/\/nuevodigitaldeescobar.com.ar\/wp-content\/uploads\/2025\/05\/cropped-logo-nuevo2.jpg","contentUrl":"https:\/\/nuevodigitaldeescobar.com.ar\/wp-content\/uploads\/2025\/05\/cropped-logo-nuevo2.jpg","width":305,"height":305,"caption":"Nuevo Digital de Escobar"},"image":{"@id":"https:\/\/nuevodigitaldeescobar.com.ar\/#\/schema\/logo\/image\/"},"sameAs":["https:\/\/www.facebook.com\/NUEVODigitalDeEscobar","https:\/\/x.com\/nuevodigescobar","https:\/\/www.instagram.com\/nuevodigitaldeescobar"]},{"@type":"Person","@id":"https:\/\/nuevodigitaldeescobar.com.ar\/#\/schema\/person\/035e90a8efe9a80e6eec22656ad6ea4c","name":"Redacci\u00f3n","image":{"@type":"ImageObject","inLanguage":"es","@id":"https:\/\/nuevodigitaldeescobar.com.ar\/#\/schema\/person\/image\/","url":"https:\/\/secure.gravatar.com\/avatar\/8af8f40000c24e9eef3034f2be5998a372bb1389e64b1a4a36b3a7979142220d?s=96&d=mm&r=g","contentUrl":"https:\/\/secure.gravatar.com\/avatar\/8af8f40000c24e9eef3034f2be5998a372bb1389e64b1a4a36b3a7979142220d?s=96&d=mm&r=g","caption":"Redacci\u00f3n"},"sameAs":["http:\/\/nuevodigitaldeescobar.com.ar"],"url":"https:\/\/nuevodigitaldeescobar.com.ar\/?author=1"}]}},"featured_image_urls":{"full":["https:\/\/nuevodigitaldeescobar.com.ar\/wp-content\/uploads\/2024\/02\/personal-domestico-e1708613967479.jpg",720,405,false],"thumbnail":["https:\/\/nuevodigitaldeescobar.com.ar\/wp-content\/uploads\/2024\/02\/personal-domestico-150x150.jpg",150,150,true],"medium":["https:\/\/nuevodigitaldeescobar.com.ar\/wp-content\/uploads\/2024\/02\/personal-domestico-300x169.jpg",300,169,true],"medium_large":["https:\/\/nuevodigitaldeescobar.com.ar\/wp-content\/uploads\/2024\/02\/personal-domestico-768x432.jpg",640,360,true],"large":["https:\/\/nuevodigitaldeescobar.com.ar\/wp-content\/uploads\/2024\/02\/personal-domestico-e1708613967479.jpg",640,360,false],"1536x1536":["https:\/\/nuevodigitaldeescobar.com.ar\/wp-content\/uploads\/2024\/02\/personal-domestico-e1708613967479.jpg",720,405,false],"2048x2048":["https:\/\/nuevodigitaldeescobar.com.ar\/wp-content\/uploads\/2024\/02\/personal-domestico-e1708613967479.jpg",720,405,false]},"author_info":{"display_name":"Redacci\u00f3n","author_link":"https:\/\/nuevodigitaldeescobar.com.ar\/?author=1"},"category_info":"<a href=\"https:\/\/nuevodigitaldeescobar.com.ar\/?cat=7\" rel=\"category\">Inter\u00e9s general<\/a>","tag_info":"Inter\u00e9s general","comment_count":"0","_links":{"self":[{"href":"https:\/\/nuevodigitaldeescobar.com.ar\/index.php?rest_route=\/wp\/v2\/posts\/18966","targetHints":{"allow":["GET"]}}],"collection":[{"href":"https:\/\/nuevodigitaldeescobar.com.ar\/index.php?rest_route=\/wp\/v2\/posts"}],"about":[{"href":"https:\/\/nuevodigitaldeescobar.com.ar\/index.php?rest_route=\/wp\/v2\/types\/post"}],"author":[{"embeddable":true,"href":"https:\/\/nuevodigitaldeescobar.com.ar\/index.php?rest_route=\/wp\/v2\/users\/1"}],"replies":[{"embeddable":true,"href":"https:\/\/nuevodigitaldeescobar.com.ar\/index.php?rest_route=%2Fwp%2Fv2%2Fcomments&post=18966"}],"version-history":[{"count":1,"href":"https:\/\/nuevodigitaldeescobar.com.ar\/index.php?rest_route=\/wp\/v2\/posts\/18966\/revisions"}],"predecessor-version":[{"id":18967,"href":"https:\/\/nuevodigitaldeescobar.com.ar\/index.php?rest_route=\/wp\/v2\/posts\/18966\/revisions\/18967"}],"wp:featuredmedia":[{"embeddable":true,"href":"https:\/\/nuevodigitaldeescobar.com.ar\/index.php?rest_route=\/wp\/v2\/media\/3680"}],"wp:attachment":[{"href":"https:\/\/nuevodigitaldeescobar.com.ar\/index.php?rest_route=%2Fwp%2Fv2%2Fmedia&parent=18966"}],"wp:term":[{"taxonomy":"category","embeddable":true,"href":"https:\/\/nuevodigitaldeescobar.com.ar\/index.php?rest_route=%2Fwp%2Fv2%2Fcategories&post=18966"},{"taxonomy":"post_tag","embeddable":true,"href":"https:\/\/nuevodigitaldeescobar.com.ar\/index.php?rest_route=%2Fwp%2Fv2%2Ftags&post=18966"}],"curies":[{"name":"wp","href":"https:\/\/api.w.org\/{rel}","templated":true}]}}