{"id":18968,"date":"2025-11-23T00:30:00","date_gmt":"2025-11-23T03:30:00","guid":{"rendered":"https:\/\/nuevodigitaldeescobar.com.ar\/?p=18968"},"modified":"2025-11-22T19:33:36","modified_gmt":"2025-11-22T22:33:36","slug":"cambios-en-el-gabinete-nacional-monteoliva-asumira-en-seguridad-y-el-general-presti-sera-ministro-de-defensa","status":"publish","type":"post","link":"https:\/\/nuevodigitaldeescobar.com.ar\/?p=18968","title":{"rendered":"Cambios en el Gabinete nacional: Monteoliva asumir\u00e1 en Seguridad y el general Presti ser\u00e1 ministro de Defensa"},"content":{"rendered":"\n<p class=\"has-vivid-cyan-blue-color has-text-color has-link-color wp-elements-a237ab891de271ac946a17c2fab36df5\"><strong><em>El Gobierno nacional oficializ\u00f3 este s\u00e1bado qui\u00e9nes reemplazar\u00e1n a Patricia Bullrich y Luis Petri al frente de los ministerios de Seguridad y Defensa. Los cambios se har\u00e1n efectivos el 10 de diciembre, cuando ambos funcionarios pasen a ocupar sus bancas en el Congreso.<\/em><\/strong><\/p>\n\n\n\n<!--more-->\n\n\n\n<p>La elegida para conducir Seguridad ser\u00e1 <strong>Alejandra Monteoliva<\/strong>, actual secretaria de Seguridad Nacional y una figura clave dentro del esquema impulsado por Bullrich. En paralelo, el Ejecutivo confirm\u00f3 que <strong>el teniente general Carlos Alberto Presti<\/strong>, jefe del Estado Mayor del Ej\u00e9rcito, quedar\u00e1 al frente del Ministerio de Defensa.<\/p>\n\n\n\n<p>Se trata de una designaci\u00f3n hist\u00f3rica: <strong>ser\u00e1 la primera vez desde 1983<\/strong> que un militar en actividad asume como titular de la cartera de Defensa.<\/p>\n\n\n\n<hr class=\"wp-block-separator has-alpha-channel-opacity\"\/>\n\n\n\n<h2 class=\"wp-block-heading has-text-color has-link-color wp-elements-915ee743cb399d19de24454622417edf\" style=\"color:#182faf\">Un recambio anunciado por redes oficiales<\/h2>\n\n\n\n<p>El comunicado fue difundido en simult\u00e1neo por la Oficina del Presidente, Patricia Bullrich y Luis Petri, donde se destac\u00f3 que ambos relevos representan <strong>\u201cuna continuidad del rumbo\u201d<\/strong> y de las pol\u00edticas implementadas durante el primer a\u00f1o del gobierno de Javier Milei.<\/p>\n\n\n\n<p><em>\u201cEl Presidente agradece los servicios de Bullrich y Petri, quienes iniciar\u00e1n una nueva etapa en el Senado y en Diputados impulsando las ideas de la libertad\u201d<\/em>, se\u00f1al\u00f3 el texto oficial.<\/p>\n\n\n\n<hr class=\"wp-block-separator has-alpha-channel-opacity\"\/>\n\n\n\n<h2 class=\"wp-block-heading has-text-color has-link-color wp-elements-1bfeabd3cf166b3848e3f276553d552a\" style=\"color:#182faf\">Monteoliva, la elegida para seguir la l\u00ednea Bullrich<\/h2>\n\n\n\n<p>Patricia Bullrich dedic\u00f3 un mensaje a su sucesora, destacando su <em>\u201crecorrido, profesionalismo y entrega\u201d<\/em>. Desde diciembre de 2023, Monteoliva ocup\u00f3 el cargo de secretaria de Seguridad y se convirti\u00f3 en una de las funcionarias centrales de la gesti\u00f3n.<\/p>\n\n\n\n<p>Bullrich asegur\u00f3 que su sucesora <em>\u201cmarc\u00f3 una enorme diferencia\u201d<\/em> por su capacidad de trabajo, y afirm\u00f3 que lo que viene <em>\u201clo va a encarar con resultados, coraje y honestidad\u201d<\/em>.<\/p>\n\n\n\n<p>Monteoliva respondi\u00f3 por la misma v\u00eda, agradeciendo la confianza y asegurando que la denominada <strong>\u201cdoctrina Bullrich\u201d<\/strong> dej\u00f3 un rumbo claro en materia de seguridad.<\/p>\n\n\n\n<p>Desde la Oficina del Presidente reforzaron esa mirada y remarcaron que Monteoliva fue <em>\u201cuna pieza fundamental\u201d<\/em> en la estructura que prioriza la lucha contra el narcoterrorismo y el crimen organizado.<\/p>\n\n\n\n<hr class=\"wp-block-separator has-alpha-channel-opacity\"\/>\n\n\n\n<h2 class=\"wp-block-heading has-text-color has-link-color wp-elements-b27d20c727cadedc58631225d02c28bd\" style=\"color:#182faf\">Presti, primer militar en Defensa desde la vuelta de la democracia<\/h2>\n\n\n\n<p>El reemplazante de Petri ser\u00e1 <strong>Carlos Alberto Presti<\/strong>, un oficial con una larga carrera en el Ej\u00e9rcito y que actualmente ocupa el rango m\u00e1s alto dentro de la fuerza.<\/p>\n\n\n\n<p>La designaci\u00f3n marca un punto de inflexi\u00f3n institucional: por primera vez desde el retorno democr\u00e1tico en 1983, la cartera de Defensa quedar\u00e1 en manos de un militar. La Oficina del Presidente subray\u00f3 la decisi\u00f3n como un gesto para <em>\u201cponer fin a la demonizaci\u00f3n\u201d<\/em> de los miembros de las Fuerzas Armadas.<\/p>\n\n\n\n<p>Luis Petri tambi\u00e9n expres\u00f3 su apoyo a su sucesor. Destac\u00f3 su <em>\u201ccapacidad, compromiso y lealtad a la Patria\u201d<\/em>, y afirm\u00f3 que Presti tendr\u00e1 una gesti\u00f3n <em>\u201cdestacada y exitosa\u201d<\/em>.<\/p>\n","protected":false},"excerpt":{"rendered":"<p>El Gobierno nacional oficializ\u00f3 este s\u00e1bado qui\u00e9nes reemplazar\u00e1n a Patricia Bullrich y Luis Petri al frente de los ministerios de Seguridad y Defensa. Los cambios [&hellip;]<\/p>\n","protected":false},"author":1,"featured_media":18969,"comment_status":"open","ping_status":"open","sticky":false,"template":"","format":"standard","meta":{"footnotes":""},"categories":[6],"tags":[],"class_list":["post-18968","post","type-post","status-publish","format-standard","has-post-thumbnail","hentry","category-politica"],"better_featured_image":{"id":18969,"alt_text":"","caption":"","description":"","media_type":"image","media_details":{"width":1280,"height":854,"file":"2025\/11\/monteolivapresti37.png","filesize":1992905,"sizes":{"medium":{"file":"monteolivapresti37-300x200.png","width":300,"height":200,"mime-type":"image\/png","filesize":50824,"source_url":"https:\/\/nuevodigitaldeescobar.com.ar\/wp-content\/uploads\/2025\/11\/monteolivapresti37-300x200.png"},"large":{"file":"monteolivapresti37-1024x683.png","width":1024,"height":683,"mime-type":"image\/png","filesize":481974,"source_url":"https:\/\/nuevodigitaldeescobar.com.ar\/wp-content\/uploads\/2025\/11\/monteolivapresti37-1024x683.png"},"thumbnail":{"file":"monteolivapresti37-150x150.png","width":150,"height":150,"mime-type":"image\/png","filesize":21223,"source_url":"https:\/\/nuevodigitaldeescobar.com.ar\/wp-content\/uploads\/2025\/11\/monteolivapresti37-150x150.png"},"medium_large":{"file":"monteolivapresti37-768x512.png","width":768,"height":512,"mime-type":"image\/png","filesize":284131,"source_url":"https:\/\/nuevodigitaldeescobar.com.ar\/wp-content\/uploads\/2025\/11\/monteolivapresti37-768x512.png"}},"image_meta":{"aperture":"0","credit":"","camera":"","caption":"","created_timestamp":"0","copyright":"","focal_length":"0","iso":"0","shutter_speed":"0","title":"","orientation":"0","keywords":[]}},"post":18968,"source_url":"https:\/\/nuevodigitaldeescobar.com.ar\/wp-content\/uploads\/2025\/11\/monteolivapresti37.png"},"yoast_head":"<!-- This site is optimized with the Yoast SEO plugin v26.1.1 - https:\/\/yoast.com\/wordpress\/plugins\/seo\/ -->\n<title>Cambios en el Gabinete nacional: Monteoliva asumir\u00e1 en Seguridad y el general Presti ser\u00e1 ministro de Defensa - Nuevo Digital de Escobar<\/title>\n<meta name=\"robots\" content=\"index, follow, max-snippet:-1, max-image-preview:large, max-video-preview:-1\" \/>\n<link rel=\"canonical\" href=\"https:\/\/nuevodigitaldeescobar.com.ar\/?p=18968\" \/>\n<meta property=\"og:locale\" content=\"es_ES\" \/>\n<meta property=\"og:type\" content=\"article\" \/>\n<meta property=\"og:title\" content=\"Cambios en el Gabinete nacional: Monteoliva asumir\u00e1 en Seguridad y el general Presti ser\u00e1 ministro de Defensa - Nuevo Digital de Escobar\" \/>\n<meta property=\"og:description\" content=\"El Gobierno nacional oficializ\u00f3 este s\u00e1bado qui\u00e9nes reemplazar\u00e1n a Patricia Bullrich y Luis Petri al frente de los ministerios de Seguridad y Defensa. Los cambios [&hellip;]\" \/>\n<meta property=\"og:url\" content=\"https:\/\/nuevodigitaldeescobar.com.ar\/?p=18968\" \/>\n<meta property=\"og:site_name\" content=\"Nuevo Digital de Escobar\" \/>\n<meta property=\"article:publisher\" content=\"https:\/\/www.facebook.com\/NUEVODigitalDeEscobar\" \/>\n<meta property=\"article:published_time\" content=\"2025-11-23T03:30:00+00:00\" \/>\n<meta property=\"og:image\" content=\"https:\/\/nuevodigitaldeescobar.com.ar\/wp-content\/uploads\/2025\/11\/monteolivapresti37.png\" \/>\n\t<meta property=\"og:image:width\" content=\"1280\" \/>\n\t<meta property=\"og:image:height\" content=\"854\" \/>\n\t<meta property=\"og:image:type\" content=\"image\/png\" \/>\n<meta name=\"author\" content=\"Redacci\u00f3n\" \/>\n<meta name=\"twitter:card\" content=\"summary_large_image\" \/>\n<meta name=\"twitter:creator\" content=\"@nuevodigescobar\" \/>\n<meta name=\"twitter:site\" content=\"@nuevodigescobar\" \/>\n<meta name=\"twitter:label1\" content=\"Escrito por\" \/>\n\t<meta name=\"twitter:data1\" content=\"Redacci\u00f3n\" \/>\n\t<meta name=\"twitter:label2\" content=\"Tiempo de lectura\" \/>\n\t<meta name=\"twitter:data2\" content=\"3 minutos\" \/>\n<script type=\"application\/ld+json\" class=\"yoast-schema-graph\">{\"@context\":\"https:\/\/schema.org\",\"@graph\":[{\"@type\":\"Article\",\"@id\":\"https:\/\/nuevodigitaldeescobar.com.ar\/?p=18968#article\",\"isPartOf\":{\"@id\":\"https:\/\/nuevodigitaldeescobar.com.ar\/?p=18968\"},\"author\":{\"name\":\"Redacci\u00f3n\",\"@id\":\"https:\/\/nuevodigitaldeescobar.com.ar\/#\/schema\/person\/035e90a8efe9a80e6eec22656ad6ea4c\"},\"headline\":\"Cambios en el Gabinete nacional: Monteoliva asumir\u00e1 en Seguridad y el general Presti ser\u00e1 ministro de Defensa\",\"datePublished\":\"2025-11-23T03:30:00+00:00\",\"mainEntityOfPage\":{\"@id\":\"https:\/\/nuevodigitaldeescobar.com.ar\/?p=18968\"},\"wordCount\":477,\"commentCount\":0,\"publisher\":{\"@id\":\"https:\/\/nuevodigitaldeescobar.com.ar\/#organization\"},\"image\":{\"@id\":\"https:\/\/nuevodigitaldeescobar.com.ar\/?p=18968#primaryimage\"},\"thumbnailUrl\":\"https:\/\/nuevodigitaldeescobar.com.ar\/wp-content\/uploads\/2025\/11\/monteolivapresti37.png\",\"articleSection\":[\"Pol\u00edtica\"],\"inLanguage\":\"es\",\"potentialAction\":[{\"@type\":\"CommentAction\",\"name\":\"Comment\",\"target\":[\"https:\/\/nuevodigitaldeescobar.com.ar\/?p=18968#respond\"]}]},{\"@type\":\"WebPage\",\"@id\":\"https:\/\/nuevodigitaldeescobar.com.ar\/?p=18968\",\"url\":\"https:\/\/nuevodigitaldeescobar.com.ar\/?p=18968\",\"name\":\"Cambios en el Gabinete nacional: Monteoliva asumir\u00e1 en Seguridad y el general Presti ser\u00e1 ministro de Defensa - Nuevo Digital de Escobar\",\"isPartOf\":{\"@id\":\"https:\/\/nuevodigitaldeescobar.com.ar\/#website\"},\"primaryImageOfPage\":{\"@id\":\"https:\/\/nuevodigitaldeescobar.com.ar\/?p=18968#primaryimage\"},\"image\":{\"@id\":\"https:\/\/nuevodigitaldeescobar.com.ar\/?p=18968#primaryimage\"},\"thumbnailUrl\":\"https:\/\/nuevodigitaldeescobar.com.ar\/wp-content\/uploads\/2025\/11\/monteolivapresti37.png\",\"datePublished\":\"2025-11-23T03:30:00+00:00\",\"breadcrumb\":{\"@id\":\"https:\/\/nuevodigitaldeescobar.com.ar\/?p=18968#breadcrumb\"},\"inLanguage\":\"es\",\"potentialAction\":[{\"@type\":\"ReadAction\",\"target\":[\"https:\/\/nuevodigitaldeescobar.com.ar\/?p=18968\"]}]},{\"@type\":\"ImageObject\",\"inLanguage\":\"es\",\"@id\":\"https:\/\/nuevodigitaldeescobar.com.ar\/?p=18968#primaryimage\",\"url\":\"https:\/\/nuevodigitaldeescobar.com.ar\/wp-content\/uploads\/2025\/11\/monteolivapresti37.png\",\"contentUrl\":\"https:\/\/nuevodigitaldeescobar.com.ar\/wp-content\/uploads\/2025\/11\/monteolivapresti37.png\",\"width\":1280,\"height\":854},{\"@type\":\"BreadcrumbList\",\"@id\":\"https:\/\/nuevodigitaldeescobar.com.ar\/?p=18968#breadcrumb\",\"itemListElement\":[{\"@type\":\"ListItem\",\"position\":1,\"name\":\"Portada\",\"item\":\"https:\/\/nuevodigitaldeescobar.com.ar\/\"},{\"@type\":\"ListItem\",\"position\":2,\"name\":\"Cambios en el Gabinete nacional: Monteoliva asumir\u00e1 en Seguridad y el general Presti ser\u00e1 ministro de Defensa\"}]},{\"@type\":\"WebSite\",\"@id\":\"https:\/\/nuevodigitaldeescobar.com.ar\/#website\",\"url\":\"https:\/\/nuevodigitaldeescobar.com.ar\/\",\"name\":\"Nuevo Digital de Escobar\",\"description\":\"La vida escobarense. Directora: Rosana Brunner\",\"publisher\":{\"@id\":\"https:\/\/nuevodigitaldeescobar.com.ar\/#organization\"},\"potentialAction\":[{\"@type\":\"SearchAction\",\"target\":{\"@type\":\"EntryPoint\",\"urlTemplate\":\"https:\/\/nuevodigitaldeescobar.com.ar\/?s={search_term_string}\"},\"query-input\":{\"@type\":\"PropertyValueSpecification\",\"valueRequired\":true,\"valueName\":\"search_term_string\"}}],\"inLanguage\":\"es\"},{\"@type\":\"Organization\",\"@id\":\"https:\/\/nuevodigitaldeescobar.com.ar\/#organization\",\"name\":\"Nuevo Digital de Escobar\",\"url\":\"https:\/\/nuevodigitaldeescobar.com.ar\/\",\"logo\":{\"@type\":\"ImageObject\",\"inLanguage\":\"es\",\"@id\":\"https:\/\/nuevodigitaldeescobar.com.ar\/#\/schema\/logo\/image\/\",\"url\":\"https:\/\/nuevodigitaldeescobar.com.ar\/wp-content\/uploads\/2025\/05\/cropped-logo-nuevo2.jpg\",\"contentUrl\":\"https:\/\/nuevodigitaldeescobar.com.ar\/wp-content\/uploads\/2025\/05\/cropped-logo-nuevo2.jpg\",\"width\":305,\"height\":305,\"caption\":\"Nuevo Digital de Escobar\"},\"image\":{\"@id\":\"https:\/\/nuevodigitaldeescobar.com.ar\/#\/schema\/logo\/image\/\"},\"sameAs\":[\"https:\/\/www.facebook.com\/NUEVODigitalDeEscobar\",\"https:\/\/x.com\/nuevodigescobar\",\"https:\/\/www.instagram.com\/nuevodigitaldeescobar\"]},{\"@type\":\"Person\",\"@id\":\"https:\/\/nuevodigitaldeescobar.com.ar\/#\/schema\/person\/035e90a8efe9a80e6eec22656ad6ea4c\",\"name\":\"Redacci\u00f3n\",\"image\":{\"@type\":\"ImageObject\",\"inLanguage\":\"es\",\"@id\":\"https:\/\/nuevodigitaldeescobar.com.ar\/#\/schema\/person\/image\/\",\"url\":\"https:\/\/secure.gravatar.com\/avatar\/8af8f40000c24e9eef3034f2be5998a372bb1389e64b1a4a36b3a7979142220d?s=96&d=mm&r=g\",\"contentUrl\":\"https:\/\/secure.gravatar.com\/avatar\/8af8f40000c24e9eef3034f2be5998a372bb1389e64b1a4a36b3a7979142220d?s=96&d=mm&r=g\",\"caption\":\"Redacci\u00f3n\"},\"sameAs\":[\"http:\/\/nuevodigitaldeescobar.com.ar\"],\"url\":\"https:\/\/nuevodigitaldeescobar.com.ar\/?author=1\"}]}<\/script>\n<!-- \/ Yoast SEO plugin. -->","yoast_head_json":{"title":"Cambios en el Gabinete nacional: Monteoliva asumir\u00e1 en Seguridad y el general Presti ser\u00e1 ministro de Defensa - Nuevo Digital de Escobar","robots":{"index":"index","follow":"follow","max-snippet":"max-snippet:-1","max-image-preview":"max-image-preview:large","max-video-preview":"max-video-preview:-1"},"canonical":"https:\/\/nuevodigitaldeescobar.com.ar\/?p=18968","og_locale":"es_ES","og_type":"article","og_title":"Cambios en el Gabinete nacional: Monteoliva asumir\u00e1 en Seguridad y el general Presti ser\u00e1 ministro de Defensa - Nuevo Digital de Escobar","og_description":"El Gobierno nacional oficializ\u00f3 este s\u00e1bado qui\u00e9nes reemplazar\u00e1n a Patricia Bullrich y Luis Petri al frente de los ministerios de Seguridad y Defensa. Los cambios [&hellip;]","og_url":"https:\/\/nuevodigitaldeescobar.com.ar\/?p=18968","og_site_name":"Nuevo Digital de Escobar","article_publisher":"https:\/\/www.facebook.com\/NUEVODigitalDeEscobar","article_published_time":"2025-11-23T03:30:00+00:00","og_image":[{"width":1280,"height":854,"url":"https:\/\/nuevodigitaldeescobar.com.ar\/wp-content\/uploads\/2025\/11\/monteolivapresti37.png","type":"image\/png"}],"author":"Redacci\u00f3n","twitter_card":"summary_large_image","twitter_creator":"@nuevodigescobar","twitter_site":"@nuevodigescobar","twitter_misc":{"Escrito por":"Redacci\u00f3n","Tiempo de lectura":"3 minutos"},"schema":{"@context":"https:\/\/schema.org","@graph":[{"@type":"Article","@id":"https:\/\/nuevodigitaldeescobar.com.ar\/?p=18968#article","isPartOf":{"@id":"https:\/\/nuevodigitaldeescobar.com.ar\/?p=18968"},"author":{"name":"Redacci\u00f3n","@id":"https:\/\/nuevodigitaldeescobar.com.ar\/#\/schema\/person\/035e90a8efe9a80e6eec22656ad6ea4c"},"headline":"Cambios en el Gabinete nacional: Monteoliva asumir\u00e1 en Seguridad y el general Presti ser\u00e1 ministro de Defensa","datePublished":"2025-11-23T03:30:00+00:00","mainEntityOfPage":{"@id":"https:\/\/nuevodigitaldeescobar.com.ar\/?p=18968"},"wordCount":477,"commentCount":0,"publisher":{"@id":"https:\/\/nuevodigitaldeescobar.com.ar\/#organization"},"image":{"@id":"https:\/\/nuevodigitaldeescobar.com.ar\/?p=18968#primaryimage"},"thumbnailUrl":"https:\/\/nuevodigitaldeescobar.com.ar\/wp-content\/uploads\/2025\/11\/monteolivapresti37.png","articleSection":["Pol\u00edtica"],"inLanguage":"es","potentialAction":[{"@type":"CommentAction","name":"Comment","target":["https:\/\/nuevodigitaldeescobar.com.ar\/?p=18968#respond"]}]},{"@type":"WebPage","@id":"https:\/\/nuevodigitaldeescobar.com.ar\/?p=18968","url":"https:\/\/nuevodigitaldeescobar.com.ar\/?p=18968","name":"Cambios en el Gabinete nacional: Monteoliva asumir\u00e1 en Seguridad y el general Presti ser\u00e1 ministro de Defensa - Nuevo Digital de Escobar","isPartOf":{"@id":"https:\/\/nuevodigitaldeescobar.com.ar\/#website"},"primaryImageOfPage":{"@id":"https:\/\/nuevodigitaldeescobar.com.ar\/?p=18968#primaryimage"},"image":{"@id":"https:\/\/nuevodigitaldeescobar.com.ar\/?p=18968#primaryimage"},"thumbnailUrl":"https:\/\/nuevodigitaldeescobar.com.ar\/wp-content\/uploads\/2025\/11\/monteolivapresti37.png","datePublished":"2025-11-23T03:30:00+00:00","breadcrumb":{"@id":"https:\/\/nuevodigitaldeescobar.com.ar\/?p=18968#breadcrumb"},"inLanguage":"es","potentialAction":[{"@type":"ReadAction","target":["https:\/\/nuevodigitaldeescobar.com.ar\/?p=18968"]}]},{"@type":"ImageObject","inLanguage":"es","@id":"https:\/\/nuevodigitaldeescobar.com.ar\/?p=18968#primaryimage","url":"https:\/\/nuevodigitaldeescobar.com.ar\/wp-content\/uploads\/2025\/11\/monteolivapresti37.png","contentUrl":"https:\/\/nuevodigitaldeescobar.com.ar\/wp-content\/uploads\/2025\/11\/monteolivapresti37.png","width":1280,"height":854},{"@type":"BreadcrumbList","@id":"https:\/\/nuevodigitaldeescobar.com.ar\/?p=18968#breadcrumb","itemListElement":[{"@type":"ListItem","position":1,"name":"Portada","item":"https:\/\/nuevodigitaldeescobar.com.ar\/"},{"@type":"ListItem","position":2,"name":"Cambios en el Gabinete nacional: Monteoliva asumir\u00e1 en Seguridad y el general Presti ser\u00e1 ministro de Defensa"}]},{"@type":"WebSite","@id":"https:\/\/nuevodigitaldeescobar.com.ar\/#website","url":"https:\/\/nuevodigitaldeescobar.com.ar\/","name":"Nuevo Digital de Escobar","description":"La vida escobarense. Directora: Rosana Brunner","publisher":{"@id":"https:\/\/nuevodigitaldeescobar.com.ar\/#organization"},"potentialAction":[{"@type":"SearchAction","target":{"@type":"EntryPoint","urlTemplate":"https:\/\/nuevodigitaldeescobar.com.ar\/?s={search_term_string}"},"query-input":{"@type":"PropertyValueSpecification","valueRequired":true,"valueName":"search_term_string"}}],"inLanguage":"es"},{"@type":"Organization","@id":"https:\/\/nuevodigitaldeescobar.com.ar\/#organization","name":"Nuevo Digital de Escobar","url":"https:\/\/nuevodigitaldeescobar.com.ar\/","logo":{"@type":"ImageObject","inLanguage":"es","@id":"https:\/\/nuevodigitaldeescobar.com.ar\/#\/schema\/logo\/image\/","url":"https:\/\/nuevodigitaldeescobar.com.ar\/wp-content\/uploads\/2025\/05\/cropped-logo-nuevo2.jpg","contentUrl":"https:\/\/nuevodigitaldeescobar.com.ar\/wp-content\/uploads\/2025\/05\/cropped-logo-nuevo2.jpg","width":305,"height":305,"caption":"Nuevo Digital de Escobar"},"image":{"@id":"https:\/\/nuevodigitaldeescobar.com.ar\/#\/schema\/logo\/image\/"},"sameAs":["https:\/\/www.facebook.com\/NUEVODigitalDeEscobar","https:\/\/x.com\/nuevodigescobar","https:\/\/www.instagram.com\/nuevodigitaldeescobar"]},{"@type":"Person","@id":"https:\/\/nuevodigitaldeescobar.com.ar\/#\/schema\/person\/035e90a8efe9a80e6eec22656ad6ea4c","name":"Redacci\u00f3n","image":{"@type":"ImageObject","inLanguage":"es","@id":"https:\/\/nuevodigitaldeescobar.com.ar\/#\/schema\/person\/image\/","url":"https:\/\/secure.gravatar.com\/avatar\/8af8f40000c24e9eef3034f2be5998a372bb1389e64b1a4a36b3a7979142220d?s=96&d=mm&r=g","contentUrl":"https:\/\/secure.gravatar.com\/avatar\/8af8f40000c24e9eef3034f2be5998a372bb1389e64b1a4a36b3a7979142220d?s=96&d=mm&r=g","caption":"Redacci\u00f3n"},"sameAs":["http:\/\/nuevodigitaldeescobar.com.ar"],"url":"https:\/\/nuevodigitaldeescobar.com.ar\/?author=1"}]}},"featured_image_urls":{"full":["https:\/\/nuevodigitaldeescobar.com.ar\/wp-content\/uploads\/2025\/11\/monteolivapresti37.png",1280,854,false],"thumbnail":["https:\/\/nuevodigitaldeescobar.com.ar\/wp-content\/uploads\/2025\/11\/monteolivapresti37-150x150.png",150,150,true],"medium":["https:\/\/nuevodigitaldeescobar.com.ar\/wp-content\/uploads\/2025\/11\/monteolivapresti37-300x200.png",300,200,true],"medium_large":["https:\/\/nuevodigitaldeescobar.com.ar\/wp-content\/uploads\/2025\/11\/monteolivapresti37-768x512.png",640,427,true],"large":["https:\/\/nuevodigitaldeescobar.com.ar\/wp-content\/uploads\/2025\/11\/monteolivapresti37-1024x683.png",640,427,true],"1536x1536":["https:\/\/nuevodigitaldeescobar.com.ar\/wp-content\/uploads\/2025\/11\/monteolivapresti37.png",1280,854,false],"2048x2048":["https:\/\/nuevodigitaldeescobar.com.ar\/wp-content\/uploads\/2025\/11\/monteolivapresti37.png",1280,854,false]},"author_info":{"display_name":"Redacci\u00f3n","author_link":"https:\/\/nuevodigitaldeescobar.com.ar\/?author=1"},"category_info":"<a href=\"https:\/\/nuevodigitaldeescobar.com.ar\/?cat=6\" rel=\"category\">Pol\u00edtica<\/a>","tag_info":"Pol\u00edtica","comment_count":"0","_links":{"self":[{"href":"https:\/\/nuevodigitaldeescobar.com.ar\/index.php?rest_route=\/wp\/v2\/posts\/18968","targetHints":{"allow":["GET"]}}],"collection":[{"href":"https:\/\/nuevodigitaldeescobar.com.ar\/index.php?rest_route=\/wp\/v2\/posts"}],"about":[{"href":"https:\/\/nuevodigitaldeescobar.com.ar\/index.php?rest_route=\/wp\/v2\/types\/post"}],"author":[{"embeddable":true,"href":"https:\/\/nuevodigitaldeescobar.com.ar\/index.php?rest_route=\/wp\/v2\/users\/1"}],"replies":[{"embeddable":true,"href":"https:\/\/nuevodigitaldeescobar.com.ar\/index.php?rest_route=%2Fwp%2Fv2%2Fcomments&post=18968"}],"version-history":[{"count":1,"href":"https:\/\/nuevodigitaldeescobar.com.ar\/index.php?rest_route=\/wp\/v2\/posts\/18968\/revisions"}],"predecessor-version":[{"id":18970,"href":"https:\/\/nuevodigitaldeescobar.com.ar\/index.php?rest_route=\/wp\/v2\/posts\/18968\/revisions\/18970"}],"wp:featuredmedia":[{"embeddable":true,"href":"https:\/\/nuevodigitaldeescobar.com.ar\/index.php?rest_route=\/wp\/v2\/media\/18969"}],"wp:attachment":[{"href":"https:\/\/nuevodigitaldeescobar.com.ar\/index.php?rest_route=%2Fwp%2Fv2%2Fmedia&parent=18968"}],"wp:term":[{"taxonomy":"category","embeddable":true,"href":"https:\/\/nuevodigitaldeescobar.com.ar\/index.php?rest_route=%2Fwp%2Fv2%2Fcategories&post=18968"},{"taxonomy":"post_tag","embeddable":true,"href":"https:\/\/nuevodigitaldeescobar.com.ar\/index.php?rest_route=%2Fwp%2Fv2%2Ftags&post=18968"}],"curies":[{"name":"wp","href":"https:\/\/api.w.org\/{rel}","templated":true}]}}