{"id":18978,"date":"2025-11-24T11:30:39","date_gmt":"2025-11-24T14:30:39","guid":{"rendered":"https:\/\/nuevodigitaldeescobar.com.ar\/?p=18978"},"modified":"2025-11-24T11:30:43","modified_gmt":"2025-11-24T14:30:43","slug":"estados-unidos-declara-terrorista-al-cartel-de-los-soles-mas-presion-internacional-sobre-el-regimen-narco-de-maduro","status":"publish","type":"post","link":"https:\/\/nuevodigitaldeescobar.com.ar\/?p=18978","title":{"rendered":"Estados Unidos declara terrorista al \u201cCartel de los Soles\u201d: m\u00e1s presi\u00f3n internacional sobre el r\u00e9gimen narco de Maduro"},"content":{"rendered":"\n<p class=\"has-vivid-cyan-blue-color has-text-color has-link-color wp-elements-74cf011e71227f4c2e8311e9eaef8d76\"><strong><em>El Gobierno de Estados Unidos oficializ\u00f3 este lunes la incorporaci\u00f3n del Cartel de los Soles \u2014la estructura criminal que, seg\u00fan Washington, opera bajo el mando directo de Nicol\u00e1s Maduro y su c\u00edrculo de poder\u2014 en la lista de Organizaciones Terroristas Extranjeras (FTO).<\/em><\/strong><\/p>\n\n\n\n<!--more-->\n\n\n\n<p>La medida representa un golpe pol\u00edtico y judicial sin precedentes para el r\u00e9gimen venezolano, ya cuestionado a nivel global por violaciones de derechos humanos, corrupci\u00f3n sistem\u00e1tica y v\u00ednculos con el narcotr\u00e1fico.<\/p>\n\n\n\n<hr class=\"wp-block-separator has-alpha-channel-opacity\"\/>\n\n\n\n<h2 class=\"wp-block-heading has-text-color has-link-color wp-elements-86b89313304ee41f196b726547507636\" style=\"color:#1232a9\">\u00bfQu\u00e9 implica esta designaci\u00f3n?<\/h2>\n\n\n\n<p>La categor\u00eda FTO no es simb\u00f3lica: otorga a Estados Unidos herramientas legales mucho m\u00e1s agresivas. Entre ellas:<\/p>\n\n\n\n<ul class=\"wp-block-list\">\n<li><strong>Congelamiento de activos<\/strong> en cualquier jurisdicci\u00f3n asociada a Washington.<\/li>\n\n\n\n<li><strong>Sanciones penales<\/strong> a empresas, individuos o gobiernos que colaboren \u2014aunque sea indirectamente\u2014 con el cartel.<\/li>\n\n\n\n<li><strong>Bloqueo financiero ampliado<\/strong> sobre toda estructura econ\u00f3mica vinculada al r\u00e9gimen.<\/li>\n\n\n\n<li><strong>Cooperaci\u00f3n internacional reforzada<\/strong> para detener a funcionarios, militares o testaferros involucrados.<\/li>\n<\/ul>\n\n\n\n<p>El secretario de Estado, Marco Rubio, fue categ\u00f3rico:<\/p>\n\n\n\n<blockquote class=\"wp-block-quote is-layout-flow wp-block-quote-is-layout-flow\">\n<p><em>\u201cEl Cartel de los Soles es responsable de violencia terrorista en todo el hemisferio\u201d.<\/em><\/p>\n<\/blockquote>\n\n\n\n<p>Para Estados Unidos, Maduro no es solo un dictador: es <strong>el jefe de una organizaci\u00f3n criminal transnacional dedicada al narcotr\u00e1fico, al lavado de dinero y a la desestabilizaci\u00f3n regional<\/strong>.<br>La dictadura chavista, como siempre, neg\u00f3 las acusaciones.<\/p>\n\n\n\n<hr class=\"wp-block-separator has-alpha-channel-opacity\"\/>\n\n\n\n<h2 class=\"wp-block-heading has-text-color has-link-color wp-elements-de7d785baed731bc39301bdc77eef620\" style=\"color:#1232a9\">Qu\u00e9 cambia desde ahora<\/h2>\n\n\n\n<p>Si bien el r\u00e9gimen ya enfrentaba un embargo petrolero, juicios por narcotr\u00e1fico y bloqueos financieros, la clasificaci\u00f3n como organizaci\u00f3n terrorista abre un abanico legal mucho m\u00e1s severo:<\/p>\n\n\n\n<ul class=\"wp-block-list\">\n<li>Cualquier banco, empresa o persona que realice operaciones con el r\u00e9gimen podr\u00e1 ser procesado bajo <strong>leyes antiterroristas estadounidenses<\/strong>.<\/li>\n\n\n\n<li>Aliados pol\u00edticos y econ\u00f3micos de Maduro \u2014desde gobiernos hasta empresarios\u2014 quedan bajo <strong>riesgo penal directo<\/strong>.<\/li>\n\n\n\n<li>La administraci\u00f3n norteamericana ampl\u00eda sus posibilidades de <strong>acciones puntuales sobre infraestructuras o activos del cartel<\/strong>, especialmente en \u00e1reas no urbanas.<\/li>\n<\/ul>\n\n\n\n<p>Analistas internacionales coinciden: esta medida <strong>eleva al m\u00e1ximo la presi\u00f3n sobre Caracas<\/strong> y deja la puerta abierta a escenarios m\u00e1s duros en el plano militar o diplom\u00e1tico.<\/p>\n\n\n\n<hr class=\"wp-block-separator has-alpha-channel-opacity\"\/>\n\n\n\n<h2 class=\"wp-block-heading has-text-color has-link-color wp-elements-745682990d8249bd5db7488cf97b9a5c\" style=\"color:#1232a9\">Una regi\u00f3n bajo vigilancia militar<\/h2>\n\n\n\n<p>La decisi\u00f3n se tom\u00f3 en un contexto de fuerte presencia estadounidense en el Caribe.<br>El portaviones <strong>USS Gerald R. Ford<\/strong>, la nave m\u00e1s grande de la flota, lidera una operaci\u00f3n que incluye:<\/p>\n\n\n\n<ul class=\"wp-block-list\">\n<li>m\u00e1s de 10 barcos de apoyo<\/li>\n\n\n\n<li>aviones de combate<\/li>\n\n\n\n<li>12.000 efectivos desplegados<\/li>\n<\/ul>\n\n\n\n<p>Desde septiembre, las fuerzas estadounidenses <strong>hundieron 21 embarcaciones sospechosas<\/strong> y se registraron m\u00e1s de <strong>80 muertes<\/strong> vinculadas a operaciones contra el narcotr\u00e1fico.<\/p>\n\n\n\n<p>El objetivo de fondo es claro: <strong>asfixiar econ\u00f3micamente al r\u00e9gimen<\/strong>, que depende de exportaciones reducidas y de circuitos irregulares para sobrevivir a la crisis interna.<\/p>\n\n\n\n<hr class=\"wp-block-separator has-alpha-channel-opacity\"\/>\n\n\n\n<h2 class=\"wp-block-heading has-text-color has-link-color wp-elements-143cc1f5e490127cc1e40e35716a8d67\" style=\"color:#1232a9\">Impacto pol\u00edtico: un r\u00e9gimen cada vez m\u00e1s aislado<\/h2>\n\n\n\n<p>Maduro asegur\u00f3 que <em>\u201cno se dejar\u00e1 intimidar\u201d<\/em>, aunque su margen internacional es cada vez menor. Estados Unidos increment\u00f3 la recompensa por su captura a <strong>50 millones de d\u00f3lares<\/strong>, y las sanciones ya afectan a altos mandos militares, ministros, empresarios ligados al poder y redes financieras clandestinas.<\/p>\n\n\n\n<p>Expertos en pol\u00edtica internacional destacan que este nuevo estatus:<\/p>\n\n\n\n<ul class=\"wp-block-list\">\n<li><strong>debilita<\/strong> el apoyo internacional que a\u00fan conserva Maduro<\/li>\n\n\n\n<li><strong>dificulta cualquier negociaci\u00f3n<\/strong> mientras no haya se\u00f1ales de apertura democr\u00e1tica<\/li>\n\n\n\n<li><strong>aumenta el costo pol\u00edtico y econ\u00f3mico<\/strong> para pa\u00edses o empresas que busquen acuerdos comerciales con Caracas<\/li>\n<\/ul>\n\n\n\n<p>En t\u00e9rminos pr\u00e1cticos, la medida refuerza la vigilancia global sobre las operaciones financieras del r\u00e9gimen, sus env\u00edos de petr\u00f3leo y las rutas del narcotr\u00e1fico que atraviesan el Caribe y Centroam\u00e9rica.<\/p>\n\n\n\n<hr class=\"wp-block-separator has-alpha-channel-opacity\"\/>\n\n\n\n<h2 class=\"wp-block-heading has-text-color has-link-color wp-elements-dc287d48b0e5a2c21c6c0f69b37cb66a\" style=\"color:#1232a9\">\u00bfQu\u00e9 puede venir?<\/h2>\n\n\n\n<p>La inclusi\u00f3n en la lista FTO no implica una intervenci\u00f3n militar, pero <strong>coloca al r\u00e9gimen venezolano al mismo nivel jur\u00eddico que grupos como ISIS, Hezbollah o Al Qaeda<\/strong>.<\/p>\n\n\n\n<p>Estados Unidos ahora puede:<\/p>\n\n\n\n<ul class=\"wp-block-list\">\n<li>bloquear propiedades y cuentas asociadas al r\u00e9gimen y al cartel<\/li>\n\n\n\n<li>coordinar acciones con pa\u00edses aliados para capturar involucrados<\/li>\n\n\n\n<li>endurecer sanciones petroleras<\/li>\n\n\n\n<li>limitar a\u00fan m\u00e1s la entrada de divisas a Venezuela<\/li>\n<\/ul>\n\n\n\n<p>Mientras tanto, el cerco internacional sobre Maduro vuelve a apretarse, y el trasfondo narco del r\u00e9gimen queda m\u00e1s expuesto que nunca ante la comunidad internacional.<\/p>\n\n\n\n<p><\/p>\n","protected":false},"excerpt":{"rendered":"<p>El Gobierno de Estados Unidos oficializ\u00f3 este lunes la incorporaci\u00f3n del Cartel de los Soles \u2014la estructura criminal que, seg\u00fan Washington, opera bajo el mando [&hellip;]<\/p>\n","protected":false},"author":1,"featured_media":18979,"comment_status":"open","ping_status":"open","sticky":false,"template":"","format":"standard","meta":{"footnotes":""},"categories":[285],"tags":[],"class_list":["post-18978","post","type-post","status-publish","format-standard","has-post-thumbnail","hentry","category-internacionales"],"better_featured_image":{"id":18979,"alt_text":"","caption":"","description":"","media_type":"image","media_details":{"width":682,"height":477,"file":"2025\/11\/maduronarco33.png","filesize":301493,"sizes":{"medium":{"file":"maduronarco33-300x210.png","width":300,"height":210,"mime-type":"image\/png","filesize":30952,"source_url":"https:\/\/nuevodigitaldeescobar.com.ar\/wp-content\/uploads\/2025\/11\/maduronarco33-300x210.png"},"thumbnail":{"file":"maduronarco33-150x150.png","width":150,"height":150,"mime-type":"image\/png","filesize":12761,"source_url":"https:\/\/nuevodigitaldeescobar.com.ar\/wp-content\/uploads\/2025\/11\/maduronarco33-150x150.png"}},"image_meta":{"aperture":"0","credit":"","camera":"","caption":"","created_timestamp":"0","copyright":"","focal_length":"0","iso":"0","shutter_speed":"0","title":"","orientation":"0","keywords":[]}},"post":18978,"source_url":"https:\/\/nuevodigitaldeescobar.com.ar\/wp-content\/uploads\/2025\/11\/maduronarco33.png"},"yoast_head":"<!-- This site is optimized with the Yoast SEO plugin v26.1.1 - https:\/\/yoast.com\/wordpress\/plugins\/seo\/ -->\n<title>Estados Unidos declara terrorista al \u201cCartel de los Soles\u201d: m\u00e1s presi\u00f3n internacional sobre el r\u00e9gimen narco de Maduro - Nuevo Digital de Escobar<\/title>\n<meta name=\"robots\" content=\"index, follow, max-snippet:-1, max-image-preview:large, max-video-preview:-1\" \/>\n<link rel=\"canonical\" href=\"https:\/\/nuevodigitaldeescobar.com.ar\/?p=18978\" \/>\n<meta property=\"og:locale\" content=\"es_ES\" \/>\n<meta property=\"og:type\" content=\"article\" \/>\n<meta property=\"og:title\" content=\"Estados Unidos declara terrorista al \u201cCartel de los Soles\u201d: m\u00e1s presi\u00f3n internacional sobre el r\u00e9gimen narco de Maduro - Nuevo Digital de Escobar\" \/>\n<meta property=\"og:description\" content=\"El Gobierno de Estados Unidos oficializ\u00f3 este lunes la incorporaci\u00f3n del Cartel de los Soles \u2014la estructura criminal que, seg\u00fan Washington, opera bajo el mando [&hellip;]\" \/>\n<meta property=\"og:url\" content=\"https:\/\/nuevodigitaldeescobar.com.ar\/?p=18978\" \/>\n<meta property=\"og:site_name\" content=\"Nuevo Digital de Escobar\" \/>\n<meta property=\"article:publisher\" content=\"https:\/\/www.facebook.com\/NUEVODigitalDeEscobar\" \/>\n<meta property=\"article:published_time\" content=\"2025-11-24T14:30:39+00:00\" \/>\n<meta property=\"article:modified_time\" content=\"2025-11-24T14:30:43+00:00\" \/>\n<meta property=\"og:image\" content=\"http:\/\/nuevodigitaldeescobar.com.ar\/wp-content\/uploads\/2025\/11\/maduronarco33.png\" \/>\n\t<meta property=\"og:image:width\" content=\"682\" \/>\n\t<meta property=\"og:image:height\" content=\"477\" \/>\n\t<meta property=\"og:image:type\" content=\"image\/png\" \/>\n<meta name=\"author\" content=\"Redacci\u00f3n\" \/>\n<meta name=\"twitter:card\" content=\"summary_large_image\" \/>\n<meta name=\"twitter:creator\" content=\"@nuevodigescobar\" \/>\n<meta name=\"twitter:site\" content=\"@nuevodigescobar\" \/>\n<meta name=\"twitter:label1\" content=\"Escrito por\" \/>\n\t<meta name=\"twitter:data1\" content=\"Redacci\u00f3n\" \/>\n\t<meta name=\"twitter:label2\" content=\"Tiempo de lectura\" \/>\n\t<meta name=\"twitter:data2\" content=\"3 minutos\" \/>\n<script type=\"application\/ld+json\" class=\"yoast-schema-graph\">{\"@context\":\"https:\/\/schema.org\",\"@graph\":[{\"@type\":\"Article\",\"@id\":\"https:\/\/nuevodigitaldeescobar.com.ar\/?p=18978#article\",\"isPartOf\":{\"@id\":\"https:\/\/nuevodigitaldeescobar.com.ar\/?p=18978\"},\"author\":{\"name\":\"Redacci\u00f3n\",\"@id\":\"https:\/\/nuevodigitaldeescobar.com.ar\/#\/schema\/person\/035e90a8efe9a80e6eec22656ad6ea4c\"},\"headline\":\"Estados Unidos declara terrorista al \u201cCartel de los Soles\u201d: m\u00e1s presi\u00f3n internacional sobre el r\u00e9gimen narco de Maduro\",\"datePublished\":\"2025-11-24T14:30:39+00:00\",\"dateModified\":\"2025-11-24T14:30:43+00:00\",\"mainEntityOfPage\":{\"@id\":\"https:\/\/nuevodigitaldeescobar.com.ar\/?p=18978\"},\"wordCount\":712,\"commentCount\":0,\"publisher\":{\"@id\":\"https:\/\/nuevodigitaldeescobar.com.ar\/#organization\"},\"image\":{\"@id\":\"https:\/\/nuevodigitaldeescobar.com.ar\/?p=18978#primaryimage\"},\"thumbnailUrl\":\"https:\/\/nuevodigitaldeescobar.com.ar\/wp-content\/uploads\/2025\/11\/maduronarco33.png\",\"articleSection\":[\"Internacionales\"],\"inLanguage\":\"es\",\"potentialAction\":[{\"@type\":\"CommentAction\",\"name\":\"Comment\",\"target\":[\"https:\/\/nuevodigitaldeescobar.com.ar\/?p=18978#respond\"]}]},{\"@type\":\"WebPage\",\"@id\":\"https:\/\/nuevodigitaldeescobar.com.ar\/?p=18978\",\"url\":\"https:\/\/nuevodigitaldeescobar.com.ar\/?p=18978\",\"name\":\"Estados Unidos declara terrorista al \u201cCartel de los Soles\u201d: m\u00e1s presi\u00f3n internacional sobre el r\u00e9gimen narco de Maduro - Nuevo Digital de Escobar\",\"isPartOf\":{\"@id\":\"https:\/\/nuevodigitaldeescobar.com.ar\/#website\"},\"primaryImageOfPage\":{\"@id\":\"https:\/\/nuevodigitaldeescobar.com.ar\/?p=18978#primaryimage\"},\"image\":{\"@id\":\"https:\/\/nuevodigitaldeescobar.com.ar\/?p=18978#primaryimage\"},\"thumbnailUrl\":\"https:\/\/nuevodigitaldeescobar.com.ar\/wp-content\/uploads\/2025\/11\/maduronarco33.png\",\"datePublished\":\"2025-11-24T14:30:39+00:00\",\"dateModified\":\"2025-11-24T14:30:43+00:00\",\"breadcrumb\":{\"@id\":\"https:\/\/nuevodigitaldeescobar.com.ar\/?p=18978#breadcrumb\"},\"inLanguage\":\"es\",\"potentialAction\":[{\"@type\":\"ReadAction\",\"target\":[\"https:\/\/nuevodigitaldeescobar.com.ar\/?p=18978\"]}]},{\"@type\":\"ImageObject\",\"inLanguage\":\"es\",\"@id\":\"https:\/\/nuevodigitaldeescobar.com.ar\/?p=18978#primaryimage\",\"url\":\"https:\/\/nuevodigitaldeescobar.com.ar\/wp-content\/uploads\/2025\/11\/maduronarco33.png\",\"contentUrl\":\"https:\/\/nuevodigitaldeescobar.com.ar\/wp-content\/uploads\/2025\/11\/maduronarco33.png\",\"width\":682,\"height\":477},{\"@type\":\"BreadcrumbList\",\"@id\":\"https:\/\/nuevodigitaldeescobar.com.ar\/?p=18978#breadcrumb\",\"itemListElement\":[{\"@type\":\"ListItem\",\"position\":1,\"name\":\"Portada\",\"item\":\"https:\/\/nuevodigitaldeescobar.com.ar\/\"},{\"@type\":\"ListItem\",\"position\":2,\"name\":\"Estados Unidos declara terrorista al \u201cCartel de los Soles\u201d: m\u00e1s presi\u00f3n internacional sobre el r\u00e9gimen narco de Maduro\"}]},{\"@type\":\"WebSite\",\"@id\":\"https:\/\/nuevodigitaldeescobar.com.ar\/#website\",\"url\":\"https:\/\/nuevodigitaldeescobar.com.ar\/\",\"name\":\"Nuevo Digital de Escobar\",\"description\":\"La vida escobarense. Directora: Rosana Brunner\",\"publisher\":{\"@id\":\"https:\/\/nuevodigitaldeescobar.com.ar\/#organization\"},\"potentialAction\":[{\"@type\":\"SearchAction\",\"target\":{\"@type\":\"EntryPoint\",\"urlTemplate\":\"https:\/\/nuevodigitaldeescobar.com.ar\/?s={search_term_string}\"},\"query-input\":{\"@type\":\"PropertyValueSpecification\",\"valueRequired\":true,\"valueName\":\"search_term_string\"}}],\"inLanguage\":\"es\"},{\"@type\":\"Organization\",\"@id\":\"https:\/\/nuevodigitaldeescobar.com.ar\/#organization\",\"name\":\"Nuevo Digital de Escobar\",\"url\":\"https:\/\/nuevodigitaldeescobar.com.ar\/\",\"logo\":{\"@type\":\"ImageObject\",\"inLanguage\":\"es\",\"@id\":\"https:\/\/nuevodigitaldeescobar.com.ar\/#\/schema\/logo\/image\/\",\"url\":\"https:\/\/nuevodigitaldeescobar.com.ar\/wp-content\/uploads\/2025\/05\/cropped-logo-nuevo2.jpg\",\"contentUrl\":\"https:\/\/nuevodigitaldeescobar.com.ar\/wp-content\/uploads\/2025\/05\/cropped-logo-nuevo2.jpg\",\"width\":305,\"height\":305,\"caption\":\"Nuevo Digital de Escobar\"},\"image\":{\"@id\":\"https:\/\/nuevodigitaldeescobar.com.ar\/#\/schema\/logo\/image\/\"},\"sameAs\":[\"https:\/\/www.facebook.com\/NUEVODigitalDeEscobar\",\"https:\/\/x.com\/nuevodigescobar\",\"https:\/\/www.instagram.com\/nuevodigitaldeescobar\"]},{\"@type\":\"Person\",\"@id\":\"https:\/\/nuevodigitaldeescobar.com.ar\/#\/schema\/person\/035e90a8efe9a80e6eec22656ad6ea4c\",\"name\":\"Redacci\u00f3n\",\"image\":{\"@type\":\"ImageObject\",\"inLanguage\":\"es\",\"@id\":\"https:\/\/nuevodigitaldeescobar.com.ar\/#\/schema\/person\/image\/\",\"url\":\"https:\/\/secure.gravatar.com\/avatar\/8af8f40000c24e9eef3034f2be5998a372bb1389e64b1a4a36b3a7979142220d?s=96&d=mm&r=g\",\"contentUrl\":\"https:\/\/secure.gravatar.com\/avatar\/8af8f40000c24e9eef3034f2be5998a372bb1389e64b1a4a36b3a7979142220d?s=96&d=mm&r=g\",\"caption\":\"Redacci\u00f3n\"},\"sameAs\":[\"http:\/\/nuevodigitaldeescobar.com.ar\"],\"url\":\"https:\/\/nuevodigitaldeescobar.com.ar\/?author=1\"}]}<\/script>\n<!-- \/ Yoast SEO plugin. -->","yoast_head_json":{"title":"Estados Unidos declara terrorista al \u201cCartel de los Soles\u201d: m\u00e1s presi\u00f3n internacional sobre el r\u00e9gimen narco de Maduro - Nuevo Digital de Escobar","robots":{"index":"index","follow":"follow","max-snippet":"max-snippet:-1","max-image-preview":"max-image-preview:large","max-video-preview":"max-video-preview:-1"},"canonical":"https:\/\/nuevodigitaldeescobar.com.ar\/?p=18978","og_locale":"es_ES","og_type":"article","og_title":"Estados Unidos declara terrorista al \u201cCartel de los Soles\u201d: m\u00e1s presi\u00f3n internacional sobre el r\u00e9gimen narco de Maduro - Nuevo Digital de Escobar","og_description":"El Gobierno de Estados Unidos oficializ\u00f3 este lunes la incorporaci\u00f3n del Cartel de los Soles \u2014la estructura criminal que, seg\u00fan Washington, opera bajo el mando [&hellip;]","og_url":"https:\/\/nuevodigitaldeescobar.com.ar\/?p=18978","og_site_name":"Nuevo Digital de Escobar","article_publisher":"https:\/\/www.facebook.com\/NUEVODigitalDeEscobar","article_published_time":"2025-11-24T14:30:39+00:00","article_modified_time":"2025-11-24T14:30:43+00:00","og_image":[{"width":682,"height":477,"url":"http:\/\/nuevodigitaldeescobar.com.ar\/wp-content\/uploads\/2025\/11\/maduronarco33.png","type":"image\/png"}],"author":"Redacci\u00f3n","twitter_card":"summary_large_image","twitter_creator":"@nuevodigescobar","twitter_site":"@nuevodigescobar","twitter_misc":{"Escrito por":"Redacci\u00f3n","Tiempo de lectura":"3 minutos"},"schema":{"@context":"https:\/\/schema.org","@graph":[{"@type":"Article","@id":"https:\/\/nuevodigitaldeescobar.com.ar\/?p=18978#article","isPartOf":{"@id":"https:\/\/nuevodigitaldeescobar.com.ar\/?p=18978"},"author":{"name":"Redacci\u00f3n","@id":"https:\/\/nuevodigitaldeescobar.com.ar\/#\/schema\/person\/035e90a8efe9a80e6eec22656ad6ea4c"},"headline":"Estados Unidos declara terrorista al \u201cCartel de los Soles\u201d: m\u00e1s presi\u00f3n internacional sobre el r\u00e9gimen narco de Maduro","datePublished":"2025-11-24T14:30:39+00:00","dateModified":"2025-11-24T14:30:43+00:00","mainEntityOfPage":{"@id":"https:\/\/nuevodigitaldeescobar.com.ar\/?p=18978"},"wordCount":712,"commentCount":0,"publisher":{"@id":"https:\/\/nuevodigitaldeescobar.com.ar\/#organization"},"image":{"@id":"https:\/\/nuevodigitaldeescobar.com.ar\/?p=18978#primaryimage"},"thumbnailUrl":"https:\/\/nuevodigitaldeescobar.com.ar\/wp-content\/uploads\/2025\/11\/maduronarco33.png","articleSection":["Internacionales"],"inLanguage":"es","potentialAction":[{"@type":"CommentAction","name":"Comment","target":["https:\/\/nuevodigitaldeescobar.com.ar\/?p=18978#respond"]}]},{"@type":"WebPage","@id":"https:\/\/nuevodigitaldeescobar.com.ar\/?p=18978","url":"https:\/\/nuevodigitaldeescobar.com.ar\/?p=18978","name":"Estados Unidos declara terrorista al \u201cCartel de los Soles\u201d: m\u00e1s presi\u00f3n internacional sobre el r\u00e9gimen narco de Maduro - Nuevo Digital de Escobar","isPartOf":{"@id":"https:\/\/nuevodigitaldeescobar.com.ar\/#website"},"primaryImageOfPage":{"@id":"https:\/\/nuevodigitaldeescobar.com.ar\/?p=18978#primaryimage"},"image":{"@id":"https:\/\/nuevodigitaldeescobar.com.ar\/?p=18978#primaryimage"},"thumbnailUrl":"https:\/\/nuevodigitaldeescobar.com.ar\/wp-content\/uploads\/2025\/11\/maduronarco33.png","datePublished":"2025-11-24T14:30:39+00:00","dateModified":"2025-11-24T14:30:43+00:00","breadcrumb":{"@id":"https:\/\/nuevodigitaldeescobar.com.ar\/?p=18978#breadcrumb"},"inLanguage":"es","potentialAction":[{"@type":"ReadAction","target":["https:\/\/nuevodigitaldeescobar.com.ar\/?p=18978"]}]},{"@type":"ImageObject","inLanguage":"es","@id":"https:\/\/nuevodigitaldeescobar.com.ar\/?p=18978#primaryimage","url":"https:\/\/nuevodigitaldeescobar.com.ar\/wp-content\/uploads\/2025\/11\/maduronarco33.png","contentUrl":"https:\/\/nuevodigitaldeescobar.com.ar\/wp-content\/uploads\/2025\/11\/maduronarco33.png","width":682,"height":477},{"@type":"BreadcrumbList","@id":"https:\/\/nuevodigitaldeescobar.com.ar\/?p=18978#breadcrumb","itemListElement":[{"@type":"ListItem","position":1,"name":"Portada","item":"https:\/\/nuevodigitaldeescobar.com.ar\/"},{"@type":"ListItem","position":2,"name":"Estados Unidos declara terrorista al \u201cCartel de los Soles\u201d: m\u00e1s presi\u00f3n internacional sobre el r\u00e9gimen narco de Maduro"}]},{"@type":"WebSite","@id":"https:\/\/nuevodigitaldeescobar.com.ar\/#website","url":"https:\/\/nuevodigitaldeescobar.com.ar\/","name":"Nuevo Digital de Escobar","description":"La vida escobarense. Directora: Rosana Brunner","publisher":{"@id":"https:\/\/nuevodigitaldeescobar.com.ar\/#organization"},"potentialAction":[{"@type":"SearchAction","target":{"@type":"EntryPoint","urlTemplate":"https:\/\/nuevodigitaldeescobar.com.ar\/?s={search_term_string}"},"query-input":{"@type":"PropertyValueSpecification","valueRequired":true,"valueName":"search_term_string"}}],"inLanguage":"es"},{"@type":"Organization","@id":"https:\/\/nuevodigitaldeescobar.com.ar\/#organization","name":"Nuevo Digital de Escobar","url":"https:\/\/nuevodigitaldeescobar.com.ar\/","logo":{"@type":"ImageObject","inLanguage":"es","@id":"https:\/\/nuevodigitaldeescobar.com.ar\/#\/schema\/logo\/image\/","url":"https:\/\/nuevodigitaldeescobar.com.ar\/wp-content\/uploads\/2025\/05\/cropped-logo-nuevo2.jpg","contentUrl":"https:\/\/nuevodigitaldeescobar.com.ar\/wp-content\/uploads\/2025\/05\/cropped-logo-nuevo2.jpg","width":305,"height":305,"caption":"Nuevo Digital de Escobar"},"image":{"@id":"https:\/\/nuevodigitaldeescobar.com.ar\/#\/schema\/logo\/image\/"},"sameAs":["https:\/\/www.facebook.com\/NUEVODigitalDeEscobar","https:\/\/x.com\/nuevodigescobar","https:\/\/www.instagram.com\/nuevodigitaldeescobar"]},{"@type":"Person","@id":"https:\/\/nuevodigitaldeescobar.com.ar\/#\/schema\/person\/035e90a8efe9a80e6eec22656ad6ea4c","name":"Redacci\u00f3n","image":{"@type":"ImageObject","inLanguage":"es","@id":"https:\/\/nuevodigitaldeescobar.com.ar\/#\/schema\/person\/image\/","url":"https:\/\/secure.gravatar.com\/avatar\/8af8f40000c24e9eef3034f2be5998a372bb1389e64b1a4a36b3a7979142220d?s=96&d=mm&r=g","contentUrl":"https:\/\/secure.gravatar.com\/avatar\/8af8f40000c24e9eef3034f2be5998a372bb1389e64b1a4a36b3a7979142220d?s=96&d=mm&r=g","caption":"Redacci\u00f3n"},"sameAs":["http:\/\/nuevodigitaldeescobar.com.ar"],"url":"https:\/\/nuevodigitaldeescobar.com.ar\/?author=1"}]}},"featured_image_urls":{"full":["https:\/\/nuevodigitaldeescobar.com.ar\/wp-content\/uploads\/2025\/11\/maduronarco33.png",682,477,false],"thumbnail":["https:\/\/nuevodigitaldeescobar.com.ar\/wp-content\/uploads\/2025\/11\/maduronarco33-150x150.png",150,150,true],"medium":["https:\/\/nuevodigitaldeescobar.com.ar\/wp-content\/uploads\/2025\/11\/maduronarco33-300x210.png",300,210,true],"medium_large":["https:\/\/nuevodigitaldeescobar.com.ar\/wp-content\/uploads\/2025\/11\/maduronarco33.png",640,448,false],"large":["https:\/\/nuevodigitaldeescobar.com.ar\/wp-content\/uploads\/2025\/11\/maduronarco33.png",640,448,false],"1536x1536":["https:\/\/nuevodigitaldeescobar.com.ar\/wp-content\/uploads\/2025\/11\/maduronarco33.png",682,477,false],"2048x2048":["https:\/\/nuevodigitaldeescobar.com.ar\/wp-content\/uploads\/2025\/11\/maduronarco33.png",682,477,false]},"author_info":{"display_name":"Redacci\u00f3n","author_link":"https:\/\/nuevodigitaldeescobar.com.ar\/?author=1"},"category_info":"<a href=\"https:\/\/nuevodigitaldeescobar.com.ar\/?cat=285\" rel=\"category\">Internacionales<\/a>","tag_info":"Internacionales","comment_count":"0","_links":{"self":[{"href":"https:\/\/nuevodigitaldeescobar.com.ar\/index.php?rest_route=\/wp\/v2\/posts\/18978","targetHints":{"allow":["GET"]}}],"collection":[{"href":"https:\/\/nuevodigitaldeescobar.com.ar\/index.php?rest_route=\/wp\/v2\/posts"}],"about":[{"href":"https:\/\/nuevodigitaldeescobar.com.ar\/index.php?rest_route=\/wp\/v2\/types\/post"}],"author":[{"embeddable":true,"href":"https:\/\/nuevodigitaldeescobar.com.ar\/index.php?rest_route=\/wp\/v2\/users\/1"}],"replies":[{"embeddable":true,"href":"https:\/\/nuevodigitaldeescobar.com.ar\/index.php?rest_route=%2Fwp%2Fv2%2Fcomments&post=18978"}],"version-history":[{"count":1,"href":"https:\/\/nuevodigitaldeescobar.com.ar\/index.php?rest_route=\/wp\/v2\/posts\/18978\/revisions"}],"predecessor-version":[{"id":18980,"href":"https:\/\/nuevodigitaldeescobar.com.ar\/index.php?rest_route=\/wp\/v2\/posts\/18978\/revisions\/18980"}],"wp:featuredmedia":[{"embeddable":true,"href":"https:\/\/nuevodigitaldeescobar.com.ar\/index.php?rest_route=\/wp\/v2\/media\/18979"}],"wp:attachment":[{"href":"https:\/\/nuevodigitaldeescobar.com.ar\/index.php?rest_route=%2Fwp%2Fv2%2Fmedia&parent=18978"}],"wp:term":[{"taxonomy":"category","embeddable":true,"href":"https:\/\/nuevodigitaldeescobar.com.ar\/index.php?rest_route=%2Fwp%2Fv2%2Fcategories&post=18978"},{"taxonomy":"post_tag","embeddable":true,"href":"https:\/\/nuevodigitaldeescobar.com.ar\/index.php?rest_route=%2Fwp%2Fv2%2Ftags&post=18978"}],"curies":[{"name":"wp","href":"https:\/\/api.w.org\/{rel}","templated":true}]}}