{"id":18981,"date":"2025-11-24T12:47:23","date_gmt":"2025-11-24T15:47:23","guid":{"rendered":"https:\/\/nuevodigitaldeescobar.com.ar\/?p=18981"},"modified":"2025-11-24T12:47:34","modified_gmt":"2025-11-24T15:47:34","slug":"planes-sociales-y-auh-como-crecieron-en-los-ultimos-16-anos-y-que-efecto-tuvieron-en-la-pobreza","status":"publish","type":"post","link":"https:\/\/nuevodigitaldeescobar.com.ar\/?p=18981","title":{"rendered":"Planes sociales y AUH: c\u00f3mo crecieron en los \u00faltimos 16 a\u00f1os y qu\u00e9 efecto tuvieron en la pobreza"},"content":{"rendered":"\n<p class=\"has-vivid-cyan-blue-color has-text-color has-link-color wp-elements-4282ad60a4fccffab51fa0af33f87cc1\"><em><strong>En un pa\u00eds donde los ciclos econ\u00f3micos suelen golpear con m\u00e1s fuerza a los sectores con menores ingresos, las pol\u00edticas destinadas a la ni\u00f1ez y la asistencia alimentaria se convirtieron en un amortiguador clave. Seg\u00fan datos oficiales, la cantidad de beneficiarios de la Asignaci\u00f3n Universal por Hijo (AUH), la Prestaci\u00f3n Alimentar y el Apoyo Alimentario del Plan 1.000 D\u00edas pas\u00f3 de 4,7 millones en 2009 a m\u00e1s de 7,4 millones en 2025.<\/strong><\/em><\/p>\n\n\n\n<!--more-->\n\n\n\n<p>Pese a la p\u00e9rdida de poder adquisitivo en determinados momentos, el impacto sobre la pobreza y la indigencia fue contundente. De acuerdo con estimaciones de la Oficina de Presupuesto del Congreso (OPC), <strong>sin estas pol\u00edticas habr\u00eda un 10% m\u00e1s de pobres y un 82% m\u00e1s de indigentes<\/strong>, especialmente en hogares con ni\u00f1os, ni\u00f1as y adolescentes.<\/p>\n\n\n\n<hr class=\"wp-block-separator has-alpha-channel-opacity\"\/>\n\n\n\n<h2 class=\"wp-block-heading has-text-color has-link-color wp-elements-7d2ec878f7bdd70e65dad92be4517ccb\" style=\"color:#094fbe\"><em>Un freno decisivo contra la pobreza<\/em><\/h2>\n\n\n\n<p>El informe detalla que el paquete de prestaciones reduce:<\/p>\n\n\n\n<figure class=\"wp-block-table is-style-stripes\"><table class=\"has-light-green-cyan-to-vivid-green-cyan-gradient-background has-background has-fixed-layout\"><thead><tr><th>Indicador<\/th><th>Reducci\u00f3n con AUH + Alimentar + 1.000 D\u00edas<\/th><\/tr><\/thead><tbody><tr><td>Pobreza en personas<\/td><td><strong>-3,26 p.p.<\/strong> (1,5 millones de personas)<\/td><\/tr><tr><td>Pobreza en hogares<\/td><td><strong>-2,29 p.p.<\/strong> (368 mil hogares)<\/td><\/tr><tr><td>Indigencia en personas<\/td><td><strong>-5,69 p.p.<\/strong> (2,6 millones de personas)<\/td><\/tr><tr><td>Indigencia en hogares<\/td><td><strong>-3,81 p.p.<\/strong> (611 mil hogares)<\/td><\/tr><\/tbody><\/table><\/figure>\n\n\n\n<p>Sin estos programas, la indigencia ser\u00eda casi el doble.<\/p>\n\n\n<div class=\"wp-block-image\">\n<figure class=\"aligncenter size-large\"><img fetchpriority=\"high\" decoding=\"async\" width=\"1024\" height=\"638\" src=\"https:\/\/nuevodigitaldeescobar.com.ar\/wp-content\/uploads\/2025\/11\/image-5-1024x638.png\" alt=\"\" class=\"wp-image-18984\" srcset=\"https:\/\/nuevodigitaldeescobar.com.ar\/wp-content\/uploads\/2025\/11\/image-5-1024x638.png 1024w, https:\/\/nuevodigitaldeescobar.com.ar\/wp-content\/uploads\/2025\/11\/image-5-300x187.png 300w, https:\/\/nuevodigitaldeescobar.com.ar\/wp-content\/uploads\/2025\/11\/image-5-768x478.png 768w, https:\/\/nuevodigitaldeescobar.com.ar\/wp-content\/uploads\/2025\/11\/image-5-1536x957.png 1536w, https:\/\/nuevodigitaldeescobar.com.ar\/wp-content\/uploads\/2025\/11\/image-5.png 1572w\" sizes=\"(max-width: 1024px) 100vw, 1024px\" \/><\/figure><\/div>\n\n\n<hr class=\"wp-block-separator has-alpha-channel-opacity\"\/>\n\n\n\n<h2 class=\"wp-block-heading has-text-color has-link-color wp-elements-2476f8d8511cd41941ce7df519113d14\" style=\"color:#094fbe\"><em>Un andamiaje que creci\u00f3\u2026 y ahora funciona con otra l\u00f3gica<\/em><\/h2>\n\n\n\n<p>Desde hace 15 a\u00f1os, el sistema de asistencia a la ni\u00f1ez evolucion\u00f3 en dos direcciones:<\/p>\n\n\n\n<ol class=\"wp-block-list\">\n<li><strong>Mayor cobertura<\/strong>, con un salto notable durante la pandemia.<\/li>\n\n\n\n<li><strong>Cambio en el mecanismo de implementaci\u00f3n<\/strong>, donde las transferencias directas se volvieron protagonistas.<\/li>\n<\/ol>\n\n\n\n<p>Antes de 2020, gran parte del presupuesto se ejecutaba a trav\u00e9s de provincias, municipios u organizaciones. Con la creaci\u00f3n de la Tarjeta Alimentar, la estrategia cambi\u00f3: hoy estos programas representan alrededor del <strong>1% del PBI<\/strong>, y se canalizan principalmente por dep\u00f3sitos directos a las familias.<\/p>\n\n\n\n<hr class=\"wp-block-separator has-alpha-channel-opacity\"\/>\n\n\n\n<h2 class=\"wp-block-heading has-text-color has-link-color wp-elements-38f1a7bc08b3582736388f28533a3d8d\" style=\"color:#094fbe\"><em>Poder adquisitivo: comportamientos muy distintos<\/em><\/h2>\n\n\n\n<figure class=\"wp-block-table is-style-stripes\"><table class=\"has-vivid-cyan-blue-to-vivid-purple-gradient-background has-background has-fixed-layout\"><thead><tr><th>Prestaci\u00f3n<\/th><th>Evoluci\u00f3n 2023-2025<\/th><\/tr><\/thead><tbody><tr><td><strong>AUH<\/strong><\/td><td>Recuperaci\u00f3n despu\u00e9s de un piso hist\u00f3rico en 2023; hoy mantiene uno de los mejores niveles reales de la serie, con un promedio actual de <strong>$107.075<\/strong>.<\/td><\/tr><tr><td><strong>Prestaci\u00f3n Alimentar<\/strong><\/td><td>Deterioro sostenido: sin actualizaci\u00f3n autom\u00e1tica, sus aumentos quedaron por detr\u00e1s de la inflaci\u00f3n.<\/td><\/tr><tr><td><strong>Plan 1.000 D\u00edas<\/strong><\/td><td>Creci\u00f3 fuerte tras el aumento del <strong>500% en 2024<\/strong>, estabiliz\u00e1ndose desde entonces.<\/td><\/tr><\/tbody><\/table><\/figure>\n\n\n<div class=\"wp-block-image\">\n<figure class=\"aligncenter size-large\"><img decoding=\"async\" width=\"1024\" height=\"635\" src=\"https:\/\/nuevodigitaldeescobar.com.ar\/wp-content\/uploads\/2025\/11\/image-4-1024x635.png\" alt=\"\" class=\"wp-image-18983\" srcset=\"https:\/\/nuevodigitaldeescobar.com.ar\/wp-content\/uploads\/2025\/11\/image-4-1024x635.png 1024w, https:\/\/nuevodigitaldeescobar.com.ar\/wp-content\/uploads\/2025\/11\/image-4-300x186.png 300w, https:\/\/nuevodigitaldeescobar.com.ar\/wp-content\/uploads\/2025\/11\/image-4-768x476.png 768w, https:\/\/nuevodigitaldeescobar.com.ar\/wp-content\/uploads\/2025\/11\/image-4-1536x953.png 1536w, https:\/\/nuevodigitaldeescobar.com.ar\/wp-content\/uploads\/2025\/11\/image-4.png 1580w\" sizes=\"(max-width: 1024px) 100vw, 1024px\" \/><\/figure><\/div>\n\n\n<hr class=\"wp-block-separator has-alpha-channel-opacity\"\/>\n\n\n\n<h2 class=\"wp-block-heading has-text-color has-link-color wp-elements-f9f94e419f858efd3bc92e37a867e0ac\" style=\"color:#094fbe\"><em>Cobertura e inversi\u00f3n: qu\u00e9 cambi\u00f3 desde 2020<\/em><\/h2>\n\n\n\n<ul class=\"wp-block-list\">\n<li>La Prestaci\u00f3n Alimentar pas\u00f3 de menos de 1,5 millones de beneficios a <strong>2,5 millones en 2024<\/strong>.<\/li>\n\n\n\n<li>La AUH alcanz\u00f3 su pico del <strong>0,7% del PBI en 2020<\/strong>, cay\u00f3 y volvi\u00f3 a crecer hasta ubicarse hoy cerca del <strong>0,65%<\/strong>.<\/li>\n\n\n\n<li>El Plan 1.000 D\u00edas avanza lentamente pero con tendencia firme, proyectando <strong>0,04% del PBI en 2025<\/strong>.<\/li>\n<\/ul>\n\n\n<div class=\"wp-block-image\">\n<figure class=\"aligncenter size-large\"><img decoding=\"async\" width=\"1024\" height=\"635\" src=\"https:\/\/nuevodigitaldeescobar.com.ar\/wp-content\/uploads\/2025\/11\/image-7-1024x635.png\" alt=\"\" class=\"wp-image-18986\" srcset=\"https:\/\/nuevodigitaldeescobar.com.ar\/wp-content\/uploads\/2025\/11\/image-7-1024x635.png 1024w, https:\/\/nuevodigitaldeescobar.com.ar\/wp-content\/uploads\/2025\/11\/image-7-300x186.png 300w, https:\/\/nuevodigitaldeescobar.com.ar\/wp-content\/uploads\/2025\/11\/image-7-768x476.png 768w, https:\/\/nuevodigitaldeescobar.com.ar\/wp-content\/uploads\/2025\/11\/image-7-1536x953.png 1536w, https:\/\/nuevodigitaldeescobar.com.ar\/wp-content\/uploads\/2025\/11\/image-7.png 1580w\" sizes=\"(max-width: 1024px) 100vw, 1024px\" \/><\/figure><\/div>\n\n\n<p>El esquema consolidado desde la pandemia muestra una pol\u00edtica social m\u00e1s \u201cquir\u00fargica\u201d: prioriza transferencias directas y se mueve en funci\u00f3n del espacio fiscal disponible. La OPC advierte que este modelo ser\u00e1 sostenible solo si el pa\u00eds consigue una recuperaci\u00f3n econ\u00f3mica que permita reducir la dependencia de la asistencia estatal.<\/p>\n\n\n\n<p><\/p>\n","protected":false},"excerpt":{"rendered":"<p>En un pa\u00eds donde los ciclos econ\u00f3micos suelen golpear con m\u00e1s fuerza a los sectores con menores ingresos, las pol\u00edticas destinadas a la ni\u00f1ez y [&hellip;]<\/p>\n","protected":false},"author":1,"featured_media":17573,"comment_status":"open","ping_status":"open","sticky":false,"template":"","format":"standard","meta":{"footnotes":""},"categories":[10],"tags":[],"class_list":["post-18981","post","type-post","status-publish","format-standard","has-post-thumbnail","hentry","category-economia"],"better_featured_image":{"id":17573,"alt_text":"","caption":"","description":"","media_type":"image","media_details":{"width":642,"height":361,"file":"2025\/08\/libreta-auh-ansesjpg.webp","filesize":22588,"sizes":{"medium":{"file":"libreta-auh-ansesjpg-300x169.webp","width":300,"height":169,"mime-type":"image\/webp","filesize":7812,"source_url":"https:\/\/nuevodigitaldeescobar.com.ar\/wp-content\/uploads\/2025\/08\/libreta-auh-ansesjpg-300x169.webp"},"thumbnail":{"file":"libreta-auh-ansesjpg-150x150.webp","width":150,"height":150,"mime-type":"image\/webp","filesize":4920,"source_url":"https:\/\/nuevodigitaldeescobar.com.ar\/wp-content\/uploads\/2025\/08\/libreta-auh-ansesjpg-150x150.webp"}},"image_meta":{"aperture":"0","credit":"","camera":"","caption":"","created_timestamp":"0","copyright":"","focal_length":"0","iso":"0","shutter_speed":"0","title":"","orientation":"0","keywords":[]}},"post":17572,"source_url":"https:\/\/nuevodigitaldeescobar.com.ar\/wp-content\/uploads\/2025\/08\/libreta-auh-ansesjpg.webp"},"yoast_head":"<!-- This site is optimized with the Yoast SEO plugin v26.1.1 - https:\/\/yoast.com\/wordpress\/plugins\/seo\/ -->\n<title>Planes sociales y AUH: c\u00f3mo crecieron en los \u00faltimos 16 a\u00f1os y qu\u00e9 efecto tuvieron en la pobreza - Nuevo Digital de Escobar<\/title>\n<meta name=\"robots\" content=\"index, follow, max-snippet:-1, max-image-preview:large, max-video-preview:-1\" \/>\n<link rel=\"canonical\" href=\"https:\/\/nuevodigitaldeescobar.com.ar\/?p=18981\" \/>\n<meta property=\"og:locale\" content=\"es_ES\" \/>\n<meta property=\"og:type\" content=\"article\" \/>\n<meta property=\"og:title\" content=\"Planes sociales y AUH: c\u00f3mo crecieron en los \u00faltimos 16 a\u00f1os y qu\u00e9 efecto tuvieron en la pobreza - Nuevo Digital de Escobar\" \/>\n<meta property=\"og:description\" content=\"En un pa\u00eds donde los ciclos econ\u00f3micos suelen golpear con m\u00e1s fuerza a los sectores con menores ingresos, las pol\u00edticas destinadas a la ni\u00f1ez y [&hellip;]\" \/>\n<meta property=\"og:url\" content=\"https:\/\/nuevodigitaldeescobar.com.ar\/?p=18981\" \/>\n<meta property=\"og:site_name\" content=\"Nuevo Digital de Escobar\" \/>\n<meta property=\"article:publisher\" content=\"https:\/\/www.facebook.com\/NUEVODigitalDeEscobar\" \/>\n<meta property=\"article:published_time\" content=\"2025-11-24T15:47:23+00:00\" \/>\n<meta property=\"article:modified_time\" content=\"2025-11-24T15:47:34+00:00\" \/>\n<meta property=\"og:image\" content=\"http:\/\/nuevodigitaldeescobar.com.ar\/wp-content\/uploads\/2025\/08\/libreta-auh-ansesjpg.webp\" \/>\n\t<meta property=\"og:image:width\" content=\"642\" \/>\n\t<meta property=\"og:image:height\" content=\"361\" \/>\n\t<meta property=\"og:image:type\" content=\"image\/webp\" \/>\n<meta name=\"author\" content=\"Redacci\u00f3n\" \/>\n<meta name=\"twitter:card\" content=\"summary_large_image\" \/>\n<meta name=\"twitter:creator\" content=\"@nuevodigescobar\" \/>\n<meta name=\"twitter:site\" content=\"@nuevodigescobar\" \/>\n<meta name=\"twitter:label1\" content=\"Escrito por\" \/>\n\t<meta name=\"twitter:data1\" content=\"Redacci\u00f3n\" \/>\n\t<meta name=\"twitter:label2\" content=\"Tiempo de lectura\" \/>\n\t<meta name=\"twitter:data2\" content=\"3 minutos\" \/>\n<script type=\"application\/ld+json\" class=\"yoast-schema-graph\">{\"@context\":\"https:\/\/schema.org\",\"@graph\":[{\"@type\":\"Article\",\"@id\":\"https:\/\/nuevodigitaldeescobar.com.ar\/?p=18981#article\",\"isPartOf\":{\"@id\":\"https:\/\/nuevodigitaldeescobar.com.ar\/?p=18981\"},\"author\":{\"name\":\"Redacci\u00f3n\",\"@id\":\"https:\/\/nuevodigitaldeescobar.com.ar\/#\/schema\/person\/035e90a8efe9a80e6eec22656ad6ea4c\"},\"headline\":\"Planes sociales y AUH: c\u00f3mo crecieron en los \u00faltimos 16 a\u00f1os y qu\u00e9 efecto tuvieron en la pobreza\",\"datePublished\":\"2025-11-24T15:47:23+00:00\",\"dateModified\":\"2025-11-24T15:47:34+00:00\",\"mainEntityOfPage\":{\"@id\":\"https:\/\/nuevodigitaldeescobar.com.ar\/?p=18981\"},\"wordCount\":500,\"commentCount\":0,\"publisher\":{\"@id\":\"https:\/\/nuevodigitaldeescobar.com.ar\/#organization\"},\"image\":{\"@id\":\"https:\/\/nuevodigitaldeescobar.com.ar\/?p=18981#primaryimage\"},\"thumbnailUrl\":\"https:\/\/nuevodigitaldeescobar.com.ar\/wp-content\/uploads\/2025\/08\/libreta-auh-ansesjpg.webp\",\"articleSection\":[\"Econom\u00eda\"],\"inLanguage\":\"es\",\"potentialAction\":[{\"@type\":\"CommentAction\",\"name\":\"Comment\",\"target\":[\"https:\/\/nuevodigitaldeescobar.com.ar\/?p=18981#respond\"]}]},{\"@type\":\"WebPage\",\"@id\":\"https:\/\/nuevodigitaldeescobar.com.ar\/?p=18981\",\"url\":\"https:\/\/nuevodigitaldeescobar.com.ar\/?p=18981\",\"name\":\"Planes sociales y AUH: c\u00f3mo crecieron en los \u00faltimos 16 a\u00f1os y qu\u00e9 efecto tuvieron en la pobreza - Nuevo Digital de Escobar\",\"isPartOf\":{\"@id\":\"https:\/\/nuevodigitaldeescobar.com.ar\/#website\"},\"primaryImageOfPage\":{\"@id\":\"https:\/\/nuevodigitaldeescobar.com.ar\/?p=18981#primaryimage\"},\"image\":{\"@id\":\"https:\/\/nuevodigitaldeescobar.com.ar\/?p=18981#primaryimage\"},\"thumbnailUrl\":\"https:\/\/nuevodigitaldeescobar.com.ar\/wp-content\/uploads\/2025\/08\/libreta-auh-ansesjpg.webp\",\"datePublished\":\"2025-11-24T15:47:23+00:00\",\"dateModified\":\"2025-11-24T15:47:34+00:00\",\"breadcrumb\":{\"@id\":\"https:\/\/nuevodigitaldeescobar.com.ar\/?p=18981#breadcrumb\"},\"inLanguage\":\"es\",\"potentialAction\":[{\"@type\":\"ReadAction\",\"target\":[\"https:\/\/nuevodigitaldeescobar.com.ar\/?p=18981\"]}]},{\"@type\":\"ImageObject\",\"inLanguage\":\"es\",\"@id\":\"https:\/\/nuevodigitaldeescobar.com.ar\/?p=18981#primaryimage\",\"url\":\"https:\/\/nuevodigitaldeescobar.com.ar\/wp-content\/uploads\/2025\/08\/libreta-auh-ansesjpg.webp\",\"contentUrl\":\"https:\/\/nuevodigitaldeescobar.com.ar\/wp-content\/uploads\/2025\/08\/libreta-auh-ansesjpg.webp\",\"width\":642,\"height\":361},{\"@type\":\"BreadcrumbList\",\"@id\":\"https:\/\/nuevodigitaldeescobar.com.ar\/?p=18981#breadcrumb\",\"itemListElement\":[{\"@type\":\"ListItem\",\"position\":1,\"name\":\"Portada\",\"item\":\"https:\/\/nuevodigitaldeescobar.com.ar\/\"},{\"@type\":\"ListItem\",\"position\":2,\"name\":\"Planes sociales y AUH: c\u00f3mo crecieron en los \u00faltimos 16 a\u00f1os y qu\u00e9 efecto tuvieron en la pobreza\"}]},{\"@type\":\"WebSite\",\"@id\":\"https:\/\/nuevodigitaldeescobar.com.ar\/#website\",\"url\":\"https:\/\/nuevodigitaldeescobar.com.ar\/\",\"name\":\"Nuevo Digital de Escobar\",\"description\":\"La vida escobarense. Directora: Rosana Brunner\",\"publisher\":{\"@id\":\"https:\/\/nuevodigitaldeescobar.com.ar\/#organization\"},\"potentialAction\":[{\"@type\":\"SearchAction\",\"target\":{\"@type\":\"EntryPoint\",\"urlTemplate\":\"https:\/\/nuevodigitaldeescobar.com.ar\/?s={search_term_string}\"},\"query-input\":{\"@type\":\"PropertyValueSpecification\",\"valueRequired\":true,\"valueName\":\"search_term_string\"}}],\"inLanguage\":\"es\"},{\"@type\":\"Organization\",\"@id\":\"https:\/\/nuevodigitaldeescobar.com.ar\/#organization\",\"name\":\"Nuevo Digital de Escobar\",\"url\":\"https:\/\/nuevodigitaldeescobar.com.ar\/\",\"logo\":{\"@type\":\"ImageObject\",\"inLanguage\":\"es\",\"@id\":\"https:\/\/nuevodigitaldeescobar.com.ar\/#\/schema\/logo\/image\/\",\"url\":\"https:\/\/nuevodigitaldeescobar.com.ar\/wp-content\/uploads\/2025\/05\/cropped-logo-nuevo2.jpg\",\"contentUrl\":\"https:\/\/nuevodigitaldeescobar.com.ar\/wp-content\/uploads\/2025\/05\/cropped-logo-nuevo2.jpg\",\"width\":305,\"height\":305,\"caption\":\"Nuevo Digital de Escobar\"},\"image\":{\"@id\":\"https:\/\/nuevodigitaldeescobar.com.ar\/#\/schema\/logo\/image\/\"},\"sameAs\":[\"https:\/\/www.facebook.com\/NUEVODigitalDeEscobar\",\"https:\/\/x.com\/nuevodigescobar\",\"https:\/\/www.instagram.com\/nuevodigitaldeescobar\"]},{\"@type\":\"Person\",\"@id\":\"https:\/\/nuevodigitaldeescobar.com.ar\/#\/schema\/person\/035e90a8efe9a80e6eec22656ad6ea4c\",\"name\":\"Redacci\u00f3n\",\"image\":{\"@type\":\"ImageObject\",\"inLanguage\":\"es\",\"@id\":\"https:\/\/nuevodigitaldeescobar.com.ar\/#\/schema\/person\/image\/\",\"url\":\"https:\/\/secure.gravatar.com\/avatar\/8af8f40000c24e9eef3034f2be5998a372bb1389e64b1a4a36b3a7979142220d?s=96&d=mm&r=g\",\"contentUrl\":\"https:\/\/secure.gravatar.com\/avatar\/8af8f40000c24e9eef3034f2be5998a372bb1389e64b1a4a36b3a7979142220d?s=96&d=mm&r=g\",\"caption\":\"Redacci\u00f3n\"},\"sameAs\":[\"http:\/\/nuevodigitaldeescobar.com.ar\"],\"url\":\"https:\/\/nuevodigitaldeescobar.com.ar\/?author=1\"}]}<\/script>\n<!-- \/ Yoast SEO plugin. -->","yoast_head_json":{"title":"Planes sociales y AUH: c\u00f3mo crecieron en los \u00faltimos 16 a\u00f1os y qu\u00e9 efecto tuvieron en la pobreza - Nuevo Digital de Escobar","robots":{"index":"index","follow":"follow","max-snippet":"max-snippet:-1","max-image-preview":"max-image-preview:large","max-video-preview":"max-video-preview:-1"},"canonical":"https:\/\/nuevodigitaldeescobar.com.ar\/?p=18981","og_locale":"es_ES","og_type":"article","og_title":"Planes sociales y AUH: c\u00f3mo crecieron en los \u00faltimos 16 a\u00f1os y qu\u00e9 efecto tuvieron en la pobreza - Nuevo Digital de Escobar","og_description":"En un pa\u00eds donde los ciclos econ\u00f3micos suelen golpear con m\u00e1s fuerza a los sectores con menores ingresos, las pol\u00edticas destinadas a la ni\u00f1ez y [&hellip;]","og_url":"https:\/\/nuevodigitaldeescobar.com.ar\/?p=18981","og_site_name":"Nuevo Digital de Escobar","article_publisher":"https:\/\/www.facebook.com\/NUEVODigitalDeEscobar","article_published_time":"2025-11-24T15:47:23+00:00","article_modified_time":"2025-11-24T15:47:34+00:00","og_image":[{"width":642,"height":361,"url":"http:\/\/nuevodigitaldeescobar.com.ar\/wp-content\/uploads\/2025\/08\/libreta-auh-ansesjpg.webp","type":"image\/webp"}],"author":"Redacci\u00f3n","twitter_card":"summary_large_image","twitter_creator":"@nuevodigescobar","twitter_site":"@nuevodigescobar","twitter_misc":{"Escrito por":"Redacci\u00f3n","Tiempo de lectura":"3 minutos"},"schema":{"@context":"https:\/\/schema.org","@graph":[{"@type":"Article","@id":"https:\/\/nuevodigitaldeescobar.com.ar\/?p=18981#article","isPartOf":{"@id":"https:\/\/nuevodigitaldeescobar.com.ar\/?p=18981"},"author":{"name":"Redacci\u00f3n","@id":"https:\/\/nuevodigitaldeescobar.com.ar\/#\/schema\/person\/035e90a8efe9a80e6eec22656ad6ea4c"},"headline":"Planes sociales y AUH: c\u00f3mo crecieron en los \u00faltimos 16 a\u00f1os y qu\u00e9 efecto tuvieron en la pobreza","datePublished":"2025-11-24T15:47:23+00:00","dateModified":"2025-11-24T15:47:34+00:00","mainEntityOfPage":{"@id":"https:\/\/nuevodigitaldeescobar.com.ar\/?p=18981"},"wordCount":500,"commentCount":0,"publisher":{"@id":"https:\/\/nuevodigitaldeescobar.com.ar\/#organization"},"image":{"@id":"https:\/\/nuevodigitaldeescobar.com.ar\/?p=18981#primaryimage"},"thumbnailUrl":"https:\/\/nuevodigitaldeescobar.com.ar\/wp-content\/uploads\/2025\/08\/libreta-auh-ansesjpg.webp","articleSection":["Econom\u00eda"],"inLanguage":"es","potentialAction":[{"@type":"CommentAction","name":"Comment","target":["https:\/\/nuevodigitaldeescobar.com.ar\/?p=18981#respond"]}]},{"@type":"WebPage","@id":"https:\/\/nuevodigitaldeescobar.com.ar\/?p=18981","url":"https:\/\/nuevodigitaldeescobar.com.ar\/?p=18981","name":"Planes sociales y AUH: c\u00f3mo crecieron en los \u00faltimos 16 a\u00f1os y qu\u00e9 efecto tuvieron en la pobreza - Nuevo Digital de Escobar","isPartOf":{"@id":"https:\/\/nuevodigitaldeescobar.com.ar\/#website"},"primaryImageOfPage":{"@id":"https:\/\/nuevodigitaldeescobar.com.ar\/?p=18981#primaryimage"},"image":{"@id":"https:\/\/nuevodigitaldeescobar.com.ar\/?p=18981#primaryimage"},"thumbnailUrl":"https:\/\/nuevodigitaldeescobar.com.ar\/wp-content\/uploads\/2025\/08\/libreta-auh-ansesjpg.webp","datePublished":"2025-11-24T15:47:23+00:00","dateModified":"2025-11-24T15:47:34+00:00","breadcrumb":{"@id":"https:\/\/nuevodigitaldeescobar.com.ar\/?p=18981#breadcrumb"},"inLanguage":"es","potentialAction":[{"@type":"ReadAction","target":["https:\/\/nuevodigitaldeescobar.com.ar\/?p=18981"]}]},{"@type":"ImageObject","inLanguage":"es","@id":"https:\/\/nuevodigitaldeescobar.com.ar\/?p=18981#primaryimage","url":"https:\/\/nuevodigitaldeescobar.com.ar\/wp-content\/uploads\/2025\/08\/libreta-auh-ansesjpg.webp","contentUrl":"https:\/\/nuevodigitaldeescobar.com.ar\/wp-content\/uploads\/2025\/08\/libreta-auh-ansesjpg.webp","width":642,"height":361},{"@type":"BreadcrumbList","@id":"https:\/\/nuevodigitaldeescobar.com.ar\/?p=18981#breadcrumb","itemListElement":[{"@type":"ListItem","position":1,"name":"Portada","item":"https:\/\/nuevodigitaldeescobar.com.ar\/"},{"@type":"ListItem","position":2,"name":"Planes sociales y AUH: c\u00f3mo crecieron en los \u00faltimos 16 a\u00f1os y qu\u00e9 efecto tuvieron en la pobreza"}]},{"@type":"WebSite","@id":"https:\/\/nuevodigitaldeescobar.com.ar\/#website","url":"https:\/\/nuevodigitaldeescobar.com.ar\/","name":"Nuevo Digital de Escobar","description":"La vida escobarense. Directora: Rosana Brunner","publisher":{"@id":"https:\/\/nuevodigitaldeescobar.com.ar\/#organization"},"potentialAction":[{"@type":"SearchAction","target":{"@type":"EntryPoint","urlTemplate":"https:\/\/nuevodigitaldeescobar.com.ar\/?s={search_term_string}"},"query-input":{"@type":"PropertyValueSpecification","valueRequired":true,"valueName":"search_term_string"}}],"inLanguage":"es"},{"@type":"Organization","@id":"https:\/\/nuevodigitaldeescobar.com.ar\/#organization","name":"Nuevo Digital de Escobar","url":"https:\/\/nuevodigitaldeescobar.com.ar\/","logo":{"@type":"ImageObject","inLanguage":"es","@id":"https:\/\/nuevodigitaldeescobar.com.ar\/#\/schema\/logo\/image\/","url":"https:\/\/nuevodigitaldeescobar.com.ar\/wp-content\/uploads\/2025\/05\/cropped-logo-nuevo2.jpg","contentUrl":"https:\/\/nuevodigitaldeescobar.com.ar\/wp-content\/uploads\/2025\/05\/cropped-logo-nuevo2.jpg","width":305,"height":305,"caption":"Nuevo Digital de Escobar"},"image":{"@id":"https:\/\/nuevodigitaldeescobar.com.ar\/#\/schema\/logo\/image\/"},"sameAs":["https:\/\/www.facebook.com\/NUEVODigitalDeEscobar","https:\/\/x.com\/nuevodigescobar","https:\/\/www.instagram.com\/nuevodigitaldeescobar"]},{"@type":"Person","@id":"https:\/\/nuevodigitaldeescobar.com.ar\/#\/schema\/person\/035e90a8efe9a80e6eec22656ad6ea4c","name":"Redacci\u00f3n","image":{"@type":"ImageObject","inLanguage":"es","@id":"https:\/\/nuevodigitaldeescobar.com.ar\/#\/schema\/person\/image\/","url":"https:\/\/secure.gravatar.com\/avatar\/8af8f40000c24e9eef3034f2be5998a372bb1389e64b1a4a36b3a7979142220d?s=96&d=mm&r=g","contentUrl":"https:\/\/secure.gravatar.com\/avatar\/8af8f40000c24e9eef3034f2be5998a372bb1389e64b1a4a36b3a7979142220d?s=96&d=mm&r=g","caption":"Redacci\u00f3n"},"sameAs":["http:\/\/nuevodigitaldeescobar.com.ar"],"url":"https:\/\/nuevodigitaldeescobar.com.ar\/?author=1"}]}},"featured_image_urls":{"full":["https:\/\/nuevodigitaldeescobar.com.ar\/wp-content\/uploads\/2025\/08\/libreta-auh-ansesjpg.webp",642,361,false],"thumbnail":["https:\/\/nuevodigitaldeescobar.com.ar\/wp-content\/uploads\/2025\/08\/libreta-auh-ansesjpg-150x150.webp",150,150,true],"medium":["https:\/\/nuevodigitaldeescobar.com.ar\/wp-content\/uploads\/2025\/08\/libreta-auh-ansesjpg-300x169.webp",300,169,true],"medium_large":["https:\/\/nuevodigitaldeescobar.com.ar\/wp-content\/uploads\/2025\/08\/libreta-auh-ansesjpg.webp",640,360,false],"large":["https:\/\/nuevodigitaldeescobar.com.ar\/wp-content\/uploads\/2025\/08\/libreta-auh-ansesjpg.webp",640,360,false],"1536x1536":["https:\/\/nuevodigitaldeescobar.com.ar\/wp-content\/uploads\/2025\/08\/libreta-auh-ansesjpg.webp",642,361,false],"2048x2048":["https:\/\/nuevodigitaldeescobar.com.ar\/wp-content\/uploads\/2025\/08\/libreta-auh-ansesjpg.webp",642,361,false]},"author_info":{"display_name":"Redacci\u00f3n","author_link":"https:\/\/nuevodigitaldeescobar.com.ar\/?author=1"},"category_info":"<a href=\"https:\/\/nuevodigitaldeescobar.com.ar\/?cat=10\" rel=\"category\">Econom\u00eda<\/a>","tag_info":"Econom\u00eda","comment_count":"0","_links":{"self":[{"href":"https:\/\/nuevodigitaldeescobar.com.ar\/index.php?rest_route=\/wp\/v2\/posts\/18981","targetHints":{"allow":["GET"]}}],"collection":[{"href":"https:\/\/nuevodigitaldeescobar.com.ar\/index.php?rest_route=\/wp\/v2\/posts"}],"about":[{"href":"https:\/\/nuevodigitaldeescobar.com.ar\/index.php?rest_route=\/wp\/v2\/types\/post"}],"author":[{"embeddable":true,"href":"https:\/\/nuevodigitaldeescobar.com.ar\/index.php?rest_route=\/wp\/v2\/users\/1"}],"replies":[{"embeddable":true,"href":"https:\/\/nuevodigitaldeescobar.com.ar\/index.php?rest_route=%2Fwp%2Fv2%2Fcomments&post=18981"}],"version-history":[{"count":1,"href":"https:\/\/nuevodigitaldeescobar.com.ar\/index.php?rest_route=\/wp\/v2\/posts\/18981\/revisions"}],"predecessor-version":[{"id":18987,"href":"https:\/\/nuevodigitaldeescobar.com.ar\/index.php?rest_route=\/wp\/v2\/posts\/18981\/revisions\/18987"}],"wp:featuredmedia":[{"embeddable":true,"href":"https:\/\/nuevodigitaldeescobar.com.ar\/index.php?rest_route=\/wp\/v2\/media\/17573"}],"wp:attachment":[{"href":"https:\/\/nuevodigitaldeescobar.com.ar\/index.php?rest_route=%2Fwp%2Fv2%2Fmedia&parent=18981"}],"wp:term":[{"taxonomy":"category","embeddable":true,"href":"https:\/\/nuevodigitaldeescobar.com.ar\/index.php?rest_route=%2Fwp%2Fv2%2Fcategories&post=18981"},{"taxonomy":"post_tag","embeddable":true,"href":"https:\/\/nuevodigitaldeescobar.com.ar\/index.php?rest_route=%2Fwp%2Fv2%2Ftags&post=18981"}],"curies":[{"name":"wp","href":"https:\/\/api.w.org\/{rel}","templated":true}]}}