{"id":18991,"date":"2025-11-25T07:19:34","date_gmt":"2025-11-25T10:19:34","guid":{"rendered":"https:\/\/nuevodigitaldeescobar.com.ar\/?p=18991"},"modified":"2025-11-25T07:20:06","modified_gmt":"2025-11-25T10:20:06","slug":"tragedia-en-garin-un-hombre-murio-tras-arrojarse-a-las-vias-del-tren-mitre","status":"publish","type":"post","link":"https:\/\/nuevodigitaldeescobar.com.ar\/?p=18991","title":{"rendered":"Tragedia en Gar\u00edn: un hombre muri\u00f3 tras arrojarse a las v\u00edas del tren Mitre"},"content":{"rendered":"\n<p class=\"has-vivid-cyan-blue-color has-text-color has-link-color wp-elements-d5e9bb4a97611a377891e403d8f251ee\"><strong><em>Un hecho de extrema gravedad conmocion\u00f3 este domingo por la tarde a la localidad de Gar\u00edn. Un hombre de 44 a\u00f1os perdi\u00f3 la vida al ser arrollado por una formaci\u00f3n del ferrocarril Mitre, en un episodio que la investigaci\u00f3n policial ya caratul\u00f3 como suicidio.<\/em><\/strong><\/p>\n\n\n\n<!--more-->\n\n\n\n<p>El hecho ocurri\u00f3 minutos antes de las 19, a pocos metros de la calle Col\u00f3n y a escasa distancia del cuartel de Bomberos Voluntarios. El tren hab\u00eda partido momentos antes desde la estaci\u00f3n de Gar\u00edn en direcci\u00f3n a Maquinista Savio.<\/p>\n\n\n\n<p>Seg\u00fan declar\u00f3 el maquinista, identificado como Aranda, la v\u00edctima se coloc\u00f3 deliberadamente sobre la v\u00eda y se arroj\u00f3 frente a la locomotora, imposibilitando cualquier maniobra evasiva. El impacto provoc\u00f3 el fallecimiento instant\u00e1neo.<\/p>\n\n\n\n<h2 class=\"wp-block-heading has-text-color has-link-color wp-elements-b38a3b9c8fca4b721dab3904a4d2f183\" style=\"color:#1c1ea6\"><em>Intervenci\u00f3n policial y primeros datos<\/em><\/h2>\n\n\n\n<p>Personal del Subcomando de Gar\u00edn y de la Comisar\u00eda Escobar 3\u00aa arrib\u00f3 r\u00e1pidamente al lugar y asegur\u00f3 la zona para permitir el trabajo de los peritos. Tambi\u00e9n participaron bomberos, agentes de Defensa Civil y de la Polic\u00eda Municipal.<\/p>\n\n\n\n<p>En un primer momento no fue posible identificar al hombre, ya que no llevaba documentaci\u00f3n. Horas despu\u00e9s se confirm\u00f3 que se trataba de <strong>An\u00edbal Miguel Fern\u00e1ndez, de 44 a\u00f1os<\/strong>, quien \u2014seg\u00fan manifest\u00f3 su ex pareja\u2014 viv\u00eda en situaci\u00f3n de calle y atravesaba un consumo problem\u00e1tico de drogas.<\/p>\n\n\n\n<p>Con estos elementos y el testimonio del maquinista, la Polic\u00eda instruy\u00f3 las actuaciones correspondientes bajo la car\u00e1tula de <strong>\u201csuicidio\u201d<\/strong>. El cuerpo qued\u00f3 a disposici\u00f3n de la Justicia.<\/p>\n\n\n\n<hr class=\"wp-block-separator has-alpha-channel-opacity\"\/>\n\n\n\n<h2 class=\"wp-block-heading has-text-color has-link-color wp-elements-8a4fba3836472777fa92a51f72e36089\" style=\"color:#1c1ea6\">Prevenci\u00f3n y asistencia en salud mental<\/h2>\n\n\n\n<p>Si vos o alguien que conoc\u00e9s est\u00e1 atravesando una situaci\u00f3n de crisis emocional o pensamientos suicidas, es fundamental pedir ayuda. Existen servicios de atenci\u00f3n inmediata, gratuitos y confidenciales.<\/p>\n\n\n\n<h3 class=\"wp-block-heading\"><strong>L\u00edneas y recursos disponibles en el partido de Escobar:<\/strong><\/h3>\n\n\n\n<ul class=\"wp-block-list\">\n<li><strong>L\u00ednea municipal de urgencias en salud mental (24 horas):<\/strong> 11-7107-9958<\/li>\n\n\n\n<li><strong>Emergencias:<\/strong> 911<\/li>\n\n\n\n<li><strong>Defensa Civil:<\/strong> 103<\/li>\n\n\n\n<li><strong>Atenci\u00f3n al Vecino:<\/strong> 147<\/li>\n<\/ul>\n\n\n\n<h3 class=\"wp-block-heading\"><strong>Hospital de Salud Mental y Adicciones \u201cPapa Francisco\u201d<\/strong><\/h3>\n\n\n\n<ul class=\"wp-block-list\">\n<li>Direcci\u00f3n: Carlos Pellegrini 439, Bel\u00e9n de Escobar<\/li>\n\n\n\n<li>Tel\u00e9fono: 0348 443-0544<\/li>\n<\/ul>\n\n\n\n<h3 class=\"wp-block-heading\"><strong>Centro de Atenci\u00f3n al Suicida (CAS)<\/strong><\/h3>\n\n\n\n<ul class=\"wp-block-list\">\n<li>L\u00ednea 135 (gratuita y an\u00f3nima)<\/li>\n\n\n\n<li>Alternativas: (011) 5275-1135 \/ 0800-345-1435<\/li>\n<\/ul>\n\n\n\n<h3 class=\"wp-block-heading\"><strong>Subsecretar\u00eda de Salud Mental bonaerense<\/strong><\/h3>\n\n\n\n<ul class=\"wp-block-list\">\n<li>Tel\u00e9fono: 0800-222-5462<\/li>\n<\/ul>\n","protected":false},"excerpt":{"rendered":"<p>Un hecho de extrema gravedad conmocion\u00f3 este domingo por la tarde a la localidad de Gar\u00edn. Un hombre de 44 a\u00f1os perdi\u00f3 la vida al [&hellip;]<\/p>\n","protected":false},"author":1,"featured_media":18992,"comment_status":"open","ping_status":"open","sticky":false,"template":"","format":"standard","meta":{"footnotes":""},"categories":[15],"tags":[],"class_list":["post-18991","post","type-post","status-publish","format-standard","has-post-thumbnail","hentry","category-sociedad"],"better_featured_image":{"id":18992,"alt_text":"","caption":"","description":"","media_type":"image","media_details":{"width":768,"height":511,"file":"2025\/11\/trenmitre33.jpg","filesize":95948,"sizes":{"medium":{"file":"trenmitre33-300x200.jpg","width":300,"height":200,"mime-type":"image\/jpeg","filesize":16845,"source_url":"https:\/\/nuevodigitaldeescobar.com.ar\/wp-content\/uploads\/2025\/11\/trenmitre33-300x200.jpg"},"thumbnail":{"file":"trenmitre33-150x150.jpg","width":150,"height":150,"mime-type":"image\/jpeg","filesize":6922,"source_url":"https:\/\/nuevodigitaldeescobar.com.ar\/wp-content\/uploads\/2025\/11\/trenmitre33-150x150.jpg"}},"image_meta":{"aperture":"0","credit":"","camera":"","caption":"","created_timestamp":"0","copyright":"","focal_length":"0","iso":"0","shutter_speed":"0","title":"","orientation":"0","keywords":[]}},"post":18991,"source_url":"https:\/\/nuevodigitaldeescobar.com.ar\/wp-content\/uploads\/2025\/11\/trenmitre33.jpg"},"yoast_head":"<!-- This site is optimized with the Yoast SEO plugin v26.1.1 - https:\/\/yoast.com\/wordpress\/plugins\/seo\/ -->\n<title>Tragedia en Gar\u00edn: un hombre muri\u00f3 tras arrojarse a las v\u00edas del tren Mitre - Nuevo Digital de Escobar<\/title>\n<meta name=\"robots\" content=\"index, follow, max-snippet:-1, max-image-preview:large, max-video-preview:-1\" \/>\n<link rel=\"canonical\" href=\"https:\/\/nuevodigitaldeescobar.com.ar\/?p=18991\" \/>\n<meta property=\"og:locale\" content=\"es_ES\" \/>\n<meta property=\"og:type\" content=\"article\" \/>\n<meta property=\"og:title\" content=\"Tragedia en Gar\u00edn: un hombre muri\u00f3 tras arrojarse a las v\u00edas del tren Mitre - Nuevo Digital de Escobar\" \/>\n<meta property=\"og:description\" content=\"Un hecho de extrema gravedad conmocion\u00f3 este domingo por la tarde a la localidad de Gar\u00edn. Un hombre de 44 a\u00f1os perdi\u00f3 la vida al [&hellip;]\" \/>\n<meta property=\"og:url\" content=\"https:\/\/nuevodigitaldeescobar.com.ar\/?p=18991\" \/>\n<meta property=\"og:site_name\" content=\"Nuevo Digital de Escobar\" \/>\n<meta property=\"article:publisher\" content=\"https:\/\/www.facebook.com\/NUEVODigitalDeEscobar\" \/>\n<meta property=\"article:published_time\" content=\"2025-11-25T10:19:34+00:00\" \/>\n<meta property=\"article:modified_time\" content=\"2025-11-25T10:20:06+00:00\" \/>\n<meta property=\"og:image\" content=\"http:\/\/nuevodigitaldeescobar.com.ar\/wp-content\/uploads\/2025\/11\/trenmitre33.jpg\" \/>\n\t<meta property=\"og:image:width\" content=\"768\" \/>\n\t<meta property=\"og:image:height\" content=\"511\" \/>\n\t<meta property=\"og:image:type\" content=\"image\/jpeg\" \/>\n<meta name=\"author\" content=\"Redacci\u00f3n\" \/>\n<meta name=\"twitter:card\" content=\"summary_large_image\" \/>\n<meta name=\"twitter:creator\" content=\"@nuevodigescobar\" \/>\n<meta name=\"twitter:site\" content=\"@nuevodigescobar\" \/>\n<meta name=\"twitter:label1\" content=\"Escrito por\" \/>\n\t<meta name=\"twitter:data1\" content=\"Redacci\u00f3n\" \/>\n\t<meta name=\"twitter:label2\" content=\"Tiempo de lectura\" \/>\n\t<meta name=\"twitter:data2\" content=\"2 minutos\" \/>\n<script type=\"application\/ld+json\" class=\"yoast-schema-graph\">{\"@context\":\"https:\/\/schema.org\",\"@graph\":[{\"@type\":\"Article\",\"@id\":\"https:\/\/nuevodigitaldeescobar.com.ar\/?p=18991#article\",\"isPartOf\":{\"@id\":\"https:\/\/nuevodigitaldeescobar.com.ar\/?p=18991\"},\"author\":{\"name\":\"Redacci\u00f3n\",\"@id\":\"https:\/\/nuevodigitaldeescobar.com.ar\/#\/schema\/person\/035e90a8efe9a80e6eec22656ad6ea4c\"},\"headline\":\"Tragedia en Gar\u00edn: un hombre muri\u00f3 tras arrojarse a las v\u00edas del tren Mitre\",\"datePublished\":\"2025-11-25T10:19:34+00:00\",\"dateModified\":\"2025-11-25T10:20:06+00:00\",\"mainEntityOfPage\":{\"@id\":\"https:\/\/nuevodigitaldeescobar.com.ar\/?p=18991\"},\"wordCount\":388,\"commentCount\":0,\"publisher\":{\"@id\":\"https:\/\/nuevodigitaldeescobar.com.ar\/#organization\"},\"image\":{\"@id\":\"https:\/\/nuevodigitaldeescobar.com.ar\/?p=18991#primaryimage\"},\"thumbnailUrl\":\"https:\/\/nuevodigitaldeescobar.com.ar\/wp-content\/uploads\/2025\/11\/trenmitre33.jpg\",\"articleSection\":[\"Sociedad\"],\"inLanguage\":\"es\",\"potentialAction\":[{\"@type\":\"CommentAction\",\"name\":\"Comment\",\"target\":[\"https:\/\/nuevodigitaldeescobar.com.ar\/?p=18991#respond\"]}]},{\"@type\":\"WebPage\",\"@id\":\"https:\/\/nuevodigitaldeescobar.com.ar\/?p=18991\",\"url\":\"https:\/\/nuevodigitaldeescobar.com.ar\/?p=18991\",\"name\":\"Tragedia en Gar\u00edn: un hombre muri\u00f3 tras arrojarse a las v\u00edas del tren Mitre - Nuevo Digital de Escobar\",\"isPartOf\":{\"@id\":\"https:\/\/nuevodigitaldeescobar.com.ar\/#website\"},\"primaryImageOfPage\":{\"@id\":\"https:\/\/nuevodigitaldeescobar.com.ar\/?p=18991#primaryimage\"},\"image\":{\"@id\":\"https:\/\/nuevodigitaldeescobar.com.ar\/?p=18991#primaryimage\"},\"thumbnailUrl\":\"https:\/\/nuevodigitaldeescobar.com.ar\/wp-content\/uploads\/2025\/11\/trenmitre33.jpg\",\"datePublished\":\"2025-11-25T10:19:34+00:00\",\"dateModified\":\"2025-11-25T10:20:06+00:00\",\"breadcrumb\":{\"@id\":\"https:\/\/nuevodigitaldeescobar.com.ar\/?p=18991#breadcrumb\"},\"inLanguage\":\"es\",\"potentialAction\":[{\"@type\":\"ReadAction\",\"target\":[\"https:\/\/nuevodigitaldeescobar.com.ar\/?p=18991\"]}]},{\"@type\":\"ImageObject\",\"inLanguage\":\"es\",\"@id\":\"https:\/\/nuevodigitaldeescobar.com.ar\/?p=18991#primaryimage\",\"url\":\"https:\/\/nuevodigitaldeescobar.com.ar\/wp-content\/uploads\/2025\/11\/trenmitre33.jpg\",\"contentUrl\":\"https:\/\/nuevodigitaldeescobar.com.ar\/wp-content\/uploads\/2025\/11\/trenmitre33.jpg\",\"width\":768,\"height\":511},{\"@type\":\"BreadcrumbList\",\"@id\":\"https:\/\/nuevodigitaldeescobar.com.ar\/?p=18991#breadcrumb\",\"itemListElement\":[{\"@type\":\"ListItem\",\"position\":1,\"name\":\"Portada\",\"item\":\"https:\/\/nuevodigitaldeescobar.com.ar\/\"},{\"@type\":\"ListItem\",\"position\":2,\"name\":\"Tragedia en Gar\u00edn: un hombre muri\u00f3 tras arrojarse a las v\u00edas del tren Mitre\"}]},{\"@type\":\"WebSite\",\"@id\":\"https:\/\/nuevodigitaldeescobar.com.ar\/#website\",\"url\":\"https:\/\/nuevodigitaldeescobar.com.ar\/\",\"name\":\"Nuevo Digital de Escobar\",\"description\":\"La vida escobarense. Directora: Rosana Brunner\",\"publisher\":{\"@id\":\"https:\/\/nuevodigitaldeescobar.com.ar\/#organization\"},\"potentialAction\":[{\"@type\":\"SearchAction\",\"target\":{\"@type\":\"EntryPoint\",\"urlTemplate\":\"https:\/\/nuevodigitaldeescobar.com.ar\/?s={search_term_string}\"},\"query-input\":{\"@type\":\"PropertyValueSpecification\",\"valueRequired\":true,\"valueName\":\"search_term_string\"}}],\"inLanguage\":\"es\"},{\"@type\":\"Organization\",\"@id\":\"https:\/\/nuevodigitaldeescobar.com.ar\/#organization\",\"name\":\"Nuevo Digital de Escobar\",\"url\":\"https:\/\/nuevodigitaldeescobar.com.ar\/\",\"logo\":{\"@type\":\"ImageObject\",\"inLanguage\":\"es\",\"@id\":\"https:\/\/nuevodigitaldeescobar.com.ar\/#\/schema\/logo\/image\/\",\"url\":\"https:\/\/nuevodigitaldeescobar.com.ar\/wp-content\/uploads\/2025\/05\/cropped-logo-nuevo2.jpg\",\"contentUrl\":\"https:\/\/nuevodigitaldeescobar.com.ar\/wp-content\/uploads\/2025\/05\/cropped-logo-nuevo2.jpg\",\"width\":305,\"height\":305,\"caption\":\"Nuevo Digital de Escobar\"},\"image\":{\"@id\":\"https:\/\/nuevodigitaldeescobar.com.ar\/#\/schema\/logo\/image\/\"},\"sameAs\":[\"https:\/\/www.facebook.com\/NUEVODigitalDeEscobar\",\"https:\/\/x.com\/nuevodigescobar\",\"https:\/\/www.instagram.com\/nuevodigitaldeescobar\"]},{\"@type\":\"Person\",\"@id\":\"https:\/\/nuevodigitaldeescobar.com.ar\/#\/schema\/person\/035e90a8efe9a80e6eec22656ad6ea4c\",\"name\":\"Redacci\u00f3n\",\"image\":{\"@type\":\"ImageObject\",\"inLanguage\":\"es\",\"@id\":\"https:\/\/nuevodigitaldeescobar.com.ar\/#\/schema\/person\/image\/\",\"url\":\"https:\/\/secure.gravatar.com\/avatar\/8af8f40000c24e9eef3034f2be5998a372bb1389e64b1a4a36b3a7979142220d?s=96&d=mm&r=g\",\"contentUrl\":\"https:\/\/secure.gravatar.com\/avatar\/8af8f40000c24e9eef3034f2be5998a372bb1389e64b1a4a36b3a7979142220d?s=96&d=mm&r=g\",\"caption\":\"Redacci\u00f3n\"},\"sameAs\":[\"http:\/\/nuevodigitaldeescobar.com.ar\"],\"url\":\"https:\/\/nuevodigitaldeescobar.com.ar\/?author=1\"}]}<\/script>\n<!-- \/ Yoast SEO plugin. -->","yoast_head_json":{"title":"Tragedia en Gar\u00edn: un hombre muri\u00f3 tras arrojarse a las v\u00edas del tren Mitre - Nuevo Digital de Escobar","robots":{"index":"index","follow":"follow","max-snippet":"max-snippet:-1","max-image-preview":"max-image-preview:large","max-video-preview":"max-video-preview:-1"},"canonical":"https:\/\/nuevodigitaldeescobar.com.ar\/?p=18991","og_locale":"es_ES","og_type":"article","og_title":"Tragedia en Gar\u00edn: un hombre muri\u00f3 tras arrojarse a las v\u00edas del tren Mitre - Nuevo Digital de Escobar","og_description":"Un hecho de extrema gravedad conmocion\u00f3 este domingo por la tarde a la localidad de Gar\u00edn. Un hombre de 44 a\u00f1os perdi\u00f3 la vida al [&hellip;]","og_url":"https:\/\/nuevodigitaldeescobar.com.ar\/?p=18991","og_site_name":"Nuevo Digital de Escobar","article_publisher":"https:\/\/www.facebook.com\/NUEVODigitalDeEscobar","article_published_time":"2025-11-25T10:19:34+00:00","article_modified_time":"2025-11-25T10:20:06+00:00","og_image":[{"width":768,"height":511,"url":"http:\/\/nuevodigitaldeescobar.com.ar\/wp-content\/uploads\/2025\/11\/trenmitre33.jpg","type":"image\/jpeg"}],"author":"Redacci\u00f3n","twitter_card":"summary_large_image","twitter_creator":"@nuevodigescobar","twitter_site":"@nuevodigescobar","twitter_misc":{"Escrito por":"Redacci\u00f3n","Tiempo de lectura":"2 minutos"},"schema":{"@context":"https:\/\/schema.org","@graph":[{"@type":"Article","@id":"https:\/\/nuevodigitaldeescobar.com.ar\/?p=18991#article","isPartOf":{"@id":"https:\/\/nuevodigitaldeescobar.com.ar\/?p=18991"},"author":{"name":"Redacci\u00f3n","@id":"https:\/\/nuevodigitaldeescobar.com.ar\/#\/schema\/person\/035e90a8efe9a80e6eec22656ad6ea4c"},"headline":"Tragedia en Gar\u00edn: un hombre muri\u00f3 tras arrojarse a las v\u00edas del tren Mitre","datePublished":"2025-11-25T10:19:34+00:00","dateModified":"2025-11-25T10:20:06+00:00","mainEntityOfPage":{"@id":"https:\/\/nuevodigitaldeescobar.com.ar\/?p=18991"},"wordCount":388,"commentCount":0,"publisher":{"@id":"https:\/\/nuevodigitaldeescobar.com.ar\/#organization"},"image":{"@id":"https:\/\/nuevodigitaldeescobar.com.ar\/?p=18991#primaryimage"},"thumbnailUrl":"https:\/\/nuevodigitaldeescobar.com.ar\/wp-content\/uploads\/2025\/11\/trenmitre33.jpg","articleSection":["Sociedad"],"inLanguage":"es","potentialAction":[{"@type":"CommentAction","name":"Comment","target":["https:\/\/nuevodigitaldeescobar.com.ar\/?p=18991#respond"]}]},{"@type":"WebPage","@id":"https:\/\/nuevodigitaldeescobar.com.ar\/?p=18991","url":"https:\/\/nuevodigitaldeescobar.com.ar\/?p=18991","name":"Tragedia en Gar\u00edn: un hombre muri\u00f3 tras arrojarse a las v\u00edas del tren Mitre - Nuevo Digital de Escobar","isPartOf":{"@id":"https:\/\/nuevodigitaldeescobar.com.ar\/#website"},"primaryImageOfPage":{"@id":"https:\/\/nuevodigitaldeescobar.com.ar\/?p=18991#primaryimage"},"image":{"@id":"https:\/\/nuevodigitaldeescobar.com.ar\/?p=18991#primaryimage"},"thumbnailUrl":"https:\/\/nuevodigitaldeescobar.com.ar\/wp-content\/uploads\/2025\/11\/trenmitre33.jpg","datePublished":"2025-11-25T10:19:34+00:00","dateModified":"2025-11-25T10:20:06+00:00","breadcrumb":{"@id":"https:\/\/nuevodigitaldeescobar.com.ar\/?p=18991#breadcrumb"},"inLanguage":"es","potentialAction":[{"@type":"ReadAction","target":["https:\/\/nuevodigitaldeescobar.com.ar\/?p=18991"]}]},{"@type":"ImageObject","inLanguage":"es","@id":"https:\/\/nuevodigitaldeescobar.com.ar\/?p=18991#primaryimage","url":"https:\/\/nuevodigitaldeescobar.com.ar\/wp-content\/uploads\/2025\/11\/trenmitre33.jpg","contentUrl":"https:\/\/nuevodigitaldeescobar.com.ar\/wp-content\/uploads\/2025\/11\/trenmitre33.jpg","width":768,"height":511},{"@type":"BreadcrumbList","@id":"https:\/\/nuevodigitaldeescobar.com.ar\/?p=18991#breadcrumb","itemListElement":[{"@type":"ListItem","position":1,"name":"Portada","item":"https:\/\/nuevodigitaldeescobar.com.ar\/"},{"@type":"ListItem","position":2,"name":"Tragedia en Gar\u00edn: un hombre muri\u00f3 tras arrojarse a las v\u00edas del tren Mitre"}]},{"@type":"WebSite","@id":"https:\/\/nuevodigitaldeescobar.com.ar\/#website","url":"https:\/\/nuevodigitaldeescobar.com.ar\/","name":"Nuevo Digital de Escobar","description":"La vida escobarense. Directora: Rosana Brunner","publisher":{"@id":"https:\/\/nuevodigitaldeescobar.com.ar\/#organization"},"potentialAction":[{"@type":"SearchAction","target":{"@type":"EntryPoint","urlTemplate":"https:\/\/nuevodigitaldeescobar.com.ar\/?s={search_term_string}"},"query-input":{"@type":"PropertyValueSpecification","valueRequired":true,"valueName":"search_term_string"}}],"inLanguage":"es"},{"@type":"Organization","@id":"https:\/\/nuevodigitaldeescobar.com.ar\/#organization","name":"Nuevo Digital de Escobar","url":"https:\/\/nuevodigitaldeescobar.com.ar\/","logo":{"@type":"ImageObject","inLanguage":"es","@id":"https:\/\/nuevodigitaldeescobar.com.ar\/#\/schema\/logo\/image\/","url":"https:\/\/nuevodigitaldeescobar.com.ar\/wp-content\/uploads\/2025\/05\/cropped-logo-nuevo2.jpg","contentUrl":"https:\/\/nuevodigitaldeescobar.com.ar\/wp-content\/uploads\/2025\/05\/cropped-logo-nuevo2.jpg","width":305,"height":305,"caption":"Nuevo Digital de Escobar"},"image":{"@id":"https:\/\/nuevodigitaldeescobar.com.ar\/#\/schema\/logo\/image\/"},"sameAs":["https:\/\/www.facebook.com\/NUEVODigitalDeEscobar","https:\/\/x.com\/nuevodigescobar","https:\/\/www.instagram.com\/nuevodigitaldeescobar"]},{"@type":"Person","@id":"https:\/\/nuevodigitaldeescobar.com.ar\/#\/schema\/person\/035e90a8efe9a80e6eec22656ad6ea4c","name":"Redacci\u00f3n","image":{"@type":"ImageObject","inLanguage":"es","@id":"https:\/\/nuevodigitaldeescobar.com.ar\/#\/schema\/person\/image\/","url":"https:\/\/secure.gravatar.com\/avatar\/8af8f40000c24e9eef3034f2be5998a372bb1389e64b1a4a36b3a7979142220d?s=96&d=mm&r=g","contentUrl":"https:\/\/secure.gravatar.com\/avatar\/8af8f40000c24e9eef3034f2be5998a372bb1389e64b1a4a36b3a7979142220d?s=96&d=mm&r=g","caption":"Redacci\u00f3n"},"sameAs":["http:\/\/nuevodigitaldeescobar.com.ar"],"url":"https:\/\/nuevodigitaldeescobar.com.ar\/?author=1"}]}},"featured_image_urls":{"full":["https:\/\/nuevodigitaldeescobar.com.ar\/wp-content\/uploads\/2025\/11\/trenmitre33.jpg",768,511,false],"thumbnail":["https:\/\/nuevodigitaldeescobar.com.ar\/wp-content\/uploads\/2025\/11\/trenmitre33-150x150.jpg",150,150,true],"medium":["https:\/\/nuevodigitaldeescobar.com.ar\/wp-content\/uploads\/2025\/11\/trenmitre33-300x200.jpg",300,200,true],"medium_large":["https:\/\/nuevodigitaldeescobar.com.ar\/wp-content\/uploads\/2025\/11\/trenmitre33.jpg",640,426,false],"large":["https:\/\/nuevodigitaldeescobar.com.ar\/wp-content\/uploads\/2025\/11\/trenmitre33.jpg",640,426,false],"1536x1536":["https:\/\/nuevodigitaldeescobar.com.ar\/wp-content\/uploads\/2025\/11\/trenmitre33.jpg",768,511,false],"2048x2048":["https:\/\/nuevodigitaldeescobar.com.ar\/wp-content\/uploads\/2025\/11\/trenmitre33.jpg",768,511,false]},"author_info":{"display_name":"Redacci\u00f3n","author_link":"https:\/\/nuevodigitaldeescobar.com.ar\/?author=1"},"category_info":"<a href=\"https:\/\/nuevodigitaldeescobar.com.ar\/?cat=15\" rel=\"category\">Sociedad<\/a>","tag_info":"Sociedad","comment_count":"0","_links":{"self":[{"href":"https:\/\/nuevodigitaldeescobar.com.ar\/index.php?rest_route=\/wp\/v2\/posts\/18991","targetHints":{"allow":["GET"]}}],"collection":[{"href":"https:\/\/nuevodigitaldeescobar.com.ar\/index.php?rest_route=\/wp\/v2\/posts"}],"about":[{"href":"https:\/\/nuevodigitaldeescobar.com.ar\/index.php?rest_route=\/wp\/v2\/types\/post"}],"author":[{"embeddable":true,"href":"https:\/\/nuevodigitaldeescobar.com.ar\/index.php?rest_route=\/wp\/v2\/users\/1"}],"replies":[{"embeddable":true,"href":"https:\/\/nuevodigitaldeescobar.com.ar\/index.php?rest_route=%2Fwp%2Fv2%2Fcomments&post=18991"}],"version-history":[{"count":1,"href":"https:\/\/nuevodigitaldeescobar.com.ar\/index.php?rest_route=\/wp\/v2\/posts\/18991\/revisions"}],"predecessor-version":[{"id":18993,"href":"https:\/\/nuevodigitaldeescobar.com.ar\/index.php?rest_route=\/wp\/v2\/posts\/18991\/revisions\/18993"}],"wp:featuredmedia":[{"embeddable":true,"href":"https:\/\/nuevodigitaldeescobar.com.ar\/index.php?rest_route=\/wp\/v2\/media\/18992"}],"wp:attachment":[{"href":"https:\/\/nuevodigitaldeescobar.com.ar\/index.php?rest_route=%2Fwp%2Fv2%2Fmedia&parent=18991"}],"wp:term":[{"taxonomy":"category","embeddable":true,"href":"https:\/\/nuevodigitaldeescobar.com.ar\/index.php?rest_route=%2Fwp%2Fv2%2Fcategories&post=18991"},{"taxonomy":"post_tag","embeddable":true,"href":"https:\/\/nuevodigitaldeescobar.com.ar\/index.php?rest_route=%2Fwp%2Fv2%2Ftags&post=18991"}],"curies":[{"name":"wp","href":"https:\/\/api.w.org\/{rel}","templated":true}]}}