{"id":19023,"date":"2025-11-26T10:09:40","date_gmt":"2025-11-26T13:09:40","guid":{"rendered":"https:\/\/nuevodigitaldeescobar.com.ar\/?p=19023"},"modified":"2025-11-26T10:10:11","modified_gmt":"2025-11-26T13:10:11","slug":"bomberos-de-escobar-cerraron-un-ano-de-intensa-capacitacion-interna-con-multiples-practicas-y-actualizacion-tecnica","status":"publish","type":"post","link":"https:\/\/nuevodigitaldeescobar.com.ar\/?p=19023","title":{"rendered":"Bomberos de Escobar cerraron un a\u00f1o de intensa capacitaci\u00f3n interna con m\u00faltiples pr\u00e1cticas y actualizaci\u00f3n t\u00e9cnica"},"content":{"rendered":"\n<p>El cuartel de Bomberos Voluntarios de Escobar comparti\u00f3 en sus redes sociales un compendio de im\u00e1genes que resume el arduo trabajo realizado durante el a\u00f1o en materia de formaci\u00f3n y entrenamiento operativo. <\/p>\n\n\n\n<!--more-->\n\n\n\n<p>El objetivo central de estas instancias fue sostener la excelencia del servicio, actualizando conocimientos y perfeccionando procedimientos para optimizar las intervenciones en emergencia.<\/p>\n\n\n\n<p>A lo largo del ciclo se desarrollaron <em>instrucciones generales<\/em> dirigidas a suboficiales y bomberos, abarcando una amplia variedad de maniobras y tem\u00e1ticas t\u00e9cnicas. Entre los contenidos m\u00e1s relevantes se incluyeron patrones de agua, manejo correcto del pit\u00f3n, uso de espumas y herramientas manuales, emplazamientos, empleo y traslado de escaleras, ingreso forzado, SCI, roles del oficial de seguridad y t\u00e9cnicas de RCP. Tambi\u00e9n se trabaj\u00f3 en incendios en planos elevados, rescate t\u00e9cnico, distintos tipos de anclajes, rescate vehicular, estabilizaci\u00f3n y extricaci\u00f3n, entre otros procedimientos fundamentales para el trabajo operativo.<\/p>\n\n\n<div class=\"wp-block-image\">\n<figure class=\"aligncenter size-full\"><img fetchpriority=\"high\" decoding=\"async\" width=\"768\" height=\"960\" src=\"http:\/\/nuevodigitaldeescobar.com.ar\/wp-content\/uploads\/2025\/11\/588417593_870375145647380_8569988919044538555_n.jpg\" alt=\"\" class=\"wp-image-19024\" srcset=\"https:\/\/nuevodigitaldeescobar.com.ar\/wp-content\/uploads\/2025\/11\/588417593_870375145647380_8569988919044538555_n.jpg 768w, https:\/\/nuevodigitaldeescobar.com.ar\/wp-content\/uploads\/2025\/11\/588417593_870375145647380_8569988919044538555_n-240x300.jpg 240w\" sizes=\"(max-width: 768px) 100vw, 768px\" \/><\/figure><\/div>\n\n\n<p>Desde el cuerpo destacaron que la capacitaci\u00f3n continua es una condici\u00f3n indispensable para responder con eficacia y seguridad ante emergencias complejas. \u201cNuestro personal se capacita constantemente para no estar desactualizado y brindar un servicio de excelencia\u201d, expresaron en la publicaci\u00f3n.<\/p>\n\n\n\n<p>El departamento de Capacitaci\u00f3n interna estuvo bajo la responsabilidad de los oficiales auxiliares <strong>Jukoska Jorge<\/strong> y <strong>Bonin Agust\u00edn<\/strong>, con la coordinaci\u00f3n de <strong>Suboficial Rivas C\u00e9sar<\/strong>. Como instructores participaron <strong>Ayudante de Primera Luis L\u00f3pez<\/strong>, <strong>Ayudante Mat\u00edas Ca\u00f1a<\/strong>, <strong>Ayudante Pablo Mart\u00ednez<\/strong> y <strong>Ayudante Agust\u00edn Rojas<\/strong>, quienes guiaron las jornadas te\u00f3rico-pr\u00e1cticas.<\/p>\n\n\n<div class=\"wp-block-image\">\n<figure class=\"aligncenter size-full\"><img decoding=\"async\" width=\"960\" height=\"720\" src=\"http:\/\/nuevodigitaldeescobar.com.ar\/wp-content\/uploads\/2025\/11\/590154731_870375012314060_9163799084036558231_n.jpg\" alt=\"\" class=\"wp-image-19026\" srcset=\"https:\/\/nuevodigitaldeescobar.com.ar\/wp-content\/uploads\/2025\/11\/590154731_870375012314060_9163799084036558231_n.jpg 960w, https:\/\/nuevodigitaldeescobar.com.ar\/wp-content\/uploads\/2025\/11\/590154731_870375012314060_9163799084036558231_n-300x225.jpg 300w, https:\/\/nuevodigitaldeescobar.com.ar\/wp-content\/uploads\/2025\/11\/590154731_870375012314060_9163799084036558231_n-768x576.jpg 768w\" sizes=\"(max-width: 960px) 100vw, 960px\" \/><\/figure><\/div>\n\n\n<p>Con el inicio del 2025, los Bomberos Voluntarios de Escobar ratifican su compromiso con la comunidad a trav\u00e9s del entrenamiento permanente, con la meta de mejorar d\u00eda a d\u00eda el servicio que brindan en cada emergencia.<\/p>\n","protected":false},"excerpt":{"rendered":"<p>El cuartel de Bomberos Voluntarios de Escobar comparti\u00f3 en sus redes sociales un compendio de im\u00e1genes que resume el arduo trabajo realizado durante el a\u00f1o [&hellip;]<\/p>\n","protected":false},"author":1,"featured_media":19025,"comment_status":"open","ping_status":"open","sticky":false,"template":"","format":"standard","meta":{"footnotes":""},"categories":[7],"tags":[394,35],"class_list":["post-19023","post","type-post","status-publish","format-standard","has-post-thumbnail","hentry","category-interes-general","tag-bomberos-de-escobar","tag-capacitacion"],"better_featured_image":{"id":19025,"alt_text":"","caption":"","description":"","media_type":"image","media_details":{"width":960,"height":720,"file":"2025\/11\/590135008_870375065647388_8386718049480294358_n.jpg","filesize":153375,"sizes":{"medium":{"file":"590135008_870375065647388_8386718049480294358_n-300x225.jpg","width":300,"height":225,"mime-type":"image\/jpeg","filesize":18366,"source_url":"https:\/\/nuevodigitaldeescobar.com.ar\/wp-content\/uploads\/2025\/11\/590135008_870375065647388_8386718049480294358_n-300x225.jpg"},"thumbnail":{"file":"590135008_870375065647388_8386718049480294358_n-150x150.jpg","width":150,"height":150,"mime-type":"image\/jpeg","filesize":7008,"source_url":"https:\/\/nuevodigitaldeescobar.com.ar\/wp-content\/uploads\/2025\/11\/590135008_870375065647388_8386718049480294358_n-150x150.jpg"},"medium_large":{"file":"590135008_870375065647388_8386718049480294358_n-768x576.jpg","width":768,"height":576,"mime-type":"image\/jpeg","filesize":92887,"source_url":"https:\/\/nuevodigitaldeescobar.com.ar\/wp-content\/uploads\/2025\/11\/590135008_870375065647388_8386718049480294358_n-768x576.jpg"}},"image_meta":{"aperture":"0","credit":"","camera":"","caption":"","created_timestamp":"0","copyright":"","focal_length":"0","iso":"0","shutter_speed":"0","title":"","orientation":"0","keywords":[]}},"post":19023,"source_url":"https:\/\/nuevodigitaldeescobar.com.ar\/wp-content\/uploads\/2025\/11\/590135008_870375065647388_8386718049480294358_n.jpg"},"yoast_head":"<!-- This site is optimized with the Yoast SEO plugin v26.1.1 - https:\/\/yoast.com\/wordpress\/plugins\/seo\/ -->\n<title>Bomberos de Escobar cerraron un a\u00f1o de intensa capacitaci\u00f3n interna con m\u00faltiples pr\u00e1cticas y actualizaci\u00f3n t\u00e9cnica - Nuevo Digital de Escobar<\/title>\n<meta name=\"description\" content=\"El objetivo central de estas instancias fue sostener la excelencia del servicio, actualizando conocimientos y perfeccionando procedimientos para optimizar las intervenciones en emergencia.\" \/>\n<meta name=\"robots\" content=\"index, follow, max-snippet:-1, max-image-preview:large, max-video-preview:-1\" \/>\n<link rel=\"canonical\" href=\"https:\/\/nuevodigitaldeescobar.com.ar\/?p=19023\" \/>\n<meta property=\"og:locale\" content=\"es_ES\" \/>\n<meta property=\"og:type\" content=\"article\" \/>\n<meta property=\"og:title\" content=\"Bomberos de Escobar cerraron un a\u00f1o de intensa capacitaci\u00f3n interna con m\u00faltiples pr\u00e1cticas y actualizaci\u00f3n t\u00e9cnica\" \/>\n<meta property=\"og:description\" content=\"El objetivo central de estas instancias fue sostener la excelencia del servicio, actualizando conocimientos y perfeccionando procedimientos para optimizar las intervenciones en emergencia.\" \/>\n<meta property=\"og:url\" content=\"https:\/\/nuevodigitaldeescobar.com.ar\/?p=19023\" \/>\n<meta property=\"og:site_name\" content=\"Nuevo Digital de Escobar\" \/>\n<meta property=\"article:publisher\" content=\"https:\/\/www.facebook.com\/NUEVODigitalDeEscobar\" \/>\n<meta property=\"article:published_time\" content=\"2025-11-26T13:09:40+00:00\" \/>\n<meta property=\"article:modified_time\" content=\"2025-11-26T13:10:11+00:00\" \/>\n<meta property=\"og:image\" content=\"http:\/\/nuevodigitaldeescobar.com.ar\/wp-content\/uploads\/2025\/11\/590154731_870375012314060_9163799084036558231_n.jpg\" \/>\n\t<meta property=\"og:image:width\" content=\"960\" \/>\n\t<meta property=\"og:image:height\" content=\"720\" \/>\n\t<meta property=\"og:image:type\" content=\"image\/jpeg\" \/>\n<meta name=\"author\" content=\"Redacci\u00f3n\" \/>\n<meta name=\"twitter:card\" content=\"summary_large_image\" \/>\n<meta name=\"twitter:creator\" content=\"@nuevodigescobar\" \/>\n<meta name=\"twitter:site\" content=\"@nuevodigescobar\" \/>\n<meta name=\"twitter:label1\" content=\"Escrito por\" \/>\n\t<meta name=\"twitter:data1\" content=\"Redacci\u00f3n\" \/>\n\t<meta name=\"twitter:label2\" content=\"Tiempo de lectura\" \/>\n\t<meta name=\"twitter:data2\" content=\"2 minutos\" \/>\n<script type=\"application\/ld+json\" class=\"yoast-schema-graph\">{\"@context\":\"https:\/\/schema.org\",\"@graph\":[{\"@type\":\"Article\",\"@id\":\"https:\/\/nuevodigitaldeescobar.com.ar\/?p=19023#article\",\"isPartOf\":{\"@id\":\"https:\/\/nuevodigitaldeescobar.com.ar\/?p=19023\"},\"author\":{\"name\":\"Redacci\u00f3n\",\"@id\":\"https:\/\/nuevodigitaldeescobar.com.ar\/#\/schema\/person\/035e90a8efe9a80e6eec22656ad6ea4c\"},\"headline\":\"Bomberos de Escobar cerraron un a\u00f1o de intensa capacitaci\u00f3n interna con m\u00faltiples pr\u00e1cticas y actualizaci\u00f3n t\u00e9cnica\",\"datePublished\":\"2025-11-26T13:09:40+00:00\",\"dateModified\":\"2025-11-26T13:10:11+00:00\",\"mainEntityOfPage\":{\"@id\":\"https:\/\/nuevodigitaldeescobar.com.ar\/?p=19023\"},\"wordCount\":317,\"commentCount\":0,\"publisher\":{\"@id\":\"https:\/\/nuevodigitaldeescobar.com.ar\/#organization\"},\"image\":{\"@id\":\"https:\/\/nuevodigitaldeescobar.com.ar\/?p=19023#primaryimage\"},\"thumbnailUrl\":\"https:\/\/nuevodigitaldeescobar.com.ar\/wp-content\/uploads\/2025\/11\/590135008_870375065647388_8386718049480294358_n.jpg\",\"keywords\":[\"Bomberos de Escobar\",\"capacitaci\u00f3n\"],\"articleSection\":[\"Inter\u00e9s general\"],\"inLanguage\":\"es\",\"potentialAction\":[{\"@type\":\"CommentAction\",\"name\":\"Comment\",\"target\":[\"https:\/\/nuevodigitaldeescobar.com.ar\/?p=19023#respond\"]}]},{\"@type\":\"WebPage\",\"@id\":\"https:\/\/nuevodigitaldeescobar.com.ar\/?p=19023\",\"url\":\"https:\/\/nuevodigitaldeescobar.com.ar\/?p=19023\",\"name\":\"Bomberos de Escobar cerraron un a\u00f1o de intensa capacitaci\u00f3n interna con m\u00faltiples pr\u00e1cticas y actualizaci\u00f3n t\u00e9cnica - Nuevo Digital de Escobar\",\"isPartOf\":{\"@id\":\"https:\/\/nuevodigitaldeescobar.com.ar\/#website\"},\"primaryImageOfPage\":{\"@id\":\"https:\/\/nuevodigitaldeescobar.com.ar\/?p=19023#primaryimage\"},\"image\":{\"@id\":\"https:\/\/nuevodigitaldeescobar.com.ar\/?p=19023#primaryimage\"},\"thumbnailUrl\":\"https:\/\/nuevodigitaldeescobar.com.ar\/wp-content\/uploads\/2025\/11\/590135008_870375065647388_8386718049480294358_n.jpg\",\"datePublished\":\"2025-11-26T13:09:40+00:00\",\"dateModified\":\"2025-11-26T13:10:11+00:00\",\"description\":\"El objetivo central de estas instancias fue sostener la excelencia del servicio, actualizando conocimientos y perfeccionando procedimientos para optimizar las intervenciones en emergencia.\",\"breadcrumb\":{\"@id\":\"https:\/\/nuevodigitaldeescobar.com.ar\/?p=19023#breadcrumb\"},\"inLanguage\":\"es\",\"potentialAction\":[{\"@type\":\"ReadAction\",\"target\":[\"https:\/\/nuevodigitaldeescobar.com.ar\/?p=19023\"]}]},{\"@type\":\"ImageObject\",\"inLanguage\":\"es\",\"@id\":\"https:\/\/nuevodigitaldeescobar.com.ar\/?p=19023#primaryimage\",\"url\":\"https:\/\/nuevodigitaldeescobar.com.ar\/wp-content\/uploads\/2025\/11\/590135008_870375065647388_8386718049480294358_n.jpg\",\"contentUrl\":\"https:\/\/nuevodigitaldeescobar.com.ar\/wp-content\/uploads\/2025\/11\/590135008_870375065647388_8386718049480294358_n.jpg\",\"width\":960,\"height\":720},{\"@type\":\"BreadcrumbList\",\"@id\":\"https:\/\/nuevodigitaldeescobar.com.ar\/?p=19023#breadcrumb\",\"itemListElement\":[{\"@type\":\"ListItem\",\"position\":1,\"name\":\"Portada\",\"item\":\"https:\/\/nuevodigitaldeescobar.com.ar\/\"},{\"@type\":\"ListItem\",\"position\":2,\"name\":\"Bomberos de Escobar cerraron un a\u00f1o de intensa capacitaci\u00f3n interna con m\u00faltiples pr\u00e1cticas y actualizaci\u00f3n t\u00e9cnica\"}]},{\"@type\":\"WebSite\",\"@id\":\"https:\/\/nuevodigitaldeescobar.com.ar\/#website\",\"url\":\"https:\/\/nuevodigitaldeescobar.com.ar\/\",\"name\":\"Nuevo Digital de Escobar\",\"description\":\"La vida escobarense. Directora: Rosana Brunner\",\"publisher\":{\"@id\":\"https:\/\/nuevodigitaldeescobar.com.ar\/#organization\"},\"potentialAction\":[{\"@type\":\"SearchAction\",\"target\":{\"@type\":\"EntryPoint\",\"urlTemplate\":\"https:\/\/nuevodigitaldeescobar.com.ar\/?s={search_term_string}\"},\"query-input\":{\"@type\":\"PropertyValueSpecification\",\"valueRequired\":true,\"valueName\":\"search_term_string\"}}],\"inLanguage\":\"es\"},{\"@type\":\"Organization\",\"@id\":\"https:\/\/nuevodigitaldeescobar.com.ar\/#organization\",\"name\":\"Nuevo Digital de Escobar\",\"url\":\"https:\/\/nuevodigitaldeescobar.com.ar\/\",\"logo\":{\"@type\":\"ImageObject\",\"inLanguage\":\"es\",\"@id\":\"https:\/\/nuevodigitaldeescobar.com.ar\/#\/schema\/logo\/image\/\",\"url\":\"https:\/\/nuevodigitaldeescobar.com.ar\/wp-content\/uploads\/2025\/05\/cropped-logo-nuevo2.jpg\",\"contentUrl\":\"https:\/\/nuevodigitaldeescobar.com.ar\/wp-content\/uploads\/2025\/05\/cropped-logo-nuevo2.jpg\",\"width\":305,\"height\":305,\"caption\":\"Nuevo Digital de Escobar\"},\"image\":{\"@id\":\"https:\/\/nuevodigitaldeescobar.com.ar\/#\/schema\/logo\/image\/\"},\"sameAs\":[\"https:\/\/www.facebook.com\/NUEVODigitalDeEscobar\",\"https:\/\/x.com\/nuevodigescobar\",\"https:\/\/www.instagram.com\/nuevodigitaldeescobar\"]},{\"@type\":\"Person\",\"@id\":\"https:\/\/nuevodigitaldeescobar.com.ar\/#\/schema\/person\/035e90a8efe9a80e6eec22656ad6ea4c\",\"name\":\"Redacci\u00f3n\",\"image\":{\"@type\":\"ImageObject\",\"inLanguage\":\"es\",\"@id\":\"https:\/\/nuevodigitaldeescobar.com.ar\/#\/schema\/person\/image\/\",\"url\":\"https:\/\/secure.gravatar.com\/avatar\/8af8f40000c24e9eef3034f2be5998a372bb1389e64b1a4a36b3a7979142220d?s=96&d=mm&r=g\",\"contentUrl\":\"https:\/\/secure.gravatar.com\/avatar\/8af8f40000c24e9eef3034f2be5998a372bb1389e64b1a4a36b3a7979142220d?s=96&d=mm&r=g\",\"caption\":\"Redacci\u00f3n\"},\"sameAs\":[\"http:\/\/nuevodigitaldeescobar.com.ar\"],\"url\":\"https:\/\/nuevodigitaldeescobar.com.ar\/?author=1\"}]}<\/script>\n<!-- \/ Yoast SEO plugin. -->","yoast_head_json":{"title":"Bomberos de Escobar cerraron un a\u00f1o de intensa capacitaci\u00f3n interna con m\u00faltiples pr\u00e1cticas y actualizaci\u00f3n t\u00e9cnica - Nuevo Digital de Escobar","description":"El objetivo central de estas instancias fue sostener la excelencia del servicio, actualizando conocimientos y perfeccionando procedimientos para optimizar las intervenciones en emergencia.","robots":{"index":"index","follow":"follow","max-snippet":"max-snippet:-1","max-image-preview":"max-image-preview:large","max-video-preview":"max-video-preview:-1"},"canonical":"https:\/\/nuevodigitaldeescobar.com.ar\/?p=19023","og_locale":"es_ES","og_type":"article","og_title":"Bomberos de Escobar cerraron un a\u00f1o de intensa capacitaci\u00f3n interna con m\u00faltiples pr\u00e1cticas y actualizaci\u00f3n t\u00e9cnica","og_description":"El objetivo central de estas instancias fue sostener la excelencia del servicio, actualizando conocimientos y perfeccionando procedimientos para optimizar las intervenciones en emergencia.","og_url":"https:\/\/nuevodigitaldeescobar.com.ar\/?p=19023","og_site_name":"Nuevo Digital de Escobar","article_publisher":"https:\/\/www.facebook.com\/NUEVODigitalDeEscobar","article_published_time":"2025-11-26T13:09:40+00:00","article_modified_time":"2025-11-26T13:10:11+00:00","og_image":[{"width":960,"height":720,"url":"http:\/\/nuevodigitaldeescobar.com.ar\/wp-content\/uploads\/2025\/11\/590154731_870375012314060_9163799084036558231_n.jpg","type":"image\/jpeg"}],"author":"Redacci\u00f3n","twitter_card":"summary_large_image","twitter_creator":"@nuevodigescobar","twitter_site":"@nuevodigescobar","twitter_misc":{"Escrito por":"Redacci\u00f3n","Tiempo de lectura":"2 minutos"},"schema":{"@context":"https:\/\/schema.org","@graph":[{"@type":"Article","@id":"https:\/\/nuevodigitaldeescobar.com.ar\/?p=19023#article","isPartOf":{"@id":"https:\/\/nuevodigitaldeescobar.com.ar\/?p=19023"},"author":{"name":"Redacci\u00f3n","@id":"https:\/\/nuevodigitaldeescobar.com.ar\/#\/schema\/person\/035e90a8efe9a80e6eec22656ad6ea4c"},"headline":"Bomberos de Escobar cerraron un a\u00f1o de intensa capacitaci\u00f3n interna con m\u00faltiples pr\u00e1cticas y actualizaci\u00f3n t\u00e9cnica","datePublished":"2025-11-26T13:09:40+00:00","dateModified":"2025-11-26T13:10:11+00:00","mainEntityOfPage":{"@id":"https:\/\/nuevodigitaldeescobar.com.ar\/?p=19023"},"wordCount":317,"commentCount":0,"publisher":{"@id":"https:\/\/nuevodigitaldeescobar.com.ar\/#organization"},"image":{"@id":"https:\/\/nuevodigitaldeescobar.com.ar\/?p=19023#primaryimage"},"thumbnailUrl":"https:\/\/nuevodigitaldeescobar.com.ar\/wp-content\/uploads\/2025\/11\/590135008_870375065647388_8386718049480294358_n.jpg","keywords":["Bomberos de Escobar","capacitaci\u00f3n"],"articleSection":["Inter\u00e9s general"],"inLanguage":"es","potentialAction":[{"@type":"CommentAction","name":"Comment","target":["https:\/\/nuevodigitaldeescobar.com.ar\/?p=19023#respond"]}]},{"@type":"WebPage","@id":"https:\/\/nuevodigitaldeescobar.com.ar\/?p=19023","url":"https:\/\/nuevodigitaldeescobar.com.ar\/?p=19023","name":"Bomberos de Escobar cerraron un a\u00f1o de intensa capacitaci\u00f3n interna con m\u00faltiples pr\u00e1cticas y actualizaci\u00f3n t\u00e9cnica - Nuevo Digital de Escobar","isPartOf":{"@id":"https:\/\/nuevodigitaldeescobar.com.ar\/#website"},"primaryImageOfPage":{"@id":"https:\/\/nuevodigitaldeescobar.com.ar\/?p=19023#primaryimage"},"image":{"@id":"https:\/\/nuevodigitaldeescobar.com.ar\/?p=19023#primaryimage"},"thumbnailUrl":"https:\/\/nuevodigitaldeescobar.com.ar\/wp-content\/uploads\/2025\/11\/590135008_870375065647388_8386718049480294358_n.jpg","datePublished":"2025-11-26T13:09:40+00:00","dateModified":"2025-11-26T13:10:11+00:00","description":"El objetivo central de estas instancias fue sostener la excelencia del servicio, actualizando conocimientos y perfeccionando procedimientos para optimizar las intervenciones en emergencia.","breadcrumb":{"@id":"https:\/\/nuevodigitaldeescobar.com.ar\/?p=19023#breadcrumb"},"inLanguage":"es","potentialAction":[{"@type":"ReadAction","target":["https:\/\/nuevodigitaldeescobar.com.ar\/?p=19023"]}]},{"@type":"ImageObject","inLanguage":"es","@id":"https:\/\/nuevodigitaldeescobar.com.ar\/?p=19023#primaryimage","url":"https:\/\/nuevodigitaldeescobar.com.ar\/wp-content\/uploads\/2025\/11\/590135008_870375065647388_8386718049480294358_n.jpg","contentUrl":"https:\/\/nuevodigitaldeescobar.com.ar\/wp-content\/uploads\/2025\/11\/590135008_870375065647388_8386718049480294358_n.jpg","width":960,"height":720},{"@type":"BreadcrumbList","@id":"https:\/\/nuevodigitaldeescobar.com.ar\/?p=19023#breadcrumb","itemListElement":[{"@type":"ListItem","position":1,"name":"Portada","item":"https:\/\/nuevodigitaldeescobar.com.ar\/"},{"@type":"ListItem","position":2,"name":"Bomberos de Escobar cerraron un a\u00f1o de intensa capacitaci\u00f3n interna con m\u00faltiples pr\u00e1cticas y actualizaci\u00f3n t\u00e9cnica"}]},{"@type":"WebSite","@id":"https:\/\/nuevodigitaldeescobar.com.ar\/#website","url":"https:\/\/nuevodigitaldeescobar.com.ar\/","name":"Nuevo Digital de Escobar","description":"La vida escobarense. Directora: Rosana Brunner","publisher":{"@id":"https:\/\/nuevodigitaldeescobar.com.ar\/#organization"},"potentialAction":[{"@type":"SearchAction","target":{"@type":"EntryPoint","urlTemplate":"https:\/\/nuevodigitaldeescobar.com.ar\/?s={search_term_string}"},"query-input":{"@type":"PropertyValueSpecification","valueRequired":true,"valueName":"search_term_string"}}],"inLanguage":"es"},{"@type":"Organization","@id":"https:\/\/nuevodigitaldeescobar.com.ar\/#organization","name":"Nuevo Digital de Escobar","url":"https:\/\/nuevodigitaldeescobar.com.ar\/","logo":{"@type":"ImageObject","inLanguage":"es","@id":"https:\/\/nuevodigitaldeescobar.com.ar\/#\/schema\/logo\/image\/","url":"https:\/\/nuevodigitaldeescobar.com.ar\/wp-content\/uploads\/2025\/05\/cropped-logo-nuevo2.jpg","contentUrl":"https:\/\/nuevodigitaldeescobar.com.ar\/wp-content\/uploads\/2025\/05\/cropped-logo-nuevo2.jpg","width":305,"height":305,"caption":"Nuevo Digital de Escobar"},"image":{"@id":"https:\/\/nuevodigitaldeescobar.com.ar\/#\/schema\/logo\/image\/"},"sameAs":["https:\/\/www.facebook.com\/NUEVODigitalDeEscobar","https:\/\/x.com\/nuevodigescobar","https:\/\/www.instagram.com\/nuevodigitaldeescobar"]},{"@type":"Person","@id":"https:\/\/nuevodigitaldeescobar.com.ar\/#\/schema\/person\/035e90a8efe9a80e6eec22656ad6ea4c","name":"Redacci\u00f3n","image":{"@type":"ImageObject","inLanguage":"es","@id":"https:\/\/nuevodigitaldeescobar.com.ar\/#\/schema\/person\/image\/","url":"https:\/\/secure.gravatar.com\/avatar\/8af8f40000c24e9eef3034f2be5998a372bb1389e64b1a4a36b3a7979142220d?s=96&d=mm&r=g","contentUrl":"https:\/\/secure.gravatar.com\/avatar\/8af8f40000c24e9eef3034f2be5998a372bb1389e64b1a4a36b3a7979142220d?s=96&d=mm&r=g","caption":"Redacci\u00f3n"},"sameAs":["http:\/\/nuevodigitaldeescobar.com.ar"],"url":"https:\/\/nuevodigitaldeescobar.com.ar\/?author=1"}]}},"featured_image_urls":{"full":["https:\/\/nuevodigitaldeescobar.com.ar\/wp-content\/uploads\/2025\/11\/590135008_870375065647388_8386718049480294358_n.jpg",960,720,false],"thumbnail":["https:\/\/nuevodigitaldeescobar.com.ar\/wp-content\/uploads\/2025\/11\/590135008_870375065647388_8386718049480294358_n-150x150.jpg",150,150,true],"medium":["https:\/\/nuevodigitaldeescobar.com.ar\/wp-content\/uploads\/2025\/11\/590135008_870375065647388_8386718049480294358_n-300x225.jpg",300,225,true],"medium_large":["https:\/\/nuevodigitaldeescobar.com.ar\/wp-content\/uploads\/2025\/11\/590135008_870375065647388_8386718049480294358_n-768x576.jpg",640,480,true],"large":["https:\/\/nuevodigitaldeescobar.com.ar\/wp-content\/uploads\/2025\/11\/590135008_870375065647388_8386718049480294358_n.jpg",640,480,false],"1536x1536":["https:\/\/nuevodigitaldeescobar.com.ar\/wp-content\/uploads\/2025\/11\/590135008_870375065647388_8386718049480294358_n.jpg",960,720,false],"2048x2048":["https:\/\/nuevodigitaldeescobar.com.ar\/wp-content\/uploads\/2025\/11\/590135008_870375065647388_8386718049480294358_n.jpg",960,720,false]},"author_info":{"display_name":"Redacci\u00f3n","author_link":"https:\/\/nuevodigitaldeescobar.com.ar\/?author=1"},"category_info":"<a href=\"https:\/\/nuevodigitaldeescobar.com.ar\/?cat=7\" rel=\"category\">Inter\u00e9s general<\/a>","tag_info":"Inter\u00e9s general","comment_count":"0","_links":{"self":[{"href":"https:\/\/nuevodigitaldeescobar.com.ar\/index.php?rest_route=\/wp\/v2\/posts\/19023","targetHints":{"allow":["GET"]}}],"collection":[{"href":"https:\/\/nuevodigitaldeescobar.com.ar\/index.php?rest_route=\/wp\/v2\/posts"}],"about":[{"href":"https:\/\/nuevodigitaldeescobar.com.ar\/index.php?rest_route=\/wp\/v2\/types\/post"}],"author":[{"embeddable":true,"href":"https:\/\/nuevodigitaldeescobar.com.ar\/index.php?rest_route=\/wp\/v2\/users\/1"}],"replies":[{"embeddable":true,"href":"https:\/\/nuevodigitaldeescobar.com.ar\/index.php?rest_route=%2Fwp%2Fv2%2Fcomments&post=19023"}],"version-history":[{"count":1,"href":"https:\/\/nuevodigitaldeescobar.com.ar\/index.php?rest_route=\/wp\/v2\/posts\/19023\/revisions"}],"predecessor-version":[{"id":19027,"href":"https:\/\/nuevodigitaldeescobar.com.ar\/index.php?rest_route=\/wp\/v2\/posts\/19023\/revisions\/19027"}],"wp:featuredmedia":[{"embeddable":true,"href":"https:\/\/nuevodigitaldeescobar.com.ar\/index.php?rest_route=\/wp\/v2\/media\/19025"}],"wp:attachment":[{"href":"https:\/\/nuevodigitaldeescobar.com.ar\/index.php?rest_route=%2Fwp%2Fv2%2Fmedia&parent=19023"}],"wp:term":[{"taxonomy":"category","embeddable":true,"href":"https:\/\/nuevodigitaldeescobar.com.ar\/index.php?rest_route=%2Fwp%2Fv2%2Fcategories&post=19023"},{"taxonomy":"post_tag","embeddable":true,"href":"https:\/\/nuevodigitaldeescobar.com.ar\/index.php?rest_route=%2Fwp%2Fv2%2Ftags&post=19023"}],"curies":[{"name":"wp","href":"https:\/\/api.w.org\/{rel}","templated":true}]}}