{"id":19043,"date":"2025-11-27T21:13:42","date_gmt":"2025-11-28T00:13:42","guid":{"rendered":"https:\/\/nuevodigitaldeescobar.com.ar\/?p=19043"},"modified":"2025-11-27T21:13:54","modified_gmt":"2025-11-28T00:13:54","slug":"vacuna-argentina-contra-el-melanoma-ya-esta-disponible-y-abre-una-nueva-etapa-en-terapias-contra-el-cancer-de-piel","status":"publish","type":"post","link":"https:\/\/nuevodigitaldeescobar.com.ar\/?p=19043","title":{"rendered":"Vacuna argentina contra el melanoma: ya est\u00e1 disponible y abre una nueva etapa en terapias contra el c\u00e1ncer de piel"},"content":{"rendered":"\n<p class=\"has-vivid-cyan-blue-color has-text-color has-link-color wp-elements-162f0e69702256a7f4ce54a8ab3877ac\"><strong><em>Argentina sum\u00f3 un avance hist\u00f3rico en la lucha contra el c\u00e1ncer de piel m\u00e1s agresivo. Ya est\u00e1 disponible Vaccimel, la primera vacuna terap\u00e9utica desarrollada en el pa\u00eds para pacientes con melanoma cut\u00e1neo en estadios tempranos. Es un hito cient\u00edfico que coloca al sistema biom\u00e9dico local en la primera l\u00ednea de la inmunoterapia oncol\u00f3gica.<\/em><\/strong><\/p>\n\n\n\n<!--more-->\n\n\n\n<p>El tratamiento \u2014que solo se aplica con indicaci\u00f3n m\u00e9dica oncol\u00f3gica y en centros especializados\u2014 marca el cierre de m\u00e1s de <strong>30 a\u00f1os de investigaci\u00f3n<\/strong> liderada por el prestigioso cient\u00edfico <strong>Jos\u00e9 Mordoh<\/strong>, referente del Conicet y figura central del Instituto Leloir.<\/p>\n\n\n\n<h2 class=\"wp-block-heading has-text-color has-link-color wp-elements-1f5d134c53ce9189cf6973089d8ef17f\" style=\"color:#1b3fab\">Un desarrollo argentino con impacto global<\/h2>\n\n\n\n<p>Vaccimel naci\u00f3 a fines de los a\u00f1os 80, cuando Mordoh decidi\u00f3 centrar su trabajo en el melanoma, un tumor cut\u00e1neo de crecimiento r\u00e1pido y elevada mortalidad en casos avanzados.<br>El proyecto avanz\u00f3 con el apoyo de instituciones como la <strong>Fundaci\u00f3n Instituto Leloir<\/strong>, el <strong>Instituto Alexander Fleming<\/strong>, el <strong>Hospital Mar\u00eda Curie<\/strong> y la <strong>Fundaci\u00f3n Sales<\/strong>, siguiendo la l\u00ednea conceptual de figuras como C\u00e9sar Milstein y Ralph Steinman, pioneros en inmunoterapia.<\/p>\n\n\n\n<p>Tras d\u00e9cadas de investigaci\u00f3n precl\u00ednica y ensayos en pacientes, la <strong>ANMAT aprob\u00f3 la vacuna en 2021<\/strong>, permitiendo que el <strong>Laboratorio Pablo Cassar\u00e1<\/strong> tomara la posta para producirla y distribuirla. Hoy ya se aplica oficialmente en el <strong>Hospital de Oncolog\u00eda Mar\u00eda Curie<\/strong> y se est\u00e1n capacitando centros del interior para ampliar la cobertura.<\/p>\n\n\n\n<h2 class=\"wp-block-heading has-text-color has-link-color wp-elements-3ee65caa1b800202e84d8d21bbb3bbcf\" style=\"color:#1b3fab\">C\u00f3mo funciona Vaccimel<\/h2>\n\n\n\n<p>A diferencia de las vacunas preventivas tradicionales, Vaccimel es <strong>terap\u00e9utica<\/strong>: est\u00e1 dirigida a personas que ya fueron diagnosticadas con melanoma y que tienen riesgo de reca\u00edda luego de la cirug\u00eda.<\/p>\n\n\n\n<p>El tratamiento:<\/p>\n\n\n\n<ul class=\"wp-block-list\">\n<li><strong>No previene el c\u00e1ncer<\/strong>, sino que entrena al sistema inmunol\u00f3gico para detectar y destruir c\u00e9lulas tumorales residuales.<\/li>\n\n\n\n<li>Utiliza una estrategia <strong>poli-antig\u00e9nica<\/strong>, que presenta m\u00faltiples se\u00f1ales tumorales al sistema inmune para evitar que el melanoma genere resistencia.<\/li>\n\n\n\n<li>Activa a los <strong>linfocitos T CD8<\/strong>, c\u00e9lulas clave en la eliminaci\u00f3n de tumores.<\/li>\n\n\n\n<li>Se aplica en <strong>13 dosis durante dos a\u00f1os<\/strong>, con un esquema ambulatorio y poco demandante para el paciente.<\/li>\n<\/ul>\n\n\n\n<p>Los ensayos cl\u00ednicos muestran resultados alentadores:<br><strong>casi el 70% de los pacientes tratados logra evitar reca\u00eddas<\/strong>, con efectos adversos mucho menores que las terapias tradicionales como el interfer\u00f3n.<\/p>\n\n\n\n<h2 class=\"wp-block-heading has-text-color has-link-color wp-elements-0c4a44a825e0cbe2cb9ab47fe6277d29\" style=\"color:#1b3fab\">Terapias celulares: el nuevo cap\u00edtulo de la medicina argentina<\/h2>\n\n\n\n<p>Desde el Laboratorio Cassar\u00e1 destacan que Vaccimel forma parte de un proceso m\u00e1s amplio: el desarrollo de terapias celulares avanzadas.<br>Argentina lleva m\u00e1s de dos d\u00e9cadas trabajando en este campo y exporta insumos biotecnol\u00f3gicos a m\u00e1s de 100 centros especializados de Estados Unidos.<\/p>\n\n\n\n<p>El siguiente paso del laboratorio ser\u00e1 profundizar en terapias <strong>CAR-T<\/strong>, que consisten en:<\/p>\n\n\n\n<ol class=\"wp-block-list\">\n<li>Extraer linfocitos del paciente.<\/li>\n\n\n\n<li>Expandirlos y modificarlos gen\u00e9ticamente para mejorar su capacidad de detectar y destruir tumores.<\/li>\n\n\n\n<li>Reintroducirlos en el organismo como \u201cc\u00e9lulas de ataque\u201d dirigidas.<\/li>\n<\/ol>\n\n\n\n<p>Se trata de tecnolog\u00edas de frontera que ya tienen aprobaci\u00f3n en EE.UU. para leucemias y, m\u00e1s recientemente, para algunos tumores s\u00f3lidos.<\/p>\n\n\n\n<h2 class=\"wp-block-heading has-text-color has-link-color wp-elements-e972696fc66d8595b7f2aef0b9628473\" style=\"color:#1b3fab\">Melanoma: se\u00f1ales de alerta y prevenci\u00f3n<\/h2>\n\n\n\n<p>Aunque suele asociarse al sol, el melanoma puede aparecer en zonas no expuestas: palmas, plantas, u\u00f1as o cuero cabelludo.<br>Sus caracter\u00edsticas pueden variar mucho, lo que dificulta la detecci\u00f3n.<\/p>\n\n\n\n<p>Para reconocer lesiones sospechosas, los dermat\u00f3logos recomiendan la regla <strong>ABCDE<\/strong>:<\/p>\n\n\n\n<ul class=\"wp-block-list\">\n<li><strong>A<\/strong>simetr\u00eda<\/li>\n\n\n\n<li><strong>B<\/strong>ordes irregulares<\/li>\n\n\n\n<li><strong>C<\/strong>olor variado<\/li>\n\n\n\n<li><strong>D<\/strong>i\u00e1metro mayor a 6 mm<\/li>\n\n\n\n<li><strong>E<\/strong>voluci\u00f3n: cambios en tama\u00f1o, forma, color o s\u00edntomas<\/li>\n<\/ul>\n\n\n\n<p><strong>La detecci\u00f3n temprana es determinante<\/strong>: cuando se extirpa antes de que haga met\u00e1stasis, las probabilidades de curaci\u00f3n son muy altas.<\/p>\n\n\n\n<p>Los factores de riesgo m\u00e1s importantes son la exposici\u00f3n solar intensa, piel clara, antecedentes familiares, numerosos lunares, edad avanzada e inmunosupresi\u00f3n.<\/p>\n","protected":false},"excerpt":{"rendered":"<p>Argentina sum\u00f3 un avance hist\u00f3rico en la lucha contra el c\u00e1ncer de piel m\u00e1s agresivo. Ya est\u00e1 disponible Vaccimel, la primera vacuna terap\u00e9utica desarrollada en [&hellip;]<\/p>\n","protected":false},"author":1,"featured_media":19044,"comment_status":"open","ping_status":"open","sticky":false,"template":"","format":"standard","meta":{"footnotes":""},"categories":[3],"tags":[],"class_list":["post-19043","post","type-post","status-publish","format-standard","has-post-thumbnail","hentry","category-nutricion"],"better_featured_image":{"id":19044,"alt_text":"","caption":"","description":"","media_type":"image","media_details":{"width":825,"height":464,"file":"2025\/11\/vaccimel29.png","filesize":1021116,"sizes":{"medium":{"file":"vaccimel29-300x169.png","width":300,"height":169,"mime-type":"image\/png","filesize":47431,"source_url":"https:\/\/nuevodigitaldeescobar.com.ar\/wp-content\/uploads\/2025\/11\/vaccimel29-300x169.png"},"thumbnail":{"file":"vaccimel29-150x150.png","width":150,"height":150,"mime-type":"image\/png","filesize":22827,"source_url":"https:\/\/nuevodigitaldeescobar.com.ar\/wp-content\/uploads\/2025\/11\/vaccimel29-150x150.png"},"medium_large":{"file":"vaccimel29-768x432.png","width":768,"height":432,"mime-type":"image\/png","filesize":260282,"source_url":"https:\/\/nuevodigitaldeescobar.com.ar\/wp-content\/uploads\/2025\/11\/vaccimel29-768x432.png"}},"image_meta":{"aperture":"0","credit":"","camera":"","caption":"","created_timestamp":"0","copyright":"","focal_length":"0","iso":"0","shutter_speed":"0","title":"","orientation":"0","keywords":[]}},"post":19043,"source_url":"https:\/\/nuevodigitaldeescobar.com.ar\/wp-content\/uploads\/2025\/11\/vaccimel29.png"},"yoast_head":"<!-- This site is optimized with the Yoast SEO plugin v26.1.1 - https:\/\/yoast.com\/wordpress\/plugins\/seo\/ -->\n<title>Vacuna argentina contra el melanoma: ya est\u00e1 disponible y abre una nueva etapa en terapias contra el c\u00e1ncer de piel - Nuevo Digital de Escobar<\/title>\n<meta name=\"robots\" content=\"index, follow, max-snippet:-1, max-image-preview:large, max-video-preview:-1\" \/>\n<link rel=\"canonical\" href=\"https:\/\/nuevodigitaldeescobar.com.ar\/?p=19043\" \/>\n<meta property=\"og:locale\" content=\"es_ES\" \/>\n<meta property=\"og:type\" content=\"article\" \/>\n<meta property=\"og:title\" content=\"Vacuna argentina contra el melanoma: ya est\u00e1 disponible y abre una nueva etapa en terapias contra el c\u00e1ncer de piel - Nuevo Digital de Escobar\" \/>\n<meta property=\"og:description\" content=\"Argentina sum\u00f3 un avance hist\u00f3rico en la lucha contra el c\u00e1ncer de piel m\u00e1s agresivo. Ya est\u00e1 disponible Vaccimel, la primera vacuna terap\u00e9utica desarrollada en [&hellip;]\" \/>\n<meta property=\"og:url\" content=\"https:\/\/nuevodigitaldeescobar.com.ar\/?p=19043\" \/>\n<meta property=\"og:site_name\" content=\"Nuevo Digital de Escobar\" \/>\n<meta property=\"article:publisher\" content=\"https:\/\/www.facebook.com\/NUEVODigitalDeEscobar\" \/>\n<meta property=\"article:published_time\" content=\"2025-11-28T00:13:42+00:00\" \/>\n<meta property=\"article:modified_time\" content=\"2025-11-28T00:13:54+00:00\" \/>\n<meta property=\"og:image\" content=\"http:\/\/nuevodigitaldeescobar.com.ar\/wp-content\/uploads\/2025\/11\/vaccimel29.png\" \/>\n\t<meta property=\"og:image:width\" content=\"825\" \/>\n\t<meta property=\"og:image:height\" content=\"464\" \/>\n\t<meta property=\"og:image:type\" content=\"image\/png\" \/>\n<meta name=\"author\" content=\"Redacci\u00f3n\" \/>\n<meta name=\"twitter:card\" content=\"summary_large_image\" \/>\n<meta name=\"twitter:creator\" content=\"@nuevodigescobar\" \/>\n<meta name=\"twitter:site\" content=\"@nuevodigescobar\" \/>\n<meta name=\"twitter:label1\" content=\"Escrito por\" \/>\n\t<meta name=\"twitter:data1\" content=\"Redacci\u00f3n\" \/>\n\t<meta name=\"twitter:label2\" content=\"Tiempo de lectura\" \/>\n\t<meta name=\"twitter:data2\" content=\"3 minutos\" \/>\n<script type=\"application\/ld+json\" class=\"yoast-schema-graph\">{\"@context\":\"https:\/\/schema.org\",\"@graph\":[{\"@type\":\"Article\",\"@id\":\"https:\/\/nuevodigitaldeescobar.com.ar\/?p=19043#article\",\"isPartOf\":{\"@id\":\"https:\/\/nuevodigitaldeescobar.com.ar\/?p=19043\"},\"author\":{\"name\":\"Redacci\u00f3n\",\"@id\":\"https:\/\/nuevodigitaldeescobar.com.ar\/#\/schema\/person\/035e90a8efe9a80e6eec22656ad6ea4c\"},\"headline\":\"Vacuna argentina contra el melanoma: ya est\u00e1 disponible y abre una nueva etapa en terapias contra el c\u00e1ncer de piel\",\"datePublished\":\"2025-11-28T00:13:42+00:00\",\"dateModified\":\"2025-11-28T00:13:54+00:00\",\"mainEntityOfPage\":{\"@id\":\"https:\/\/nuevodigitaldeescobar.com.ar\/?p=19043\"},\"wordCount\":657,\"commentCount\":0,\"publisher\":{\"@id\":\"https:\/\/nuevodigitaldeescobar.com.ar\/#organization\"},\"image\":{\"@id\":\"https:\/\/nuevodigitaldeescobar.com.ar\/?p=19043#primaryimage\"},\"thumbnailUrl\":\"https:\/\/nuevodigitaldeescobar.com.ar\/wp-content\/uploads\/2025\/11\/vaccimel29.png\",\"articleSection\":[\"Salud y Nutrici\u00f3n\"],\"inLanguage\":\"es\",\"potentialAction\":[{\"@type\":\"CommentAction\",\"name\":\"Comment\",\"target\":[\"https:\/\/nuevodigitaldeescobar.com.ar\/?p=19043#respond\"]}]},{\"@type\":\"WebPage\",\"@id\":\"https:\/\/nuevodigitaldeescobar.com.ar\/?p=19043\",\"url\":\"https:\/\/nuevodigitaldeescobar.com.ar\/?p=19043\",\"name\":\"Vacuna argentina contra el melanoma: ya est\u00e1 disponible y abre una nueva etapa en terapias contra el c\u00e1ncer de piel - Nuevo Digital de Escobar\",\"isPartOf\":{\"@id\":\"https:\/\/nuevodigitaldeescobar.com.ar\/#website\"},\"primaryImageOfPage\":{\"@id\":\"https:\/\/nuevodigitaldeescobar.com.ar\/?p=19043#primaryimage\"},\"image\":{\"@id\":\"https:\/\/nuevodigitaldeescobar.com.ar\/?p=19043#primaryimage\"},\"thumbnailUrl\":\"https:\/\/nuevodigitaldeescobar.com.ar\/wp-content\/uploads\/2025\/11\/vaccimel29.png\",\"datePublished\":\"2025-11-28T00:13:42+00:00\",\"dateModified\":\"2025-11-28T00:13:54+00:00\",\"breadcrumb\":{\"@id\":\"https:\/\/nuevodigitaldeescobar.com.ar\/?p=19043#breadcrumb\"},\"inLanguage\":\"es\",\"potentialAction\":[{\"@type\":\"ReadAction\",\"target\":[\"https:\/\/nuevodigitaldeescobar.com.ar\/?p=19043\"]}]},{\"@type\":\"ImageObject\",\"inLanguage\":\"es\",\"@id\":\"https:\/\/nuevodigitaldeescobar.com.ar\/?p=19043#primaryimage\",\"url\":\"https:\/\/nuevodigitaldeescobar.com.ar\/wp-content\/uploads\/2025\/11\/vaccimel29.png\",\"contentUrl\":\"https:\/\/nuevodigitaldeescobar.com.ar\/wp-content\/uploads\/2025\/11\/vaccimel29.png\",\"width\":825,\"height\":464},{\"@type\":\"BreadcrumbList\",\"@id\":\"https:\/\/nuevodigitaldeescobar.com.ar\/?p=19043#breadcrumb\",\"itemListElement\":[{\"@type\":\"ListItem\",\"position\":1,\"name\":\"Portada\",\"item\":\"https:\/\/nuevodigitaldeescobar.com.ar\/\"},{\"@type\":\"ListItem\",\"position\":2,\"name\":\"Vacuna argentina contra el melanoma: ya est\u00e1 disponible y abre una nueva etapa en terapias contra el c\u00e1ncer de piel\"}]},{\"@type\":\"WebSite\",\"@id\":\"https:\/\/nuevodigitaldeescobar.com.ar\/#website\",\"url\":\"https:\/\/nuevodigitaldeescobar.com.ar\/\",\"name\":\"Nuevo Digital de Escobar\",\"description\":\"La vida escobarense. Directora: Rosana Brunner\",\"publisher\":{\"@id\":\"https:\/\/nuevodigitaldeescobar.com.ar\/#organization\"},\"potentialAction\":[{\"@type\":\"SearchAction\",\"target\":{\"@type\":\"EntryPoint\",\"urlTemplate\":\"https:\/\/nuevodigitaldeescobar.com.ar\/?s={search_term_string}\"},\"query-input\":{\"@type\":\"PropertyValueSpecification\",\"valueRequired\":true,\"valueName\":\"search_term_string\"}}],\"inLanguage\":\"es\"},{\"@type\":\"Organization\",\"@id\":\"https:\/\/nuevodigitaldeescobar.com.ar\/#organization\",\"name\":\"Nuevo Digital de Escobar\",\"url\":\"https:\/\/nuevodigitaldeescobar.com.ar\/\",\"logo\":{\"@type\":\"ImageObject\",\"inLanguage\":\"es\",\"@id\":\"https:\/\/nuevodigitaldeescobar.com.ar\/#\/schema\/logo\/image\/\",\"url\":\"https:\/\/nuevodigitaldeescobar.com.ar\/wp-content\/uploads\/2025\/05\/cropped-logo-nuevo2.jpg\",\"contentUrl\":\"https:\/\/nuevodigitaldeescobar.com.ar\/wp-content\/uploads\/2025\/05\/cropped-logo-nuevo2.jpg\",\"width\":305,\"height\":305,\"caption\":\"Nuevo Digital de Escobar\"},\"image\":{\"@id\":\"https:\/\/nuevodigitaldeescobar.com.ar\/#\/schema\/logo\/image\/\"},\"sameAs\":[\"https:\/\/www.facebook.com\/NUEVODigitalDeEscobar\",\"https:\/\/x.com\/nuevodigescobar\",\"https:\/\/www.instagram.com\/nuevodigitaldeescobar\"]},{\"@type\":\"Person\",\"@id\":\"https:\/\/nuevodigitaldeescobar.com.ar\/#\/schema\/person\/035e90a8efe9a80e6eec22656ad6ea4c\",\"name\":\"Redacci\u00f3n\",\"image\":{\"@type\":\"ImageObject\",\"inLanguage\":\"es\",\"@id\":\"https:\/\/nuevodigitaldeescobar.com.ar\/#\/schema\/person\/image\/\",\"url\":\"https:\/\/secure.gravatar.com\/avatar\/8af8f40000c24e9eef3034f2be5998a372bb1389e64b1a4a36b3a7979142220d?s=96&d=mm&r=g\",\"contentUrl\":\"https:\/\/secure.gravatar.com\/avatar\/8af8f40000c24e9eef3034f2be5998a372bb1389e64b1a4a36b3a7979142220d?s=96&d=mm&r=g\",\"caption\":\"Redacci\u00f3n\"},\"sameAs\":[\"http:\/\/nuevodigitaldeescobar.com.ar\"],\"url\":\"https:\/\/nuevodigitaldeescobar.com.ar\/?author=1\"}]}<\/script>\n<!-- \/ Yoast SEO plugin. -->","yoast_head_json":{"title":"Vacuna argentina contra el melanoma: ya est\u00e1 disponible y abre una nueva etapa en terapias contra el c\u00e1ncer de piel - Nuevo Digital de Escobar","robots":{"index":"index","follow":"follow","max-snippet":"max-snippet:-1","max-image-preview":"max-image-preview:large","max-video-preview":"max-video-preview:-1"},"canonical":"https:\/\/nuevodigitaldeescobar.com.ar\/?p=19043","og_locale":"es_ES","og_type":"article","og_title":"Vacuna argentina contra el melanoma: ya est\u00e1 disponible y abre una nueva etapa en terapias contra el c\u00e1ncer de piel - Nuevo Digital de Escobar","og_description":"Argentina sum\u00f3 un avance hist\u00f3rico en la lucha contra el c\u00e1ncer de piel m\u00e1s agresivo. Ya est\u00e1 disponible Vaccimel, la primera vacuna terap\u00e9utica desarrollada en [&hellip;]","og_url":"https:\/\/nuevodigitaldeescobar.com.ar\/?p=19043","og_site_name":"Nuevo Digital de Escobar","article_publisher":"https:\/\/www.facebook.com\/NUEVODigitalDeEscobar","article_published_time":"2025-11-28T00:13:42+00:00","article_modified_time":"2025-11-28T00:13:54+00:00","og_image":[{"width":825,"height":464,"url":"http:\/\/nuevodigitaldeescobar.com.ar\/wp-content\/uploads\/2025\/11\/vaccimel29.png","type":"image\/png"}],"author":"Redacci\u00f3n","twitter_card":"summary_large_image","twitter_creator":"@nuevodigescobar","twitter_site":"@nuevodigescobar","twitter_misc":{"Escrito por":"Redacci\u00f3n","Tiempo de lectura":"3 minutos"},"schema":{"@context":"https:\/\/schema.org","@graph":[{"@type":"Article","@id":"https:\/\/nuevodigitaldeescobar.com.ar\/?p=19043#article","isPartOf":{"@id":"https:\/\/nuevodigitaldeescobar.com.ar\/?p=19043"},"author":{"name":"Redacci\u00f3n","@id":"https:\/\/nuevodigitaldeescobar.com.ar\/#\/schema\/person\/035e90a8efe9a80e6eec22656ad6ea4c"},"headline":"Vacuna argentina contra el melanoma: ya est\u00e1 disponible y abre una nueva etapa en terapias contra el c\u00e1ncer de piel","datePublished":"2025-11-28T00:13:42+00:00","dateModified":"2025-11-28T00:13:54+00:00","mainEntityOfPage":{"@id":"https:\/\/nuevodigitaldeescobar.com.ar\/?p=19043"},"wordCount":657,"commentCount":0,"publisher":{"@id":"https:\/\/nuevodigitaldeescobar.com.ar\/#organization"},"image":{"@id":"https:\/\/nuevodigitaldeescobar.com.ar\/?p=19043#primaryimage"},"thumbnailUrl":"https:\/\/nuevodigitaldeescobar.com.ar\/wp-content\/uploads\/2025\/11\/vaccimel29.png","articleSection":["Salud y Nutrici\u00f3n"],"inLanguage":"es","potentialAction":[{"@type":"CommentAction","name":"Comment","target":["https:\/\/nuevodigitaldeescobar.com.ar\/?p=19043#respond"]}]},{"@type":"WebPage","@id":"https:\/\/nuevodigitaldeescobar.com.ar\/?p=19043","url":"https:\/\/nuevodigitaldeescobar.com.ar\/?p=19043","name":"Vacuna argentina contra el melanoma: ya est\u00e1 disponible y abre una nueva etapa en terapias contra el c\u00e1ncer de piel - Nuevo Digital de Escobar","isPartOf":{"@id":"https:\/\/nuevodigitaldeescobar.com.ar\/#website"},"primaryImageOfPage":{"@id":"https:\/\/nuevodigitaldeescobar.com.ar\/?p=19043#primaryimage"},"image":{"@id":"https:\/\/nuevodigitaldeescobar.com.ar\/?p=19043#primaryimage"},"thumbnailUrl":"https:\/\/nuevodigitaldeescobar.com.ar\/wp-content\/uploads\/2025\/11\/vaccimel29.png","datePublished":"2025-11-28T00:13:42+00:00","dateModified":"2025-11-28T00:13:54+00:00","breadcrumb":{"@id":"https:\/\/nuevodigitaldeescobar.com.ar\/?p=19043#breadcrumb"},"inLanguage":"es","potentialAction":[{"@type":"ReadAction","target":["https:\/\/nuevodigitaldeescobar.com.ar\/?p=19043"]}]},{"@type":"ImageObject","inLanguage":"es","@id":"https:\/\/nuevodigitaldeescobar.com.ar\/?p=19043#primaryimage","url":"https:\/\/nuevodigitaldeescobar.com.ar\/wp-content\/uploads\/2025\/11\/vaccimel29.png","contentUrl":"https:\/\/nuevodigitaldeescobar.com.ar\/wp-content\/uploads\/2025\/11\/vaccimel29.png","width":825,"height":464},{"@type":"BreadcrumbList","@id":"https:\/\/nuevodigitaldeescobar.com.ar\/?p=19043#breadcrumb","itemListElement":[{"@type":"ListItem","position":1,"name":"Portada","item":"https:\/\/nuevodigitaldeescobar.com.ar\/"},{"@type":"ListItem","position":2,"name":"Vacuna argentina contra el melanoma: ya est\u00e1 disponible y abre una nueva etapa en terapias contra el c\u00e1ncer de piel"}]},{"@type":"WebSite","@id":"https:\/\/nuevodigitaldeescobar.com.ar\/#website","url":"https:\/\/nuevodigitaldeescobar.com.ar\/","name":"Nuevo Digital de Escobar","description":"La vida escobarense. Directora: Rosana Brunner","publisher":{"@id":"https:\/\/nuevodigitaldeescobar.com.ar\/#organization"},"potentialAction":[{"@type":"SearchAction","target":{"@type":"EntryPoint","urlTemplate":"https:\/\/nuevodigitaldeescobar.com.ar\/?s={search_term_string}"},"query-input":{"@type":"PropertyValueSpecification","valueRequired":true,"valueName":"search_term_string"}}],"inLanguage":"es"},{"@type":"Organization","@id":"https:\/\/nuevodigitaldeescobar.com.ar\/#organization","name":"Nuevo Digital de Escobar","url":"https:\/\/nuevodigitaldeescobar.com.ar\/","logo":{"@type":"ImageObject","inLanguage":"es","@id":"https:\/\/nuevodigitaldeescobar.com.ar\/#\/schema\/logo\/image\/","url":"https:\/\/nuevodigitaldeescobar.com.ar\/wp-content\/uploads\/2025\/05\/cropped-logo-nuevo2.jpg","contentUrl":"https:\/\/nuevodigitaldeescobar.com.ar\/wp-content\/uploads\/2025\/05\/cropped-logo-nuevo2.jpg","width":305,"height":305,"caption":"Nuevo Digital de Escobar"},"image":{"@id":"https:\/\/nuevodigitaldeescobar.com.ar\/#\/schema\/logo\/image\/"},"sameAs":["https:\/\/www.facebook.com\/NUEVODigitalDeEscobar","https:\/\/x.com\/nuevodigescobar","https:\/\/www.instagram.com\/nuevodigitaldeescobar"]},{"@type":"Person","@id":"https:\/\/nuevodigitaldeescobar.com.ar\/#\/schema\/person\/035e90a8efe9a80e6eec22656ad6ea4c","name":"Redacci\u00f3n","image":{"@type":"ImageObject","inLanguage":"es","@id":"https:\/\/nuevodigitaldeescobar.com.ar\/#\/schema\/person\/image\/","url":"https:\/\/secure.gravatar.com\/avatar\/8af8f40000c24e9eef3034f2be5998a372bb1389e64b1a4a36b3a7979142220d?s=96&d=mm&r=g","contentUrl":"https:\/\/secure.gravatar.com\/avatar\/8af8f40000c24e9eef3034f2be5998a372bb1389e64b1a4a36b3a7979142220d?s=96&d=mm&r=g","caption":"Redacci\u00f3n"},"sameAs":["http:\/\/nuevodigitaldeescobar.com.ar"],"url":"https:\/\/nuevodigitaldeescobar.com.ar\/?author=1"}]}},"featured_image_urls":{"full":["https:\/\/nuevodigitaldeescobar.com.ar\/wp-content\/uploads\/2025\/11\/vaccimel29.png",825,464,false],"thumbnail":["https:\/\/nuevodigitaldeescobar.com.ar\/wp-content\/uploads\/2025\/11\/vaccimel29-150x150.png",150,150,true],"medium":["https:\/\/nuevodigitaldeescobar.com.ar\/wp-content\/uploads\/2025\/11\/vaccimel29-300x169.png",300,169,true],"medium_large":["https:\/\/nuevodigitaldeescobar.com.ar\/wp-content\/uploads\/2025\/11\/vaccimel29-768x432.png",640,360,true],"large":["https:\/\/nuevodigitaldeescobar.com.ar\/wp-content\/uploads\/2025\/11\/vaccimel29.png",640,360,false],"1536x1536":["https:\/\/nuevodigitaldeescobar.com.ar\/wp-content\/uploads\/2025\/11\/vaccimel29.png",825,464,false],"2048x2048":["https:\/\/nuevodigitaldeescobar.com.ar\/wp-content\/uploads\/2025\/11\/vaccimel29.png",825,464,false]},"author_info":{"display_name":"Redacci\u00f3n","author_link":"https:\/\/nuevodigitaldeescobar.com.ar\/?author=1"},"category_info":"<a href=\"https:\/\/nuevodigitaldeescobar.com.ar\/?cat=3\" rel=\"category\">Salud y Nutrici\u00f3n<\/a>","tag_info":"Salud y Nutrici\u00f3n","comment_count":"0","_links":{"self":[{"href":"https:\/\/nuevodigitaldeescobar.com.ar\/index.php?rest_route=\/wp\/v2\/posts\/19043","targetHints":{"allow":["GET"]}}],"collection":[{"href":"https:\/\/nuevodigitaldeescobar.com.ar\/index.php?rest_route=\/wp\/v2\/posts"}],"about":[{"href":"https:\/\/nuevodigitaldeescobar.com.ar\/index.php?rest_route=\/wp\/v2\/types\/post"}],"author":[{"embeddable":true,"href":"https:\/\/nuevodigitaldeescobar.com.ar\/index.php?rest_route=\/wp\/v2\/users\/1"}],"replies":[{"embeddable":true,"href":"https:\/\/nuevodigitaldeescobar.com.ar\/index.php?rest_route=%2Fwp%2Fv2%2Fcomments&post=19043"}],"version-history":[{"count":1,"href":"https:\/\/nuevodigitaldeescobar.com.ar\/index.php?rest_route=\/wp\/v2\/posts\/19043\/revisions"}],"predecessor-version":[{"id":19045,"href":"https:\/\/nuevodigitaldeescobar.com.ar\/index.php?rest_route=\/wp\/v2\/posts\/19043\/revisions\/19045"}],"wp:featuredmedia":[{"embeddable":true,"href":"https:\/\/nuevodigitaldeescobar.com.ar\/index.php?rest_route=\/wp\/v2\/media\/19044"}],"wp:attachment":[{"href":"https:\/\/nuevodigitaldeescobar.com.ar\/index.php?rest_route=%2Fwp%2Fv2%2Fmedia&parent=19043"}],"wp:term":[{"taxonomy":"category","embeddable":true,"href":"https:\/\/nuevodigitaldeescobar.com.ar\/index.php?rest_route=%2Fwp%2Fv2%2Fcategories&post=19043"},{"taxonomy":"post_tag","embeddable":true,"href":"https:\/\/nuevodigitaldeescobar.com.ar\/index.php?rest_route=%2Fwp%2Fv2%2Ftags&post=19043"}],"curies":[{"name":"wp","href":"https:\/\/api.w.org\/{rel}","templated":true}]}}