{"id":19046,"date":"2025-11-27T21:24:04","date_gmt":"2025-11-28T00:24:04","guid":{"rendered":"https:\/\/nuevodigitaldeescobar.com.ar\/?p=19046"},"modified":"2025-11-27T21:24:16","modified_gmt":"2025-11-28T00:24:16","slug":"aerolineas-argentinas-anuncia-un-plan-historico-de-inversion-propio-incorporara-18-aviones-nuevos","status":"publish","type":"post","link":"https:\/\/nuevodigitaldeescobar.com.ar\/?p=19046","title":{"rendered":"Aerol\u00edneas Argentinas anuncia un plan hist\u00f3rico de inversi\u00f3n propio: incorporar\u00e1 18 aviones nuevos"},"content":{"rendered":"\n<p class=\"has-vivid-cyan-blue-color has-text-color has-link-color wp-elements-97afbfb9e56e2dc32fd2b1eedcb35534\"><strong><em>Aerol\u00edneas Argentinas dio un paso in\u00e9dito en su historia empresarial al presentar un plan integral de modernizaci\u00f3n que ser\u00e1 financiado \u00edntegramente con fondos propios. La estrategia incluye la incorporaci\u00f3n de 18 aeronaves nuevas, una fuerte inversi\u00f3n en tecnolog\u00eda y la renovaci\u00f3n de cabinas para mejorar la experiencia del pasajero y reforzar su competitividad regional.<\/em><\/strong><\/p>\n\n\n\n<!--more-->\n\n\n\n<p>Seg\u00fan inform\u00f3 la compa\u00f1\u00eda, el programa prev\u00e9 un desembolso superior a <strong>USD 65 millones<\/strong> destinado a mejoras en conectividad y confort, a la vez que busca consolidar una flota m\u00e1s eficiente, rentable y preparada para sostener el crecimiento proyectado en los pr\u00f3ximos a\u00f1os.<\/p>\n\n\n\n<hr class=\"wp-block-separator has-alpha-channel-opacity\"\/>\n\n\n\n<h3 class=\"wp-block-heading has-text-color has-link-color wp-elements-844821d516fb3c17215dd260ec2a86f4\" style=\"color:#184cbb\">Cuatro Airbus A330neo: la nueva apuesta para vuelos internacionales<\/h3>\n\n\n\n<p>El coraz\u00f3n del plan es la llegada de <strong>4 Airbus A330neo<\/strong>, un modelo de \u00faltima generaci\u00f3n dise\u00f1ado para vuelos de largo alcance. Esta transici\u00f3n representa un salto tecnol\u00f3gico importante, ya que los A330neo comparten gran parte de su estructura de mantenimiento, repuestos y sistemas de entrenamiento con los actuales A330ceo de la empresa, lo que permite una adaptaci\u00f3n r\u00e1pida y costos operativos m\u00e1s previsibles.<\/p>\n\n\n\n<p>En paralelo, Aerol\u00edneas renovar\u00e1 los interiores de los A330ceo que siguen activos, elevando la calidad del servicio internacional y optimizando la rentabilidad de las rutas m\u00e1s extensas.<\/p>\n\n\n\n<hr class=\"wp-block-separator has-alpha-channel-opacity\"\/>\n\n\n\n<h3 class=\"wp-block-heading has-text-color has-link-color wp-elements-61dac4db4d32302749d7289c64686b65\" style=\"color:#184cbb\">Crecimiento en cabotaje y regional: 14 nuevos Boeing 737 MAX<\/h3>\n\n\n\n<p>Para el mercado dom\u00e9stico y regional, la aerol\u00ednea incorporar\u00e1 <strong>14 Boeing 737 MAX<\/strong>, distribuidos de la siguiente manera:<\/p>\n\n\n\n<ul class=\"wp-block-list\">\n<li><strong>2 Boeing 737 MAX 8<\/strong><\/li>\n\n\n\n<li><strong>4 Boeing 737 MAX 9<\/strong><\/li>\n\n\n\n<li><strong>8 Boeing 737 MAX 10<\/strong><\/li>\n<\/ul>\n\n\n\n<p>La familia MAX ya demostr\u00f3 eficiencia operativa y reducci\u00f3n de consumo, y Aerol\u00edneas cuenta con experiencia directa gracias a las 15 unidades MAX 8 que ya operan en su flota. La llegada de los modelos MAX 9 y MAX 10 permitir\u00e1 ampliar la capacidad en rutas de alta demanda, clave para seguir fortaleciendo las conexiones federales y regionales.<\/p>\n\n\n\n<p>Las nuevas aeronaves se sumar\u00e1n bajo la modalidad de <strong>leasing operativo<\/strong>, un esquema que permite crecer sin comprometer el equilibrio financiero.<\/p>\n\n\n\n<hr class=\"wp-block-separator has-alpha-channel-opacity\"\/>\n\n\n\n<h3 class=\"wp-block-heading has-text-color has-link-color wp-elements-e2f22862be7e64122e89b49f6c800837\" style=\"color:#184cbb\">Conectividad a bordo y cabinas renovadas<\/h3>\n\n\n\n<p>El plan de modernizaci\u00f3n incluye tambi\u00e9n la instalaci\u00f3n de <strong>Wi-Fi a bordo<\/strong> en toda la flota. La primera etapa \u2014que comenzar\u00e1 en 2027\u2014 abarcar\u00e1 a los Airbus A330, para luego extenderse a los Boeing 737 y a los Embraer 190.<\/p>\n\n\n\n<p>La inversi\u00f3n en tecnolog\u00eda se complementa con la renovaci\u00f3n de asientos y cabinas, en una apuesta por elevar la calidad del servicio y mejorar la experiencia de viaje.<\/p>\n\n\n\n<hr class=\"wp-block-separator has-alpha-channel-opacity\"\/>\n\n\n\n<h3 class=\"wp-block-heading has-text-color has-link-color wp-elements-46cc5a9c9398eeb02d555828d3ac5db8\" style=\"color:#184cbb\">Una aerol\u00ednea sin aportes del Estado por primera vez desde 2008<\/h3>\n\n\n\n<p>El a\u00f1o 2025 marcar\u00e1 otro hecho hist\u00f3rico: ser\u00e1 el primero desde la reestatizaci\u00f3n en el que la compa\u00f1\u00eda no recibir\u00e1 aportes del Tesoro Nacional.<\/p>\n\n\n\n<p>Esta mejora financiera llega luego del primer resultado operativo positivo en m\u00e1s de una d\u00e9cada: <strong>USD 56,6 millones de EBIT en 2024<\/strong>, seg\u00fan el balance auditado por KPMG.<br>Para 2025, la empresa proyecta <strong>duplicar ese resultado<\/strong>.<\/p>\n\n\n\n<p><em>\u201cEl contexto es claro: Aerol\u00edneas Argentinas se transform\u00f3 en una compa\u00f1\u00eda con capacidad de inversi\u00f3n propia\u201d<\/em>, destac\u00f3 el presidente y CEO <strong>Fabi\u00e1n Lombardo<\/strong>. <em>\u201cVamos a crecer en oferta de asientos y consolidar una flota moderna, eficiente y de alta rentabilidad\u201d<\/em>.<\/p>\n\n\n\n<hr class=\"wp-block-separator has-alpha-channel-opacity\"\/>\n\n\n\n<h2 class=\"wp-block-heading has-text-color has-link-color wp-elements-1ccde8cbee2b9e6040f21454c4330860\" style=\"color:#184cbb\">La flota actual y la que viene<\/h2>\n\n\n\n<p>Hoy, Aerol\u00edneas Argentinas opera <strong>83 aeronaves<\/strong>, entre ellas:<\/p>\n\n\n\n<ul class=\"wp-block-list\">\n<li>10 Airbus A330-200 CEO<\/li>\n\n\n\n<li>15 Boeing 737 MAX 8<\/li>\n\n\n\n<li>28 Boeing 737-800<\/li>\n\n\n\n<li>4 Boeing 737-700<\/li>\n\n\n\n<li>24 Embraer E190<\/li>\n\n\n\n<li>2 Boeing 737-800 cargueros<\/li>\n<\/ul>\n\n\n\n<p>A este parque se sumar\u00e1 un nuevo MAX 8 en los pr\u00f3ximos d\u00edas y, progresivamente, las 18 aeronaves incorporadas en este programa hist\u00f3rico.<\/p>\n\n\n\n<p>Con esta modernizaci\u00f3n, la aerol\u00ednea busca posicionarse con mayor fuerza en los mercados regionales e internacionales, con un producto m\u00e1s competitivo y una estructura m\u00e1s eficiente.<\/p>\n","protected":false},"excerpt":{"rendered":"<p>Aerol\u00edneas Argentinas dio un paso in\u00e9dito en su historia empresarial al presentar un plan integral de modernizaci\u00f3n que ser\u00e1 financiado \u00edntegramente con fondos propios. La [&hellip;]<\/p>\n","protected":false},"author":1,"featured_media":1138,"comment_status":"open","ping_status":"open","sticky":false,"template":"","format":"standard","meta":{"footnotes":""},"categories":[10],"tags":[],"class_list":["post-19046","post","type-post","status-publish","format-standard","has-post-thumbnail","hentry","category-economia"],"better_featured_image":{"id":1138,"alt_text":"","caption":"","description":"","media_type":"image","media_details":{"width":720,"height":412,"file":"2023\/11\/epi-3-aerolineas-argentinas.jpg","filesize":41072,"sizes":{"medium":{"file":"epi-3-aerolineas-argentinas-300x172.jpg","width":300,"height":172,"mime-type":"image\/jpeg","filesize":13259,"source_url":"https:\/\/nuevodigitaldeescobar.com.ar\/wp-content\/uploads\/2023\/11\/epi-3-aerolineas-argentinas-300x172.jpg"},"thumbnail":{"file":"epi-3-aerolineas-argentinas-150x150.jpg","width":150,"height":150,"mime-type":"image\/jpeg","filesize":8049,"source_url":"https:\/\/nuevodigitaldeescobar.com.ar\/wp-content\/uploads\/2023\/11\/epi-3-aerolineas-argentinas-150x150.jpg"},"covernews-medium":{"file":"epi-3-aerolineas-argentinas-540x340.jpg","width":540,"height":340,"mime-type":"image\/jpeg","filesize":30192,"source_url":"https:\/\/nuevodigitaldeescobar.com.ar\/wp-content\/uploads\/2023\/11\/epi-3-aerolineas-argentinas-540x340.jpg"},"covernews-medium-square":{"file":"epi-3-aerolineas-argentinas-400x250.jpg","width":400,"height":250,"mime-type":"image\/jpeg","filesize":20227,"source_url":"https:\/\/nuevodigitaldeescobar.com.ar\/wp-content\/uploads\/2023\/11\/epi-3-aerolineas-argentinas-400x250.jpg"}},"image_meta":{"aperture":"0","credit":"","camera":"","caption":"","created_timestamp":"0","copyright":"","focal_length":"0","iso":"0","shutter_speed":"0","title":"","orientation":"0","keywords":[]}},"post":1135,"source_url":"https:\/\/nuevodigitaldeescobar.com.ar\/wp-content\/uploads\/2023\/11\/epi-3-aerolineas-argentinas.jpg"},"yoast_head":"<!-- This site is optimized with the Yoast SEO plugin v26.1.1 - https:\/\/yoast.com\/wordpress\/plugins\/seo\/ -->\n<title>Aerol\u00edneas Argentinas anuncia un plan hist\u00f3rico de inversi\u00f3n propio: incorporar\u00e1 18 aviones nuevos - Nuevo Digital de Escobar<\/title>\n<meta name=\"robots\" content=\"index, follow, max-snippet:-1, max-image-preview:large, max-video-preview:-1\" \/>\n<link rel=\"canonical\" href=\"https:\/\/nuevodigitaldeescobar.com.ar\/?p=19046\" \/>\n<meta property=\"og:locale\" content=\"es_ES\" \/>\n<meta property=\"og:type\" content=\"article\" \/>\n<meta property=\"og:title\" content=\"Aerol\u00edneas Argentinas anuncia un plan hist\u00f3rico de inversi\u00f3n propio: incorporar\u00e1 18 aviones nuevos - Nuevo Digital de Escobar\" \/>\n<meta property=\"og:description\" content=\"Aerol\u00edneas Argentinas dio un paso in\u00e9dito en su historia empresarial al presentar un plan integral de modernizaci\u00f3n que ser\u00e1 financiado \u00edntegramente con fondos propios. La [&hellip;]\" \/>\n<meta property=\"og:url\" content=\"https:\/\/nuevodigitaldeescobar.com.ar\/?p=19046\" \/>\n<meta property=\"og:site_name\" content=\"Nuevo Digital de Escobar\" \/>\n<meta property=\"article:publisher\" content=\"https:\/\/www.facebook.com\/NUEVODigitalDeEscobar\" \/>\n<meta property=\"article:published_time\" content=\"2025-11-28T00:24:04+00:00\" \/>\n<meta property=\"article:modified_time\" content=\"2025-11-28T00:24:16+00:00\" \/>\n<meta property=\"og:image\" content=\"http:\/\/nuevodigitaldeescobar.com.ar\/wp-content\/uploads\/2023\/11\/epi-3-aerolineas-argentinas.jpg\" \/>\n\t<meta property=\"og:image:width\" content=\"720\" \/>\n\t<meta property=\"og:image:height\" content=\"412\" \/>\n\t<meta property=\"og:image:type\" content=\"image\/jpeg\" \/>\n<meta name=\"author\" content=\"Redacci\u00f3n\" \/>\n<meta name=\"twitter:card\" content=\"summary_large_image\" \/>\n<meta name=\"twitter:creator\" content=\"@nuevodigescobar\" \/>\n<meta name=\"twitter:site\" content=\"@nuevodigescobar\" \/>\n<meta name=\"twitter:label1\" content=\"Escrito por\" \/>\n\t<meta name=\"twitter:data1\" content=\"Redacci\u00f3n\" \/>\n\t<meta name=\"twitter:label2\" content=\"Tiempo de lectura\" \/>\n\t<meta name=\"twitter:data2\" content=\"3 minutos\" \/>\n<script type=\"application\/ld+json\" class=\"yoast-schema-graph\">{\"@context\":\"https:\/\/schema.org\",\"@graph\":[{\"@type\":\"Article\",\"@id\":\"https:\/\/nuevodigitaldeescobar.com.ar\/?p=19046#article\",\"isPartOf\":{\"@id\":\"https:\/\/nuevodigitaldeescobar.com.ar\/?p=19046\"},\"author\":{\"name\":\"Redacci\u00f3n\",\"@id\":\"https:\/\/nuevodigitaldeescobar.com.ar\/#\/schema\/person\/035e90a8efe9a80e6eec22656ad6ea4c\"},\"headline\":\"Aerol\u00edneas Argentinas anuncia un plan hist\u00f3rico de inversi\u00f3n propio: incorporar\u00e1 18 aviones nuevos\",\"datePublished\":\"2025-11-28T00:24:04+00:00\",\"dateModified\":\"2025-11-28T00:24:16+00:00\",\"mainEntityOfPage\":{\"@id\":\"https:\/\/nuevodigitaldeescobar.com.ar\/?p=19046\"},\"wordCount\":625,\"commentCount\":0,\"publisher\":{\"@id\":\"https:\/\/nuevodigitaldeescobar.com.ar\/#organization\"},\"image\":{\"@id\":\"https:\/\/nuevodigitaldeescobar.com.ar\/?p=19046#primaryimage\"},\"thumbnailUrl\":\"https:\/\/nuevodigitaldeescobar.com.ar\/wp-content\/uploads\/2023\/11\/epi-3-aerolineas-argentinas.jpg\",\"articleSection\":[\"Econom\u00eda\"],\"inLanguage\":\"es\",\"potentialAction\":[{\"@type\":\"CommentAction\",\"name\":\"Comment\",\"target\":[\"https:\/\/nuevodigitaldeescobar.com.ar\/?p=19046#respond\"]}]},{\"@type\":\"WebPage\",\"@id\":\"https:\/\/nuevodigitaldeescobar.com.ar\/?p=19046\",\"url\":\"https:\/\/nuevodigitaldeescobar.com.ar\/?p=19046\",\"name\":\"Aerol\u00edneas Argentinas anuncia un plan hist\u00f3rico de inversi\u00f3n propio: incorporar\u00e1 18 aviones nuevos - Nuevo Digital de Escobar\",\"isPartOf\":{\"@id\":\"https:\/\/nuevodigitaldeescobar.com.ar\/#website\"},\"primaryImageOfPage\":{\"@id\":\"https:\/\/nuevodigitaldeescobar.com.ar\/?p=19046#primaryimage\"},\"image\":{\"@id\":\"https:\/\/nuevodigitaldeescobar.com.ar\/?p=19046#primaryimage\"},\"thumbnailUrl\":\"https:\/\/nuevodigitaldeescobar.com.ar\/wp-content\/uploads\/2023\/11\/epi-3-aerolineas-argentinas.jpg\",\"datePublished\":\"2025-11-28T00:24:04+00:00\",\"dateModified\":\"2025-11-28T00:24:16+00:00\",\"breadcrumb\":{\"@id\":\"https:\/\/nuevodigitaldeescobar.com.ar\/?p=19046#breadcrumb\"},\"inLanguage\":\"es\",\"potentialAction\":[{\"@type\":\"ReadAction\",\"target\":[\"https:\/\/nuevodigitaldeescobar.com.ar\/?p=19046\"]}]},{\"@type\":\"ImageObject\",\"inLanguage\":\"es\",\"@id\":\"https:\/\/nuevodigitaldeescobar.com.ar\/?p=19046#primaryimage\",\"url\":\"https:\/\/nuevodigitaldeescobar.com.ar\/wp-content\/uploads\/2023\/11\/epi-3-aerolineas-argentinas.jpg\",\"contentUrl\":\"https:\/\/nuevodigitaldeescobar.com.ar\/wp-content\/uploads\/2023\/11\/epi-3-aerolineas-argentinas.jpg\",\"width\":720,\"height\":412},{\"@type\":\"BreadcrumbList\",\"@id\":\"https:\/\/nuevodigitaldeescobar.com.ar\/?p=19046#breadcrumb\",\"itemListElement\":[{\"@type\":\"ListItem\",\"position\":1,\"name\":\"Portada\",\"item\":\"https:\/\/nuevodigitaldeescobar.com.ar\/\"},{\"@type\":\"ListItem\",\"position\":2,\"name\":\"Aerol\u00edneas Argentinas anuncia un plan hist\u00f3rico de inversi\u00f3n propio: incorporar\u00e1 18 aviones nuevos\"}]},{\"@type\":\"WebSite\",\"@id\":\"https:\/\/nuevodigitaldeescobar.com.ar\/#website\",\"url\":\"https:\/\/nuevodigitaldeescobar.com.ar\/\",\"name\":\"Nuevo Digital de Escobar\",\"description\":\"La vida escobarense. Directora: Rosana Brunner\",\"publisher\":{\"@id\":\"https:\/\/nuevodigitaldeescobar.com.ar\/#organization\"},\"potentialAction\":[{\"@type\":\"SearchAction\",\"target\":{\"@type\":\"EntryPoint\",\"urlTemplate\":\"https:\/\/nuevodigitaldeescobar.com.ar\/?s={search_term_string}\"},\"query-input\":{\"@type\":\"PropertyValueSpecification\",\"valueRequired\":true,\"valueName\":\"search_term_string\"}}],\"inLanguage\":\"es\"},{\"@type\":\"Organization\",\"@id\":\"https:\/\/nuevodigitaldeescobar.com.ar\/#organization\",\"name\":\"Nuevo Digital de Escobar\",\"url\":\"https:\/\/nuevodigitaldeescobar.com.ar\/\",\"logo\":{\"@type\":\"ImageObject\",\"inLanguage\":\"es\",\"@id\":\"https:\/\/nuevodigitaldeescobar.com.ar\/#\/schema\/logo\/image\/\",\"url\":\"https:\/\/nuevodigitaldeescobar.com.ar\/wp-content\/uploads\/2025\/05\/cropped-logo-nuevo2.jpg\",\"contentUrl\":\"https:\/\/nuevodigitaldeescobar.com.ar\/wp-content\/uploads\/2025\/05\/cropped-logo-nuevo2.jpg\",\"width\":305,\"height\":305,\"caption\":\"Nuevo Digital de Escobar\"},\"image\":{\"@id\":\"https:\/\/nuevodigitaldeescobar.com.ar\/#\/schema\/logo\/image\/\"},\"sameAs\":[\"https:\/\/www.facebook.com\/NUEVODigitalDeEscobar\",\"https:\/\/x.com\/nuevodigescobar\",\"https:\/\/www.instagram.com\/nuevodigitaldeescobar\"]},{\"@type\":\"Person\",\"@id\":\"https:\/\/nuevodigitaldeescobar.com.ar\/#\/schema\/person\/035e90a8efe9a80e6eec22656ad6ea4c\",\"name\":\"Redacci\u00f3n\",\"image\":{\"@type\":\"ImageObject\",\"inLanguage\":\"es\",\"@id\":\"https:\/\/nuevodigitaldeescobar.com.ar\/#\/schema\/person\/image\/\",\"url\":\"https:\/\/secure.gravatar.com\/avatar\/8af8f40000c24e9eef3034f2be5998a372bb1389e64b1a4a36b3a7979142220d?s=96&d=mm&r=g\",\"contentUrl\":\"https:\/\/secure.gravatar.com\/avatar\/8af8f40000c24e9eef3034f2be5998a372bb1389e64b1a4a36b3a7979142220d?s=96&d=mm&r=g\",\"caption\":\"Redacci\u00f3n\"},\"sameAs\":[\"http:\/\/nuevodigitaldeescobar.com.ar\"],\"url\":\"https:\/\/nuevodigitaldeescobar.com.ar\/?author=1\"}]}<\/script>\n<!-- \/ Yoast SEO plugin. -->","yoast_head_json":{"title":"Aerol\u00edneas Argentinas anuncia un plan hist\u00f3rico de inversi\u00f3n propio: incorporar\u00e1 18 aviones nuevos - Nuevo Digital de Escobar","robots":{"index":"index","follow":"follow","max-snippet":"max-snippet:-1","max-image-preview":"max-image-preview:large","max-video-preview":"max-video-preview:-1"},"canonical":"https:\/\/nuevodigitaldeescobar.com.ar\/?p=19046","og_locale":"es_ES","og_type":"article","og_title":"Aerol\u00edneas Argentinas anuncia un plan hist\u00f3rico de inversi\u00f3n propio: incorporar\u00e1 18 aviones nuevos - Nuevo Digital de Escobar","og_description":"Aerol\u00edneas Argentinas dio un paso in\u00e9dito en su historia empresarial al presentar un plan integral de modernizaci\u00f3n que ser\u00e1 financiado \u00edntegramente con fondos propios. La [&hellip;]","og_url":"https:\/\/nuevodigitaldeescobar.com.ar\/?p=19046","og_site_name":"Nuevo Digital de Escobar","article_publisher":"https:\/\/www.facebook.com\/NUEVODigitalDeEscobar","article_published_time":"2025-11-28T00:24:04+00:00","article_modified_time":"2025-11-28T00:24:16+00:00","og_image":[{"width":720,"height":412,"url":"http:\/\/nuevodigitaldeescobar.com.ar\/wp-content\/uploads\/2023\/11\/epi-3-aerolineas-argentinas.jpg","type":"image\/jpeg"}],"author":"Redacci\u00f3n","twitter_card":"summary_large_image","twitter_creator":"@nuevodigescobar","twitter_site":"@nuevodigescobar","twitter_misc":{"Escrito por":"Redacci\u00f3n","Tiempo de lectura":"3 minutos"},"schema":{"@context":"https:\/\/schema.org","@graph":[{"@type":"Article","@id":"https:\/\/nuevodigitaldeescobar.com.ar\/?p=19046#article","isPartOf":{"@id":"https:\/\/nuevodigitaldeescobar.com.ar\/?p=19046"},"author":{"name":"Redacci\u00f3n","@id":"https:\/\/nuevodigitaldeescobar.com.ar\/#\/schema\/person\/035e90a8efe9a80e6eec22656ad6ea4c"},"headline":"Aerol\u00edneas Argentinas anuncia un plan hist\u00f3rico de inversi\u00f3n propio: incorporar\u00e1 18 aviones nuevos","datePublished":"2025-11-28T00:24:04+00:00","dateModified":"2025-11-28T00:24:16+00:00","mainEntityOfPage":{"@id":"https:\/\/nuevodigitaldeescobar.com.ar\/?p=19046"},"wordCount":625,"commentCount":0,"publisher":{"@id":"https:\/\/nuevodigitaldeescobar.com.ar\/#organization"},"image":{"@id":"https:\/\/nuevodigitaldeescobar.com.ar\/?p=19046#primaryimage"},"thumbnailUrl":"https:\/\/nuevodigitaldeescobar.com.ar\/wp-content\/uploads\/2023\/11\/epi-3-aerolineas-argentinas.jpg","articleSection":["Econom\u00eda"],"inLanguage":"es","potentialAction":[{"@type":"CommentAction","name":"Comment","target":["https:\/\/nuevodigitaldeescobar.com.ar\/?p=19046#respond"]}]},{"@type":"WebPage","@id":"https:\/\/nuevodigitaldeescobar.com.ar\/?p=19046","url":"https:\/\/nuevodigitaldeescobar.com.ar\/?p=19046","name":"Aerol\u00edneas Argentinas anuncia un plan hist\u00f3rico de inversi\u00f3n propio: incorporar\u00e1 18 aviones nuevos - Nuevo Digital de Escobar","isPartOf":{"@id":"https:\/\/nuevodigitaldeescobar.com.ar\/#website"},"primaryImageOfPage":{"@id":"https:\/\/nuevodigitaldeescobar.com.ar\/?p=19046#primaryimage"},"image":{"@id":"https:\/\/nuevodigitaldeescobar.com.ar\/?p=19046#primaryimage"},"thumbnailUrl":"https:\/\/nuevodigitaldeescobar.com.ar\/wp-content\/uploads\/2023\/11\/epi-3-aerolineas-argentinas.jpg","datePublished":"2025-11-28T00:24:04+00:00","dateModified":"2025-11-28T00:24:16+00:00","breadcrumb":{"@id":"https:\/\/nuevodigitaldeescobar.com.ar\/?p=19046#breadcrumb"},"inLanguage":"es","potentialAction":[{"@type":"ReadAction","target":["https:\/\/nuevodigitaldeescobar.com.ar\/?p=19046"]}]},{"@type":"ImageObject","inLanguage":"es","@id":"https:\/\/nuevodigitaldeescobar.com.ar\/?p=19046#primaryimage","url":"https:\/\/nuevodigitaldeescobar.com.ar\/wp-content\/uploads\/2023\/11\/epi-3-aerolineas-argentinas.jpg","contentUrl":"https:\/\/nuevodigitaldeescobar.com.ar\/wp-content\/uploads\/2023\/11\/epi-3-aerolineas-argentinas.jpg","width":720,"height":412},{"@type":"BreadcrumbList","@id":"https:\/\/nuevodigitaldeescobar.com.ar\/?p=19046#breadcrumb","itemListElement":[{"@type":"ListItem","position":1,"name":"Portada","item":"https:\/\/nuevodigitaldeescobar.com.ar\/"},{"@type":"ListItem","position":2,"name":"Aerol\u00edneas Argentinas anuncia un plan hist\u00f3rico de inversi\u00f3n propio: incorporar\u00e1 18 aviones nuevos"}]},{"@type":"WebSite","@id":"https:\/\/nuevodigitaldeescobar.com.ar\/#website","url":"https:\/\/nuevodigitaldeescobar.com.ar\/","name":"Nuevo Digital de Escobar","description":"La vida escobarense. Directora: Rosana Brunner","publisher":{"@id":"https:\/\/nuevodigitaldeescobar.com.ar\/#organization"},"potentialAction":[{"@type":"SearchAction","target":{"@type":"EntryPoint","urlTemplate":"https:\/\/nuevodigitaldeescobar.com.ar\/?s={search_term_string}"},"query-input":{"@type":"PropertyValueSpecification","valueRequired":true,"valueName":"search_term_string"}}],"inLanguage":"es"},{"@type":"Organization","@id":"https:\/\/nuevodigitaldeescobar.com.ar\/#organization","name":"Nuevo Digital de Escobar","url":"https:\/\/nuevodigitaldeescobar.com.ar\/","logo":{"@type":"ImageObject","inLanguage":"es","@id":"https:\/\/nuevodigitaldeescobar.com.ar\/#\/schema\/logo\/image\/","url":"https:\/\/nuevodigitaldeescobar.com.ar\/wp-content\/uploads\/2025\/05\/cropped-logo-nuevo2.jpg","contentUrl":"https:\/\/nuevodigitaldeescobar.com.ar\/wp-content\/uploads\/2025\/05\/cropped-logo-nuevo2.jpg","width":305,"height":305,"caption":"Nuevo Digital de Escobar"},"image":{"@id":"https:\/\/nuevodigitaldeescobar.com.ar\/#\/schema\/logo\/image\/"},"sameAs":["https:\/\/www.facebook.com\/NUEVODigitalDeEscobar","https:\/\/x.com\/nuevodigescobar","https:\/\/www.instagram.com\/nuevodigitaldeescobar"]},{"@type":"Person","@id":"https:\/\/nuevodigitaldeescobar.com.ar\/#\/schema\/person\/035e90a8efe9a80e6eec22656ad6ea4c","name":"Redacci\u00f3n","image":{"@type":"ImageObject","inLanguage":"es","@id":"https:\/\/nuevodigitaldeescobar.com.ar\/#\/schema\/person\/image\/","url":"https:\/\/secure.gravatar.com\/avatar\/8af8f40000c24e9eef3034f2be5998a372bb1389e64b1a4a36b3a7979142220d?s=96&d=mm&r=g","contentUrl":"https:\/\/secure.gravatar.com\/avatar\/8af8f40000c24e9eef3034f2be5998a372bb1389e64b1a4a36b3a7979142220d?s=96&d=mm&r=g","caption":"Redacci\u00f3n"},"sameAs":["http:\/\/nuevodigitaldeescobar.com.ar"],"url":"https:\/\/nuevodigitaldeescobar.com.ar\/?author=1"}]}},"featured_image_urls":{"full":["https:\/\/nuevodigitaldeescobar.com.ar\/wp-content\/uploads\/2023\/11\/epi-3-aerolineas-argentinas.jpg",720,412,false],"thumbnail":["https:\/\/nuevodigitaldeescobar.com.ar\/wp-content\/uploads\/2023\/11\/epi-3-aerolineas-argentinas-150x150.jpg",150,150,true],"medium":["https:\/\/nuevodigitaldeescobar.com.ar\/wp-content\/uploads\/2023\/11\/epi-3-aerolineas-argentinas-300x172.jpg",300,172,true],"medium_large":["https:\/\/nuevodigitaldeescobar.com.ar\/wp-content\/uploads\/2023\/11\/epi-3-aerolineas-argentinas.jpg",640,366,false],"large":["https:\/\/nuevodigitaldeescobar.com.ar\/wp-content\/uploads\/2023\/11\/epi-3-aerolineas-argentinas.jpg",640,366,false],"1536x1536":["https:\/\/nuevodigitaldeescobar.com.ar\/wp-content\/uploads\/2023\/11\/epi-3-aerolineas-argentinas.jpg",720,412,false],"2048x2048":["https:\/\/nuevodigitaldeescobar.com.ar\/wp-content\/uploads\/2023\/11\/epi-3-aerolineas-argentinas.jpg",720,412,false]},"author_info":{"display_name":"Redacci\u00f3n","author_link":"https:\/\/nuevodigitaldeescobar.com.ar\/?author=1"},"category_info":"<a href=\"https:\/\/nuevodigitaldeescobar.com.ar\/?cat=10\" rel=\"category\">Econom\u00eda<\/a>","tag_info":"Econom\u00eda","comment_count":"0","_links":{"self":[{"href":"https:\/\/nuevodigitaldeescobar.com.ar\/index.php?rest_route=\/wp\/v2\/posts\/19046","targetHints":{"allow":["GET"]}}],"collection":[{"href":"https:\/\/nuevodigitaldeescobar.com.ar\/index.php?rest_route=\/wp\/v2\/posts"}],"about":[{"href":"https:\/\/nuevodigitaldeescobar.com.ar\/index.php?rest_route=\/wp\/v2\/types\/post"}],"author":[{"embeddable":true,"href":"https:\/\/nuevodigitaldeescobar.com.ar\/index.php?rest_route=\/wp\/v2\/users\/1"}],"replies":[{"embeddable":true,"href":"https:\/\/nuevodigitaldeescobar.com.ar\/index.php?rest_route=%2Fwp%2Fv2%2Fcomments&post=19046"}],"version-history":[{"count":1,"href":"https:\/\/nuevodigitaldeescobar.com.ar\/index.php?rest_route=\/wp\/v2\/posts\/19046\/revisions"}],"predecessor-version":[{"id":19047,"href":"https:\/\/nuevodigitaldeescobar.com.ar\/index.php?rest_route=\/wp\/v2\/posts\/19046\/revisions\/19047"}],"wp:featuredmedia":[{"embeddable":true,"href":"https:\/\/nuevodigitaldeescobar.com.ar\/index.php?rest_route=\/wp\/v2\/media\/1138"}],"wp:attachment":[{"href":"https:\/\/nuevodigitaldeescobar.com.ar\/index.php?rest_route=%2Fwp%2Fv2%2Fmedia&parent=19046"}],"wp:term":[{"taxonomy":"category","embeddable":true,"href":"https:\/\/nuevodigitaldeescobar.com.ar\/index.php?rest_route=%2Fwp%2Fv2%2Fcategories&post=19046"},{"taxonomy":"post_tag","embeddable":true,"href":"https:\/\/nuevodigitaldeescobar.com.ar\/index.php?rest_route=%2Fwp%2Fv2%2Ftags&post=19046"}],"curies":[{"name":"wp","href":"https:\/\/api.w.org\/{rel}","templated":true}]}}