{"id":19051,"date":"2025-11-28T01:43:00","date_gmt":"2025-11-28T04:43:00","guid":{"rendered":"https:\/\/nuevodigitaldeescobar.com.ar\/?p=19051"},"modified":"2025-11-27T23:47:05","modified_gmt":"2025-11-28T02:47:05","slug":"whirlpool-baja-la-persiana-en-pilar-un-proyecto-industrial-que-prometia-exportar-al-mundo-y-termino-en-cierre-en-solo-tres-anos","status":"publish","type":"post","link":"https:\/\/nuevodigitaldeescobar.com.ar\/?p=19051","title":{"rendered":"Whirlpool baja la persiana en Pilar: un proyecto industrial que promet\u00eda exportar al mundo y termin\u00f3 en cierre en solo tres a\u00f1os"},"content":{"rendered":"\n<p class=\"has-vivid-cyan-blue-color has-text-color has-link-color wp-elements-d1700506f99f2ad9dff6868c4a684c03\"><strong><em>La multinacional Whirlpool confirm\u00f3 el cierre definitivo de su planta de producci\u00f3n de lavarropas en el Parque Industrial de F\u00e1tima, en Pilar, y despidi\u00f3 a 220 trabajadores. La decisi\u00f3n marca el final de un proyecto industrial que, en 2022, hab\u00eda sido presentado como uno de los m\u00e1s ambiciosos del sector de electrodom\u00e9sticos en la regi\u00f3n.<\/em><\/strong><\/p>\n\n\n\n<!--more-->\n\n\n\n<p>La planta hab\u00eda sido dise\u00f1ada para fabricar 300.000 unidades anuales de lavarropas de carga frontal, con un objetivo central: <strong>exportar el 70% de lo producido<\/strong>. Sin embargo, ese plan nunca logr\u00f3 materializarse.<\/p>\n\n\n\n<h3 class=\"wp-block-heading has-text-color has-link-color wp-elements-1b2e9c3abbc89e8b5a52318b7138651d\" style=\"color:#1b3fac\">De la expectativa a la retirada<\/h3>\n\n\n\n<p>Voceros de la compa\u00f1\u00eda explicaron que el cierre se bas\u00f3 en dos factores clave:<\/p>\n\n\n\n<ul class=\"wp-block-list\">\n<li><strong>Costos locales elevados<\/strong>, que dificultaron competir en mercados externos.<\/li>\n\n\n\n<li><strong>Apertura total de las importaciones<\/strong>, que llev\u00f3 a una ca\u00edda abrupta de precios en el mercado interno. En octubre, los lavarropas se vendieron un 20% m\u00e1s baratos que un a\u00f1o atr\u00e1s, seg\u00fan datos privados.<\/li>\n<\/ul>\n\n\n\n<p>Frente a este escenario, la filial brasile\u00f1a \u2014que controla la operaci\u00f3n regional\u2014 decidi\u00f3 <strong>abandonar la fabricaci\u00f3n local<\/strong> y dedicarse exclusivamente a importar productos terminados.<\/p>\n\n\n\n<p><em>\u201cLa planta fue pensada para un modelo de negocio \u00e1gil y altamente competitivo, pero no pudo sostenerse en un contexto de ca\u00edda del consumo y una fuerte presi\u00f3n de la importaci\u00f3n\u201d<\/em>, se\u00f1alaron fuentes de Whirlpool.<\/p>\n\n\n\n<h3 class=\"wp-block-heading has-text-color has-link-color wp-elements-85e6ff1426cfaaee3764e41b8c52a54b\" style=\"color:#1b3fac\">Impacto laboral y negociaci\u00f3n sindical<\/h3>\n\n\n\n<p>Los 220 empleados afectados incluyen personal de producci\u00f3n, ingenier\u00eda, calidad y otras \u00e1reas operativas. La compa\u00f1\u00eda negocia con la Uni\u00f3n Obrera Metal\u00fargica (UOM) un esquema de indemnizaciones que prev\u00e9 pagos completos m\u00e1s un adicional.<\/p>\n\n\n\n<p>No es la primera retirada de la marca en el pa\u00eds: en 2003 hab\u00eda cerrado su f\u00e1brica de heladeras en San Luis para pasar \u2014como ahora\u2014 a un esquema puramente importador.<\/p>\n\n\n\n<h3 class=\"wp-block-heading has-text-color has-link-color wp-elements-d5281054aba986dc11579d284d0235a3\" style=\"color:#1b3fac\">Una industria golpeada por costos y competencia externa<\/h3>\n\n\n\n<p>La situaci\u00f3n de Whirlpool se inserta en un escenario m\u00e1s amplio que atraviesa todo el sector de l\u00ednea blanca:<\/p>\n\n\n\n<ul class=\"wp-block-list\">\n<li><strong>Mabe<\/strong>, por ejemplo, reconoce que pas\u00f3 de dominar el mercado uruguayo a exportar apenas el 2% de su producci\u00f3n.<\/li>\n\n\n\n<li><strong>Autosal<\/strong>, fabricante de las marcas Koinoor y Columbia, debi\u00f3 despedir a 14 trabajadores y ya resign\u00f3 la producci\u00f3n local de algunos modelos.<\/li>\n\n\n\n<li>En octubre, el mercado local de heladeras registr\u00f3 <strong>80.000 unidades vendidas<\/strong>, pero ingresaron <strong>130.000 equipos importados<\/strong>, m\u00e1s que toda la producci\u00f3n nacional de ese mes (40.000 unidades).<\/li>\n<\/ul>\n\n\n\n<p><em>\u201cEl costo argentino es determinante: fabricar localmente puede salir entre 35% y 40% m\u00e1s caro que importar\u201d<\/em>, remarcaron desde el sector.<\/p>\n\n\n\n<p>En paralelo, tambi\u00e9n se registran <strong>suspensiones y cierres<\/strong> en otras plantas del pa\u00eds. Electrolux suspendi\u00f3 a 400 operarios en Rosario, mientras que Mabe decidi\u00f3 cerrar su f\u00e1brica de R\u00edo Segundo, C\u00f3rdoba, para concentrar sus operaciones en Luque.<\/p>\n\n\n\n<h3 class=\"wp-block-heading has-text-color has-link-color wp-elements-2b38ec0387d6a8794799f8ea96b64c39\" style=\"color:#1b3fac\">Un cierre que deja preguntas abiertas<\/h3>\n\n\n\n<p>La retirada de Whirlpool vuelve a exponer un problema estructural que la industria argentina arrastra desde hace a\u00f1os: <strong>altos costos, p\u00e9rdida de competitividad y ciclos recurrentes de apertura que desincentivan la inversi\u00f3n local<\/strong>.<\/p>\n\n\n\n<p>Para los trabajadores despedidos, el golpe es inmediato. Para el sector, el desaf\u00edo es mayor: c\u00f3mo sostener industria nacional en un mercado cada vez m\u00e1s poblado por productos importados.<\/p>\n","protected":false},"excerpt":{"rendered":"<p>La multinacional Whirlpool confirm\u00f3 el cierre definitivo de su planta de producci\u00f3n de lavarropas en el Parque Industrial de F\u00e1tima, en Pilar, y despidi\u00f3 a [&hellip;]<\/p>\n","protected":false},"author":1,"featured_media":19052,"comment_status":"open","ping_status":"open","sticky":false,"template":"","format":"standard","meta":{"footnotes":""},"categories":[10],"tags":[],"class_list":["post-19051","post","type-post","status-publish","format-standard","has-post-thumbnail","hentry","category-economia"],"better_featured_image":{"id":19052,"alt_text":"","caption":"","description":"","media_type":"image","media_details":{"width":1200,"height":800,"file":"2025\/11\/whirlpool221.png","filesize":1997191,"sizes":{"medium":{"file":"whirlpool221-300x200.png","width":300,"height":200,"mime-type":"image\/png","filesize":53784,"source_url":"https:\/\/nuevodigitaldeescobar.com.ar\/wp-content\/uploads\/2025\/11\/whirlpool221-300x200.png"},"large":{"file":"whirlpool221-1024x683.png","width":1024,"height":683,"mime-type":"image\/png","filesize":530944,"source_url":"https:\/\/nuevodigitaldeescobar.com.ar\/wp-content\/uploads\/2025\/11\/whirlpool221-1024x683.png"},"thumbnail":{"file":"whirlpool221-150x150.png","width":150,"height":150,"mime-type":"image\/png","filesize":21855,"source_url":"https:\/\/nuevodigitaldeescobar.com.ar\/wp-content\/uploads\/2025\/11\/whirlpool221-150x150.png"},"medium_large":{"file":"whirlpool221-768x512.png","width":768,"height":512,"mime-type":"image\/png","filesize":308171,"source_url":"https:\/\/nuevodigitaldeescobar.com.ar\/wp-content\/uploads\/2025\/11\/whirlpool221-768x512.png"}},"image_meta":{"aperture":"0","credit":"","camera":"","caption":"","created_timestamp":"0","copyright":"","focal_length":"0","iso":"0","shutter_speed":"0","title":"","orientation":"0","keywords":[]}},"post":19051,"source_url":"https:\/\/nuevodigitaldeescobar.com.ar\/wp-content\/uploads\/2025\/11\/whirlpool221.png"},"yoast_head":"<!-- This site is optimized with the Yoast SEO plugin v26.1.1 - https:\/\/yoast.com\/wordpress\/plugins\/seo\/ -->\n<title>Whirlpool baja la persiana en Pilar: un proyecto industrial que promet\u00eda exportar al mundo y termin\u00f3 en cierre en solo tres a\u00f1os - Nuevo Digital de Escobar<\/title>\n<meta name=\"robots\" content=\"index, follow, max-snippet:-1, max-image-preview:large, max-video-preview:-1\" \/>\n<link rel=\"canonical\" href=\"https:\/\/nuevodigitaldeescobar.com.ar\/?p=19051\" \/>\n<meta property=\"og:locale\" content=\"es_ES\" \/>\n<meta property=\"og:type\" content=\"article\" \/>\n<meta property=\"og:title\" content=\"Whirlpool baja la persiana en Pilar: un proyecto industrial que promet\u00eda exportar al mundo y termin\u00f3 en cierre en solo tres a\u00f1os - Nuevo Digital de Escobar\" \/>\n<meta property=\"og:description\" content=\"La multinacional Whirlpool confirm\u00f3 el cierre definitivo de su planta de producci\u00f3n de lavarropas en el Parque Industrial de F\u00e1tima, en Pilar, y despidi\u00f3 a [&hellip;]\" \/>\n<meta property=\"og:url\" content=\"https:\/\/nuevodigitaldeescobar.com.ar\/?p=19051\" \/>\n<meta property=\"og:site_name\" content=\"Nuevo Digital de Escobar\" \/>\n<meta property=\"article:publisher\" content=\"https:\/\/www.facebook.com\/NUEVODigitalDeEscobar\" \/>\n<meta property=\"article:published_time\" content=\"2025-11-28T04:43:00+00:00\" \/>\n<meta property=\"og:image\" content=\"https:\/\/nuevodigitaldeescobar.com.ar\/wp-content\/uploads\/2025\/11\/whirlpool221.png\" \/>\n\t<meta property=\"og:image:width\" content=\"1200\" \/>\n\t<meta property=\"og:image:height\" content=\"800\" \/>\n\t<meta property=\"og:image:type\" content=\"image\/png\" \/>\n<meta name=\"author\" content=\"Redacci\u00f3n\" \/>\n<meta name=\"twitter:card\" content=\"summary_large_image\" \/>\n<meta name=\"twitter:creator\" content=\"@nuevodigescobar\" \/>\n<meta name=\"twitter:site\" content=\"@nuevodigescobar\" \/>\n<meta name=\"twitter:label1\" content=\"Escrito por\" \/>\n\t<meta name=\"twitter:data1\" content=\"Redacci\u00f3n\" \/>\n\t<meta name=\"twitter:label2\" content=\"Tiempo de lectura\" \/>\n\t<meta name=\"twitter:data2\" content=\"3 minutos\" \/>\n<script type=\"application\/ld+json\" class=\"yoast-schema-graph\">{\"@context\":\"https:\/\/schema.org\",\"@graph\":[{\"@type\":\"Article\",\"@id\":\"https:\/\/nuevodigitaldeescobar.com.ar\/?p=19051#article\",\"isPartOf\":{\"@id\":\"https:\/\/nuevodigitaldeescobar.com.ar\/?p=19051\"},\"author\":{\"name\":\"Redacci\u00f3n\",\"@id\":\"https:\/\/nuevodigitaldeescobar.com.ar\/#\/schema\/person\/035e90a8efe9a80e6eec22656ad6ea4c\"},\"headline\":\"Whirlpool baja la persiana en Pilar: un proyecto industrial que promet\u00eda exportar al mundo y termin\u00f3 en cierre en solo tres a\u00f1os\",\"datePublished\":\"2025-11-28T04:43:00+00:00\",\"mainEntityOfPage\":{\"@id\":\"https:\/\/nuevodigitaldeescobar.com.ar\/?p=19051\"},\"wordCount\":560,\"commentCount\":0,\"publisher\":{\"@id\":\"https:\/\/nuevodigitaldeescobar.com.ar\/#organization\"},\"image\":{\"@id\":\"https:\/\/nuevodigitaldeescobar.com.ar\/?p=19051#primaryimage\"},\"thumbnailUrl\":\"https:\/\/nuevodigitaldeescobar.com.ar\/wp-content\/uploads\/2025\/11\/whirlpool221.png\",\"articleSection\":[\"Econom\u00eda\"],\"inLanguage\":\"es\",\"potentialAction\":[{\"@type\":\"CommentAction\",\"name\":\"Comment\",\"target\":[\"https:\/\/nuevodigitaldeescobar.com.ar\/?p=19051#respond\"]}]},{\"@type\":\"WebPage\",\"@id\":\"https:\/\/nuevodigitaldeescobar.com.ar\/?p=19051\",\"url\":\"https:\/\/nuevodigitaldeescobar.com.ar\/?p=19051\",\"name\":\"Whirlpool baja la persiana en Pilar: un proyecto industrial que promet\u00eda exportar al mundo y termin\u00f3 en cierre en solo tres a\u00f1os - Nuevo Digital de Escobar\",\"isPartOf\":{\"@id\":\"https:\/\/nuevodigitaldeescobar.com.ar\/#website\"},\"primaryImageOfPage\":{\"@id\":\"https:\/\/nuevodigitaldeescobar.com.ar\/?p=19051#primaryimage\"},\"image\":{\"@id\":\"https:\/\/nuevodigitaldeescobar.com.ar\/?p=19051#primaryimage\"},\"thumbnailUrl\":\"https:\/\/nuevodigitaldeescobar.com.ar\/wp-content\/uploads\/2025\/11\/whirlpool221.png\",\"datePublished\":\"2025-11-28T04:43:00+00:00\",\"breadcrumb\":{\"@id\":\"https:\/\/nuevodigitaldeescobar.com.ar\/?p=19051#breadcrumb\"},\"inLanguage\":\"es\",\"potentialAction\":[{\"@type\":\"ReadAction\",\"target\":[\"https:\/\/nuevodigitaldeescobar.com.ar\/?p=19051\"]}]},{\"@type\":\"ImageObject\",\"inLanguage\":\"es\",\"@id\":\"https:\/\/nuevodigitaldeescobar.com.ar\/?p=19051#primaryimage\",\"url\":\"https:\/\/nuevodigitaldeescobar.com.ar\/wp-content\/uploads\/2025\/11\/whirlpool221.png\",\"contentUrl\":\"https:\/\/nuevodigitaldeescobar.com.ar\/wp-content\/uploads\/2025\/11\/whirlpool221.png\",\"width\":1200,\"height\":800},{\"@type\":\"BreadcrumbList\",\"@id\":\"https:\/\/nuevodigitaldeescobar.com.ar\/?p=19051#breadcrumb\",\"itemListElement\":[{\"@type\":\"ListItem\",\"position\":1,\"name\":\"Portada\",\"item\":\"https:\/\/nuevodigitaldeescobar.com.ar\/\"},{\"@type\":\"ListItem\",\"position\":2,\"name\":\"Whirlpool baja la persiana en Pilar: un proyecto industrial que promet\u00eda exportar al mundo y termin\u00f3 en cierre en solo tres a\u00f1os\"}]},{\"@type\":\"WebSite\",\"@id\":\"https:\/\/nuevodigitaldeescobar.com.ar\/#website\",\"url\":\"https:\/\/nuevodigitaldeescobar.com.ar\/\",\"name\":\"Nuevo Digital de Escobar\",\"description\":\"La vida escobarense. Directora: Rosana Brunner\",\"publisher\":{\"@id\":\"https:\/\/nuevodigitaldeescobar.com.ar\/#organization\"},\"potentialAction\":[{\"@type\":\"SearchAction\",\"target\":{\"@type\":\"EntryPoint\",\"urlTemplate\":\"https:\/\/nuevodigitaldeescobar.com.ar\/?s={search_term_string}\"},\"query-input\":{\"@type\":\"PropertyValueSpecification\",\"valueRequired\":true,\"valueName\":\"search_term_string\"}}],\"inLanguage\":\"es\"},{\"@type\":\"Organization\",\"@id\":\"https:\/\/nuevodigitaldeescobar.com.ar\/#organization\",\"name\":\"Nuevo Digital de Escobar\",\"url\":\"https:\/\/nuevodigitaldeescobar.com.ar\/\",\"logo\":{\"@type\":\"ImageObject\",\"inLanguage\":\"es\",\"@id\":\"https:\/\/nuevodigitaldeescobar.com.ar\/#\/schema\/logo\/image\/\",\"url\":\"https:\/\/nuevodigitaldeescobar.com.ar\/wp-content\/uploads\/2025\/05\/cropped-logo-nuevo2.jpg\",\"contentUrl\":\"https:\/\/nuevodigitaldeescobar.com.ar\/wp-content\/uploads\/2025\/05\/cropped-logo-nuevo2.jpg\",\"width\":305,\"height\":305,\"caption\":\"Nuevo Digital de Escobar\"},\"image\":{\"@id\":\"https:\/\/nuevodigitaldeescobar.com.ar\/#\/schema\/logo\/image\/\"},\"sameAs\":[\"https:\/\/www.facebook.com\/NUEVODigitalDeEscobar\",\"https:\/\/x.com\/nuevodigescobar\",\"https:\/\/www.instagram.com\/nuevodigitaldeescobar\"]},{\"@type\":\"Person\",\"@id\":\"https:\/\/nuevodigitaldeescobar.com.ar\/#\/schema\/person\/035e90a8efe9a80e6eec22656ad6ea4c\",\"name\":\"Redacci\u00f3n\",\"image\":{\"@type\":\"ImageObject\",\"inLanguage\":\"es\",\"@id\":\"https:\/\/nuevodigitaldeescobar.com.ar\/#\/schema\/person\/image\/\",\"url\":\"https:\/\/secure.gravatar.com\/avatar\/8af8f40000c24e9eef3034f2be5998a372bb1389e64b1a4a36b3a7979142220d?s=96&d=mm&r=g\",\"contentUrl\":\"https:\/\/secure.gravatar.com\/avatar\/8af8f40000c24e9eef3034f2be5998a372bb1389e64b1a4a36b3a7979142220d?s=96&d=mm&r=g\",\"caption\":\"Redacci\u00f3n\"},\"sameAs\":[\"http:\/\/nuevodigitaldeescobar.com.ar\"],\"url\":\"https:\/\/nuevodigitaldeescobar.com.ar\/?author=1\"}]}<\/script>\n<!-- \/ Yoast SEO plugin. -->","yoast_head_json":{"title":"Whirlpool baja la persiana en Pilar: un proyecto industrial que promet\u00eda exportar al mundo y termin\u00f3 en cierre en solo tres a\u00f1os - Nuevo Digital de Escobar","robots":{"index":"index","follow":"follow","max-snippet":"max-snippet:-1","max-image-preview":"max-image-preview:large","max-video-preview":"max-video-preview:-1"},"canonical":"https:\/\/nuevodigitaldeescobar.com.ar\/?p=19051","og_locale":"es_ES","og_type":"article","og_title":"Whirlpool baja la persiana en Pilar: un proyecto industrial que promet\u00eda exportar al mundo y termin\u00f3 en cierre en solo tres a\u00f1os - Nuevo Digital de Escobar","og_description":"La multinacional Whirlpool confirm\u00f3 el cierre definitivo de su planta de producci\u00f3n de lavarropas en el Parque Industrial de F\u00e1tima, en Pilar, y despidi\u00f3 a [&hellip;]","og_url":"https:\/\/nuevodigitaldeescobar.com.ar\/?p=19051","og_site_name":"Nuevo Digital de Escobar","article_publisher":"https:\/\/www.facebook.com\/NUEVODigitalDeEscobar","article_published_time":"2025-11-28T04:43:00+00:00","og_image":[{"width":1200,"height":800,"url":"https:\/\/nuevodigitaldeescobar.com.ar\/wp-content\/uploads\/2025\/11\/whirlpool221.png","type":"image\/png"}],"author":"Redacci\u00f3n","twitter_card":"summary_large_image","twitter_creator":"@nuevodigescobar","twitter_site":"@nuevodigescobar","twitter_misc":{"Escrito por":"Redacci\u00f3n","Tiempo de lectura":"3 minutos"},"schema":{"@context":"https:\/\/schema.org","@graph":[{"@type":"Article","@id":"https:\/\/nuevodigitaldeescobar.com.ar\/?p=19051#article","isPartOf":{"@id":"https:\/\/nuevodigitaldeescobar.com.ar\/?p=19051"},"author":{"name":"Redacci\u00f3n","@id":"https:\/\/nuevodigitaldeescobar.com.ar\/#\/schema\/person\/035e90a8efe9a80e6eec22656ad6ea4c"},"headline":"Whirlpool baja la persiana en Pilar: un proyecto industrial que promet\u00eda exportar al mundo y termin\u00f3 en cierre en solo tres a\u00f1os","datePublished":"2025-11-28T04:43:00+00:00","mainEntityOfPage":{"@id":"https:\/\/nuevodigitaldeescobar.com.ar\/?p=19051"},"wordCount":560,"commentCount":0,"publisher":{"@id":"https:\/\/nuevodigitaldeescobar.com.ar\/#organization"},"image":{"@id":"https:\/\/nuevodigitaldeescobar.com.ar\/?p=19051#primaryimage"},"thumbnailUrl":"https:\/\/nuevodigitaldeescobar.com.ar\/wp-content\/uploads\/2025\/11\/whirlpool221.png","articleSection":["Econom\u00eda"],"inLanguage":"es","potentialAction":[{"@type":"CommentAction","name":"Comment","target":["https:\/\/nuevodigitaldeescobar.com.ar\/?p=19051#respond"]}]},{"@type":"WebPage","@id":"https:\/\/nuevodigitaldeescobar.com.ar\/?p=19051","url":"https:\/\/nuevodigitaldeescobar.com.ar\/?p=19051","name":"Whirlpool baja la persiana en Pilar: un proyecto industrial que promet\u00eda exportar al mundo y termin\u00f3 en cierre en solo tres a\u00f1os - Nuevo Digital de Escobar","isPartOf":{"@id":"https:\/\/nuevodigitaldeescobar.com.ar\/#website"},"primaryImageOfPage":{"@id":"https:\/\/nuevodigitaldeescobar.com.ar\/?p=19051#primaryimage"},"image":{"@id":"https:\/\/nuevodigitaldeescobar.com.ar\/?p=19051#primaryimage"},"thumbnailUrl":"https:\/\/nuevodigitaldeescobar.com.ar\/wp-content\/uploads\/2025\/11\/whirlpool221.png","datePublished":"2025-11-28T04:43:00+00:00","breadcrumb":{"@id":"https:\/\/nuevodigitaldeescobar.com.ar\/?p=19051#breadcrumb"},"inLanguage":"es","potentialAction":[{"@type":"ReadAction","target":["https:\/\/nuevodigitaldeescobar.com.ar\/?p=19051"]}]},{"@type":"ImageObject","inLanguage":"es","@id":"https:\/\/nuevodigitaldeescobar.com.ar\/?p=19051#primaryimage","url":"https:\/\/nuevodigitaldeescobar.com.ar\/wp-content\/uploads\/2025\/11\/whirlpool221.png","contentUrl":"https:\/\/nuevodigitaldeescobar.com.ar\/wp-content\/uploads\/2025\/11\/whirlpool221.png","width":1200,"height":800},{"@type":"BreadcrumbList","@id":"https:\/\/nuevodigitaldeescobar.com.ar\/?p=19051#breadcrumb","itemListElement":[{"@type":"ListItem","position":1,"name":"Portada","item":"https:\/\/nuevodigitaldeescobar.com.ar\/"},{"@type":"ListItem","position":2,"name":"Whirlpool baja la persiana en Pilar: un proyecto industrial que promet\u00eda exportar al mundo y termin\u00f3 en cierre en solo tres a\u00f1os"}]},{"@type":"WebSite","@id":"https:\/\/nuevodigitaldeescobar.com.ar\/#website","url":"https:\/\/nuevodigitaldeescobar.com.ar\/","name":"Nuevo Digital de Escobar","description":"La vida escobarense. Directora: Rosana Brunner","publisher":{"@id":"https:\/\/nuevodigitaldeescobar.com.ar\/#organization"},"potentialAction":[{"@type":"SearchAction","target":{"@type":"EntryPoint","urlTemplate":"https:\/\/nuevodigitaldeescobar.com.ar\/?s={search_term_string}"},"query-input":{"@type":"PropertyValueSpecification","valueRequired":true,"valueName":"search_term_string"}}],"inLanguage":"es"},{"@type":"Organization","@id":"https:\/\/nuevodigitaldeescobar.com.ar\/#organization","name":"Nuevo Digital de Escobar","url":"https:\/\/nuevodigitaldeescobar.com.ar\/","logo":{"@type":"ImageObject","inLanguage":"es","@id":"https:\/\/nuevodigitaldeescobar.com.ar\/#\/schema\/logo\/image\/","url":"https:\/\/nuevodigitaldeescobar.com.ar\/wp-content\/uploads\/2025\/05\/cropped-logo-nuevo2.jpg","contentUrl":"https:\/\/nuevodigitaldeescobar.com.ar\/wp-content\/uploads\/2025\/05\/cropped-logo-nuevo2.jpg","width":305,"height":305,"caption":"Nuevo Digital de Escobar"},"image":{"@id":"https:\/\/nuevodigitaldeescobar.com.ar\/#\/schema\/logo\/image\/"},"sameAs":["https:\/\/www.facebook.com\/NUEVODigitalDeEscobar","https:\/\/x.com\/nuevodigescobar","https:\/\/www.instagram.com\/nuevodigitaldeescobar"]},{"@type":"Person","@id":"https:\/\/nuevodigitaldeescobar.com.ar\/#\/schema\/person\/035e90a8efe9a80e6eec22656ad6ea4c","name":"Redacci\u00f3n","image":{"@type":"ImageObject","inLanguage":"es","@id":"https:\/\/nuevodigitaldeescobar.com.ar\/#\/schema\/person\/image\/","url":"https:\/\/secure.gravatar.com\/avatar\/8af8f40000c24e9eef3034f2be5998a372bb1389e64b1a4a36b3a7979142220d?s=96&d=mm&r=g","contentUrl":"https:\/\/secure.gravatar.com\/avatar\/8af8f40000c24e9eef3034f2be5998a372bb1389e64b1a4a36b3a7979142220d?s=96&d=mm&r=g","caption":"Redacci\u00f3n"},"sameAs":["http:\/\/nuevodigitaldeescobar.com.ar"],"url":"https:\/\/nuevodigitaldeescobar.com.ar\/?author=1"}]}},"featured_image_urls":{"full":["https:\/\/nuevodigitaldeescobar.com.ar\/wp-content\/uploads\/2025\/11\/whirlpool221.png",1200,800,false],"thumbnail":["https:\/\/nuevodigitaldeescobar.com.ar\/wp-content\/uploads\/2025\/11\/whirlpool221-150x150.png",150,150,true],"medium":["https:\/\/nuevodigitaldeescobar.com.ar\/wp-content\/uploads\/2025\/11\/whirlpool221-300x200.png",300,200,true],"medium_large":["https:\/\/nuevodigitaldeescobar.com.ar\/wp-content\/uploads\/2025\/11\/whirlpool221-768x512.png",640,427,true],"large":["https:\/\/nuevodigitaldeescobar.com.ar\/wp-content\/uploads\/2025\/11\/whirlpool221-1024x683.png",640,427,true],"1536x1536":["https:\/\/nuevodigitaldeescobar.com.ar\/wp-content\/uploads\/2025\/11\/whirlpool221.png",1200,800,false],"2048x2048":["https:\/\/nuevodigitaldeescobar.com.ar\/wp-content\/uploads\/2025\/11\/whirlpool221.png",1200,800,false]},"author_info":{"display_name":"Redacci\u00f3n","author_link":"https:\/\/nuevodigitaldeescobar.com.ar\/?author=1"},"category_info":"<a href=\"https:\/\/nuevodigitaldeescobar.com.ar\/?cat=10\" rel=\"category\">Econom\u00eda<\/a>","tag_info":"Econom\u00eda","comment_count":"0","_links":{"self":[{"href":"https:\/\/nuevodigitaldeescobar.com.ar\/index.php?rest_route=\/wp\/v2\/posts\/19051","targetHints":{"allow":["GET"]}}],"collection":[{"href":"https:\/\/nuevodigitaldeescobar.com.ar\/index.php?rest_route=\/wp\/v2\/posts"}],"about":[{"href":"https:\/\/nuevodigitaldeescobar.com.ar\/index.php?rest_route=\/wp\/v2\/types\/post"}],"author":[{"embeddable":true,"href":"https:\/\/nuevodigitaldeescobar.com.ar\/index.php?rest_route=\/wp\/v2\/users\/1"}],"replies":[{"embeddable":true,"href":"https:\/\/nuevodigitaldeescobar.com.ar\/index.php?rest_route=%2Fwp%2Fv2%2Fcomments&post=19051"}],"version-history":[{"count":1,"href":"https:\/\/nuevodigitaldeescobar.com.ar\/index.php?rest_route=\/wp\/v2\/posts\/19051\/revisions"}],"predecessor-version":[{"id":19053,"href":"https:\/\/nuevodigitaldeescobar.com.ar\/index.php?rest_route=\/wp\/v2\/posts\/19051\/revisions\/19053"}],"wp:featuredmedia":[{"embeddable":true,"href":"https:\/\/nuevodigitaldeescobar.com.ar\/index.php?rest_route=\/wp\/v2\/media\/19052"}],"wp:attachment":[{"href":"https:\/\/nuevodigitaldeescobar.com.ar\/index.php?rest_route=%2Fwp%2Fv2%2Fmedia&parent=19051"}],"wp:term":[{"taxonomy":"category","embeddable":true,"href":"https:\/\/nuevodigitaldeescobar.com.ar\/index.php?rest_route=%2Fwp%2Fv2%2Fcategories&post=19051"},{"taxonomy":"post_tag","embeddable":true,"href":"https:\/\/nuevodigitaldeescobar.com.ar\/index.php?rest_route=%2Fwp%2Fv2%2Ftags&post=19051"}],"curies":[{"name":"wp","href":"https:\/\/api.w.org\/{rel}","templated":true}]}}