{"id":19069,"date":"2025-11-30T10:17:29","date_gmt":"2025-11-30T13:17:29","guid":{"rendered":"https:\/\/nuevodigitaldeescobar.com.ar\/?p=19069"},"modified":"2025-11-30T10:37:49","modified_gmt":"2025-11-30T13:37:49","slug":"nuevamente-aumentan-las-tarifas-del-transporte-en-provincia-el-ajuste-trepa-al-148-y-supera-a-la-inflacion-por-decision-de-kicillof","status":"publish","type":"post","link":"https:\/\/nuevodigitaldeescobar.com.ar\/?p=19069","title":{"rendered":"Nuevamente aumentan las tarifas del transporte: en Provincia el ajuste trepa al 14,8% y supera a la inflaci\u00f3n por decisi\u00f3n de Kicillof"},"content":{"rendered":"\n<p class=\"has-vivid-cyan-blue-color has-text-color has-link-color wp-elements-819efbc006ee858a9034e61d8eda9f59\"><strong><em>Desde este lunes 1\u00b0 de diciembre, el \u00c1rea Metropolitana de Buenos Aires vuelve a enfrentar un nuevo incremento en el costo del transporte p\u00fablico. Pero esta vez, el mayor impacto recae sobre los pasajeros de la provincia de Buenos Aires, donde el gobierno de Axel Kicillof aplicar\u00e1 una suba del 14,8% en los colectivos que circulan \u00edntegramente por territorio bonaerense.<\/em><\/strong><\/p>\n\n\n\n<!--more-->\n\n\n\n<p>El dato clave: <strong>el aumento provincial que duplica la inflaci\u00f3n de octubre (2,3%)<\/strong>, una diferencia que surge de la incorporaci\u00f3n de un <strong>ajuste extraordinario del 10%<\/strong>, m\u00e1s el mecanismo mensual de actualizaci\u00f3n que suma <strong>inflaci\u00f3n + 2 puntos porcentuales<\/strong>. De este modo, la pol\u00edtica tarifaria bonaerense queda despegada del esquema nacional y porte\u00f1o.<\/p>\n\n\n\n<h3 class=\"wp-block-heading has-text-color has-link-color wp-elements-5763ad75b629b85a9f4f776f4ac102f0\" style=\"color:#1927c3\">CABA aumenta 4,3%<\/h3>\n\n\n\n<p>En la Ciudad Aut\u00f3noma de Buenos Aires, el incremento ser\u00e1 del <strong>4,3%<\/strong>, impactando en colectivos, subtes y peajes.<\/p>\n\n\n\n<ul class=\"wp-block-list\">\n<li><strong>Colectivo m\u00ednimo en CABA:<\/strong> $593,52<\/li>\n\n\n\n<li><strong>Colectivo m\u00ednimo en Provincia:<\/strong> $658,44<\/li>\n<\/ul>\n\n\n\n<p>As\u00ed, dentro del AMBA conviven hoy <strong>tres tarifas diferentes<\/strong>: la nacional, la porte\u00f1a y la bonaerense.<\/p>\n\n\n\n<p>El subte tambi\u00e9n actualiza valores: desde hoy, cada viaje cuesta <strong>$1.206<\/strong>, y los peajes alcanzan tarifas m\u00e1ximas de <strong>$4.912<\/strong> en hora pico.<\/p>\n\n\n\n<h3 class=\"wp-block-heading has-text-color has-link-color wp-elements-dbbe1f34a7d089f709f5cce3c19ff56d\" style=\"color:#1927c3\">La Provincia aplica la mayor suba: as\u00ed quedan los boletos<\/h3>\n\n\n\n<p>El aumento bonaerense se activa exclusivamente en las l\u00edneas que <strong>no ingresan a la Capital Federal<\/strong> (las conocidas \u201cl\u00edneas del 200 en adelante\u201d).<\/p>\n\n\n\n<p><strong>Tarifas con SUBE registrada (Gran Buenos Aires):<\/strong><\/p>\n\n\n\n<ul class=\"wp-block-list\">\n<li>0-3 km: $658,44<\/li>\n\n\n\n<li>3-6 km: $733,50<\/li>\n\n\n\n<li>6-12 km: $790,00<\/li>\n\n\n\n<li>12-27 km: $846,57<\/li>\n\n\n\n<li>M\u00e1s de 27 km: $902,73<\/li>\n<\/ul>\n\n\n\n<p>Quienes usen SUBE sin nominalizar pagar\u00e1n mucho m\u00e1s, con m\u00ednimos que superan los <strong>$1.046<\/strong>, una pol\u00edtica que busca incentivar el registro de la tarjeta.<\/p>\n\n\n\n<p>En los casos de <strong>media distancia<\/strong>, el boleto m\u00ednimo asciende a <strong>$866,28<\/strong> con SUBE registrada y a <strong>$1.377,39<\/strong> sin registro.<\/p>\n\n\n\n<h3 class=\"wp-block-heading has-text-color has-link-color wp-elements-5f861b2f4c9ac467962ca508cd2a5ca0\" style=\"color:#1927c3\">Por qu\u00e9 aumenta m\u00e1s la Provincia<\/h3>\n\n\n\n<p>La gobernaci\u00f3n bonaerense sostiene que la medida busca recomponer ingresos en un contexto en el que las empresas enfrentan <strong>subas en combustible, repuestos, talleres y costos dolarizados<\/strong>.<\/p>\n\n\n\n<p>La resoluci\u00f3n oficial establece:<\/p>\n\n\n\n<ul class=\"wp-block-list\">\n<li>un <strong>aumento extraordinario del 10%<\/strong>,<\/li>\n\n\n\n<li>m\u00e1s la f\u00f3rmula mensual de <strong>inflaci\u00f3n + 2%<\/strong>,<\/li>\n\n\n\n<li>y un esquema acumulativo que ya est\u00e1 vigente desde marzo.<\/li>\n<\/ul>\n\n\n\n<p>Este diciembre, la combinaci\u00f3n de factores produjo la suba final del <strong>14,8%<\/strong>, <strong>muy por encima de la inflaci\u00f3n<\/strong> y del ajuste aplicado en CABA.<\/p>\n\n\n\n<h3 class=\"wp-block-heading has-text-color has-link-color wp-elements-f32b99a2a525450a9566da024f93c8bf\" style=\"color:#1927c3\">Las empresas apoyan la decisi\u00f3n de Kicillof<\/h3>\n\n\n\n<p>Las c\u00e1maras empresarias del transporte provincial calificaron como \u201cacertada\u201d la decisi\u00f3n de la Provincia de <strong>desacoplarse de Naci\u00f3n<\/strong> tanto en la pol\u00edtica tarifaria como en el c\u00e1lculo de subsidios.<\/p>\n\n\n\n<p>Para el sector, esto abrir\u00eda un escenario \u201cm\u00e1s previsible\u201d desde enero, cuando la Provincia pasar\u00e1 a administrar plenamente la estructura de costos y compensaciones.<\/p>\n\n\n\n<p>Tambi\u00e9n remarcaron que el 63% de los ingresos provienen de subsidios provinciales y que los c\u00e1lculos actuales no est\u00e1n actualizados con inflaci\u00f3n ni paritarias, afectando su capacidad operativa.<\/p>\n\n\n\n<h3 class=\"wp-block-heading has-text-color has-link-color wp-elements-81b7801b223e1cc35eee5e833a08125d\" style=\"color:#1927c3\">Tensi\u00f3n sindical: UTA advierte posibles medidas<\/h3>\n\n\n\n<p>En paralelo al aumento, la Uni\u00f3n Tranviarios Automotor (UTA) expres\u00f3 preocupaci\u00f3n por el pago en cuotas de salarios y aguinaldos.<\/p>\n\n\n\n<p>El gremio apunt\u00f3 contra el Estado nacional y las c\u00e1maras empresarias del AMBA, advirtiendo que podr\u00eda haber <strong>medidas de fuerza<\/strong> si no se regulariza el pago de haberes.<\/p>\n\n\n\n<h3 class=\"wp-block-heading has-text-color has-link-color wp-elements-8b922de6917452afe3e81e21b0ea3167\" style=\"color:#1927c3\">Un sistema con fuerte brecha tarifaria<\/h3>\n\n\n\n<p>A pesar de los incrementos, el conurbano y el AMBA siguen teniendo los boletos m\u00e1s accesibles del pa\u00eds:<\/p>\n\n\n\n<ul class=\"wp-block-list\">\n<li>Bariloche: $1.895<\/li>\n\n\n\n<li>C\u00f3rdoba: $1.720<\/li>\n\n\n\n<li>Rosario: $1.580<\/li>\n<\/ul>\n\n\n\n<p>Aun as\u00ed, el esquema actual deja claro que <strong>cada jurisdicci\u00f3n arma su propio cuadro tarifario<\/strong>, lo que genera diferencias significativas entre pasajeros seg\u00fan la zona donde vivan o trabajen.<\/p>\n","protected":false},"excerpt":{"rendered":"<p>Desde este lunes 1\u00b0 de diciembre, el \u00c1rea Metropolitana de Buenos Aires vuelve a enfrentar un nuevo incremento en el costo del transporte p\u00fablico. Pero [&hellip;]<\/p>\n","protected":false},"author":1,"featured_media":6992,"comment_status":"open","ping_status":"open","sticky":false,"template":"","format":"standard","meta":{"footnotes":""},"categories":[10],"tags":[],"class_list":["post-19069","post","type-post","status-publish","format-standard","has-post-thumbnail","hentry","category-economia"],"better_featured_image":{"id":6992,"alt_text":"","caption":"","description":"","media_type":"image","media_details":{"width":720,"height":462,"file":"2024\/07\/colectivo-transporte-e1721864258782.jpg","filesize":151659,"sizes":{"medium":{"file":"colectivo-transporte-300x193.jpg","width":300,"height":193,"mime-type":"image\/jpeg","filesize":13438,"source_url":"https:\/\/nuevodigitaldeescobar.com.ar\/wp-content\/uploads\/2024\/07\/colectivo-transporte-300x193.jpg"},"large":{"file":"colectivo-transporte-1024x657.jpg","width":1024,"height":657,"mime-type":"image\/jpeg","filesize":90191,"source_url":"https:\/\/nuevodigitaldeescobar.com.ar\/wp-content\/uploads\/2024\/07\/colectivo-transporte-1024x657.jpg"},"thumbnail":{"file":"colectivo-transporte-150x150.jpg","width":150,"height":150,"mime-type":"image\/jpeg","filesize":6621,"source_url":"https:\/\/nuevodigitaldeescobar.com.ar\/wp-content\/uploads\/2024\/07\/colectivo-transporte-150x150.jpg"},"medium_large":{"file":"colectivo-transporte-768x493.jpg","width":768,"height":493,"mime-type":"image\/jpeg","filesize":57941,"source_url":"https:\/\/nuevodigitaldeescobar.com.ar\/wp-content\/uploads\/2024\/07\/colectivo-transporte-768x493.jpg"}},"image_meta":{"aperture":"0","credit":"","camera":"","caption":"","created_timestamp":"0","copyright":"","focal_length":"0","iso":"0","shutter_speed":"0","title":"","orientation":"0","keywords":[]}},"post":6991,"source_url":"https:\/\/nuevodigitaldeescobar.com.ar\/wp-content\/uploads\/2024\/07\/colectivo-transporte-e1721864258782.jpg"},"yoast_head":"<!-- This site is optimized with the Yoast SEO plugin v26.1.1 - https:\/\/yoast.com\/wordpress\/plugins\/seo\/ -->\n<title>Nuevamente aumentan las tarifas del transporte: en Provincia el ajuste trepa al 14,8% y supera a la inflaci\u00f3n por decisi\u00f3n de Kicillof - Nuevo Digital de Escobar<\/title>\n<meta name=\"robots\" content=\"index, follow, max-snippet:-1, max-image-preview:large, max-video-preview:-1\" \/>\n<link rel=\"canonical\" href=\"https:\/\/nuevodigitaldeescobar.com.ar\/?p=19069\" \/>\n<meta property=\"og:locale\" content=\"es_ES\" \/>\n<meta property=\"og:type\" content=\"article\" \/>\n<meta property=\"og:title\" content=\"Nuevamente aumentan las tarifas del transporte: en Provincia el ajuste trepa al 14,8% y supera a la inflaci\u00f3n por decisi\u00f3n de Kicillof - Nuevo Digital de Escobar\" \/>\n<meta property=\"og:description\" content=\"Desde este lunes 1\u00b0 de diciembre, el \u00c1rea Metropolitana de Buenos Aires vuelve a enfrentar un nuevo incremento en el costo del transporte p\u00fablico. Pero [&hellip;]\" \/>\n<meta property=\"og:url\" content=\"https:\/\/nuevodigitaldeescobar.com.ar\/?p=19069\" \/>\n<meta property=\"og:site_name\" content=\"Nuevo Digital de Escobar\" \/>\n<meta property=\"article:publisher\" content=\"https:\/\/www.facebook.com\/NUEVODigitalDeEscobar\" \/>\n<meta property=\"article:published_time\" content=\"2025-11-30T13:17:29+00:00\" \/>\n<meta property=\"article:modified_time\" content=\"2025-11-30T13:37:49+00:00\" \/>\n<meta property=\"og:image\" content=\"http:\/\/nuevodigitaldeescobar.com.ar\/wp-content\/uploads\/2024\/07\/colectivo-transporte-e1721864258782.jpg\" \/>\n\t<meta property=\"og:image:width\" content=\"720\" \/>\n\t<meta property=\"og:image:height\" content=\"462\" \/>\n\t<meta property=\"og:image:type\" content=\"image\/jpeg\" \/>\n<meta name=\"author\" content=\"Redacci\u00f3n\" \/>\n<meta name=\"twitter:card\" content=\"summary_large_image\" \/>\n<meta name=\"twitter:creator\" content=\"@nuevodigescobar\" \/>\n<meta name=\"twitter:site\" content=\"@nuevodigescobar\" \/>\n<meta name=\"twitter:label1\" content=\"Escrito por\" \/>\n\t<meta name=\"twitter:data1\" content=\"Redacci\u00f3n\" \/>\n\t<meta name=\"twitter:label2\" content=\"Tiempo de lectura\" \/>\n\t<meta name=\"twitter:data2\" content=\"3 minutos\" \/>\n<script type=\"application\/ld+json\" class=\"yoast-schema-graph\">{\"@context\":\"https:\/\/schema.org\",\"@graph\":[{\"@type\":\"Article\",\"@id\":\"https:\/\/nuevodigitaldeescobar.com.ar\/?p=19069#article\",\"isPartOf\":{\"@id\":\"https:\/\/nuevodigitaldeescobar.com.ar\/?p=19069\"},\"author\":{\"name\":\"Redacci\u00f3n\",\"@id\":\"https:\/\/nuevodigitaldeescobar.com.ar\/#\/schema\/person\/035e90a8efe9a80e6eec22656ad6ea4c\"},\"headline\":\"Nuevamente aumentan las tarifas del transporte: en Provincia el ajuste trepa al 14,8% y supera a la inflaci\u00f3n por decisi\u00f3n de Kicillof\",\"datePublished\":\"2025-11-30T13:17:29+00:00\",\"dateModified\":\"2025-11-30T13:37:49+00:00\",\"mainEntityOfPage\":{\"@id\":\"https:\/\/nuevodigitaldeescobar.com.ar\/?p=19069\"},\"wordCount\":613,\"commentCount\":0,\"publisher\":{\"@id\":\"https:\/\/nuevodigitaldeescobar.com.ar\/#organization\"},\"image\":{\"@id\":\"https:\/\/nuevodigitaldeescobar.com.ar\/?p=19069#primaryimage\"},\"thumbnailUrl\":\"https:\/\/nuevodigitaldeescobar.com.ar\/wp-content\/uploads\/2024\/07\/colectivo-transporte-e1721864258782.jpg\",\"articleSection\":[\"Econom\u00eda\"],\"inLanguage\":\"es\",\"potentialAction\":[{\"@type\":\"CommentAction\",\"name\":\"Comment\",\"target\":[\"https:\/\/nuevodigitaldeescobar.com.ar\/?p=19069#respond\"]}]},{\"@type\":\"WebPage\",\"@id\":\"https:\/\/nuevodigitaldeescobar.com.ar\/?p=19069\",\"url\":\"https:\/\/nuevodigitaldeescobar.com.ar\/?p=19069\",\"name\":\"Nuevamente aumentan las tarifas del transporte: en Provincia el ajuste trepa al 14,8% y supera a la inflaci\u00f3n por decisi\u00f3n de Kicillof - Nuevo Digital de Escobar\",\"isPartOf\":{\"@id\":\"https:\/\/nuevodigitaldeescobar.com.ar\/#website\"},\"primaryImageOfPage\":{\"@id\":\"https:\/\/nuevodigitaldeescobar.com.ar\/?p=19069#primaryimage\"},\"image\":{\"@id\":\"https:\/\/nuevodigitaldeescobar.com.ar\/?p=19069#primaryimage\"},\"thumbnailUrl\":\"https:\/\/nuevodigitaldeescobar.com.ar\/wp-content\/uploads\/2024\/07\/colectivo-transporte-e1721864258782.jpg\",\"datePublished\":\"2025-11-30T13:17:29+00:00\",\"dateModified\":\"2025-11-30T13:37:49+00:00\",\"breadcrumb\":{\"@id\":\"https:\/\/nuevodigitaldeescobar.com.ar\/?p=19069#breadcrumb\"},\"inLanguage\":\"es\",\"potentialAction\":[{\"@type\":\"ReadAction\",\"target\":[\"https:\/\/nuevodigitaldeescobar.com.ar\/?p=19069\"]}]},{\"@type\":\"ImageObject\",\"inLanguage\":\"es\",\"@id\":\"https:\/\/nuevodigitaldeescobar.com.ar\/?p=19069#primaryimage\",\"url\":\"https:\/\/nuevodigitaldeescobar.com.ar\/wp-content\/uploads\/2024\/07\/colectivo-transporte-e1721864258782.jpg\",\"contentUrl\":\"https:\/\/nuevodigitaldeescobar.com.ar\/wp-content\/uploads\/2024\/07\/colectivo-transporte-e1721864258782.jpg\",\"width\":720,\"height\":462},{\"@type\":\"BreadcrumbList\",\"@id\":\"https:\/\/nuevodigitaldeescobar.com.ar\/?p=19069#breadcrumb\",\"itemListElement\":[{\"@type\":\"ListItem\",\"position\":1,\"name\":\"Portada\",\"item\":\"https:\/\/nuevodigitaldeescobar.com.ar\/\"},{\"@type\":\"ListItem\",\"position\":2,\"name\":\"Nuevamente aumentan las tarifas del transporte: en Provincia el ajuste trepa al 14,8% y supera a la inflaci\u00f3n por decisi\u00f3n de Kicillof\"}]},{\"@type\":\"WebSite\",\"@id\":\"https:\/\/nuevodigitaldeescobar.com.ar\/#website\",\"url\":\"https:\/\/nuevodigitaldeescobar.com.ar\/\",\"name\":\"Nuevo Digital de Escobar\",\"description\":\"La vida escobarense. Directora: Rosana Brunner\",\"publisher\":{\"@id\":\"https:\/\/nuevodigitaldeescobar.com.ar\/#organization\"},\"potentialAction\":[{\"@type\":\"SearchAction\",\"target\":{\"@type\":\"EntryPoint\",\"urlTemplate\":\"https:\/\/nuevodigitaldeescobar.com.ar\/?s={search_term_string}\"},\"query-input\":{\"@type\":\"PropertyValueSpecification\",\"valueRequired\":true,\"valueName\":\"search_term_string\"}}],\"inLanguage\":\"es\"},{\"@type\":\"Organization\",\"@id\":\"https:\/\/nuevodigitaldeescobar.com.ar\/#organization\",\"name\":\"Nuevo Digital de Escobar\",\"url\":\"https:\/\/nuevodigitaldeescobar.com.ar\/\",\"logo\":{\"@type\":\"ImageObject\",\"inLanguage\":\"es\",\"@id\":\"https:\/\/nuevodigitaldeescobar.com.ar\/#\/schema\/logo\/image\/\",\"url\":\"https:\/\/nuevodigitaldeescobar.com.ar\/wp-content\/uploads\/2025\/05\/cropped-logo-nuevo2.jpg\",\"contentUrl\":\"https:\/\/nuevodigitaldeescobar.com.ar\/wp-content\/uploads\/2025\/05\/cropped-logo-nuevo2.jpg\",\"width\":305,\"height\":305,\"caption\":\"Nuevo Digital de Escobar\"},\"image\":{\"@id\":\"https:\/\/nuevodigitaldeescobar.com.ar\/#\/schema\/logo\/image\/\"},\"sameAs\":[\"https:\/\/www.facebook.com\/NUEVODigitalDeEscobar\",\"https:\/\/x.com\/nuevodigescobar\",\"https:\/\/www.instagram.com\/nuevodigitaldeescobar\"]},{\"@type\":\"Person\",\"@id\":\"https:\/\/nuevodigitaldeescobar.com.ar\/#\/schema\/person\/035e90a8efe9a80e6eec22656ad6ea4c\",\"name\":\"Redacci\u00f3n\",\"image\":{\"@type\":\"ImageObject\",\"inLanguage\":\"es\",\"@id\":\"https:\/\/nuevodigitaldeescobar.com.ar\/#\/schema\/person\/image\/\",\"url\":\"https:\/\/secure.gravatar.com\/avatar\/8af8f40000c24e9eef3034f2be5998a372bb1389e64b1a4a36b3a7979142220d?s=96&d=mm&r=g\",\"contentUrl\":\"https:\/\/secure.gravatar.com\/avatar\/8af8f40000c24e9eef3034f2be5998a372bb1389e64b1a4a36b3a7979142220d?s=96&d=mm&r=g\",\"caption\":\"Redacci\u00f3n\"},\"sameAs\":[\"http:\/\/nuevodigitaldeescobar.com.ar\"],\"url\":\"https:\/\/nuevodigitaldeescobar.com.ar\/?author=1\"}]}<\/script>\n<!-- \/ Yoast SEO plugin. -->","yoast_head_json":{"title":"Nuevamente aumentan las tarifas del transporte: en Provincia el ajuste trepa al 14,8% y supera a la inflaci\u00f3n por decisi\u00f3n de Kicillof - Nuevo Digital de Escobar","robots":{"index":"index","follow":"follow","max-snippet":"max-snippet:-1","max-image-preview":"max-image-preview:large","max-video-preview":"max-video-preview:-1"},"canonical":"https:\/\/nuevodigitaldeescobar.com.ar\/?p=19069","og_locale":"es_ES","og_type":"article","og_title":"Nuevamente aumentan las tarifas del transporte: en Provincia el ajuste trepa al 14,8% y supera a la inflaci\u00f3n por decisi\u00f3n de Kicillof - Nuevo Digital de Escobar","og_description":"Desde este lunes 1\u00b0 de diciembre, el \u00c1rea Metropolitana de Buenos Aires vuelve a enfrentar un nuevo incremento en el costo del transporte p\u00fablico. Pero [&hellip;]","og_url":"https:\/\/nuevodigitaldeescobar.com.ar\/?p=19069","og_site_name":"Nuevo Digital de Escobar","article_publisher":"https:\/\/www.facebook.com\/NUEVODigitalDeEscobar","article_published_time":"2025-11-30T13:17:29+00:00","article_modified_time":"2025-11-30T13:37:49+00:00","og_image":[{"width":720,"height":462,"url":"http:\/\/nuevodigitaldeescobar.com.ar\/wp-content\/uploads\/2024\/07\/colectivo-transporte-e1721864258782.jpg","type":"image\/jpeg"}],"author":"Redacci\u00f3n","twitter_card":"summary_large_image","twitter_creator":"@nuevodigescobar","twitter_site":"@nuevodigescobar","twitter_misc":{"Escrito por":"Redacci\u00f3n","Tiempo de lectura":"3 minutos"},"schema":{"@context":"https:\/\/schema.org","@graph":[{"@type":"Article","@id":"https:\/\/nuevodigitaldeescobar.com.ar\/?p=19069#article","isPartOf":{"@id":"https:\/\/nuevodigitaldeescobar.com.ar\/?p=19069"},"author":{"name":"Redacci\u00f3n","@id":"https:\/\/nuevodigitaldeescobar.com.ar\/#\/schema\/person\/035e90a8efe9a80e6eec22656ad6ea4c"},"headline":"Nuevamente aumentan las tarifas del transporte: en Provincia el ajuste trepa al 14,8% y supera a la inflaci\u00f3n por decisi\u00f3n de Kicillof","datePublished":"2025-11-30T13:17:29+00:00","dateModified":"2025-11-30T13:37:49+00:00","mainEntityOfPage":{"@id":"https:\/\/nuevodigitaldeescobar.com.ar\/?p=19069"},"wordCount":613,"commentCount":0,"publisher":{"@id":"https:\/\/nuevodigitaldeescobar.com.ar\/#organization"},"image":{"@id":"https:\/\/nuevodigitaldeescobar.com.ar\/?p=19069#primaryimage"},"thumbnailUrl":"https:\/\/nuevodigitaldeescobar.com.ar\/wp-content\/uploads\/2024\/07\/colectivo-transporte-e1721864258782.jpg","articleSection":["Econom\u00eda"],"inLanguage":"es","potentialAction":[{"@type":"CommentAction","name":"Comment","target":["https:\/\/nuevodigitaldeescobar.com.ar\/?p=19069#respond"]}]},{"@type":"WebPage","@id":"https:\/\/nuevodigitaldeescobar.com.ar\/?p=19069","url":"https:\/\/nuevodigitaldeescobar.com.ar\/?p=19069","name":"Nuevamente aumentan las tarifas del transporte: en Provincia el ajuste trepa al 14,8% y supera a la inflaci\u00f3n por decisi\u00f3n de Kicillof - Nuevo Digital de Escobar","isPartOf":{"@id":"https:\/\/nuevodigitaldeescobar.com.ar\/#website"},"primaryImageOfPage":{"@id":"https:\/\/nuevodigitaldeescobar.com.ar\/?p=19069#primaryimage"},"image":{"@id":"https:\/\/nuevodigitaldeescobar.com.ar\/?p=19069#primaryimage"},"thumbnailUrl":"https:\/\/nuevodigitaldeescobar.com.ar\/wp-content\/uploads\/2024\/07\/colectivo-transporte-e1721864258782.jpg","datePublished":"2025-11-30T13:17:29+00:00","dateModified":"2025-11-30T13:37:49+00:00","breadcrumb":{"@id":"https:\/\/nuevodigitaldeescobar.com.ar\/?p=19069#breadcrumb"},"inLanguage":"es","potentialAction":[{"@type":"ReadAction","target":["https:\/\/nuevodigitaldeescobar.com.ar\/?p=19069"]}]},{"@type":"ImageObject","inLanguage":"es","@id":"https:\/\/nuevodigitaldeescobar.com.ar\/?p=19069#primaryimage","url":"https:\/\/nuevodigitaldeescobar.com.ar\/wp-content\/uploads\/2024\/07\/colectivo-transporte-e1721864258782.jpg","contentUrl":"https:\/\/nuevodigitaldeescobar.com.ar\/wp-content\/uploads\/2024\/07\/colectivo-transporte-e1721864258782.jpg","width":720,"height":462},{"@type":"BreadcrumbList","@id":"https:\/\/nuevodigitaldeescobar.com.ar\/?p=19069#breadcrumb","itemListElement":[{"@type":"ListItem","position":1,"name":"Portada","item":"https:\/\/nuevodigitaldeescobar.com.ar\/"},{"@type":"ListItem","position":2,"name":"Nuevamente aumentan las tarifas del transporte: en Provincia el ajuste trepa al 14,8% y supera a la inflaci\u00f3n por decisi\u00f3n de Kicillof"}]},{"@type":"WebSite","@id":"https:\/\/nuevodigitaldeescobar.com.ar\/#website","url":"https:\/\/nuevodigitaldeescobar.com.ar\/","name":"Nuevo Digital de Escobar","description":"La vida escobarense. Directora: Rosana Brunner","publisher":{"@id":"https:\/\/nuevodigitaldeescobar.com.ar\/#organization"},"potentialAction":[{"@type":"SearchAction","target":{"@type":"EntryPoint","urlTemplate":"https:\/\/nuevodigitaldeescobar.com.ar\/?s={search_term_string}"},"query-input":{"@type":"PropertyValueSpecification","valueRequired":true,"valueName":"search_term_string"}}],"inLanguage":"es"},{"@type":"Organization","@id":"https:\/\/nuevodigitaldeescobar.com.ar\/#organization","name":"Nuevo Digital de Escobar","url":"https:\/\/nuevodigitaldeescobar.com.ar\/","logo":{"@type":"ImageObject","inLanguage":"es","@id":"https:\/\/nuevodigitaldeescobar.com.ar\/#\/schema\/logo\/image\/","url":"https:\/\/nuevodigitaldeescobar.com.ar\/wp-content\/uploads\/2025\/05\/cropped-logo-nuevo2.jpg","contentUrl":"https:\/\/nuevodigitaldeescobar.com.ar\/wp-content\/uploads\/2025\/05\/cropped-logo-nuevo2.jpg","width":305,"height":305,"caption":"Nuevo Digital de Escobar"},"image":{"@id":"https:\/\/nuevodigitaldeescobar.com.ar\/#\/schema\/logo\/image\/"},"sameAs":["https:\/\/www.facebook.com\/NUEVODigitalDeEscobar","https:\/\/x.com\/nuevodigescobar","https:\/\/www.instagram.com\/nuevodigitaldeescobar"]},{"@type":"Person","@id":"https:\/\/nuevodigitaldeescobar.com.ar\/#\/schema\/person\/035e90a8efe9a80e6eec22656ad6ea4c","name":"Redacci\u00f3n","image":{"@type":"ImageObject","inLanguage":"es","@id":"https:\/\/nuevodigitaldeescobar.com.ar\/#\/schema\/person\/image\/","url":"https:\/\/secure.gravatar.com\/avatar\/8af8f40000c24e9eef3034f2be5998a372bb1389e64b1a4a36b3a7979142220d?s=96&d=mm&r=g","contentUrl":"https:\/\/secure.gravatar.com\/avatar\/8af8f40000c24e9eef3034f2be5998a372bb1389e64b1a4a36b3a7979142220d?s=96&d=mm&r=g","caption":"Redacci\u00f3n"},"sameAs":["http:\/\/nuevodigitaldeescobar.com.ar"],"url":"https:\/\/nuevodigitaldeescobar.com.ar\/?author=1"}]}},"featured_image_urls":{"full":["https:\/\/nuevodigitaldeescobar.com.ar\/wp-content\/uploads\/2024\/07\/colectivo-transporte-e1721864258782.jpg",720,462,false],"thumbnail":["https:\/\/nuevodigitaldeescobar.com.ar\/wp-content\/uploads\/2024\/07\/colectivo-transporte-150x150.jpg",150,150,true],"medium":["https:\/\/nuevodigitaldeescobar.com.ar\/wp-content\/uploads\/2024\/07\/colectivo-transporte-300x193.jpg",300,193,true],"medium_large":["https:\/\/nuevodigitaldeescobar.com.ar\/wp-content\/uploads\/2024\/07\/colectivo-transporte-768x493.jpg",640,411,true],"large":["https:\/\/nuevodigitaldeescobar.com.ar\/wp-content\/uploads\/2024\/07\/colectivo-transporte-1024x657.jpg",640,411,true],"1536x1536":["https:\/\/nuevodigitaldeescobar.com.ar\/wp-content\/uploads\/2024\/07\/colectivo-transporte-e1721864258782.jpg",720,462,false],"2048x2048":["https:\/\/nuevodigitaldeescobar.com.ar\/wp-content\/uploads\/2024\/07\/colectivo-transporte-e1721864258782.jpg",720,462,false]},"author_info":{"display_name":"Redacci\u00f3n","author_link":"https:\/\/nuevodigitaldeescobar.com.ar\/?author=1"},"category_info":"<a href=\"https:\/\/nuevodigitaldeescobar.com.ar\/?cat=10\" rel=\"category\">Econom\u00eda<\/a>","tag_info":"Econom\u00eda","comment_count":"0","_links":{"self":[{"href":"https:\/\/nuevodigitaldeescobar.com.ar\/index.php?rest_route=\/wp\/v2\/posts\/19069","targetHints":{"allow":["GET"]}}],"collection":[{"href":"https:\/\/nuevodigitaldeescobar.com.ar\/index.php?rest_route=\/wp\/v2\/posts"}],"about":[{"href":"https:\/\/nuevodigitaldeescobar.com.ar\/index.php?rest_route=\/wp\/v2\/types\/post"}],"author":[{"embeddable":true,"href":"https:\/\/nuevodigitaldeescobar.com.ar\/index.php?rest_route=\/wp\/v2\/users\/1"}],"replies":[{"embeddable":true,"href":"https:\/\/nuevodigitaldeescobar.com.ar\/index.php?rest_route=%2Fwp%2Fv2%2Fcomments&post=19069"}],"version-history":[{"count":2,"href":"https:\/\/nuevodigitaldeescobar.com.ar\/index.php?rest_route=\/wp\/v2\/posts\/19069\/revisions"}],"predecessor-version":[{"id":19074,"href":"https:\/\/nuevodigitaldeescobar.com.ar\/index.php?rest_route=\/wp\/v2\/posts\/19069\/revisions\/19074"}],"wp:featuredmedia":[{"embeddable":true,"href":"https:\/\/nuevodigitaldeescobar.com.ar\/index.php?rest_route=\/wp\/v2\/media\/6992"}],"wp:attachment":[{"href":"https:\/\/nuevodigitaldeescobar.com.ar\/index.php?rest_route=%2Fwp%2Fv2%2Fmedia&parent=19069"}],"wp:term":[{"taxonomy":"category","embeddable":true,"href":"https:\/\/nuevodigitaldeescobar.com.ar\/index.php?rest_route=%2Fwp%2Fv2%2Fcategories&post=19069"},{"taxonomy":"post_tag","embeddable":true,"href":"https:\/\/nuevodigitaldeescobar.com.ar\/index.php?rest_route=%2Fwp%2Fv2%2Ftags&post=19069"}],"curies":[{"name":"wp","href":"https:\/\/api.w.org\/{rel}","templated":true}]}}