{"id":19080,"date":"2025-12-01T10:38:17","date_gmt":"2025-12-01T13:38:17","guid":{"rendered":"https:\/\/nuevodigitaldeescobar.com.ar\/?p=19080"},"modified":"2025-12-01T10:38:48","modified_gmt":"2025-12-01T13:38:48","slug":"confirmaron-el-bono-de-70-000-para-jubilados-en-diciembre-cuanto-cobro-en-mano","status":"publish","type":"post","link":"https:\/\/nuevodigitaldeescobar.com.ar\/?p=19080","title":{"rendered":"Confirmaron el bono de $70.000 para jubilados en diciembre. \u00bfCu\u00e1nto cobro en mano?"},"content":{"rendered":"\n<p class=\"has-vivid-cyan-blue-color has-text-color has-link-color wp-elements-cd501246e416ab8778fc3fe06fd486ec\"><strong><em>El Gobierno nacional public\u00f3 hoy el Decreto 848\/2025 que oficializa el refuerzo econ\u00f3mico. Sumado al aumento del 2,34%, detallamos c\u00f3mo quedan las escalas para jubilaciones m\u00ednimas, PUAM y Pensiones No Contributivas en este cierre de a\u00f1o.<\/em><\/strong><\/p>\n\n\n\n<!--more-->\n\n\n\n<p>La incertidumbre sobre los haberes de fin de a\u00f1o lleg\u00f3 a su fin esta madrugada. A trav\u00e9s del Bolet\u00edn Oficial, el Gobierno nacional confirm\u00f3 mediante el <strong>Decreto 848\/2025<\/strong> el pago de un <strong>bono extraordinario de $70.000<\/strong> destinado a jubilados y pensionados. Esta medida busca compensar la p\u00e9rdida de poder adquisitivo frente a la inflaci\u00f3n y beneficiar\u00e1 principalmente a quienes perciben los haberes m\u00ednimos.<\/p>\n\n\n\n<p>Este refuerzo se suma a la actualizaci\u00f3n del <strong>2,34%<\/strong> en los haberes (correspondiente a la inflaci\u00f3n de octubre), dejando establecida una nueva base para el c\u00e1lculo de los ingresos de diciembre.<\/p>\n\n\n\n<h3 class=\"wp-block-heading has-text-color has-link-color wp-elements-d131a179ded11059b740e8ed750d5c8d\" style=\"color:#1a2cbb\">Las Cifras Claras: \u00bfCu\u00e1nto vas a cobrar en total?<\/h3>\n\n\n\n<p>Para despejar dudas, desglosamos los montos finales que percibir\u00e1n los distintos grupos de beneficiarios en diciembre, <strong>sumando el haber mensual m\u00e1s el bono extraordinario<\/strong>:<\/p>\n\n\n\n<ul class=\"wp-block-list\">\n<li><strong>Jubilaci\u00f3n M\u00ednima:<\/strong>\n<ul class=\"wp-block-list\">\n<li>Haber base: <strong>$340.879,59<\/strong><\/li>\n\n\n\n<li>Bono extra: <strong>$70.000<\/strong><\/li>\n\n\n\n<li><strong>TOTAL A COBRAR:<\/strong> <strong>$410.879,59<\/strong> <em>(M\u00e1s el medio aguinaldo)<\/em>.<\/li>\n<\/ul>\n<\/li>\n\n\n\n<li><strong>Pensi\u00f3n Universal para el Adulto Mayor (PUAM):<\/strong>\n<ul class=\"wp-block-list\">\n<li>Haber base: <strong>$272.703,67<\/strong><\/li>\n\n\n\n<li>Bono extra: <strong>$70.000<\/strong><\/li>\n\n\n\n<li><strong>TOTAL A COBRAR:<\/strong> <strong>$342.703,67<\/strong> <em>(M\u00e1s el medio aguinaldo)<\/em>.<\/li>\n<\/ul>\n<\/li>\n\n\n\n<li><strong>Jubilaciones Superiores a la M\u00ednima:<\/strong>\n<ul class=\"wp-block-list\">\n<li>Quienes cobren por encima de los $340.879,59 recibir\u00e1n un <strong>bono proporcional<\/strong> hasta alcanzar el tope establecido.<\/li>\n\n\n\n<li>El <strong>Haber M\u00e1ximo<\/strong> qued\u00f3 fijado en <strong>$2.293.796,92<\/strong>.<\/li>\n<\/ul>\n<\/li>\n<\/ul>\n\n\n\n<h3 class=\"wp-block-heading has-text-color has-link-color wp-elements-9b4d057ea0ec84628a75564a57851b1f\" style=\"color:#1a2cbb\">El dato clave sobre el Aguinaldo<\/h3>\n\n\n\n<p>Es importante aclarar una confusi\u00f3n recurrente: <strong>el bono de $70.000 no se toma en cuenta para el c\u00e1lculo del Sueldo Anual Complementario (Aguinaldo)<\/strong>.<\/p>\n\n\n\n<p>La normativa especifica que el bono<em> \u00abno ser\u00e1 susceptible de descuento alguno ni computable para ning\u00fan otro concepto\u00bb<\/em>. Por lo tanto, el medio aguinaldo que se abona este mes se calcular\u00e1 <strong>exclusivamente sobre el haber base<\/strong> (sin el bono).<\/p>\n\n\n\n<h4 class=\"wp-block-heading\"><strong>Alcance de la medida<\/strong><\/h4>\n\n\n\n<p>El beneficio alcanza a todos los titulares de prestaciones contributivas previsionales de ANSES, as\u00ed como a los beneficiarios de la PUAM y de Pensiones No Contributivas (PNC) por vejez, invalidez y madres de siete hijos. El pago se realizar\u00e1 en las fechas habituales del calendario de ANSES de diciembre.<\/p>\n","protected":false},"excerpt":{"rendered":"<p>El Gobierno nacional public\u00f3 hoy el Decreto 848\/2025 que oficializa el refuerzo econ\u00f3mico. Sumado al aumento del 2,34%, detallamos c\u00f3mo quedan las escalas para jubilaciones [&hellip;]<\/p>\n","protected":false},"author":1,"featured_media":2845,"comment_status":"open","ping_status":"open","sticky":false,"template":"","format":"standard","meta":{"footnotes":""},"categories":[10],"tags":[],"class_list":["post-19080","post","type-post","status-publish","format-standard","has-post-thumbnail","hentry","category-economia"],"better_featured_image":{"id":2845,"alt_text":"","caption":"","description":"","media_type":"image","media_details":{"width":720,"height":540,"file":"2024\/01\/jubilados-e1706112074148.jpg","filesize":86384,"sizes":{"medium":{"file":"jubilados-300x225.jpg","width":300,"height":225,"mime-type":"image\/jpeg","filesize":16142,"source_url":"https:\/\/nuevodigitaldeescobar.com.ar\/wp-content\/uploads\/2024\/01\/jubilados-300x225.jpg"},"thumbnail":{"file":"jubilados-150x150.jpg","width":150,"height":150,"mime-type":"image\/jpeg","filesize":6741,"source_url":"https:\/\/nuevodigitaldeescobar.com.ar\/wp-content\/uploads\/2024\/01\/jubilados-150x150.jpg"},"medium_large":{"file":"jubilados-768x576.jpg","width":768,"height":576,"mime-type":"image\/jpeg","filesize":58029,"source_url":"https:\/\/nuevodigitaldeescobar.com.ar\/wp-content\/uploads\/2024\/01\/jubilados-768x576.jpg"},"covernews-slider-center":{"file":"jubilados-800x500.jpg","width":800,"height":500,"mime-type":"image\/jpeg","filesize":55171,"source_url":"https:\/\/nuevodigitaldeescobar.com.ar\/wp-content\/uploads\/2024\/01\/jubilados-800x500.jpg"},"covernews-medium":{"file":"jubilados-540x340.jpg","width":540,"height":340,"mime-type":"image\/jpeg","filesize":31692,"source_url":"https:\/\/nuevodigitaldeescobar.com.ar\/wp-content\/uploads\/2024\/01\/jubilados-540x340.jpg"},"covernews-medium-square":{"file":"jubilados-400x250.jpg","width":400,"height":250,"mime-type":"image\/jpeg","filesize":20605,"source_url":"https:\/\/nuevodigitaldeescobar.com.ar\/wp-content\/uploads\/2024\/01\/jubilados-400x250.jpg"}},"image_meta":{"aperture":"0","credit":"","camera":"","caption":"","created_timestamp":"0","copyright":"","focal_length":"0","iso":"0","shutter_speed":"0","title":"","orientation":"0","keywords":[]}},"post":2844,"source_url":"https:\/\/nuevodigitaldeescobar.com.ar\/wp-content\/uploads\/2024\/01\/jubilados-e1706112074148.jpg"},"yoast_head":"<!-- This site is optimized with the Yoast SEO plugin v26.1.1 - https:\/\/yoast.com\/wordpress\/plugins\/seo\/ -->\n<title>Confirmaron el bono de $70.000 para jubilados en diciembre. \u00bfCu\u00e1nto cobro en mano? - Nuevo Digital de Escobar<\/title>\n<meta name=\"robots\" content=\"index, follow, max-snippet:-1, max-image-preview:large, max-video-preview:-1\" \/>\n<link rel=\"canonical\" href=\"https:\/\/nuevodigitaldeescobar.com.ar\/?p=19080\" \/>\n<meta property=\"og:locale\" content=\"es_ES\" \/>\n<meta property=\"og:type\" content=\"article\" \/>\n<meta property=\"og:title\" content=\"Confirmaron el bono de $70.000 para jubilados en diciembre. \u00bfCu\u00e1nto cobro en mano? - Nuevo Digital de Escobar\" \/>\n<meta property=\"og:description\" content=\"El Gobierno nacional public\u00f3 hoy el Decreto 848\/2025 que oficializa el refuerzo econ\u00f3mico. Sumado al aumento del 2,34%, detallamos c\u00f3mo quedan las escalas para jubilaciones [&hellip;]\" \/>\n<meta property=\"og:url\" content=\"https:\/\/nuevodigitaldeescobar.com.ar\/?p=19080\" \/>\n<meta property=\"og:site_name\" content=\"Nuevo Digital de Escobar\" \/>\n<meta property=\"article:publisher\" content=\"https:\/\/www.facebook.com\/NUEVODigitalDeEscobar\" \/>\n<meta property=\"article:published_time\" content=\"2025-12-01T13:38:17+00:00\" \/>\n<meta property=\"article:modified_time\" content=\"2025-12-01T13:38:48+00:00\" \/>\n<meta property=\"og:image\" content=\"http:\/\/nuevodigitaldeescobar.com.ar\/wp-content\/uploads\/2024\/01\/jubilados-e1706112074148.jpg\" \/>\n\t<meta property=\"og:image:width\" content=\"720\" \/>\n\t<meta property=\"og:image:height\" content=\"540\" \/>\n\t<meta property=\"og:image:type\" content=\"image\/jpeg\" \/>\n<meta name=\"author\" content=\"Redacci\u00f3n\" \/>\n<meta name=\"twitter:card\" content=\"summary_large_image\" \/>\n<meta name=\"twitter:creator\" content=\"@nuevodigescobar\" \/>\n<meta name=\"twitter:site\" content=\"@nuevodigescobar\" \/>\n<meta name=\"twitter:label1\" content=\"Escrito por\" \/>\n\t<meta name=\"twitter:data1\" content=\"Redacci\u00f3n\" \/>\n\t<meta name=\"twitter:label2\" content=\"Tiempo de lectura\" \/>\n\t<meta name=\"twitter:data2\" content=\"2 minutos\" \/>\n<script type=\"application\/ld+json\" class=\"yoast-schema-graph\">{\"@context\":\"https:\/\/schema.org\",\"@graph\":[{\"@type\":\"Article\",\"@id\":\"https:\/\/nuevodigitaldeescobar.com.ar\/?p=19080#article\",\"isPartOf\":{\"@id\":\"https:\/\/nuevodigitaldeescobar.com.ar\/?p=19080\"},\"author\":{\"name\":\"Redacci\u00f3n\",\"@id\":\"https:\/\/nuevodigitaldeescobar.com.ar\/#\/schema\/person\/035e90a8efe9a80e6eec22656ad6ea4c\"},\"headline\":\"Confirmaron el bono de $70.000 para jubilados en diciembre. \u00bfCu\u00e1nto cobro en mano?\",\"datePublished\":\"2025-12-01T13:38:17+00:00\",\"dateModified\":\"2025-12-01T13:38:48+00:00\",\"mainEntityOfPage\":{\"@id\":\"https:\/\/nuevodigitaldeescobar.com.ar\/?p=19080\"},\"wordCount\":375,\"commentCount\":0,\"publisher\":{\"@id\":\"https:\/\/nuevodigitaldeescobar.com.ar\/#organization\"},\"image\":{\"@id\":\"https:\/\/nuevodigitaldeescobar.com.ar\/?p=19080#primaryimage\"},\"thumbnailUrl\":\"https:\/\/nuevodigitaldeescobar.com.ar\/wp-content\/uploads\/2024\/01\/jubilados-e1706112074148.jpg\",\"articleSection\":[\"Econom\u00eda\"],\"inLanguage\":\"es\",\"potentialAction\":[{\"@type\":\"CommentAction\",\"name\":\"Comment\",\"target\":[\"https:\/\/nuevodigitaldeescobar.com.ar\/?p=19080#respond\"]}]},{\"@type\":\"WebPage\",\"@id\":\"https:\/\/nuevodigitaldeescobar.com.ar\/?p=19080\",\"url\":\"https:\/\/nuevodigitaldeescobar.com.ar\/?p=19080\",\"name\":\"Confirmaron el bono de $70.000 para jubilados en diciembre. \u00bfCu\u00e1nto cobro en mano? - Nuevo Digital de Escobar\",\"isPartOf\":{\"@id\":\"https:\/\/nuevodigitaldeescobar.com.ar\/#website\"},\"primaryImageOfPage\":{\"@id\":\"https:\/\/nuevodigitaldeescobar.com.ar\/?p=19080#primaryimage\"},\"image\":{\"@id\":\"https:\/\/nuevodigitaldeescobar.com.ar\/?p=19080#primaryimage\"},\"thumbnailUrl\":\"https:\/\/nuevodigitaldeescobar.com.ar\/wp-content\/uploads\/2024\/01\/jubilados-e1706112074148.jpg\",\"datePublished\":\"2025-12-01T13:38:17+00:00\",\"dateModified\":\"2025-12-01T13:38:48+00:00\",\"breadcrumb\":{\"@id\":\"https:\/\/nuevodigitaldeescobar.com.ar\/?p=19080#breadcrumb\"},\"inLanguage\":\"es\",\"potentialAction\":[{\"@type\":\"ReadAction\",\"target\":[\"https:\/\/nuevodigitaldeescobar.com.ar\/?p=19080\"]}]},{\"@type\":\"ImageObject\",\"inLanguage\":\"es\",\"@id\":\"https:\/\/nuevodigitaldeescobar.com.ar\/?p=19080#primaryimage\",\"url\":\"https:\/\/nuevodigitaldeescobar.com.ar\/wp-content\/uploads\/2024\/01\/jubilados-e1706112074148.jpg\",\"contentUrl\":\"https:\/\/nuevodigitaldeescobar.com.ar\/wp-content\/uploads\/2024\/01\/jubilados-e1706112074148.jpg\",\"width\":720,\"height\":540},{\"@type\":\"BreadcrumbList\",\"@id\":\"https:\/\/nuevodigitaldeescobar.com.ar\/?p=19080#breadcrumb\",\"itemListElement\":[{\"@type\":\"ListItem\",\"position\":1,\"name\":\"Portada\",\"item\":\"https:\/\/nuevodigitaldeescobar.com.ar\/\"},{\"@type\":\"ListItem\",\"position\":2,\"name\":\"Confirmaron el bono de $70.000 para jubilados en diciembre. \u00bfCu\u00e1nto cobro en mano?\"}]},{\"@type\":\"WebSite\",\"@id\":\"https:\/\/nuevodigitaldeescobar.com.ar\/#website\",\"url\":\"https:\/\/nuevodigitaldeescobar.com.ar\/\",\"name\":\"Nuevo Digital de Escobar\",\"description\":\"La vida escobarense. Directora: Rosana Brunner\",\"publisher\":{\"@id\":\"https:\/\/nuevodigitaldeescobar.com.ar\/#organization\"},\"potentialAction\":[{\"@type\":\"SearchAction\",\"target\":{\"@type\":\"EntryPoint\",\"urlTemplate\":\"https:\/\/nuevodigitaldeescobar.com.ar\/?s={search_term_string}\"},\"query-input\":{\"@type\":\"PropertyValueSpecification\",\"valueRequired\":true,\"valueName\":\"search_term_string\"}}],\"inLanguage\":\"es\"},{\"@type\":\"Organization\",\"@id\":\"https:\/\/nuevodigitaldeescobar.com.ar\/#organization\",\"name\":\"Nuevo Digital de Escobar\",\"url\":\"https:\/\/nuevodigitaldeescobar.com.ar\/\",\"logo\":{\"@type\":\"ImageObject\",\"inLanguage\":\"es\",\"@id\":\"https:\/\/nuevodigitaldeescobar.com.ar\/#\/schema\/logo\/image\/\",\"url\":\"https:\/\/nuevodigitaldeescobar.com.ar\/wp-content\/uploads\/2025\/05\/cropped-logo-nuevo2.jpg\",\"contentUrl\":\"https:\/\/nuevodigitaldeescobar.com.ar\/wp-content\/uploads\/2025\/05\/cropped-logo-nuevo2.jpg\",\"width\":305,\"height\":305,\"caption\":\"Nuevo Digital de Escobar\"},\"image\":{\"@id\":\"https:\/\/nuevodigitaldeescobar.com.ar\/#\/schema\/logo\/image\/\"},\"sameAs\":[\"https:\/\/www.facebook.com\/NUEVODigitalDeEscobar\",\"https:\/\/x.com\/nuevodigescobar\",\"https:\/\/www.instagram.com\/nuevodigitaldeescobar\"]},{\"@type\":\"Person\",\"@id\":\"https:\/\/nuevodigitaldeescobar.com.ar\/#\/schema\/person\/035e90a8efe9a80e6eec22656ad6ea4c\",\"name\":\"Redacci\u00f3n\",\"image\":{\"@type\":\"ImageObject\",\"inLanguage\":\"es\",\"@id\":\"https:\/\/nuevodigitaldeescobar.com.ar\/#\/schema\/person\/image\/\",\"url\":\"https:\/\/secure.gravatar.com\/avatar\/8af8f40000c24e9eef3034f2be5998a372bb1389e64b1a4a36b3a7979142220d?s=96&d=mm&r=g\",\"contentUrl\":\"https:\/\/secure.gravatar.com\/avatar\/8af8f40000c24e9eef3034f2be5998a372bb1389e64b1a4a36b3a7979142220d?s=96&d=mm&r=g\",\"caption\":\"Redacci\u00f3n\"},\"sameAs\":[\"http:\/\/nuevodigitaldeescobar.com.ar\"],\"url\":\"https:\/\/nuevodigitaldeescobar.com.ar\/?author=1\"}]}<\/script>\n<!-- \/ Yoast SEO plugin. -->","yoast_head_json":{"title":"Confirmaron el bono de $70.000 para jubilados en diciembre. \u00bfCu\u00e1nto cobro en mano? - Nuevo Digital de Escobar","robots":{"index":"index","follow":"follow","max-snippet":"max-snippet:-1","max-image-preview":"max-image-preview:large","max-video-preview":"max-video-preview:-1"},"canonical":"https:\/\/nuevodigitaldeescobar.com.ar\/?p=19080","og_locale":"es_ES","og_type":"article","og_title":"Confirmaron el bono de $70.000 para jubilados en diciembre. \u00bfCu\u00e1nto cobro en mano? - Nuevo Digital de Escobar","og_description":"El Gobierno nacional public\u00f3 hoy el Decreto 848\/2025 que oficializa el refuerzo econ\u00f3mico. Sumado al aumento del 2,34%, detallamos c\u00f3mo quedan las escalas para jubilaciones [&hellip;]","og_url":"https:\/\/nuevodigitaldeescobar.com.ar\/?p=19080","og_site_name":"Nuevo Digital de Escobar","article_publisher":"https:\/\/www.facebook.com\/NUEVODigitalDeEscobar","article_published_time":"2025-12-01T13:38:17+00:00","article_modified_time":"2025-12-01T13:38:48+00:00","og_image":[{"width":720,"height":540,"url":"http:\/\/nuevodigitaldeescobar.com.ar\/wp-content\/uploads\/2024\/01\/jubilados-e1706112074148.jpg","type":"image\/jpeg"}],"author":"Redacci\u00f3n","twitter_card":"summary_large_image","twitter_creator":"@nuevodigescobar","twitter_site":"@nuevodigescobar","twitter_misc":{"Escrito por":"Redacci\u00f3n","Tiempo de lectura":"2 minutos"},"schema":{"@context":"https:\/\/schema.org","@graph":[{"@type":"Article","@id":"https:\/\/nuevodigitaldeescobar.com.ar\/?p=19080#article","isPartOf":{"@id":"https:\/\/nuevodigitaldeescobar.com.ar\/?p=19080"},"author":{"name":"Redacci\u00f3n","@id":"https:\/\/nuevodigitaldeescobar.com.ar\/#\/schema\/person\/035e90a8efe9a80e6eec22656ad6ea4c"},"headline":"Confirmaron el bono de $70.000 para jubilados en diciembre. \u00bfCu\u00e1nto cobro en mano?","datePublished":"2025-12-01T13:38:17+00:00","dateModified":"2025-12-01T13:38:48+00:00","mainEntityOfPage":{"@id":"https:\/\/nuevodigitaldeescobar.com.ar\/?p=19080"},"wordCount":375,"commentCount":0,"publisher":{"@id":"https:\/\/nuevodigitaldeescobar.com.ar\/#organization"},"image":{"@id":"https:\/\/nuevodigitaldeescobar.com.ar\/?p=19080#primaryimage"},"thumbnailUrl":"https:\/\/nuevodigitaldeescobar.com.ar\/wp-content\/uploads\/2024\/01\/jubilados-e1706112074148.jpg","articleSection":["Econom\u00eda"],"inLanguage":"es","potentialAction":[{"@type":"CommentAction","name":"Comment","target":["https:\/\/nuevodigitaldeescobar.com.ar\/?p=19080#respond"]}]},{"@type":"WebPage","@id":"https:\/\/nuevodigitaldeescobar.com.ar\/?p=19080","url":"https:\/\/nuevodigitaldeescobar.com.ar\/?p=19080","name":"Confirmaron el bono de $70.000 para jubilados en diciembre. \u00bfCu\u00e1nto cobro en mano? - Nuevo Digital de Escobar","isPartOf":{"@id":"https:\/\/nuevodigitaldeescobar.com.ar\/#website"},"primaryImageOfPage":{"@id":"https:\/\/nuevodigitaldeescobar.com.ar\/?p=19080#primaryimage"},"image":{"@id":"https:\/\/nuevodigitaldeescobar.com.ar\/?p=19080#primaryimage"},"thumbnailUrl":"https:\/\/nuevodigitaldeescobar.com.ar\/wp-content\/uploads\/2024\/01\/jubilados-e1706112074148.jpg","datePublished":"2025-12-01T13:38:17+00:00","dateModified":"2025-12-01T13:38:48+00:00","breadcrumb":{"@id":"https:\/\/nuevodigitaldeescobar.com.ar\/?p=19080#breadcrumb"},"inLanguage":"es","potentialAction":[{"@type":"ReadAction","target":["https:\/\/nuevodigitaldeescobar.com.ar\/?p=19080"]}]},{"@type":"ImageObject","inLanguage":"es","@id":"https:\/\/nuevodigitaldeescobar.com.ar\/?p=19080#primaryimage","url":"https:\/\/nuevodigitaldeescobar.com.ar\/wp-content\/uploads\/2024\/01\/jubilados-e1706112074148.jpg","contentUrl":"https:\/\/nuevodigitaldeescobar.com.ar\/wp-content\/uploads\/2024\/01\/jubilados-e1706112074148.jpg","width":720,"height":540},{"@type":"BreadcrumbList","@id":"https:\/\/nuevodigitaldeescobar.com.ar\/?p=19080#breadcrumb","itemListElement":[{"@type":"ListItem","position":1,"name":"Portada","item":"https:\/\/nuevodigitaldeescobar.com.ar\/"},{"@type":"ListItem","position":2,"name":"Confirmaron el bono de $70.000 para jubilados en diciembre. \u00bfCu\u00e1nto cobro en mano?"}]},{"@type":"WebSite","@id":"https:\/\/nuevodigitaldeescobar.com.ar\/#website","url":"https:\/\/nuevodigitaldeescobar.com.ar\/","name":"Nuevo Digital de Escobar","description":"La vida escobarense. Directora: Rosana Brunner","publisher":{"@id":"https:\/\/nuevodigitaldeescobar.com.ar\/#organization"},"potentialAction":[{"@type":"SearchAction","target":{"@type":"EntryPoint","urlTemplate":"https:\/\/nuevodigitaldeescobar.com.ar\/?s={search_term_string}"},"query-input":{"@type":"PropertyValueSpecification","valueRequired":true,"valueName":"search_term_string"}}],"inLanguage":"es"},{"@type":"Organization","@id":"https:\/\/nuevodigitaldeescobar.com.ar\/#organization","name":"Nuevo Digital de Escobar","url":"https:\/\/nuevodigitaldeescobar.com.ar\/","logo":{"@type":"ImageObject","inLanguage":"es","@id":"https:\/\/nuevodigitaldeescobar.com.ar\/#\/schema\/logo\/image\/","url":"https:\/\/nuevodigitaldeescobar.com.ar\/wp-content\/uploads\/2025\/05\/cropped-logo-nuevo2.jpg","contentUrl":"https:\/\/nuevodigitaldeescobar.com.ar\/wp-content\/uploads\/2025\/05\/cropped-logo-nuevo2.jpg","width":305,"height":305,"caption":"Nuevo Digital de Escobar"},"image":{"@id":"https:\/\/nuevodigitaldeescobar.com.ar\/#\/schema\/logo\/image\/"},"sameAs":["https:\/\/www.facebook.com\/NUEVODigitalDeEscobar","https:\/\/x.com\/nuevodigescobar","https:\/\/www.instagram.com\/nuevodigitaldeescobar"]},{"@type":"Person","@id":"https:\/\/nuevodigitaldeescobar.com.ar\/#\/schema\/person\/035e90a8efe9a80e6eec22656ad6ea4c","name":"Redacci\u00f3n","image":{"@type":"ImageObject","inLanguage":"es","@id":"https:\/\/nuevodigitaldeescobar.com.ar\/#\/schema\/person\/image\/","url":"https:\/\/secure.gravatar.com\/avatar\/8af8f40000c24e9eef3034f2be5998a372bb1389e64b1a4a36b3a7979142220d?s=96&d=mm&r=g","contentUrl":"https:\/\/secure.gravatar.com\/avatar\/8af8f40000c24e9eef3034f2be5998a372bb1389e64b1a4a36b3a7979142220d?s=96&d=mm&r=g","caption":"Redacci\u00f3n"},"sameAs":["http:\/\/nuevodigitaldeescobar.com.ar"],"url":"https:\/\/nuevodigitaldeescobar.com.ar\/?author=1"}]}},"featured_image_urls":{"full":["https:\/\/nuevodigitaldeescobar.com.ar\/wp-content\/uploads\/2024\/01\/jubilados-e1706112074148.jpg",720,540,false],"thumbnail":["https:\/\/nuevodigitaldeescobar.com.ar\/wp-content\/uploads\/2024\/01\/jubilados-150x150.jpg",150,150,true],"medium":["https:\/\/nuevodigitaldeescobar.com.ar\/wp-content\/uploads\/2024\/01\/jubilados-300x225.jpg",300,225,true],"medium_large":["https:\/\/nuevodigitaldeescobar.com.ar\/wp-content\/uploads\/2024\/01\/jubilados-768x576.jpg",640,480,true],"large":["https:\/\/nuevodigitaldeescobar.com.ar\/wp-content\/uploads\/2024\/01\/jubilados-e1706112074148.jpg",640,480,false],"1536x1536":["https:\/\/nuevodigitaldeescobar.com.ar\/wp-content\/uploads\/2024\/01\/jubilados-e1706112074148.jpg",720,540,false],"2048x2048":["https:\/\/nuevodigitaldeescobar.com.ar\/wp-content\/uploads\/2024\/01\/jubilados-e1706112074148.jpg",720,540,false]},"author_info":{"display_name":"Redacci\u00f3n","author_link":"https:\/\/nuevodigitaldeescobar.com.ar\/?author=1"},"category_info":"<a href=\"https:\/\/nuevodigitaldeescobar.com.ar\/?cat=10\" rel=\"category\">Econom\u00eda<\/a>","tag_info":"Econom\u00eda","comment_count":"0","_links":{"self":[{"href":"https:\/\/nuevodigitaldeescobar.com.ar\/index.php?rest_route=\/wp\/v2\/posts\/19080","targetHints":{"allow":["GET"]}}],"collection":[{"href":"https:\/\/nuevodigitaldeescobar.com.ar\/index.php?rest_route=\/wp\/v2\/posts"}],"about":[{"href":"https:\/\/nuevodigitaldeescobar.com.ar\/index.php?rest_route=\/wp\/v2\/types\/post"}],"author":[{"embeddable":true,"href":"https:\/\/nuevodigitaldeescobar.com.ar\/index.php?rest_route=\/wp\/v2\/users\/1"}],"replies":[{"embeddable":true,"href":"https:\/\/nuevodigitaldeescobar.com.ar\/index.php?rest_route=%2Fwp%2Fv2%2Fcomments&post=19080"}],"version-history":[{"count":1,"href":"https:\/\/nuevodigitaldeescobar.com.ar\/index.php?rest_route=\/wp\/v2\/posts\/19080\/revisions"}],"predecessor-version":[{"id":19081,"href":"https:\/\/nuevodigitaldeescobar.com.ar\/index.php?rest_route=\/wp\/v2\/posts\/19080\/revisions\/19081"}],"wp:featuredmedia":[{"embeddable":true,"href":"https:\/\/nuevodigitaldeescobar.com.ar\/index.php?rest_route=\/wp\/v2\/media\/2845"}],"wp:attachment":[{"href":"https:\/\/nuevodigitaldeescobar.com.ar\/index.php?rest_route=%2Fwp%2Fv2%2Fmedia&parent=19080"}],"wp:term":[{"taxonomy":"category","embeddable":true,"href":"https:\/\/nuevodigitaldeescobar.com.ar\/index.php?rest_route=%2Fwp%2Fv2%2Fcategories&post=19080"},{"taxonomy":"post_tag","embeddable":true,"href":"https:\/\/nuevodigitaldeescobar.com.ar\/index.php?rest_route=%2Fwp%2Fv2%2Ftags&post=19080"}],"curies":[{"name":"wp","href":"https:\/\/api.w.org\/{rel}","templated":true}]}}