{"id":19082,"date":"2025-12-01T11:02:34","date_gmt":"2025-12-01T14:02:34","guid":{"rendered":"https:\/\/nuevodigitaldeescobar.com.ar\/?p=19082"},"modified":"2025-12-01T11:02:36","modified_gmt":"2025-12-01T14:02:36","slug":"adios-a-las-lluvias-y-ascenso-termico-como-seguira-el-tiempo-en-escobar-esta-semana","status":"publish","type":"post","link":"https:\/\/nuevodigitaldeescobar.com.ar\/?p=19082","title":{"rendered":"Adi\u00f3s a las lluvias y ascenso t\u00e9rmico: \u00bfC\u00f3mo seguir\u00e1 el tiempo en Escobar esta semana?"},"content":{"rendered":"\n<p class=\"has-vivid-cyan-blue-color has-text-color has-link-color wp-elements-8c4890f8ea2fc31dff581d61076b20a1\"><strong><em>Tras un fin de semana gris y pasado por agua, el Servicio Meteorol\u00f3gico Nacional anticipa una mejora progresiva. Se espera que el term\u00f3metro supere los 30 grados hacia el jueves, aunque la inestabilidad podr\u00eda regresar para el cierre de la semana.<\/em><\/strong><\/p>\n\n\n\n<!--more-->\n\n\n\n<p>El inicio de diciembre en Escobar y gran parte del AMBA estuvo marcado por la inestabilidad. Sin embargo, los paraguas y pilotos tienen las horas contadas. Seg\u00fan los \u00faltimos reportes, el sistema frontal que trajo el mal tiempo comienza a desplazarse hacia el norte, dando lugar a una rotaci\u00f3n de vientos que traer\u00e1 <strong>aire m\u00e1s c\u00e1lido y h\u00famedo<\/strong> a nuestra regi\u00f3n.<\/p>\n\n\n\n<p>Si bien este <strong>lunes<\/strong> arranc\u00f3 con un 40% de probabilidad de lluvias y un cielo cargado, el panorama ir\u00e1 limpi\u00e1ndose hacia la noche. La temperatura se mantendr\u00e1 fresca, con una m\u00e1xima que dif\u00edcilmente supere los 23 grados, ideal para ventilar los hogares tras la humedad acumulada.<\/p>\n\n\n\n<h3 class=\"wp-block-heading has-text-color has-link-color wp-elements-08cc411f57e132d722f4ce53c4af6316\" style=\"color:#1920a1\">La vuelta del \u00abveranito\u00bb<\/h3>\n\n\n\n<p>A partir de ma\u00f1ana, la situaci\u00f3n cambia dr\u00e1sticamente. La entrada de vientos del sector norte favorecer\u00e1 un ascenso t\u00e9rmico sostenido. El <strong>martes<\/strong> servir\u00e1 de transici\u00f3n, a\u00fan con nubes pero sin agua, mientras que el <strong>mi\u00e9rcoles<\/strong> marcar\u00e1 el punto de inflexi\u00f3n: el sol volver\u00e1 a ser protagonista en las localidades de Gar\u00edn, Maschwitz, Matheu y Bel\u00e9n, empujando el term\u00f3metro hacia arriba.<\/p>\n\n\n\n<p>Para el <strong>jueves<\/strong>, se esperan condiciones ideales para actividades al aire libre, con m\u00e1ximas tocando los <strong>30 grados<\/strong>. Sin embargo, el <strong>viernes<\/strong>, pese a ser el d\u00eda m\u00e1s caluroso de la semana (31\u00b0C), la inestabilidad podr\u00eda retornar por la tarde debido a un nuevo frente d\u00e9bil desde el Atl\u00e1ntico, trayendo la posibilidad de chaparrones aislados (menos de 10 mm) hacia la noche.<\/p>\n\n\n\n<hr class=\"wp-block-separator has-alpha-channel-opacity\"\/>\n\n\n\n<h3 class=\"wp-block-heading has-text-color has-link-color wp-elements-9c18cd2c6dc13881af13a6c41a4f12c9\" style=\"color:#1920a1\">Pron\u00f3stico Extendido para Escobar (Lunes a Viernes)<\/h3>\n\n\n\n<p>Aqu\u00ed detallamos el comportamiento del clima d\u00eda por d\u00eda para que organices tu semana:<\/p>\n\n\n\n<figure class=\"wp-block-table is-style-stripes\"><table class=\"has-vivid-cyan-blue-to-vivid-purple-gradient-background has-background has-fixed-layout\"><thead><tr><td><strong>D\u00eda<\/strong><\/td><td><strong>Estado del Cielo<\/strong><\/td><td><strong>Temp. Min \/ Max<\/strong><\/td><td><strong>Observaciones<\/strong><\/td><\/tr><\/thead><tbody><tr><td><strong>Lunes<\/strong><\/td><td>\ud83c\udf27\ufe0f Lluvias \/ Nublado<\/td><td><strong>17\u00b0C \/ 23\u00b0C<\/strong><\/td><td>Mejorando hacia la noche. Fresco.<\/td><\/tr><tr><td><strong>Martes<\/strong><\/td><td>\u2601\ufe0f Mayormente Nublado<\/td><td><strong>19\u00b0C \/ 27\u00b0C<\/strong><\/td><td>Sin lluvias. Viento rotando al Norte.<\/td><\/tr><tr><td><strong>Mi\u00e9rcoles<\/strong><\/td><td>\ud83c\udf24\ufe0f Soleado \/ Algo Nublado<\/td><td><strong>18\u00b0C \/ 28\u00b0C<\/strong><\/td><td>Aumento de temperatura. D\u00eda agradable.<\/td><\/tr><tr><td><strong>Jueves<\/strong><\/td><td>\u2600\ufe0f Soleado<\/td><td><strong>20\u00b0C \/ 30\u00b0C<\/strong><\/td><td>Calor de verano. Ideal aire libre.<\/td><\/tr><tr><td><strong>Viernes<\/strong><\/td><td>\ud83c\udf26\ufe0f Calor \/ Inestable<\/td><td><strong>21\u00b0C \/ 31\u00b0C<\/strong><\/td><td><strong>Pico de calor<\/strong>. Probables chaparrones a la tarde\/noche.<\/td><\/tr><\/tbody><\/table><\/figure>\n\n\n\n<hr class=\"wp-block-separator has-alpha-channel-opacity\"\/>\n\n\n\n<h3 class=\"wp-block-heading has-text-color has-link-color wp-elements-1bc5b0c8e51597f56875503ec80d272a\" style=\"color:#1920a1\">Alertas en el resto del pa\u00eds<\/h3>\n\n\n\n<p>Mientras el clima mejora en Buenos Aires, la situaci\u00f3n es distinta en el norte argentino.<\/p>\n\n\n\n<p>El SMN ha emitido alertas de nivel <strong>naranja y amarillo<\/strong> por tormentas fuertes para las provincias de <strong>Formosa, Chaco, Misiones, Corrientes y parte de Santa Fe<\/strong>. Se recomienda a quienes deban viajar a esas zonas extremar precauciones por posible ca\u00edda de granizo y actividad el\u00e9ctrica.<\/p>\n\n\n\n<p>Por otro lado, el extremo norte, espec\u00edficamente en <strong>Jujuy<\/strong>, vive la otra cara de la moneda: rige una <strong>alerta naranja por temperaturas extremas<\/strong>. Se aconseja hidrataci\u00f3n constante y evitar la exposici\u00f3n al sol entre las 10 y las 16 horas para evitar golpes de calor.<\/p>\n","protected":false},"excerpt":{"rendered":"<p>Tras un fin de semana gris y pasado por agua, el Servicio Meteorol\u00f3gico Nacional anticipa una mejora progresiva. Se espera que el term\u00f3metro supere los [&hellip;]<\/p>\n","protected":false},"author":1,"featured_media":17297,"comment_status":"open","ping_status":"open","sticky":false,"template":"","format":"standard","meta":{"footnotes":""},"categories":[14],"tags":[],"class_list":["post-19082","post","type-post","status-publish","format-standard","has-post-thumbnail","hentry","category-clima-medioambiente-y-sostenibilidad"],"better_featured_image":{"id":17297,"alt_text":"","caption":"","description":"","media_type":"image","media_details":{"width":1058,"height":572,"file":"2025\/08\/climainestable56.png","filesize":1087111,"sizes":{"medium":{"file":"climainestable56-300x162.png","width":300,"height":162,"mime-type":"image\/png","filesize":39820,"source_url":"https:\/\/nuevodigitaldeescobar.com.ar\/wp-content\/uploads\/2025\/08\/climainestable56-300x162.png"},"large":{"file":"climainestable56-1024x554.png","width":1024,"height":554,"mime-type":"image\/png","filesize":372311,"source_url":"https:\/\/nuevodigitaldeescobar.com.ar\/wp-content\/uploads\/2025\/08\/climainestable56-1024x554.png"},"thumbnail":{"file":"climainestable56-150x150.png","width":150,"height":150,"mime-type":"image\/png","filesize":19849,"source_url":"https:\/\/nuevodigitaldeescobar.com.ar\/wp-content\/uploads\/2025\/08\/climainestable56-150x150.png"},"medium_large":{"file":"climainestable56-768x415.png","width":768,"height":415,"mime-type":"image\/png","filesize":216906,"source_url":"https:\/\/nuevodigitaldeescobar.com.ar\/wp-content\/uploads\/2025\/08\/climainestable56-768x415.png"}},"image_meta":{"aperture":"0","credit":"","camera":"","caption":"","created_timestamp":"0","copyright":"","focal_length":"0","iso":"0","shutter_speed":"0","title":"","orientation":"0","keywords":[]}},"post":17296,"source_url":"https:\/\/nuevodigitaldeescobar.com.ar\/wp-content\/uploads\/2025\/08\/climainestable56.png"},"yoast_head":"<!-- This site is optimized with the Yoast SEO plugin v26.1.1 - https:\/\/yoast.com\/wordpress\/plugins\/seo\/ -->\n<title>Adi\u00f3s a las lluvias y ascenso t\u00e9rmico: \u00bfC\u00f3mo seguir\u00e1 el tiempo en Escobar esta semana? - Nuevo Digital de Escobar<\/title>\n<meta name=\"robots\" content=\"index, follow, max-snippet:-1, max-image-preview:large, max-video-preview:-1\" \/>\n<link rel=\"canonical\" href=\"https:\/\/nuevodigitaldeescobar.com.ar\/?p=19082\" \/>\n<meta property=\"og:locale\" content=\"es_ES\" \/>\n<meta property=\"og:type\" content=\"article\" \/>\n<meta property=\"og:title\" content=\"Adi\u00f3s a las lluvias y ascenso t\u00e9rmico: \u00bfC\u00f3mo seguir\u00e1 el tiempo en Escobar esta semana? - Nuevo Digital de Escobar\" \/>\n<meta property=\"og:description\" content=\"Tras un fin de semana gris y pasado por agua, el Servicio Meteorol\u00f3gico Nacional anticipa una mejora progresiva. Se espera que el term\u00f3metro supere los [&hellip;]\" \/>\n<meta property=\"og:url\" content=\"https:\/\/nuevodigitaldeescobar.com.ar\/?p=19082\" \/>\n<meta property=\"og:site_name\" content=\"Nuevo Digital de Escobar\" \/>\n<meta property=\"article:publisher\" content=\"https:\/\/www.facebook.com\/NUEVODigitalDeEscobar\" \/>\n<meta property=\"article:published_time\" content=\"2025-12-01T14:02:34+00:00\" \/>\n<meta property=\"article:modified_time\" content=\"2025-12-01T14:02:36+00:00\" \/>\n<meta property=\"og:image\" content=\"http:\/\/nuevodigitaldeescobar.com.ar\/wp-content\/uploads\/2025\/08\/climainestable56.png\" \/>\n\t<meta property=\"og:image:width\" content=\"1058\" \/>\n\t<meta property=\"og:image:height\" content=\"572\" \/>\n\t<meta property=\"og:image:type\" content=\"image\/png\" \/>\n<meta name=\"author\" content=\"Redacci\u00f3n\" \/>\n<meta name=\"twitter:card\" content=\"summary_large_image\" \/>\n<meta name=\"twitter:creator\" content=\"@nuevodigescobar\" \/>\n<meta name=\"twitter:site\" content=\"@nuevodigescobar\" \/>\n<meta name=\"twitter:label1\" content=\"Escrito por\" \/>\n\t<meta name=\"twitter:data1\" content=\"Redacci\u00f3n\" \/>\n\t<meta name=\"twitter:label2\" content=\"Tiempo de lectura\" \/>\n\t<meta name=\"twitter:data2\" content=\"3 minutos\" \/>\n<script type=\"application\/ld+json\" class=\"yoast-schema-graph\">{\"@context\":\"https:\/\/schema.org\",\"@graph\":[{\"@type\":\"Article\",\"@id\":\"https:\/\/nuevodigitaldeescobar.com.ar\/?p=19082#article\",\"isPartOf\":{\"@id\":\"https:\/\/nuevodigitaldeescobar.com.ar\/?p=19082\"},\"author\":{\"name\":\"Redacci\u00f3n\",\"@id\":\"https:\/\/nuevodigitaldeescobar.com.ar\/#\/schema\/person\/035e90a8efe9a80e6eec22656ad6ea4c\"},\"headline\":\"Adi\u00f3s a las lluvias y ascenso t\u00e9rmico: \u00bfC\u00f3mo seguir\u00e1 el tiempo en Escobar esta semana?\",\"datePublished\":\"2025-12-01T14:02:34+00:00\",\"dateModified\":\"2025-12-01T14:02:36+00:00\",\"mainEntityOfPage\":{\"@id\":\"https:\/\/nuevodigitaldeescobar.com.ar\/?p=19082\"},\"wordCount\":523,\"commentCount\":0,\"publisher\":{\"@id\":\"https:\/\/nuevodigitaldeescobar.com.ar\/#organization\"},\"image\":{\"@id\":\"https:\/\/nuevodigitaldeescobar.com.ar\/?p=19082#primaryimage\"},\"thumbnailUrl\":\"https:\/\/nuevodigitaldeescobar.com.ar\/wp-content\/uploads\/2025\/08\/climainestable56.png\",\"articleSection\":[\"Clima, Medioambiente y Sostenibilidad\"],\"inLanguage\":\"es\",\"potentialAction\":[{\"@type\":\"CommentAction\",\"name\":\"Comment\",\"target\":[\"https:\/\/nuevodigitaldeescobar.com.ar\/?p=19082#respond\"]}]},{\"@type\":\"WebPage\",\"@id\":\"https:\/\/nuevodigitaldeescobar.com.ar\/?p=19082\",\"url\":\"https:\/\/nuevodigitaldeescobar.com.ar\/?p=19082\",\"name\":\"Adi\u00f3s a las lluvias y ascenso t\u00e9rmico: \u00bfC\u00f3mo seguir\u00e1 el tiempo en Escobar esta semana? - Nuevo Digital de Escobar\",\"isPartOf\":{\"@id\":\"https:\/\/nuevodigitaldeescobar.com.ar\/#website\"},\"primaryImageOfPage\":{\"@id\":\"https:\/\/nuevodigitaldeescobar.com.ar\/?p=19082#primaryimage\"},\"image\":{\"@id\":\"https:\/\/nuevodigitaldeescobar.com.ar\/?p=19082#primaryimage\"},\"thumbnailUrl\":\"https:\/\/nuevodigitaldeescobar.com.ar\/wp-content\/uploads\/2025\/08\/climainestable56.png\",\"datePublished\":\"2025-12-01T14:02:34+00:00\",\"dateModified\":\"2025-12-01T14:02:36+00:00\",\"breadcrumb\":{\"@id\":\"https:\/\/nuevodigitaldeescobar.com.ar\/?p=19082#breadcrumb\"},\"inLanguage\":\"es\",\"potentialAction\":[{\"@type\":\"ReadAction\",\"target\":[\"https:\/\/nuevodigitaldeescobar.com.ar\/?p=19082\"]}]},{\"@type\":\"ImageObject\",\"inLanguage\":\"es\",\"@id\":\"https:\/\/nuevodigitaldeescobar.com.ar\/?p=19082#primaryimage\",\"url\":\"https:\/\/nuevodigitaldeescobar.com.ar\/wp-content\/uploads\/2025\/08\/climainestable56.png\",\"contentUrl\":\"https:\/\/nuevodigitaldeescobar.com.ar\/wp-content\/uploads\/2025\/08\/climainestable56.png\",\"width\":1058,\"height\":572},{\"@type\":\"BreadcrumbList\",\"@id\":\"https:\/\/nuevodigitaldeescobar.com.ar\/?p=19082#breadcrumb\",\"itemListElement\":[{\"@type\":\"ListItem\",\"position\":1,\"name\":\"Portada\",\"item\":\"https:\/\/nuevodigitaldeescobar.com.ar\/\"},{\"@type\":\"ListItem\",\"position\":2,\"name\":\"Adi\u00f3s a las lluvias y ascenso t\u00e9rmico: \u00bfC\u00f3mo seguir\u00e1 el tiempo en Escobar esta semana?\"}]},{\"@type\":\"WebSite\",\"@id\":\"https:\/\/nuevodigitaldeescobar.com.ar\/#website\",\"url\":\"https:\/\/nuevodigitaldeescobar.com.ar\/\",\"name\":\"Nuevo Digital de Escobar\",\"description\":\"La vida escobarense. Directora: Rosana Brunner\",\"publisher\":{\"@id\":\"https:\/\/nuevodigitaldeescobar.com.ar\/#organization\"},\"potentialAction\":[{\"@type\":\"SearchAction\",\"target\":{\"@type\":\"EntryPoint\",\"urlTemplate\":\"https:\/\/nuevodigitaldeescobar.com.ar\/?s={search_term_string}\"},\"query-input\":{\"@type\":\"PropertyValueSpecification\",\"valueRequired\":true,\"valueName\":\"search_term_string\"}}],\"inLanguage\":\"es\"},{\"@type\":\"Organization\",\"@id\":\"https:\/\/nuevodigitaldeescobar.com.ar\/#organization\",\"name\":\"Nuevo Digital de Escobar\",\"url\":\"https:\/\/nuevodigitaldeescobar.com.ar\/\",\"logo\":{\"@type\":\"ImageObject\",\"inLanguage\":\"es\",\"@id\":\"https:\/\/nuevodigitaldeescobar.com.ar\/#\/schema\/logo\/image\/\",\"url\":\"https:\/\/nuevodigitaldeescobar.com.ar\/wp-content\/uploads\/2025\/05\/cropped-logo-nuevo2.jpg\",\"contentUrl\":\"https:\/\/nuevodigitaldeescobar.com.ar\/wp-content\/uploads\/2025\/05\/cropped-logo-nuevo2.jpg\",\"width\":305,\"height\":305,\"caption\":\"Nuevo Digital de Escobar\"},\"image\":{\"@id\":\"https:\/\/nuevodigitaldeescobar.com.ar\/#\/schema\/logo\/image\/\"},\"sameAs\":[\"https:\/\/www.facebook.com\/NUEVODigitalDeEscobar\",\"https:\/\/x.com\/nuevodigescobar\",\"https:\/\/www.instagram.com\/nuevodigitaldeescobar\"]},{\"@type\":\"Person\",\"@id\":\"https:\/\/nuevodigitaldeescobar.com.ar\/#\/schema\/person\/035e90a8efe9a80e6eec22656ad6ea4c\",\"name\":\"Redacci\u00f3n\",\"image\":{\"@type\":\"ImageObject\",\"inLanguage\":\"es\",\"@id\":\"https:\/\/nuevodigitaldeescobar.com.ar\/#\/schema\/person\/image\/\",\"url\":\"https:\/\/secure.gravatar.com\/avatar\/8af8f40000c24e9eef3034f2be5998a372bb1389e64b1a4a36b3a7979142220d?s=96&d=mm&r=g\",\"contentUrl\":\"https:\/\/secure.gravatar.com\/avatar\/8af8f40000c24e9eef3034f2be5998a372bb1389e64b1a4a36b3a7979142220d?s=96&d=mm&r=g\",\"caption\":\"Redacci\u00f3n\"},\"sameAs\":[\"http:\/\/nuevodigitaldeescobar.com.ar\"],\"url\":\"https:\/\/nuevodigitaldeescobar.com.ar\/?author=1\"}]}<\/script>\n<!-- \/ Yoast SEO plugin. -->","yoast_head_json":{"title":"Adi\u00f3s a las lluvias y ascenso t\u00e9rmico: \u00bfC\u00f3mo seguir\u00e1 el tiempo en Escobar esta semana? - Nuevo Digital de Escobar","robots":{"index":"index","follow":"follow","max-snippet":"max-snippet:-1","max-image-preview":"max-image-preview:large","max-video-preview":"max-video-preview:-1"},"canonical":"https:\/\/nuevodigitaldeescobar.com.ar\/?p=19082","og_locale":"es_ES","og_type":"article","og_title":"Adi\u00f3s a las lluvias y ascenso t\u00e9rmico: \u00bfC\u00f3mo seguir\u00e1 el tiempo en Escobar esta semana? - Nuevo Digital de Escobar","og_description":"Tras un fin de semana gris y pasado por agua, el Servicio Meteorol\u00f3gico Nacional anticipa una mejora progresiva. Se espera que el term\u00f3metro supere los [&hellip;]","og_url":"https:\/\/nuevodigitaldeescobar.com.ar\/?p=19082","og_site_name":"Nuevo Digital de Escobar","article_publisher":"https:\/\/www.facebook.com\/NUEVODigitalDeEscobar","article_published_time":"2025-12-01T14:02:34+00:00","article_modified_time":"2025-12-01T14:02:36+00:00","og_image":[{"width":1058,"height":572,"url":"http:\/\/nuevodigitaldeescobar.com.ar\/wp-content\/uploads\/2025\/08\/climainestable56.png","type":"image\/png"}],"author":"Redacci\u00f3n","twitter_card":"summary_large_image","twitter_creator":"@nuevodigescobar","twitter_site":"@nuevodigescobar","twitter_misc":{"Escrito por":"Redacci\u00f3n","Tiempo de lectura":"3 minutos"},"schema":{"@context":"https:\/\/schema.org","@graph":[{"@type":"Article","@id":"https:\/\/nuevodigitaldeescobar.com.ar\/?p=19082#article","isPartOf":{"@id":"https:\/\/nuevodigitaldeescobar.com.ar\/?p=19082"},"author":{"name":"Redacci\u00f3n","@id":"https:\/\/nuevodigitaldeescobar.com.ar\/#\/schema\/person\/035e90a8efe9a80e6eec22656ad6ea4c"},"headline":"Adi\u00f3s a las lluvias y ascenso t\u00e9rmico: \u00bfC\u00f3mo seguir\u00e1 el tiempo en Escobar esta semana?","datePublished":"2025-12-01T14:02:34+00:00","dateModified":"2025-12-01T14:02:36+00:00","mainEntityOfPage":{"@id":"https:\/\/nuevodigitaldeescobar.com.ar\/?p=19082"},"wordCount":523,"commentCount":0,"publisher":{"@id":"https:\/\/nuevodigitaldeescobar.com.ar\/#organization"},"image":{"@id":"https:\/\/nuevodigitaldeescobar.com.ar\/?p=19082#primaryimage"},"thumbnailUrl":"https:\/\/nuevodigitaldeescobar.com.ar\/wp-content\/uploads\/2025\/08\/climainestable56.png","articleSection":["Clima, Medioambiente y Sostenibilidad"],"inLanguage":"es","potentialAction":[{"@type":"CommentAction","name":"Comment","target":["https:\/\/nuevodigitaldeescobar.com.ar\/?p=19082#respond"]}]},{"@type":"WebPage","@id":"https:\/\/nuevodigitaldeescobar.com.ar\/?p=19082","url":"https:\/\/nuevodigitaldeescobar.com.ar\/?p=19082","name":"Adi\u00f3s a las lluvias y ascenso t\u00e9rmico: \u00bfC\u00f3mo seguir\u00e1 el tiempo en Escobar esta semana? - Nuevo Digital de Escobar","isPartOf":{"@id":"https:\/\/nuevodigitaldeescobar.com.ar\/#website"},"primaryImageOfPage":{"@id":"https:\/\/nuevodigitaldeescobar.com.ar\/?p=19082#primaryimage"},"image":{"@id":"https:\/\/nuevodigitaldeescobar.com.ar\/?p=19082#primaryimage"},"thumbnailUrl":"https:\/\/nuevodigitaldeescobar.com.ar\/wp-content\/uploads\/2025\/08\/climainestable56.png","datePublished":"2025-12-01T14:02:34+00:00","dateModified":"2025-12-01T14:02:36+00:00","breadcrumb":{"@id":"https:\/\/nuevodigitaldeescobar.com.ar\/?p=19082#breadcrumb"},"inLanguage":"es","potentialAction":[{"@type":"ReadAction","target":["https:\/\/nuevodigitaldeescobar.com.ar\/?p=19082"]}]},{"@type":"ImageObject","inLanguage":"es","@id":"https:\/\/nuevodigitaldeescobar.com.ar\/?p=19082#primaryimage","url":"https:\/\/nuevodigitaldeescobar.com.ar\/wp-content\/uploads\/2025\/08\/climainestable56.png","contentUrl":"https:\/\/nuevodigitaldeescobar.com.ar\/wp-content\/uploads\/2025\/08\/climainestable56.png","width":1058,"height":572},{"@type":"BreadcrumbList","@id":"https:\/\/nuevodigitaldeescobar.com.ar\/?p=19082#breadcrumb","itemListElement":[{"@type":"ListItem","position":1,"name":"Portada","item":"https:\/\/nuevodigitaldeescobar.com.ar\/"},{"@type":"ListItem","position":2,"name":"Adi\u00f3s a las lluvias y ascenso t\u00e9rmico: \u00bfC\u00f3mo seguir\u00e1 el tiempo en Escobar esta semana?"}]},{"@type":"WebSite","@id":"https:\/\/nuevodigitaldeescobar.com.ar\/#website","url":"https:\/\/nuevodigitaldeescobar.com.ar\/","name":"Nuevo Digital de Escobar","description":"La vida escobarense. Directora: Rosana Brunner","publisher":{"@id":"https:\/\/nuevodigitaldeescobar.com.ar\/#organization"},"potentialAction":[{"@type":"SearchAction","target":{"@type":"EntryPoint","urlTemplate":"https:\/\/nuevodigitaldeescobar.com.ar\/?s={search_term_string}"},"query-input":{"@type":"PropertyValueSpecification","valueRequired":true,"valueName":"search_term_string"}}],"inLanguage":"es"},{"@type":"Organization","@id":"https:\/\/nuevodigitaldeescobar.com.ar\/#organization","name":"Nuevo Digital de Escobar","url":"https:\/\/nuevodigitaldeescobar.com.ar\/","logo":{"@type":"ImageObject","inLanguage":"es","@id":"https:\/\/nuevodigitaldeescobar.com.ar\/#\/schema\/logo\/image\/","url":"https:\/\/nuevodigitaldeescobar.com.ar\/wp-content\/uploads\/2025\/05\/cropped-logo-nuevo2.jpg","contentUrl":"https:\/\/nuevodigitaldeescobar.com.ar\/wp-content\/uploads\/2025\/05\/cropped-logo-nuevo2.jpg","width":305,"height":305,"caption":"Nuevo Digital de Escobar"},"image":{"@id":"https:\/\/nuevodigitaldeescobar.com.ar\/#\/schema\/logo\/image\/"},"sameAs":["https:\/\/www.facebook.com\/NUEVODigitalDeEscobar","https:\/\/x.com\/nuevodigescobar","https:\/\/www.instagram.com\/nuevodigitaldeescobar"]},{"@type":"Person","@id":"https:\/\/nuevodigitaldeescobar.com.ar\/#\/schema\/person\/035e90a8efe9a80e6eec22656ad6ea4c","name":"Redacci\u00f3n","image":{"@type":"ImageObject","inLanguage":"es","@id":"https:\/\/nuevodigitaldeescobar.com.ar\/#\/schema\/person\/image\/","url":"https:\/\/secure.gravatar.com\/avatar\/8af8f40000c24e9eef3034f2be5998a372bb1389e64b1a4a36b3a7979142220d?s=96&d=mm&r=g","contentUrl":"https:\/\/secure.gravatar.com\/avatar\/8af8f40000c24e9eef3034f2be5998a372bb1389e64b1a4a36b3a7979142220d?s=96&d=mm&r=g","caption":"Redacci\u00f3n"},"sameAs":["http:\/\/nuevodigitaldeescobar.com.ar"],"url":"https:\/\/nuevodigitaldeescobar.com.ar\/?author=1"}]}},"featured_image_urls":{"full":["https:\/\/nuevodigitaldeescobar.com.ar\/wp-content\/uploads\/2025\/08\/climainestable56.png",1058,572,false],"thumbnail":["https:\/\/nuevodigitaldeescobar.com.ar\/wp-content\/uploads\/2025\/08\/climainestable56-150x150.png",150,150,true],"medium":["https:\/\/nuevodigitaldeescobar.com.ar\/wp-content\/uploads\/2025\/08\/climainestable56-300x162.png",300,162,true],"medium_large":["https:\/\/nuevodigitaldeescobar.com.ar\/wp-content\/uploads\/2025\/08\/climainestable56-768x415.png",640,346,true],"large":["https:\/\/nuevodigitaldeescobar.com.ar\/wp-content\/uploads\/2025\/08\/climainestable56-1024x554.png",640,346,true],"1536x1536":["https:\/\/nuevodigitaldeescobar.com.ar\/wp-content\/uploads\/2025\/08\/climainestable56.png",1058,572,false],"2048x2048":["https:\/\/nuevodigitaldeescobar.com.ar\/wp-content\/uploads\/2025\/08\/climainestable56.png",1058,572,false]},"author_info":{"display_name":"Redacci\u00f3n","author_link":"https:\/\/nuevodigitaldeescobar.com.ar\/?author=1"},"category_info":"<a href=\"https:\/\/nuevodigitaldeescobar.com.ar\/?cat=14\" rel=\"category\">Clima, Medioambiente y Sostenibilidad<\/a>","tag_info":"Clima, Medioambiente y Sostenibilidad","comment_count":"0","_links":{"self":[{"href":"https:\/\/nuevodigitaldeescobar.com.ar\/index.php?rest_route=\/wp\/v2\/posts\/19082","targetHints":{"allow":["GET"]}}],"collection":[{"href":"https:\/\/nuevodigitaldeescobar.com.ar\/index.php?rest_route=\/wp\/v2\/posts"}],"about":[{"href":"https:\/\/nuevodigitaldeescobar.com.ar\/index.php?rest_route=\/wp\/v2\/types\/post"}],"author":[{"embeddable":true,"href":"https:\/\/nuevodigitaldeescobar.com.ar\/index.php?rest_route=\/wp\/v2\/users\/1"}],"replies":[{"embeddable":true,"href":"https:\/\/nuevodigitaldeescobar.com.ar\/index.php?rest_route=%2Fwp%2Fv2%2Fcomments&post=19082"}],"version-history":[{"count":1,"href":"https:\/\/nuevodigitaldeescobar.com.ar\/index.php?rest_route=\/wp\/v2\/posts\/19082\/revisions"}],"predecessor-version":[{"id":19083,"href":"https:\/\/nuevodigitaldeescobar.com.ar\/index.php?rest_route=\/wp\/v2\/posts\/19082\/revisions\/19083"}],"wp:featuredmedia":[{"embeddable":true,"href":"https:\/\/nuevodigitaldeescobar.com.ar\/index.php?rest_route=\/wp\/v2\/media\/17297"}],"wp:attachment":[{"href":"https:\/\/nuevodigitaldeescobar.com.ar\/index.php?rest_route=%2Fwp%2Fv2%2Fmedia&parent=19082"}],"wp:term":[{"taxonomy":"category","embeddable":true,"href":"https:\/\/nuevodigitaldeescobar.com.ar\/index.php?rest_route=%2Fwp%2Fv2%2Fcategories&post=19082"},{"taxonomy":"post_tag","embeddable":true,"href":"https:\/\/nuevodigitaldeescobar.com.ar\/index.php?rest_route=%2Fwp%2Fv2%2Ftags&post=19082"}],"curies":[{"name":"wp","href":"https:\/\/api.w.org\/{rel}","templated":true}]}}