{"id":19116,"date":"2025-12-03T13:46:46","date_gmt":"2025-12-03T16:46:46","guid":{"rendered":"https:\/\/nuevodigitaldeescobar.com.ar\/?p=19116"},"modified":"2025-12-03T13:46:49","modified_gmt":"2025-12-03T16:46:49","slug":"los-primeros-egresados-del-colegio-ramon-cereijo-recibieron-sus-diplomas","status":"publish","type":"post","link":"https:\/\/nuevodigitaldeescobar.com.ar\/?p=19116","title":{"rendered":"Los primeros egresados del Colegio Ram\u00f3n Cereijo recibieron sus diplomas"},"content":{"rendered":"\n<p>En una ceremonia cargada de emoci\u00f3n, los 117 alumnos de la primera cohorte del Colegio Preuniversitario Dr. Ram\u00f3n A. Cereijo recibieron sus diplomas en el Aula Magna de la Facultad de Derecho de la Universidad de Buenos Aires.<\/p>\n\n\n\n<!--more-->\n\n\n\n<p>Del acto participaron el intendente Ariel Sujarchuk, el rector de la Universidad de Buenos Aires, Ricardo Gelpi; el presidente del Consejo Superior Acad\u00e9mico del Colegio, Leandro Rodr\u00edguez y la rectora, Victoria Serruya; el secretario de Educaci\u00f3n Media, Hugo Granchetti; la secretaria acad\u00e9mica de la UBA, Mar\u00eda Catalina Nosiglia; y el exrector de la UBA, Ruben Hallu. Tambi\u00e9n acompa\u00f1aron miembros del Consejo Superior del Colegio; rectores y rectoras de colegios preuniversitarios; y el exrector del Colegio Nacional de Buenos Aires, Gustavo Zorzoli.<\/p>\n\n\n\n<p>\u201cCuando uno tiene sue\u00f1os, esos sue\u00f1os tienen convicciones, y si a esas convicciones le sumamos trabajo, constancia y esfuerzo, todo es posible. Este colegio educa en ese sentido. Ahora nos queda una responsabilidad enorme: cuidarlo, que contin\u00fae y siga creciendo. En un momento dif\u00edcil para la educaci\u00f3n p\u00fablica y el presupuesto universitario, valoro much\u00edsimo el aporte que se hace desde la UBA para que eso sea posible\u201d, expres\u00f3 Sujarchuk.<\/p>\n\n\n\n<p>Por su parte Gelpi afirm\u00f3: \u201cAlgo muy valioso ha sucedido: se uni\u00f3 la excelencia de la UBA con el compromiso y las ganas de educar del Municipio de Escobar, con su intendente a la cabeza. Es realmente \u00fanico que un gobierno municipal pueda articularse de esta manera con una universidad de la calidad de la UBA. Ojal\u00e1 podamos ver muchos m\u00e1s ejemplos de esta combinaci\u00f3n virtuosa entre gobierno y educaci\u00f3n p\u00fablica\u201d.<\/p>\n\n\n<div class=\"wp-block-image\">\n<figure class=\"aligncenter size-large\"><img fetchpriority=\"high\" decoding=\"async\" width=\"1024\" height=\"683\" src=\"http:\/\/nuevodigitaldeescobar.com.ar\/wp-content\/uploads\/2025\/12\/cereijo_acto-1024x683.jpeg\" alt=\"\" class=\"wp-image-19117\" srcset=\"https:\/\/nuevodigitaldeescobar.com.ar\/wp-content\/uploads\/2025\/12\/cereijo_acto-1024x683.jpeg 1024w, https:\/\/nuevodigitaldeescobar.com.ar\/wp-content\/uploads\/2025\/12\/cereijo_acto-300x200.jpeg 300w, https:\/\/nuevodigitaldeescobar.com.ar\/wp-content\/uploads\/2025\/12\/cereijo_acto-768x512.jpeg 768w, https:\/\/nuevodigitaldeescobar.com.ar\/wp-content\/uploads\/2025\/12\/cereijo_acto-1536x1024.jpeg 1536w, https:\/\/nuevodigitaldeescobar.com.ar\/wp-content\/uploads\/2025\/12\/cereijo_acto.jpeg 1920w\" sizes=\"(max-width: 1024px) 100vw, 1024px\" \/><\/figure><\/div>\n\n\n<p>En un momento especialmente conmovedor, el primer diploma de la ceremonia fue entregado a la mam\u00e1 de Matilda Angeleri, estudiante que cursaba el \u00faltimo a\u00f1o del Cereijo y que se quit\u00f3 la vida en el mes de septiembre pasado. El fallecimiento de la joven, que estaba en tratamiento psiqui\u00e1trico y recibi\u00f3 en todo momento el acompa\u00f1amiento de las autoridades, golpe\u00f3 muy duro en los estudiantes, profesores y directivos de la instituci\u00f3n. Por eso, a modo de homenaje, figura en las placas recordatorias colocadas en el edificio del colegio. Su familia subi\u00f3 al escenario y recibi\u00f3 el diploma de manos del intendente Ariel Sujarchuk, mientras las m\u00e1s de 1000 personas presentes estallaron en un aplauso cargado de amor y dolor por la terrible p\u00e9rdida.<\/p>\n\n\n\n<p>Durante el acto se entregaron tambi\u00e9n medallas al mejor promedio, al mejor compa\u00f1ero y al mejor desempe\u00f1o c\u00edvico-ciudadano, reconociendo no solo la excelencia acad\u00e9mica, sino tambi\u00e9n los valores humanos y el compromiso de esta camada hist\u00f3rica. Como gesto de identidad y pertenencia, cada egresado recibi\u00f3 adem\u00e1s un pin con el emblem\u00e1tico logo del Colegio Cereijo.<\/p>\n\n\n\n<p>\u201cHay algo que tiene el Cereijo que tienen todos los colegios de la UBA: la posibilidad de integraci\u00f3n, con distintos sectores, miradas y posibilidades. Esta heterogeneidad es clave en la excelencia del aprendizaje. Por eso les digo a los egresados que aprovechen haber tenido esa formaci\u00f3n y disfruten del t\u00edtulo que han conseguido porque se lo merecen\u201d, finaliz\u00f3 Sujarchuk.<\/p>\n","protected":false},"excerpt":{"rendered":"<p>En una ceremonia cargada de emoci\u00f3n, los 117 alumnos de la primera cohorte del Colegio Preuniversitario Dr. Ram\u00f3n A. Cereijo recibieron sus diplomas en el [&hellip;]<\/p>\n","protected":false},"author":1,"featured_media":19118,"comment_status":"open","ping_status":"open","sticky":false,"template":"","format":"standard","meta":{"footnotes":""},"categories":[4],"tags":[],"class_list":["post-19116","post","type-post","status-publish","format-standard","has-post-thumbnail","hentry","category-educacion"],"better_featured_image":{"id":19118,"alt_text":"","caption":"","description":"","media_type":"image","media_details":{"width":1920,"height":1080,"file":"2025\/12\/cereijo_diplomas.jpg","filesize":304259,"sizes":{"medium":{"file":"cereijo_diplomas-300x169.jpg","width":300,"height":169,"mime-type":"image\/jpeg","filesize":15827,"source_url":"https:\/\/nuevodigitaldeescobar.com.ar\/wp-content\/uploads\/2025\/12\/cereijo_diplomas-300x169.jpg"},"large":{"file":"cereijo_diplomas-1024x576.jpg","width":1024,"height":576,"mime-type":"image\/jpeg","filesize":118130,"source_url":"https:\/\/nuevodigitaldeescobar.com.ar\/wp-content\/uploads\/2025\/12\/cereijo_diplomas-1024x576.jpg"},"thumbnail":{"file":"cereijo_diplomas-150x150.jpg","width":150,"height":150,"mime-type":"image\/jpeg","filesize":7775,"source_url":"https:\/\/nuevodigitaldeescobar.com.ar\/wp-content\/uploads\/2025\/12\/cereijo_diplomas-150x150.jpg"},"medium_large":{"file":"cereijo_diplomas-768x432.jpg","width":768,"height":432,"mime-type":"image\/jpeg","filesize":73161,"source_url":"https:\/\/nuevodigitaldeescobar.com.ar\/wp-content\/uploads\/2025\/12\/cereijo_diplomas-768x432.jpg"},"1536x1536":{"file":"cereijo_diplomas-1536x864.jpg","width":1536,"height":864,"mime-type":"image\/jpeg","filesize":231962,"source_url":"https:\/\/nuevodigitaldeescobar.com.ar\/wp-content\/uploads\/2025\/12\/cereijo_diplomas-1536x864.jpg"}},"image_meta":{"aperture":"0","credit":"","camera":"","caption":"","created_timestamp":"0","copyright":"","focal_length":"0","iso":"0","shutter_speed":"0","title":"","orientation":"0","keywords":[]}},"post":19116,"source_url":"https:\/\/nuevodigitaldeescobar.com.ar\/wp-content\/uploads\/2025\/12\/cereijo_diplomas.jpg"},"yoast_head":"<!-- This site is optimized with the Yoast SEO plugin v26.1.1 - https:\/\/yoast.com\/wordpress\/plugins\/seo\/ -->\n<title>Los primeros egresados del Colegio Ram\u00f3n Cereijo recibieron sus diplomas - Nuevo Digital de Escobar<\/title>\n<meta name=\"description\" content=\"En una ceremonia cargada de emoci\u00f3n, los 117 alumnos de la primera cohorte del Colegio Preuniversitario Dr. Ram\u00f3n A. Cereijo recibieron sus diplomas en el Aula Magna de la Facultad de Derecho de la Universidad de Buenos Aires.\" \/>\n<meta name=\"robots\" content=\"index, follow, max-snippet:-1, max-image-preview:large, max-video-preview:-1\" \/>\n<link rel=\"canonical\" href=\"https:\/\/nuevodigitaldeescobar.com.ar\/?p=19116\" \/>\n<meta property=\"og:locale\" content=\"es_ES\" \/>\n<meta property=\"og:type\" content=\"article\" \/>\n<meta property=\"og:title\" content=\"Los primeros egresados del Colegio Ram\u00f3n Cereijo recibieron sus diplomas\" \/>\n<meta property=\"og:description\" content=\"En una ceremonia cargada de emoci\u00f3n, los 117 alumnos de la primera cohorte del Colegio Preuniversitario Dr. Ram\u00f3n A. Cereijo recibieron sus diplomas en el Aula Magna de la Facultad de Derecho de la Universidad de Buenos Aires.\" \/>\n<meta property=\"og:url\" content=\"https:\/\/nuevodigitaldeescobar.com.ar\/?p=19116\" \/>\n<meta property=\"og:site_name\" content=\"Nuevo Digital de Escobar\" \/>\n<meta property=\"article:publisher\" content=\"https:\/\/www.facebook.com\/NUEVODigitalDeEscobar\" \/>\n<meta property=\"article:published_time\" content=\"2025-12-03T16:46:46+00:00\" \/>\n<meta property=\"article:modified_time\" content=\"2025-12-03T16:46:49+00:00\" \/>\n<meta property=\"og:image\" content=\"http:\/\/nuevodigitaldeescobar.com.ar\/wp-content\/uploads\/2025\/12\/cereijo_diplomas.jpg\" \/>\n\t<meta property=\"og:image:width\" content=\"1920\" \/>\n\t<meta property=\"og:image:height\" content=\"1080\" \/>\n\t<meta property=\"og:image:type\" content=\"image\/jpeg\" \/>\n<meta name=\"author\" content=\"Redacci\u00f3n\" \/>\n<meta name=\"twitter:card\" content=\"summary_large_image\" \/>\n<meta name=\"twitter:creator\" content=\"@nuevodigescobar\" \/>\n<meta name=\"twitter:site\" content=\"@nuevodigescobar\" \/>\n<meta name=\"twitter:label1\" content=\"Escrito por\" \/>\n\t<meta name=\"twitter:data1\" content=\"Redacci\u00f3n\" \/>\n\t<meta name=\"twitter:label2\" content=\"Tiempo de lectura\" \/>\n\t<meta name=\"twitter:data2\" content=\"3 minutos\" \/>\n<script type=\"application\/ld+json\" class=\"yoast-schema-graph\">{\"@context\":\"https:\/\/schema.org\",\"@graph\":[{\"@type\":\"Article\",\"@id\":\"https:\/\/nuevodigitaldeescobar.com.ar\/?p=19116#article\",\"isPartOf\":{\"@id\":\"https:\/\/nuevodigitaldeescobar.com.ar\/?p=19116\"},\"author\":{\"name\":\"Redacci\u00f3n\",\"@id\":\"https:\/\/nuevodigitaldeescobar.com.ar\/#\/schema\/person\/035e90a8efe9a80e6eec22656ad6ea4c\"},\"headline\":\"Los primeros egresados del Colegio Ram\u00f3n Cereijo recibieron sus diplomas\",\"datePublished\":\"2025-12-03T16:46:46+00:00\",\"dateModified\":\"2025-12-03T16:46:49+00:00\",\"mainEntityOfPage\":{\"@id\":\"https:\/\/nuevodigitaldeescobar.com.ar\/?p=19116\"},\"wordCount\":543,\"commentCount\":0,\"publisher\":{\"@id\":\"https:\/\/nuevodigitaldeescobar.com.ar\/#organization\"},\"image\":{\"@id\":\"https:\/\/nuevodigitaldeescobar.com.ar\/?p=19116#primaryimage\"},\"thumbnailUrl\":\"https:\/\/nuevodigitaldeescobar.com.ar\/wp-content\/uploads\/2025\/12\/cereijo_diplomas.jpg\",\"articleSection\":[\"Educaci\u00f3n\"],\"inLanguage\":\"es\",\"potentialAction\":[{\"@type\":\"CommentAction\",\"name\":\"Comment\",\"target\":[\"https:\/\/nuevodigitaldeescobar.com.ar\/?p=19116#respond\"]}]},{\"@type\":\"WebPage\",\"@id\":\"https:\/\/nuevodigitaldeescobar.com.ar\/?p=19116\",\"url\":\"https:\/\/nuevodigitaldeescobar.com.ar\/?p=19116\",\"name\":\"Los primeros egresados del Colegio Ram\u00f3n Cereijo recibieron sus diplomas - Nuevo Digital de Escobar\",\"isPartOf\":{\"@id\":\"https:\/\/nuevodigitaldeescobar.com.ar\/#website\"},\"primaryImageOfPage\":{\"@id\":\"https:\/\/nuevodigitaldeescobar.com.ar\/?p=19116#primaryimage\"},\"image\":{\"@id\":\"https:\/\/nuevodigitaldeescobar.com.ar\/?p=19116#primaryimage\"},\"thumbnailUrl\":\"https:\/\/nuevodigitaldeescobar.com.ar\/wp-content\/uploads\/2025\/12\/cereijo_diplomas.jpg\",\"datePublished\":\"2025-12-03T16:46:46+00:00\",\"dateModified\":\"2025-12-03T16:46:49+00:00\",\"description\":\"En una ceremonia cargada de emoci\u00f3n, los 117 alumnos de la primera cohorte del Colegio Preuniversitario Dr. Ram\u00f3n A. Cereijo recibieron sus diplomas en el Aula Magna de la Facultad de Derecho de la Universidad de Buenos Aires.\",\"breadcrumb\":{\"@id\":\"https:\/\/nuevodigitaldeescobar.com.ar\/?p=19116#breadcrumb\"},\"inLanguage\":\"es\",\"potentialAction\":[{\"@type\":\"ReadAction\",\"target\":[\"https:\/\/nuevodigitaldeescobar.com.ar\/?p=19116\"]}]},{\"@type\":\"ImageObject\",\"inLanguage\":\"es\",\"@id\":\"https:\/\/nuevodigitaldeescobar.com.ar\/?p=19116#primaryimage\",\"url\":\"https:\/\/nuevodigitaldeescobar.com.ar\/wp-content\/uploads\/2025\/12\/cereijo_diplomas.jpg\",\"contentUrl\":\"https:\/\/nuevodigitaldeescobar.com.ar\/wp-content\/uploads\/2025\/12\/cereijo_diplomas.jpg\",\"width\":1920,\"height\":1080},{\"@type\":\"BreadcrumbList\",\"@id\":\"https:\/\/nuevodigitaldeescobar.com.ar\/?p=19116#breadcrumb\",\"itemListElement\":[{\"@type\":\"ListItem\",\"position\":1,\"name\":\"Portada\",\"item\":\"https:\/\/nuevodigitaldeescobar.com.ar\/\"},{\"@type\":\"ListItem\",\"position\":2,\"name\":\"Los primeros egresados del Colegio Ram\u00f3n Cereijo recibieron sus diplomas\"}]},{\"@type\":\"WebSite\",\"@id\":\"https:\/\/nuevodigitaldeescobar.com.ar\/#website\",\"url\":\"https:\/\/nuevodigitaldeescobar.com.ar\/\",\"name\":\"Nuevo Digital de Escobar\",\"description\":\"La vida escobarense. Directora: Rosana Brunner\",\"publisher\":{\"@id\":\"https:\/\/nuevodigitaldeescobar.com.ar\/#organization\"},\"potentialAction\":[{\"@type\":\"SearchAction\",\"target\":{\"@type\":\"EntryPoint\",\"urlTemplate\":\"https:\/\/nuevodigitaldeescobar.com.ar\/?s={search_term_string}\"},\"query-input\":{\"@type\":\"PropertyValueSpecification\",\"valueRequired\":true,\"valueName\":\"search_term_string\"}}],\"inLanguage\":\"es\"},{\"@type\":\"Organization\",\"@id\":\"https:\/\/nuevodigitaldeescobar.com.ar\/#organization\",\"name\":\"Nuevo Digital de Escobar\",\"url\":\"https:\/\/nuevodigitaldeescobar.com.ar\/\",\"logo\":{\"@type\":\"ImageObject\",\"inLanguage\":\"es\",\"@id\":\"https:\/\/nuevodigitaldeescobar.com.ar\/#\/schema\/logo\/image\/\",\"url\":\"https:\/\/nuevodigitaldeescobar.com.ar\/wp-content\/uploads\/2025\/05\/cropped-logo-nuevo2.jpg\",\"contentUrl\":\"https:\/\/nuevodigitaldeescobar.com.ar\/wp-content\/uploads\/2025\/05\/cropped-logo-nuevo2.jpg\",\"width\":305,\"height\":305,\"caption\":\"Nuevo Digital de Escobar\"},\"image\":{\"@id\":\"https:\/\/nuevodigitaldeescobar.com.ar\/#\/schema\/logo\/image\/\"},\"sameAs\":[\"https:\/\/www.facebook.com\/NUEVODigitalDeEscobar\",\"https:\/\/x.com\/nuevodigescobar\",\"https:\/\/www.instagram.com\/nuevodigitaldeescobar\"]},{\"@type\":\"Person\",\"@id\":\"https:\/\/nuevodigitaldeescobar.com.ar\/#\/schema\/person\/035e90a8efe9a80e6eec22656ad6ea4c\",\"name\":\"Redacci\u00f3n\",\"image\":{\"@type\":\"ImageObject\",\"inLanguage\":\"es\",\"@id\":\"https:\/\/nuevodigitaldeescobar.com.ar\/#\/schema\/person\/image\/\",\"url\":\"https:\/\/secure.gravatar.com\/avatar\/8af8f40000c24e9eef3034f2be5998a372bb1389e64b1a4a36b3a7979142220d?s=96&d=mm&r=g\",\"contentUrl\":\"https:\/\/secure.gravatar.com\/avatar\/8af8f40000c24e9eef3034f2be5998a372bb1389e64b1a4a36b3a7979142220d?s=96&d=mm&r=g\",\"caption\":\"Redacci\u00f3n\"},\"sameAs\":[\"http:\/\/nuevodigitaldeescobar.com.ar\"],\"url\":\"https:\/\/nuevodigitaldeescobar.com.ar\/?author=1\"}]}<\/script>\n<!-- \/ Yoast SEO plugin. -->","yoast_head_json":{"title":"Los primeros egresados del Colegio Ram\u00f3n Cereijo recibieron sus diplomas - Nuevo Digital de Escobar","description":"En una ceremonia cargada de emoci\u00f3n, los 117 alumnos de la primera cohorte del Colegio Preuniversitario Dr. Ram\u00f3n A. Cereijo recibieron sus diplomas en el Aula Magna de la Facultad de Derecho de la Universidad de Buenos Aires.","robots":{"index":"index","follow":"follow","max-snippet":"max-snippet:-1","max-image-preview":"max-image-preview:large","max-video-preview":"max-video-preview:-1"},"canonical":"https:\/\/nuevodigitaldeescobar.com.ar\/?p=19116","og_locale":"es_ES","og_type":"article","og_title":"Los primeros egresados del Colegio Ram\u00f3n Cereijo recibieron sus diplomas","og_description":"En una ceremonia cargada de emoci\u00f3n, los 117 alumnos de la primera cohorte del Colegio Preuniversitario Dr. Ram\u00f3n A. Cereijo recibieron sus diplomas en el Aula Magna de la Facultad de Derecho de la Universidad de Buenos Aires.","og_url":"https:\/\/nuevodigitaldeescobar.com.ar\/?p=19116","og_site_name":"Nuevo Digital de Escobar","article_publisher":"https:\/\/www.facebook.com\/NUEVODigitalDeEscobar","article_published_time":"2025-12-03T16:46:46+00:00","article_modified_time":"2025-12-03T16:46:49+00:00","og_image":[{"width":1920,"height":1080,"url":"http:\/\/nuevodigitaldeescobar.com.ar\/wp-content\/uploads\/2025\/12\/cereijo_diplomas.jpg","type":"image\/jpeg"}],"author":"Redacci\u00f3n","twitter_card":"summary_large_image","twitter_creator":"@nuevodigescobar","twitter_site":"@nuevodigescobar","twitter_misc":{"Escrito por":"Redacci\u00f3n","Tiempo de lectura":"3 minutos"},"schema":{"@context":"https:\/\/schema.org","@graph":[{"@type":"Article","@id":"https:\/\/nuevodigitaldeescobar.com.ar\/?p=19116#article","isPartOf":{"@id":"https:\/\/nuevodigitaldeescobar.com.ar\/?p=19116"},"author":{"name":"Redacci\u00f3n","@id":"https:\/\/nuevodigitaldeescobar.com.ar\/#\/schema\/person\/035e90a8efe9a80e6eec22656ad6ea4c"},"headline":"Los primeros egresados del Colegio Ram\u00f3n Cereijo recibieron sus diplomas","datePublished":"2025-12-03T16:46:46+00:00","dateModified":"2025-12-03T16:46:49+00:00","mainEntityOfPage":{"@id":"https:\/\/nuevodigitaldeescobar.com.ar\/?p=19116"},"wordCount":543,"commentCount":0,"publisher":{"@id":"https:\/\/nuevodigitaldeescobar.com.ar\/#organization"},"image":{"@id":"https:\/\/nuevodigitaldeescobar.com.ar\/?p=19116#primaryimage"},"thumbnailUrl":"https:\/\/nuevodigitaldeescobar.com.ar\/wp-content\/uploads\/2025\/12\/cereijo_diplomas.jpg","articleSection":["Educaci\u00f3n"],"inLanguage":"es","potentialAction":[{"@type":"CommentAction","name":"Comment","target":["https:\/\/nuevodigitaldeescobar.com.ar\/?p=19116#respond"]}]},{"@type":"WebPage","@id":"https:\/\/nuevodigitaldeescobar.com.ar\/?p=19116","url":"https:\/\/nuevodigitaldeescobar.com.ar\/?p=19116","name":"Los primeros egresados del Colegio Ram\u00f3n Cereijo recibieron sus diplomas - Nuevo Digital de Escobar","isPartOf":{"@id":"https:\/\/nuevodigitaldeescobar.com.ar\/#website"},"primaryImageOfPage":{"@id":"https:\/\/nuevodigitaldeescobar.com.ar\/?p=19116#primaryimage"},"image":{"@id":"https:\/\/nuevodigitaldeescobar.com.ar\/?p=19116#primaryimage"},"thumbnailUrl":"https:\/\/nuevodigitaldeescobar.com.ar\/wp-content\/uploads\/2025\/12\/cereijo_diplomas.jpg","datePublished":"2025-12-03T16:46:46+00:00","dateModified":"2025-12-03T16:46:49+00:00","description":"En una ceremonia cargada de emoci\u00f3n, los 117 alumnos de la primera cohorte del Colegio Preuniversitario Dr. Ram\u00f3n A. Cereijo recibieron sus diplomas en el Aula Magna de la Facultad de Derecho de la Universidad de Buenos Aires.","breadcrumb":{"@id":"https:\/\/nuevodigitaldeescobar.com.ar\/?p=19116#breadcrumb"},"inLanguage":"es","potentialAction":[{"@type":"ReadAction","target":["https:\/\/nuevodigitaldeescobar.com.ar\/?p=19116"]}]},{"@type":"ImageObject","inLanguage":"es","@id":"https:\/\/nuevodigitaldeescobar.com.ar\/?p=19116#primaryimage","url":"https:\/\/nuevodigitaldeescobar.com.ar\/wp-content\/uploads\/2025\/12\/cereijo_diplomas.jpg","contentUrl":"https:\/\/nuevodigitaldeescobar.com.ar\/wp-content\/uploads\/2025\/12\/cereijo_diplomas.jpg","width":1920,"height":1080},{"@type":"BreadcrumbList","@id":"https:\/\/nuevodigitaldeescobar.com.ar\/?p=19116#breadcrumb","itemListElement":[{"@type":"ListItem","position":1,"name":"Portada","item":"https:\/\/nuevodigitaldeescobar.com.ar\/"},{"@type":"ListItem","position":2,"name":"Los primeros egresados del Colegio Ram\u00f3n Cereijo recibieron sus diplomas"}]},{"@type":"WebSite","@id":"https:\/\/nuevodigitaldeescobar.com.ar\/#website","url":"https:\/\/nuevodigitaldeescobar.com.ar\/","name":"Nuevo Digital de Escobar","description":"La vida escobarense. Directora: Rosana Brunner","publisher":{"@id":"https:\/\/nuevodigitaldeescobar.com.ar\/#organization"},"potentialAction":[{"@type":"SearchAction","target":{"@type":"EntryPoint","urlTemplate":"https:\/\/nuevodigitaldeescobar.com.ar\/?s={search_term_string}"},"query-input":{"@type":"PropertyValueSpecification","valueRequired":true,"valueName":"search_term_string"}}],"inLanguage":"es"},{"@type":"Organization","@id":"https:\/\/nuevodigitaldeescobar.com.ar\/#organization","name":"Nuevo Digital de Escobar","url":"https:\/\/nuevodigitaldeescobar.com.ar\/","logo":{"@type":"ImageObject","inLanguage":"es","@id":"https:\/\/nuevodigitaldeescobar.com.ar\/#\/schema\/logo\/image\/","url":"https:\/\/nuevodigitaldeescobar.com.ar\/wp-content\/uploads\/2025\/05\/cropped-logo-nuevo2.jpg","contentUrl":"https:\/\/nuevodigitaldeescobar.com.ar\/wp-content\/uploads\/2025\/05\/cropped-logo-nuevo2.jpg","width":305,"height":305,"caption":"Nuevo Digital de Escobar"},"image":{"@id":"https:\/\/nuevodigitaldeescobar.com.ar\/#\/schema\/logo\/image\/"},"sameAs":["https:\/\/www.facebook.com\/NUEVODigitalDeEscobar","https:\/\/x.com\/nuevodigescobar","https:\/\/www.instagram.com\/nuevodigitaldeescobar"]},{"@type":"Person","@id":"https:\/\/nuevodigitaldeescobar.com.ar\/#\/schema\/person\/035e90a8efe9a80e6eec22656ad6ea4c","name":"Redacci\u00f3n","image":{"@type":"ImageObject","inLanguage":"es","@id":"https:\/\/nuevodigitaldeescobar.com.ar\/#\/schema\/person\/image\/","url":"https:\/\/secure.gravatar.com\/avatar\/8af8f40000c24e9eef3034f2be5998a372bb1389e64b1a4a36b3a7979142220d?s=96&d=mm&r=g","contentUrl":"https:\/\/secure.gravatar.com\/avatar\/8af8f40000c24e9eef3034f2be5998a372bb1389e64b1a4a36b3a7979142220d?s=96&d=mm&r=g","caption":"Redacci\u00f3n"},"sameAs":["http:\/\/nuevodigitaldeescobar.com.ar"],"url":"https:\/\/nuevodigitaldeescobar.com.ar\/?author=1"}]}},"featured_image_urls":{"full":["https:\/\/nuevodigitaldeescobar.com.ar\/wp-content\/uploads\/2025\/12\/cereijo_diplomas.jpg",1920,1080,false],"thumbnail":["https:\/\/nuevodigitaldeescobar.com.ar\/wp-content\/uploads\/2025\/12\/cereijo_diplomas-150x150.jpg",150,150,true],"medium":["https:\/\/nuevodigitaldeescobar.com.ar\/wp-content\/uploads\/2025\/12\/cereijo_diplomas-300x169.jpg",300,169,true],"medium_large":["https:\/\/nuevodigitaldeescobar.com.ar\/wp-content\/uploads\/2025\/12\/cereijo_diplomas-768x432.jpg",640,360,true],"large":["https:\/\/nuevodigitaldeescobar.com.ar\/wp-content\/uploads\/2025\/12\/cereijo_diplomas-1024x576.jpg",640,360,true],"1536x1536":["https:\/\/nuevodigitaldeescobar.com.ar\/wp-content\/uploads\/2025\/12\/cereijo_diplomas-1536x864.jpg",1536,864,true],"2048x2048":["https:\/\/nuevodigitaldeescobar.com.ar\/wp-content\/uploads\/2025\/12\/cereijo_diplomas.jpg",1920,1080,false]},"author_info":{"display_name":"Redacci\u00f3n","author_link":"https:\/\/nuevodigitaldeescobar.com.ar\/?author=1"},"category_info":"<a href=\"https:\/\/nuevodigitaldeescobar.com.ar\/?cat=4\" rel=\"category\">Educaci\u00f3n<\/a>","tag_info":"Educaci\u00f3n","comment_count":"0","_links":{"self":[{"href":"https:\/\/nuevodigitaldeescobar.com.ar\/index.php?rest_route=\/wp\/v2\/posts\/19116","targetHints":{"allow":["GET"]}}],"collection":[{"href":"https:\/\/nuevodigitaldeescobar.com.ar\/index.php?rest_route=\/wp\/v2\/posts"}],"about":[{"href":"https:\/\/nuevodigitaldeescobar.com.ar\/index.php?rest_route=\/wp\/v2\/types\/post"}],"author":[{"embeddable":true,"href":"https:\/\/nuevodigitaldeescobar.com.ar\/index.php?rest_route=\/wp\/v2\/users\/1"}],"replies":[{"embeddable":true,"href":"https:\/\/nuevodigitaldeescobar.com.ar\/index.php?rest_route=%2Fwp%2Fv2%2Fcomments&post=19116"}],"version-history":[{"count":1,"href":"https:\/\/nuevodigitaldeescobar.com.ar\/index.php?rest_route=\/wp\/v2\/posts\/19116\/revisions"}],"predecessor-version":[{"id":19119,"href":"https:\/\/nuevodigitaldeescobar.com.ar\/index.php?rest_route=\/wp\/v2\/posts\/19116\/revisions\/19119"}],"wp:featuredmedia":[{"embeddable":true,"href":"https:\/\/nuevodigitaldeescobar.com.ar\/index.php?rest_route=\/wp\/v2\/media\/19118"}],"wp:attachment":[{"href":"https:\/\/nuevodigitaldeescobar.com.ar\/index.php?rest_route=%2Fwp%2Fv2%2Fmedia&parent=19116"}],"wp:term":[{"taxonomy":"category","embeddable":true,"href":"https:\/\/nuevodigitaldeescobar.com.ar\/index.php?rest_route=%2Fwp%2Fv2%2Fcategories&post=19116"},{"taxonomy":"post_tag","embeddable":true,"href":"https:\/\/nuevodigitaldeescobar.com.ar\/index.php?rest_route=%2Fwp%2Fv2%2Ftags&post=19116"}],"curies":[{"name":"wp","href":"https:\/\/api.w.org\/{rel}","templated":true}]}}