{"id":19158,"date":"2025-12-07T23:47:54","date_gmt":"2025-12-08T02:47:54","guid":{"rendered":"https:\/\/nuevodigitaldeescobar.com.ar\/?p=19158"},"modified":"2025-12-07T23:48:06","modified_gmt":"2025-12-08T02:48:06","slug":"polemica-en-la-zona-norte-la-nueva-tasa-en-pilar-encarece-los-precios-y-desata-una-guerra-fiscal-con-nacion","status":"publish","type":"post","link":"https:\/\/nuevodigitaldeescobar.com.ar\/?p=19158","title":{"rendered":"Pol\u00e9mica en la Zona Norte: la nueva tasa en Pilar encarece los precios y desata una \u00abguerra\u00bb fiscal con Naci\u00f3n"},"content":{"rendered":"\n<p class=\"has-vivid-cyan-blue-color has-text-color has-link-color wp-elements-0b685a858a810fdecbd6a013282abb7a\"><strong><em>El municipio vecino modific\u00f3 el cobro de la Tasa de Protecci\u00f3n Ambiental, aplicando un 2% directo sobre las compras en supermercados y mayoristas. Supermercadistas advierten subas inmediatas en los tickets y el ministro Caputo critic\u00f3 la \u00abvoracidad fiscal\u00bb de los intendentes. \u00bfC\u00f3mo impacta en el consumo regional?<\/em><\/strong><\/p>\n\n\n\n<!--more-->\n\n\n\n<p>La decisi\u00f3n del Municipio de Pilar de modificar su esquema tributario ha generado un fuerte revuelo pol\u00edtico y econ\u00f3mico que trasciende las fronteras del distrito y pone en alerta a toda la Zona Norte. A partir de una reforma en la Ordenanza Fiscal, la \u00abTasa de Protecci\u00f3n Ambiental\u00bb dej\u00f3 de ser un monto fijo para convertirse en una al\u00edcuota del <strong>2% sobre la facturaci\u00f3n<\/strong> de grandes contribuyentes.<\/p>\n\n\n\n<p>En la pr\u00e1ctica, esto significa que cada vez que un consumidor \u2014sea de Pilar, Escobar o alrededores\u2014 realice una compra en un supermercado, mayorista o shopping de ese distrito, el ticket final tendr\u00e1 un recargo autom\u00e1tico.<\/p>\n\n\n\n<p><strong>El impacto directo en el bolsillo<\/strong> La medida, impulsada por la gesti\u00f3n del intendente Federico Ach\u00e1val, despert\u00f3 el rechazo inmediato de las c\u00e1maras empresariales. Desde la <strong>Asociaci\u00f3n de Supermercados Unidos (ASU)<\/strong> advirtieron que la falta de tiempo para implementar el sistema y la magnitud del impuesto se trasladar\u00e1n directamente a precios.<\/p>\n\n\n\n<p>Los ejemplos son contundentes, especialmente en v\u00edsperas de las Fiestas:<\/p>\n\n\n\n<ul class=\"wp-block-list\">\n<li>Una <strong>Canasta Navide\u00f1a<\/strong> de $10.000 pasar\u00e1 a costar $10.165 solo por esta tasa.<\/li>\n\n\n\n<li>En bienes durables el golpe es mayor: una <strong>heladera<\/strong> de $1.500.000 sufrir\u00e1 un aumento de casi <strong>$25.000<\/strong> adicionales.<\/li>\n<\/ul>\n\n\n\n<p>El cambio afecta no solo a los supermercados, sino tambi\u00e9n a hoteles, industrias y universidades privadas que act\u00faan como agentes de recaudaci\u00f3n. Sin embargo, los comercios de cercan\u00eda (almacenes, carnicer\u00edas o ferreter\u00edas) quedaron exentos de esta obligaci\u00f3n.<\/p>\n\n\n\n<h3 class=\"wp-block-heading has-text-color has-link-color wp-elements-0f11ecd9907777bbff4f8a6fe82a3780\" style=\"color:#1b34c2\">Cruce pol\u00edtico: \u00abNo van a aprender nunca\u00bb<\/h3>\n\n\n\n<p>La medida escal\u00f3 r\u00e1pidamente a la esfera nacional. El ministro de Econom\u00eda, <strong>Luis Caputo<\/strong>, utiliz\u00f3 sus redes sociales para apuntar contra los jefes comunales que aumentan la presi\u00f3n fiscal. <em>\u00abMientras trabajamos para bajar impuestos, los intendentes los suben como si nada. No les interesa la gente\u00bb<\/em>, dispar\u00f3 el funcionario, exponiendo la tensi\u00f3n entre la \u00abmotosierra\u00bb nacional y la necesidad de caja de los municipios ante la ca\u00edda de la coparticipaci\u00f3n.<\/p>\n\n\n\n<h3 class=\"wp-block-heading has-text-color has-link-color wp-elements-a612af7b6ffba39ad69aec9bafb17adb\" style=\"color:#1b34c2\">El laberinto de las tasas municipales<\/h3>\n\n\n\n<p>El caso de Pilar no es aislado, sino el s\u00edntoma de una problem\u00e1tica mayor: la \u00abadicci\u00f3n fiscal\u00bb de las comunas. Seg\u00fan un informe de la <strong>Uni\u00f3n Industrial Argentina (UIA)<\/strong>, las industrias pagan en promedio <strong>7,4 tasas municipales diferentes<\/strong>, muchas de las cuales no tienen una contraprestaci\u00f3n real de servicio (como barrido o seguridad), sino que funcionan como \u00abimpuestos encubiertos\u00bb sobre las ventas.<\/p>\n\n\n\n<p>Expertos del <strong>Iaraf<\/strong> (Instituto Argentino de An\u00e1lisis Fiscal) explican que, ante el recorte de fondos nacionales y provinciales, los municipios buscan recaudar de donde pueden. Esto genera distorsiones graves:<\/p>\n\n\n\n<ol start=\"1\" class=\"wp-block-list\">\n<li><strong>Encarece el cr\u00e9dito:<\/strong> Los bancos trasladan los costos de las tasas locales a las l\u00edneas de cr\u00e9dito de todo el pa\u00eds.<\/li>\n\n\n\n<li><strong>Doble imposici\u00f3n:<\/strong> Se paga tasa municipal e Ingresos Brutos provincial sobre la misma base.<\/li>\n\n\n\n<li><strong>Fuga de inversiones:<\/strong> Empresas como el Banco Naci\u00f3n ya han anunciado el cierre de sucursales en distritos con presi\u00f3n fiscal excesiva (como ocurri\u00f3 en La Matanza) para mudarse a municipios m\u00e1s amigables al capital, como Tres de Febrero.<\/li>\n<\/ol>\n\n\n\n<p>Mientras la discusi\u00f3n avanza, los consumidores de la regi\u00f3n deber\u00e1n prestar atenci\u00f3n a sus tickets de compra, en un fin de a\u00f1o donde la inflaci\u00f3n parec\u00eda ceder, pero los impuestos locales vuelven a presionar los precios hacia arriba.<\/p>\n","protected":false},"excerpt":{"rendered":"<p>El municipio vecino modific\u00f3 el cobro de la Tasa de Protecci\u00f3n Ambiental, aplicando un 2% directo sobre las compras en supermercados y mayoristas. Supermercadistas advierten [&hellip;]<\/p>\n","protected":false},"author":1,"featured_media":19159,"comment_status":"open","ping_status":"open","sticky":false,"template":"","format":"standard","meta":{"footnotes":""},"categories":[10],"tags":[],"class_list":["post-19158","post","type-post","status-publish","format-standard","has-post-thumbnail","hentry","category-economia"],"better_featured_image":{"id":19159,"alt_text":"","caption":"","description":"","media_type":"image","media_details":{"width":818,"height":592,"file":"2025\/12\/tasasmunicipales32.png","filesize":912876,"sizes":{"medium":{"file":"tasasmunicipales32-300x217.png","width":300,"height":217,"mime-type":"image\/png","filesize":53614,"source_url":"https:\/\/nuevodigitaldeescobar.com.ar\/wp-content\/uploads\/2025\/12\/tasasmunicipales32-300x217.png"},"thumbnail":{"file":"tasasmunicipales32-150x150.png","width":150,"height":150,"mime-type":"image\/png","filesize":20177,"source_url":"https:\/\/nuevodigitaldeescobar.com.ar\/wp-content\/uploads\/2025\/12\/tasasmunicipales32-150x150.png"},"medium_large":{"file":"tasasmunicipales32-768x556.png","width":768,"height":556,"mime-type":"image\/png","filesize":293440,"source_url":"https:\/\/nuevodigitaldeescobar.com.ar\/wp-content\/uploads\/2025\/12\/tasasmunicipales32-768x556.png"}},"image_meta":{"aperture":"0","credit":"","camera":"","caption":"","created_timestamp":"0","copyright":"","focal_length":"0","iso":"0","shutter_speed":"0","title":"","orientation":"0","keywords":[]}},"post":19158,"source_url":"https:\/\/nuevodigitaldeescobar.com.ar\/wp-content\/uploads\/2025\/12\/tasasmunicipales32.png"},"yoast_head":"<!-- This site is optimized with the Yoast SEO plugin v26.1.1 - https:\/\/yoast.com\/wordpress\/plugins\/seo\/ -->\n<title>Pol\u00e9mica en la Zona Norte: la nueva tasa en Pilar encarece los precios y desata una &quot;guerra&quot; fiscal con Naci\u00f3n - Nuevo Digital de Escobar<\/title>\n<meta name=\"robots\" content=\"index, follow, max-snippet:-1, max-image-preview:large, max-video-preview:-1\" \/>\n<link rel=\"canonical\" href=\"https:\/\/nuevodigitaldeescobar.com.ar\/?p=19158\" \/>\n<meta property=\"og:locale\" content=\"es_ES\" \/>\n<meta property=\"og:type\" content=\"article\" \/>\n<meta property=\"og:title\" content=\"Pol\u00e9mica en la Zona Norte: la nueva tasa en Pilar encarece los precios y desata una &quot;guerra&quot; fiscal con Naci\u00f3n - Nuevo Digital de Escobar\" \/>\n<meta property=\"og:description\" content=\"El municipio vecino modific\u00f3 el cobro de la Tasa de Protecci\u00f3n Ambiental, aplicando un 2% directo sobre las compras en supermercados y mayoristas. Supermercadistas advierten [&hellip;]\" \/>\n<meta property=\"og:url\" content=\"https:\/\/nuevodigitaldeescobar.com.ar\/?p=19158\" \/>\n<meta property=\"og:site_name\" content=\"Nuevo Digital de Escobar\" \/>\n<meta property=\"article:publisher\" content=\"https:\/\/www.facebook.com\/NUEVODigitalDeEscobar\" \/>\n<meta property=\"article:published_time\" content=\"2025-12-08T02:47:54+00:00\" \/>\n<meta property=\"article:modified_time\" content=\"2025-12-08T02:48:06+00:00\" \/>\n<meta property=\"og:image\" content=\"http:\/\/nuevodigitaldeescobar.com.ar\/wp-content\/uploads\/2025\/12\/tasasmunicipales32.png\" \/>\n\t<meta property=\"og:image:width\" content=\"818\" \/>\n\t<meta property=\"og:image:height\" content=\"592\" \/>\n\t<meta property=\"og:image:type\" content=\"image\/png\" \/>\n<meta name=\"author\" content=\"Redacci\u00f3n\" \/>\n<meta name=\"twitter:card\" content=\"summary_large_image\" \/>\n<meta name=\"twitter:creator\" content=\"@nuevodigescobar\" \/>\n<meta name=\"twitter:site\" content=\"@nuevodigescobar\" \/>\n<meta name=\"twitter:label1\" content=\"Escrito por\" \/>\n\t<meta name=\"twitter:data1\" content=\"Redacci\u00f3n\" \/>\n\t<meta name=\"twitter:label2\" content=\"Tiempo de lectura\" \/>\n\t<meta name=\"twitter:data2\" content=\"3 minutos\" \/>\n<script type=\"application\/ld+json\" class=\"yoast-schema-graph\">{\"@context\":\"https:\/\/schema.org\",\"@graph\":[{\"@type\":\"Article\",\"@id\":\"https:\/\/nuevodigitaldeescobar.com.ar\/?p=19158#article\",\"isPartOf\":{\"@id\":\"https:\/\/nuevodigitaldeescobar.com.ar\/?p=19158\"},\"author\":{\"name\":\"Redacci\u00f3n\",\"@id\":\"https:\/\/nuevodigitaldeescobar.com.ar\/#\/schema\/person\/035e90a8efe9a80e6eec22656ad6ea4c\"},\"headline\":\"Pol\u00e9mica en la Zona Norte: la nueva tasa en Pilar encarece los precios y desata una \u00abguerra\u00bb fiscal con Naci\u00f3n\",\"datePublished\":\"2025-12-08T02:47:54+00:00\",\"dateModified\":\"2025-12-08T02:48:06+00:00\",\"mainEntityOfPage\":{\"@id\":\"https:\/\/nuevodigitaldeescobar.com.ar\/?p=19158\"},\"wordCount\":632,\"commentCount\":0,\"publisher\":{\"@id\":\"https:\/\/nuevodigitaldeescobar.com.ar\/#organization\"},\"image\":{\"@id\":\"https:\/\/nuevodigitaldeescobar.com.ar\/?p=19158#primaryimage\"},\"thumbnailUrl\":\"https:\/\/nuevodigitaldeescobar.com.ar\/wp-content\/uploads\/2025\/12\/tasasmunicipales32.png\",\"articleSection\":[\"Econom\u00eda\"],\"inLanguage\":\"es\",\"potentialAction\":[{\"@type\":\"CommentAction\",\"name\":\"Comment\",\"target\":[\"https:\/\/nuevodigitaldeescobar.com.ar\/?p=19158#respond\"]}]},{\"@type\":\"WebPage\",\"@id\":\"https:\/\/nuevodigitaldeescobar.com.ar\/?p=19158\",\"url\":\"https:\/\/nuevodigitaldeescobar.com.ar\/?p=19158\",\"name\":\"Pol\u00e9mica en la Zona Norte: la nueva tasa en Pilar encarece los precios y desata una \\\"guerra\\\" fiscal con Naci\u00f3n - Nuevo Digital de Escobar\",\"isPartOf\":{\"@id\":\"https:\/\/nuevodigitaldeescobar.com.ar\/#website\"},\"primaryImageOfPage\":{\"@id\":\"https:\/\/nuevodigitaldeescobar.com.ar\/?p=19158#primaryimage\"},\"image\":{\"@id\":\"https:\/\/nuevodigitaldeescobar.com.ar\/?p=19158#primaryimage\"},\"thumbnailUrl\":\"https:\/\/nuevodigitaldeescobar.com.ar\/wp-content\/uploads\/2025\/12\/tasasmunicipales32.png\",\"datePublished\":\"2025-12-08T02:47:54+00:00\",\"dateModified\":\"2025-12-08T02:48:06+00:00\",\"breadcrumb\":{\"@id\":\"https:\/\/nuevodigitaldeescobar.com.ar\/?p=19158#breadcrumb\"},\"inLanguage\":\"es\",\"potentialAction\":[{\"@type\":\"ReadAction\",\"target\":[\"https:\/\/nuevodigitaldeescobar.com.ar\/?p=19158\"]}]},{\"@type\":\"ImageObject\",\"inLanguage\":\"es\",\"@id\":\"https:\/\/nuevodigitaldeescobar.com.ar\/?p=19158#primaryimage\",\"url\":\"https:\/\/nuevodigitaldeescobar.com.ar\/wp-content\/uploads\/2025\/12\/tasasmunicipales32.png\",\"contentUrl\":\"https:\/\/nuevodigitaldeescobar.com.ar\/wp-content\/uploads\/2025\/12\/tasasmunicipales32.png\",\"width\":818,\"height\":592},{\"@type\":\"BreadcrumbList\",\"@id\":\"https:\/\/nuevodigitaldeescobar.com.ar\/?p=19158#breadcrumb\",\"itemListElement\":[{\"@type\":\"ListItem\",\"position\":1,\"name\":\"Portada\",\"item\":\"https:\/\/nuevodigitaldeescobar.com.ar\/\"},{\"@type\":\"ListItem\",\"position\":2,\"name\":\"Pol\u00e9mica en la Zona Norte: la nueva tasa en Pilar encarece los precios y desata una \u00abguerra\u00bb fiscal con Naci\u00f3n\"}]},{\"@type\":\"WebSite\",\"@id\":\"https:\/\/nuevodigitaldeescobar.com.ar\/#website\",\"url\":\"https:\/\/nuevodigitaldeescobar.com.ar\/\",\"name\":\"Nuevo Digital de Escobar\",\"description\":\"La vida escobarense. Directora: Rosana Brunner\",\"publisher\":{\"@id\":\"https:\/\/nuevodigitaldeescobar.com.ar\/#organization\"},\"potentialAction\":[{\"@type\":\"SearchAction\",\"target\":{\"@type\":\"EntryPoint\",\"urlTemplate\":\"https:\/\/nuevodigitaldeescobar.com.ar\/?s={search_term_string}\"},\"query-input\":{\"@type\":\"PropertyValueSpecification\",\"valueRequired\":true,\"valueName\":\"search_term_string\"}}],\"inLanguage\":\"es\"},{\"@type\":\"Organization\",\"@id\":\"https:\/\/nuevodigitaldeescobar.com.ar\/#organization\",\"name\":\"Nuevo Digital de Escobar\",\"url\":\"https:\/\/nuevodigitaldeescobar.com.ar\/\",\"logo\":{\"@type\":\"ImageObject\",\"inLanguage\":\"es\",\"@id\":\"https:\/\/nuevodigitaldeescobar.com.ar\/#\/schema\/logo\/image\/\",\"url\":\"https:\/\/nuevodigitaldeescobar.com.ar\/wp-content\/uploads\/2025\/05\/cropped-logo-nuevo2.jpg\",\"contentUrl\":\"https:\/\/nuevodigitaldeescobar.com.ar\/wp-content\/uploads\/2025\/05\/cropped-logo-nuevo2.jpg\",\"width\":305,\"height\":305,\"caption\":\"Nuevo Digital de Escobar\"},\"image\":{\"@id\":\"https:\/\/nuevodigitaldeescobar.com.ar\/#\/schema\/logo\/image\/\"},\"sameAs\":[\"https:\/\/www.facebook.com\/NUEVODigitalDeEscobar\",\"https:\/\/x.com\/nuevodigescobar\",\"https:\/\/www.instagram.com\/nuevodigitaldeescobar\"]},{\"@type\":\"Person\",\"@id\":\"https:\/\/nuevodigitaldeescobar.com.ar\/#\/schema\/person\/035e90a8efe9a80e6eec22656ad6ea4c\",\"name\":\"Redacci\u00f3n\",\"image\":{\"@type\":\"ImageObject\",\"inLanguage\":\"es\",\"@id\":\"https:\/\/nuevodigitaldeescobar.com.ar\/#\/schema\/person\/image\/\",\"url\":\"https:\/\/secure.gravatar.com\/avatar\/8af8f40000c24e9eef3034f2be5998a372bb1389e64b1a4a36b3a7979142220d?s=96&d=mm&r=g\",\"contentUrl\":\"https:\/\/secure.gravatar.com\/avatar\/8af8f40000c24e9eef3034f2be5998a372bb1389e64b1a4a36b3a7979142220d?s=96&d=mm&r=g\",\"caption\":\"Redacci\u00f3n\"},\"sameAs\":[\"http:\/\/nuevodigitaldeescobar.com.ar\"],\"url\":\"https:\/\/nuevodigitaldeescobar.com.ar\/?author=1\"}]}<\/script>\n<!-- \/ Yoast SEO plugin. -->","yoast_head_json":{"title":"Pol\u00e9mica en la Zona Norte: la nueva tasa en Pilar encarece los precios y desata una \"guerra\" fiscal con Naci\u00f3n - Nuevo Digital de Escobar","robots":{"index":"index","follow":"follow","max-snippet":"max-snippet:-1","max-image-preview":"max-image-preview:large","max-video-preview":"max-video-preview:-1"},"canonical":"https:\/\/nuevodigitaldeescobar.com.ar\/?p=19158","og_locale":"es_ES","og_type":"article","og_title":"Pol\u00e9mica en la Zona Norte: la nueva tasa en Pilar encarece los precios y desata una \"guerra\" fiscal con Naci\u00f3n - Nuevo Digital de Escobar","og_description":"El municipio vecino modific\u00f3 el cobro de la Tasa de Protecci\u00f3n Ambiental, aplicando un 2% directo sobre las compras en supermercados y mayoristas. Supermercadistas advierten [&hellip;]","og_url":"https:\/\/nuevodigitaldeescobar.com.ar\/?p=19158","og_site_name":"Nuevo Digital de Escobar","article_publisher":"https:\/\/www.facebook.com\/NUEVODigitalDeEscobar","article_published_time":"2025-12-08T02:47:54+00:00","article_modified_time":"2025-12-08T02:48:06+00:00","og_image":[{"width":818,"height":592,"url":"http:\/\/nuevodigitaldeescobar.com.ar\/wp-content\/uploads\/2025\/12\/tasasmunicipales32.png","type":"image\/png"}],"author":"Redacci\u00f3n","twitter_card":"summary_large_image","twitter_creator":"@nuevodigescobar","twitter_site":"@nuevodigescobar","twitter_misc":{"Escrito por":"Redacci\u00f3n","Tiempo de lectura":"3 minutos"},"schema":{"@context":"https:\/\/schema.org","@graph":[{"@type":"Article","@id":"https:\/\/nuevodigitaldeescobar.com.ar\/?p=19158#article","isPartOf":{"@id":"https:\/\/nuevodigitaldeescobar.com.ar\/?p=19158"},"author":{"name":"Redacci\u00f3n","@id":"https:\/\/nuevodigitaldeescobar.com.ar\/#\/schema\/person\/035e90a8efe9a80e6eec22656ad6ea4c"},"headline":"Pol\u00e9mica en la Zona Norte: la nueva tasa en Pilar encarece los precios y desata una \u00abguerra\u00bb fiscal con Naci\u00f3n","datePublished":"2025-12-08T02:47:54+00:00","dateModified":"2025-12-08T02:48:06+00:00","mainEntityOfPage":{"@id":"https:\/\/nuevodigitaldeescobar.com.ar\/?p=19158"},"wordCount":632,"commentCount":0,"publisher":{"@id":"https:\/\/nuevodigitaldeescobar.com.ar\/#organization"},"image":{"@id":"https:\/\/nuevodigitaldeescobar.com.ar\/?p=19158#primaryimage"},"thumbnailUrl":"https:\/\/nuevodigitaldeescobar.com.ar\/wp-content\/uploads\/2025\/12\/tasasmunicipales32.png","articleSection":["Econom\u00eda"],"inLanguage":"es","potentialAction":[{"@type":"CommentAction","name":"Comment","target":["https:\/\/nuevodigitaldeescobar.com.ar\/?p=19158#respond"]}]},{"@type":"WebPage","@id":"https:\/\/nuevodigitaldeescobar.com.ar\/?p=19158","url":"https:\/\/nuevodigitaldeescobar.com.ar\/?p=19158","name":"Pol\u00e9mica en la Zona Norte: la nueva tasa en Pilar encarece los precios y desata una \"guerra\" fiscal con Naci\u00f3n - Nuevo Digital de Escobar","isPartOf":{"@id":"https:\/\/nuevodigitaldeescobar.com.ar\/#website"},"primaryImageOfPage":{"@id":"https:\/\/nuevodigitaldeescobar.com.ar\/?p=19158#primaryimage"},"image":{"@id":"https:\/\/nuevodigitaldeescobar.com.ar\/?p=19158#primaryimage"},"thumbnailUrl":"https:\/\/nuevodigitaldeescobar.com.ar\/wp-content\/uploads\/2025\/12\/tasasmunicipales32.png","datePublished":"2025-12-08T02:47:54+00:00","dateModified":"2025-12-08T02:48:06+00:00","breadcrumb":{"@id":"https:\/\/nuevodigitaldeescobar.com.ar\/?p=19158#breadcrumb"},"inLanguage":"es","potentialAction":[{"@type":"ReadAction","target":["https:\/\/nuevodigitaldeescobar.com.ar\/?p=19158"]}]},{"@type":"ImageObject","inLanguage":"es","@id":"https:\/\/nuevodigitaldeescobar.com.ar\/?p=19158#primaryimage","url":"https:\/\/nuevodigitaldeescobar.com.ar\/wp-content\/uploads\/2025\/12\/tasasmunicipales32.png","contentUrl":"https:\/\/nuevodigitaldeescobar.com.ar\/wp-content\/uploads\/2025\/12\/tasasmunicipales32.png","width":818,"height":592},{"@type":"BreadcrumbList","@id":"https:\/\/nuevodigitaldeescobar.com.ar\/?p=19158#breadcrumb","itemListElement":[{"@type":"ListItem","position":1,"name":"Portada","item":"https:\/\/nuevodigitaldeescobar.com.ar\/"},{"@type":"ListItem","position":2,"name":"Pol\u00e9mica en la Zona Norte: la nueva tasa en Pilar encarece los precios y desata una \u00abguerra\u00bb fiscal con Naci\u00f3n"}]},{"@type":"WebSite","@id":"https:\/\/nuevodigitaldeescobar.com.ar\/#website","url":"https:\/\/nuevodigitaldeescobar.com.ar\/","name":"Nuevo Digital de Escobar","description":"La vida escobarense. Directora: Rosana Brunner","publisher":{"@id":"https:\/\/nuevodigitaldeescobar.com.ar\/#organization"},"potentialAction":[{"@type":"SearchAction","target":{"@type":"EntryPoint","urlTemplate":"https:\/\/nuevodigitaldeescobar.com.ar\/?s={search_term_string}"},"query-input":{"@type":"PropertyValueSpecification","valueRequired":true,"valueName":"search_term_string"}}],"inLanguage":"es"},{"@type":"Organization","@id":"https:\/\/nuevodigitaldeescobar.com.ar\/#organization","name":"Nuevo Digital de Escobar","url":"https:\/\/nuevodigitaldeescobar.com.ar\/","logo":{"@type":"ImageObject","inLanguage":"es","@id":"https:\/\/nuevodigitaldeescobar.com.ar\/#\/schema\/logo\/image\/","url":"https:\/\/nuevodigitaldeescobar.com.ar\/wp-content\/uploads\/2025\/05\/cropped-logo-nuevo2.jpg","contentUrl":"https:\/\/nuevodigitaldeescobar.com.ar\/wp-content\/uploads\/2025\/05\/cropped-logo-nuevo2.jpg","width":305,"height":305,"caption":"Nuevo Digital de Escobar"},"image":{"@id":"https:\/\/nuevodigitaldeescobar.com.ar\/#\/schema\/logo\/image\/"},"sameAs":["https:\/\/www.facebook.com\/NUEVODigitalDeEscobar","https:\/\/x.com\/nuevodigescobar","https:\/\/www.instagram.com\/nuevodigitaldeescobar"]},{"@type":"Person","@id":"https:\/\/nuevodigitaldeescobar.com.ar\/#\/schema\/person\/035e90a8efe9a80e6eec22656ad6ea4c","name":"Redacci\u00f3n","image":{"@type":"ImageObject","inLanguage":"es","@id":"https:\/\/nuevodigitaldeescobar.com.ar\/#\/schema\/person\/image\/","url":"https:\/\/secure.gravatar.com\/avatar\/8af8f40000c24e9eef3034f2be5998a372bb1389e64b1a4a36b3a7979142220d?s=96&d=mm&r=g","contentUrl":"https:\/\/secure.gravatar.com\/avatar\/8af8f40000c24e9eef3034f2be5998a372bb1389e64b1a4a36b3a7979142220d?s=96&d=mm&r=g","caption":"Redacci\u00f3n"},"sameAs":["http:\/\/nuevodigitaldeescobar.com.ar"],"url":"https:\/\/nuevodigitaldeescobar.com.ar\/?author=1"}]}},"featured_image_urls":{"full":["https:\/\/nuevodigitaldeescobar.com.ar\/wp-content\/uploads\/2025\/12\/tasasmunicipales32.png",818,592,false],"thumbnail":["https:\/\/nuevodigitaldeescobar.com.ar\/wp-content\/uploads\/2025\/12\/tasasmunicipales32-150x150.png",150,150,true],"medium":["https:\/\/nuevodigitaldeescobar.com.ar\/wp-content\/uploads\/2025\/12\/tasasmunicipales32-300x217.png",300,217,true],"medium_large":["https:\/\/nuevodigitaldeescobar.com.ar\/wp-content\/uploads\/2025\/12\/tasasmunicipales32-768x556.png",640,463,true],"large":["https:\/\/nuevodigitaldeescobar.com.ar\/wp-content\/uploads\/2025\/12\/tasasmunicipales32.png",640,463,false],"1536x1536":["https:\/\/nuevodigitaldeescobar.com.ar\/wp-content\/uploads\/2025\/12\/tasasmunicipales32.png",818,592,false],"2048x2048":["https:\/\/nuevodigitaldeescobar.com.ar\/wp-content\/uploads\/2025\/12\/tasasmunicipales32.png",818,592,false]},"author_info":{"display_name":"Redacci\u00f3n","author_link":"https:\/\/nuevodigitaldeescobar.com.ar\/?author=1"},"category_info":"<a href=\"https:\/\/nuevodigitaldeescobar.com.ar\/?cat=10\" rel=\"category\">Econom\u00eda<\/a>","tag_info":"Econom\u00eda","comment_count":"0","_links":{"self":[{"href":"https:\/\/nuevodigitaldeescobar.com.ar\/index.php?rest_route=\/wp\/v2\/posts\/19158","targetHints":{"allow":["GET"]}}],"collection":[{"href":"https:\/\/nuevodigitaldeescobar.com.ar\/index.php?rest_route=\/wp\/v2\/posts"}],"about":[{"href":"https:\/\/nuevodigitaldeescobar.com.ar\/index.php?rest_route=\/wp\/v2\/types\/post"}],"author":[{"embeddable":true,"href":"https:\/\/nuevodigitaldeescobar.com.ar\/index.php?rest_route=\/wp\/v2\/users\/1"}],"replies":[{"embeddable":true,"href":"https:\/\/nuevodigitaldeescobar.com.ar\/index.php?rest_route=%2Fwp%2Fv2%2Fcomments&post=19158"}],"version-history":[{"count":1,"href":"https:\/\/nuevodigitaldeescobar.com.ar\/index.php?rest_route=\/wp\/v2\/posts\/19158\/revisions"}],"predecessor-version":[{"id":19160,"href":"https:\/\/nuevodigitaldeescobar.com.ar\/index.php?rest_route=\/wp\/v2\/posts\/19158\/revisions\/19160"}],"wp:featuredmedia":[{"embeddable":true,"href":"https:\/\/nuevodigitaldeescobar.com.ar\/index.php?rest_route=\/wp\/v2\/media\/19159"}],"wp:attachment":[{"href":"https:\/\/nuevodigitaldeescobar.com.ar\/index.php?rest_route=%2Fwp%2Fv2%2Fmedia&parent=19158"}],"wp:term":[{"taxonomy":"category","embeddable":true,"href":"https:\/\/nuevodigitaldeescobar.com.ar\/index.php?rest_route=%2Fwp%2Fv2%2Fcategories&post=19158"},{"taxonomy":"post_tag","embeddable":true,"href":"https:\/\/nuevodigitaldeescobar.com.ar\/index.php?rest_route=%2Fwp%2Fv2%2Ftags&post=19158"}],"curies":[{"name":"wp","href":"https:\/\/api.w.org\/{rel}","templated":true}]}}