{"id":19161,"date":"2025-12-07T23:54:31","date_gmt":"2025-12-08T02:54:31","guid":{"rendered":"https:\/\/nuevodigitaldeescobar.com.ar\/?p=19161"},"modified":"2025-12-07T23:54:38","modified_gmt":"2025-12-08T02:54:38","slug":"juicios-laborales-la-cifra-record-que-pone-en-jaque-a-las-pymes-y-el-caso-del-mozo-de-los-250-millones","status":"publish","type":"post","link":"https:\/\/nuevodigitaldeescobar.com.ar\/?p=19161","title":{"rendered":"Juicios laborales: la cifra r\u00e9cord que pone en jaque a las pymes y el caso del mozo de los $250 millones"},"content":{"rendered":"\n<p class=\"has-vivid-cyan-blue-color has-text-color has-link-color wp-elements-55ccda115e70511906f859cdac6e8fb1\"><strong><em>Mientras el Gobierno nacional prepara el terreno para enviar su proyecto de reforma laboral al Congreso en sesiones extraordinarias, un dato estad\u00edstico encendi\u00f3 las alarmas en el sector privado y productivo: en Argentina hay casi 640.000 juicios laborales abiertos, una cifra que equivale al 10% de todos los trabajadores registrados del pa\u00eds.<\/em><\/strong><\/p>\n\n\n\n<!--more-->\n\n\n\n<p>El escenario genera una profunda incertidumbre en empresas de todos los tama\u00f1os, desde grandes industrias hasta los comercios de barrio que caracterizan al centro de Escobar y sus localidades. La preocupaci\u00f3n central ya no es solo la litigiosidad en s\u00ed misma, sino las f\u00f3rmulas de actualizaci\u00f3n monetaria que, en un contexto de alta inflaci\u00f3n, transforman indemnizaciones corrientes en sumas impagables.<\/p>\n\n\n\n<h3 class=\"wp-block-heading has-text-color has-link-color wp-elements-6d202f953880b9d814b13f56ffcbc3f3\" style=\"color:#1d30bf\">El caso testigo que sacudi\u00f3 el tablero<\/h3>\n\n\n\n<p>El debate sobre la sustentabilidad del sistema cobr\u00f3 nuevo impulso tras conocerse una sentencia judicial que otorg\u00f3 una indemnizaci\u00f3n de $250 millones a un mozo con 26 a\u00f1os de antig\u00fcedad. El conflicto se origin\u00f3 en 2020, con un c\u00e1lculo inicial de $9,4 millones, cifra que se dispar\u00f3 exponencialmente debido a la aplicaci\u00f3n del \u00cdndice de Precios al Consumidor (IPC) m\u00e1s una tasa anual del 3%.<\/p>\n\n\n\n<p>Este mecanismo de indexaci\u00f3n, sumado a criterios judiciales que surgieron durante la prohibici\u00f3n de despidos en la pandemia (como incluir propinas en el c\u00e1lculo salarial), gener\u00f3 un \u00abefecto bola de nieve\u00bb que amenaza con quebrar la ecuaci\u00f3n econ\u00f3mica de cualquier empleador.<\/p>\n\n\n\n<h3 class=\"wp-block-heading has-text-color has-link-color wp-elements-d174efa4a078bb9b6319d02f27158b62\" style=\"color:#1d30bf\">Un sistema al borde del colapso<\/h3>\n\n\n\n<p>Seg\u00fan un informe del Instituto para el Desarrollo Social Argentino (IDESA), basado en datos de la Superintendencia de Riesgos del Trabajo, el volumen de expedientes es cr\u00edtico. Actualmente, existen m\u00e1s de 308.000 juicios por accidentes de trabajo y cerca de 330.000 por despidos.<\/p>\n\n\n\n<p>Esta masa de litigios no solo afecta a las empresas, sino que est\u00e1 desfinanciando a las Aseguradoras de Riesgos del Trabajo (ART). De hecho, la Superintendencia de Seguros ya debi\u00f3 inhibir a una de las compa\u00f1\u00edas m\u00e1s importantes del mercado debido a que los juicios acumulados y sus intereses absorbieron su liquidez operativa.<\/p>\n\n\n\n<h3 class=\"wp-block-heading has-text-color has-link-color wp-elements-874d2c38e9f499f1691c2a7823c1975d\" style=\"color:#1d30bf\">En busca de una tasa l\u00f3gica<\/h3>\n\n\n\n<p>Para las pymes y las c\u00e1maras empresariales, la situaci\u00f3n es insostenible. La \u00abindustria del juicio\u00bb, potenciada por tasas de inter\u00e9s que buscan empatarle o ganarle a la inflaci\u00f3n pasada, genera pasivos que muchas veces superan el valor del propio negocio.<\/p>\n\n\n\n<p>Ante esto, el Banco Central ha abierto una consulta p\u00fablica para definir una nueva Tasa de Intereses Moratorios (TIM) que reemplace los esquemas actuales y ofrezca previsibilidad. La propuesta oficial busca un equilibrio entre proteger el cr\u00e9dito del trabajador y evitar la destrucci\u00f3n de las fuentes de empleo.<\/p>\n\n\n\n<p>Expertos sugieren retomar esquemas similares a los utilizados tras la hiperinflaci\u00f3n de 1989 (Comunicaci\u00f3n BCRA 14.290), para intentar \u00abdesactivar la bomba\u00bb de los juicios acumulados hasta 2025. Mientras tanto, en los tribunales y en las oficinas de recursos humanos, la tensi\u00f3n crece a la espera de una reforma que ponga orden en los n\u00fameros.<\/p>\n","protected":false},"excerpt":{"rendered":"<p>Mientras el Gobierno nacional prepara el terreno para enviar su proyecto de reforma laboral al Congreso en sesiones extraordinarias, un dato estad\u00edstico encendi\u00f3 las alarmas [&hellip;]<\/p>\n","protected":false},"author":1,"featured_media":19162,"comment_status":"open","ping_status":"open","sticky":false,"template":"","format":"standard","meta":{"footnotes":""},"categories":[235],"tags":[],"class_list":["post-19161","post","type-post","status-publish","format-standard","has-post-thumbnail","hentry","category-judiciales"],"better_featured_image":{"id":19162,"alt_text":"","caption":"","description":"","media_type":"image","media_details":{"width":973,"height":620,"file":"2025\/12\/juicio225.png","filesize":1058365,"sizes":{"medium":{"file":"juicio225-300x191.png","width":300,"height":191,"mime-type":"image\/png","filesize":42292,"source_url":"https:\/\/nuevodigitaldeescobar.com.ar\/wp-content\/uploads\/2025\/12\/juicio225-300x191.png"},"thumbnail":{"file":"juicio225-150x150.png","width":150,"height":150,"mime-type":"image\/png","filesize":18893,"source_url":"https:\/\/nuevodigitaldeescobar.com.ar\/wp-content\/uploads\/2025\/12\/juicio225-150x150.png"},"medium_large":{"file":"juicio225-768x489.png","width":768,"height":489,"mime-type":"image\/png","filesize":211396,"source_url":"https:\/\/nuevodigitaldeescobar.com.ar\/wp-content\/uploads\/2025\/12\/juicio225-768x489.png"}},"image_meta":{"aperture":"0","credit":"","camera":"","caption":"","created_timestamp":"0","copyright":"","focal_length":"0","iso":"0","shutter_speed":"0","title":"","orientation":"0","keywords":[]}},"post":19161,"source_url":"https:\/\/nuevodigitaldeescobar.com.ar\/wp-content\/uploads\/2025\/12\/juicio225.png"},"yoast_head":"<!-- This site is optimized with the Yoast SEO plugin v26.1.1 - https:\/\/yoast.com\/wordpress\/plugins\/seo\/ -->\n<title>Juicios laborales: la cifra r\u00e9cord que pone en jaque a las pymes y el caso del mozo de los $250 millones - Nuevo Digital de Escobar<\/title>\n<meta name=\"robots\" content=\"index, follow, max-snippet:-1, max-image-preview:large, max-video-preview:-1\" \/>\n<link rel=\"canonical\" href=\"https:\/\/nuevodigitaldeescobar.com.ar\/?p=19161\" \/>\n<meta property=\"og:locale\" content=\"es_ES\" \/>\n<meta property=\"og:type\" content=\"article\" \/>\n<meta property=\"og:title\" content=\"Juicios laborales: la cifra r\u00e9cord que pone en jaque a las pymes y el caso del mozo de los $250 millones - Nuevo Digital de Escobar\" \/>\n<meta property=\"og:description\" content=\"Mientras el Gobierno nacional prepara el terreno para enviar su proyecto de reforma laboral al Congreso en sesiones extraordinarias, un dato estad\u00edstico encendi\u00f3 las alarmas [&hellip;]\" \/>\n<meta property=\"og:url\" content=\"https:\/\/nuevodigitaldeescobar.com.ar\/?p=19161\" \/>\n<meta property=\"og:site_name\" content=\"Nuevo Digital de Escobar\" \/>\n<meta property=\"article:publisher\" content=\"https:\/\/www.facebook.com\/NUEVODigitalDeEscobar\" \/>\n<meta property=\"article:published_time\" content=\"2025-12-08T02:54:31+00:00\" \/>\n<meta property=\"article:modified_time\" content=\"2025-12-08T02:54:38+00:00\" \/>\n<meta property=\"og:image\" content=\"http:\/\/nuevodigitaldeescobar.com.ar\/wp-content\/uploads\/2025\/12\/juicio225.png\" \/>\n\t<meta property=\"og:image:width\" content=\"973\" \/>\n\t<meta property=\"og:image:height\" content=\"620\" \/>\n\t<meta property=\"og:image:type\" content=\"image\/png\" \/>\n<meta name=\"author\" content=\"Redacci\u00f3n\" \/>\n<meta name=\"twitter:card\" content=\"summary_large_image\" \/>\n<meta name=\"twitter:creator\" content=\"@nuevodigescobar\" \/>\n<meta name=\"twitter:site\" content=\"@nuevodigescobar\" \/>\n<meta name=\"twitter:label1\" content=\"Escrito por\" \/>\n\t<meta name=\"twitter:data1\" content=\"Redacci\u00f3n\" \/>\n\t<meta name=\"twitter:label2\" content=\"Tiempo de lectura\" \/>\n\t<meta name=\"twitter:data2\" content=\"3 minutos\" \/>\n<script type=\"application\/ld+json\" class=\"yoast-schema-graph\">{\"@context\":\"https:\/\/schema.org\",\"@graph\":[{\"@type\":\"Article\",\"@id\":\"https:\/\/nuevodigitaldeescobar.com.ar\/?p=19161#article\",\"isPartOf\":{\"@id\":\"https:\/\/nuevodigitaldeescobar.com.ar\/?p=19161\"},\"author\":{\"name\":\"Redacci\u00f3n\",\"@id\":\"https:\/\/nuevodigitaldeescobar.com.ar\/#\/schema\/person\/035e90a8efe9a80e6eec22656ad6ea4c\"},\"headline\":\"Juicios laborales: la cifra r\u00e9cord que pone en jaque a las pymes y el caso del mozo de los $250 millones\",\"datePublished\":\"2025-12-08T02:54:31+00:00\",\"dateModified\":\"2025-12-08T02:54:38+00:00\",\"mainEntityOfPage\":{\"@id\":\"https:\/\/nuevodigitaldeescobar.com.ar\/?p=19161\"},\"wordCount\":519,\"commentCount\":0,\"publisher\":{\"@id\":\"https:\/\/nuevodigitaldeescobar.com.ar\/#organization\"},\"image\":{\"@id\":\"https:\/\/nuevodigitaldeescobar.com.ar\/?p=19161#primaryimage\"},\"thumbnailUrl\":\"https:\/\/nuevodigitaldeescobar.com.ar\/wp-content\/uploads\/2025\/12\/juicio225.png\",\"articleSection\":[\"Judiciales\"],\"inLanguage\":\"es\",\"potentialAction\":[{\"@type\":\"CommentAction\",\"name\":\"Comment\",\"target\":[\"https:\/\/nuevodigitaldeescobar.com.ar\/?p=19161#respond\"]}]},{\"@type\":\"WebPage\",\"@id\":\"https:\/\/nuevodigitaldeescobar.com.ar\/?p=19161\",\"url\":\"https:\/\/nuevodigitaldeescobar.com.ar\/?p=19161\",\"name\":\"Juicios laborales: la cifra r\u00e9cord que pone en jaque a las pymes y el caso del mozo de los $250 millones - Nuevo Digital de Escobar\",\"isPartOf\":{\"@id\":\"https:\/\/nuevodigitaldeescobar.com.ar\/#website\"},\"primaryImageOfPage\":{\"@id\":\"https:\/\/nuevodigitaldeescobar.com.ar\/?p=19161#primaryimage\"},\"image\":{\"@id\":\"https:\/\/nuevodigitaldeescobar.com.ar\/?p=19161#primaryimage\"},\"thumbnailUrl\":\"https:\/\/nuevodigitaldeescobar.com.ar\/wp-content\/uploads\/2025\/12\/juicio225.png\",\"datePublished\":\"2025-12-08T02:54:31+00:00\",\"dateModified\":\"2025-12-08T02:54:38+00:00\",\"breadcrumb\":{\"@id\":\"https:\/\/nuevodigitaldeescobar.com.ar\/?p=19161#breadcrumb\"},\"inLanguage\":\"es\",\"potentialAction\":[{\"@type\":\"ReadAction\",\"target\":[\"https:\/\/nuevodigitaldeescobar.com.ar\/?p=19161\"]}]},{\"@type\":\"ImageObject\",\"inLanguage\":\"es\",\"@id\":\"https:\/\/nuevodigitaldeescobar.com.ar\/?p=19161#primaryimage\",\"url\":\"https:\/\/nuevodigitaldeescobar.com.ar\/wp-content\/uploads\/2025\/12\/juicio225.png\",\"contentUrl\":\"https:\/\/nuevodigitaldeescobar.com.ar\/wp-content\/uploads\/2025\/12\/juicio225.png\",\"width\":973,\"height\":620},{\"@type\":\"BreadcrumbList\",\"@id\":\"https:\/\/nuevodigitaldeescobar.com.ar\/?p=19161#breadcrumb\",\"itemListElement\":[{\"@type\":\"ListItem\",\"position\":1,\"name\":\"Portada\",\"item\":\"https:\/\/nuevodigitaldeescobar.com.ar\/\"},{\"@type\":\"ListItem\",\"position\":2,\"name\":\"Juicios laborales: la cifra r\u00e9cord que pone en jaque a las pymes y el caso del mozo de los $250 millones\"}]},{\"@type\":\"WebSite\",\"@id\":\"https:\/\/nuevodigitaldeescobar.com.ar\/#website\",\"url\":\"https:\/\/nuevodigitaldeescobar.com.ar\/\",\"name\":\"Nuevo Digital de Escobar\",\"description\":\"La vida escobarense. Directora: Rosana Brunner\",\"publisher\":{\"@id\":\"https:\/\/nuevodigitaldeescobar.com.ar\/#organization\"},\"potentialAction\":[{\"@type\":\"SearchAction\",\"target\":{\"@type\":\"EntryPoint\",\"urlTemplate\":\"https:\/\/nuevodigitaldeescobar.com.ar\/?s={search_term_string}\"},\"query-input\":{\"@type\":\"PropertyValueSpecification\",\"valueRequired\":true,\"valueName\":\"search_term_string\"}}],\"inLanguage\":\"es\"},{\"@type\":\"Organization\",\"@id\":\"https:\/\/nuevodigitaldeescobar.com.ar\/#organization\",\"name\":\"Nuevo Digital de Escobar\",\"url\":\"https:\/\/nuevodigitaldeescobar.com.ar\/\",\"logo\":{\"@type\":\"ImageObject\",\"inLanguage\":\"es\",\"@id\":\"https:\/\/nuevodigitaldeescobar.com.ar\/#\/schema\/logo\/image\/\",\"url\":\"https:\/\/nuevodigitaldeescobar.com.ar\/wp-content\/uploads\/2025\/05\/cropped-logo-nuevo2.jpg\",\"contentUrl\":\"https:\/\/nuevodigitaldeescobar.com.ar\/wp-content\/uploads\/2025\/05\/cropped-logo-nuevo2.jpg\",\"width\":305,\"height\":305,\"caption\":\"Nuevo Digital de Escobar\"},\"image\":{\"@id\":\"https:\/\/nuevodigitaldeescobar.com.ar\/#\/schema\/logo\/image\/\"},\"sameAs\":[\"https:\/\/www.facebook.com\/NUEVODigitalDeEscobar\",\"https:\/\/x.com\/nuevodigescobar\",\"https:\/\/www.instagram.com\/nuevodigitaldeescobar\"]},{\"@type\":\"Person\",\"@id\":\"https:\/\/nuevodigitaldeescobar.com.ar\/#\/schema\/person\/035e90a8efe9a80e6eec22656ad6ea4c\",\"name\":\"Redacci\u00f3n\",\"image\":{\"@type\":\"ImageObject\",\"inLanguage\":\"es\",\"@id\":\"https:\/\/nuevodigitaldeescobar.com.ar\/#\/schema\/person\/image\/\",\"url\":\"https:\/\/secure.gravatar.com\/avatar\/8af8f40000c24e9eef3034f2be5998a372bb1389e64b1a4a36b3a7979142220d?s=96&d=mm&r=g\",\"contentUrl\":\"https:\/\/secure.gravatar.com\/avatar\/8af8f40000c24e9eef3034f2be5998a372bb1389e64b1a4a36b3a7979142220d?s=96&d=mm&r=g\",\"caption\":\"Redacci\u00f3n\"},\"sameAs\":[\"http:\/\/nuevodigitaldeescobar.com.ar\"],\"url\":\"https:\/\/nuevodigitaldeescobar.com.ar\/?author=1\"}]}<\/script>\n<!-- \/ Yoast SEO plugin. -->","yoast_head_json":{"title":"Juicios laborales: la cifra r\u00e9cord que pone en jaque a las pymes y el caso del mozo de los $250 millones - Nuevo Digital de Escobar","robots":{"index":"index","follow":"follow","max-snippet":"max-snippet:-1","max-image-preview":"max-image-preview:large","max-video-preview":"max-video-preview:-1"},"canonical":"https:\/\/nuevodigitaldeescobar.com.ar\/?p=19161","og_locale":"es_ES","og_type":"article","og_title":"Juicios laborales: la cifra r\u00e9cord que pone en jaque a las pymes y el caso del mozo de los $250 millones - Nuevo Digital de Escobar","og_description":"Mientras el Gobierno nacional prepara el terreno para enviar su proyecto de reforma laboral al Congreso en sesiones extraordinarias, un dato estad\u00edstico encendi\u00f3 las alarmas [&hellip;]","og_url":"https:\/\/nuevodigitaldeescobar.com.ar\/?p=19161","og_site_name":"Nuevo Digital de Escobar","article_publisher":"https:\/\/www.facebook.com\/NUEVODigitalDeEscobar","article_published_time":"2025-12-08T02:54:31+00:00","article_modified_time":"2025-12-08T02:54:38+00:00","og_image":[{"width":973,"height":620,"url":"http:\/\/nuevodigitaldeescobar.com.ar\/wp-content\/uploads\/2025\/12\/juicio225.png","type":"image\/png"}],"author":"Redacci\u00f3n","twitter_card":"summary_large_image","twitter_creator":"@nuevodigescobar","twitter_site":"@nuevodigescobar","twitter_misc":{"Escrito por":"Redacci\u00f3n","Tiempo de lectura":"3 minutos"},"schema":{"@context":"https:\/\/schema.org","@graph":[{"@type":"Article","@id":"https:\/\/nuevodigitaldeescobar.com.ar\/?p=19161#article","isPartOf":{"@id":"https:\/\/nuevodigitaldeescobar.com.ar\/?p=19161"},"author":{"name":"Redacci\u00f3n","@id":"https:\/\/nuevodigitaldeescobar.com.ar\/#\/schema\/person\/035e90a8efe9a80e6eec22656ad6ea4c"},"headline":"Juicios laborales: la cifra r\u00e9cord que pone en jaque a las pymes y el caso del mozo de los $250 millones","datePublished":"2025-12-08T02:54:31+00:00","dateModified":"2025-12-08T02:54:38+00:00","mainEntityOfPage":{"@id":"https:\/\/nuevodigitaldeescobar.com.ar\/?p=19161"},"wordCount":519,"commentCount":0,"publisher":{"@id":"https:\/\/nuevodigitaldeescobar.com.ar\/#organization"},"image":{"@id":"https:\/\/nuevodigitaldeescobar.com.ar\/?p=19161#primaryimage"},"thumbnailUrl":"https:\/\/nuevodigitaldeescobar.com.ar\/wp-content\/uploads\/2025\/12\/juicio225.png","articleSection":["Judiciales"],"inLanguage":"es","potentialAction":[{"@type":"CommentAction","name":"Comment","target":["https:\/\/nuevodigitaldeescobar.com.ar\/?p=19161#respond"]}]},{"@type":"WebPage","@id":"https:\/\/nuevodigitaldeescobar.com.ar\/?p=19161","url":"https:\/\/nuevodigitaldeescobar.com.ar\/?p=19161","name":"Juicios laborales: la cifra r\u00e9cord que pone en jaque a las pymes y el caso del mozo de los $250 millones - Nuevo Digital de Escobar","isPartOf":{"@id":"https:\/\/nuevodigitaldeescobar.com.ar\/#website"},"primaryImageOfPage":{"@id":"https:\/\/nuevodigitaldeescobar.com.ar\/?p=19161#primaryimage"},"image":{"@id":"https:\/\/nuevodigitaldeescobar.com.ar\/?p=19161#primaryimage"},"thumbnailUrl":"https:\/\/nuevodigitaldeescobar.com.ar\/wp-content\/uploads\/2025\/12\/juicio225.png","datePublished":"2025-12-08T02:54:31+00:00","dateModified":"2025-12-08T02:54:38+00:00","breadcrumb":{"@id":"https:\/\/nuevodigitaldeescobar.com.ar\/?p=19161#breadcrumb"},"inLanguage":"es","potentialAction":[{"@type":"ReadAction","target":["https:\/\/nuevodigitaldeescobar.com.ar\/?p=19161"]}]},{"@type":"ImageObject","inLanguage":"es","@id":"https:\/\/nuevodigitaldeescobar.com.ar\/?p=19161#primaryimage","url":"https:\/\/nuevodigitaldeescobar.com.ar\/wp-content\/uploads\/2025\/12\/juicio225.png","contentUrl":"https:\/\/nuevodigitaldeescobar.com.ar\/wp-content\/uploads\/2025\/12\/juicio225.png","width":973,"height":620},{"@type":"BreadcrumbList","@id":"https:\/\/nuevodigitaldeescobar.com.ar\/?p=19161#breadcrumb","itemListElement":[{"@type":"ListItem","position":1,"name":"Portada","item":"https:\/\/nuevodigitaldeescobar.com.ar\/"},{"@type":"ListItem","position":2,"name":"Juicios laborales: la cifra r\u00e9cord que pone en jaque a las pymes y el caso del mozo de los $250 millones"}]},{"@type":"WebSite","@id":"https:\/\/nuevodigitaldeescobar.com.ar\/#website","url":"https:\/\/nuevodigitaldeescobar.com.ar\/","name":"Nuevo Digital de Escobar","description":"La vida escobarense. Directora: Rosana Brunner","publisher":{"@id":"https:\/\/nuevodigitaldeescobar.com.ar\/#organization"},"potentialAction":[{"@type":"SearchAction","target":{"@type":"EntryPoint","urlTemplate":"https:\/\/nuevodigitaldeescobar.com.ar\/?s={search_term_string}"},"query-input":{"@type":"PropertyValueSpecification","valueRequired":true,"valueName":"search_term_string"}}],"inLanguage":"es"},{"@type":"Organization","@id":"https:\/\/nuevodigitaldeescobar.com.ar\/#organization","name":"Nuevo Digital de Escobar","url":"https:\/\/nuevodigitaldeescobar.com.ar\/","logo":{"@type":"ImageObject","inLanguage":"es","@id":"https:\/\/nuevodigitaldeescobar.com.ar\/#\/schema\/logo\/image\/","url":"https:\/\/nuevodigitaldeescobar.com.ar\/wp-content\/uploads\/2025\/05\/cropped-logo-nuevo2.jpg","contentUrl":"https:\/\/nuevodigitaldeescobar.com.ar\/wp-content\/uploads\/2025\/05\/cropped-logo-nuevo2.jpg","width":305,"height":305,"caption":"Nuevo Digital de Escobar"},"image":{"@id":"https:\/\/nuevodigitaldeescobar.com.ar\/#\/schema\/logo\/image\/"},"sameAs":["https:\/\/www.facebook.com\/NUEVODigitalDeEscobar","https:\/\/x.com\/nuevodigescobar","https:\/\/www.instagram.com\/nuevodigitaldeescobar"]},{"@type":"Person","@id":"https:\/\/nuevodigitaldeescobar.com.ar\/#\/schema\/person\/035e90a8efe9a80e6eec22656ad6ea4c","name":"Redacci\u00f3n","image":{"@type":"ImageObject","inLanguage":"es","@id":"https:\/\/nuevodigitaldeescobar.com.ar\/#\/schema\/person\/image\/","url":"https:\/\/secure.gravatar.com\/avatar\/8af8f40000c24e9eef3034f2be5998a372bb1389e64b1a4a36b3a7979142220d?s=96&d=mm&r=g","contentUrl":"https:\/\/secure.gravatar.com\/avatar\/8af8f40000c24e9eef3034f2be5998a372bb1389e64b1a4a36b3a7979142220d?s=96&d=mm&r=g","caption":"Redacci\u00f3n"},"sameAs":["http:\/\/nuevodigitaldeescobar.com.ar"],"url":"https:\/\/nuevodigitaldeescobar.com.ar\/?author=1"}]}},"featured_image_urls":{"full":["https:\/\/nuevodigitaldeescobar.com.ar\/wp-content\/uploads\/2025\/12\/juicio225.png",973,620,false],"thumbnail":["https:\/\/nuevodigitaldeescobar.com.ar\/wp-content\/uploads\/2025\/12\/juicio225-150x150.png",150,150,true],"medium":["https:\/\/nuevodigitaldeescobar.com.ar\/wp-content\/uploads\/2025\/12\/juicio225-300x191.png",300,191,true],"medium_large":["https:\/\/nuevodigitaldeescobar.com.ar\/wp-content\/uploads\/2025\/12\/juicio225-768x489.png",640,408,true],"large":["https:\/\/nuevodigitaldeescobar.com.ar\/wp-content\/uploads\/2025\/12\/juicio225.png",640,408,false],"1536x1536":["https:\/\/nuevodigitaldeescobar.com.ar\/wp-content\/uploads\/2025\/12\/juicio225.png",973,620,false],"2048x2048":["https:\/\/nuevodigitaldeescobar.com.ar\/wp-content\/uploads\/2025\/12\/juicio225.png",973,620,false]},"author_info":{"display_name":"Redacci\u00f3n","author_link":"https:\/\/nuevodigitaldeescobar.com.ar\/?author=1"},"category_info":"<a href=\"https:\/\/nuevodigitaldeescobar.com.ar\/?cat=235\" rel=\"category\">Judiciales<\/a>","tag_info":"Judiciales","comment_count":"0","_links":{"self":[{"href":"https:\/\/nuevodigitaldeescobar.com.ar\/index.php?rest_route=\/wp\/v2\/posts\/19161","targetHints":{"allow":["GET"]}}],"collection":[{"href":"https:\/\/nuevodigitaldeescobar.com.ar\/index.php?rest_route=\/wp\/v2\/posts"}],"about":[{"href":"https:\/\/nuevodigitaldeescobar.com.ar\/index.php?rest_route=\/wp\/v2\/types\/post"}],"author":[{"embeddable":true,"href":"https:\/\/nuevodigitaldeescobar.com.ar\/index.php?rest_route=\/wp\/v2\/users\/1"}],"replies":[{"embeddable":true,"href":"https:\/\/nuevodigitaldeescobar.com.ar\/index.php?rest_route=%2Fwp%2Fv2%2Fcomments&post=19161"}],"version-history":[{"count":1,"href":"https:\/\/nuevodigitaldeescobar.com.ar\/index.php?rest_route=\/wp\/v2\/posts\/19161\/revisions"}],"predecessor-version":[{"id":19163,"href":"https:\/\/nuevodigitaldeescobar.com.ar\/index.php?rest_route=\/wp\/v2\/posts\/19161\/revisions\/19163"}],"wp:featuredmedia":[{"embeddable":true,"href":"https:\/\/nuevodigitaldeescobar.com.ar\/index.php?rest_route=\/wp\/v2\/media\/19162"}],"wp:attachment":[{"href":"https:\/\/nuevodigitaldeescobar.com.ar\/index.php?rest_route=%2Fwp%2Fv2%2Fmedia&parent=19161"}],"wp:term":[{"taxonomy":"category","embeddable":true,"href":"https:\/\/nuevodigitaldeescobar.com.ar\/index.php?rest_route=%2Fwp%2Fv2%2Fcategories&post=19161"},{"taxonomy":"post_tag","embeddable":true,"href":"https:\/\/nuevodigitaldeescobar.com.ar\/index.php?rest_route=%2Fwp%2Fv2%2Ftags&post=19161"}],"curies":[{"name":"wp","href":"https:\/\/api.w.org\/{rel}","templated":true}]}}