{"id":19193,"date":"2025-12-10T11:15:00","date_gmt":"2025-12-10T14:15:00","guid":{"rendered":"https:\/\/nuevodigitaldeescobar.com.ar\/?p=19193"},"modified":"2025-12-12T17:26:17","modified_gmt":"2025-12-12T20:26:17","slug":"19193","status":"publish","type":"post","link":"https:\/\/nuevodigitaldeescobar.com.ar\/?p=19193","title":{"rendered":"Armenio debutar\u00e1 en la Copa Argentina 2026 con V\u00e9lez"},"content":{"rendered":"\n<p class=\"has-vivid-cyan-blue-color has-text-color has-link-color wp-elements-568ba002627011da0422a91cb49cf075\"><strong><em>El Tricolor jugar\u00e1 nuevamente el Torneo m\u00e1s Federal de la Argentina y debutar\u00e1 en 32vos frente al Fort\u00edn de Liniers. Ser\u00e1 la sexta participaci\u00f3n del conjunto de Maschwitz donde el este a\u00f1o logr\u00f3 la enorme victoria ante Talleres de C\u00f3rdoba.\u00a0<\/em><\/strong><\/p>\n\n\n\n<!--more-->\n\n\n\n<p><\/p>\n\n\n\n<p>Este mediod\u00eda en el predio de la AFA en Ezeiza se realiz\u00f3 el sorteo de la Copa Argentina 2026 y se supo el futuro del equipo de Ingeniero Maschwitz.<\/p>\n\n\n\n<p>El Deportivo Armenio debutar\u00e1 en los 32vos frente al gran Velez Sarfield de Liniers. En caso de avanzar, el conjunto Tricolor jugar\u00e1 contra el ganador de la Gimnsia de Mendoza vs Gimnasia y Tiro de Salta. Si sigue adelante el equipo de la Colectividad podr\u00eda enfrentar a Boca Juniors en octavos de final.\u00a0<\/p>\n\n\n\n<p>Ser\u00e1 la sexta vez que el Deportivo Armenio participe de la Copa Argentina donde el Tricolor enfrent\u00f3 a equipos de Primera como Newell\u00b4s, Godoy Cruz, Argentinos Jrs y en la \u00faltima edici\u00f3n elimin\u00f3 en un \u00e9pico partido al Talleres de C\u00f3rdoba Campe\u00f3n y cay\u00f3 eliminado por penales ante el Deportivo Riestra.<\/p>\n","protected":false},"excerpt":{"rendered":"<p>El Tricolor jugar\u00e1 nuevamente el Torneo m\u00e1s Federal de la Argentina y debutar\u00e1 en 32vos frente al Fort\u00edn de Liniers. Ser\u00e1 la sexta participaci\u00f3n del [&hellip;]<\/p>\n","protected":false},"author":1,"featured_media":19195,"comment_status":"open","ping_status":"open","sticky":false,"template":"","format":"standard","meta":{"footnotes":""},"categories":[7],"tags":[297,196],"class_list":["post-19193","post","type-post","status-publish","format-standard","has-post-thumbnail","hentry","category-interes-general","tag-copa-argentina","tag-deportivo-armenio"],"better_featured_image":{"id":19195,"alt_text":"","caption":"","description":"","media_type":"image","media_details":{"width":1200,"height":675,"file":"2025\/12\/deportivo-armenio-festejo-copa-argentina.webp","filesize":210420,"sizes":{"medium":{"file":"deportivo-armenio-festejo-copa-argentina-300x169.webp","width":300,"height":169,"mime-type":"image\/webp","filesize":21626,"source_url":"https:\/\/nuevodigitaldeescobar.com.ar\/wp-content\/uploads\/2025\/12\/deportivo-armenio-festejo-copa-argentina-300x169.webp"},"large":{"file":"deportivo-armenio-festejo-copa-argentina-1024x576.webp","width":1024,"height":576,"mime-type":"image\/webp","filesize":167864,"source_url":"https:\/\/nuevodigitaldeescobar.com.ar\/wp-content\/uploads\/2025\/12\/deportivo-armenio-festejo-copa-argentina-1024x576.webp"},"thumbnail":{"file":"deportivo-armenio-festejo-copa-argentina-150x150.webp","width":150,"height":150,"mime-type":"image\/webp","filesize":10464,"source_url":"https:\/\/nuevodigitaldeescobar.com.ar\/wp-content\/uploads\/2025\/12\/deportivo-armenio-festejo-copa-argentina-150x150.webp"},"medium_large":{"file":"deportivo-armenio-festejo-copa-argentina-768x432.webp","width":768,"height":432,"mime-type":"image\/webp","filesize":102118,"source_url":"https:\/\/nuevodigitaldeescobar.com.ar\/wp-content\/uploads\/2025\/12\/deportivo-armenio-festejo-copa-argentina-768x432.webp"}},"image_meta":{"aperture":"0","credit":"","camera":"","caption":"","created_timestamp":"0","copyright":"","focal_length":"0","iso":"0","shutter_speed":"0","title":"","orientation":"0","keywords":[]}},"post":19193,"source_url":"https:\/\/nuevodigitaldeescobar.com.ar\/wp-content\/uploads\/2025\/12\/deportivo-armenio-festejo-copa-argentina.webp"},"yoast_head":"<!-- This site is optimized with the Yoast SEO plugin v26.1.1 - https:\/\/yoast.com\/wordpress\/plugins\/seo\/ -->\n<title>Armenio debutar\u00e1 en la Copa Argentina 2026 con V\u00e9lez - Nuevo Digital de Escobar<\/title>\n<meta name=\"description\" content=\"El Tricolor jugar\u00e1 nuevamente el Torneo m\u00e1s Federal de la Argentina y debutar\u00e1 en 32vos frente al Fort\u00edn de Liniers. Ser\u00e1 la sexta participaci\u00f3n del conjunto de Maschwitz donde el este a\u00f1o logr\u00f3 la enorme victoria ante Talleres de C\u00f3rdoba.\u00a0\" \/>\n<meta name=\"robots\" content=\"index, follow, max-snippet:-1, max-image-preview:large, max-video-preview:-1\" \/>\n<link rel=\"canonical\" href=\"https:\/\/nuevodigitaldeescobar.com.ar\/?p=19193\" \/>\n<meta property=\"og:locale\" content=\"es_ES\" \/>\n<meta property=\"og:type\" content=\"article\" \/>\n<meta property=\"og:title\" content=\"Armenio debutar\u00e1 en la Copa Argentina 2026\" \/>\n<meta property=\"og:description\" content=\"El Tricolor jugar\u00e1 nuevamente el Torneo m\u00e1s Federal de la Argentina y debutar\u00e1 en 32vos frente al Fort\u00edn de Liniers. Ser\u00e1 la sexta participaci\u00f3n del conjunto de Maschwitz donde el este a\u00f1o logr\u00f3 la enorme victoria ante Talleres de C\u00f3rdoba.\u00a0\" \/>\n<meta property=\"og:url\" content=\"https:\/\/nuevodigitaldeescobar.com.ar\/?p=19193\" \/>\n<meta property=\"og:site_name\" content=\"Nuevo Digital de Escobar\" \/>\n<meta property=\"article:publisher\" content=\"https:\/\/www.facebook.com\/NUEVODigitalDeEscobar\" \/>\n<meta property=\"article:published_time\" content=\"2025-12-10T14:15:00+00:00\" \/>\n<meta property=\"article:modified_time\" content=\"2025-12-12T20:26:17+00:00\" \/>\n<meta property=\"og:image\" content=\"http:\/\/nuevodigitaldeescobar.com.ar\/wp-content\/uploads\/2025\/12\/deportivo-armenio-festejo-copa-argentina.webp\" \/>\n\t<meta property=\"og:image:width\" content=\"1200\" \/>\n\t<meta property=\"og:image:height\" content=\"675\" \/>\n\t<meta property=\"og:image:type\" content=\"image\/webp\" \/>\n<meta name=\"author\" content=\"Redacci\u00f3n\" \/>\n<meta name=\"twitter:card\" content=\"summary_large_image\" \/>\n<meta name=\"twitter:creator\" content=\"@nuevodigescobar\" \/>\n<meta name=\"twitter:site\" content=\"@nuevodigescobar\" \/>\n<meta name=\"twitter:label1\" content=\"Escrito por\" \/>\n\t<meta name=\"twitter:data1\" content=\"Redacci\u00f3n\" \/>\n\t<meta name=\"twitter:label2\" content=\"Tiempo de lectura\" \/>\n\t<meta name=\"twitter:data2\" content=\"1 minuto\" \/>\n<script type=\"application\/ld+json\" class=\"yoast-schema-graph\">{\"@context\":\"https:\/\/schema.org\",\"@graph\":[{\"@type\":\"Article\",\"@id\":\"https:\/\/nuevodigitaldeescobar.com.ar\/?p=19193#article\",\"isPartOf\":{\"@id\":\"https:\/\/nuevodigitaldeescobar.com.ar\/?p=19193\"},\"author\":{\"name\":\"Redacci\u00f3n\",\"@id\":\"https:\/\/nuevodigitaldeescobar.com.ar\/#\/schema\/person\/035e90a8efe9a80e6eec22656ad6ea4c\"},\"headline\":\"Armenio debutar\u00e1 en la Copa Argentina 2026 con V\u00e9lez\",\"datePublished\":\"2025-12-10T14:15:00+00:00\",\"dateModified\":\"2025-12-12T20:26:17+00:00\",\"mainEntityOfPage\":{\"@id\":\"https:\/\/nuevodigitaldeescobar.com.ar\/?p=19193\"},\"wordCount\":192,\"commentCount\":0,\"publisher\":{\"@id\":\"https:\/\/nuevodigitaldeescobar.com.ar\/#organization\"},\"image\":{\"@id\":\"https:\/\/nuevodigitaldeescobar.com.ar\/?p=19193#primaryimage\"},\"thumbnailUrl\":\"https:\/\/nuevodigitaldeescobar.com.ar\/wp-content\/uploads\/2025\/12\/deportivo-armenio-festejo-copa-argentina.webp\",\"keywords\":[\"Copa Argentina\",\"Deportivo Armenio\"],\"articleSection\":[\"Inter\u00e9s general\"],\"inLanguage\":\"es\",\"potentialAction\":[{\"@type\":\"CommentAction\",\"name\":\"Comment\",\"target\":[\"https:\/\/nuevodigitaldeescobar.com.ar\/?p=19193#respond\"]}]},{\"@type\":\"WebPage\",\"@id\":\"https:\/\/nuevodigitaldeescobar.com.ar\/?p=19193\",\"url\":\"https:\/\/nuevodigitaldeescobar.com.ar\/?p=19193\",\"name\":\"Armenio debutar\u00e1 en la Copa Argentina 2026 con V\u00e9lez - Nuevo Digital de Escobar\",\"isPartOf\":{\"@id\":\"https:\/\/nuevodigitaldeescobar.com.ar\/#website\"},\"primaryImageOfPage\":{\"@id\":\"https:\/\/nuevodigitaldeescobar.com.ar\/?p=19193#primaryimage\"},\"image\":{\"@id\":\"https:\/\/nuevodigitaldeescobar.com.ar\/?p=19193#primaryimage\"},\"thumbnailUrl\":\"https:\/\/nuevodigitaldeescobar.com.ar\/wp-content\/uploads\/2025\/12\/deportivo-armenio-festejo-copa-argentina.webp\",\"datePublished\":\"2025-12-10T14:15:00+00:00\",\"dateModified\":\"2025-12-12T20:26:17+00:00\",\"description\":\"El Tricolor jugar\u00e1 nuevamente el Torneo m\u00e1s Federal de la Argentina y debutar\u00e1 en 32vos frente al Fort\u00edn de Liniers. Ser\u00e1 la sexta participaci\u00f3n del conjunto de Maschwitz donde el este a\u00f1o logr\u00f3 la enorme victoria ante Talleres de C\u00f3rdoba.\u00a0\",\"breadcrumb\":{\"@id\":\"https:\/\/nuevodigitaldeescobar.com.ar\/?p=19193#breadcrumb\"},\"inLanguage\":\"es\",\"potentialAction\":[{\"@type\":\"ReadAction\",\"target\":[\"https:\/\/nuevodigitaldeescobar.com.ar\/?p=19193\"]}]},{\"@type\":\"ImageObject\",\"inLanguage\":\"es\",\"@id\":\"https:\/\/nuevodigitaldeescobar.com.ar\/?p=19193#primaryimage\",\"url\":\"https:\/\/nuevodigitaldeescobar.com.ar\/wp-content\/uploads\/2025\/12\/deportivo-armenio-festejo-copa-argentina.webp\",\"contentUrl\":\"https:\/\/nuevodigitaldeescobar.com.ar\/wp-content\/uploads\/2025\/12\/deportivo-armenio-festejo-copa-argentina.webp\",\"width\":1200,\"height\":675},{\"@type\":\"BreadcrumbList\",\"@id\":\"https:\/\/nuevodigitaldeescobar.com.ar\/?p=19193#breadcrumb\",\"itemListElement\":[{\"@type\":\"ListItem\",\"position\":1,\"name\":\"Portada\",\"item\":\"https:\/\/nuevodigitaldeescobar.com.ar\/\"},{\"@type\":\"ListItem\",\"position\":2,\"name\":\"Armenio debutar\u00e1 en la Copa Argentina 2026 con V\u00e9lez\"}]},{\"@type\":\"WebSite\",\"@id\":\"https:\/\/nuevodigitaldeescobar.com.ar\/#website\",\"url\":\"https:\/\/nuevodigitaldeescobar.com.ar\/\",\"name\":\"Nuevo Digital de Escobar\",\"description\":\"La vida escobarense. Directora: Rosana Brunner\",\"publisher\":{\"@id\":\"https:\/\/nuevodigitaldeescobar.com.ar\/#organization\"},\"potentialAction\":[{\"@type\":\"SearchAction\",\"target\":{\"@type\":\"EntryPoint\",\"urlTemplate\":\"https:\/\/nuevodigitaldeescobar.com.ar\/?s={search_term_string}\"},\"query-input\":{\"@type\":\"PropertyValueSpecification\",\"valueRequired\":true,\"valueName\":\"search_term_string\"}}],\"inLanguage\":\"es\"},{\"@type\":\"Organization\",\"@id\":\"https:\/\/nuevodigitaldeescobar.com.ar\/#organization\",\"name\":\"Nuevo Digital de Escobar\",\"url\":\"https:\/\/nuevodigitaldeescobar.com.ar\/\",\"logo\":{\"@type\":\"ImageObject\",\"inLanguage\":\"es\",\"@id\":\"https:\/\/nuevodigitaldeescobar.com.ar\/#\/schema\/logo\/image\/\",\"url\":\"https:\/\/nuevodigitaldeescobar.com.ar\/wp-content\/uploads\/2025\/05\/cropped-logo-nuevo2.jpg\",\"contentUrl\":\"https:\/\/nuevodigitaldeescobar.com.ar\/wp-content\/uploads\/2025\/05\/cropped-logo-nuevo2.jpg\",\"width\":305,\"height\":305,\"caption\":\"Nuevo Digital de Escobar\"},\"image\":{\"@id\":\"https:\/\/nuevodigitaldeescobar.com.ar\/#\/schema\/logo\/image\/\"},\"sameAs\":[\"https:\/\/www.facebook.com\/NUEVODigitalDeEscobar\",\"https:\/\/x.com\/nuevodigescobar\",\"https:\/\/www.instagram.com\/nuevodigitaldeescobar\"]},{\"@type\":\"Person\",\"@id\":\"https:\/\/nuevodigitaldeescobar.com.ar\/#\/schema\/person\/035e90a8efe9a80e6eec22656ad6ea4c\",\"name\":\"Redacci\u00f3n\",\"image\":{\"@type\":\"ImageObject\",\"inLanguage\":\"es\",\"@id\":\"https:\/\/nuevodigitaldeescobar.com.ar\/#\/schema\/person\/image\/\",\"url\":\"https:\/\/secure.gravatar.com\/avatar\/8af8f40000c24e9eef3034f2be5998a372bb1389e64b1a4a36b3a7979142220d?s=96&d=mm&r=g\",\"contentUrl\":\"https:\/\/secure.gravatar.com\/avatar\/8af8f40000c24e9eef3034f2be5998a372bb1389e64b1a4a36b3a7979142220d?s=96&d=mm&r=g\",\"caption\":\"Redacci\u00f3n\"},\"sameAs\":[\"http:\/\/nuevodigitaldeescobar.com.ar\"],\"url\":\"https:\/\/nuevodigitaldeescobar.com.ar\/?author=1\"}]}<\/script>\n<!-- \/ Yoast SEO plugin. -->","yoast_head_json":{"title":"Armenio debutar\u00e1 en la Copa Argentina 2026 con V\u00e9lez - Nuevo Digital de Escobar","description":"El Tricolor jugar\u00e1 nuevamente el Torneo m\u00e1s Federal de la Argentina y debutar\u00e1 en 32vos frente al Fort\u00edn de Liniers. Ser\u00e1 la sexta participaci\u00f3n del conjunto de Maschwitz donde el este a\u00f1o logr\u00f3 la enorme victoria ante Talleres de C\u00f3rdoba.\u00a0","robots":{"index":"index","follow":"follow","max-snippet":"max-snippet:-1","max-image-preview":"max-image-preview:large","max-video-preview":"max-video-preview:-1"},"canonical":"https:\/\/nuevodigitaldeescobar.com.ar\/?p=19193","og_locale":"es_ES","og_type":"article","og_title":"Armenio debutar\u00e1 en la Copa Argentina 2026","og_description":"El Tricolor jugar\u00e1 nuevamente el Torneo m\u00e1s Federal de la Argentina y debutar\u00e1 en 32vos frente al Fort\u00edn de Liniers. Ser\u00e1 la sexta participaci\u00f3n del conjunto de Maschwitz donde el este a\u00f1o logr\u00f3 la enorme victoria ante Talleres de C\u00f3rdoba.\u00a0","og_url":"https:\/\/nuevodigitaldeescobar.com.ar\/?p=19193","og_site_name":"Nuevo Digital de Escobar","article_publisher":"https:\/\/www.facebook.com\/NUEVODigitalDeEscobar","article_published_time":"2025-12-10T14:15:00+00:00","article_modified_time":"2025-12-12T20:26:17+00:00","og_image":[{"width":1200,"height":675,"url":"http:\/\/nuevodigitaldeescobar.com.ar\/wp-content\/uploads\/2025\/12\/deportivo-armenio-festejo-copa-argentina.webp","type":"image\/webp"}],"author":"Redacci\u00f3n","twitter_card":"summary_large_image","twitter_creator":"@nuevodigescobar","twitter_site":"@nuevodigescobar","twitter_misc":{"Escrito por":"Redacci\u00f3n","Tiempo de lectura":"1 minuto"},"schema":{"@context":"https:\/\/schema.org","@graph":[{"@type":"Article","@id":"https:\/\/nuevodigitaldeescobar.com.ar\/?p=19193#article","isPartOf":{"@id":"https:\/\/nuevodigitaldeescobar.com.ar\/?p=19193"},"author":{"name":"Redacci\u00f3n","@id":"https:\/\/nuevodigitaldeescobar.com.ar\/#\/schema\/person\/035e90a8efe9a80e6eec22656ad6ea4c"},"headline":"Armenio debutar\u00e1 en la Copa Argentina 2026 con V\u00e9lez","datePublished":"2025-12-10T14:15:00+00:00","dateModified":"2025-12-12T20:26:17+00:00","mainEntityOfPage":{"@id":"https:\/\/nuevodigitaldeescobar.com.ar\/?p=19193"},"wordCount":192,"commentCount":0,"publisher":{"@id":"https:\/\/nuevodigitaldeescobar.com.ar\/#organization"},"image":{"@id":"https:\/\/nuevodigitaldeescobar.com.ar\/?p=19193#primaryimage"},"thumbnailUrl":"https:\/\/nuevodigitaldeescobar.com.ar\/wp-content\/uploads\/2025\/12\/deportivo-armenio-festejo-copa-argentina.webp","keywords":["Copa Argentina","Deportivo Armenio"],"articleSection":["Inter\u00e9s general"],"inLanguage":"es","potentialAction":[{"@type":"CommentAction","name":"Comment","target":["https:\/\/nuevodigitaldeescobar.com.ar\/?p=19193#respond"]}]},{"@type":"WebPage","@id":"https:\/\/nuevodigitaldeescobar.com.ar\/?p=19193","url":"https:\/\/nuevodigitaldeescobar.com.ar\/?p=19193","name":"Armenio debutar\u00e1 en la Copa Argentina 2026 con V\u00e9lez - Nuevo Digital de Escobar","isPartOf":{"@id":"https:\/\/nuevodigitaldeescobar.com.ar\/#website"},"primaryImageOfPage":{"@id":"https:\/\/nuevodigitaldeescobar.com.ar\/?p=19193#primaryimage"},"image":{"@id":"https:\/\/nuevodigitaldeescobar.com.ar\/?p=19193#primaryimage"},"thumbnailUrl":"https:\/\/nuevodigitaldeescobar.com.ar\/wp-content\/uploads\/2025\/12\/deportivo-armenio-festejo-copa-argentina.webp","datePublished":"2025-12-10T14:15:00+00:00","dateModified":"2025-12-12T20:26:17+00:00","description":"El Tricolor jugar\u00e1 nuevamente el Torneo m\u00e1s Federal de la Argentina y debutar\u00e1 en 32vos frente al Fort\u00edn de Liniers. Ser\u00e1 la sexta participaci\u00f3n del conjunto de Maschwitz donde el este a\u00f1o logr\u00f3 la enorme victoria ante Talleres de C\u00f3rdoba.\u00a0","breadcrumb":{"@id":"https:\/\/nuevodigitaldeescobar.com.ar\/?p=19193#breadcrumb"},"inLanguage":"es","potentialAction":[{"@type":"ReadAction","target":["https:\/\/nuevodigitaldeescobar.com.ar\/?p=19193"]}]},{"@type":"ImageObject","inLanguage":"es","@id":"https:\/\/nuevodigitaldeescobar.com.ar\/?p=19193#primaryimage","url":"https:\/\/nuevodigitaldeescobar.com.ar\/wp-content\/uploads\/2025\/12\/deportivo-armenio-festejo-copa-argentina.webp","contentUrl":"https:\/\/nuevodigitaldeescobar.com.ar\/wp-content\/uploads\/2025\/12\/deportivo-armenio-festejo-copa-argentina.webp","width":1200,"height":675},{"@type":"BreadcrumbList","@id":"https:\/\/nuevodigitaldeescobar.com.ar\/?p=19193#breadcrumb","itemListElement":[{"@type":"ListItem","position":1,"name":"Portada","item":"https:\/\/nuevodigitaldeescobar.com.ar\/"},{"@type":"ListItem","position":2,"name":"Armenio debutar\u00e1 en la Copa Argentina 2026 con V\u00e9lez"}]},{"@type":"WebSite","@id":"https:\/\/nuevodigitaldeescobar.com.ar\/#website","url":"https:\/\/nuevodigitaldeescobar.com.ar\/","name":"Nuevo Digital de Escobar","description":"La vida escobarense. Directora: Rosana Brunner","publisher":{"@id":"https:\/\/nuevodigitaldeescobar.com.ar\/#organization"},"potentialAction":[{"@type":"SearchAction","target":{"@type":"EntryPoint","urlTemplate":"https:\/\/nuevodigitaldeescobar.com.ar\/?s={search_term_string}"},"query-input":{"@type":"PropertyValueSpecification","valueRequired":true,"valueName":"search_term_string"}}],"inLanguage":"es"},{"@type":"Organization","@id":"https:\/\/nuevodigitaldeescobar.com.ar\/#organization","name":"Nuevo Digital de Escobar","url":"https:\/\/nuevodigitaldeescobar.com.ar\/","logo":{"@type":"ImageObject","inLanguage":"es","@id":"https:\/\/nuevodigitaldeescobar.com.ar\/#\/schema\/logo\/image\/","url":"https:\/\/nuevodigitaldeescobar.com.ar\/wp-content\/uploads\/2025\/05\/cropped-logo-nuevo2.jpg","contentUrl":"https:\/\/nuevodigitaldeescobar.com.ar\/wp-content\/uploads\/2025\/05\/cropped-logo-nuevo2.jpg","width":305,"height":305,"caption":"Nuevo Digital de Escobar"},"image":{"@id":"https:\/\/nuevodigitaldeescobar.com.ar\/#\/schema\/logo\/image\/"},"sameAs":["https:\/\/www.facebook.com\/NUEVODigitalDeEscobar","https:\/\/x.com\/nuevodigescobar","https:\/\/www.instagram.com\/nuevodigitaldeescobar"]},{"@type":"Person","@id":"https:\/\/nuevodigitaldeescobar.com.ar\/#\/schema\/person\/035e90a8efe9a80e6eec22656ad6ea4c","name":"Redacci\u00f3n","image":{"@type":"ImageObject","inLanguage":"es","@id":"https:\/\/nuevodigitaldeescobar.com.ar\/#\/schema\/person\/image\/","url":"https:\/\/secure.gravatar.com\/avatar\/8af8f40000c24e9eef3034f2be5998a372bb1389e64b1a4a36b3a7979142220d?s=96&d=mm&r=g","contentUrl":"https:\/\/secure.gravatar.com\/avatar\/8af8f40000c24e9eef3034f2be5998a372bb1389e64b1a4a36b3a7979142220d?s=96&d=mm&r=g","caption":"Redacci\u00f3n"},"sameAs":["http:\/\/nuevodigitaldeescobar.com.ar"],"url":"https:\/\/nuevodigitaldeescobar.com.ar\/?author=1"}]}},"featured_image_urls":{"full":["https:\/\/nuevodigitaldeescobar.com.ar\/wp-content\/uploads\/2025\/12\/deportivo-armenio-festejo-copa-argentina.webp",1200,675,false],"thumbnail":["https:\/\/nuevodigitaldeescobar.com.ar\/wp-content\/uploads\/2025\/12\/deportivo-armenio-festejo-copa-argentina-150x150.webp",150,150,true],"medium":["https:\/\/nuevodigitaldeescobar.com.ar\/wp-content\/uploads\/2025\/12\/deportivo-armenio-festejo-copa-argentina-300x169.webp",300,169,true],"medium_large":["https:\/\/nuevodigitaldeescobar.com.ar\/wp-content\/uploads\/2025\/12\/deportivo-armenio-festejo-copa-argentina-768x432.webp",640,360,true],"large":["https:\/\/nuevodigitaldeescobar.com.ar\/wp-content\/uploads\/2025\/12\/deportivo-armenio-festejo-copa-argentina-1024x576.webp",640,360,true],"1536x1536":["https:\/\/nuevodigitaldeescobar.com.ar\/wp-content\/uploads\/2025\/12\/deportivo-armenio-festejo-copa-argentina.webp",1200,675,false],"2048x2048":["https:\/\/nuevodigitaldeescobar.com.ar\/wp-content\/uploads\/2025\/12\/deportivo-armenio-festejo-copa-argentina.webp",1200,675,false]},"author_info":{"display_name":"Redacci\u00f3n","author_link":"https:\/\/nuevodigitaldeescobar.com.ar\/?author=1"},"category_info":"<a href=\"https:\/\/nuevodigitaldeescobar.com.ar\/?cat=7\" rel=\"category\">Inter\u00e9s general<\/a>","tag_info":"Inter\u00e9s general","comment_count":"0","_links":{"self":[{"href":"https:\/\/nuevodigitaldeescobar.com.ar\/index.php?rest_route=\/wp\/v2\/posts\/19193","targetHints":{"allow":["GET"]}}],"collection":[{"href":"https:\/\/nuevodigitaldeescobar.com.ar\/index.php?rest_route=\/wp\/v2\/posts"}],"about":[{"href":"https:\/\/nuevodigitaldeescobar.com.ar\/index.php?rest_route=\/wp\/v2\/types\/post"}],"author":[{"embeddable":true,"href":"https:\/\/nuevodigitaldeescobar.com.ar\/index.php?rest_route=\/wp\/v2\/users\/1"}],"replies":[{"embeddable":true,"href":"https:\/\/nuevodigitaldeescobar.com.ar\/index.php?rest_route=%2Fwp%2Fv2%2Fcomments&post=19193"}],"version-history":[{"count":3,"href":"https:\/\/nuevodigitaldeescobar.com.ar\/index.php?rest_route=\/wp\/v2\/posts\/19193\/revisions"}],"predecessor-version":[{"id":19227,"href":"https:\/\/nuevodigitaldeescobar.com.ar\/index.php?rest_route=\/wp\/v2\/posts\/19193\/revisions\/19227"}],"wp:featuredmedia":[{"embeddable":true,"href":"https:\/\/nuevodigitaldeescobar.com.ar\/index.php?rest_route=\/wp\/v2\/media\/19195"}],"wp:attachment":[{"href":"https:\/\/nuevodigitaldeescobar.com.ar\/index.php?rest_route=%2Fwp%2Fv2%2Fmedia&parent=19193"}],"wp:term":[{"taxonomy":"category","embeddable":true,"href":"https:\/\/nuevodigitaldeescobar.com.ar\/index.php?rest_route=%2Fwp%2Fv2%2Fcategories&post=19193"},{"taxonomy":"post_tag","embeddable":true,"href":"https:\/\/nuevodigitaldeescobar.com.ar\/index.php?rest_route=%2Fwp%2Fv2%2Ftags&post=19193"}],"curies":[{"name":"wp","href":"https:\/\/api.w.org\/{rel}","templated":true}]}}