{"id":19205,"date":"2025-12-11T15:12:38","date_gmt":"2025-12-11T18:12:38","guid":{"rendered":"https:\/\/nuevodigitaldeescobar.com.ar\/?p=19205"},"modified":"2025-12-11T15:13:42","modified_gmt":"2025-12-11T18:13:42","slug":"el-domingo-se-exhibira-en-escobar-el-caliz-de-la-paz-que-se-le-entregara-al-papa-en-el-vaticano","status":"publish","type":"post","link":"https:\/\/nuevodigitaldeescobar.com.ar\/?p=19205","title":{"rendered":"El domingo se exhibir\u00e1 en Escobar el C\u00e1liz de la Paz que se le entregar\u00e1 al Papa en el Vaticano"},"content":{"rendered":"\n<p>Por \u00fanica vez, se exhibir\u00e1 en Escobar el C\u00e1liz de la Paz que se cre\u00f3 para ser entregado al Papa Le\u00f3n XIV. Ser\u00e1 este domingo durante la edici\u00f3n navide\u00f1a del Mercado de Oportunidades que tendr\u00e1 lugar en el Predio Floral de Bel\u00e9n de Escobar (Mateo Gelves 1050). <\/p>\n\n\n\n<!--more-->\n\n\n\n<p>Esta obra, realizada por el reconocido orfebre argentino Juan Carlos Pallarols y elaborada con balas fundidas provenientes de distintos conflictos b\u00e9licos, es un gesto art\u00edstico y humanitario que busca promover la uni\u00f3n y la reconciliaci\u00f3n entre los pueblos.<\/p>\n\n\n\n<p>El c\u00e1liz fue concebido para ser entregado al Papa Le\u00f3n XIV, y antes de viajar a Roma, Pallarols ha decidido que recorra varios distritos de todo el pa\u00eds, siendo Escobar una de las sedes elegidas para su exhibici\u00f3n. Durante la jornada de exhibici\u00f3n, de 13.30 a 16 horas, habr\u00e1 una charla sobre el proceso de creaci\u00f3n con el equipo de Juan Carlos Pallarols.<\/p>\n\n\n\n<p>Adem\u00e1s, est\u00e1 previsto que la pieza llegue a Chiclayo, ciudad peruana donde Le\u00f3n XIV fue obispo, completando as\u00ed un recorrido nacional e internacional que destaca la importancia del arte como puente de paz y esperanza.<\/p>\n","protected":false},"excerpt":{"rendered":"<p>Por \u00fanica vez, se exhibir\u00e1 en Escobar el C\u00e1liz de la Paz que se cre\u00f3 para ser entregado al Papa Le\u00f3n XIV. Ser\u00e1 este domingo [&hellip;]<\/p>\n","protected":false},"author":1,"featured_media":19207,"comment_status":"open","ping_status":"open","sticky":false,"template":"","format":"standard","meta":{"footnotes":""},"categories":[7],"tags":[],"class_list":["post-19205","post","type-post","status-publish","format-standard","has-post-thumbnail","hentry","category-interes-general"],"better_featured_image":{"id":19207,"alt_text":"","caption":"","description":"","media_type":"image","media_details":{"width":1600,"height":1135,"file":"2025\/12\/whatsapp_image_2025_12_02_at_09_13_31.jpeg","filesize":601962,"sizes":{"medium":{"file":"whatsapp_image_2025_12_02_at_09_13_31-300x213.jpeg","width":300,"height":213,"mime-type":"image\/jpeg","filesize":18968,"source_url":"https:\/\/nuevodigitaldeescobar.com.ar\/wp-content\/uploads\/2025\/12\/whatsapp_image_2025_12_02_at_09_13_31-300x213.jpeg"},"large":{"file":"whatsapp_image_2025_12_02_at_09_13_31-1024x726.jpeg","width":1024,"height":726,"mime-type":"image\/jpeg","filesize":152305,"source_url":"https:\/\/nuevodigitaldeescobar.com.ar\/wp-content\/uploads\/2025\/12\/whatsapp_image_2025_12_02_at_09_13_31-1024x726.jpeg"},"thumbnail":{"file":"whatsapp_image_2025_12_02_at_09_13_31-150x150.jpeg","width":150,"height":150,"mime-type":"image\/jpeg","filesize":7666,"source_url":"https:\/\/nuevodigitaldeescobar.com.ar\/wp-content\/uploads\/2025\/12\/whatsapp_image_2025_12_02_at_09_13_31-150x150.jpeg"},"medium_large":{"file":"whatsapp_image_2025_12_02_at_09_13_31-768x545.jpeg","width":768,"height":545,"mime-type":"image\/jpeg","filesize":92925,"source_url":"https:\/\/nuevodigitaldeescobar.com.ar\/wp-content\/uploads\/2025\/12\/whatsapp_image_2025_12_02_at_09_13_31-768x545.jpeg"},"1536x1536":{"file":"whatsapp_image_2025_12_02_at_09_13_31-1536x1090.jpeg","width":1536,"height":1090,"mime-type":"image\/jpeg","filesize":311256,"source_url":"https:\/\/nuevodigitaldeescobar.com.ar\/wp-content\/uploads\/2025\/12\/whatsapp_image_2025_12_02_at_09_13_31-1536x1090.jpeg"}},"image_meta":{"aperture":"0","credit":"","camera":"","caption":"","created_timestamp":"0","copyright":"","focal_length":"0","iso":"0","shutter_speed":"0","title":"","orientation":"0","keywords":[]}},"post":19205,"source_url":"https:\/\/nuevodigitaldeescobar.com.ar\/wp-content\/uploads\/2025\/12\/whatsapp_image_2025_12_02_at_09_13_31.jpeg"},"yoast_head":"<!-- This site is optimized with the Yoast SEO plugin v26.1.1 - https:\/\/yoast.com\/wordpress\/plugins\/seo\/ -->\n<title>El domingo se exhibir\u00e1 en Escobar el C\u00e1liz de la Paz que se le entregar\u00e1 al Papa en el Vaticano - Nuevo Digital de Escobar<\/title>\n<meta name=\"description\" content=\"Esta obra, realizada por el reconocido orfebre argentino Juan Carlos Pallarols y elaborada con balas fundidas provenientes de distintos conflictos b\u00e9licos, es un gesto art\u00edstico y humanitario que busca promover la uni\u00f3n y la reconciliaci\u00f3n entre los pueblos.\" \/>\n<meta name=\"robots\" content=\"index, follow, max-snippet:-1, max-image-preview:large, max-video-preview:-1\" \/>\n<link rel=\"canonical\" href=\"https:\/\/nuevodigitaldeescobar.com.ar\/?p=19205\" \/>\n<meta property=\"og:locale\" content=\"es_ES\" \/>\n<meta property=\"og:type\" content=\"article\" \/>\n<meta property=\"og:title\" content=\"El domingo se exhibir\u00e1 en Escobar el C\u00e1liz de la Paz que se le entregar\u00e1 al Papa en el Vaticano\" \/>\n<meta property=\"og:description\" content=\"Esta obra, realizada por el reconocido orfebre argentino Juan Carlos Pallarols y elaborada con balas fundidas provenientes de distintos conflictos b\u00e9licos, es un gesto art\u00edstico y humanitario que busca promover la uni\u00f3n y la reconciliaci\u00f3n entre los pueblos.\" \/>\n<meta property=\"og:url\" content=\"https:\/\/nuevodigitaldeescobar.com.ar\/?p=19205\" \/>\n<meta property=\"og:site_name\" content=\"Nuevo Digital de Escobar\" \/>\n<meta property=\"article:publisher\" content=\"https:\/\/www.facebook.com\/NUEVODigitalDeEscobar\" \/>\n<meta property=\"article:published_time\" content=\"2025-12-11T18:12:38+00:00\" \/>\n<meta property=\"article:modified_time\" content=\"2025-12-11T18:13:42+00:00\" \/>\n<meta property=\"og:image\" content=\"http:\/\/nuevodigitaldeescobar.com.ar\/wp-content\/uploads\/2025\/12\/whatsapp_image_2025_12_02_at_09_13_31.jpeg\" \/>\n\t<meta property=\"og:image:width\" content=\"1600\" \/>\n\t<meta property=\"og:image:height\" content=\"1135\" \/>\n\t<meta property=\"og:image:type\" content=\"image\/jpeg\" \/>\n<meta name=\"author\" content=\"Redacci\u00f3n\" \/>\n<meta name=\"twitter:card\" content=\"summary_large_image\" \/>\n<meta name=\"twitter:creator\" content=\"@nuevodigescobar\" \/>\n<meta name=\"twitter:site\" content=\"@nuevodigescobar\" \/>\n<meta name=\"twitter:label1\" content=\"Escrito por\" \/>\n\t<meta name=\"twitter:data1\" content=\"Redacci\u00f3n\" \/>\n\t<meta name=\"twitter:label2\" content=\"Tiempo de lectura\" \/>\n\t<meta name=\"twitter:data2\" content=\"2 minutos\" \/>\n<script type=\"application\/ld+json\" class=\"yoast-schema-graph\">{\"@context\":\"https:\/\/schema.org\",\"@graph\":[{\"@type\":\"Article\",\"@id\":\"https:\/\/nuevodigitaldeescobar.com.ar\/?p=19205#article\",\"isPartOf\":{\"@id\":\"https:\/\/nuevodigitaldeescobar.com.ar\/?p=19205\"},\"author\":{\"name\":\"Redacci\u00f3n\",\"@id\":\"https:\/\/nuevodigitaldeescobar.com.ar\/#\/schema\/person\/035e90a8efe9a80e6eec22656ad6ea4c\"},\"headline\":\"El domingo se exhibir\u00e1 en Escobar el C\u00e1liz de la Paz que se le entregar\u00e1 al Papa en el Vaticano\",\"datePublished\":\"2025-12-11T18:12:38+00:00\",\"dateModified\":\"2025-12-11T18:13:42+00:00\",\"mainEntityOfPage\":{\"@id\":\"https:\/\/nuevodigitaldeescobar.com.ar\/?p=19205\"},\"wordCount\":218,\"commentCount\":0,\"publisher\":{\"@id\":\"https:\/\/nuevodigitaldeescobar.com.ar\/#organization\"},\"image\":{\"@id\":\"https:\/\/nuevodigitaldeescobar.com.ar\/?p=19205#primaryimage\"},\"thumbnailUrl\":\"https:\/\/nuevodigitaldeescobar.com.ar\/wp-content\/uploads\/2025\/12\/whatsapp_image_2025_12_02_at_09_13_31.jpeg\",\"articleSection\":[\"Inter\u00e9s general\"],\"inLanguage\":\"es\",\"potentialAction\":[{\"@type\":\"CommentAction\",\"name\":\"Comment\",\"target\":[\"https:\/\/nuevodigitaldeescobar.com.ar\/?p=19205#respond\"]}]},{\"@type\":\"WebPage\",\"@id\":\"https:\/\/nuevodigitaldeescobar.com.ar\/?p=19205\",\"url\":\"https:\/\/nuevodigitaldeescobar.com.ar\/?p=19205\",\"name\":\"El domingo se exhibir\u00e1 en Escobar el C\u00e1liz de la Paz que se le entregar\u00e1 al Papa en el Vaticano - Nuevo Digital de Escobar\",\"isPartOf\":{\"@id\":\"https:\/\/nuevodigitaldeescobar.com.ar\/#website\"},\"primaryImageOfPage\":{\"@id\":\"https:\/\/nuevodigitaldeescobar.com.ar\/?p=19205#primaryimage\"},\"image\":{\"@id\":\"https:\/\/nuevodigitaldeescobar.com.ar\/?p=19205#primaryimage\"},\"thumbnailUrl\":\"https:\/\/nuevodigitaldeescobar.com.ar\/wp-content\/uploads\/2025\/12\/whatsapp_image_2025_12_02_at_09_13_31.jpeg\",\"datePublished\":\"2025-12-11T18:12:38+00:00\",\"dateModified\":\"2025-12-11T18:13:42+00:00\",\"description\":\"Esta obra, realizada por el reconocido orfebre argentino Juan Carlos Pallarols y elaborada con balas fundidas provenientes de distintos conflictos b\u00e9licos, es un gesto art\u00edstico y humanitario que busca promover la uni\u00f3n y la reconciliaci\u00f3n entre los pueblos.\",\"breadcrumb\":{\"@id\":\"https:\/\/nuevodigitaldeescobar.com.ar\/?p=19205#breadcrumb\"},\"inLanguage\":\"es\",\"potentialAction\":[{\"@type\":\"ReadAction\",\"target\":[\"https:\/\/nuevodigitaldeescobar.com.ar\/?p=19205\"]}]},{\"@type\":\"ImageObject\",\"inLanguage\":\"es\",\"@id\":\"https:\/\/nuevodigitaldeescobar.com.ar\/?p=19205#primaryimage\",\"url\":\"https:\/\/nuevodigitaldeescobar.com.ar\/wp-content\/uploads\/2025\/12\/whatsapp_image_2025_12_02_at_09_13_31.jpeg\",\"contentUrl\":\"https:\/\/nuevodigitaldeescobar.com.ar\/wp-content\/uploads\/2025\/12\/whatsapp_image_2025_12_02_at_09_13_31.jpeg\",\"width\":1600,\"height\":1135},{\"@type\":\"BreadcrumbList\",\"@id\":\"https:\/\/nuevodigitaldeescobar.com.ar\/?p=19205#breadcrumb\",\"itemListElement\":[{\"@type\":\"ListItem\",\"position\":1,\"name\":\"Portada\",\"item\":\"https:\/\/nuevodigitaldeescobar.com.ar\/\"},{\"@type\":\"ListItem\",\"position\":2,\"name\":\"El domingo se exhibir\u00e1 en Escobar el C\u00e1liz de la Paz que se le entregar\u00e1 al Papa en el Vaticano\"}]},{\"@type\":\"WebSite\",\"@id\":\"https:\/\/nuevodigitaldeescobar.com.ar\/#website\",\"url\":\"https:\/\/nuevodigitaldeescobar.com.ar\/\",\"name\":\"Nuevo Digital de Escobar\",\"description\":\"La vida escobarense. Directora: Rosana Brunner\",\"publisher\":{\"@id\":\"https:\/\/nuevodigitaldeescobar.com.ar\/#organization\"},\"potentialAction\":[{\"@type\":\"SearchAction\",\"target\":{\"@type\":\"EntryPoint\",\"urlTemplate\":\"https:\/\/nuevodigitaldeescobar.com.ar\/?s={search_term_string}\"},\"query-input\":{\"@type\":\"PropertyValueSpecification\",\"valueRequired\":true,\"valueName\":\"search_term_string\"}}],\"inLanguage\":\"es\"},{\"@type\":\"Organization\",\"@id\":\"https:\/\/nuevodigitaldeescobar.com.ar\/#organization\",\"name\":\"Nuevo Digital de Escobar\",\"url\":\"https:\/\/nuevodigitaldeescobar.com.ar\/\",\"logo\":{\"@type\":\"ImageObject\",\"inLanguage\":\"es\",\"@id\":\"https:\/\/nuevodigitaldeescobar.com.ar\/#\/schema\/logo\/image\/\",\"url\":\"https:\/\/nuevodigitaldeescobar.com.ar\/wp-content\/uploads\/2025\/05\/cropped-logo-nuevo2.jpg\",\"contentUrl\":\"https:\/\/nuevodigitaldeescobar.com.ar\/wp-content\/uploads\/2025\/05\/cropped-logo-nuevo2.jpg\",\"width\":305,\"height\":305,\"caption\":\"Nuevo Digital de Escobar\"},\"image\":{\"@id\":\"https:\/\/nuevodigitaldeescobar.com.ar\/#\/schema\/logo\/image\/\"},\"sameAs\":[\"https:\/\/www.facebook.com\/NUEVODigitalDeEscobar\",\"https:\/\/x.com\/nuevodigescobar\",\"https:\/\/www.instagram.com\/nuevodigitaldeescobar\"]},{\"@type\":\"Person\",\"@id\":\"https:\/\/nuevodigitaldeescobar.com.ar\/#\/schema\/person\/035e90a8efe9a80e6eec22656ad6ea4c\",\"name\":\"Redacci\u00f3n\",\"image\":{\"@type\":\"ImageObject\",\"inLanguage\":\"es\",\"@id\":\"https:\/\/nuevodigitaldeescobar.com.ar\/#\/schema\/person\/image\/\",\"url\":\"https:\/\/secure.gravatar.com\/avatar\/8af8f40000c24e9eef3034f2be5998a372bb1389e64b1a4a36b3a7979142220d?s=96&d=mm&r=g\",\"contentUrl\":\"https:\/\/secure.gravatar.com\/avatar\/8af8f40000c24e9eef3034f2be5998a372bb1389e64b1a4a36b3a7979142220d?s=96&d=mm&r=g\",\"caption\":\"Redacci\u00f3n\"},\"sameAs\":[\"http:\/\/nuevodigitaldeescobar.com.ar\"],\"url\":\"https:\/\/nuevodigitaldeescobar.com.ar\/?author=1\"}]}<\/script>\n<!-- \/ Yoast SEO plugin. -->","yoast_head_json":{"title":"El domingo se exhibir\u00e1 en Escobar el C\u00e1liz de la Paz que se le entregar\u00e1 al Papa en el Vaticano - Nuevo Digital de Escobar","description":"Esta obra, realizada por el reconocido orfebre argentino Juan Carlos Pallarols y elaborada con balas fundidas provenientes de distintos conflictos b\u00e9licos, es un gesto art\u00edstico y humanitario que busca promover la uni\u00f3n y la reconciliaci\u00f3n entre los pueblos.","robots":{"index":"index","follow":"follow","max-snippet":"max-snippet:-1","max-image-preview":"max-image-preview:large","max-video-preview":"max-video-preview:-1"},"canonical":"https:\/\/nuevodigitaldeescobar.com.ar\/?p=19205","og_locale":"es_ES","og_type":"article","og_title":"El domingo se exhibir\u00e1 en Escobar el C\u00e1liz de la Paz que se le entregar\u00e1 al Papa en el Vaticano","og_description":"Esta obra, realizada por el reconocido orfebre argentino Juan Carlos Pallarols y elaborada con balas fundidas provenientes de distintos conflictos b\u00e9licos, es un gesto art\u00edstico y humanitario que busca promover la uni\u00f3n y la reconciliaci\u00f3n entre los pueblos.","og_url":"https:\/\/nuevodigitaldeescobar.com.ar\/?p=19205","og_site_name":"Nuevo Digital de Escobar","article_publisher":"https:\/\/www.facebook.com\/NUEVODigitalDeEscobar","article_published_time":"2025-12-11T18:12:38+00:00","article_modified_time":"2025-12-11T18:13:42+00:00","og_image":[{"width":1600,"height":1135,"url":"http:\/\/nuevodigitaldeescobar.com.ar\/wp-content\/uploads\/2025\/12\/whatsapp_image_2025_12_02_at_09_13_31.jpeg","type":"image\/jpeg"}],"author":"Redacci\u00f3n","twitter_card":"summary_large_image","twitter_creator":"@nuevodigescobar","twitter_site":"@nuevodigescobar","twitter_misc":{"Escrito por":"Redacci\u00f3n","Tiempo de lectura":"2 minutos"},"schema":{"@context":"https:\/\/schema.org","@graph":[{"@type":"Article","@id":"https:\/\/nuevodigitaldeescobar.com.ar\/?p=19205#article","isPartOf":{"@id":"https:\/\/nuevodigitaldeescobar.com.ar\/?p=19205"},"author":{"name":"Redacci\u00f3n","@id":"https:\/\/nuevodigitaldeescobar.com.ar\/#\/schema\/person\/035e90a8efe9a80e6eec22656ad6ea4c"},"headline":"El domingo se exhibir\u00e1 en Escobar el C\u00e1liz de la Paz que se le entregar\u00e1 al Papa en el Vaticano","datePublished":"2025-12-11T18:12:38+00:00","dateModified":"2025-12-11T18:13:42+00:00","mainEntityOfPage":{"@id":"https:\/\/nuevodigitaldeescobar.com.ar\/?p=19205"},"wordCount":218,"commentCount":0,"publisher":{"@id":"https:\/\/nuevodigitaldeescobar.com.ar\/#organization"},"image":{"@id":"https:\/\/nuevodigitaldeescobar.com.ar\/?p=19205#primaryimage"},"thumbnailUrl":"https:\/\/nuevodigitaldeescobar.com.ar\/wp-content\/uploads\/2025\/12\/whatsapp_image_2025_12_02_at_09_13_31.jpeg","articleSection":["Inter\u00e9s general"],"inLanguage":"es","potentialAction":[{"@type":"CommentAction","name":"Comment","target":["https:\/\/nuevodigitaldeescobar.com.ar\/?p=19205#respond"]}]},{"@type":"WebPage","@id":"https:\/\/nuevodigitaldeescobar.com.ar\/?p=19205","url":"https:\/\/nuevodigitaldeescobar.com.ar\/?p=19205","name":"El domingo se exhibir\u00e1 en Escobar el C\u00e1liz de la Paz que se le entregar\u00e1 al Papa en el Vaticano - Nuevo Digital de Escobar","isPartOf":{"@id":"https:\/\/nuevodigitaldeescobar.com.ar\/#website"},"primaryImageOfPage":{"@id":"https:\/\/nuevodigitaldeescobar.com.ar\/?p=19205#primaryimage"},"image":{"@id":"https:\/\/nuevodigitaldeescobar.com.ar\/?p=19205#primaryimage"},"thumbnailUrl":"https:\/\/nuevodigitaldeescobar.com.ar\/wp-content\/uploads\/2025\/12\/whatsapp_image_2025_12_02_at_09_13_31.jpeg","datePublished":"2025-12-11T18:12:38+00:00","dateModified":"2025-12-11T18:13:42+00:00","description":"Esta obra, realizada por el reconocido orfebre argentino Juan Carlos Pallarols y elaborada con balas fundidas provenientes de distintos conflictos b\u00e9licos, es un gesto art\u00edstico y humanitario que busca promover la uni\u00f3n y la reconciliaci\u00f3n entre los pueblos.","breadcrumb":{"@id":"https:\/\/nuevodigitaldeescobar.com.ar\/?p=19205#breadcrumb"},"inLanguage":"es","potentialAction":[{"@type":"ReadAction","target":["https:\/\/nuevodigitaldeescobar.com.ar\/?p=19205"]}]},{"@type":"ImageObject","inLanguage":"es","@id":"https:\/\/nuevodigitaldeescobar.com.ar\/?p=19205#primaryimage","url":"https:\/\/nuevodigitaldeescobar.com.ar\/wp-content\/uploads\/2025\/12\/whatsapp_image_2025_12_02_at_09_13_31.jpeg","contentUrl":"https:\/\/nuevodigitaldeescobar.com.ar\/wp-content\/uploads\/2025\/12\/whatsapp_image_2025_12_02_at_09_13_31.jpeg","width":1600,"height":1135},{"@type":"BreadcrumbList","@id":"https:\/\/nuevodigitaldeescobar.com.ar\/?p=19205#breadcrumb","itemListElement":[{"@type":"ListItem","position":1,"name":"Portada","item":"https:\/\/nuevodigitaldeescobar.com.ar\/"},{"@type":"ListItem","position":2,"name":"El domingo se exhibir\u00e1 en Escobar el C\u00e1liz de la Paz que se le entregar\u00e1 al Papa en el Vaticano"}]},{"@type":"WebSite","@id":"https:\/\/nuevodigitaldeescobar.com.ar\/#website","url":"https:\/\/nuevodigitaldeescobar.com.ar\/","name":"Nuevo Digital de Escobar","description":"La vida escobarense. Directora: Rosana Brunner","publisher":{"@id":"https:\/\/nuevodigitaldeescobar.com.ar\/#organization"},"potentialAction":[{"@type":"SearchAction","target":{"@type":"EntryPoint","urlTemplate":"https:\/\/nuevodigitaldeescobar.com.ar\/?s={search_term_string}"},"query-input":{"@type":"PropertyValueSpecification","valueRequired":true,"valueName":"search_term_string"}}],"inLanguage":"es"},{"@type":"Organization","@id":"https:\/\/nuevodigitaldeescobar.com.ar\/#organization","name":"Nuevo Digital de Escobar","url":"https:\/\/nuevodigitaldeescobar.com.ar\/","logo":{"@type":"ImageObject","inLanguage":"es","@id":"https:\/\/nuevodigitaldeescobar.com.ar\/#\/schema\/logo\/image\/","url":"https:\/\/nuevodigitaldeescobar.com.ar\/wp-content\/uploads\/2025\/05\/cropped-logo-nuevo2.jpg","contentUrl":"https:\/\/nuevodigitaldeescobar.com.ar\/wp-content\/uploads\/2025\/05\/cropped-logo-nuevo2.jpg","width":305,"height":305,"caption":"Nuevo Digital de Escobar"},"image":{"@id":"https:\/\/nuevodigitaldeescobar.com.ar\/#\/schema\/logo\/image\/"},"sameAs":["https:\/\/www.facebook.com\/NUEVODigitalDeEscobar","https:\/\/x.com\/nuevodigescobar","https:\/\/www.instagram.com\/nuevodigitaldeescobar"]},{"@type":"Person","@id":"https:\/\/nuevodigitaldeescobar.com.ar\/#\/schema\/person\/035e90a8efe9a80e6eec22656ad6ea4c","name":"Redacci\u00f3n","image":{"@type":"ImageObject","inLanguage":"es","@id":"https:\/\/nuevodigitaldeescobar.com.ar\/#\/schema\/person\/image\/","url":"https:\/\/secure.gravatar.com\/avatar\/8af8f40000c24e9eef3034f2be5998a372bb1389e64b1a4a36b3a7979142220d?s=96&d=mm&r=g","contentUrl":"https:\/\/secure.gravatar.com\/avatar\/8af8f40000c24e9eef3034f2be5998a372bb1389e64b1a4a36b3a7979142220d?s=96&d=mm&r=g","caption":"Redacci\u00f3n"},"sameAs":["http:\/\/nuevodigitaldeescobar.com.ar"],"url":"https:\/\/nuevodigitaldeescobar.com.ar\/?author=1"}]}},"featured_image_urls":{"full":["https:\/\/nuevodigitaldeescobar.com.ar\/wp-content\/uploads\/2025\/12\/whatsapp_image_2025_12_02_at_09_13_31.jpeg",1600,1135,false],"thumbnail":["https:\/\/nuevodigitaldeescobar.com.ar\/wp-content\/uploads\/2025\/12\/whatsapp_image_2025_12_02_at_09_13_31-150x150.jpeg",150,150,true],"medium":["https:\/\/nuevodigitaldeescobar.com.ar\/wp-content\/uploads\/2025\/12\/whatsapp_image_2025_12_02_at_09_13_31-300x213.jpeg",300,213,true],"medium_large":["https:\/\/nuevodigitaldeescobar.com.ar\/wp-content\/uploads\/2025\/12\/whatsapp_image_2025_12_02_at_09_13_31-768x545.jpeg",640,454,true],"large":["https:\/\/nuevodigitaldeescobar.com.ar\/wp-content\/uploads\/2025\/12\/whatsapp_image_2025_12_02_at_09_13_31-1024x726.jpeg",640,454,true],"1536x1536":["https:\/\/nuevodigitaldeescobar.com.ar\/wp-content\/uploads\/2025\/12\/whatsapp_image_2025_12_02_at_09_13_31-1536x1090.jpeg",1536,1090,true],"2048x2048":["https:\/\/nuevodigitaldeescobar.com.ar\/wp-content\/uploads\/2025\/12\/whatsapp_image_2025_12_02_at_09_13_31.jpeg",1600,1135,false]},"author_info":{"display_name":"Redacci\u00f3n","author_link":"https:\/\/nuevodigitaldeescobar.com.ar\/?author=1"},"category_info":"<a href=\"https:\/\/nuevodigitaldeescobar.com.ar\/?cat=7\" rel=\"category\">Inter\u00e9s general<\/a>","tag_info":"Inter\u00e9s general","comment_count":"0","_links":{"self":[{"href":"https:\/\/nuevodigitaldeescobar.com.ar\/index.php?rest_route=\/wp\/v2\/posts\/19205","targetHints":{"allow":["GET"]}}],"collection":[{"href":"https:\/\/nuevodigitaldeescobar.com.ar\/index.php?rest_route=\/wp\/v2\/posts"}],"about":[{"href":"https:\/\/nuevodigitaldeescobar.com.ar\/index.php?rest_route=\/wp\/v2\/types\/post"}],"author":[{"embeddable":true,"href":"https:\/\/nuevodigitaldeescobar.com.ar\/index.php?rest_route=\/wp\/v2\/users\/1"}],"replies":[{"embeddable":true,"href":"https:\/\/nuevodigitaldeescobar.com.ar\/index.php?rest_route=%2Fwp%2Fv2%2Fcomments&post=19205"}],"version-history":[{"count":1,"href":"https:\/\/nuevodigitaldeescobar.com.ar\/index.php?rest_route=\/wp\/v2\/posts\/19205\/revisions"}],"predecessor-version":[{"id":19206,"href":"https:\/\/nuevodigitaldeescobar.com.ar\/index.php?rest_route=\/wp\/v2\/posts\/19205\/revisions\/19206"}],"wp:featuredmedia":[{"embeddable":true,"href":"https:\/\/nuevodigitaldeescobar.com.ar\/index.php?rest_route=\/wp\/v2\/media\/19207"}],"wp:attachment":[{"href":"https:\/\/nuevodigitaldeescobar.com.ar\/index.php?rest_route=%2Fwp%2Fv2%2Fmedia&parent=19205"}],"wp:term":[{"taxonomy":"category","embeddable":true,"href":"https:\/\/nuevodigitaldeescobar.com.ar\/index.php?rest_route=%2Fwp%2Fv2%2Fcategories&post=19205"},{"taxonomy":"post_tag","embeddable":true,"href":"https:\/\/nuevodigitaldeescobar.com.ar\/index.php?rest_route=%2Fwp%2Fv2%2Ftags&post=19205"}],"curies":[{"name":"wp","href":"https:\/\/api.w.org\/{rel}","templated":true}]}}