{"id":19212,"date":"2025-12-12T13:00:58","date_gmt":"2025-12-12T16:00:58","guid":{"rendered":"https:\/\/nuevodigitaldeescobar.com.ar\/?p=19212"},"modified":"2025-12-12T13:01:01","modified_gmt":"2025-12-12T16:01:01","slug":"fatal-imprudencia-en-las-vias-un-hombre-perdio-la-vida-al-ser-embestido-por-el-tren-en-barrio-phillips","status":"publish","type":"post","link":"https:\/\/nuevodigitaldeescobar.com.ar\/?p=19212","title":{"rendered":"Fatal imprudencia en las v\u00edas: un hombre perdi\u00f3 la vida al ser embestido por el tren en Barrio Phillips"},"content":{"rendered":"\n<p class=\"has-vivid-cyan-blue-color has-text-color has-link-color wp-elements-cd8360b4ba69f2d98b60ca2986bef48a\"><strong><em>El siniestro ocurri\u00f3 en el cruce de la calle Paseo de Julio, en Bel\u00e9n de Escobar. La v\u00edctima se encontraba sobre el trazado ferroviario junto a otras personas cuando la formaci\u00f3n, que llegaba desde Z\u00e1rate, lo impact\u00f3.<\/em><\/strong><\/p>\n\n\n\n<!--more-->\n\n\n\n<p>La tarde del mi\u00e9rcoles termin\u00f3 en tragedia en Bel\u00e9n de Escobar. Un hombre de 55 a\u00f1os falleci\u00f3 en el acto tras ser arrollado por una formaci\u00f3n del ferrocarril Mitre en el paso a nivel ubicado a la altura de la calle <strong>Paseo de Julio<\/strong>, en el <strong>Barrio Phillips<\/strong>.<\/p>\n\n\n\n<p>El hecho se registr\u00f3 pasadas las 19:00 horas. Seg\u00fan las primeras reconstrucciones basadas en testimonios y fuentes policiales, el accidente se produjo en un contexto de extrema imprudencia. La v\u00edctima, identificada como <strong>Marcelo Waldemar Ruiz<\/strong>, se encontraba sentada directamente sobre las v\u00edas compartiendo bebidas alcoh\u00f3licas con dos acompa\u00f1antes.<\/p>\n\n\n\n<h3 class=\"wp-block-heading has-text-color has-link-color wp-elements-f504d6ba26f438a00be9bd8a04ce0738\" style=\"color:#3147c2\">La mec\u00e1nica del accidente<\/h3>\n\n\n\n<p>La formaci\u00f3n circulaba en sentido Z\u00e1rate-Escobar, prepar\u00e1ndose para el ingreso a la estaci\u00f3n local. Al notar la presencia del tren y escuchar las se\u00f1ales de alerta, las dos personas que acompa\u00f1aban a Ruiz lograron reaccionar y apartarse de la zona de peligro. Sin embargo, la v\u00edctima no lleg\u00f3 a incorporarse a tiempo y fue alcanzada de lleno por la maquinaria.<\/p>\n\n\n\n<p>El impacto fue fatal e inmediato. A bordo del tren viajaban personal de Trenes Argentinos y efectivos de la Polic\u00eda Federal, quienes fueron los primeros testigos en prestar declaraci\u00f3n para esclarecer la secuencia de los hechos.<\/p>\n\n\n\n<h3 class=\"wp-block-heading has-text-color has-link-color wp-elements-8834ebf080b0b22cafd7ef6e8e922873\" style=\"color:#3147c2\">Operativo de emergencia<\/h3>\n\n\n\n<p>En el lugar se despleg\u00f3 r\u00e1pidamente un operativo que incluy\u00f3 a Bomberos Voluntarios de Escobar, personal del SAME y agentes de la Polic\u00eda Cient\u00edfica. El servicio del ramal se vio afectado en su v\u00eda descendente durante varias horas mientras los peritos realizaban las tareas de rigor y el levantamiento del cuerpo.<\/p>\n\n\n\n<p>La causa qued\u00f3 en manos de la Comisar\u00eda Escobar 1ra, bajo la car\u00e1tula de \u00abaccidente ferroviario\u00bb. Este lamentable suceso vuelve a poner en foco la peligrosidad de permanecer en zonas operativas del ferrocarril y la importancia de respetar las zonas de seguridad en los cruces a nivel.<\/p>\n","protected":false},"excerpt":{"rendered":"<p>El siniestro ocurri\u00f3 en el cruce de la calle Paseo de Julio, en Bel\u00e9n de Escobar. La v\u00edctima se encontraba sobre el trazado ferroviario junto [&hellip;]<\/p>\n","protected":false},"author":1,"featured_media":3957,"comment_status":"open","ping_status":"open","sticky":false,"template":"","format":"standard","meta":{"footnotes":""},"categories":[13],"tags":[],"class_list":["post-19212","post","type-post","status-publish","format-standard","has-post-thumbnail","hentry","category-policiales"],"better_featured_image":{"id":3957,"alt_text":"","caption":"","description":"","media_type":"image","media_details":{"width":720,"height":470,"file":"2024\/03\/policia-bonaerense-1-e1709648320115.jpg","filesize":84592,"sizes":{"medium":{"file":"policia-bonaerense-1-300x196.jpg","width":300,"height":196,"mime-type":"image\/jpeg","filesize":18240,"source_url":"https:\/\/nuevodigitaldeescobar.com.ar\/wp-content\/uploads\/2024\/03\/policia-bonaerense-1-300x196.jpg"},"thumbnail":{"file":"policia-bonaerense-1-150x150.jpg","width":150,"height":150,"mime-type":"image\/jpeg","filesize":10488,"source_url":"https:\/\/nuevodigitaldeescobar.com.ar\/wp-content\/uploads\/2024\/03\/policia-bonaerense-1-150x150.jpg"},"medium_large":{"file":"policia-bonaerense-1-768x502.jpg","width":768,"height":502,"mime-type":"image\/jpeg","filesize":58283,"source_url":"https:\/\/nuevodigitaldeescobar.com.ar\/wp-content\/uploads\/2024\/03\/policia-bonaerense-1-768x502.jpg"}},"image_meta":{"aperture":"0","credit":"","camera":"","caption":"","created_timestamp":"0","copyright":"","focal_length":"0","iso":"0","shutter_speed":"0","title":"","orientation":"0","keywords":[]}},"post":3956,"source_url":"https:\/\/nuevodigitaldeescobar.com.ar\/wp-content\/uploads\/2024\/03\/policia-bonaerense-1-e1709648320115.jpg"},"yoast_head":"<!-- This site is optimized with the Yoast SEO plugin v26.1.1 - https:\/\/yoast.com\/wordpress\/plugins\/seo\/ -->\n<title>Fatal imprudencia en las v\u00edas: un hombre perdi\u00f3 la vida al ser embestido por el tren en Barrio Phillips - Nuevo Digital de Escobar<\/title>\n<meta name=\"robots\" content=\"index, follow, max-snippet:-1, max-image-preview:large, max-video-preview:-1\" \/>\n<link rel=\"canonical\" href=\"https:\/\/nuevodigitaldeescobar.com.ar\/?p=19212\" \/>\n<meta property=\"og:locale\" content=\"es_ES\" \/>\n<meta property=\"og:type\" content=\"article\" \/>\n<meta property=\"og:title\" content=\"Fatal imprudencia en las v\u00edas: un hombre perdi\u00f3 la vida al ser embestido por el tren en Barrio Phillips - Nuevo Digital de Escobar\" \/>\n<meta property=\"og:description\" content=\"El siniestro ocurri\u00f3 en el cruce de la calle Paseo de Julio, en Bel\u00e9n de Escobar. La v\u00edctima se encontraba sobre el trazado ferroviario junto [&hellip;]\" \/>\n<meta property=\"og:url\" content=\"https:\/\/nuevodigitaldeescobar.com.ar\/?p=19212\" \/>\n<meta property=\"og:site_name\" content=\"Nuevo Digital de Escobar\" \/>\n<meta property=\"article:publisher\" content=\"https:\/\/www.facebook.com\/NUEVODigitalDeEscobar\" \/>\n<meta property=\"article:published_time\" content=\"2025-12-12T16:00:58+00:00\" \/>\n<meta property=\"article:modified_time\" content=\"2025-12-12T16:01:01+00:00\" \/>\n<meta property=\"og:image\" content=\"http:\/\/nuevodigitaldeescobar.com.ar\/wp-content\/uploads\/2024\/03\/policia-bonaerense-1-e1709648320115.jpg\" \/>\n\t<meta property=\"og:image:width\" content=\"720\" \/>\n\t<meta property=\"og:image:height\" content=\"470\" \/>\n\t<meta property=\"og:image:type\" content=\"image\/jpeg\" \/>\n<meta name=\"author\" content=\"Redacci\u00f3n\" \/>\n<meta name=\"twitter:card\" content=\"summary_large_image\" \/>\n<meta name=\"twitter:creator\" content=\"@nuevodigescobar\" \/>\n<meta name=\"twitter:site\" content=\"@nuevodigescobar\" \/>\n<meta name=\"twitter:label1\" content=\"Escrito por\" \/>\n\t<meta name=\"twitter:data1\" content=\"Redacci\u00f3n\" \/>\n\t<meta name=\"twitter:label2\" content=\"Tiempo de lectura\" \/>\n\t<meta name=\"twitter:data2\" content=\"2 minutos\" \/>\n<script type=\"application\/ld+json\" class=\"yoast-schema-graph\">{\"@context\":\"https:\/\/schema.org\",\"@graph\":[{\"@type\":\"Article\",\"@id\":\"https:\/\/nuevodigitaldeescobar.com.ar\/?p=19212#article\",\"isPartOf\":{\"@id\":\"https:\/\/nuevodigitaldeescobar.com.ar\/?p=19212\"},\"author\":{\"name\":\"Redacci\u00f3n\",\"@id\":\"https:\/\/nuevodigitaldeescobar.com.ar\/#\/schema\/person\/035e90a8efe9a80e6eec22656ad6ea4c\"},\"headline\":\"Fatal imprudencia en las v\u00edas: un hombre perdi\u00f3 la vida al ser embestido por el tren en Barrio Phillips\",\"datePublished\":\"2025-12-12T16:00:58+00:00\",\"dateModified\":\"2025-12-12T16:01:01+00:00\",\"mainEntityOfPage\":{\"@id\":\"https:\/\/nuevodigitaldeescobar.com.ar\/?p=19212\"},\"wordCount\":381,\"commentCount\":0,\"publisher\":{\"@id\":\"https:\/\/nuevodigitaldeescobar.com.ar\/#organization\"},\"image\":{\"@id\":\"https:\/\/nuevodigitaldeescobar.com.ar\/?p=19212#primaryimage\"},\"thumbnailUrl\":\"https:\/\/nuevodigitaldeescobar.com.ar\/wp-content\/uploads\/2024\/03\/policia-bonaerense-1-e1709648320115.jpg\",\"articleSection\":[\"Policiales\"],\"inLanguage\":\"es\",\"potentialAction\":[{\"@type\":\"CommentAction\",\"name\":\"Comment\",\"target\":[\"https:\/\/nuevodigitaldeescobar.com.ar\/?p=19212#respond\"]}]},{\"@type\":\"WebPage\",\"@id\":\"https:\/\/nuevodigitaldeescobar.com.ar\/?p=19212\",\"url\":\"https:\/\/nuevodigitaldeescobar.com.ar\/?p=19212\",\"name\":\"Fatal imprudencia en las v\u00edas: un hombre perdi\u00f3 la vida al ser embestido por el tren en Barrio Phillips - Nuevo Digital de Escobar\",\"isPartOf\":{\"@id\":\"https:\/\/nuevodigitaldeescobar.com.ar\/#website\"},\"primaryImageOfPage\":{\"@id\":\"https:\/\/nuevodigitaldeescobar.com.ar\/?p=19212#primaryimage\"},\"image\":{\"@id\":\"https:\/\/nuevodigitaldeescobar.com.ar\/?p=19212#primaryimage\"},\"thumbnailUrl\":\"https:\/\/nuevodigitaldeescobar.com.ar\/wp-content\/uploads\/2024\/03\/policia-bonaerense-1-e1709648320115.jpg\",\"datePublished\":\"2025-12-12T16:00:58+00:00\",\"dateModified\":\"2025-12-12T16:01:01+00:00\",\"breadcrumb\":{\"@id\":\"https:\/\/nuevodigitaldeescobar.com.ar\/?p=19212#breadcrumb\"},\"inLanguage\":\"es\",\"potentialAction\":[{\"@type\":\"ReadAction\",\"target\":[\"https:\/\/nuevodigitaldeescobar.com.ar\/?p=19212\"]}]},{\"@type\":\"ImageObject\",\"inLanguage\":\"es\",\"@id\":\"https:\/\/nuevodigitaldeescobar.com.ar\/?p=19212#primaryimage\",\"url\":\"https:\/\/nuevodigitaldeescobar.com.ar\/wp-content\/uploads\/2024\/03\/policia-bonaerense-1-e1709648320115.jpg\",\"contentUrl\":\"https:\/\/nuevodigitaldeescobar.com.ar\/wp-content\/uploads\/2024\/03\/policia-bonaerense-1-e1709648320115.jpg\",\"width\":720,\"height\":470},{\"@type\":\"BreadcrumbList\",\"@id\":\"https:\/\/nuevodigitaldeescobar.com.ar\/?p=19212#breadcrumb\",\"itemListElement\":[{\"@type\":\"ListItem\",\"position\":1,\"name\":\"Portada\",\"item\":\"https:\/\/nuevodigitaldeescobar.com.ar\/\"},{\"@type\":\"ListItem\",\"position\":2,\"name\":\"Fatal imprudencia en las v\u00edas: un hombre perdi\u00f3 la vida al ser embestido por el tren en Barrio Phillips\"}]},{\"@type\":\"WebSite\",\"@id\":\"https:\/\/nuevodigitaldeescobar.com.ar\/#website\",\"url\":\"https:\/\/nuevodigitaldeescobar.com.ar\/\",\"name\":\"Nuevo Digital de Escobar\",\"description\":\"La vida escobarense. Directora: Rosana Brunner\",\"publisher\":{\"@id\":\"https:\/\/nuevodigitaldeescobar.com.ar\/#organization\"},\"potentialAction\":[{\"@type\":\"SearchAction\",\"target\":{\"@type\":\"EntryPoint\",\"urlTemplate\":\"https:\/\/nuevodigitaldeescobar.com.ar\/?s={search_term_string}\"},\"query-input\":{\"@type\":\"PropertyValueSpecification\",\"valueRequired\":true,\"valueName\":\"search_term_string\"}}],\"inLanguage\":\"es\"},{\"@type\":\"Organization\",\"@id\":\"https:\/\/nuevodigitaldeescobar.com.ar\/#organization\",\"name\":\"Nuevo Digital de Escobar\",\"url\":\"https:\/\/nuevodigitaldeescobar.com.ar\/\",\"logo\":{\"@type\":\"ImageObject\",\"inLanguage\":\"es\",\"@id\":\"https:\/\/nuevodigitaldeescobar.com.ar\/#\/schema\/logo\/image\/\",\"url\":\"https:\/\/nuevodigitaldeescobar.com.ar\/wp-content\/uploads\/2025\/05\/cropped-logo-nuevo2.jpg\",\"contentUrl\":\"https:\/\/nuevodigitaldeescobar.com.ar\/wp-content\/uploads\/2025\/05\/cropped-logo-nuevo2.jpg\",\"width\":305,\"height\":305,\"caption\":\"Nuevo Digital de Escobar\"},\"image\":{\"@id\":\"https:\/\/nuevodigitaldeescobar.com.ar\/#\/schema\/logo\/image\/\"},\"sameAs\":[\"https:\/\/www.facebook.com\/NUEVODigitalDeEscobar\",\"https:\/\/x.com\/nuevodigescobar\",\"https:\/\/www.instagram.com\/nuevodigitaldeescobar\"]},{\"@type\":\"Person\",\"@id\":\"https:\/\/nuevodigitaldeescobar.com.ar\/#\/schema\/person\/035e90a8efe9a80e6eec22656ad6ea4c\",\"name\":\"Redacci\u00f3n\",\"image\":{\"@type\":\"ImageObject\",\"inLanguage\":\"es\",\"@id\":\"https:\/\/nuevodigitaldeescobar.com.ar\/#\/schema\/person\/image\/\",\"url\":\"https:\/\/secure.gravatar.com\/avatar\/8af8f40000c24e9eef3034f2be5998a372bb1389e64b1a4a36b3a7979142220d?s=96&d=mm&r=g\",\"contentUrl\":\"https:\/\/secure.gravatar.com\/avatar\/8af8f40000c24e9eef3034f2be5998a372bb1389e64b1a4a36b3a7979142220d?s=96&d=mm&r=g\",\"caption\":\"Redacci\u00f3n\"},\"sameAs\":[\"http:\/\/nuevodigitaldeescobar.com.ar\"],\"url\":\"https:\/\/nuevodigitaldeescobar.com.ar\/?author=1\"}]}<\/script>\n<!-- \/ Yoast SEO plugin. -->","yoast_head_json":{"title":"Fatal imprudencia en las v\u00edas: un hombre perdi\u00f3 la vida al ser embestido por el tren en Barrio Phillips - Nuevo Digital de Escobar","robots":{"index":"index","follow":"follow","max-snippet":"max-snippet:-1","max-image-preview":"max-image-preview:large","max-video-preview":"max-video-preview:-1"},"canonical":"https:\/\/nuevodigitaldeescobar.com.ar\/?p=19212","og_locale":"es_ES","og_type":"article","og_title":"Fatal imprudencia en las v\u00edas: un hombre perdi\u00f3 la vida al ser embestido por el tren en Barrio Phillips - Nuevo Digital de Escobar","og_description":"El siniestro ocurri\u00f3 en el cruce de la calle Paseo de Julio, en Bel\u00e9n de Escobar. La v\u00edctima se encontraba sobre el trazado ferroviario junto [&hellip;]","og_url":"https:\/\/nuevodigitaldeescobar.com.ar\/?p=19212","og_site_name":"Nuevo Digital de Escobar","article_publisher":"https:\/\/www.facebook.com\/NUEVODigitalDeEscobar","article_published_time":"2025-12-12T16:00:58+00:00","article_modified_time":"2025-12-12T16:01:01+00:00","og_image":[{"width":720,"height":470,"url":"http:\/\/nuevodigitaldeescobar.com.ar\/wp-content\/uploads\/2024\/03\/policia-bonaerense-1-e1709648320115.jpg","type":"image\/jpeg"}],"author":"Redacci\u00f3n","twitter_card":"summary_large_image","twitter_creator":"@nuevodigescobar","twitter_site":"@nuevodigescobar","twitter_misc":{"Escrito por":"Redacci\u00f3n","Tiempo de lectura":"2 minutos"},"schema":{"@context":"https:\/\/schema.org","@graph":[{"@type":"Article","@id":"https:\/\/nuevodigitaldeescobar.com.ar\/?p=19212#article","isPartOf":{"@id":"https:\/\/nuevodigitaldeescobar.com.ar\/?p=19212"},"author":{"name":"Redacci\u00f3n","@id":"https:\/\/nuevodigitaldeescobar.com.ar\/#\/schema\/person\/035e90a8efe9a80e6eec22656ad6ea4c"},"headline":"Fatal imprudencia en las v\u00edas: un hombre perdi\u00f3 la vida al ser embestido por el tren en Barrio Phillips","datePublished":"2025-12-12T16:00:58+00:00","dateModified":"2025-12-12T16:01:01+00:00","mainEntityOfPage":{"@id":"https:\/\/nuevodigitaldeescobar.com.ar\/?p=19212"},"wordCount":381,"commentCount":0,"publisher":{"@id":"https:\/\/nuevodigitaldeescobar.com.ar\/#organization"},"image":{"@id":"https:\/\/nuevodigitaldeescobar.com.ar\/?p=19212#primaryimage"},"thumbnailUrl":"https:\/\/nuevodigitaldeescobar.com.ar\/wp-content\/uploads\/2024\/03\/policia-bonaerense-1-e1709648320115.jpg","articleSection":["Policiales"],"inLanguage":"es","potentialAction":[{"@type":"CommentAction","name":"Comment","target":["https:\/\/nuevodigitaldeescobar.com.ar\/?p=19212#respond"]}]},{"@type":"WebPage","@id":"https:\/\/nuevodigitaldeescobar.com.ar\/?p=19212","url":"https:\/\/nuevodigitaldeescobar.com.ar\/?p=19212","name":"Fatal imprudencia en las v\u00edas: un hombre perdi\u00f3 la vida al ser embestido por el tren en Barrio Phillips - Nuevo Digital de Escobar","isPartOf":{"@id":"https:\/\/nuevodigitaldeescobar.com.ar\/#website"},"primaryImageOfPage":{"@id":"https:\/\/nuevodigitaldeescobar.com.ar\/?p=19212#primaryimage"},"image":{"@id":"https:\/\/nuevodigitaldeescobar.com.ar\/?p=19212#primaryimage"},"thumbnailUrl":"https:\/\/nuevodigitaldeescobar.com.ar\/wp-content\/uploads\/2024\/03\/policia-bonaerense-1-e1709648320115.jpg","datePublished":"2025-12-12T16:00:58+00:00","dateModified":"2025-12-12T16:01:01+00:00","breadcrumb":{"@id":"https:\/\/nuevodigitaldeescobar.com.ar\/?p=19212#breadcrumb"},"inLanguage":"es","potentialAction":[{"@type":"ReadAction","target":["https:\/\/nuevodigitaldeescobar.com.ar\/?p=19212"]}]},{"@type":"ImageObject","inLanguage":"es","@id":"https:\/\/nuevodigitaldeescobar.com.ar\/?p=19212#primaryimage","url":"https:\/\/nuevodigitaldeescobar.com.ar\/wp-content\/uploads\/2024\/03\/policia-bonaerense-1-e1709648320115.jpg","contentUrl":"https:\/\/nuevodigitaldeescobar.com.ar\/wp-content\/uploads\/2024\/03\/policia-bonaerense-1-e1709648320115.jpg","width":720,"height":470},{"@type":"BreadcrumbList","@id":"https:\/\/nuevodigitaldeescobar.com.ar\/?p=19212#breadcrumb","itemListElement":[{"@type":"ListItem","position":1,"name":"Portada","item":"https:\/\/nuevodigitaldeescobar.com.ar\/"},{"@type":"ListItem","position":2,"name":"Fatal imprudencia en las v\u00edas: un hombre perdi\u00f3 la vida al ser embestido por el tren en Barrio Phillips"}]},{"@type":"WebSite","@id":"https:\/\/nuevodigitaldeescobar.com.ar\/#website","url":"https:\/\/nuevodigitaldeescobar.com.ar\/","name":"Nuevo Digital de Escobar","description":"La vida escobarense. Directora: Rosana Brunner","publisher":{"@id":"https:\/\/nuevodigitaldeescobar.com.ar\/#organization"},"potentialAction":[{"@type":"SearchAction","target":{"@type":"EntryPoint","urlTemplate":"https:\/\/nuevodigitaldeescobar.com.ar\/?s={search_term_string}"},"query-input":{"@type":"PropertyValueSpecification","valueRequired":true,"valueName":"search_term_string"}}],"inLanguage":"es"},{"@type":"Organization","@id":"https:\/\/nuevodigitaldeescobar.com.ar\/#organization","name":"Nuevo Digital de Escobar","url":"https:\/\/nuevodigitaldeescobar.com.ar\/","logo":{"@type":"ImageObject","inLanguage":"es","@id":"https:\/\/nuevodigitaldeescobar.com.ar\/#\/schema\/logo\/image\/","url":"https:\/\/nuevodigitaldeescobar.com.ar\/wp-content\/uploads\/2025\/05\/cropped-logo-nuevo2.jpg","contentUrl":"https:\/\/nuevodigitaldeescobar.com.ar\/wp-content\/uploads\/2025\/05\/cropped-logo-nuevo2.jpg","width":305,"height":305,"caption":"Nuevo Digital de Escobar"},"image":{"@id":"https:\/\/nuevodigitaldeescobar.com.ar\/#\/schema\/logo\/image\/"},"sameAs":["https:\/\/www.facebook.com\/NUEVODigitalDeEscobar","https:\/\/x.com\/nuevodigescobar","https:\/\/www.instagram.com\/nuevodigitaldeescobar"]},{"@type":"Person","@id":"https:\/\/nuevodigitaldeescobar.com.ar\/#\/schema\/person\/035e90a8efe9a80e6eec22656ad6ea4c","name":"Redacci\u00f3n","image":{"@type":"ImageObject","inLanguage":"es","@id":"https:\/\/nuevodigitaldeescobar.com.ar\/#\/schema\/person\/image\/","url":"https:\/\/secure.gravatar.com\/avatar\/8af8f40000c24e9eef3034f2be5998a372bb1389e64b1a4a36b3a7979142220d?s=96&d=mm&r=g","contentUrl":"https:\/\/secure.gravatar.com\/avatar\/8af8f40000c24e9eef3034f2be5998a372bb1389e64b1a4a36b3a7979142220d?s=96&d=mm&r=g","caption":"Redacci\u00f3n"},"sameAs":["http:\/\/nuevodigitaldeescobar.com.ar"],"url":"https:\/\/nuevodigitaldeescobar.com.ar\/?author=1"}]}},"featured_image_urls":{"full":["https:\/\/nuevodigitaldeescobar.com.ar\/wp-content\/uploads\/2024\/03\/policia-bonaerense-1-e1709648320115.jpg",720,470,false],"thumbnail":["https:\/\/nuevodigitaldeescobar.com.ar\/wp-content\/uploads\/2024\/03\/policia-bonaerense-1-150x150.jpg",150,150,true],"medium":["https:\/\/nuevodigitaldeescobar.com.ar\/wp-content\/uploads\/2024\/03\/policia-bonaerense-1-300x196.jpg",300,196,true],"medium_large":["https:\/\/nuevodigitaldeescobar.com.ar\/wp-content\/uploads\/2024\/03\/policia-bonaerense-1-768x502.jpg",640,418,true],"large":["https:\/\/nuevodigitaldeescobar.com.ar\/wp-content\/uploads\/2024\/03\/policia-bonaerense-1-e1709648320115.jpg",640,418,false],"1536x1536":["https:\/\/nuevodigitaldeescobar.com.ar\/wp-content\/uploads\/2024\/03\/policia-bonaerense-1-e1709648320115.jpg",720,470,false],"2048x2048":["https:\/\/nuevodigitaldeescobar.com.ar\/wp-content\/uploads\/2024\/03\/policia-bonaerense-1-e1709648320115.jpg",720,470,false]},"author_info":{"display_name":"Redacci\u00f3n","author_link":"https:\/\/nuevodigitaldeescobar.com.ar\/?author=1"},"category_info":"<a href=\"https:\/\/nuevodigitaldeescobar.com.ar\/?cat=13\" rel=\"category\">Policiales<\/a>","tag_info":"Policiales","comment_count":"0","_links":{"self":[{"href":"https:\/\/nuevodigitaldeescobar.com.ar\/index.php?rest_route=\/wp\/v2\/posts\/19212","targetHints":{"allow":["GET"]}}],"collection":[{"href":"https:\/\/nuevodigitaldeescobar.com.ar\/index.php?rest_route=\/wp\/v2\/posts"}],"about":[{"href":"https:\/\/nuevodigitaldeescobar.com.ar\/index.php?rest_route=\/wp\/v2\/types\/post"}],"author":[{"embeddable":true,"href":"https:\/\/nuevodigitaldeescobar.com.ar\/index.php?rest_route=\/wp\/v2\/users\/1"}],"replies":[{"embeddable":true,"href":"https:\/\/nuevodigitaldeescobar.com.ar\/index.php?rest_route=%2Fwp%2Fv2%2Fcomments&post=19212"}],"version-history":[{"count":1,"href":"https:\/\/nuevodigitaldeescobar.com.ar\/index.php?rest_route=\/wp\/v2\/posts\/19212\/revisions"}],"predecessor-version":[{"id":19213,"href":"https:\/\/nuevodigitaldeescobar.com.ar\/index.php?rest_route=\/wp\/v2\/posts\/19212\/revisions\/19213"}],"wp:featuredmedia":[{"embeddable":true,"href":"https:\/\/nuevodigitaldeescobar.com.ar\/index.php?rest_route=\/wp\/v2\/media\/3957"}],"wp:attachment":[{"href":"https:\/\/nuevodigitaldeescobar.com.ar\/index.php?rest_route=%2Fwp%2Fv2%2Fmedia&parent=19212"}],"wp:term":[{"taxonomy":"category","embeddable":true,"href":"https:\/\/nuevodigitaldeescobar.com.ar\/index.php?rest_route=%2Fwp%2Fv2%2Fcategories&post=19212"},{"taxonomy":"post_tag","embeddable":true,"href":"https:\/\/nuevodigitaldeescobar.com.ar\/index.php?rest_route=%2Fwp%2Fv2%2Ftags&post=19212"}],"curies":[{"name":"wp","href":"https:\/\/api.w.org\/{rel}","templated":true}]}}