{"id":19214,"date":"2025-12-12T12:04:00","date_gmt":"2025-12-12T15:04:00","guid":{"rendered":"https:\/\/nuevodigitaldeescobar.com.ar\/?p=19214"},"modified":"2025-12-12T13:08:45","modified_gmt":"2025-12-12T16:08:45","slug":"justicia-y-salud-mendoza-marca-un-precedente-historico-y-lleva-a-tribunales-a-los-padres-que-no-vacunan-a-sus-hijos","status":"publish","type":"post","link":"https:\/\/nuevodigitaldeescobar.com.ar\/?p=19214","title":{"rendered":"Justicia y Salud: Mendoza marca un precedente hist\u00f3rico y lleva a tribunales a los padres que no vacunan a sus hijos"},"content":{"rendered":"\n<p class=\"has-vivid-cyan-blue-color has-text-color has-link-color wp-elements-492b73ab5912a8f9af00a5c9e8157c1d\"><em><strong>En una decisi\u00f3n in\u00e9dita para la Argentina, que podr\u00eda marcar el rumbo de las pol\u00edticas sanitarias a nivel nacional, el gobierno de Mendoza ha decidido judicializar el incumplimiento del Calendario Nacional de Vacunaci\u00f3n. El Ministerio de Salud provincial confirm\u00f3 que ya se presentaron las primeras 15 denuncias en el fuero Civil contra padres y tutores que se niegan a inmunizar a los menores a su cargo.<\/strong><\/em><\/p>\n\n\n\n<!--more-->\n\n\n\n<p>La medida llega en un contexto de preocupaci\u00f3n sanitaria generalizada. Con la reaparici\u00f3n de brotes de enfermedades que se cre\u00edan controladas, como el sarampi\u00f3n y la tos convulsa, y una ca\u00edda en las tasas de cobertura que perfor\u00f3 el piso de seguridad del 95%, las autoridades decidieron que la persuasi\u00f3n ya no es suficiente.<\/p>\n\n\n\n<p>Rodolfo Montero, ministro de Salud mendocino, explic\u00f3 la l\u00f3gica detr\u00e1s de esta ofensiva legal: la vacunaci\u00f3n no es una elecci\u00f3n privada, sino un acto de responsabilidad colectiva. <em>\u00abNo es que uno solamente pone en riesgo a su hijo si no lo vacuna; pone en riesgo a toda la sociedad\u00bb<\/em>, sentenci\u00f3 el funcionario, ampar\u00e1ndose en la Ley Nacional 27.491, que establece la obligatoriedad de las vacunas y la supremac\u00eda del inter\u00e9s de la salud p\u00fablica por sobre las decisiones individuales.<\/p>\n\n\n\n<h3 class=\"wp-block-heading has-text-color has-link-color wp-elements-f8a2e3d0cb1e2c7d5466b87c7c6366d0\" style=\"color:#3440cf\">C\u00f3mo funciona el proceso judicial<\/h3>\n\n\n\n<p>El protocolo, que comenz\u00f3 a regir tras una reglamentaci\u00f3n aprobada en agosto de este a\u00f1o, no busca el castigo inmediato, sino garantizar el derecho del ni\u00f1o a la salud. Una vez detectado el incumplimiento (muchas veces alertado por las escuelas), se intima a la familia. Si la negativa persiste, se da intervenci\u00f3n a la Justicia.<\/p>\n\n\n\n<p>Los padres denunciados son citados a una audiencia obligatoria donde equipos t\u00e9cnicos les informan sobre los riesgos de no inmunizar. A partir de all\u00ed, se otorga un plazo perentorio de 30 d\u00edas para regularizar la situaci\u00f3n. Si los adultos responsables mantienen su postura, se activan las sanciones.<\/p>\n\n\n\n<h3 class=\"wp-block-heading has-text-color has-link-color wp-elements-d70e3d51cc0c4769edef8888d00a4a50\" style=\"color:#3440cf\">Multas millonarias y hasta d\u00edas de arresto<\/h3>\n\n\n\n<p>Lo que m\u00e1s ruido ha generado son las penalidades contempladas. Si bien es la primera vez que se aplica y depender\u00e1 del criterio de cada juez, el C\u00f3digo de Contravenciones de esa provincia habilita un abanico de sanciones severas para quienes vulneren el derecho a la salud de los menores.<\/p>\n\n\n\n<p>Estas pueden ir desde multas econ\u00f3micas que oscilan entre los 84.000 y los 336.000 pesos (valores atados a unidades fijas), hasta la obligaci\u00f3n de realizar trabajos comunitarios en hospitales p\u00fablicos. En los casos m\u00e1s extremos o de reincidencia, la normativa contempla incluso hasta cinco d\u00edas de arresto para los tutores.<\/p>\n\n\n\n<h3 class=\"wp-block-heading has-text-color has-link-color wp-elements-230e5ee620205d776204a626d4591c01\" style=\"color:#3440cf\">El perfil de los \u00abantivacunas\u00bb<\/h3>\n\n\n\n<p>Desde la cartera sanitaria indicaron que el perfil de los denunciados es heterog\u00e9neo. Existen casos de desidia o dificultades log\u00edsticas, pero tambi\u00e9n un n\u00facleo duro de familias con alto nivel educativo que rechazan la evidencia cient\u00edfica bas\u00e1ndose en teor\u00edas conspirativas difundidas en redes sociales. <em>\u00abNo hay ning\u00fan estudio cient\u00edfico que vincule las vacunas con los efectos negativos que se mencionan en internet\u00bb<\/em>, aclararon las autoridades.<\/p>\n\n\n\n<p>Este avance judicial en la regi\u00f3n de Cuyo enciende el debate en todo el pa\u00eds, incluida la provincia de Buenos Aires, sobre hasta d\u00f3nde debe intervenir el Estado cuando la decisi\u00f3n de los padres choca con la salud p\u00fablica y la seguridad de la comunidad.<\/p>\n","protected":false},"excerpt":{"rendered":"<p>En una decisi\u00f3n in\u00e9dita para la Argentina, que podr\u00eda marcar el rumbo de las pol\u00edticas sanitarias a nivel nacional, el gobierno de Mendoza ha decidido [&hellip;]<\/p>\n","protected":false},"author":1,"featured_media":2645,"comment_status":"open","ping_status":"open","sticky":false,"template":"","format":"standard","meta":{"footnotes":""},"categories":[3],"tags":[],"class_list":["post-19214","post","type-post","status-publish","format-standard","has-post-thumbnail","hentry","category-nutricion"],"better_featured_image":{"id":2645,"alt_text":"","caption":"","description":"","media_type":"image","media_details":{"width":720,"height":540,"file":"2024\/01\/vacunacion-e1705532939431.jpg","filesize":112987,"sizes":{"medium":{"file":"vacunacion-300x225.jpg","width":300,"height":225,"mime-type":"image\/jpeg","filesize":15210,"source_url":"https:\/\/nuevodigitaldeescobar.com.ar\/wp-content\/uploads\/2024\/01\/vacunacion-300x225.jpg"},"thumbnail":{"file":"vacunacion-150x150.jpg","width":150,"height":150,"mime-type":"image\/jpeg","filesize":6491,"source_url":"https:\/\/nuevodigitaldeescobar.com.ar\/wp-content\/uploads\/2024\/01\/vacunacion-150x150.jpg"},"medium_large":{"file":"vacunacion-768x576.jpg","width":768,"height":576,"mime-type":"image\/jpeg","filesize":58575,"source_url":"https:\/\/nuevodigitaldeescobar.com.ar\/wp-content\/uploads\/2024\/01\/vacunacion-768x576.jpg"},"covernews-slider-full":{"file":"vacunacion-1000x715.jpg","width":1000,"height":715,"mime-type":"image\/jpeg","filesize":87646,"source_url":"https:\/\/nuevodigitaldeescobar.com.ar\/wp-content\/uploads\/2024\/01\/vacunacion-1000x715.jpg"},"covernews-slider-center":{"file":"vacunacion-800x500.jpg","width":800,"height":500,"mime-type":"image\/jpeg","filesize":52454,"source_url":"https:\/\/nuevodigitaldeescobar.com.ar\/wp-content\/uploads\/2024\/01\/vacunacion-800x500.jpg"},"covernews-medium":{"file":"vacunacion-540x340.jpg","width":540,"height":340,"mime-type":"image\/jpeg","filesize":30075,"source_url":"https:\/\/nuevodigitaldeescobar.com.ar\/wp-content\/uploads\/2024\/01\/vacunacion-540x340.jpg"},"covernews-medium-square":{"file":"vacunacion-400x250.jpg","width":400,"height":250,"mime-type":"image\/jpeg","filesize":19398,"source_url":"https:\/\/nuevodigitaldeescobar.com.ar\/wp-content\/uploads\/2024\/01\/vacunacion-400x250.jpg"}},"image_meta":{"aperture":"0","credit":"","camera":"","caption":"","created_timestamp":"0","copyright":"","focal_length":"0","iso":"0","shutter_speed":"0","title":"","orientation":"0","keywords":[]}},"post":2643,"source_url":"https:\/\/nuevodigitaldeescobar.com.ar\/wp-content\/uploads\/2024\/01\/vacunacion-e1705532939431.jpg"},"yoast_head":"<!-- This site is optimized with the Yoast SEO plugin v26.1.1 - https:\/\/yoast.com\/wordpress\/plugins\/seo\/ -->\n<title>Justicia y Salud: Mendoza marca un precedente hist\u00f3rico y lleva a tribunales a los padres que no vacunan a sus hijos - Nuevo Digital de Escobar<\/title>\n<meta name=\"robots\" content=\"index, follow, max-snippet:-1, max-image-preview:large, max-video-preview:-1\" \/>\n<link rel=\"canonical\" href=\"https:\/\/nuevodigitaldeescobar.com.ar\/?p=19214\" \/>\n<meta property=\"og:locale\" content=\"es_ES\" \/>\n<meta property=\"og:type\" content=\"article\" \/>\n<meta property=\"og:title\" content=\"Justicia y Salud: Mendoza marca un precedente hist\u00f3rico y lleva a tribunales a los padres que no vacunan a sus hijos - Nuevo Digital de Escobar\" \/>\n<meta property=\"og:description\" content=\"En una decisi\u00f3n in\u00e9dita para la Argentina, que podr\u00eda marcar el rumbo de las pol\u00edticas sanitarias a nivel nacional, el gobierno de Mendoza ha decidido [&hellip;]\" \/>\n<meta property=\"og:url\" content=\"https:\/\/nuevodigitaldeescobar.com.ar\/?p=19214\" \/>\n<meta property=\"og:site_name\" content=\"Nuevo Digital de Escobar\" \/>\n<meta property=\"article:publisher\" content=\"https:\/\/www.facebook.com\/NUEVODigitalDeEscobar\" \/>\n<meta property=\"article:published_time\" content=\"2025-12-12T15:04:00+00:00\" \/>\n<meta property=\"article:modified_time\" content=\"2025-12-12T16:08:45+00:00\" \/>\n<meta property=\"og:image\" content=\"http:\/\/nuevodigitaldeescobar.com.ar\/wp-content\/uploads\/2024\/01\/vacunacion-e1705532939431.jpg\" \/>\n\t<meta property=\"og:image:width\" content=\"720\" \/>\n\t<meta property=\"og:image:height\" content=\"540\" \/>\n\t<meta property=\"og:image:type\" content=\"image\/jpeg\" \/>\n<meta name=\"author\" content=\"Redacci\u00f3n\" \/>\n<meta name=\"twitter:card\" content=\"summary_large_image\" \/>\n<meta name=\"twitter:creator\" content=\"@nuevodigescobar\" \/>\n<meta name=\"twitter:site\" content=\"@nuevodigescobar\" \/>\n<meta name=\"twitter:label1\" content=\"Escrito por\" \/>\n\t<meta name=\"twitter:data1\" content=\"Redacci\u00f3n\" \/>\n\t<meta name=\"twitter:label2\" content=\"Tiempo de lectura\" \/>\n\t<meta name=\"twitter:data2\" content=\"3 minutos\" \/>\n<script type=\"application\/ld+json\" class=\"yoast-schema-graph\">{\"@context\":\"https:\/\/schema.org\",\"@graph\":[{\"@type\":\"Article\",\"@id\":\"https:\/\/nuevodigitaldeescobar.com.ar\/?p=19214#article\",\"isPartOf\":{\"@id\":\"https:\/\/nuevodigitaldeescobar.com.ar\/?p=19214\"},\"author\":{\"name\":\"Redacci\u00f3n\",\"@id\":\"https:\/\/nuevodigitaldeescobar.com.ar\/#\/schema\/person\/035e90a8efe9a80e6eec22656ad6ea4c\"},\"headline\":\"Justicia y Salud: Mendoza marca un precedente hist\u00f3rico y lleva a tribunales a los padres que no vacunan a sus hijos\",\"datePublished\":\"2025-12-12T15:04:00+00:00\",\"dateModified\":\"2025-12-12T16:08:45+00:00\",\"mainEntityOfPage\":{\"@id\":\"https:\/\/nuevodigitaldeescobar.com.ar\/?p=19214\"},\"wordCount\":593,\"commentCount\":0,\"publisher\":{\"@id\":\"https:\/\/nuevodigitaldeescobar.com.ar\/#organization\"},\"image\":{\"@id\":\"https:\/\/nuevodigitaldeescobar.com.ar\/?p=19214#primaryimage\"},\"thumbnailUrl\":\"https:\/\/nuevodigitaldeescobar.com.ar\/wp-content\/uploads\/2024\/01\/vacunacion-e1705532939431.jpg\",\"articleSection\":[\"Salud y Nutrici\u00f3n\"],\"inLanguage\":\"es\",\"potentialAction\":[{\"@type\":\"CommentAction\",\"name\":\"Comment\",\"target\":[\"https:\/\/nuevodigitaldeescobar.com.ar\/?p=19214#respond\"]}]},{\"@type\":\"WebPage\",\"@id\":\"https:\/\/nuevodigitaldeescobar.com.ar\/?p=19214\",\"url\":\"https:\/\/nuevodigitaldeescobar.com.ar\/?p=19214\",\"name\":\"Justicia y Salud: Mendoza marca un precedente hist\u00f3rico y lleva a tribunales a los padres que no vacunan a sus hijos - Nuevo Digital de Escobar\",\"isPartOf\":{\"@id\":\"https:\/\/nuevodigitaldeescobar.com.ar\/#website\"},\"primaryImageOfPage\":{\"@id\":\"https:\/\/nuevodigitaldeescobar.com.ar\/?p=19214#primaryimage\"},\"image\":{\"@id\":\"https:\/\/nuevodigitaldeescobar.com.ar\/?p=19214#primaryimage\"},\"thumbnailUrl\":\"https:\/\/nuevodigitaldeescobar.com.ar\/wp-content\/uploads\/2024\/01\/vacunacion-e1705532939431.jpg\",\"datePublished\":\"2025-12-12T15:04:00+00:00\",\"dateModified\":\"2025-12-12T16:08:45+00:00\",\"breadcrumb\":{\"@id\":\"https:\/\/nuevodigitaldeescobar.com.ar\/?p=19214#breadcrumb\"},\"inLanguage\":\"es\",\"potentialAction\":[{\"@type\":\"ReadAction\",\"target\":[\"https:\/\/nuevodigitaldeescobar.com.ar\/?p=19214\"]}]},{\"@type\":\"ImageObject\",\"inLanguage\":\"es\",\"@id\":\"https:\/\/nuevodigitaldeescobar.com.ar\/?p=19214#primaryimage\",\"url\":\"https:\/\/nuevodigitaldeescobar.com.ar\/wp-content\/uploads\/2024\/01\/vacunacion-e1705532939431.jpg\",\"contentUrl\":\"https:\/\/nuevodigitaldeescobar.com.ar\/wp-content\/uploads\/2024\/01\/vacunacion-e1705532939431.jpg\",\"width\":720,\"height\":540},{\"@type\":\"BreadcrumbList\",\"@id\":\"https:\/\/nuevodigitaldeescobar.com.ar\/?p=19214#breadcrumb\",\"itemListElement\":[{\"@type\":\"ListItem\",\"position\":1,\"name\":\"Portada\",\"item\":\"https:\/\/nuevodigitaldeescobar.com.ar\/\"},{\"@type\":\"ListItem\",\"position\":2,\"name\":\"Justicia y Salud: Mendoza marca un precedente hist\u00f3rico y lleva a tribunales a los padres que no vacunan a sus hijos\"}]},{\"@type\":\"WebSite\",\"@id\":\"https:\/\/nuevodigitaldeescobar.com.ar\/#website\",\"url\":\"https:\/\/nuevodigitaldeescobar.com.ar\/\",\"name\":\"Nuevo Digital de Escobar\",\"description\":\"La vida escobarense. Directora: Rosana Brunner\",\"publisher\":{\"@id\":\"https:\/\/nuevodigitaldeescobar.com.ar\/#organization\"},\"potentialAction\":[{\"@type\":\"SearchAction\",\"target\":{\"@type\":\"EntryPoint\",\"urlTemplate\":\"https:\/\/nuevodigitaldeescobar.com.ar\/?s={search_term_string}\"},\"query-input\":{\"@type\":\"PropertyValueSpecification\",\"valueRequired\":true,\"valueName\":\"search_term_string\"}}],\"inLanguage\":\"es\"},{\"@type\":\"Organization\",\"@id\":\"https:\/\/nuevodigitaldeescobar.com.ar\/#organization\",\"name\":\"Nuevo Digital de Escobar\",\"url\":\"https:\/\/nuevodigitaldeescobar.com.ar\/\",\"logo\":{\"@type\":\"ImageObject\",\"inLanguage\":\"es\",\"@id\":\"https:\/\/nuevodigitaldeescobar.com.ar\/#\/schema\/logo\/image\/\",\"url\":\"https:\/\/nuevodigitaldeescobar.com.ar\/wp-content\/uploads\/2025\/05\/cropped-logo-nuevo2.jpg\",\"contentUrl\":\"https:\/\/nuevodigitaldeescobar.com.ar\/wp-content\/uploads\/2025\/05\/cropped-logo-nuevo2.jpg\",\"width\":305,\"height\":305,\"caption\":\"Nuevo Digital de Escobar\"},\"image\":{\"@id\":\"https:\/\/nuevodigitaldeescobar.com.ar\/#\/schema\/logo\/image\/\"},\"sameAs\":[\"https:\/\/www.facebook.com\/NUEVODigitalDeEscobar\",\"https:\/\/x.com\/nuevodigescobar\",\"https:\/\/www.instagram.com\/nuevodigitaldeescobar\"]},{\"@type\":\"Person\",\"@id\":\"https:\/\/nuevodigitaldeescobar.com.ar\/#\/schema\/person\/035e90a8efe9a80e6eec22656ad6ea4c\",\"name\":\"Redacci\u00f3n\",\"image\":{\"@type\":\"ImageObject\",\"inLanguage\":\"es\",\"@id\":\"https:\/\/nuevodigitaldeescobar.com.ar\/#\/schema\/person\/image\/\",\"url\":\"https:\/\/secure.gravatar.com\/avatar\/8af8f40000c24e9eef3034f2be5998a372bb1389e64b1a4a36b3a7979142220d?s=96&d=mm&r=g\",\"contentUrl\":\"https:\/\/secure.gravatar.com\/avatar\/8af8f40000c24e9eef3034f2be5998a372bb1389e64b1a4a36b3a7979142220d?s=96&d=mm&r=g\",\"caption\":\"Redacci\u00f3n\"},\"sameAs\":[\"http:\/\/nuevodigitaldeescobar.com.ar\"],\"url\":\"https:\/\/nuevodigitaldeescobar.com.ar\/?author=1\"}]}<\/script>\n<!-- \/ Yoast SEO plugin. -->","yoast_head_json":{"title":"Justicia y Salud: Mendoza marca un precedente hist\u00f3rico y lleva a tribunales a los padres que no vacunan a sus hijos - Nuevo Digital de Escobar","robots":{"index":"index","follow":"follow","max-snippet":"max-snippet:-1","max-image-preview":"max-image-preview:large","max-video-preview":"max-video-preview:-1"},"canonical":"https:\/\/nuevodigitaldeescobar.com.ar\/?p=19214","og_locale":"es_ES","og_type":"article","og_title":"Justicia y Salud: Mendoza marca un precedente hist\u00f3rico y lleva a tribunales a los padres que no vacunan a sus hijos - Nuevo Digital de Escobar","og_description":"En una decisi\u00f3n in\u00e9dita para la Argentina, que podr\u00eda marcar el rumbo de las pol\u00edticas sanitarias a nivel nacional, el gobierno de Mendoza ha decidido [&hellip;]","og_url":"https:\/\/nuevodigitaldeescobar.com.ar\/?p=19214","og_site_name":"Nuevo Digital de Escobar","article_publisher":"https:\/\/www.facebook.com\/NUEVODigitalDeEscobar","article_published_time":"2025-12-12T15:04:00+00:00","article_modified_time":"2025-12-12T16:08:45+00:00","og_image":[{"width":720,"height":540,"url":"http:\/\/nuevodigitaldeescobar.com.ar\/wp-content\/uploads\/2024\/01\/vacunacion-e1705532939431.jpg","type":"image\/jpeg"}],"author":"Redacci\u00f3n","twitter_card":"summary_large_image","twitter_creator":"@nuevodigescobar","twitter_site":"@nuevodigescobar","twitter_misc":{"Escrito por":"Redacci\u00f3n","Tiempo de lectura":"3 minutos"},"schema":{"@context":"https:\/\/schema.org","@graph":[{"@type":"Article","@id":"https:\/\/nuevodigitaldeescobar.com.ar\/?p=19214#article","isPartOf":{"@id":"https:\/\/nuevodigitaldeescobar.com.ar\/?p=19214"},"author":{"name":"Redacci\u00f3n","@id":"https:\/\/nuevodigitaldeescobar.com.ar\/#\/schema\/person\/035e90a8efe9a80e6eec22656ad6ea4c"},"headline":"Justicia y Salud: Mendoza marca un precedente hist\u00f3rico y lleva a tribunales a los padres que no vacunan a sus hijos","datePublished":"2025-12-12T15:04:00+00:00","dateModified":"2025-12-12T16:08:45+00:00","mainEntityOfPage":{"@id":"https:\/\/nuevodigitaldeescobar.com.ar\/?p=19214"},"wordCount":593,"commentCount":0,"publisher":{"@id":"https:\/\/nuevodigitaldeescobar.com.ar\/#organization"},"image":{"@id":"https:\/\/nuevodigitaldeescobar.com.ar\/?p=19214#primaryimage"},"thumbnailUrl":"https:\/\/nuevodigitaldeescobar.com.ar\/wp-content\/uploads\/2024\/01\/vacunacion-e1705532939431.jpg","articleSection":["Salud y Nutrici\u00f3n"],"inLanguage":"es","potentialAction":[{"@type":"CommentAction","name":"Comment","target":["https:\/\/nuevodigitaldeescobar.com.ar\/?p=19214#respond"]}]},{"@type":"WebPage","@id":"https:\/\/nuevodigitaldeescobar.com.ar\/?p=19214","url":"https:\/\/nuevodigitaldeescobar.com.ar\/?p=19214","name":"Justicia y Salud: Mendoza marca un precedente hist\u00f3rico y lleva a tribunales a los padres que no vacunan a sus hijos - Nuevo Digital de Escobar","isPartOf":{"@id":"https:\/\/nuevodigitaldeescobar.com.ar\/#website"},"primaryImageOfPage":{"@id":"https:\/\/nuevodigitaldeescobar.com.ar\/?p=19214#primaryimage"},"image":{"@id":"https:\/\/nuevodigitaldeescobar.com.ar\/?p=19214#primaryimage"},"thumbnailUrl":"https:\/\/nuevodigitaldeescobar.com.ar\/wp-content\/uploads\/2024\/01\/vacunacion-e1705532939431.jpg","datePublished":"2025-12-12T15:04:00+00:00","dateModified":"2025-12-12T16:08:45+00:00","breadcrumb":{"@id":"https:\/\/nuevodigitaldeescobar.com.ar\/?p=19214#breadcrumb"},"inLanguage":"es","potentialAction":[{"@type":"ReadAction","target":["https:\/\/nuevodigitaldeescobar.com.ar\/?p=19214"]}]},{"@type":"ImageObject","inLanguage":"es","@id":"https:\/\/nuevodigitaldeescobar.com.ar\/?p=19214#primaryimage","url":"https:\/\/nuevodigitaldeescobar.com.ar\/wp-content\/uploads\/2024\/01\/vacunacion-e1705532939431.jpg","contentUrl":"https:\/\/nuevodigitaldeescobar.com.ar\/wp-content\/uploads\/2024\/01\/vacunacion-e1705532939431.jpg","width":720,"height":540},{"@type":"BreadcrumbList","@id":"https:\/\/nuevodigitaldeescobar.com.ar\/?p=19214#breadcrumb","itemListElement":[{"@type":"ListItem","position":1,"name":"Portada","item":"https:\/\/nuevodigitaldeescobar.com.ar\/"},{"@type":"ListItem","position":2,"name":"Justicia y Salud: Mendoza marca un precedente hist\u00f3rico y lleva a tribunales a los padres que no vacunan a sus hijos"}]},{"@type":"WebSite","@id":"https:\/\/nuevodigitaldeescobar.com.ar\/#website","url":"https:\/\/nuevodigitaldeescobar.com.ar\/","name":"Nuevo Digital de Escobar","description":"La vida escobarense. Directora: Rosana Brunner","publisher":{"@id":"https:\/\/nuevodigitaldeescobar.com.ar\/#organization"},"potentialAction":[{"@type":"SearchAction","target":{"@type":"EntryPoint","urlTemplate":"https:\/\/nuevodigitaldeescobar.com.ar\/?s={search_term_string}"},"query-input":{"@type":"PropertyValueSpecification","valueRequired":true,"valueName":"search_term_string"}}],"inLanguage":"es"},{"@type":"Organization","@id":"https:\/\/nuevodigitaldeescobar.com.ar\/#organization","name":"Nuevo Digital de Escobar","url":"https:\/\/nuevodigitaldeescobar.com.ar\/","logo":{"@type":"ImageObject","inLanguage":"es","@id":"https:\/\/nuevodigitaldeescobar.com.ar\/#\/schema\/logo\/image\/","url":"https:\/\/nuevodigitaldeescobar.com.ar\/wp-content\/uploads\/2025\/05\/cropped-logo-nuevo2.jpg","contentUrl":"https:\/\/nuevodigitaldeescobar.com.ar\/wp-content\/uploads\/2025\/05\/cropped-logo-nuevo2.jpg","width":305,"height":305,"caption":"Nuevo Digital de Escobar"},"image":{"@id":"https:\/\/nuevodigitaldeescobar.com.ar\/#\/schema\/logo\/image\/"},"sameAs":["https:\/\/www.facebook.com\/NUEVODigitalDeEscobar","https:\/\/x.com\/nuevodigescobar","https:\/\/www.instagram.com\/nuevodigitaldeescobar"]},{"@type":"Person","@id":"https:\/\/nuevodigitaldeescobar.com.ar\/#\/schema\/person\/035e90a8efe9a80e6eec22656ad6ea4c","name":"Redacci\u00f3n","image":{"@type":"ImageObject","inLanguage":"es","@id":"https:\/\/nuevodigitaldeescobar.com.ar\/#\/schema\/person\/image\/","url":"https:\/\/secure.gravatar.com\/avatar\/8af8f40000c24e9eef3034f2be5998a372bb1389e64b1a4a36b3a7979142220d?s=96&d=mm&r=g","contentUrl":"https:\/\/secure.gravatar.com\/avatar\/8af8f40000c24e9eef3034f2be5998a372bb1389e64b1a4a36b3a7979142220d?s=96&d=mm&r=g","caption":"Redacci\u00f3n"},"sameAs":["http:\/\/nuevodigitaldeescobar.com.ar"],"url":"https:\/\/nuevodigitaldeescobar.com.ar\/?author=1"}]}},"featured_image_urls":{"full":["https:\/\/nuevodigitaldeescobar.com.ar\/wp-content\/uploads\/2024\/01\/vacunacion-e1705532939431.jpg",720,540,false],"thumbnail":["https:\/\/nuevodigitaldeescobar.com.ar\/wp-content\/uploads\/2024\/01\/vacunacion-150x150.jpg",150,150,true],"medium":["https:\/\/nuevodigitaldeescobar.com.ar\/wp-content\/uploads\/2024\/01\/vacunacion-300x225.jpg",300,225,true],"medium_large":["https:\/\/nuevodigitaldeescobar.com.ar\/wp-content\/uploads\/2024\/01\/vacunacion-768x576.jpg",640,480,true],"large":["https:\/\/nuevodigitaldeescobar.com.ar\/wp-content\/uploads\/2024\/01\/vacunacion-e1705532939431.jpg",640,480,false],"1536x1536":["https:\/\/nuevodigitaldeescobar.com.ar\/wp-content\/uploads\/2024\/01\/vacunacion-e1705532939431.jpg",720,540,false],"2048x2048":["https:\/\/nuevodigitaldeescobar.com.ar\/wp-content\/uploads\/2024\/01\/vacunacion-e1705532939431.jpg",720,540,false]},"author_info":{"display_name":"Redacci\u00f3n","author_link":"https:\/\/nuevodigitaldeescobar.com.ar\/?author=1"},"category_info":"<a href=\"https:\/\/nuevodigitaldeescobar.com.ar\/?cat=3\" rel=\"category\">Salud y Nutrici\u00f3n<\/a>","tag_info":"Salud y Nutrici\u00f3n","comment_count":"0","_links":{"self":[{"href":"https:\/\/nuevodigitaldeescobar.com.ar\/index.php?rest_route=\/wp\/v2\/posts\/19214","targetHints":{"allow":["GET"]}}],"collection":[{"href":"https:\/\/nuevodigitaldeescobar.com.ar\/index.php?rest_route=\/wp\/v2\/posts"}],"about":[{"href":"https:\/\/nuevodigitaldeescobar.com.ar\/index.php?rest_route=\/wp\/v2\/types\/post"}],"author":[{"embeddable":true,"href":"https:\/\/nuevodigitaldeescobar.com.ar\/index.php?rest_route=\/wp\/v2\/users\/1"}],"replies":[{"embeddable":true,"href":"https:\/\/nuevodigitaldeescobar.com.ar\/index.php?rest_route=%2Fwp%2Fv2%2Fcomments&post=19214"}],"version-history":[{"count":1,"href":"https:\/\/nuevodigitaldeescobar.com.ar\/index.php?rest_route=\/wp\/v2\/posts\/19214\/revisions"}],"predecessor-version":[{"id":19215,"href":"https:\/\/nuevodigitaldeescobar.com.ar\/index.php?rest_route=\/wp\/v2\/posts\/19214\/revisions\/19215"}],"wp:featuredmedia":[{"embeddable":true,"href":"https:\/\/nuevodigitaldeescobar.com.ar\/index.php?rest_route=\/wp\/v2\/media\/2645"}],"wp:attachment":[{"href":"https:\/\/nuevodigitaldeescobar.com.ar\/index.php?rest_route=%2Fwp%2Fv2%2Fmedia&parent=19214"}],"wp:term":[{"taxonomy":"category","embeddable":true,"href":"https:\/\/nuevodigitaldeescobar.com.ar\/index.php?rest_route=%2Fwp%2Fv2%2Fcategories&post=19214"},{"taxonomy":"post_tag","embeddable":true,"href":"https:\/\/nuevodigitaldeescobar.com.ar\/index.php?rest_route=%2Fwp%2Fv2%2Ftags&post=19214"}],"curies":[{"name":"wp","href":"https:\/\/api.w.org\/{rel}","templated":true}]}}