{"id":19254,"date":"2025-12-15T17:18:21","date_gmt":"2025-12-15T20:18:21","guid":{"rendered":"https:\/\/nuevodigitaldeescobar.com.ar\/?p=19254"},"modified":"2025-12-15T17:18:25","modified_gmt":"2025-12-15T20:18:25","slug":"una-obra-atravesada-por-el-arte-y-la-identidad-latina-llega-a-escena-de-la-mano-de-una-artista-de-maschwitz","status":"publish","type":"post","link":"https:\/\/nuevodigitaldeescobar.com.ar\/?p=19254","title":{"rendered":"Una obra atravesada por el arte y la identidad latina llega a escena de la mano de una artista de Maschwitz"},"content":{"rendered":"\n<p>El arte como refugio, como salvaci\u00f3n y como lenguaje com\u00fan entre mujeres atraviesa la propuesta teatral que tiene como una de sus creadoras a <strong>Melisa Schneider, actriz y dramaturga oriunda de Ingeniero Maschwitz<\/strong>, quien integra el equipo art\u00edstico de esta obra que recorre la vida, los dolores y las pasiones de una emblem\u00e1tica pintora mexicana.<\/p>\n\n\n\n<!--more-->\n\n\n\n<p>La pieza propone un <strong>di\u00e1logo atemporal entre dos mujeres latinas<\/strong>, donde el arte se convierte en el hilo conductor que las sostiene mientras entretejen recuerdos, amores y conflictos. A partir de un viaje hacia M\u00e9xico, la protagonista inicia un recorrido emocional que la transforma de manera profunda. Escena tras escena, se despliega un mosaico de momentos amorosos, dolorosos, m\u00e1gicos y coloridos que narran la vida de la artista hasta su muerte. El regreso del viaje marca un punto de quiebre: nada vuelve a ser igual.<\/p>\n\n\n<div class=\"wp-block-image\">\n<figure class=\"aligncenter size-large\"><img fetchpriority=\"high\" decoding=\"async\" width=\"768\" height=\"1024\" src=\"http:\/\/nuevodigitaldeescobar.com.ar\/wp-content\/uploads\/2025\/12\/c6f63c47-9e2b-4b06-9c5b-92c7901310c5-768x1024.jpg\" alt=\"\" class=\"wp-image-19257\" srcset=\"https:\/\/nuevodigitaldeescobar.com.ar\/wp-content\/uploads\/2025\/12\/c6f63c47-9e2b-4b06-9c5b-92c7901310c5-768x1024.jpg 768w, https:\/\/nuevodigitaldeescobar.com.ar\/wp-content\/uploads\/2025\/12\/c6f63c47-9e2b-4b06-9c5b-92c7901310c5-225x300.jpg 225w, https:\/\/nuevodigitaldeescobar.com.ar\/wp-content\/uploads\/2025\/12\/c6f63c47-9e2b-4b06-9c5b-92c7901310c5-1152x1536.jpg 1152w, https:\/\/nuevodigitaldeescobar.com.ar\/wp-content\/uploads\/2025\/12\/c6f63c47-9e2b-4b06-9c5b-92c7901310c5.jpg 1200w\" sizes=\"(max-width: 768px) 100vw, 768px\" \/><\/figure><\/div>\n\n\n<p>La <strong>puesta en escena se apoya en una fuerte impronta visual<\/strong>, priorizando el color, las texturas y la simbolog\u00eda por sobre una escenograf\u00eda recargada. Vestuarios y objetos fueron seleccionados cuidadosamente para dialogar con la paleta est\u00e9tica de Frida Kahlo, logrando que sus lienzos cobren vida sobre el escenario e interact\u00faen de forma din\u00e1mica con la actriz.<\/p>\n\n\n\n<p>A este universo visual se suman <strong>escenas de manipulaci\u00f3n de t\u00edteres<\/strong>, que aportan ritmo y sorpresa a la narrativa, adem\u00e1s de <strong>proyecciones audiovisuales<\/strong> que se integran a la actuaci\u00f3n y al vestuario, transformando el espacio esc\u00e9nico y sumergiendo al p\u00fablico en los distintos estados emocionales de la obra. El resultado es una experiencia sensorial que combina teatro, imagen y movimiento en una verdadera obra de arte en acci\u00f3n.<\/p>\n\n\n\n<p>El proyecto art\u00edstico naci\u00f3 en 2024, cuando un grupo de mujeres con trayectoria en el teatro y disciplinas afines decidi\u00f3 unirse tras haber compartido otros espacios y elencos. Adem\u00e1s de Schneider \u2014a cargo de la actuaci\u00f3n, la producci\u00f3n y la dramaturgia\u2014 integran el equipo <strong>Malena Vieytes<\/strong>, directora y responsable de la puesta en escena, oriunda de San Marcos, y <strong>Yana Bifari<\/strong>, asistente de direcci\u00f3n y t\u00e9cnica, proveniente de Capilla del Monte, C\u00f3rdoba. La diversidad de miradas y recorridos es uno de los pilares del trabajo colectivo, cuya b\u00fasqueda apunta a sensibilizar al p\u00fablico sobre tem\u00e1ticas actuales y reales desde una propuesta art\u00edstica y visualmente potente.<\/p>\n\n\n<div class=\"wp-block-image\">\n<figure class=\"aligncenter size-large\"><img decoding=\"async\" width=\"768\" height=\"1024\" src=\"http:\/\/nuevodigitaldeescobar.com.ar\/wp-content\/uploads\/2025\/12\/28d48f95-773f-4347-9334-5746d85007bf-768x1024.jpg\" alt=\"\" class=\"wp-image-19256\" srcset=\"https:\/\/nuevodigitaldeescobar.com.ar\/wp-content\/uploads\/2025\/12\/28d48f95-773f-4347-9334-5746d85007bf-768x1024.jpg 768w, https:\/\/nuevodigitaldeescobar.com.ar\/wp-content\/uploads\/2025\/12\/28d48f95-773f-4347-9334-5746d85007bf-225x300.jpg 225w, https:\/\/nuevodigitaldeescobar.com.ar\/wp-content\/uploads\/2025\/12\/28d48f95-773f-4347-9334-5746d85007bf-1152x1536.jpg 1152w, https:\/\/nuevodigitaldeescobar.com.ar\/wp-content\/uploads\/2025\/12\/28d48f95-773f-4347-9334-5746d85007bf-1536x2048.jpg 1536w, https:\/\/nuevodigitaldeescobar.com.ar\/wp-content\/uploads\/2025\/12\/28d48f95-773f-4347-9334-5746d85007bf-scaled.jpg 1920w\" sizes=\"(max-width: 768px) 100vw, 768px\" \/><\/figure><\/div>\n\n\n<p>La obra tuvo su <strong>estreno el 4 de octubre de 2025 en Capilla del Monte<\/strong>, C\u00f3rdoba, y en noviembre inici\u00f3 una gira por Buenos Aires con cuatro funciones en distintos espacios. El primer escenario porte\u00f1o fue <strong>Animal Teatro<\/strong>, en CABA, el 1\u00b0 de noviembre, coincidiendo simb\u00f3licamente con la Noche de Muertos. Luego se presentaron dos funciones a sala llena en <strong>el Centro Cultural El Bondi<\/strong>, el domingo 2 y el viernes 7 de noviembre, y la gira cerr\u00f3 el domingo 9 en <strong>La Choza de Padilla<\/strong>, en Vicente L\u00f3pez.<\/p>\n\n\n\n<p>Con una fuerte ra\u00edz latinoamericana y una impronta visual que interpela desde lo emocional, la obra tambi\u00e9n marca la proyecci\u00f3n art\u00edstica de <strong>una creadora de Ingeniero Maschwitz<\/strong>, que lleva su trabajo a distintos escenarios del pa\u00eds y consolida un proyecto colectivo nacido del encuentro entre mujeres y del poder transformador del arte.<\/p>\n","protected":false},"excerpt":{"rendered":"<p>El arte como refugio, como salvaci\u00f3n y como lenguaje com\u00fan entre mujeres atraviesa la propuesta teatral que tiene como una de sus creadoras a Melisa [&hellip;]<\/p>\n","protected":false},"author":1,"featured_media":19255,"comment_status":"open","ping_status":"open","sticky":false,"template":"","format":"standard","meta":{"footnotes":""},"categories":[11],"tags":[],"class_list":["post-19254","post","type-post","status-publish","format-standard","has-post-thumbnail","hentry","category-cultura-arte-y-espectaculos"],"better_featured_image":{"id":19255,"alt_text":"","caption":"","description":"","media_type":"image","media_details":{"width":1200,"height":936,"file":"2025\/12\/07a4ca9f-7466-48aa-b21c-646caa6650e5-e1765829748160.jpg","filesize":144240,"sizes":{"medium":{"file":"07a4ca9f-7466-48aa-b21c-646caa6650e5-e1765829748160-300x234.jpg","width":300,"height":234,"mime-type":"image\/jpeg","filesize":12287,"source_url":"https:\/\/nuevodigitaldeescobar.com.ar\/wp-content\/uploads\/2025\/12\/07a4ca9f-7466-48aa-b21c-646caa6650e5-e1765829748160-300x234.jpg"},"large":{"file":"07a4ca9f-7466-48aa-b21c-646caa6650e5-e1765829748160-1024x799.jpg","width":1024,"height":799,"mime-type":"image\/jpeg","filesize":101433,"source_url":"https:\/\/nuevodigitaldeescobar.com.ar\/wp-content\/uploads\/2025\/12\/07a4ca9f-7466-48aa-b21c-646caa6650e5-e1765829748160-1024x799.jpg"},"thumbnail":{"file":"07a4ca9f-7466-48aa-b21c-646caa6650e5-e1765829748160-150x150.jpg","width":150,"height":150,"mime-type":"image\/jpeg","filesize":5252,"source_url":"https:\/\/nuevodigitaldeescobar.com.ar\/wp-content\/uploads\/2025\/12\/07a4ca9f-7466-48aa-b21c-646caa6650e5-e1765829748160-150x150.jpg"},"medium_large":{"file":"07a4ca9f-7466-48aa-b21c-646caa6650e5-e1765829748160-768x599.jpg","width":768,"height":599,"mime-type":"image\/jpeg","filesize":62052,"source_url":"https:\/\/nuevodigitaldeescobar.com.ar\/wp-content\/uploads\/2025\/12\/07a4ca9f-7466-48aa-b21c-646caa6650e5-e1765829748160-768x599.jpg"},"1536x1536":{"file":"07a4ca9f-7466-48aa-b21c-646caa6650e5-1152x1536.jpg","width":1152,"height":1536,"mime-type":"image\/jpeg","filesize":157578,"source_url":"https:\/\/nuevodigitaldeescobar.com.ar\/wp-content\/uploads\/2025\/12\/07a4ca9f-7466-48aa-b21c-646caa6650e5-1152x1536.jpg"}},"image_meta":{"aperture":"0","credit":"","camera":"","caption":"","created_timestamp":"1762130571","copyright":"","focal_length":"0","iso":"0","shutter_speed":"0","title":"","orientation":"0","keywords":[]}},"post":19254,"source_url":"https:\/\/nuevodigitaldeescobar.com.ar\/wp-content\/uploads\/2025\/12\/07a4ca9f-7466-48aa-b21c-646caa6650e5-e1765829748160.jpg"},"yoast_head":"<!-- This site is optimized with the Yoast SEO plugin v26.1.1 - https:\/\/yoast.com\/wordpress\/plugins\/seo\/ -->\n<title>Una obra atravesada por el arte y la identidad latina llega a escena de la mano de una artista de Maschwitz - Nuevo Digital de Escobar<\/title>\n<meta name=\"description\" content=\"La pieza propone un di\u00e1logo atemporal entre dos mujeres latinas, donde el arte se convierte en el hilo conductor que las sostiene mientras entretejen recuerdos, amores y conflictos.\" \/>\n<meta name=\"robots\" content=\"index, follow, max-snippet:-1, max-image-preview:large, max-video-preview:-1\" \/>\n<link rel=\"canonical\" href=\"https:\/\/nuevodigitaldeescobar.com.ar\/?p=19254\" \/>\n<meta property=\"og:locale\" content=\"es_ES\" \/>\n<meta property=\"og:type\" content=\"article\" \/>\n<meta property=\"og:title\" content=\"Una obra atravesada por el arte y la identidad latina llega a escena de la mano de una artista de Maschwitz\" \/>\n<meta property=\"og:description\" content=\"La pieza propone un di\u00e1logo atemporal entre dos mujeres latinas, donde el arte se convierte en el hilo conductor que las sostiene mientras entretejen recuerdos, amores y conflictos.\" \/>\n<meta property=\"og:url\" content=\"https:\/\/nuevodigitaldeescobar.com.ar\/?p=19254\" \/>\n<meta property=\"og:site_name\" content=\"Nuevo Digital de Escobar\" \/>\n<meta property=\"article:publisher\" content=\"https:\/\/www.facebook.com\/NUEVODigitalDeEscobar\" \/>\n<meta property=\"article:published_time\" content=\"2025-12-15T20:18:21+00:00\" \/>\n<meta property=\"article:modified_time\" content=\"2025-12-15T20:18:25+00:00\" \/>\n<meta property=\"og:image\" content=\"http:\/\/nuevodigitaldeescobar.com.ar\/wp-content\/uploads\/2025\/12\/07a4ca9f-7466-48aa-b21c-646caa6650e5-e1765829748160.jpg\" \/>\n\t<meta property=\"og:image:width\" content=\"1200\" \/>\n\t<meta property=\"og:image:height\" content=\"936\" \/>\n\t<meta property=\"og:image:type\" content=\"image\/jpeg\" \/>\n<meta name=\"author\" content=\"Redacci\u00f3n\" \/>\n<meta name=\"twitter:card\" content=\"summary_large_image\" \/>\n<meta name=\"twitter:creator\" content=\"@nuevodigescobar\" \/>\n<meta name=\"twitter:site\" content=\"@nuevodigescobar\" \/>\n<meta name=\"twitter:label1\" content=\"Escrito por\" \/>\n\t<meta name=\"twitter:data1\" content=\"Redacci\u00f3n\" \/>\n\t<meta name=\"twitter:label2\" content=\"Tiempo de lectura\" \/>\n\t<meta name=\"twitter:data2\" content=\"3 minutos\" \/>\n<script type=\"application\/ld+json\" class=\"yoast-schema-graph\">{\"@context\":\"https:\/\/schema.org\",\"@graph\":[{\"@type\":\"Article\",\"@id\":\"https:\/\/nuevodigitaldeescobar.com.ar\/?p=19254#article\",\"isPartOf\":{\"@id\":\"https:\/\/nuevodigitaldeescobar.com.ar\/?p=19254\"},\"author\":{\"name\":\"Redacci\u00f3n\",\"@id\":\"https:\/\/nuevodigitaldeescobar.com.ar\/#\/schema\/person\/035e90a8efe9a80e6eec22656ad6ea4c\"},\"headline\":\"Una obra atravesada por el arte y la identidad latina llega a escena de la mano de una artista de Maschwitz\",\"datePublished\":\"2025-12-15T20:18:21+00:00\",\"dateModified\":\"2025-12-15T20:18:25+00:00\",\"mainEntityOfPage\":{\"@id\":\"https:\/\/nuevodigitaldeescobar.com.ar\/?p=19254\"},\"wordCount\":563,\"commentCount\":0,\"publisher\":{\"@id\":\"https:\/\/nuevodigitaldeescobar.com.ar\/#organization\"},\"image\":{\"@id\":\"https:\/\/nuevodigitaldeescobar.com.ar\/?p=19254#primaryimage\"},\"thumbnailUrl\":\"https:\/\/nuevodigitaldeescobar.com.ar\/wp-content\/uploads\/2025\/12\/07a4ca9f-7466-48aa-b21c-646caa6650e5-e1765829748160.jpg\",\"articleSection\":[\"Cultura, Arte y Espect\u00e1culos\"],\"inLanguage\":\"es\",\"potentialAction\":[{\"@type\":\"CommentAction\",\"name\":\"Comment\",\"target\":[\"https:\/\/nuevodigitaldeescobar.com.ar\/?p=19254#respond\"]}]},{\"@type\":\"WebPage\",\"@id\":\"https:\/\/nuevodigitaldeescobar.com.ar\/?p=19254\",\"url\":\"https:\/\/nuevodigitaldeescobar.com.ar\/?p=19254\",\"name\":\"Una obra atravesada por el arte y la identidad latina llega a escena de la mano de una artista de Maschwitz - Nuevo Digital de Escobar\",\"isPartOf\":{\"@id\":\"https:\/\/nuevodigitaldeescobar.com.ar\/#website\"},\"primaryImageOfPage\":{\"@id\":\"https:\/\/nuevodigitaldeescobar.com.ar\/?p=19254#primaryimage\"},\"image\":{\"@id\":\"https:\/\/nuevodigitaldeescobar.com.ar\/?p=19254#primaryimage\"},\"thumbnailUrl\":\"https:\/\/nuevodigitaldeescobar.com.ar\/wp-content\/uploads\/2025\/12\/07a4ca9f-7466-48aa-b21c-646caa6650e5-e1765829748160.jpg\",\"datePublished\":\"2025-12-15T20:18:21+00:00\",\"dateModified\":\"2025-12-15T20:18:25+00:00\",\"description\":\"La pieza propone un di\u00e1logo atemporal entre dos mujeres latinas, donde el arte se convierte en el hilo conductor que las sostiene mientras entretejen recuerdos, amores y conflictos.\",\"breadcrumb\":{\"@id\":\"https:\/\/nuevodigitaldeescobar.com.ar\/?p=19254#breadcrumb\"},\"inLanguage\":\"es\",\"potentialAction\":[{\"@type\":\"ReadAction\",\"target\":[\"https:\/\/nuevodigitaldeescobar.com.ar\/?p=19254\"]}]},{\"@type\":\"ImageObject\",\"inLanguage\":\"es\",\"@id\":\"https:\/\/nuevodigitaldeescobar.com.ar\/?p=19254#primaryimage\",\"url\":\"https:\/\/nuevodigitaldeescobar.com.ar\/wp-content\/uploads\/2025\/12\/07a4ca9f-7466-48aa-b21c-646caa6650e5-e1765829748160.jpg\",\"contentUrl\":\"https:\/\/nuevodigitaldeescobar.com.ar\/wp-content\/uploads\/2025\/12\/07a4ca9f-7466-48aa-b21c-646caa6650e5-e1765829748160.jpg\",\"width\":1200,\"height\":936},{\"@type\":\"BreadcrumbList\",\"@id\":\"https:\/\/nuevodigitaldeescobar.com.ar\/?p=19254#breadcrumb\",\"itemListElement\":[{\"@type\":\"ListItem\",\"position\":1,\"name\":\"Portada\",\"item\":\"https:\/\/nuevodigitaldeescobar.com.ar\/\"},{\"@type\":\"ListItem\",\"position\":2,\"name\":\"Una obra atravesada por el arte y la identidad latina llega a escena de la mano de una artista de Maschwitz\"}]},{\"@type\":\"WebSite\",\"@id\":\"https:\/\/nuevodigitaldeescobar.com.ar\/#website\",\"url\":\"https:\/\/nuevodigitaldeescobar.com.ar\/\",\"name\":\"Nuevo Digital de Escobar\",\"description\":\"La vida escobarense. Directora: Rosana Brunner\",\"publisher\":{\"@id\":\"https:\/\/nuevodigitaldeescobar.com.ar\/#organization\"},\"potentialAction\":[{\"@type\":\"SearchAction\",\"target\":{\"@type\":\"EntryPoint\",\"urlTemplate\":\"https:\/\/nuevodigitaldeescobar.com.ar\/?s={search_term_string}\"},\"query-input\":{\"@type\":\"PropertyValueSpecification\",\"valueRequired\":true,\"valueName\":\"search_term_string\"}}],\"inLanguage\":\"es\"},{\"@type\":\"Organization\",\"@id\":\"https:\/\/nuevodigitaldeescobar.com.ar\/#organization\",\"name\":\"Nuevo Digital de Escobar\",\"url\":\"https:\/\/nuevodigitaldeescobar.com.ar\/\",\"logo\":{\"@type\":\"ImageObject\",\"inLanguage\":\"es\",\"@id\":\"https:\/\/nuevodigitaldeescobar.com.ar\/#\/schema\/logo\/image\/\",\"url\":\"https:\/\/nuevodigitaldeescobar.com.ar\/wp-content\/uploads\/2025\/05\/cropped-logo-nuevo2.jpg\",\"contentUrl\":\"https:\/\/nuevodigitaldeescobar.com.ar\/wp-content\/uploads\/2025\/05\/cropped-logo-nuevo2.jpg\",\"width\":305,\"height\":305,\"caption\":\"Nuevo Digital de Escobar\"},\"image\":{\"@id\":\"https:\/\/nuevodigitaldeescobar.com.ar\/#\/schema\/logo\/image\/\"},\"sameAs\":[\"https:\/\/www.facebook.com\/NUEVODigitalDeEscobar\",\"https:\/\/x.com\/nuevodigescobar\",\"https:\/\/www.instagram.com\/nuevodigitaldeescobar\"]},{\"@type\":\"Person\",\"@id\":\"https:\/\/nuevodigitaldeescobar.com.ar\/#\/schema\/person\/035e90a8efe9a80e6eec22656ad6ea4c\",\"name\":\"Redacci\u00f3n\",\"image\":{\"@type\":\"ImageObject\",\"inLanguage\":\"es\",\"@id\":\"https:\/\/nuevodigitaldeescobar.com.ar\/#\/schema\/person\/image\/\",\"url\":\"https:\/\/secure.gravatar.com\/avatar\/8af8f40000c24e9eef3034f2be5998a372bb1389e64b1a4a36b3a7979142220d?s=96&d=mm&r=g\",\"contentUrl\":\"https:\/\/secure.gravatar.com\/avatar\/8af8f40000c24e9eef3034f2be5998a372bb1389e64b1a4a36b3a7979142220d?s=96&d=mm&r=g\",\"caption\":\"Redacci\u00f3n\"},\"sameAs\":[\"http:\/\/nuevodigitaldeescobar.com.ar\"],\"url\":\"https:\/\/nuevodigitaldeescobar.com.ar\/?author=1\"}]}<\/script>\n<!-- \/ Yoast SEO plugin. -->","yoast_head_json":{"title":"Una obra atravesada por el arte y la identidad latina llega a escena de la mano de una artista de Maschwitz - Nuevo Digital de Escobar","description":"La pieza propone un di\u00e1logo atemporal entre dos mujeres latinas, donde el arte se convierte en el hilo conductor que las sostiene mientras entretejen recuerdos, amores y conflictos.","robots":{"index":"index","follow":"follow","max-snippet":"max-snippet:-1","max-image-preview":"max-image-preview:large","max-video-preview":"max-video-preview:-1"},"canonical":"https:\/\/nuevodigitaldeescobar.com.ar\/?p=19254","og_locale":"es_ES","og_type":"article","og_title":"Una obra atravesada por el arte y la identidad latina llega a escena de la mano de una artista de Maschwitz","og_description":"La pieza propone un di\u00e1logo atemporal entre dos mujeres latinas, donde el arte se convierte en el hilo conductor que las sostiene mientras entretejen recuerdos, amores y conflictos.","og_url":"https:\/\/nuevodigitaldeescobar.com.ar\/?p=19254","og_site_name":"Nuevo Digital de Escobar","article_publisher":"https:\/\/www.facebook.com\/NUEVODigitalDeEscobar","article_published_time":"2025-12-15T20:18:21+00:00","article_modified_time":"2025-12-15T20:18:25+00:00","og_image":[{"width":1200,"height":936,"url":"http:\/\/nuevodigitaldeescobar.com.ar\/wp-content\/uploads\/2025\/12\/07a4ca9f-7466-48aa-b21c-646caa6650e5-e1765829748160.jpg","type":"image\/jpeg"}],"author":"Redacci\u00f3n","twitter_card":"summary_large_image","twitter_creator":"@nuevodigescobar","twitter_site":"@nuevodigescobar","twitter_misc":{"Escrito por":"Redacci\u00f3n","Tiempo de lectura":"3 minutos"},"schema":{"@context":"https:\/\/schema.org","@graph":[{"@type":"Article","@id":"https:\/\/nuevodigitaldeescobar.com.ar\/?p=19254#article","isPartOf":{"@id":"https:\/\/nuevodigitaldeescobar.com.ar\/?p=19254"},"author":{"name":"Redacci\u00f3n","@id":"https:\/\/nuevodigitaldeescobar.com.ar\/#\/schema\/person\/035e90a8efe9a80e6eec22656ad6ea4c"},"headline":"Una obra atravesada por el arte y la identidad latina llega a escena de la mano de una artista de Maschwitz","datePublished":"2025-12-15T20:18:21+00:00","dateModified":"2025-12-15T20:18:25+00:00","mainEntityOfPage":{"@id":"https:\/\/nuevodigitaldeescobar.com.ar\/?p=19254"},"wordCount":563,"commentCount":0,"publisher":{"@id":"https:\/\/nuevodigitaldeescobar.com.ar\/#organization"},"image":{"@id":"https:\/\/nuevodigitaldeescobar.com.ar\/?p=19254#primaryimage"},"thumbnailUrl":"https:\/\/nuevodigitaldeescobar.com.ar\/wp-content\/uploads\/2025\/12\/07a4ca9f-7466-48aa-b21c-646caa6650e5-e1765829748160.jpg","articleSection":["Cultura, Arte y Espect\u00e1culos"],"inLanguage":"es","potentialAction":[{"@type":"CommentAction","name":"Comment","target":["https:\/\/nuevodigitaldeescobar.com.ar\/?p=19254#respond"]}]},{"@type":"WebPage","@id":"https:\/\/nuevodigitaldeescobar.com.ar\/?p=19254","url":"https:\/\/nuevodigitaldeescobar.com.ar\/?p=19254","name":"Una obra atravesada por el arte y la identidad latina llega a escena de la mano de una artista de Maschwitz - Nuevo Digital de Escobar","isPartOf":{"@id":"https:\/\/nuevodigitaldeescobar.com.ar\/#website"},"primaryImageOfPage":{"@id":"https:\/\/nuevodigitaldeescobar.com.ar\/?p=19254#primaryimage"},"image":{"@id":"https:\/\/nuevodigitaldeescobar.com.ar\/?p=19254#primaryimage"},"thumbnailUrl":"https:\/\/nuevodigitaldeescobar.com.ar\/wp-content\/uploads\/2025\/12\/07a4ca9f-7466-48aa-b21c-646caa6650e5-e1765829748160.jpg","datePublished":"2025-12-15T20:18:21+00:00","dateModified":"2025-12-15T20:18:25+00:00","description":"La pieza propone un di\u00e1logo atemporal entre dos mujeres latinas, donde el arte se convierte en el hilo conductor que las sostiene mientras entretejen recuerdos, amores y conflictos.","breadcrumb":{"@id":"https:\/\/nuevodigitaldeescobar.com.ar\/?p=19254#breadcrumb"},"inLanguage":"es","potentialAction":[{"@type":"ReadAction","target":["https:\/\/nuevodigitaldeescobar.com.ar\/?p=19254"]}]},{"@type":"ImageObject","inLanguage":"es","@id":"https:\/\/nuevodigitaldeescobar.com.ar\/?p=19254#primaryimage","url":"https:\/\/nuevodigitaldeescobar.com.ar\/wp-content\/uploads\/2025\/12\/07a4ca9f-7466-48aa-b21c-646caa6650e5-e1765829748160.jpg","contentUrl":"https:\/\/nuevodigitaldeescobar.com.ar\/wp-content\/uploads\/2025\/12\/07a4ca9f-7466-48aa-b21c-646caa6650e5-e1765829748160.jpg","width":1200,"height":936},{"@type":"BreadcrumbList","@id":"https:\/\/nuevodigitaldeescobar.com.ar\/?p=19254#breadcrumb","itemListElement":[{"@type":"ListItem","position":1,"name":"Portada","item":"https:\/\/nuevodigitaldeescobar.com.ar\/"},{"@type":"ListItem","position":2,"name":"Una obra atravesada por el arte y la identidad latina llega a escena de la mano de una artista de Maschwitz"}]},{"@type":"WebSite","@id":"https:\/\/nuevodigitaldeescobar.com.ar\/#website","url":"https:\/\/nuevodigitaldeescobar.com.ar\/","name":"Nuevo Digital de Escobar","description":"La vida escobarense. Directora: Rosana Brunner","publisher":{"@id":"https:\/\/nuevodigitaldeescobar.com.ar\/#organization"},"potentialAction":[{"@type":"SearchAction","target":{"@type":"EntryPoint","urlTemplate":"https:\/\/nuevodigitaldeescobar.com.ar\/?s={search_term_string}"},"query-input":{"@type":"PropertyValueSpecification","valueRequired":true,"valueName":"search_term_string"}}],"inLanguage":"es"},{"@type":"Organization","@id":"https:\/\/nuevodigitaldeescobar.com.ar\/#organization","name":"Nuevo Digital de Escobar","url":"https:\/\/nuevodigitaldeescobar.com.ar\/","logo":{"@type":"ImageObject","inLanguage":"es","@id":"https:\/\/nuevodigitaldeescobar.com.ar\/#\/schema\/logo\/image\/","url":"https:\/\/nuevodigitaldeescobar.com.ar\/wp-content\/uploads\/2025\/05\/cropped-logo-nuevo2.jpg","contentUrl":"https:\/\/nuevodigitaldeescobar.com.ar\/wp-content\/uploads\/2025\/05\/cropped-logo-nuevo2.jpg","width":305,"height":305,"caption":"Nuevo Digital de Escobar"},"image":{"@id":"https:\/\/nuevodigitaldeescobar.com.ar\/#\/schema\/logo\/image\/"},"sameAs":["https:\/\/www.facebook.com\/NUEVODigitalDeEscobar","https:\/\/x.com\/nuevodigescobar","https:\/\/www.instagram.com\/nuevodigitaldeescobar"]},{"@type":"Person","@id":"https:\/\/nuevodigitaldeescobar.com.ar\/#\/schema\/person\/035e90a8efe9a80e6eec22656ad6ea4c","name":"Redacci\u00f3n","image":{"@type":"ImageObject","inLanguage":"es","@id":"https:\/\/nuevodigitaldeescobar.com.ar\/#\/schema\/person\/image\/","url":"https:\/\/secure.gravatar.com\/avatar\/8af8f40000c24e9eef3034f2be5998a372bb1389e64b1a4a36b3a7979142220d?s=96&d=mm&r=g","contentUrl":"https:\/\/secure.gravatar.com\/avatar\/8af8f40000c24e9eef3034f2be5998a372bb1389e64b1a4a36b3a7979142220d?s=96&d=mm&r=g","caption":"Redacci\u00f3n"},"sameAs":["http:\/\/nuevodigitaldeescobar.com.ar"],"url":"https:\/\/nuevodigitaldeescobar.com.ar\/?author=1"}]}},"featured_image_urls":{"full":["https:\/\/nuevodigitaldeescobar.com.ar\/wp-content\/uploads\/2025\/12\/07a4ca9f-7466-48aa-b21c-646caa6650e5-e1765829748160.jpg",1200,936,false],"thumbnail":["https:\/\/nuevodigitaldeescobar.com.ar\/wp-content\/uploads\/2025\/12\/07a4ca9f-7466-48aa-b21c-646caa6650e5-e1765829748160-150x150.jpg",150,150,true],"medium":["https:\/\/nuevodigitaldeescobar.com.ar\/wp-content\/uploads\/2025\/12\/07a4ca9f-7466-48aa-b21c-646caa6650e5-e1765829748160-300x234.jpg",300,234,true],"medium_large":["https:\/\/nuevodigitaldeescobar.com.ar\/wp-content\/uploads\/2025\/12\/07a4ca9f-7466-48aa-b21c-646caa6650e5-e1765829748160-768x599.jpg",640,499,true],"large":["https:\/\/nuevodigitaldeescobar.com.ar\/wp-content\/uploads\/2025\/12\/07a4ca9f-7466-48aa-b21c-646caa6650e5-e1765829748160-1024x799.jpg",640,499,true],"1536x1536":["https:\/\/nuevodigitaldeescobar.com.ar\/wp-content\/uploads\/2025\/12\/07a4ca9f-7466-48aa-b21c-646caa6650e5-1152x1536.jpg",1152,1536,true],"2048x2048":["https:\/\/nuevodigitaldeescobar.com.ar\/wp-content\/uploads\/2025\/12\/07a4ca9f-7466-48aa-b21c-646caa6650e5-e1765829748160.jpg",1200,936,false]},"author_info":{"display_name":"Redacci\u00f3n","author_link":"https:\/\/nuevodigitaldeescobar.com.ar\/?author=1"},"category_info":"<a href=\"https:\/\/nuevodigitaldeescobar.com.ar\/?cat=11\" rel=\"category\">Cultura, Arte y Espect\u00e1culos<\/a>","tag_info":"Cultura, Arte y Espect\u00e1culos","comment_count":"0","_links":{"self":[{"href":"https:\/\/nuevodigitaldeescobar.com.ar\/index.php?rest_route=\/wp\/v2\/posts\/19254","targetHints":{"allow":["GET"]}}],"collection":[{"href":"https:\/\/nuevodigitaldeescobar.com.ar\/index.php?rest_route=\/wp\/v2\/posts"}],"about":[{"href":"https:\/\/nuevodigitaldeescobar.com.ar\/index.php?rest_route=\/wp\/v2\/types\/post"}],"author":[{"embeddable":true,"href":"https:\/\/nuevodigitaldeescobar.com.ar\/index.php?rest_route=\/wp\/v2\/users\/1"}],"replies":[{"embeddable":true,"href":"https:\/\/nuevodigitaldeescobar.com.ar\/index.php?rest_route=%2Fwp%2Fv2%2Fcomments&post=19254"}],"version-history":[{"count":1,"href":"https:\/\/nuevodigitaldeescobar.com.ar\/index.php?rest_route=\/wp\/v2\/posts\/19254\/revisions"}],"predecessor-version":[{"id":19258,"href":"https:\/\/nuevodigitaldeescobar.com.ar\/index.php?rest_route=\/wp\/v2\/posts\/19254\/revisions\/19258"}],"wp:featuredmedia":[{"embeddable":true,"href":"https:\/\/nuevodigitaldeescobar.com.ar\/index.php?rest_route=\/wp\/v2\/media\/19255"}],"wp:attachment":[{"href":"https:\/\/nuevodigitaldeescobar.com.ar\/index.php?rest_route=%2Fwp%2Fv2%2Fmedia&parent=19254"}],"wp:term":[{"taxonomy":"category","embeddable":true,"href":"https:\/\/nuevodigitaldeescobar.com.ar\/index.php?rest_route=%2Fwp%2Fv2%2Fcategories&post=19254"},{"taxonomy":"post_tag","embeddable":true,"href":"https:\/\/nuevodigitaldeescobar.com.ar\/index.php?rest_route=%2Fwp%2Fv2%2Ftags&post=19254"}],"curies":[{"name":"wp","href":"https:\/\/api.w.org\/{rel}","templated":true}]}}