{"id":19260,"date":"2025-12-16T19:59:59","date_gmt":"2025-12-16T22:59:59","guid":{"rendered":"https:\/\/nuevodigitaldeescobar.com.ar\/?p=19260"},"modified":"2025-12-16T20:06:52","modified_gmt":"2025-12-16T23:06:52","slug":"conmocion-en-la-quinta-de-olivos-hallan-muerto-a-un-granadero-de-21-anos-e-investigan-una-carta-clave","status":"publish","type":"post","link":"https:\/\/nuevodigitaldeescobar.com.ar\/?p=19260","title":{"rendered":"Conmoci\u00f3n en la Quinta de Olivos: hallan muerto a un granadero de 21 a\u00f1os e investigan una carta clave"},"content":{"rendered":"\n<p class=\"has-vivid-cyan-blue-color has-text-color has-link-color wp-elements-4e4ad62aeecd6124aa91baa4615c91f7\"><strong><em>El soldado, oriundo de Misiones, fue encontrado sin vida en un puesto de guardia con un disparo de FAL. La jueza Arroyo Salgado orden\u00f3 pericias a la Polic\u00eda Federal. La principal hip\u00f3tesis apunta a un suicidio motivado por problemas econ\u00f3micos.<\/em><\/strong><\/p>\n\n\n\n<!--more-->\n\n\n\n<p>Un hecho tr\u00e1gico sacudi\u00f3 este martes la rutina de la <strong>Quinta Presidencial de Olivos<\/strong>. Un soldado voluntario del Ej\u00e9rcito Argentino, de tan solo 21 a\u00f1os, fue hallado muerto dentro del per\u00edmetro de la residencia oficial, en lo que la Justicia investiga como un presunto suicidio.<\/p>\n\n\n\n<p>El joven, identificado por las iniciales <strong>R.A.G.<\/strong> y perteneciente al <strong>Regimiento de Granaderos a Caballo<\/strong>, cumpl\u00eda funciones de seguridad en uno de los puestos internos del predio. Seg\u00fan confirmaron fuentes oficiales, el cuerpo presentaba un disparo en la cabeza y, junto a \u00e9l, se encontraba su arma reglamentaria, un fusil FAL.<\/p>\n\n\n\n<h3 class=\"wp-block-heading has-text-color has-link-color wp-elements-cd3faf708984ddfe7dae42b2c69d457b\" style=\"color:#1d2eb3\">La intervenci\u00f3n judicial y la hip\u00f3tesis del suicidio<\/h3>\n\n\n\n<p>La gravedad del hecho, ocurrido en la residencia del Jefe de Estado, motiv\u00f3 la intervenci\u00f3n inmediata de la jueza federal de San Isidro, <strong>Sandra Arroyo Salgado<\/strong>. La magistrada se hizo presente en el lugar antes del mediod\u00eda junto a efectivos de la Divisi\u00f3n Homicidios de la Polic\u00eda Federal Argentina (PFA) para encabezar las pericias.<\/p>\n\n\n\n<p>Aunque se activaron todos los protocolos de seguridad, la investigaci\u00f3n se inclina fuertemente hacia la hip\u00f3tesis de que el joven se quit\u00f3 la vida. La prueba m\u00e1s contundente hallada hasta el momento es una <strong>carta manuscrita<\/strong> que estaba junto al cuerpo. En la misiva, dirigida a su familia y a sus camaradas, el soldado habr\u00eda explicado su dr\u00e1stica decisi\u00f3n aludiendo a <strong>una abultada deuda econ\u00f3mica<\/strong> que no pod\u00eda afrontar.<\/p>\n\n\n\n<h3 class=\"wp-block-heading has-text-color has-link-color wp-elements-8d5e76b9388924d1f0de64c46b756f6f\" style=\"color:#1d2eb3\">El trasfondo econ\u00f3mico<\/h3>\n\n\n\n<p>R.A.G. era oriundo de la provincia de Misiones y estaba asignado al Escuadr\u00f3n Chacabuco. Al indagar sobre su situaci\u00f3n financiera, trascendi\u00f3 que el joven registraba deudas con distintas entidades bancarias y financieras por un monto cercano a los <strong>dos millones de pesos<\/strong>. Esta presi\u00f3n econ\u00f3mica es el principal m\u00f3vil que analizan los investigadores.<\/p>\n\n\n\n<h3 class=\"wp-block-heading has-text-color has-link-color wp-elements-e586ec475d9a2b194e773926e11c2cde\" style=\"color:#1d2eb3\">La agenda presidencial<\/h3>\n\n\n\n<p>A pesar del operativo policial y judicial desplegado en Olivos, la agenda del gobierno no sufri\u00f3 alteraciones. El presidente <strong>Javier Milei<\/strong> no se encontraba en la residencia al momento del hallazgo, sino en la Casa Rosada, donde mantuvo una audiencia programada con el mandatario electo de Chile, <strong>Jos\u00e9 Antonio Kast<\/strong>.<\/p>\n\n\n\n<p>El cuerpo del joven soldado ser\u00e1 trasladado a la Morgue Judicial de la Ciudad de Buenos Aires para la realizaci\u00f3n de la autopsia correspondiente, mientras la comunidad del Ej\u00e9rcito y su familia en Misiones aguardan el esclarecimiento definitivo del triste suceso.<\/p>\n","protected":false},"excerpt":{"rendered":"<p>El soldado, oriundo de Misiones, fue encontrado sin vida en un puesto de guardia con un disparo de FAL. La jueza Arroyo Salgado orden\u00f3 pericias [&hellip;]<\/p>\n","protected":false},"author":1,"featured_media":19261,"comment_status":"open","ping_status":"open","sticky":false,"template":"","format":"standard","meta":{"footnotes":""},"categories":[15],"tags":[],"class_list":["post-19260","post","type-post","status-publish","format-standard","has-post-thumbnail","hentry","category-sociedad"],"better_featured_image":{"id":19261,"alt_text":"","caption":"","description":"","media_type":"image","media_details":{"width":732,"height":669,"file":"2025\/12\/quintaolivos223.png","filesize":1042524,"sizes":{"medium":{"file":"quintaolivos223-300x274.png","width":300,"height":274,"mime-type":"image\/png","filesize":57873,"source_url":"https:\/\/nuevodigitaldeescobar.com.ar\/wp-content\/uploads\/2025\/12\/quintaolivos223-300x274.png"},"thumbnail":{"file":"quintaolivos223-150x150.png","width":150,"height":150,"mime-type":"image\/png","filesize":18405,"source_url":"https:\/\/nuevodigitaldeescobar.com.ar\/wp-content\/uploads\/2025\/12\/quintaolivos223-150x150.png"}},"image_meta":{"aperture":"0","credit":"","camera":"","caption":"","created_timestamp":"0","copyright":"","focal_length":"0","iso":"0","shutter_speed":"0","title":"","orientation":"0","keywords":[]}},"post":19260,"source_url":"https:\/\/nuevodigitaldeescobar.com.ar\/wp-content\/uploads\/2025\/12\/quintaolivos223.png"},"yoast_head":"<!-- This site is optimized with the Yoast SEO plugin v26.1.1 - https:\/\/yoast.com\/wordpress\/plugins\/seo\/ -->\n<title>Conmoci\u00f3n en la Quinta de Olivos: hallan muerto a un granadero de 21 a\u00f1os e investigan una carta clave - Nuevo Digital de Escobar<\/title>\n<meta name=\"robots\" content=\"index, follow, max-snippet:-1, max-image-preview:large, max-video-preview:-1\" \/>\n<link rel=\"canonical\" href=\"https:\/\/nuevodigitaldeescobar.com.ar\/?p=19260\" \/>\n<meta property=\"og:locale\" content=\"es_ES\" \/>\n<meta property=\"og:type\" content=\"article\" \/>\n<meta property=\"og:title\" content=\"Conmoci\u00f3n en la Quinta de Olivos: hallan muerto a un granadero de 21 a\u00f1os e investigan una carta clave - Nuevo Digital de Escobar\" \/>\n<meta property=\"og:description\" content=\"El soldado, oriundo de Misiones, fue encontrado sin vida en un puesto de guardia con un disparo de FAL. La jueza Arroyo Salgado orden\u00f3 pericias [&hellip;]\" \/>\n<meta property=\"og:url\" content=\"https:\/\/nuevodigitaldeescobar.com.ar\/?p=19260\" \/>\n<meta property=\"og:site_name\" content=\"Nuevo Digital de Escobar\" \/>\n<meta property=\"article:publisher\" content=\"https:\/\/www.facebook.com\/NUEVODigitalDeEscobar\" \/>\n<meta property=\"article:published_time\" content=\"2025-12-16T22:59:59+00:00\" \/>\n<meta property=\"article:modified_time\" content=\"2025-12-16T23:06:52+00:00\" \/>\n<meta property=\"og:image\" content=\"http:\/\/nuevodigitaldeescobar.com.ar\/wp-content\/uploads\/2025\/12\/quintaolivos223.png\" \/>\n\t<meta property=\"og:image:width\" content=\"732\" \/>\n\t<meta property=\"og:image:height\" content=\"669\" \/>\n\t<meta property=\"og:image:type\" content=\"image\/png\" \/>\n<meta name=\"author\" content=\"Redacci\u00f3n\" \/>\n<meta name=\"twitter:card\" content=\"summary_large_image\" \/>\n<meta name=\"twitter:creator\" content=\"@nuevodigescobar\" \/>\n<meta name=\"twitter:site\" content=\"@nuevodigescobar\" \/>\n<meta name=\"twitter:label1\" content=\"Escrito por\" \/>\n\t<meta name=\"twitter:data1\" content=\"Redacci\u00f3n\" \/>\n\t<meta name=\"twitter:label2\" content=\"Tiempo de lectura\" \/>\n\t<meta name=\"twitter:data2\" content=\"3 minutos\" \/>\n<script type=\"application\/ld+json\" class=\"yoast-schema-graph\">{\"@context\":\"https:\/\/schema.org\",\"@graph\":[{\"@type\":\"Article\",\"@id\":\"https:\/\/nuevodigitaldeescobar.com.ar\/?p=19260#article\",\"isPartOf\":{\"@id\":\"https:\/\/nuevodigitaldeescobar.com.ar\/?p=19260\"},\"author\":{\"name\":\"Redacci\u00f3n\",\"@id\":\"https:\/\/nuevodigitaldeescobar.com.ar\/#\/schema\/person\/035e90a8efe9a80e6eec22656ad6ea4c\"},\"headline\":\"Conmoci\u00f3n en la Quinta de Olivos: hallan muerto a un granadero de 21 a\u00f1os e investigan una carta clave\",\"datePublished\":\"2025-12-16T22:59:59+00:00\",\"dateModified\":\"2025-12-16T23:06:52+00:00\",\"mainEntityOfPage\":{\"@id\":\"https:\/\/nuevodigitaldeescobar.com.ar\/?p=19260\"},\"wordCount\":471,\"commentCount\":0,\"publisher\":{\"@id\":\"https:\/\/nuevodigitaldeescobar.com.ar\/#organization\"},\"image\":{\"@id\":\"https:\/\/nuevodigitaldeescobar.com.ar\/?p=19260#primaryimage\"},\"thumbnailUrl\":\"https:\/\/nuevodigitaldeescobar.com.ar\/wp-content\/uploads\/2025\/12\/quintaolivos223.png\",\"articleSection\":[\"Sociedad\"],\"inLanguage\":\"es\",\"potentialAction\":[{\"@type\":\"CommentAction\",\"name\":\"Comment\",\"target\":[\"https:\/\/nuevodigitaldeescobar.com.ar\/?p=19260#respond\"]}]},{\"@type\":\"WebPage\",\"@id\":\"https:\/\/nuevodigitaldeescobar.com.ar\/?p=19260\",\"url\":\"https:\/\/nuevodigitaldeescobar.com.ar\/?p=19260\",\"name\":\"Conmoci\u00f3n en la Quinta de Olivos: hallan muerto a un granadero de 21 a\u00f1os e investigan una carta clave - Nuevo Digital de Escobar\",\"isPartOf\":{\"@id\":\"https:\/\/nuevodigitaldeescobar.com.ar\/#website\"},\"primaryImageOfPage\":{\"@id\":\"https:\/\/nuevodigitaldeescobar.com.ar\/?p=19260#primaryimage\"},\"image\":{\"@id\":\"https:\/\/nuevodigitaldeescobar.com.ar\/?p=19260#primaryimage\"},\"thumbnailUrl\":\"https:\/\/nuevodigitaldeescobar.com.ar\/wp-content\/uploads\/2025\/12\/quintaolivos223.png\",\"datePublished\":\"2025-12-16T22:59:59+00:00\",\"dateModified\":\"2025-12-16T23:06:52+00:00\",\"breadcrumb\":{\"@id\":\"https:\/\/nuevodigitaldeescobar.com.ar\/?p=19260#breadcrumb\"},\"inLanguage\":\"es\",\"potentialAction\":[{\"@type\":\"ReadAction\",\"target\":[\"https:\/\/nuevodigitaldeescobar.com.ar\/?p=19260\"]}]},{\"@type\":\"ImageObject\",\"inLanguage\":\"es\",\"@id\":\"https:\/\/nuevodigitaldeescobar.com.ar\/?p=19260#primaryimage\",\"url\":\"https:\/\/nuevodigitaldeescobar.com.ar\/wp-content\/uploads\/2025\/12\/quintaolivos223.png\",\"contentUrl\":\"https:\/\/nuevodigitaldeescobar.com.ar\/wp-content\/uploads\/2025\/12\/quintaolivos223.png\",\"width\":732,\"height\":669},{\"@type\":\"BreadcrumbList\",\"@id\":\"https:\/\/nuevodigitaldeescobar.com.ar\/?p=19260#breadcrumb\",\"itemListElement\":[{\"@type\":\"ListItem\",\"position\":1,\"name\":\"Portada\",\"item\":\"https:\/\/nuevodigitaldeescobar.com.ar\/\"},{\"@type\":\"ListItem\",\"position\":2,\"name\":\"Conmoci\u00f3n en la Quinta de Olivos: hallan muerto a un granadero de 21 a\u00f1os e investigan una carta clave\"}]},{\"@type\":\"WebSite\",\"@id\":\"https:\/\/nuevodigitaldeescobar.com.ar\/#website\",\"url\":\"https:\/\/nuevodigitaldeescobar.com.ar\/\",\"name\":\"Nuevo Digital de Escobar\",\"description\":\"La vida escobarense. Directora: Rosana Brunner\",\"publisher\":{\"@id\":\"https:\/\/nuevodigitaldeescobar.com.ar\/#organization\"},\"potentialAction\":[{\"@type\":\"SearchAction\",\"target\":{\"@type\":\"EntryPoint\",\"urlTemplate\":\"https:\/\/nuevodigitaldeescobar.com.ar\/?s={search_term_string}\"},\"query-input\":{\"@type\":\"PropertyValueSpecification\",\"valueRequired\":true,\"valueName\":\"search_term_string\"}}],\"inLanguage\":\"es\"},{\"@type\":\"Organization\",\"@id\":\"https:\/\/nuevodigitaldeescobar.com.ar\/#organization\",\"name\":\"Nuevo Digital de Escobar\",\"url\":\"https:\/\/nuevodigitaldeescobar.com.ar\/\",\"logo\":{\"@type\":\"ImageObject\",\"inLanguage\":\"es\",\"@id\":\"https:\/\/nuevodigitaldeescobar.com.ar\/#\/schema\/logo\/image\/\",\"url\":\"https:\/\/nuevodigitaldeescobar.com.ar\/wp-content\/uploads\/2025\/05\/cropped-logo-nuevo2.jpg\",\"contentUrl\":\"https:\/\/nuevodigitaldeescobar.com.ar\/wp-content\/uploads\/2025\/05\/cropped-logo-nuevo2.jpg\",\"width\":305,\"height\":305,\"caption\":\"Nuevo Digital de Escobar\"},\"image\":{\"@id\":\"https:\/\/nuevodigitaldeescobar.com.ar\/#\/schema\/logo\/image\/\"},\"sameAs\":[\"https:\/\/www.facebook.com\/NUEVODigitalDeEscobar\",\"https:\/\/x.com\/nuevodigescobar\",\"https:\/\/www.instagram.com\/nuevodigitaldeescobar\"]},{\"@type\":\"Person\",\"@id\":\"https:\/\/nuevodigitaldeescobar.com.ar\/#\/schema\/person\/035e90a8efe9a80e6eec22656ad6ea4c\",\"name\":\"Redacci\u00f3n\",\"image\":{\"@type\":\"ImageObject\",\"inLanguage\":\"es\",\"@id\":\"https:\/\/nuevodigitaldeescobar.com.ar\/#\/schema\/person\/image\/\",\"url\":\"https:\/\/secure.gravatar.com\/avatar\/8af8f40000c24e9eef3034f2be5998a372bb1389e64b1a4a36b3a7979142220d?s=96&d=mm&r=g\",\"contentUrl\":\"https:\/\/secure.gravatar.com\/avatar\/8af8f40000c24e9eef3034f2be5998a372bb1389e64b1a4a36b3a7979142220d?s=96&d=mm&r=g\",\"caption\":\"Redacci\u00f3n\"},\"sameAs\":[\"http:\/\/nuevodigitaldeescobar.com.ar\"],\"url\":\"https:\/\/nuevodigitaldeescobar.com.ar\/?author=1\"}]}<\/script>\n<!-- \/ Yoast SEO plugin. -->","yoast_head_json":{"title":"Conmoci\u00f3n en la Quinta de Olivos: hallan muerto a un granadero de 21 a\u00f1os e investigan una carta clave - Nuevo Digital de Escobar","robots":{"index":"index","follow":"follow","max-snippet":"max-snippet:-1","max-image-preview":"max-image-preview:large","max-video-preview":"max-video-preview:-1"},"canonical":"https:\/\/nuevodigitaldeescobar.com.ar\/?p=19260","og_locale":"es_ES","og_type":"article","og_title":"Conmoci\u00f3n en la Quinta de Olivos: hallan muerto a un granadero de 21 a\u00f1os e investigan una carta clave - Nuevo Digital de Escobar","og_description":"El soldado, oriundo de Misiones, fue encontrado sin vida en un puesto de guardia con un disparo de FAL. La jueza Arroyo Salgado orden\u00f3 pericias [&hellip;]","og_url":"https:\/\/nuevodigitaldeescobar.com.ar\/?p=19260","og_site_name":"Nuevo Digital de Escobar","article_publisher":"https:\/\/www.facebook.com\/NUEVODigitalDeEscobar","article_published_time":"2025-12-16T22:59:59+00:00","article_modified_time":"2025-12-16T23:06:52+00:00","og_image":[{"width":732,"height":669,"url":"http:\/\/nuevodigitaldeescobar.com.ar\/wp-content\/uploads\/2025\/12\/quintaolivos223.png","type":"image\/png"}],"author":"Redacci\u00f3n","twitter_card":"summary_large_image","twitter_creator":"@nuevodigescobar","twitter_site":"@nuevodigescobar","twitter_misc":{"Escrito por":"Redacci\u00f3n","Tiempo de lectura":"3 minutos"},"schema":{"@context":"https:\/\/schema.org","@graph":[{"@type":"Article","@id":"https:\/\/nuevodigitaldeescobar.com.ar\/?p=19260#article","isPartOf":{"@id":"https:\/\/nuevodigitaldeescobar.com.ar\/?p=19260"},"author":{"name":"Redacci\u00f3n","@id":"https:\/\/nuevodigitaldeescobar.com.ar\/#\/schema\/person\/035e90a8efe9a80e6eec22656ad6ea4c"},"headline":"Conmoci\u00f3n en la Quinta de Olivos: hallan muerto a un granadero de 21 a\u00f1os e investigan una carta clave","datePublished":"2025-12-16T22:59:59+00:00","dateModified":"2025-12-16T23:06:52+00:00","mainEntityOfPage":{"@id":"https:\/\/nuevodigitaldeescobar.com.ar\/?p=19260"},"wordCount":471,"commentCount":0,"publisher":{"@id":"https:\/\/nuevodigitaldeescobar.com.ar\/#organization"},"image":{"@id":"https:\/\/nuevodigitaldeescobar.com.ar\/?p=19260#primaryimage"},"thumbnailUrl":"https:\/\/nuevodigitaldeescobar.com.ar\/wp-content\/uploads\/2025\/12\/quintaolivos223.png","articleSection":["Sociedad"],"inLanguage":"es","potentialAction":[{"@type":"CommentAction","name":"Comment","target":["https:\/\/nuevodigitaldeescobar.com.ar\/?p=19260#respond"]}]},{"@type":"WebPage","@id":"https:\/\/nuevodigitaldeescobar.com.ar\/?p=19260","url":"https:\/\/nuevodigitaldeescobar.com.ar\/?p=19260","name":"Conmoci\u00f3n en la Quinta de Olivos: hallan muerto a un granadero de 21 a\u00f1os e investigan una carta clave - Nuevo Digital de Escobar","isPartOf":{"@id":"https:\/\/nuevodigitaldeescobar.com.ar\/#website"},"primaryImageOfPage":{"@id":"https:\/\/nuevodigitaldeescobar.com.ar\/?p=19260#primaryimage"},"image":{"@id":"https:\/\/nuevodigitaldeescobar.com.ar\/?p=19260#primaryimage"},"thumbnailUrl":"https:\/\/nuevodigitaldeescobar.com.ar\/wp-content\/uploads\/2025\/12\/quintaolivos223.png","datePublished":"2025-12-16T22:59:59+00:00","dateModified":"2025-12-16T23:06:52+00:00","breadcrumb":{"@id":"https:\/\/nuevodigitaldeescobar.com.ar\/?p=19260#breadcrumb"},"inLanguage":"es","potentialAction":[{"@type":"ReadAction","target":["https:\/\/nuevodigitaldeescobar.com.ar\/?p=19260"]}]},{"@type":"ImageObject","inLanguage":"es","@id":"https:\/\/nuevodigitaldeescobar.com.ar\/?p=19260#primaryimage","url":"https:\/\/nuevodigitaldeescobar.com.ar\/wp-content\/uploads\/2025\/12\/quintaolivos223.png","contentUrl":"https:\/\/nuevodigitaldeescobar.com.ar\/wp-content\/uploads\/2025\/12\/quintaolivos223.png","width":732,"height":669},{"@type":"BreadcrumbList","@id":"https:\/\/nuevodigitaldeescobar.com.ar\/?p=19260#breadcrumb","itemListElement":[{"@type":"ListItem","position":1,"name":"Portada","item":"https:\/\/nuevodigitaldeescobar.com.ar\/"},{"@type":"ListItem","position":2,"name":"Conmoci\u00f3n en la Quinta de Olivos: hallan muerto a un granadero de 21 a\u00f1os e investigan una carta clave"}]},{"@type":"WebSite","@id":"https:\/\/nuevodigitaldeescobar.com.ar\/#website","url":"https:\/\/nuevodigitaldeescobar.com.ar\/","name":"Nuevo Digital de Escobar","description":"La vida escobarense. Directora: Rosana Brunner","publisher":{"@id":"https:\/\/nuevodigitaldeescobar.com.ar\/#organization"},"potentialAction":[{"@type":"SearchAction","target":{"@type":"EntryPoint","urlTemplate":"https:\/\/nuevodigitaldeescobar.com.ar\/?s={search_term_string}"},"query-input":{"@type":"PropertyValueSpecification","valueRequired":true,"valueName":"search_term_string"}}],"inLanguage":"es"},{"@type":"Organization","@id":"https:\/\/nuevodigitaldeescobar.com.ar\/#organization","name":"Nuevo Digital de Escobar","url":"https:\/\/nuevodigitaldeescobar.com.ar\/","logo":{"@type":"ImageObject","inLanguage":"es","@id":"https:\/\/nuevodigitaldeescobar.com.ar\/#\/schema\/logo\/image\/","url":"https:\/\/nuevodigitaldeescobar.com.ar\/wp-content\/uploads\/2025\/05\/cropped-logo-nuevo2.jpg","contentUrl":"https:\/\/nuevodigitaldeescobar.com.ar\/wp-content\/uploads\/2025\/05\/cropped-logo-nuevo2.jpg","width":305,"height":305,"caption":"Nuevo Digital de Escobar"},"image":{"@id":"https:\/\/nuevodigitaldeescobar.com.ar\/#\/schema\/logo\/image\/"},"sameAs":["https:\/\/www.facebook.com\/NUEVODigitalDeEscobar","https:\/\/x.com\/nuevodigescobar","https:\/\/www.instagram.com\/nuevodigitaldeescobar"]},{"@type":"Person","@id":"https:\/\/nuevodigitaldeescobar.com.ar\/#\/schema\/person\/035e90a8efe9a80e6eec22656ad6ea4c","name":"Redacci\u00f3n","image":{"@type":"ImageObject","inLanguage":"es","@id":"https:\/\/nuevodigitaldeescobar.com.ar\/#\/schema\/person\/image\/","url":"https:\/\/secure.gravatar.com\/avatar\/8af8f40000c24e9eef3034f2be5998a372bb1389e64b1a4a36b3a7979142220d?s=96&d=mm&r=g","contentUrl":"https:\/\/secure.gravatar.com\/avatar\/8af8f40000c24e9eef3034f2be5998a372bb1389e64b1a4a36b3a7979142220d?s=96&d=mm&r=g","caption":"Redacci\u00f3n"},"sameAs":["http:\/\/nuevodigitaldeescobar.com.ar"],"url":"https:\/\/nuevodigitaldeescobar.com.ar\/?author=1"}]}},"featured_image_urls":{"full":["https:\/\/nuevodigitaldeescobar.com.ar\/wp-content\/uploads\/2025\/12\/quintaolivos223.png",732,669,false],"thumbnail":["https:\/\/nuevodigitaldeescobar.com.ar\/wp-content\/uploads\/2025\/12\/quintaolivos223-150x150.png",150,150,true],"medium":["https:\/\/nuevodigitaldeescobar.com.ar\/wp-content\/uploads\/2025\/12\/quintaolivos223-300x274.png",300,274,true],"medium_large":["https:\/\/nuevodigitaldeescobar.com.ar\/wp-content\/uploads\/2025\/12\/quintaolivos223.png",640,585,false],"large":["https:\/\/nuevodigitaldeescobar.com.ar\/wp-content\/uploads\/2025\/12\/quintaolivos223.png",640,585,false],"1536x1536":["https:\/\/nuevodigitaldeescobar.com.ar\/wp-content\/uploads\/2025\/12\/quintaolivos223.png",732,669,false],"2048x2048":["https:\/\/nuevodigitaldeescobar.com.ar\/wp-content\/uploads\/2025\/12\/quintaolivos223.png",732,669,false]},"author_info":{"display_name":"Redacci\u00f3n","author_link":"https:\/\/nuevodigitaldeescobar.com.ar\/?author=1"},"category_info":"<a href=\"https:\/\/nuevodigitaldeescobar.com.ar\/?cat=15\" rel=\"category\">Sociedad<\/a>","tag_info":"Sociedad","comment_count":"0","_links":{"self":[{"href":"https:\/\/nuevodigitaldeescobar.com.ar\/index.php?rest_route=\/wp\/v2\/posts\/19260","targetHints":{"allow":["GET"]}}],"collection":[{"href":"https:\/\/nuevodigitaldeescobar.com.ar\/index.php?rest_route=\/wp\/v2\/posts"}],"about":[{"href":"https:\/\/nuevodigitaldeescobar.com.ar\/index.php?rest_route=\/wp\/v2\/types\/post"}],"author":[{"embeddable":true,"href":"https:\/\/nuevodigitaldeescobar.com.ar\/index.php?rest_route=\/wp\/v2\/users\/1"}],"replies":[{"embeddable":true,"href":"https:\/\/nuevodigitaldeescobar.com.ar\/index.php?rest_route=%2Fwp%2Fv2%2Fcomments&post=19260"}],"version-history":[{"count":1,"href":"https:\/\/nuevodigitaldeescobar.com.ar\/index.php?rest_route=\/wp\/v2\/posts\/19260\/revisions"}],"predecessor-version":[{"id":19262,"href":"https:\/\/nuevodigitaldeescobar.com.ar\/index.php?rest_route=\/wp\/v2\/posts\/19260\/revisions\/19262"}],"wp:featuredmedia":[{"embeddable":true,"href":"https:\/\/nuevodigitaldeescobar.com.ar\/index.php?rest_route=\/wp\/v2\/media\/19261"}],"wp:attachment":[{"href":"https:\/\/nuevodigitaldeescobar.com.ar\/index.php?rest_route=%2Fwp%2Fv2%2Fmedia&parent=19260"}],"wp:term":[{"taxonomy":"category","embeddable":true,"href":"https:\/\/nuevodigitaldeescobar.com.ar\/index.php?rest_route=%2Fwp%2Fv2%2Fcategories&post=19260"},{"taxonomy":"post_tag","embeddable":true,"href":"https:\/\/nuevodigitaldeescobar.com.ar\/index.php?rest_route=%2Fwp%2Fv2%2Ftags&post=19260"}],"curies":[{"name":"wp","href":"https:\/\/api.w.org\/{rel}","templated":true}]}}