{"id":19288,"date":"2025-12-18T10:45:05","date_gmt":"2025-12-18T13:45:05","guid":{"rendered":"https:\/\/nuevodigitaldeescobar.com.ar\/?p=19288"},"modified":"2025-12-18T10:45:16","modified_gmt":"2025-12-18T13:45:16","slug":"raices-provincianas-a-un-paso-de-ser-declarada-fiesta-provincial","status":"publish","type":"post","link":"https:\/\/nuevodigitaldeescobar.com.ar\/?p=19288","title":{"rendered":"Ra\u00edces Provincianas, a un paso de ser declarada Fiesta Provincial"},"content":{"rendered":"\n<p>La C\u00e1mara de Diputados de la provincia de Buenos Aires otorg\u00f3 media sanci\u00f3n al proyecto impulsado por el diputado Leonardo Moreno, que propone declarar al Festival Ra\u00edces Provincianas de Gar\u00edn como Fiesta Provincial, un reconocimiento que pone en valor su trayectoria, su identidad cultural y el compromiso sostenido de la comunidad que lo impulsa. <\/p>\n\n\n\n<!--more-->\n\n\n\n<p>La iniciativa, que ahora deber\u00e1 ser tratada por el Senado bonaerense, representa un paso significativo para fortalecer el turismo, la cultura y el desarrollo local, consolidando a este evento como una referencia dentro del calendario cultural de la Provincia.<\/p>\n\n\n\n<p>\u00abLas fiestas populares cumplen un rol central en la preservaci\u00f3n de las tradiciones, al tiempo que generan trabajo, movimiento econ\u00f3mico y sentido de pertenencia. En ese marco, desde el Municipio se acompa\u00f1a este proceso como parte de una pol\u00edtica p\u00fablica que entiende a la cultura como un motor de crecimiento, integraci\u00f3n social y proyecci\u00f3n territorial, mientras se contin\u00faa trabajando para que los barrios sigan creciendo y Escobar reafirme su lugar como un polo cultural\u00bb, afirm\u00f3 el diputado Moreno.&nbsp;<\/p>\n\n\n\n<p>En su \u00faltima edici\u00f3n, el festival celebr\u00f3 su 21\u00aa realizaci\u00f3n en la localidad de Gar\u00edn con entrada libre y gratuita, ofreciendo durante tres jornadas una programaci\u00f3n que incluy\u00f3 espect\u00e1culos musicales, ballets folkl\u00f3ricos, desfile de caballos, destrezas gauchas, la participaci\u00f3n de artistas locales, emprendedores y entidades de bien p\u00fablico, adem\u00e1s de un patio gastron\u00f3mico con comidas t\u00edpicas de distintas regiones del pa\u00eds, convocando a miles de personas en un espacio de encuentro y celebraci\u00f3n de las ra\u00edces argentinas.<\/p>\n","protected":false},"excerpt":{"rendered":"<p>La C\u00e1mara de Diputados de la provincia de Buenos Aires otorg\u00f3 media sanci\u00f3n al proyecto impulsado por el diputado Leonardo Moreno, que propone declarar al [&hellip;]<\/p>\n","protected":false},"author":1,"featured_media":19289,"comment_status":"open","ping_status":"open","sticky":false,"template":"","format":"standard","meta":{"footnotes":""},"categories":[7],"tags":[],"class_list":["post-19288","post","type-post","status-publish","format-standard","has-post-thumbnail","hentry","category-interes-general"],"better_featured_image":{"id":19289,"alt_text":"","caption":"","description":"","media_type":"image","media_details":{"width":1600,"height":1066,"file":"2025\/12\/whatsapp_image_2025_12_17_at_11_37_06.jpeg","filesize":190343,"sizes":{"medium":{"file":"whatsapp_image_2025_12_17_at_11_37_06-300x200.jpeg","width":300,"height":200,"mime-type":"image\/jpeg","filesize":10624,"source_url":"https:\/\/nuevodigitaldeescobar.com.ar\/wp-content\/uploads\/2025\/12\/whatsapp_image_2025_12_17_at_11_37_06-300x200.jpeg"},"large":{"file":"whatsapp_image_2025_12_17_at_11_37_06-1024x682.jpeg","width":1024,"height":682,"mime-type":"image\/jpeg","filesize":64122,"source_url":"https:\/\/nuevodigitaldeescobar.com.ar\/wp-content\/uploads\/2025\/12\/whatsapp_image_2025_12_17_at_11_37_06-1024x682.jpeg"},"thumbnail":{"file":"whatsapp_image_2025_12_17_at_11_37_06-150x150.jpeg","width":150,"height":150,"mime-type":"image\/jpeg","filesize":5674,"source_url":"https:\/\/nuevodigitaldeescobar.com.ar\/wp-content\/uploads\/2025\/12\/whatsapp_image_2025_12_17_at_11_37_06-150x150.jpeg"},"medium_large":{"file":"whatsapp_image_2025_12_17_at_11_37_06-768x512.jpeg","width":768,"height":512,"mime-type":"image\/jpeg","filesize":41996,"source_url":"https:\/\/nuevodigitaldeescobar.com.ar\/wp-content\/uploads\/2025\/12\/whatsapp_image_2025_12_17_at_11_37_06-768x512.jpeg"},"1536x1536":{"file":"whatsapp_image_2025_12_17_at_11_37_06-1536x1023.jpeg","width":1536,"height":1023,"mime-type":"image\/jpeg","filesize":115375,"source_url":"https:\/\/nuevodigitaldeescobar.com.ar\/wp-content\/uploads\/2025\/12\/whatsapp_image_2025_12_17_at_11_37_06-1536x1023.jpeg"}},"image_meta":{"aperture":"0","credit":"","camera":"","caption":"","created_timestamp":"0","copyright":"","focal_length":"0","iso":"0","shutter_speed":"0","title":"","orientation":"0","keywords":[]}},"post":19288,"source_url":"https:\/\/nuevodigitaldeescobar.com.ar\/wp-content\/uploads\/2025\/12\/whatsapp_image_2025_12_17_at_11_37_06.jpeg"},"yoast_head":"<!-- This site is optimized with the Yoast SEO plugin v26.1.1 - https:\/\/yoast.com\/wordpress\/plugins\/seo\/ -->\n<title>Ra\u00edces Provincianas, a un paso de ser declarada Fiesta Provincial - Nuevo Digital de Escobar<\/title>\n<meta name=\"description\" content=\"La iniciativa, que ahora deber\u00e1 ser tratada por el Senado bonaerense, representa un paso significativo para fortalecer el turismo, la cultura y el desarrollo local, consolidando a este evento como una referencia dentro del calendario cultural de la Provincia.\" \/>\n<meta name=\"robots\" content=\"index, follow, max-snippet:-1, max-image-preview:large, max-video-preview:-1\" \/>\n<link rel=\"canonical\" href=\"https:\/\/nuevodigitaldeescobar.com.ar\/?p=19288\" \/>\n<meta property=\"og:locale\" content=\"es_ES\" \/>\n<meta property=\"og:type\" content=\"article\" \/>\n<meta property=\"og:title\" content=\"Ra\u00edces Provincianas, a un paso de ser declarada Fiesta Provincial\" \/>\n<meta property=\"og:description\" content=\"La iniciativa, que ahora deber\u00e1 ser tratada por el Senado bonaerense, representa un paso significativo para fortalecer el turismo, la cultura y el desarrollo local, consolidando a este evento como una referencia dentro del calendario cultural de la Provincia.\" \/>\n<meta property=\"og:url\" content=\"https:\/\/nuevodigitaldeescobar.com.ar\/?p=19288\" \/>\n<meta property=\"og:site_name\" content=\"Nuevo Digital de Escobar\" \/>\n<meta property=\"article:publisher\" content=\"https:\/\/www.facebook.com\/NUEVODigitalDeEscobar\" \/>\n<meta property=\"article:published_time\" content=\"2025-12-18T13:45:05+00:00\" \/>\n<meta property=\"article:modified_time\" content=\"2025-12-18T13:45:16+00:00\" \/>\n<meta property=\"og:image\" content=\"http:\/\/nuevodigitaldeescobar.com.ar\/wp-content\/uploads\/2025\/12\/whatsapp_image_2025_12_17_at_11_37_06__1_.jpeg\" \/>\n\t<meta property=\"og:image:width\" content=\"1600\" \/>\n\t<meta property=\"og:image:height\" content=\"1066\" \/>\n\t<meta property=\"og:image:type\" content=\"image\/jpeg\" \/>\n<meta name=\"author\" content=\"Redacci\u00f3n\" \/>\n<meta name=\"twitter:card\" content=\"summary_large_image\" \/>\n<meta name=\"twitter:creator\" content=\"@nuevodigescobar\" \/>\n<meta name=\"twitter:site\" content=\"@nuevodigescobar\" \/>\n<meta name=\"twitter:label1\" content=\"Escrito por\" \/>\n\t<meta name=\"twitter:data1\" content=\"Redacci\u00f3n\" \/>\n\t<meta name=\"twitter:label2\" content=\"Tiempo de lectura\" \/>\n\t<meta name=\"twitter:data2\" content=\"2 minutos\" \/>\n<script type=\"application\/ld+json\" class=\"yoast-schema-graph\">{\"@context\":\"https:\/\/schema.org\",\"@graph\":[{\"@type\":\"Article\",\"@id\":\"https:\/\/nuevodigitaldeescobar.com.ar\/?p=19288#article\",\"isPartOf\":{\"@id\":\"https:\/\/nuevodigitaldeescobar.com.ar\/?p=19288\"},\"author\":{\"name\":\"Redacci\u00f3n\",\"@id\":\"https:\/\/nuevodigitaldeescobar.com.ar\/#\/schema\/person\/035e90a8efe9a80e6eec22656ad6ea4c\"},\"headline\":\"Ra\u00edces Provincianas, a un paso de ser declarada Fiesta Provincial\",\"datePublished\":\"2025-12-18T13:45:05+00:00\",\"dateModified\":\"2025-12-18T13:45:16+00:00\",\"mainEntityOfPage\":{\"@id\":\"https:\/\/nuevodigitaldeescobar.com.ar\/?p=19288\"},\"wordCount\":285,\"commentCount\":0,\"publisher\":{\"@id\":\"https:\/\/nuevodigitaldeescobar.com.ar\/#organization\"},\"image\":{\"@id\":\"https:\/\/nuevodigitaldeescobar.com.ar\/?p=19288#primaryimage\"},\"thumbnailUrl\":\"https:\/\/nuevodigitaldeescobar.com.ar\/wp-content\/uploads\/2025\/12\/whatsapp_image_2025_12_17_at_11_37_06.jpeg\",\"articleSection\":[\"Inter\u00e9s general\"],\"inLanguage\":\"es\",\"potentialAction\":[{\"@type\":\"CommentAction\",\"name\":\"Comment\",\"target\":[\"https:\/\/nuevodigitaldeescobar.com.ar\/?p=19288#respond\"]}]},{\"@type\":\"WebPage\",\"@id\":\"https:\/\/nuevodigitaldeescobar.com.ar\/?p=19288\",\"url\":\"https:\/\/nuevodigitaldeescobar.com.ar\/?p=19288\",\"name\":\"Ra\u00edces Provincianas, a un paso de ser declarada Fiesta Provincial - Nuevo Digital de Escobar\",\"isPartOf\":{\"@id\":\"https:\/\/nuevodigitaldeescobar.com.ar\/#website\"},\"primaryImageOfPage\":{\"@id\":\"https:\/\/nuevodigitaldeescobar.com.ar\/?p=19288#primaryimage\"},\"image\":{\"@id\":\"https:\/\/nuevodigitaldeescobar.com.ar\/?p=19288#primaryimage\"},\"thumbnailUrl\":\"https:\/\/nuevodigitaldeescobar.com.ar\/wp-content\/uploads\/2025\/12\/whatsapp_image_2025_12_17_at_11_37_06.jpeg\",\"datePublished\":\"2025-12-18T13:45:05+00:00\",\"dateModified\":\"2025-12-18T13:45:16+00:00\",\"description\":\"La iniciativa, que ahora deber\u00e1 ser tratada por el Senado bonaerense, representa un paso significativo para fortalecer el turismo, la cultura y el desarrollo local, consolidando a este evento como una referencia dentro del calendario cultural de la Provincia.\",\"breadcrumb\":{\"@id\":\"https:\/\/nuevodigitaldeescobar.com.ar\/?p=19288#breadcrumb\"},\"inLanguage\":\"es\",\"potentialAction\":[{\"@type\":\"ReadAction\",\"target\":[\"https:\/\/nuevodigitaldeescobar.com.ar\/?p=19288\"]}]},{\"@type\":\"ImageObject\",\"inLanguage\":\"es\",\"@id\":\"https:\/\/nuevodigitaldeescobar.com.ar\/?p=19288#primaryimage\",\"url\":\"https:\/\/nuevodigitaldeescobar.com.ar\/wp-content\/uploads\/2025\/12\/whatsapp_image_2025_12_17_at_11_37_06.jpeg\",\"contentUrl\":\"https:\/\/nuevodigitaldeescobar.com.ar\/wp-content\/uploads\/2025\/12\/whatsapp_image_2025_12_17_at_11_37_06.jpeg\",\"width\":1600,\"height\":1066},{\"@type\":\"BreadcrumbList\",\"@id\":\"https:\/\/nuevodigitaldeescobar.com.ar\/?p=19288#breadcrumb\",\"itemListElement\":[{\"@type\":\"ListItem\",\"position\":1,\"name\":\"Portada\",\"item\":\"https:\/\/nuevodigitaldeescobar.com.ar\/\"},{\"@type\":\"ListItem\",\"position\":2,\"name\":\"Ra\u00edces Provincianas, a un paso de ser declarada Fiesta Provincial\"}]},{\"@type\":\"WebSite\",\"@id\":\"https:\/\/nuevodigitaldeescobar.com.ar\/#website\",\"url\":\"https:\/\/nuevodigitaldeescobar.com.ar\/\",\"name\":\"Nuevo Digital de Escobar\",\"description\":\"La vida escobarense. Directora: Rosana Brunner\",\"publisher\":{\"@id\":\"https:\/\/nuevodigitaldeescobar.com.ar\/#organization\"},\"potentialAction\":[{\"@type\":\"SearchAction\",\"target\":{\"@type\":\"EntryPoint\",\"urlTemplate\":\"https:\/\/nuevodigitaldeescobar.com.ar\/?s={search_term_string}\"},\"query-input\":{\"@type\":\"PropertyValueSpecification\",\"valueRequired\":true,\"valueName\":\"search_term_string\"}}],\"inLanguage\":\"es\"},{\"@type\":\"Organization\",\"@id\":\"https:\/\/nuevodigitaldeescobar.com.ar\/#organization\",\"name\":\"Nuevo Digital de Escobar\",\"url\":\"https:\/\/nuevodigitaldeescobar.com.ar\/\",\"logo\":{\"@type\":\"ImageObject\",\"inLanguage\":\"es\",\"@id\":\"https:\/\/nuevodigitaldeescobar.com.ar\/#\/schema\/logo\/image\/\",\"url\":\"https:\/\/nuevodigitaldeescobar.com.ar\/wp-content\/uploads\/2025\/05\/cropped-logo-nuevo2.jpg\",\"contentUrl\":\"https:\/\/nuevodigitaldeescobar.com.ar\/wp-content\/uploads\/2025\/05\/cropped-logo-nuevo2.jpg\",\"width\":305,\"height\":305,\"caption\":\"Nuevo Digital de Escobar\"},\"image\":{\"@id\":\"https:\/\/nuevodigitaldeescobar.com.ar\/#\/schema\/logo\/image\/\"},\"sameAs\":[\"https:\/\/www.facebook.com\/NUEVODigitalDeEscobar\",\"https:\/\/x.com\/nuevodigescobar\",\"https:\/\/www.instagram.com\/nuevodigitaldeescobar\"]},{\"@type\":\"Person\",\"@id\":\"https:\/\/nuevodigitaldeescobar.com.ar\/#\/schema\/person\/035e90a8efe9a80e6eec22656ad6ea4c\",\"name\":\"Redacci\u00f3n\",\"image\":{\"@type\":\"ImageObject\",\"inLanguage\":\"es\",\"@id\":\"https:\/\/nuevodigitaldeescobar.com.ar\/#\/schema\/person\/image\/\",\"url\":\"https:\/\/secure.gravatar.com\/avatar\/8af8f40000c24e9eef3034f2be5998a372bb1389e64b1a4a36b3a7979142220d?s=96&d=mm&r=g\",\"contentUrl\":\"https:\/\/secure.gravatar.com\/avatar\/8af8f40000c24e9eef3034f2be5998a372bb1389e64b1a4a36b3a7979142220d?s=96&d=mm&r=g\",\"caption\":\"Redacci\u00f3n\"},\"sameAs\":[\"http:\/\/nuevodigitaldeescobar.com.ar\"],\"url\":\"https:\/\/nuevodigitaldeescobar.com.ar\/?author=1\"}]}<\/script>\n<!-- \/ Yoast SEO plugin. -->","yoast_head_json":{"title":"Ra\u00edces Provincianas, a un paso de ser declarada Fiesta Provincial - Nuevo Digital de Escobar","description":"La iniciativa, que ahora deber\u00e1 ser tratada por el Senado bonaerense, representa un paso significativo para fortalecer el turismo, la cultura y el desarrollo local, consolidando a este evento como una referencia dentro del calendario cultural de la Provincia.","robots":{"index":"index","follow":"follow","max-snippet":"max-snippet:-1","max-image-preview":"max-image-preview:large","max-video-preview":"max-video-preview:-1"},"canonical":"https:\/\/nuevodigitaldeescobar.com.ar\/?p=19288","og_locale":"es_ES","og_type":"article","og_title":"Ra\u00edces Provincianas, a un paso de ser declarada Fiesta Provincial","og_description":"La iniciativa, que ahora deber\u00e1 ser tratada por el Senado bonaerense, representa un paso significativo para fortalecer el turismo, la cultura y el desarrollo local, consolidando a este evento como una referencia dentro del calendario cultural de la Provincia.","og_url":"https:\/\/nuevodigitaldeescobar.com.ar\/?p=19288","og_site_name":"Nuevo Digital de Escobar","article_publisher":"https:\/\/www.facebook.com\/NUEVODigitalDeEscobar","article_published_time":"2025-12-18T13:45:05+00:00","article_modified_time":"2025-12-18T13:45:16+00:00","og_image":[{"width":1600,"height":1066,"url":"http:\/\/nuevodigitaldeescobar.com.ar\/wp-content\/uploads\/2025\/12\/whatsapp_image_2025_12_17_at_11_37_06__1_.jpeg","type":"image\/jpeg"}],"author":"Redacci\u00f3n","twitter_card":"summary_large_image","twitter_creator":"@nuevodigescobar","twitter_site":"@nuevodigescobar","twitter_misc":{"Escrito por":"Redacci\u00f3n","Tiempo de lectura":"2 minutos"},"schema":{"@context":"https:\/\/schema.org","@graph":[{"@type":"Article","@id":"https:\/\/nuevodigitaldeescobar.com.ar\/?p=19288#article","isPartOf":{"@id":"https:\/\/nuevodigitaldeescobar.com.ar\/?p=19288"},"author":{"name":"Redacci\u00f3n","@id":"https:\/\/nuevodigitaldeescobar.com.ar\/#\/schema\/person\/035e90a8efe9a80e6eec22656ad6ea4c"},"headline":"Ra\u00edces Provincianas, a un paso de ser declarada Fiesta Provincial","datePublished":"2025-12-18T13:45:05+00:00","dateModified":"2025-12-18T13:45:16+00:00","mainEntityOfPage":{"@id":"https:\/\/nuevodigitaldeescobar.com.ar\/?p=19288"},"wordCount":285,"commentCount":0,"publisher":{"@id":"https:\/\/nuevodigitaldeescobar.com.ar\/#organization"},"image":{"@id":"https:\/\/nuevodigitaldeescobar.com.ar\/?p=19288#primaryimage"},"thumbnailUrl":"https:\/\/nuevodigitaldeescobar.com.ar\/wp-content\/uploads\/2025\/12\/whatsapp_image_2025_12_17_at_11_37_06.jpeg","articleSection":["Inter\u00e9s general"],"inLanguage":"es","potentialAction":[{"@type":"CommentAction","name":"Comment","target":["https:\/\/nuevodigitaldeescobar.com.ar\/?p=19288#respond"]}]},{"@type":"WebPage","@id":"https:\/\/nuevodigitaldeescobar.com.ar\/?p=19288","url":"https:\/\/nuevodigitaldeescobar.com.ar\/?p=19288","name":"Ra\u00edces Provincianas, a un paso de ser declarada Fiesta Provincial - Nuevo Digital de Escobar","isPartOf":{"@id":"https:\/\/nuevodigitaldeescobar.com.ar\/#website"},"primaryImageOfPage":{"@id":"https:\/\/nuevodigitaldeescobar.com.ar\/?p=19288#primaryimage"},"image":{"@id":"https:\/\/nuevodigitaldeescobar.com.ar\/?p=19288#primaryimage"},"thumbnailUrl":"https:\/\/nuevodigitaldeescobar.com.ar\/wp-content\/uploads\/2025\/12\/whatsapp_image_2025_12_17_at_11_37_06.jpeg","datePublished":"2025-12-18T13:45:05+00:00","dateModified":"2025-12-18T13:45:16+00:00","description":"La iniciativa, que ahora deber\u00e1 ser tratada por el Senado bonaerense, representa un paso significativo para fortalecer el turismo, la cultura y el desarrollo local, consolidando a este evento como una referencia dentro del calendario cultural de la Provincia.","breadcrumb":{"@id":"https:\/\/nuevodigitaldeescobar.com.ar\/?p=19288#breadcrumb"},"inLanguage":"es","potentialAction":[{"@type":"ReadAction","target":["https:\/\/nuevodigitaldeescobar.com.ar\/?p=19288"]}]},{"@type":"ImageObject","inLanguage":"es","@id":"https:\/\/nuevodigitaldeescobar.com.ar\/?p=19288#primaryimage","url":"https:\/\/nuevodigitaldeescobar.com.ar\/wp-content\/uploads\/2025\/12\/whatsapp_image_2025_12_17_at_11_37_06.jpeg","contentUrl":"https:\/\/nuevodigitaldeescobar.com.ar\/wp-content\/uploads\/2025\/12\/whatsapp_image_2025_12_17_at_11_37_06.jpeg","width":1600,"height":1066},{"@type":"BreadcrumbList","@id":"https:\/\/nuevodigitaldeescobar.com.ar\/?p=19288#breadcrumb","itemListElement":[{"@type":"ListItem","position":1,"name":"Portada","item":"https:\/\/nuevodigitaldeescobar.com.ar\/"},{"@type":"ListItem","position":2,"name":"Ra\u00edces Provincianas, a un paso de ser declarada Fiesta Provincial"}]},{"@type":"WebSite","@id":"https:\/\/nuevodigitaldeescobar.com.ar\/#website","url":"https:\/\/nuevodigitaldeescobar.com.ar\/","name":"Nuevo Digital de Escobar","description":"La vida escobarense. Directora: Rosana Brunner","publisher":{"@id":"https:\/\/nuevodigitaldeescobar.com.ar\/#organization"},"potentialAction":[{"@type":"SearchAction","target":{"@type":"EntryPoint","urlTemplate":"https:\/\/nuevodigitaldeescobar.com.ar\/?s={search_term_string}"},"query-input":{"@type":"PropertyValueSpecification","valueRequired":true,"valueName":"search_term_string"}}],"inLanguage":"es"},{"@type":"Organization","@id":"https:\/\/nuevodigitaldeescobar.com.ar\/#organization","name":"Nuevo Digital de Escobar","url":"https:\/\/nuevodigitaldeescobar.com.ar\/","logo":{"@type":"ImageObject","inLanguage":"es","@id":"https:\/\/nuevodigitaldeescobar.com.ar\/#\/schema\/logo\/image\/","url":"https:\/\/nuevodigitaldeescobar.com.ar\/wp-content\/uploads\/2025\/05\/cropped-logo-nuevo2.jpg","contentUrl":"https:\/\/nuevodigitaldeescobar.com.ar\/wp-content\/uploads\/2025\/05\/cropped-logo-nuevo2.jpg","width":305,"height":305,"caption":"Nuevo Digital de Escobar"},"image":{"@id":"https:\/\/nuevodigitaldeescobar.com.ar\/#\/schema\/logo\/image\/"},"sameAs":["https:\/\/www.facebook.com\/NUEVODigitalDeEscobar","https:\/\/x.com\/nuevodigescobar","https:\/\/www.instagram.com\/nuevodigitaldeescobar"]},{"@type":"Person","@id":"https:\/\/nuevodigitaldeescobar.com.ar\/#\/schema\/person\/035e90a8efe9a80e6eec22656ad6ea4c","name":"Redacci\u00f3n","image":{"@type":"ImageObject","inLanguage":"es","@id":"https:\/\/nuevodigitaldeescobar.com.ar\/#\/schema\/person\/image\/","url":"https:\/\/secure.gravatar.com\/avatar\/8af8f40000c24e9eef3034f2be5998a372bb1389e64b1a4a36b3a7979142220d?s=96&d=mm&r=g","contentUrl":"https:\/\/secure.gravatar.com\/avatar\/8af8f40000c24e9eef3034f2be5998a372bb1389e64b1a4a36b3a7979142220d?s=96&d=mm&r=g","caption":"Redacci\u00f3n"},"sameAs":["http:\/\/nuevodigitaldeescobar.com.ar"],"url":"https:\/\/nuevodigitaldeescobar.com.ar\/?author=1"}]}},"featured_image_urls":{"full":["https:\/\/nuevodigitaldeescobar.com.ar\/wp-content\/uploads\/2025\/12\/whatsapp_image_2025_12_17_at_11_37_06.jpeg",1600,1066,false],"thumbnail":["https:\/\/nuevodigitaldeescobar.com.ar\/wp-content\/uploads\/2025\/12\/whatsapp_image_2025_12_17_at_11_37_06-150x150.jpeg",150,150,true],"medium":["https:\/\/nuevodigitaldeescobar.com.ar\/wp-content\/uploads\/2025\/12\/whatsapp_image_2025_12_17_at_11_37_06-300x200.jpeg",300,200,true],"medium_large":["https:\/\/nuevodigitaldeescobar.com.ar\/wp-content\/uploads\/2025\/12\/whatsapp_image_2025_12_17_at_11_37_06-768x512.jpeg",640,427,true],"large":["https:\/\/nuevodigitaldeescobar.com.ar\/wp-content\/uploads\/2025\/12\/whatsapp_image_2025_12_17_at_11_37_06-1024x682.jpeg",640,426,true],"1536x1536":["https:\/\/nuevodigitaldeescobar.com.ar\/wp-content\/uploads\/2025\/12\/whatsapp_image_2025_12_17_at_11_37_06-1536x1023.jpeg",1536,1023,true],"2048x2048":["https:\/\/nuevodigitaldeescobar.com.ar\/wp-content\/uploads\/2025\/12\/whatsapp_image_2025_12_17_at_11_37_06.jpeg",1600,1066,false]},"author_info":{"display_name":"Redacci\u00f3n","author_link":"https:\/\/nuevodigitaldeescobar.com.ar\/?author=1"},"category_info":"<a href=\"https:\/\/nuevodigitaldeescobar.com.ar\/?cat=7\" rel=\"category\">Inter\u00e9s general<\/a>","tag_info":"Inter\u00e9s general","comment_count":"0","_links":{"self":[{"href":"https:\/\/nuevodigitaldeescobar.com.ar\/index.php?rest_route=\/wp\/v2\/posts\/19288","targetHints":{"allow":["GET"]}}],"collection":[{"href":"https:\/\/nuevodigitaldeescobar.com.ar\/index.php?rest_route=\/wp\/v2\/posts"}],"about":[{"href":"https:\/\/nuevodigitaldeescobar.com.ar\/index.php?rest_route=\/wp\/v2\/types\/post"}],"author":[{"embeddable":true,"href":"https:\/\/nuevodigitaldeescobar.com.ar\/index.php?rest_route=\/wp\/v2\/users\/1"}],"replies":[{"embeddable":true,"href":"https:\/\/nuevodigitaldeescobar.com.ar\/index.php?rest_route=%2Fwp%2Fv2%2Fcomments&post=19288"}],"version-history":[{"count":1,"href":"https:\/\/nuevodigitaldeescobar.com.ar\/index.php?rest_route=\/wp\/v2\/posts\/19288\/revisions"}],"predecessor-version":[{"id":19291,"href":"https:\/\/nuevodigitaldeescobar.com.ar\/index.php?rest_route=\/wp\/v2\/posts\/19288\/revisions\/19291"}],"wp:featuredmedia":[{"embeddable":true,"href":"https:\/\/nuevodigitaldeescobar.com.ar\/index.php?rest_route=\/wp\/v2\/media\/19289"}],"wp:attachment":[{"href":"https:\/\/nuevodigitaldeescobar.com.ar\/index.php?rest_route=%2Fwp%2Fv2%2Fmedia&parent=19288"}],"wp:term":[{"taxonomy":"category","embeddable":true,"href":"https:\/\/nuevodigitaldeescobar.com.ar\/index.php?rest_route=%2Fwp%2Fv2%2Fcategories&post=19288"},{"taxonomy":"post_tag","embeddable":true,"href":"https:\/\/nuevodigitaldeescobar.com.ar\/index.php?rest_route=%2Fwp%2Fv2%2Ftags&post=19288"}],"curies":[{"name":"wp","href":"https:\/\/api.w.org\/{rel}","templated":true}]}}