{"id":19294,"date":"2025-12-18T11:36:56","date_gmt":"2025-12-18T14:36:56","guid":{"rendered":"https:\/\/nuevodigitaldeescobar.com.ar\/?p=19294"},"modified":"2025-12-18T11:37:09","modified_gmt":"2025-12-18T14:37:09","slug":"alerta-medica-confirman-que-la-combinacion-de-ansiedad-y-depresion-dispara-el-riesgo-de-sufrir-infartos","status":"publish","type":"post","link":"https:\/\/nuevodigitaldeescobar.com.ar\/?p=19294","title":{"rendered":"Alerta m\u00e9dica: confirman que la combinaci\u00f3n de ansiedad y depresi\u00f3n dispara el riesgo de sufrir infartos"},"content":{"rendered":"\n<p class=\"has-vivid-cyan-blue-color has-text-color has-link-color wp-elements-9c4a48afd2ca5dc1dbe7c04e87223c70\"><strong><em>Un masivo estudio cient\u00edfico revel\u00f3 que sufrir ambos trastornos a la vez genera una \u00abtormenta perfecta\u00bb en el organismo: el estr\u00e9s cr\u00f3nico inflama las arterias y da\u00f1a el coraz\u00f3n. Los expertos piden incluir la salud mental en los chequeos cardiol\u00f3gicos.<\/em><\/strong><\/p>\n\n\n\n<!--more-->\n\n\n\n<p>A menudo se habla de la ansiedad y la depresi\u00f3n como los <em>\u00abmales de nuestra \u00e9poca\u00bb<\/em>, afectando el \u00e1nimo y la vida social de las personas. Sin embargo, un nuevo y revelador estudio realizado en Estados Unidos confirma que el impacto va mucho m\u00e1s all\u00e1 de lo emocional: <strong>la salud mental es, literalmente, un asunto de vida o muerte para nuestro coraz\u00f3n.<\/strong><\/p>\n\n\n\n<p>Investigadores del prestigioso sistema de salud <strong>Mass General Brigham<\/strong> analizaron datos de m\u00e1s de 85.000 pacientes y llegaron a una conclusi\u00f3n contundente: aquellas personas que sufren de ansiedad y depresi\u00f3n simult\u00e1neamente tienen un riesgo significativamente mayor de padecer enfermedades cardiovasculares, infartos o accidentes cerebrovasculares (ACV).<\/p>\n\n\n\n<h3 class=\"wp-block-heading has-text-color has-link-color wp-elements-74a6677498d5b3f5e36bc0d5f3b36b63\" style=\"color:#1c2b9c\">El combo peligroso<\/h3>\n\n\n\n<p>El estudio demostr\u00f3 que padecer ambas condiciones al mismo tiempo es m\u00e1s peligroso que tener solo una. Seg\u00fan los datos publicados en la revista cient\u00edfica <em>Circulation<\/em>, los pacientes con este diagn\u00f3stico doble enfrentan un <strong>riesgo un 32% mayor<\/strong> de sufrir un evento card\u00edaco grave en comparaci\u00f3n con quienes solo tienen uno de los trastornos.<\/p>\n\n\n\n<p>Lo llamativo es que este riesgo se mantiene alto incluso si la persona no fuma, no tiene diabetes y lleva una vida <em>\u00abf\u00edsicamente\u00bb<\/em> saludable. El enemigo, en este caso, es interno e invisible.<\/p>\n\n\n\n<h3 class=\"wp-block-heading has-text-color has-link-color wp-elements-0b6331dc8951cf9f8941ba5fb412f0e5\" style=\"color:#1c2b9c\">\u00bfPor qu\u00e9 pasa esto? La explicaci\u00f3n biol\u00f3gica<\/h3>\n\n\n\n<p>Para que cualquier vecino lo entienda: el cuerpo humano no distingue entre un peligro f\u00edsico real y el estr\u00e9s emocional cr\u00f3nico. Los cient\u00edficos descubrieron que la ansiedad y la depresi\u00f3n activan la <strong>am\u00edgdala<\/strong>, una zona del cerebro encargada del miedo y el estr\u00e9s. Cuando esta zona est\u00e1 sobreestimulada constantemente, env\u00eda se\u00f1ales err\u00f3neas al resto del cuerpo:<\/p>\n\n\n\n<ol start=\"1\" class=\"wp-block-list\">\n<li><strong>Acelera el sistema nervioso:<\/strong> El coraz\u00f3n late con menos variabilidad, manteni\u00e9ndose en un \u00abmodo alerta\u00bb constante.<\/li>\n\n\n\n<li><strong>Genera inflamaci\u00f3n:<\/strong> Aumentan los niveles de una prote\u00edna en sangre que inflama los vasos sangu\u00edneos.<\/li>\n\n\n\n<li><strong>Da\u00f1o arterial:<\/strong> Con el tiempo, esa inflamaci\u00f3n cr\u00f3nica da\u00f1a las arterias y facilita la aparici\u00f3n de problemas card\u00edacos.<\/li>\n<\/ol>\n\n\n\n<p><em>\u00abEstos resultados nos ofrecen una imagen clara de c\u00f3mo el malestar emocional afecta f\u00edsicamente al coraz\u00f3n\u00bb<\/em>, explic\u00f3 el Dr. Shady Abohashem, l\u00edder de la investigaci\u00f3n.<\/p>\n\n\n\n<h3 class=\"wp-block-heading has-text-color has-link-color wp-elements-0e5eaa8deb4d62df7b2a05904eab858a\" style=\"color:#1c2b9c\">Un cambio de paradigma<\/h3>\n\n\n\n<p>Este hallazgo obliga a repensar c\u00f3mo nos cuidamos. Ya no alcanza con controlar el colesterol, la presi\u00f3n y hacer dieta. Los m\u00e9dicos advierten que <strong>tratar el estr\u00e9s, ir a terapia y buscar ayuda psiqui\u00e1trica<\/strong> deben considerarse medidas preventivas tan importantes como salir a caminar o comer con poca sal.<\/p>\n\n\n\n<p>En un mundo acelerado, la conclusi\u00f3n es clara: cuidar la mente es la mejor forma de proteger al coraz\u00f3n.<\/p>\n","protected":false},"excerpt":{"rendered":"<p>Un masivo estudio cient\u00edfico revel\u00f3 que sufrir ambos trastornos a la vez genera una \u00abtormenta perfecta\u00bb en el organismo: el estr\u00e9s cr\u00f3nico inflama las arterias [&hellip;]<\/p>\n","protected":false},"author":1,"featured_media":4551,"comment_status":"open","ping_status":"open","sticky":false,"template":"","format":"standard","meta":{"footnotes":""},"categories":[3],"tags":[],"class_list":["post-19294","post","type-post","status-publish","format-standard","has-post-thumbnail","hentry","category-nutricion"],"better_featured_image":{"id":4551,"alt_text":"","caption":"El estr\u00e9s act\u00faa como un depredador del siglo XXI, desencadenando estados de inflamaci\u00f3n sist\u00e9mica cr\u00f3nica y enfermedades vinculadas.","description":"","media_type":"image","media_details":{"width":450,"height":253,"file":"2024\/03\/epi-4-corazon-cardiaco-cardiologo-e1711781403150.jpg","filesize":67039,"sizes":{"medium":{"file":"epi-4-corazon-cardiaco-cardiologo-300x169.jpg","width":300,"height":169,"mime-type":"image\/jpeg","filesize":9278,"source_url":"https:\/\/nuevodigitaldeescobar.com.ar\/wp-content\/uploads\/2024\/03\/epi-4-corazon-cardiaco-cardiologo-300x169.jpg"},"thumbnail":{"file":"epi-4-corazon-cardiaco-cardiologo-150x150.jpg","width":150,"height":150,"mime-type":"image\/jpeg","filesize":5708,"source_url":"https:\/\/nuevodigitaldeescobar.com.ar\/wp-content\/uploads\/2024\/03\/epi-4-corazon-cardiaco-cardiologo-150x150.jpg"}},"image_meta":{"aperture":"0","credit":"","camera":"","caption":"","created_timestamp":"0","copyright":"","focal_length":"0","iso":"0","shutter_speed":"0","title":"","orientation":"0","keywords":[]}},"post":4546,"source_url":"https:\/\/nuevodigitaldeescobar.com.ar\/wp-content\/uploads\/2024\/03\/epi-4-corazon-cardiaco-cardiologo-e1711781403150.jpg"},"yoast_head":"<!-- This site is optimized with the Yoast SEO plugin v26.1.1 - https:\/\/yoast.com\/wordpress\/plugins\/seo\/ -->\n<title>Alerta m\u00e9dica: confirman que la combinaci\u00f3n de ansiedad y depresi\u00f3n dispara el riesgo de sufrir infartos - Nuevo Digital de Escobar<\/title>\n<meta name=\"robots\" content=\"index, follow, max-snippet:-1, max-image-preview:large, max-video-preview:-1\" \/>\n<link rel=\"canonical\" href=\"https:\/\/nuevodigitaldeescobar.com.ar\/?p=19294\" \/>\n<meta property=\"og:locale\" content=\"es_ES\" \/>\n<meta property=\"og:type\" content=\"article\" \/>\n<meta property=\"og:title\" content=\"Alerta m\u00e9dica: confirman que la combinaci\u00f3n de ansiedad y depresi\u00f3n dispara el riesgo de sufrir infartos - Nuevo Digital de Escobar\" \/>\n<meta property=\"og:description\" content=\"Un masivo estudio cient\u00edfico revel\u00f3 que sufrir ambos trastornos a la vez genera una \u00abtormenta perfecta\u00bb en el organismo: el estr\u00e9s cr\u00f3nico inflama las arterias [&hellip;]\" \/>\n<meta property=\"og:url\" content=\"https:\/\/nuevodigitaldeescobar.com.ar\/?p=19294\" \/>\n<meta property=\"og:site_name\" content=\"Nuevo Digital de Escobar\" \/>\n<meta property=\"article:publisher\" content=\"https:\/\/www.facebook.com\/NUEVODigitalDeEscobar\" \/>\n<meta property=\"article:published_time\" content=\"2025-12-18T14:36:56+00:00\" \/>\n<meta property=\"article:modified_time\" content=\"2025-12-18T14:37:09+00:00\" \/>\n<meta property=\"og:image\" content=\"http:\/\/nuevodigitaldeescobar.com.ar\/wp-content\/uploads\/2024\/03\/epi-4-corazon-cardiaco-cardiologo-e1711781403150.jpg\" \/>\n\t<meta property=\"og:image:width\" content=\"450\" \/>\n\t<meta property=\"og:image:height\" content=\"253\" \/>\n\t<meta property=\"og:image:type\" content=\"image\/jpeg\" \/>\n<meta name=\"author\" content=\"Redacci\u00f3n\" \/>\n<meta name=\"twitter:card\" content=\"summary_large_image\" \/>\n<meta name=\"twitter:creator\" content=\"@nuevodigescobar\" \/>\n<meta name=\"twitter:site\" content=\"@nuevodigescobar\" \/>\n<meta name=\"twitter:label1\" content=\"Escrito por\" \/>\n\t<meta name=\"twitter:data1\" content=\"Redacci\u00f3n\" \/>\n\t<meta name=\"twitter:label2\" content=\"Tiempo de lectura\" \/>\n\t<meta name=\"twitter:data2\" content=\"3 minutos\" \/>\n<script type=\"application\/ld+json\" class=\"yoast-schema-graph\">{\"@context\":\"https:\/\/schema.org\",\"@graph\":[{\"@type\":\"Article\",\"@id\":\"https:\/\/nuevodigitaldeescobar.com.ar\/?p=19294#article\",\"isPartOf\":{\"@id\":\"https:\/\/nuevodigitaldeescobar.com.ar\/?p=19294\"},\"author\":{\"name\":\"Redacci\u00f3n\",\"@id\":\"https:\/\/nuevodigitaldeescobar.com.ar\/#\/schema\/person\/035e90a8efe9a80e6eec22656ad6ea4c\"},\"headline\":\"Alerta m\u00e9dica: confirman que la combinaci\u00f3n de ansiedad y depresi\u00f3n dispara el riesgo de sufrir infartos\",\"datePublished\":\"2025-12-18T14:36:56+00:00\",\"dateModified\":\"2025-12-18T14:37:09+00:00\",\"mainEntityOfPage\":{\"@id\":\"https:\/\/nuevodigitaldeescobar.com.ar\/?p=19294\"},\"wordCount\":518,\"commentCount\":0,\"publisher\":{\"@id\":\"https:\/\/nuevodigitaldeescobar.com.ar\/#organization\"},\"image\":{\"@id\":\"https:\/\/nuevodigitaldeescobar.com.ar\/?p=19294#primaryimage\"},\"thumbnailUrl\":\"https:\/\/nuevodigitaldeescobar.com.ar\/wp-content\/uploads\/2024\/03\/epi-4-corazon-cardiaco-cardiologo-e1711781403150.jpg\",\"articleSection\":[\"Salud y Nutrici\u00f3n\"],\"inLanguage\":\"es\",\"potentialAction\":[{\"@type\":\"CommentAction\",\"name\":\"Comment\",\"target\":[\"https:\/\/nuevodigitaldeescobar.com.ar\/?p=19294#respond\"]}]},{\"@type\":\"WebPage\",\"@id\":\"https:\/\/nuevodigitaldeescobar.com.ar\/?p=19294\",\"url\":\"https:\/\/nuevodigitaldeescobar.com.ar\/?p=19294\",\"name\":\"Alerta m\u00e9dica: confirman que la combinaci\u00f3n de ansiedad y depresi\u00f3n dispara el riesgo de sufrir infartos - Nuevo Digital de Escobar\",\"isPartOf\":{\"@id\":\"https:\/\/nuevodigitaldeescobar.com.ar\/#website\"},\"primaryImageOfPage\":{\"@id\":\"https:\/\/nuevodigitaldeescobar.com.ar\/?p=19294#primaryimage\"},\"image\":{\"@id\":\"https:\/\/nuevodigitaldeescobar.com.ar\/?p=19294#primaryimage\"},\"thumbnailUrl\":\"https:\/\/nuevodigitaldeescobar.com.ar\/wp-content\/uploads\/2024\/03\/epi-4-corazon-cardiaco-cardiologo-e1711781403150.jpg\",\"datePublished\":\"2025-12-18T14:36:56+00:00\",\"dateModified\":\"2025-12-18T14:37:09+00:00\",\"breadcrumb\":{\"@id\":\"https:\/\/nuevodigitaldeescobar.com.ar\/?p=19294#breadcrumb\"},\"inLanguage\":\"es\",\"potentialAction\":[{\"@type\":\"ReadAction\",\"target\":[\"https:\/\/nuevodigitaldeescobar.com.ar\/?p=19294\"]}]},{\"@type\":\"ImageObject\",\"inLanguage\":\"es\",\"@id\":\"https:\/\/nuevodigitaldeescobar.com.ar\/?p=19294#primaryimage\",\"url\":\"https:\/\/nuevodigitaldeescobar.com.ar\/wp-content\/uploads\/2024\/03\/epi-4-corazon-cardiaco-cardiologo-e1711781403150.jpg\",\"contentUrl\":\"https:\/\/nuevodigitaldeescobar.com.ar\/wp-content\/uploads\/2024\/03\/epi-4-corazon-cardiaco-cardiologo-e1711781403150.jpg\",\"width\":450,\"height\":253,\"caption\":\"El estr\u00e9s act\u00faa como un depredador del siglo XXI, desencadenando estados de inflamaci\u00f3n sist\u00e9mica cr\u00f3nica y enfermedades vinculadas.\"},{\"@type\":\"BreadcrumbList\",\"@id\":\"https:\/\/nuevodigitaldeescobar.com.ar\/?p=19294#breadcrumb\",\"itemListElement\":[{\"@type\":\"ListItem\",\"position\":1,\"name\":\"Portada\",\"item\":\"https:\/\/nuevodigitaldeescobar.com.ar\/\"},{\"@type\":\"ListItem\",\"position\":2,\"name\":\"Alerta m\u00e9dica: confirman que la combinaci\u00f3n de ansiedad y depresi\u00f3n dispara el riesgo de sufrir infartos\"}]},{\"@type\":\"WebSite\",\"@id\":\"https:\/\/nuevodigitaldeescobar.com.ar\/#website\",\"url\":\"https:\/\/nuevodigitaldeescobar.com.ar\/\",\"name\":\"Nuevo Digital de Escobar\",\"description\":\"La vida escobarense. Directora: Rosana Brunner\",\"publisher\":{\"@id\":\"https:\/\/nuevodigitaldeescobar.com.ar\/#organization\"},\"potentialAction\":[{\"@type\":\"SearchAction\",\"target\":{\"@type\":\"EntryPoint\",\"urlTemplate\":\"https:\/\/nuevodigitaldeescobar.com.ar\/?s={search_term_string}\"},\"query-input\":{\"@type\":\"PropertyValueSpecification\",\"valueRequired\":true,\"valueName\":\"search_term_string\"}}],\"inLanguage\":\"es\"},{\"@type\":\"Organization\",\"@id\":\"https:\/\/nuevodigitaldeescobar.com.ar\/#organization\",\"name\":\"Nuevo Digital de Escobar\",\"url\":\"https:\/\/nuevodigitaldeescobar.com.ar\/\",\"logo\":{\"@type\":\"ImageObject\",\"inLanguage\":\"es\",\"@id\":\"https:\/\/nuevodigitaldeescobar.com.ar\/#\/schema\/logo\/image\/\",\"url\":\"https:\/\/nuevodigitaldeescobar.com.ar\/wp-content\/uploads\/2025\/05\/cropped-logo-nuevo2.jpg\",\"contentUrl\":\"https:\/\/nuevodigitaldeescobar.com.ar\/wp-content\/uploads\/2025\/05\/cropped-logo-nuevo2.jpg\",\"width\":305,\"height\":305,\"caption\":\"Nuevo Digital de Escobar\"},\"image\":{\"@id\":\"https:\/\/nuevodigitaldeescobar.com.ar\/#\/schema\/logo\/image\/\"},\"sameAs\":[\"https:\/\/www.facebook.com\/NUEVODigitalDeEscobar\",\"https:\/\/x.com\/nuevodigescobar\",\"https:\/\/www.instagram.com\/nuevodigitaldeescobar\"]},{\"@type\":\"Person\",\"@id\":\"https:\/\/nuevodigitaldeescobar.com.ar\/#\/schema\/person\/035e90a8efe9a80e6eec22656ad6ea4c\",\"name\":\"Redacci\u00f3n\",\"image\":{\"@type\":\"ImageObject\",\"inLanguage\":\"es\",\"@id\":\"https:\/\/nuevodigitaldeescobar.com.ar\/#\/schema\/person\/image\/\",\"url\":\"https:\/\/secure.gravatar.com\/avatar\/8af8f40000c24e9eef3034f2be5998a372bb1389e64b1a4a36b3a7979142220d?s=96&d=mm&r=g\",\"contentUrl\":\"https:\/\/secure.gravatar.com\/avatar\/8af8f40000c24e9eef3034f2be5998a372bb1389e64b1a4a36b3a7979142220d?s=96&d=mm&r=g\",\"caption\":\"Redacci\u00f3n\"},\"sameAs\":[\"http:\/\/nuevodigitaldeescobar.com.ar\"],\"url\":\"https:\/\/nuevodigitaldeescobar.com.ar\/?author=1\"}]}<\/script>\n<!-- \/ Yoast SEO plugin. -->","yoast_head_json":{"title":"Alerta m\u00e9dica: confirman que la combinaci\u00f3n de ansiedad y depresi\u00f3n dispara el riesgo de sufrir infartos - Nuevo Digital de Escobar","robots":{"index":"index","follow":"follow","max-snippet":"max-snippet:-1","max-image-preview":"max-image-preview:large","max-video-preview":"max-video-preview:-1"},"canonical":"https:\/\/nuevodigitaldeescobar.com.ar\/?p=19294","og_locale":"es_ES","og_type":"article","og_title":"Alerta m\u00e9dica: confirman que la combinaci\u00f3n de ansiedad y depresi\u00f3n dispara el riesgo de sufrir infartos - Nuevo Digital de Escobar","og_description":"Un masivo estudio cient\u00edfico revel\u00f3 que sufrir ambos trastornos a la vez genera una \u00abtormenta perfecta\u00bb en el organismo: el estr\u00e9s cr\u00f3nico inflama las arterias [&hellip;]","og_url":"https:\/\/nuevodigitaldeescobar.com.ar\/?p=19294","og_site_name":"Nuevo Digital de Escobar","article_publisher":"https:\/\/www.facebook.com\/NUEVODigitalDeEscobar","article_published_time":"2025-12-18T14:36:56+00:00","article_modified_time":"2025-12-18T14:37:09+00:00","og_image":[{"width":450,"height":253,"url":"http:\/\/nuevodigitaldeescobar.com.ar\/wp-content\/uploads\/2024\/03\/epi-4-corazon-cardiaco-cardiologo-e1711781403150.jpg","type":"image\/jpeg"}],"author":"Redacci\u00f3n","twitter_card":"summary_large_image","twitter_creator":"@nuevodigescobar","twitter_site":"@nuevodigescobar","twitter_misc":{"Escrito por":"Redacci\u00f3n","Tiempo de lectura":"3 minutos"},"schema":{"@context":"https:\/\/schema.org","@graph":[{"@type":"Article","@id":"https:\/\/nuevodigitaldeescobar.com.ar\/?p=19294#article","isPartOf":{"@id":"https:\/\/nuevodigitaldeescobar.com.ar\/?p=19294"},"author":{"name":"Redacci\u00f3n","@id":"https:\/\/nuevodigitaldeescobar.com.ar\/#\/schema\/person\/035e90a8efe9a80e6eec22656ad6ea4c"},"headline":"Alerta m\u00e9dica: confirman que la combinaci\u00f3n de ansiedad y depresi\u00f3n dispara el riesgo de sufrir infartos","datePublished":"2025-12-18T14:36:56+00:00","dateModified":"2025-12-18T14:37:09+00:00","mainEntityOfPage":{"@id":"https:\/\/nuevodigitaldeescobar.com.ar\/?p=19294"},"wordCount":518,"commentCount":0,"publisher":{"@id":"https:\/\/nuevodigitaldeescobar.com.ar\/#organization"},"image":{"@id":"https:\/\/nuevodigitaldeescobar.com.ar\/?p=19294#primaryimage"},"thumbnailUrl":"https:\/\/nuevodigitaldeescobar.com.ar\/wp-content\/uploads\/2024\/03\/epi-4-corazon-cardiaco-cardiologo-e1711781403150.jpg","articleSection":["Salud y Nutrici\u00f3n"],"inLanguage":"es","potentialAction":[{"@type":"CommentAction","name":"Comment","target":["https:\/\/nuevodigitaldeescobar.com.ar\/?p=19294#respond"]}]},{"@type":"WebPage","@id":"https:\/\/nuevodigitaldeescobar.com.ar\/?p=19294","url":"https:\/\/nuevodigitaldeescobar.com.ar\/?p=19294","name":"Alerta m\u00e9dica: confirman que la combinaci\u00f3n de ansiedad y depresi\u00f3n dispara el riesgo de sufrir infartos - Nuevo Digital de Escobar","isPartOf":{"@id":"https:\/\/nuevodigitaldeescobar.com.ar\/#website"},"primaryImageOfPage":{"@id":"https:\/\/nuevodigitaldeescobar.com.ar\/?p=19294#primaryimage"},"image":{"@id":"https:\/\/nuevodigitaldeescobar.com.ar\/?p=19294#primaryimage"},"thumbnailUrl":"https:\/\/nuevodigitaldeescobar.com.ar\/wp-content\/uploads\/2024\/03\/epi-4-corazon-cardiaco-cardiologo-e1711781403150.jpg","datePublished":"2025-12-18T14:36:56+00:00","dateModified":"2025-12-18T14:37:09+00:00","breadcrumb":{"@id":"https:\/\/nuevodigitaldeescobar.com.ar\/?p=19294#breadcrumb"},"inLanguage":"es","potentialAction":[{"@type":"ReadAction","target":["https:\/\/nuevodigitaldeescobar.com.ar\/?p=19294"]}]},{"@type":"ImageObject","inLanguage":"es","@id":"https:\/\/nuevodigitaldeescobar.com.ar\/?p=19294#primaryimage","url":"https:\/\/nuevodigitaldeescobar.com.ar\/wp-content\/uploads\/2024\/03\/epi-4-corazon-cardiaco-cardiologo-e1711781403150.jpg","contentUrl":"https:\/\/nuevodigitaldeescobar.com.ar\/wp-content\/uploads\/2024\/03\/epi-4-corazon-cardiaco-cardiologo-e1711781403150.jpg","width":450,"height":253,"caption":"El estr\u00e9s act\u00faa como un depredador del siglo XXI, desencadenando estados de inflamaci\u00f3n sist\u00e9mica cr\u00f3nica y enfermedades vinculadas."},{"@type":"BreadcrumbList","@id":"https:\/\/nuevodigitaldeescobar.com.ar\/?p=19294#breadcrumb","itemListElement":[{"@type":"ListItem","position":1,"name":"Portada","item":"https:\/\/nuevodigitaldeescobar.com.ar\/"},{"@type":"ListItem","position":2,"name":"Alerta m\u00e9dica: confirman que la combinaci\u00f3n de ansiedad y depresi\u00f3n dispara el riesgo de sufrir infartos"}]},{"@type":"WebSite","@id":"https:\/\/nuevodigitaldeescobar.com.ar\/#website","url":"https:\/\/nuevodigitaldeescobar.com.ar\/","name":"Nuevo Digital de Escobar","description":"La vida escobarense. Directora: Rosana Brunner","publisher":{"@id":"https:\/\/nuevodigitaldeescobar.com.ar\/#organization"},"potentialAction":[{"@type":"SearchAction","target":{"@type":"EntryPoint","urlTemplate":"https:\/\/nuevodigitaldeescobar.com.ar\/?s={search_term_string}"},"query-input":{"@type":"PropertyValueSpecification","valueRequired":true,"valueName":"search_term_string"}}],"inLanguage":"es"},{"@type":"Organization","@id":"https:\/\/nuevodigitaldeescobar.com.ar\/#organization","name":"Nuevo Digital de Escobar","url":"https:\/\/nuevodigitaldeescobar.com.ar\/","logo":{"@type":"ImageObject","inLanguage":"es","@id":"https:\/\/nuevodigitaldeescobar.com.ar\/#\/schema\/logo\/image\/","url":"https:\/\/nuevodigitaldeescobar.com.ar\/wp-content\/uploads\/2025\/05\/cropped-logo-nuevo2.jpg","contentUrl":"https:\/\/nuevodigitaldeescobar.com.ar\/wp-content\/uploads\/2025\/05\/cropped-logo-nuevo2.jpg","width":305,"height":305,"caption":"Nuevo Digital de Escobar"},"image":{"@id":"https:\/\/nuevodigitaldeescobar.com.ar\/#\/schema\/logo\/image\/"},"sameAs":["https:\/\/www.facebook.com\/NUEVODigitalDeEscobar","https:\/\/x.com\/nuevodigescobar","https:\/\/www.instagram.com\/nuevodigitaldeescobar"]},{"@type":"Person","@id":"https:\/\/nuevodigitaldeescobar.com.ar\/#\/schema\/person\/035e90a8efe9a80e6eec22656ad6ea4c","name":"Redacci\u00f3n","image":{"@type":"ImageObject","inLanguage":"es","@id":"https:\/\/nuevodigitaldeescobar.com.ar\/#\/schema\/person\/image\/","url":"https:\/\/secure.gravatar.com\/avatar\/8af8f40000c24e9eef3034f2be5998a372bb1389e64b1a4a36b3a7979142220d?s=96&d=mm&r=g","contentUrl":"https:\/\/secure.gravatar.com\/avatar\/8af8f40000c24e9eef3034f2be5998a372bb1389e64b1a4a36b3a7979142220d?s=96&d=mm&r=g","caption":"Redacci\u00f3n"},"sameAs":["http:\/\/nuevodigitaldeescobar.com.ar"],"url":"https:\/\/nuevodigitaldeescobar.com.ar\/?author=1"}]}},"featured_image_urls":{"full":["https:\/\/nuevodigitaldeescobar.com.ar\/wp-content\/uploads\/2024\/03\/epi-4-corazon-cardiaco-cardiologo-e1711781403150.jpg",450,253,false],"thumbnail":["https:\/\/nuevodigitaldeescobar.com.ar\/wp-content\/uploads\/2024\/03\/epi-4-corazon-cardiaco-cardiologo-150x150.jpg",150,150,true],"medium":["https:\/\/nuevodigitaldeescobar.com.ar\/wp-content\/uploads\/2024\/03\/epi-4-corazon-cardiaco-cardiologo-300x169.jpg",300,169,true],"medium_large":["https:\/\/nuevodigitaldeescobar.com.ar\/wp-content\/uploads\/2024\/03\/epi-4-corazon-cardiaco-cardiologo-e1711781403150.jpg",450,253,false],"large":["https:\/\/nuevodigitaldeescobar.com.ar\/wp-content\/uploads\/2024\/03\/epi-4-corazon-cardiaco-cardiologo-e1711781403150.jpg",450,253,false],"1536x1536":["https:\/\/nuevodigitaldeescobar.com.ar\/wp-content\/uploads\/2024\/03\/epi-4-corazon-cardiaco-cardiologo-e1711781403150.jpg",450,253,false],"2048x2048":["https:\/\/nuevodigitaldeescobar.com.ar\/wp-content\/uploads\/2024\/03\/epi-4-corazon-cardiaco-cardiologo-e1711781403150.jpg",450,253,false]},"author_info":{"display_name":"Redacci\u00f3n","author_link":"https:\/\/nuevodigitaldeescobar.com.ar\/?author=1"},"category_info":"<a href=\"https:\/\/nuevodigitaldeescobar.com.ar\/?cat=3\" rel=\"category\">Salud y Nutrici\u00f3n<\/a>","tag_info":"Salud y Nutrici\u00f3n","comment_count":"0","_links":{"self":[{"href":"https:\/\/nuevodigitaldeescobar.com.ar\/index.php?rest_route=\/wp\/v2\/posts\/19294","targetHints":{"allow":["GET"]}}],"collection":[{"href":"https:\/\/nuevodigitaldeescobar.com.ar\/index.php?rest_route=\/wp\/v2\/posts"}],"about":[{"href":"https:\/\/nuevodigitaldeescobar.com.ar\/index.php?rest_route=\/wp\/v2\/types\/post"}],"author":[{"embeddable":true,"href":"https:\/\/nuevodigitaldeescobar.com.ar\/index.php?rest_route=\/wp\/v2\/users\/1"}],"replies":[{"embeddable":true,"href":"https:\/\/nuevodigitaldeescobar.com.ar\/index.php?rest_route=%2Fwp%2Fv2%2Fcomments&post=19294"}],"version-history":[{"count":1,"href":"https:\/\/nuevodigitaldeescobar.com.ar\/index.php?rest_route=\/wp\/v2\/posts\/19294\/revisions"}],"predecessor-version":[{"id":19299,"href":"https:\/\/nuevodigitaldeescobar.com.ar\/index.php?rest_route=\/wp\/v2\/posts\/19294\/revisions\/19299"}],"wp:featuredmedia":[{"embeddable":true,"href":"https:\/\/nuevodigitaldeescobar.com.ar\/index.php?rest_route=\/wp\/v2\/media\/4551"}],"wp:attachment":[{"href":"https:\/\/nuevodigitaldeescobar.com.ar\/index.php?rest_route=%2Fwp%2Fv2%2Fmedia&parent=19294"}],"wp:term":[{"taxonomy":"category","embeddable":true,"href":"https:\/\/nuevodigitaldeescobar.com.ar\/index.php?rest_route=%2Fwp%2Fv2%2Fcategories&post=19294"},{"taxonomy":"post_tag","embeddable":true,"href":"https:\/\/nuevodigitaldeescobar.com.ar\/index.php?rest_route=%2Fwp%2Fv2%2Ftags&post=19294"}],"curies":[{"name":"wp","href":"https:\/\/api.w.org\/{rel}","templated":true}]}}