{"id":19300,"date":"2025-12-19T11:50:37","date_gmt":"2025-12-19T14:50:37","guid":{"rendered":"https:\/\/nuevodigitaldeescobar.com.ar\/?p=19300"},"modified":"2025-12-19T11:50:40","modified_gmt":"2025-12-19T14:50:40","slug":"2026-comenzara-con-cambios-de-circulacion-en-colectoras","status":"publish","type":"post","link":"https:\/\/nuevodigitaldeescobar.com.ar\/?p=19300","title":{"rendered":"2026 comenzar\u00e1 con cambios de circulaci\u00f3n en colectoras"},"content":{"rendered":"\n<p>A partir del 2 de enero de 2026 comienza el Plan Integral de Ordenamiento de Tr\u00e1nsito y Movilidad Urbana, que incluye cambios en los sentidos de circulaci\u00f3n de la Colectora Oeste en la zona de El Curv\u00f3n de Gar\u00edn.<\/p>\n\n\n\n<!--more-->\n\n\n\n<p>La ruta ser\u00e1 mano \u00fanica hacia el sur en dos tramos: desde Corrientes hasta Mendoza y desde General Las Heras hasta la avenida Belgrano.<\/p>\n\n\n\n<p>Adem\u00e1s, dos calles que conectan con la colectora modificar\u00e1n su sentido: Tucum\u00e1n tendr\u00e1 mano \u00fanica desde Colectora Oeste hasta H. Yrigoyen (sentido este-oeste) y Corrientes ser\u00e1 mano \u00fanica desde H. Yrigoyen hasta Colectora Oeste (sentido oeste-este).<\/p>\n\n\n\n<p><strong>Tambi\u00e9n en Bel\u00e9n<\/strong><\/p>\n\n\n\n<p>La Colectora Este ser\u00e1 mano \u00fanica hacia el norte, desde Las Casuarinas hasta la uni\u00f3n con Docente Ang\u00e9lica Serantes de \u00c1lvarez. En tanto, la Colectora Oeste pasar\u00e1 a ser mano \u00fanica hacia el sur, en el tramo comprendido entre Artigas y C\u00e9sar D\u00edaz.<\/p>\n\n\n\n<p>\u201cDe esta manera se simplifica el cruce en ese punto, haciendo el tr\u00e1nsito m\u00e1s din\u00e1mico\u201d, resaltaron fuentes municipales.<\/p>\n\n\n\n<p>Para m\u00e1s informaci\u00f3n sobre el Plan Integral de Ordenamiento de Tr\u00e1nsito y Movilidad Urbana, que incluye sumar m\u00e1s calles de sentido \u00fanico y m\u00e1s lugar para estacionar, pod\u00e9s ingresar a: <a href=\"https:\/\/l.facebook.com\/l.php?u=http%3A%2F%2Fwww.escobar.gob.ar%2Fnuevosentidovial%3Ffbclid%3DIwZXh0bgNhZW0CMTAAYnJpZBExMmRueEdEOUpmWVhjMWFibHNydGMGYXBwX2lkEDIyMjAzOTE3ODgyMDA4OTIAAR4e5RRbsTQ2teIoNHv6_HdDRwcZ7zrxapUJCK5Pg8wofcPCdzfJWDhUQnS2nQ_aem_sbxyvJwIlMZ9NV7RX8PCIA&amp;h=AT1FjgM7Jhwk58T5HCf-nvnsyMcxJpR27NqefkObOEcVSEUMqfyUY6D15-3-0V4M8Cn-hYb2gRxrahzOyJk64u7MXCDQ_HntyUYYc7Tblbhn4JBb0Ve1pKQAWw4H3AZIlb6n7NaSUtfLJo3tap6isJHjWMvnEw&amp;__tn__=-UK-R&amp;c%5b0%5d=AT2dpFvR9k4i0xXrB3ILFe9K8m9_4bKYuVmtwhN4T0ezgE9toESSsQZY326ZAbrvtilg1ziRufqH7L5-abMoT7dgYisM0cMbvPL1wMP4c58-E6p2FoCyDb_xkWjTCkIhbLKiv872w9pHI3ANvf2DIFfeJQo-kJXplPMKe7XB9kS7BICXIUkfkKoBMrq4PtQ--VjzXMP7Kma39XLF9BXJn3Qh2BKEBFwISNJmow\" target=\"_blank\" rel=\"noreferrer noopener\"><strong>www.escobar.gob.ar\/nuevosentidovial<\/strong><\/a><\/p>\n","protected":false},"excerpt":{"rendered":"<p>A partir del 2 de enero de 2026 comienza el Plan Integral de Ordenamiento de Tr\u00e1nsito y Movilidad Urbana, que incluye cambios en los sentidos [&hellip;]<\/p>\n","protected":false},"author":1,"featured_media":19301,"comment_status":"open","ping_status":"open","sticky":false,"template":"","format":"standard","meta":{"footnotes":""},"categories":[7],"tags":[],"class_list":["post-19300","post","type-post","status-publish","format-standard","has-post-thumbnail","hentry","category-interes-general"],"better_featured_image":{"id":19301,"alt_text":"","caption":"","description":"","media_type":"image","media_details":{"width":772,"height":426,"file":"2025\/12\/colectora.jpg","filesize":108626,"sizes":{"medium":{"file":"colectora-300x166.jpg","width":300,"height":166,"mime-type":"image\/jpeg","filesize":10748,"source_url":"https:\/\/nuevodigitaldeescobar.com.ar\/wp-content\/uploads\/2025\/12\/colectora-300x166.jpg"},"thumbnail":{"file":"colectora-150x150.jpg","width":150,"height":150,"mime-type":"image\/jpeg","filesize":4897,"source_url":"https:\/\/nuevodigitaldeescobar.com.ar\/wp-content\/uploads\/2025\/12\/colectora-150x150.jpg"},"medium_large":{"file":"colectora-768x424.jpg","width":768,"height":424,"mime-type":"image\/jpeg","filesize":53561,"source_url":"https:\/\/nuevodigitaldeescobar.com.ar\/wp-content\/uploads\/2025\/12\/colectora-768x424.jpg"}},"image_meta":{"aperture":"0","credit":"","camera":"","caption":"","created_timestamp":"0","copyright":"","focal_length":"0","iso":"0","shutter_speed":"0","title":"","orientation":"0","keywords":[]}},"post":19300,"source_url":"https:\/\/nuevodigitaldeescobar.com.ar\/wp-content\/uploads\/2025\/12\/colectora.jpg"},"yoast_head":"<!-- This site is optimized with the Yoast SEO plugin v26.1.1 - https:\/\/yoast.com\/wordpress\/plugins\/seo\/ -->\n<title>2026 comenzar\u00e1 con cambios de circulaci\u00f3n en colectoras - Nuevo Digital de Escobar<\/title>\n<meta name=\"description\" content=\"A partir del 2 de enero de 2026 comienza el Plan Integral de Ordenamiento de Tr\u00e1nsito y Movilidad Urbana, que incluye cambios en los sentidos de circulaci\u00f3n de la Colectora Oeste en la zona de El Curv\u00f3n de Gar\u00edn.\" \/>\n<meta name=\"robots\" content=\"index, follow, max-snippet:-1, max-image-preview:large, max-video-preview:-1\" \/>\n<link rel=\"canonical\" href=\"https:\/\/nuevodigitaldeescobar.com.ar\/?p=19300\" \/>\n<meta property=\"og:locale\" content=\"es_ES\" \/>\n<meta property=\"og:type\" content=\"article\" \/>\n<meta property=\"og:title\" content=\"2026 comenzar\u00e1 con cambios de circulaci\u00f3n en colectoras\" \/>\n<meta property=\"og:description\" content=\"A partir del 2 de enero de 2026 comienza el Plan Integral de Ordenamiento de Tr\u00e1nsito y Movilidad Urbana, que incluye cambios en los sentidos de circulaci\u00f3n de la Colectora Oeste en la zona de El Curv\u00f3n de Gar\u00edn.\" \/>\n<meta property=\"og:url\" content=\"https:\/\/nuevodigitaldeescobar.com.ar\/?p=19300\" \/>\n<meta property=\"og:site_name\" content=\"Nuevo Digital de Escobar\" \/>\n<meta property=\"article:publisher\" content=\"https:\/\/www.facebook.com\/NUEVODigitalDeEscobar\" \/>\n<meta property=\"article:published_time\" content=\"2025-12-19T14:50:37+00:00\" \/>\n<meta property=\"article:modified_time\" content=\"2025-12-19T14:50:40+00:00\" \/>\n<meta property=\"og:image\" content=\"http:\/\/nuevodigitaldeescobar.com.ar\/wp-content\/uploads\/2025\/12\/colectora.jpg\" \/>\n\t<meta property=\"og:image:width\" content=\"772\" \/>\n\t<meta property=\"og:image:height\" content=\"426\" \/>\n\t<meta property=\"og:image:type\" content=\"image\/jpeg\" \/>\n<meta name=\"author\" content=\"Redacci\u00f3n\" \/>\n<meta name=\"twitter:card\" content=\"summary_large_image\" \/>\n<meta name=\"twitter:creator\" content=\"@nuevodigescobar\" \/>\n<meta name=\"twitter:site\" content=\"@nuevodigescobar\" \/>\n<meta name=\"twitter:label1\" content=\"Escrito por\" \/>\n\t<meta name=\"twitter:data1\" content=\"Redacci\u00f3n\" \/>\n\t<meta name=\"twitter:label2\" content=\"Tiempo de lectura\" \/>\n\t<meta name=\"twitter:data2\" content=\"2 minutos\" \/>\n<script type=\"application\/ld+json\" class=\"yoast-schema-graph\">{\"@context\":\"https:\/\/schema.org\",\"@graph\":[{\"@type\":\"Article\",\"@id\":\"https:\/\/nuevodigitaldeescobar.com.ar\/?p=19300#article\",\"isPartOf\":{\"@id\":\"https:\/\/nuevodigitaldeescobar.com.ar\/?p=19300\"},\"author\":{\"name\":\"Redacci\u00f3n\",\"@id\":\"https:\/\/nuevodigitaldeescobar.com.ar\/#\/schema\/person\/035e90a8efe9a80e6eec22656ad6ea4c\"},\"headline\":\"2026 comenzar\u00e1 con cambios de circulaci\u00f3n en colectoras\",\"datePublished\":\"2025-12-19T14:50:37+00:00\",\"dateModified\":\"2025-12-19T14:50:40+00:00\",\"mainEntityOfPage\":{\"@id\":\"https:\/\/nuevodigitaldeescobar.com.ar\/?p=19300\"},\"wordCount\":226,\"commentCount\":0,\"publisher\":{\"@id\":\"https:\/\/nuevodigitaldeescobar.com.ar\/#organization\"},\"image\":{\"@id\":\"https:\/\/nuevodigitaldeescobar.com.ar\/?p=19300#primaryimage\"},\"thumbnailUrl\":\"https:\/\/nuevodigitaldeescobar.com.ar\/wp-content\/uploads\/2025\/12\/colectora.jpg\",\"articleSection\":[\"Inter\u00e9s general\"],\"inLanguage\":\"es\",\"potentialAction\":[{\"@type\":\"CommentAction\",\"name\":\"Comment\",\"target\":[\"https:\/\/nuevodigitaldeescobar.com.ar\/?p=19300#respond\"]}]},{\"@type\":\"WebPage\",\"@id\":\"https:\/\/nuevodigitaldeescobar.com.ar\/?p=19300\",\"url\":\"https:\/\/nuevodigitaldeescobar.com.ar\/?p=19300\",\"name\":\"2026 comenzar\u00e1 con cambios de circulaci\u00f3n en colectoras - Nuevo Digital de Escobar\",\"isPartOf\":{\"@id\":\"https:\/\/nuevodigitaldeescobar.com.ar\/#website\"},\"primaryImageOfPage\":{\"@id\":\"https:\/\/nuevodigitaldeescobar.com.ar\/?p=19300#primaryimage\"},\"image\":{\"@id\":\"https:\/\/nuevodigitaldeescobar.com.ar\/?p=19300#primaryimage\"},\"thumbnailUrl\":\"https:\/\/nuevodigitaldeescobar.com.ar\/wp-content\/uploads\/2025\/12\/colectora.jpg\",\"datePublished\":\"2025-12-19T14:50:37+00:00\",\"dateModified\":\"2025-12-19T14:50:40+00:00\",\"description\":\"A partir del 2 de enero de 2026 comienza el Plan Integral de Ordenamiento de Tr\u00e1nsito y Movilidad Urbana, que incluye cambios en los sentidos de circulaci\u00f3n de la Colectora Oeste en la zona de El Curv\u00f3n de Gar\u00edn.\",\"breadcrumb\":{\"@id\":\"https:\/\/nuevodigitaldeescobar.com.ar\/?p=19300#breadcrumb\"},\"inLanguage\":\"es\",\"potentialAction\":[{\"@type\":\"ReadAction\",\"target\":[\"https:\/\/nuevodigitaldeescobar.com.ar\/?p=19300\"]}]},{\"@type\":\"ImageObject\",\"inLanguage\":\"es\",\"@id\":\"https:\/\/nuevodigitaldeescobar.com.ar\/?p=19300#primaryimage\",\"url\":\"https:\/\/nuevodigitaldeescobar.com.ar\/wp-content\/uploads\/2025\/12\/colectora.jpg\",\"contentUrl\":\"https:\/\/nuevodigitaldeescobar.com.ar\/wp-content\/uploads\/2025\/12\/colectora.jpg\",\"width\":772,\"height\":426},{\"@type\":\"BreadcrumbList\",\"@id\":\"https:\/\/nuevodigitaldeescobar.com.ar\/?p=19300#breadcrumb\",\"itemListElement\":[{\"@type\":\"ListItem\",\"position\":1,\"name\":\"Portada\",\"item\":\"https:\/\/nuevodigitaldeescobar.com.ar\/\"},{\"@type\":\"ListItem\",\"position\":2,\"name\":\"2026 comenzar\u00e1 con cambios de circulaci\u00f3n en colectoras\"}]},{\"@type\":\"WebSite\",\"@id\":\"https:\/\/nuevodigitaldeescobar.com.ar\/#website\",\"url\":\"https:\/\/nuevodigitaldeescobar.com.ar\/\",\"name\":\"Nuevo Digital de Escobar\",\"description\":\"La vida escobarense. Directora: Rosana Brunner\",\"publisher\":{\"@id\":\"https:\/\/nuevodigitaldeescobar.com.ar\/#organization\"},\"potentialAction\":[{\"@type\":\"SearchAction\",\"target\":{\"@type\":\"EntryPoint\",\"urlTemplate\":\"https:\/\/nuevodigitaldeescobar.com.ar\/?s={search_term_string}\"},\"query-input\":{\"@type\":\"PropertyValueSpecification\",\"valueRequired\":true,\"valueName\":\"search_term_string\"}}],\"inLanguage\":\"es\"},{\"@type\":\"Organization\",\"@id\":\"https:\/\/nuevodigitaldeescobar.com.ar\/#organization\",\"name\":\"Nuevo Digital de Escobar\",\"url\":\"https:\/\/nuevodigitaldeescobar.com.ar\/\",\"logo\":{\"@type\":\"ImageObject\",\"inLanguage\":\"es\",\"@id\":\"https:\/\/nuevodigitaldeescobar.com.ar\/#\/schema\/logo\/image\/\",\"url\":\"https:\/\/nuevodigitaldeescobar.com.ar\/wp-content\/uploads\/2025\/05\/cropped-logo-nuevo2.jpg\",\"contentUrl\":\"https:\/\/nuevodigitaldeescobar.com.ar\/wp-content\/uploads\/2025\/05\/cropped-logo-nuevo2.jpg\",\"width\":305,\"height\":305,\"caption\":\"Nuevo Digital de Escobar\"},\"image\":{\"@id\":\"https:\/\/nuevodigitaldeescobar.com.ar\/#\/schema\/logo\/image\/\"},\"sameAs\":[\"https:\/\/www.facebook.com\/NUEVODigitalDeEscobar\",\"https:\/\/x.com\/nuevodigescobar\",\"https:\/\/www.instagram.com\/nuevodigitaldeescobar\"]},{\"@type\":\"Person\",\"@id\":\"https:\/\/nuevodigitaldeescobar.com.ar\/#\/schema\/person\/035e90a8efe9a80e6eec22656ad6ea4c\",\"name\":\"Redacci\u00f3n\",\"image\":{\"@type\":\"ImageObject\",\"inLanguage\":\"es\",\"@id\":\"https:\/\/nuevodigitaldeescobar.com.ar\/#\/schema\/person\/image\/\",\"url\":\"https:\/\/secure.gravatar.com\/avatar\/8af8f40000c24e9eef3034f2be5998a372bb1389e64b1a4a36b3a7979142220d?s=96&d=mm&r=g\",\"contentUrl\":\"https:\/\/secure.gravatar.com\/avatar\/8af8f40000c24e9eef3034f2be5998a372bb1389e64b1a4a36b3a7979142220d?s=96&d=mm&r=g\",\"caption\":\"Redacci\u00f3n\"},\"sameAs\":[\"http:\/\/nuevodigitaldeescobar.com.ar\"],\"url\":\"https:\/\/nuevodigitaldeescobar.com.ar\/?author=1\"}]}<\/script>\n<!-- \/ Yoast SEO plugin. -->","yoast_head_json":{"title":"2026 comenzar\u00e1 con cambios de circulaci\u00f3n en colectoras - Nuevo Digital de Escobar","description":"A partir del 2 de enero de 2026 comienza el Plan Integral de Ordenamiento de Tr\u00e1nsito y Movilidad Urbana, que incluye cambios en los sentidos de circulaci\u00f3n de la Colectora Oeste en la zona de El Curv\u00f3n de Gar\u00edn.","robots":{"index":"index","follow":"follow","max-snippet":"max-snippet:-1","max-image-preview":"max-image-preview:large","max-video-preview":"max-video-preview:-1"},"canonical":"https:\/\/nuevodigitaldeescobar.com.ar\/?p=19300","og_locale":"es_ES","og_type":"article","og_title":"2026 comenzar\u00e1 con cambios de circulaci\u00f3n en colectoras","og_description":"A partir del 2 de enero de 2026 comienza el Plan Integral de Ordenamiento de Tr\u00e1nsito y Movilidad Urbana, que incluye cambios en los sentidos de circulaci\u00f3n de la Colectora Oeste en la zona de El Curv\u00f3n de Gar\u00edn.","og_url":"https:\/\/nuevodigitaldeescobar.com.ar\/?p=19300","og_site_name":"Nuevo Digital de Escobar","article_publisher":"https:\/\/www.facebook.com\/NUEVODigitalDeEscobar","article_published_time":"2025-12-19T14:50:37+00:00","article_modified_time":"2025-12-19T14:50:40+00:00","og_image":[{"width":772,"height":426,"url":"http:\/\/nuevodigitaldeescobar.com.ar\/wp-content\/uploads\/2025\/12\/colectora.jpg","type":"image\/jpeg"}],"author":"Redacci\u00f3n","twitter_card":"summary_large_image","twitter_creator":"@nuevodigescobar","twitter_site":"@nuevodigescobar","twitter_misc":{"Escrito por":"Redacci\u00f3n","Tiempo de lectura":"2 minutos"},"schema":{"@context":"https:\/\/schema.org","@graph":[{"@type":"Article","@id":"https:\/\/nuevodigitaldeescobar.com.ar\/?p=19300#article","isPartOf":{"@id":"https:\/\/nuevodigitaldeescobar.com.ar\/?p=19300"},"author":{"name":"Redacci\u00f3n","@id":"https:\/\/nuevodigitaldeescobar.com.ar\/#\/schema\/person\/035e90a8efe9a80e6eec22656ad6ea4c"},"headline":"2026 comenzar\u00e1 con cambios de circulaci\u00f3n en colectoras","datePublished":"2025-12-19T14:50:37+00:00","dateModified":"2025-12-19T14:50:40+00:00","mainEntityOfPage":{"@id":"https:\/\/nuevodigitaldeescobar.com.ar\/?p=19300"},"wordCount":226,"commentCount":0,"publisher":{"@id":"https:\/\/nuevodigitaldeescobar.com.ar\/#organization"},"image":{"@id":"https:\/\/nuevodigitaldeescobar.com.ar\/?p=19300#primaryimage"},"thumbnailUrl":"https:\/\/nuevodigitaldeescobar.com.ar\/wp-content\/uploads\/2025\/12\/colectora.jpg","articleSection":["Inter\u00e9s general"],"inLanguage":"es","potentialAction":[{"@type":"CommentAction","name":"Comment","target":["https:\/\/nuevodigitaldeescobar.com.ar\/?p=19300#respond"]}]},{"@type":"WebPage","@id":"https:\/\/nuevodigitaldeescobar.com.ar\/?p=19300","url":"https:\/\/nuevodigitaldeescobar.com.ar\/?p=19300","name":"2026 comenzar\u00e1 con cambios de circulaci\u00f3n en colectoras - Nuevo Digital de Escobar","isPartOf":{"@id":"https:\/\/nuevodigitaldeescobar.com.ar\/#website"},"primaryImageOfPage":{"@id":"https:\/\/nuevodigitaldeescobar.com.ar\/?p=19300#primaryimage"},"image":{"@id":"https:\/\/nuevodigitaldeescobar.com.ar\/?p=19300#primaryimage"},"thumbnailUrl":"https:\/\/nuevodigitaldeescobar.com.ar\/wp-content\/uploads\/2025\/12\/colectora.jpg","datePublished":"2025-12-19T14:50:37+00:00","dateModified":"2025-12-19T14:50:40+00:00","description":"A partir del 2 de enero de 2026 comienza el Plan Integral de Ordenamiento de Tr\u00e1nsito y Movilidad Urbana, que incluye cambios en los sentidos de circulaci\u00f3n de la Colectora Oeste en la zona de El Curv\u00f3n de Gar\u00edn.","breadcrumb":{"@id":"https:\/\/nuevodigitaldeescobar.com.ar\/?p=19300#breadcrumb"},"inLanguage":"es","potentialAction":[{"@type":"ReadAction","target":["https:\/\/nuevodigitaldeescobar.com.ar\/?p=19300"]}]},{"@type":"ImageObject","inLanguage":"es","@id":"https:\/\/nuevodigitaldeescobar.com.ar\/?p=19300#primaryimage","url":"https:\/\/nuevodigitaldeescobar.com.ar\/wp-content\/uploads\/2025\/12\/colectora.jpg","contentUrl":"https:\/\/nuevodigitaldeescobar.com.ar\/wp-content\/uploads\/2025\/12\/colectora.jpg","width":772,"height":426},{"@type":"BreadcrumbList","@id":"https:\/\/nuevodigitaldeescobar.com.ar\/?p=19300#breadcrumb","itemListElement":[{"@type":"ListItem","position":1,"name":"Portada","item":"https:\/\/nuevodigitaldeescobar.com.ar\/"},{"@type":"ListItem","position":2,"name":"2026 comenzar\u00e1 con cambios de circulaci\u00f3n en colectoras"}]},{"@type":"WebSite","@id":"https:\/\/nuevodigitaldeescobar.com.ar\/#website","url":"https:\/\/nuevodigitaldeescobar.com.ar\/","name":"Nuevo Digital de Escobar","description":"La vida escobarense. Directora: Rosana Brunner","publisher":{"@id":"https:\/\/nuevodigitaldeescobar.com.ar\/#organization"},"potentialAction":[{"@type":"SearchAction","target":{"@type":"EntryPoint","urlTemplate":"https:\/\/nuevodigitaldeescobar.com.ar\/?s={search_term_string}"},"query-input":{"@type":"PropertyValueSpecification","valueRequired":true,"valueName":"search_term_string"}}],"inLanguage":"es"},{"@type":"Organization","@id":"https:\/\/nuevodigitaldeescobar.com.ar\/#organization","name":"Nuevo Digital de Escobar","url":"https:\/\/nuevodigitaldeescobar.com.ar\/","logo":{"@type":"ImageObject","inLanguage":"es","@id":"https:\/\/nuevodigitaldeescobar.com.ar\/#\/schema\/logo\/image\/","url":"https:\/\/nuevodigitaldeescobar.com.ar\/wp-content\/uploads\/2025\/05\/cropped-logo-nuevo2.jpg","contentUrl":"https:\/\/nuevodigitaldeescobar.com.ar\/wp-content\/uploads\/2025\/05\/cropped-logo-nuevo2.jpg","width":305,"height":305,"caption":"Nuevo Digital de Escobar"},"image":{"@id":"https:\/\/nuevodigitaldeescobar.com.ar\/#\/schema\/logo\/image\/"},"sameAs":["https:\/\/www.facebook.com\/NUEVODigitalDeEscobar","https:\/\/x.com\/nuevodigescobar","https:\/\/www.instagram.com\/nuevodigitaldeescobar"]},{"@type":"Person","@id":"https:\/\/nuevodigitaldeescobar.com.ar\/#\/schema\/person\/035e90a8efe9a80e6eec22656ad6ea4c","name":"Redacci\u00f3n","image":{"@type":"ImageObject","inLanguage":"es","@id":"https:\/\/nuevodigitaldeescobar.com.ar\/#\/schema\/person\/image\/","url":"https:\/\/secure.gravatar.com\/avatar\/8af8f40000c24e9eef3034f2be5998a372bb1389e64b1a4a36b3a7979142220d?s=96&d=mm&r=g","contentUrl":"https:\/\/secure.gravatar.com\/avatar\/8af8f40000c24e9eef3034f2be5998a372bb1389e64b1a4a36b3a7979142220d?s=96&d=mm&r=g","caption":"Redacci\u00f3n"},"sameAs":["http:\/\/nuevodigitaldeescobar.com.ar"],"url":"https:\/\/nuevodigitaldeescobar.com.ar\/?author=1"}]}},"featured_image_urls":{"full":["https:\/\/nuevodigitaldeescobar.com.ar\/wp-content\/uploads\/2025\/12\/colectora.jpg",772,426,false],"thumbnail":["https:\/\/nuevodigitaldeescobar.com.ar\/wp-content\/uploads\/2025\/12\/colectora-150x150.jpg",150,150,true],"medium":["https:\/\/nuevodigitaldeescobar.com.ar\/wp-content\/uploads\/2025\/12\/colectora-300x166.jpg",300,166,true],"medium_large":["https:\/\/nuevodigitaldeescobar.com.ar\/wp-content\/uploads\/2025\/12\/colectora-768x424.jpg",640,353,true],"large":["https:\/\/nuevodigitaldeescobar.com.ar\/wp-content\/uploads\/2025\/12\/colectora.jpg",640,353,false],"1536x1536":["https:\/\/nuevodigitaldeescobar.com.ar\/wp-content\/uploads\/2025\/12\/colectora.jpg",772,426,false],"2048x2048":["https:\/\/nuevodigitaldeescobar.com.ar\/wp-content\/uploads\/2025\/12\/colectora.jpg",772,426,false]},"author_info":{"display_name":"Redacci\u00f3n","author_link":"https:\/\/nuevodigitaldeescobar.com.ar\/?author=1"},"category_info":"<a href=\"https:\/\/nuevodigitaldeescobar.com.ar\/?cat=7\" rel=\"category\">Inter\u00e9s general<\/a>","tag_info":"Inter\u00e9s general","comment_count":"0","_links":{"self":[{"href":"https:\/\/nuevodigitaldeescobar.com.ar\/index.php?rest_route=\/wp\/v2\/posts\/19300","targetHints":{"allow":["GET"]}}],"collection":[{"href":"https:\/\/nuevodigitaldeescobar.com.ar\/index.php?rest_route=\/wp\/v2\/posts"}],"about":[{"href":"https:\/\/nuevodigitaldeescobar.com.ar\/index.php?rest_route=\/wp\/v2\/types\/post"}],"author":[{"embeddable":true,"href":"https:\/\/nuevodigitaldeescobar.com.ar\/index.php?rest_route=\/wp\/v2\/users\/1"}],"replies":[{"embeddable":true,"href":"https:\/\/nuevodigitaldeescobar.com.ar\/index.php?rest_route=%2Fwp%2Fv2%2Fcomments&post=19300"}],"version-history":[{"count":1,"href":"https:\/\/nuevodigitaldeescobar.com.ar\/index.php?rest_route=\/wp\/v2\/posts\/19300\/revisions"}],"predecessor-version":[{"id":19302,"href":"https:\/\/nuevodigitaldeescobar.com.ar\/index.php?rest_route=\/wp\/v2\/posts\/19300\/revisions\/19302"}],"wp:featuredmedia":[{"embeddable":true,"href":"https:\/\/nuevodigitaldeescobar.com.ar\/index.php?rest_route=\/wp\/v2\/media\/19301"}],"wp:attachment":[{"href":"https:\/\/nuevodigitaldeescobar.com.ar\/index.php?rest_route=%2Fwp%2Fv2%2Fmedia&parent=19300"}],"wp:term":[{"taxonomy":"category","embeddable":true,"href":"https:\/\/nuevodigitaldeescobar.com.ar\/index.php?rest_route=%2Fwp%2Fv2%2Fcategories&post=19300"},{"taxonomy":"post_tag","embeddable":true,"href":"https:\/\/nuevodigitaldeescobar.com.ar\/index.php?rest_route=%2Fwp%2Fv2%2Ftags&post=19300"}],"curies":[{"name":"wp","href":"https:\/\/api.w.org\/{rel}","templated":true}]}}