{"id":19314,"date":"2025-12-20T12:50:03","date_gmt":"2025-12-20T15:50:03","guid":{"rendered":"https:\/\/nuevodigitaldeescobar.com.ar\/?p=19314"},"modified":"2025-12-20T12:50:14","modified_gmt":"2025-12-20T15:50:14","slug":"navidad-bajo-el-sol-tras-las-tormentas-del-fin-de-semana-el-calor-sera-el-protagonista-en-escobar","status":"publish","type":"post","link":"https:\/\/nuevodigitaldeescobar.com.ar\/?p=19314","title":{"rendered":"Navidad bajo el sol: tras las tormentas del fin de semana, el calor ser\u00e1 el protagonista en Escobar"},"content":{"rendered":"\n<p class=\"has-vivid-cyan-blue-color has-text-color has-link-color wp-elements-1a4e04be3d3c5b62b29a34c06c50f4a8\"><strong><em>Los vecinos de Escobar y todo el norte del Conurbano enfrentan un inicio de fin de semana pasado por agua. Tras varios d\u00edas de calor agobiante con t\u00e9rmicas que superaron los 30 grados, el Servicio Meteorol\u00f3gico Nacional (SMN) confirm\u00f3 que este s\u00e1bado ser\u00e1 una jornada de alivio t\u00e9rmico, aunque marcada por la inestabilidad y lluvias persistentes.<\/em><\/strong><\/p>\n\n\n\n<!--more-->\n\n\n\n<p>Sin embargo, para quienes ya est\u00e1n organizando la mesa afuera para Nochebuena, hay buenas noticias: el frente de tormenta pasar\u00e1 r\u00e1pido y dar\u00e1 lugar a un ascenso de temperatura que consolidar\u00e1 una Navidad con clima t\u00edpicamente veraniego.<\/p>\n\n\n\n<h3 class=\"wp-block-heading has-text-color has-link-color wp-elements-a8c8f5a08f74b66e7e62a93590b7508e\" style=\"color:#0e3abe\">El pron\u00f3stico para nuestra zona<\/h3>\n\n\n\n<p>Para que puedas planificar tus compras y las reuniones familiares, te detallamos c\u00f3mo evolucionar\u00e1 el tiempo en Escobar y el AMBA durante los pr\u00f3ximos d\u00edas:<\/p>\n\n\n\n<figure class=\"wp-block-table is-style-stripes\"><table class=\"has-vivid-cyan-blue-to-vivid-purple-gradient-background has-background has-fixed-layout\"><thead><tr><td><strong>D\u00eda<\/strong><\/td><td><strong>Estado del tiempo<\/strong><\/td><td><strong>M\u00ednima<\/strong><\/td><td><strong>M\u00e1xima<\/strong><\/td><\/tr><\/thead><tbody><tr><td><strong>S\u00e1bado 20\/12<\/strong><\/td><td>Lluvias y tormentas de variada intensidad<\/td><td>21\u00b0C<\/td><td>27\u00b0C<\/td><\/tr><tr><td><strong>Domingo 21\/12<\/strong><\/td><td>Mayormente nublado y h\u00famedo (baja probabilidad de lluvia)<\/td><td>23\u00b0C<\/td><td>29\u00b0C<\/td><\/tr><tr><td><strong>Lunes 22\/12<\/strong><\/td><td>Mejoras graduales, cielo algo nublado<\/td><td>22\u00b0C<\/td><td>31\u00b0C<\/td><\/tr><tr><td><strong>Martes 23\/12<\/strong><\/td><td>Estable, sol y algunas nubes<\/td><td>23\u00b0C<\/td><td>32\u00b0C<\/td><\/tr><tr><td><strong>Mi\u00e9rcoles 24\/12 (Nochebuena)<\/strong><\/td><td>Despejado y caluroso<\/td><td>24\u00b0C<\/td><td>33\u00b0C<\/td><\/tr><tr><td><strong>Jueves 25\/12 (Navidad)<\/strong><\/td><td>Pleno sol y ambiente muy c\u00e1lido<\/td><td>25\u00b0C<\/td><td>32\u00b0C<\/td><\/tr><\/tbody><\/table><\/figure>\n\n\n\n<h3 class=\"wp-block-heading has-text-color has-link-color wp-elements-b8b35093896af9bc7a2ddc967b8ab5d8\" style=\"color:#0e3abe\">Alertas en el resto del pa\u00eds<\/h3>\n\n\n\n<p>Mientras en el AMBA esperamos una mejora r\u00e1pida, el panorama es m\u00e1s severo en el interior. El SMN mantiene <strong>alertas naranja<\/strong> por tormentas fuertes con ca\u00edda de granizo y r\u00e1fagas intensas para las provincias de <strong>Santa Fe, Entre R\u00edos, Corrientes y C\u00f3rdoba<\/strong>. En estas zonas, se recomienda extremar los cuidados y evitar circular por rutas durante el pico del fen\u00f3meno.<\/p>\n\n\n\n<p>Por otro lado, rige una <strong>alerta amarilla<\/strong> por tormentas moderadas en otras 11 provincias, incluyendo el interior de Buenos Aires, Chaco, Formosa, y gran parte del norte argentino. La inestabilidad es generalizada, pero tender\u00e1 a desplazarse hacia el noreste con el correr de las horas.<\/p>\n\n\n\n<h3 class=\"wp-block-heading has-text-color has-link-color wp-elements-30e49291e2417374cda07f4aed154511\" style=\"color:#0e3abe\">Recomendaciones ante tormentas fuertes<\/h3>\n\n\n\n<p>Debido a que este s\u00e1bado pueden registrarse r\u00e1fagas de viento y abundante ca\u00edda de agua en cortos per\u00edodos en Escobar, Defensa Civil sugiere:<\/p>\n\n\n\n<ul class=\"wp-block-list\">\n<li>No sacar la basura para evitar que se tapen los sumideros.<\/li>\n\n\n\n<li>Retirar objetos de balcones o patios que puedan ser volados por el viento.<\/li>\n\n\n\n<li>Evitar circular por calles que suelen anegarse.<\/li>\n\n\n\n<li>En caso de actividad el\u00e9ctrica, desconectar electrodom\u00e9sticos y no refugiarse debajo de \u00e1rboles.<\/li>\n<\/ul>\n\n\n\n<p>La buena noticia es que, para el momento de brindar el mi\u00e9rcoles a la medianoche, el tiempo ser\u00e1 inmejorable en nuestro distrito, permitiendo celebrar al aire libre sin mayores preocupaciones meteorol\u00f3gicas.<\/p>\n","protected":false},"excerpt":{"rendered":"<p>Los vecinos de Escobar y todo el norte del Conurbano enfrentan un inicio de fin de semana pasado por agua. Tras varios d\u00edas de calor [&hellip;]<\/p>\n","protected":false},"author":1,"featured_media":19315,"comment_status":"open","ping_status":"open","sticky":false,"template":"","format":"standard","meta":{"footnotes":""},"categories":[14],"tags":[],"class_list":["post-19314","post","type-post","status-publish","format-standard","has-post-thumbnail","hentry","category-clima-medioambiente-y-sostenibilidad"],"better_featured_image":{"id":19315,"alt_text":"","caption":"","description":"","media_type":"image","media_details":{"width":1280,"height":854,"file":"2025\/12\/solcalor48.webp","filesize":33122,"sizes":{"medium":{"file":"solcalor48-300x200.webp","width":300,"height":200,"mime-type":"image\/webp","filesize":5162,"source_url":"https:\/\/nuevodigitaldeescobar.com.ar\/wp-content\/uploads\/2025\/12\/solcalor48-300x200.webp"},"large":{"file":"solcalor48-1024x683.webp","width":1024,"height":683,"mime-type":"image\/webp","filesize":22218,"source_url":"https:\/\/nuevodigitaldeescobar.com.ar\/wp-content\/uploads\/2025\/12\/solcalor48-1024x683.webp"},"thumbnail":{"file":"solcalor48-150x150.webp","width":150,"height":150,"mime-type":"image\/webp","filesize":2528,"source_url":"https:\/\/nuevodigitaldeescobar.com.ar\/wp-content\/uploads\/2025\/12\/solcalor48-150x150.webp"},"medium_large":{"file":"solcalor48-768x512.webp","width":768,"height":512,"mime-type":"image\/webp","filesize":16112,"source_url":"https:\/\/nuevodigitaldeescobar.com.ar\/wp-content\/uploads\/2025\/12\/solcalor48-768x512.webp"}},"image_meta":{"aperture":"0","credit":"","camera":"","caption":"","created_timestamp":"0","copyright":"","focal_length":"0","iso":"0","shutter_speed":"0","title":"","orientation":"0","keywords":[]}},"post":19314,"source_url":"https:\/\/nuevodigitaldeescobar.com.ar\/wp-content\/uploads\/2025\/12\/solcalor48.webp"},"yoast_head":"<!-- This site is optimized with the Yoast SEO plugin v26.1.1 - https:\/\/yoast.com\/wordpress\/plugins\/seo\/ -->\n<title>Navidad bajo el sol: tras las tormentas del fin de semana, el calor ser\u00e1 el protagonista en Escobar - Nuevo Digital de Escobar<\/title>\n<meta name=\"robots\" content=\"index, follow, max-snippet:-1, max-image-preview:large, max-video-preview:-1\" \/>\n<link rel=\"canonical\" href=\"https:\/\/nuevodigitaldeescobar.com.ar\/?p=19314\" \/>\n<meta property=\"og:locale\" content=\"es_ES\" \/>\n<meta property=\"og:type\" content=\"article\" \/>\n<meta property=\"og:title\" content=\"Navidad bajo el sol: tras las tormentas del fin de semana, el calor ser\u00e1 el protagonista en Escobar - Nuevo Digital de Escobar\" \/>\n<meta property=\"og:description\" content=\"Los vecinos de Escobar y todo el norte del Conurbano enfrentan un inicio de fin de semana pasado por agua. Tras varios d\u00edas de calor [&hellip;]\" \/>\n<meta property=\"og:url\" content=\"https:\/\/nuevodigitaldeescobar.com.ar\/?p=19314\" \/>\n<meta property=\"og:site_name\" content=\"Nuevo Digital de Escobar\" \/>\n<meta property=\"article:publisher\" content=\"https:\/\/www.facebook.com\/NUEVODigitalDeEscobar\" \/>\n<meta property=\"article:published_time\" content=\"2025-12-20T15:50:03+00:00\" \/>\n<meta property=\"article:modified_time\" content=\"2025-12-20T15:50:14+00:00\" \/>\n<meta property=\"og:image\" content=\"http:\/\/nuevodigitaldeescobar.com.ar\/wp-content\/uploads\/2025\/12\/solcalor48.webp\" \/>\n\t<meta property=\"og:image:width\" content=\"1280\" \/>\n\t<meta property=\"og:image:height\" content=\"854\" \/>\n\t<meta property=\"og:image:type\" content=\"image\/webp\" \/>\n<meta name=\"author\" content=\"Redacci\u00f3n\" \/>\n<meta name=\"twitter:card\" content=\"summary_large_image\" \/>\n<meta name=\"twitter:creator\" content=\"@nuevodigescobar\" \/>\n<meta name=\"twitter:site\" content=\"@nuevodigescobar\" \/>\n<meta name=\"twitter:label1\" content=\"Escrito por\" \/>\n\t<meta name=\"twitter:data1\" content=\"Redacci\u00f3n\" \/>\n\t<meta name=\"twitter:label2\" content=\"Tiempo de lectura\" \/>\n\t<meta name=\"twitter:data2\" content=\"3 minutos\" \/>\n<script type=\"application\/ld+json\" class=\"yoast-schema-graph\">{\"@context\":\"https:\/\/schema.org\",\"@graph\":[{\"@type\":\"Article\",\"@id\":\"https:\/\/nuevodigitaldeescobar.com.ar\/?p=19314#article\",\"isPartOf\":{\"@id\":\"https:\/\/nuevodigitaldeescobar.com.ar\/?p=19314\"},\"author\":{\"name\":\"Redacci\u00f3n\",\"@id\":\"https:\/\/nuevodigitaldeescobar.com.ar\/#\/schema\/person\/035e90a8efe9a80e6eec22656ad6ea4c\"},\"headline\":\"Navidad bajo el sol: tras las tormentas del fin de semana, el calor ser\u00e1 el protagonista en Escobar\",\"datePublished\":\"2025-12-20T15:50:03+00:00\",\"dateModified\":\"2025-12-20T15:50:14+00:00\",\"mainEntityOfPage\":{\"@id\":\"https:\/\/nuevodigitaldeescobar.com.ar\/?p=19314\"},\"wordCount\":446,\"commentCount\":0,\"publisher\":{\"@id\":\"https:\/\/nuevodigitaldeescobar.com.ar\/#organization\"},\"image\":{\"@id\":\"https:\/\/nuevodigitaldeescobar.com.ar\/?p=19314#primaryimage\"},\"thumbnailUrl\":\"https:\/\/nuevodigitaldeescobar.com.ar\/wp-content\/uploads\/2025\/12\/solcalor48.webp\",\"articleSection\":[\"Clima, Medioambiente y Sostenibilidad\"],\"inLanguage\":\"es\",\"potentialAction\":[{\"@type\":\"CommentAction\",\"name\":\"Comment\",\"target\":[\"https:\/\/nuevodigitaldeescobar.com.ar\/?p=19314#respond\"]}]},{\"@type\":\"WebPage\",\"@id\":\"https:\/\/nuevodigitaldeescobar.com.ar\/?p=19314\",\"url\":\"https:\/\/nuevodigitaldeescobar.com.ar\/?p=19314\",\"name\":\"Navidad bajo el sol: tras las tormentas del fin de semana, el calor ser\u00e1 el protagonista en Escobar - Nuevo Digital de Escobar\",\"isPartOf\":{\"@id\":\"https:\/\/nuevodigitaldeescobar.com.ar\/#website\"},\"primaryImageOfPage\":{\"@id\":\"https:\/\/nuevodigitaldeescobar.com.ar\/?p=19314#primaryimage\"},\"image\":{\"@id\":\"https:\/\/nuevodigitaldeescobar.com.ar\/?p=19314#primaryimage\"},\"thumbnailUrl\":\"https:\/\/nuevodigitaldeescobar.com.ar\/wp-content\/uploads\/2025\/12\/solcalor48.webp\",\"datePublished\":\"2025-12-20T15:50:03+00:00\",\"dateModified\":\"2025-12-20T15:50:14+00:00\",\"breadcrumb\":{\"@id\":\"https:\/\/nuevodigitaldeescobar.com.ar\/?p=19314#breadcrumb\"},\"inLanguage\":\"es\",\"potentialAction\":[{\"@type\":\"ReadAction\",\"target\":[\"https:\/\/nuevodigitaldeescobar.com.ar\/?p=19314\"]}]},{\"@type\":\"ImageObject\",\"inLanguage\":\"es\",\"@id\":\"https:\/\/nuevodigitaldeescobar.com.ar\/?p=19314#primaryimage\",\"url\":\"https:\/\/nuevodigitaldeescobar.com.ar\/wp-content\/uploads\/2025\/12\/solcalor48.webp\",\"contentUrl\":\"https:\/\/nuevodigitaldeescobar.com.ar\/wp-content\/uploads\/2025\/12\/solcalor48.webp\",\"width\":1280,\"height\":854},{\"@type\":\"BreadcrumbList\",\"@id\":\"https:\/\/nuevodigitaldeescobar.com.ar\/?p=19314#breadcrumb\",\"itemListElement\":[{\"@type\":\"ListItem\",\"position\":1,\"name\":\"Portada\",\"item\":\"https:\/\/nuevodigitaldeescobar.com.ar\/\"},{\"@type\":\"ListItem\",\"position\":2,\"name\":\"Navidad bajo el sol: tras las tormentas del fin de semana, el calor ser\u00e1 el protagonista en Escobar\"}]},{\"@type\":\"WebSite\",\"@id\":\"https:\/\/nuevodigitaldeescobar.com.ar\/#website\",\"url\":\"https:\/\/nuevodigitaldeescobar.com.ar\/\",\"name\":\"Nuevo Digital de Escobar\",\"description\":\"La vida escobarense. Directora: Rosana Brunner\",\"publisher\":{\"@id\":\"https:\/\/nuevodigitaldeescobar.com.ar\/#organization\"},\"potentialAction\":[{\"@type\":\"SearchAction\",\"target\":{\"@type\":\"EntryPoint\",\"urlTemplate\":\"https:\/\/nuevodigitaldeescobar.com.ar\/?s={search_term_string}\"},\"query-input\":{\"@type\":\"PropertyValueSpecification\",\"valueRequired\":true,\"valueName\":\"search_term_string\"}}],\"inLanguage\":\"es\"},{\"@type\":\"Organization\",\"@id\":\"https:\/\/nuevodigitaldeescobar.com.ar\/#organization\",\"name\":\"Nuevo Digital de Escobar\",\"url\":\"https:\/\/nuevodigitaldeescobar.com.ar\/\",\"logo\":{\"@type\":\"ImageObject\",\"inLanguage\":\"es\",\"@id\":\"https:\/\/nuevodigitaldeescobar.com.ar\/#\/schema\/logo\/image\/\",\"url\":\"https:\/\/nuevodigitaldeescobar.com.ar\/wp-content\/uploads\/2025\/05\/cropped-logo-nuevo2.jpg\",\"contentUrl\":\"https:\/\/nuevodigitaldeescobar.com.ar\/wp-content\/uploads\/2025\/05\/cropped-logo-nuevo2.jpg\",\"width\":305,\"height\":305,\"caption\":\"Nuevo Digital de Escobar\"},\"image\":{\"@id\":\"https:\/\/nuevodigitaldeescobar.com.ar\/#\/schema\/logo\/image\/\"},\"sameAs\":[\"https:\/\/www.facebook.com\/NUEVODigitalDeEscobar\",\"https:\/\/x.com\/nuevodigescobar\",\"https:\/\/www.instagram.com\/nuevodigitaldeescobar\"]},{\"@type\":\"Person\",\"@id\":\"https:\/\/nuevodigitaldeescobar.com.ar\/#\/schema\/person\/035e90a8efe9a80e6eec22656ad6ea4c\",\"name\":\"Redacci\u00f3n\",\"image\":{\"@type\":\"ImageObject\",\"inLanguage\":\"es\",\"@id\":\"https:\/\/nuevodigitaldeescobar.com.ar\/#\/schema\/person\/image\/\",\"url\":\"https:\/\/secure.gravatar.com\/avatar\/8af8f40000c24e9eef3034f2be5998a372bb1389e64b1a4a36b3a7979142220d?s=96&d=mm&r=g\",\"contentUrl\":\"https:\/\/secure.gravatar.com\/avatar\/8af8f40000c24e9eef3034f2be5998a372bb1389e64b1a4a36b3a7979142220d?s=96&d=mm&r=g\",\"caption\":\"Redacci\u00f3n\"},\"sameAs\":[\"http:\/\/nuevodigitaldeescobar.com.ar\"],\"url\":\"https:\/\/nuevodigitaldeescobar.com.ar\/?author=1\"}]}<\/script>\n<!-- \/ Yoast SEO plugin. -->","yoast_head_json":{"title":"Navidad bajo el sol: tras las tormentas del fin de semana, el calor ser\u00e1 el protagonista en Escobar - Nuevo Digital de Escobar","robots":{"index":"index","follow":"follow","max-snippet":"max-snippet:-1","max-image-preview":"max-image-preview:large","max-video-preview":"max-video-preview:-1"},"canonical":"https:\/\/nuevodigitaldeescobar.com.ar\/?p=19314","og_locale":"es_ES","og_type":"article","og_title":"Navidad bajo el sol: tras las tormentas del fin de semana, el calor ser\u00e1 el protagonista en Escobar - Nuevo Digital de Escobar","og_description":"Los vecinos de Escobar y todo el norte del Conurbano enfrentan un inicio de fin de semana pasado por agua. Tras varios d\u00edas de calor [&hellip;]","og_url":"https:\/\/nuevodigitaldeescobar.com.ar\/?p=19314","og_site_name":"Nuevo Digital de Escobar","article_publisher":"https:\/\/www.facebook.com\/NUEVODigitalDeEscobar","article_published_time":"2025-12-20T15:50:03+00:00","article_modified_time":"2025-12-20T15:50:14+00:00","og_image":[{"width":1280,"height":854,"url":"http:\/\/nuevodigitaldeescobar.com.ar\/wp-content\/uploads\/2025\/12\/solcalor48.webp","type":"image\/webp"}],"author":"Redacci\u00f3n","twitter_card":"summary_large_image","twitter_creator":"@nuevodigescobar","twitter_site":"@nuevodigescobar","twitter_misc":{"Escrito por":"Redacci\u00f3n","Tiempo de lectura":"3 minutos"},"schema":{"@context":"https:\/\/schema.org","@graph":[{"@type":"Article","@id":"https:\/\/nuevodigitaldeescobar.com.ar\/?p=19314#article","isPartOf":{"@id":"https:\/\/nuevodigitaldeescobar.com.ar\/?p=19314"},"author":{"name":"Redacci\u00f3n","@id":"https:\/\/nuevodigitaldeescobar.com.ar\/#\/schema\/person\/035e90a8efe9a80e6eec22656ad6ea4c"},"headline":"Navidad bajo el sol: tras las tormentas del fin de semana, el calor ser\u00e1 el protagonista en Escobar","datePublished":"2025-12-20T15:50:03+00:00","dateModified":"2025-12-20T15:50:14+00:00","mainEntityOfPage":{"@id":"https:\/\/nuevodigitaldeescobar.com.ar\/?p=19314"},"wordCount":446,"commentCount":0,"publisher":{"@id":"https:\/\/nuevodigitaldeescobar.com.ar\/#organization"},"image":{"@id":"https:\/\/nuevodigitaldeescobar.com.ar\/?p=19314#primaryimage"},"thumbnailUrl":"https:\/\/nuevodigitaldeescobar.com.ar\/wp-content\/uploads\/2025\/12\/solcalor48.webp","articleSection":["Clima, Medioambiente y Sostenibilidad"],"inLanguage":"es","potentialAction":[{"@type":"CommentAction","name":"Comment","target":["https:\/\/nuevodigitaldeescobar.com.ar\/?p=19314#respond"]}]},{"@type":"WebPage","@id":"https:\/\/nuevodigitaldeescobar.com.ar\/?p=19314","url":"https:\/\/nuevodigitaldeescobar.com.ar\/?p=19314","name":"Navidad bajo el sol: tras las tormentas del fin de semana, el calor ser\u00e1 el protagonista en Escobar - Nuevo Digital de Escobar","isPartOf":{"@id":"https:\/\/nuevodigitaldeescobar.com.ar\/#website"},"primaryImageOfPage":{"@id":"https:\/\/nuevodigitaldeescobar.com.ar\/?p=19314#primaryimage"},"image":{"@id":"https:\/\/nuevodigitaldeescobar.com.ar\/?p=19314#primaryimage"},"thumbnailUrl":"https:\/\/nuevodigitaldeescobar.com.ar\/wp-content\/uploads\/2025\/12\/solcalor48.webp","datePublished":"2025-12-20T15:50:03+00:00","dateModified":"2025-12-20T15:50:14+00:00","breadcrumb":{"@id":"https:\/\/nuevodigitaldeescobar.com.ar\/?p=19314#breadcrumb"},"inLanguage":"es","potentialAction":[{"@type":"ReadAction","target":["https:\/\/nuevodigitaldeescobar.com.ar\/?p=19314"]}]},{"@type":"ImageObject","inLanguage":"es","@id":"https:\/\/nuevodigitaldeescobar.com.ar\/?p=19314#primaryimage","url":"https:\/\/nuevodigitaldeescobar.com.ar\/wp-content\/uploads\/2025\/12\/solcalor48.webp","contentUrl":"https:\/\/nuevodigitaldeescobar.com.ar\/wp-content\/uploads\/2025\/12\/solcalor48.webp","width":1280,"height":854},{"@type":"BreadcrumbList","@id":"https:\/\/nuevodigitaldeescobar.com.ar\/?p=19314#breadcrumb","itemListElement":[{"@type":"ListItem","position":1,"name":"Portada","item":"https:\/\/nuevodigitaldeescobar.com.ar\/"},{"@type":"ListItem","position":2,"name":"Navidad bajo el sol: tras las tormentas del fin de semana, el calor ser\u00e1 el protagonista en Escobar"}]},{"@type":"WebSite","@id":"https:\/\/nuevodigitaldeescobar.com.ar\/#website","url":"https:\/\/nuevodigitaldeescobar.com.ar\/","name":"Nuevo Digital de Escobar","description":"La vida escobarense. Directora: Rosana Brunner","publisher":{"@id":"https:\/\/nuevodigitaldeescobar.com.ar\/#organization"},"potentialAction":[{"@type":"SearchAction","target":{"@type":"EntryPoint","urlTemplate":"https:\/\/nuevodigitaldeescobar.com.ar\/?s={search_term_string}"},"query-input":{"@type":"PropertyValueSpecification","valueRequired":true,"valueName":"search_term_string"}}],"inLanguage":"es"},{"@type":"Organization","@id":"https:\/\/nuevodigitaldeescobar.com.ar\/#organization","name":"Nuevo Digital de Escobar","url":"https:\/\/nuevodigitaldeescobar.com.ar\/","logo":{"@type":"ImageObject","inLanguage":"es","@id":"https:\/\/nuevodigitaldeescobar.com.ar\/#\/schema\/logo\/image\/","url":"https:\/\/nuevodigitaldeescobar.com.ar\/wp-content\/uploads\/2025\/05\/cropped-logo-nuevo2.jpg","contentUrl":"https:\/\/nuevodigitaldeescobar.com.ar\/wp-content\/uploads\/2025\/05\/cropped-logo-nuevo2.jpg","width":305,"height":305,"caption":"Nuevo Digital de Escobar"},"image":{"@id":"https:\/\/nuevodigitaldeescobar.com.ar\/#\/schema\/logo\/image\/"},"sameAs":["https:\/\/www.facebook.com\/NUEVODigitalDeEscobar","https:\/\/x.com\/nuevodigescobar","https:\/\/www.instagram.com\/nuevodigitaldeescobar"]},{"@type":"Person","@id":"https:\/\/nuevodigitaldeescobar.com.ar\/#\/schema\/person\/035e90a8efe9a80e6eec22656ad6ea4c","name":"Redacci\u00f3n","image":{"@type":"ImageObject","inLanguage":"es","@id":"https:\/\/nuevodigitaldeescobar.com.ar\/#\/schema\/person\/image\/","url":"https:\/\/secure.gravatar.com\/avatar\/8af8f40000c24e9eef3034f2be5998a372bb1389e64b1a4a36b3a7979142220d?s=96&d=mm&r=g","contentUrl":"https:\/\/secure.gravatar.com\/avatar\/8af8f40000c24e9eef3034f2be5998a372bb1389e64b1a4a36b3a7979142220d?s=96&d=mm&r=g","caption":"Redacci\u00f3n"},"sameAs":["http:\/\/nuevodigitaldeescobar.com.ar"],"url":"https:\/\/nuevodigitaldeescobar.com.ar\/?author=1"}]}},"featured_image_urls":{"full":["https:\/\/nuevodigitaldeescobar.com.ar\/wp-content\/uploads\/2025\/12\/solcalor48.webp",1280,854,false],"thumbnail":["https:\/\/nuevodigitaldeescobar.com.ar\/wp-content\/uploads\/2025\/12\/solcalor48-150x150.webp",150,150,true],"medium":["https:\/\/nuevodigitaldeescobar.com.ar\/wp-content\/uploads\/2025\/12\/solcalor48-300x200.webp",300,200,true],"medium_large":["https:\/\/nuevodigitaldeescobar.com.ar\/wp-content\/uploads\/2025\/12\/solcalor48-768x512.webp",640,427,true],"large":["https:\/\/nuevodigitaldeescobar.com.ar\/wp-content\/uploads\/2025\/12\/solcalor48-1024x683.webp",640,427,true],"1536x1536":["https:\/\/nuevodigitaldeescobar.com.ar\/wp-content\/uploads\/2025\/12\/solcalor48.webp",1280,854,false],"2048x2048":["https:\/\/nuevodigitaldeescobar.com.ar\/wp-content\/uploads\/2025\/12\/solcalor48.webp",1280,854,false]},"author_info":{"display_name":"Redacci\u00f3n","author_link":"https:\/\/nuevodigitaldeescobar.com.ar\/?author=1"},"category_info":"<a href=\"https:\/\/nuevodigitaldeescobar.com.ar\/?cat=14\" rel=\"category\">Clima, Medioambiente y Sostenibilidad<\/a>","tag_info":"Clima, Medioambiente y Sostenibilidad","comment_count":"0","_links":{"self":[{"href":"https:\/\/nuevodigitaldeescobar.com.ar\/index.php?rest_route=\/wp\/v2\/posts\/19314","targetHints":{"allow":["GET"]}}],"collection":[{"href":"https:\/\/nuevodigitaldeescobar.com.ar\/index.php?rest_route=\/wp\/v2\/posts"}],"about":[{"href":"https:\/\/nuevodigitaldeescobar.com.ar\/index.php?rest_route=\/wp\/v2\/types\/post"}],"author":[{"embeddable":true,"href":"https:\/\/nuevodigitaldeescobar.com.ar\/index.php?rest_route=\/wp\/v2\/users\/1"}],"replies":[{"embeddable":true,"href":"https:\/\/nuevodigitaldeescobar.com.ar\/index.php?rest_route=%2Fwp%2Fv2%2Fcomments&post=19314"}],"version-history":[{"count":1,"href":"https:\/\/nuevodigitaldeescobar.com.ar\/index.php?rest_route=\/wp\/v2\/posts\/19314\/revisions"}],"predecessor-version":[{"id":19316,"href":"https:\/\/nuevodigitaldeescobar.com.ar\/index.php?rest_route=\/wp\/v2\/posts\/19314\/revisions\/19316"}],"wp:featuredmedia":[{"embeddable":true,"href":"https:\/\/nuevodigitaldeescobar.com.ar\/index.php?rest_route=\/wp\/v2\/media\/19315"}],"wp:attachment":[{"href":"https:\/\/nuevodigitaldeescobar.com.ar\/index.php?rest_route=%2Fwp%2Fv2%2Fmedia&parent=19314"}],"wp:term":[{"taxonomy":"category","embeddable":true,"href":"https:\/\/nuevodigitaldeescobar.com.ar\/index.php?rest_route=%2Fwp%2Fv2%2Fcategories&post=19314"},{"taxonomy":"post_tag","embeddable":true,"href":"https:\/\/nuevodigitaldeescobar.com.ar\/index.php?rest_route=%2Fwp%2Fv2%2Ftags&post=19314"}],"curies":[{"name":"wp","href":"https:\/\/api.w.org\/{rel}","templated":true}]}}