{"id":19334,"date":"2025-12-22T10:47:45","date_gmt":"2025-12-22T13:47:45","guid":{"rendered":"https:\/\/nuevodigitaldeescobar.com.ar\/?p=19334"},"modified":"2025-12-22T10:47:57","modified_gmt":"2025-12-22T13:47:57","slug":"cronograma-del-sistema-municipal-de-recoleccion-de-ramas-para-la-semana-de-navidad","status":"publish","type":"post","link":"https:\/\/nuevodigitaldeescobar.com.ar\/?p=19334","title":{"rendered":"Cronograma del sistema municipal de recolecci\u00f3n de ramas para la semana de Navidad"},"content":{"rendered":"\n<p> La Municipalidad de Escobar informa el cronograma semanal de recolecci\u00f3n de ramas y restos de podas para que los vecinos puedan depositarlos a partir de hoy, lunes 22, hasta el domingo 28. <\/p>\n\n\n\n<!--more-->\n\n\n\n<p>Los equipos municipales pasar\u00e1n a retirarlos a partir del lunes 29 \u00a0hasta el s\u00e1bado 3 de enero. Con excepci\u00f3n del d\u00eda 1\u00ba de enero, cuando no habr\u00e1 recolecci\u00f3n por el feriado de A\u00f1o Nuevo.<\/p>\n\n\n\n<p>Las UGC involucradas en esta oportunidad son las siguientes: BE8 (Kennedy 10), MAT1 (Canesi 300), MAT2 (Alvear y Bancalari), MAT3 (Reina Yolanda 975) y 24F1 ( Ingeniero Pablo Mar\u00edn, e\/ S. Ortiz e Islas Malvinas). Ante cualquier duda sobre las zonas que abarca cada UGC, se puede consultar el sitio web oficial <a href=\"https:\/\/www.escobar.gob.ar\/ugc\" target=\"_blank\" rel=\"noreferrer noopener\">www.escobar.gob.ar\/ugc<\/a>. \u00a0<\/p>\n\n\n\n<p>A su vez, para conocer el cronograma, los vecinos y vecinas pueden ingresar a la web <a href=\"http:\/\/escobar.gob.ar\/recoleccion-de-ramas\">escobar.gob.ar\/recoleccion-de-ramas<\/a> o consultar v\u00eda WhatsApp a Flora, el chatbot del Municipio, al wa.me\/5491168131202. Es importante recordar que, seg\u00fan la ordenanza municipal 4526\/08, las ramas deben colocarse sin obstruir la calzada ni los desag\u00fces pluviales, y no pueden exceder un metro c\u00fabico de volumen. El cronograma es semanal, por lo que se requiere que las ramas se saquen a la calle \u00fanicamente en las fechas indicadas. De lo contrario, se aplicar\u00e1n severas multas.<\/p>\n\n\n\n<p><strong>Recolecci\u00f3n de residuos s\u00f3lidos urbanos por el feriado de Navidad<\/strong><\/p>\n\n\n\n<p>En el marco del feriado del 25 de diciembre, el servicio de recolecci\u00f3n de residuos s\u00f3lidos urbanos (RSU) funcionar\u00e1 de la siguiente manera:<\/p>\n\n\n\n<p>Martes 24 de diciembre:<br>Servicio diurno normal.<br>Servicio nocturno sin recolecci\u00f3n.<\/p>\n\n\n\n<p>Mi\u00e9rcoles 25 de diciembre:<br>Sin recolecci\u00f3n.<\/p>\n\n\n\n<p>El servicio se retomar\u00e1 con normalidad el jueves 26 de diciembre.<\/p>\n","protected":false},"excerpt":{"rendered":"<p>La Municipalidad de Escobar informa el cronograma semanal de recolecci\u00f3n de ramas y restos de podas para que los vecinos puedan depositarlos a partir de [&hellip;]<\/p>\n","protected":false},"author":1,"featured_media":19335,"comment_status":"open","ping_status":"open","sticky":false,"template":"","format":"standard","meta":{"footnotes":""},"categories":[7],"tags":[],"class_list":["post-19334","post","type-post","status-publish","format-standard","has-post-thumbnail","hentry","category-interes-general"],"better_featured_image":{"id":19335,"alt_text":"","caption":"","description":"","media_type":"image","media_details":{"width":900,"height":716,"file":"2025\/12\/whatsapp_image_2025_12_22_at_10_18_41.jpeg","filesize":102166,"sizes":{"medium":{"file":"whatsapp_image_2025_12_22_at_10_18_41-300x239.jpeg","width":300,"height":239,"mime-type":"image\/jpeg","filesize":16750,"source_url":"https:\/\/nuevodigitaldeescobar.com.ar\/wp-content\/uploads\/2025\/12\/whatsapp_image_2025_12_22_at_10_18_41-300x239.jpeg"},"thumbnail":{"file":"whatsapp_image_2025_12_22_at_10_18_41-150x150.jpeg","width":150,"height":150,"mime-type":"image\/jpeg","filesize":6120,"source_url":"https:\/\/nuevodigitaldeescobar.com.ar\/wp-content\/uploads\/2025\/12\/whatsapp_image_2025_12_22_at_10_18_41-150x150.jpeg"},"medium_large":{"file":"whatsapp_image_2025_12_22_at_10_18_41-768x611.jpeg","width":768,"height":611,"mime-type":"image\/jpeg","filesize":86530,"source_url":"https:\/\/nuevodigitaldeescobar.com.ar\/wp-content\/uploads\/2025\/12\/whatsapp_image_2025_12_22_at_10_18_41-768x611.jpeg"}},"image_meta":{"aperture":"0","credit":"","camera":"","caption":"","created_timestamp":"0","copyright":"","focal_length":"0","iso":"0","shutter_speed":"0","title":"","orientation":"0","keywords":[]}},"post":19334,"source_url":"https:\/\/nuevodigitaldeescobar.com.ar\/wp-content\/uploads\/2025\/12\/whatsapp_image_2025_12_22_at_10_18_41.jpeg"},"yoast_head":"<!-- This site is optimized with the Yoast SEO plugin v26.1.1 - https:\/\/yoast.com\/wordpress\/plugins\/seo\/ -->\n<title>Cronograma del sistema municipal de recolecci\u00f3n de ramas para la semana de Navidad - Nuevo Digital de Escobar<\/title>\n<meta name=\"description\" content=\"Los equipos municipales pasar\u00e1n a retirarlos a partir del lunes 29 \u00a0hasta el s\u00e1bado 3 de enero. Con excepci\u00f3n del d\u00eda 1\u00ba de enero, cuando no habr\u00e1 recolecci\u00f3n por el feriado de A\u00f1o Nuevo.\" \/>\n<meta name=\"robots\" content=\"index, follow, max-snippet:-1, max-image-preview:large, max-video-preview:-1\" \/>\n<link rel=\"canonical\" href=\"https:\/\/nuevodigitaldeescobar.com.ar\/?p=19334\" \/>\n<meta property=\"og:locale\" content=\"es_ES\" \/>\n<meta property=\"og:type\" content=\"article\" \/>\n<meta property=\"og:title\" content=\"Cronograma del sistema municipal de recolecci\u00f3n de ramas para esta semana\" \/>\n<meta property=\"og:description\" content=\"Los equipos municipales pasar\u00e1n a retirarlos a partir del lunes 29 \u00a0hasta el s\u00e1bado 3 de enero. Con excepci\u00f3n del d\u00eda 1\u00ba de enero, cuando no habr\u00e1 recolecci\u00f3n por el feriado de A\u00f1o Nuevo.\" \/>\n<meta property=\"og:url\" content=\"https:\/\/nuevodigitaldeescobar.com.ar\/?p=19334\" \/>\n<meta property=\"og:site_name\" content=\"Nuevo Digital de Escobar\" \/>\n<meta property=\"article:publisher\" content=\"https:\/\/www.facebook.com\/NUEVODigitalDeEscobar\" \/>\n<meta property=\"article:published_time\" content=\"2025-12-22T13:47:45+00:00\" \/>\n<meta property=\"article:modified_time\" content=\"2025-12-22T13:47:57+00:00\" \/>\n<meta property=\"og:image\" content=\"http:\/\/nuevodigitaldeescobar.com.ar\/wp-content\/uploads\/2025\/12\/whatsapp_image_2025_12_22_at_10_18_41.jpeg\" \/>\n\t<meta property=\"og:image:width\" content=\"900\" \/>\n\t<meta property=\"og:image:height\" content=\"716\" \/>\n\t<meta property=\"og:image:type\" content=\"image\/jpeg\" \/>\n<meta name=\"author\" content=\"Redacci\u00f3n\" \/>\n<meta name=\"twitter:card\" content=\"summary_large_image\" \/>\n<meta name=\"twitter:creator\" content=\"@nuevodigescobar\" \/>\n<meta name=\"twitter:site\" content=\"@nuevodigescobar\" \/>\n<meta name=\"twitter:label1\" content=\"Escrito por\" \/>\n\t<meta name=\"twitter:data1\" content=\"Redacci\u00f3n\" \/>\n\t<meta name=\"twitter:label2\" content=\"Tiempo de lectura\" \/>\n\t<meta name=\"twitter:data2\" content=\"2 minutos\" \/>\n<script type=\"application\/ld+json\" class=\"yoast-schema-graph\">{\"@context\":\"https:\/\/schema.org\",\"@graph\":[{\"@type\":\"Article\",\"@id\":\"https:\/\/nuevodigitaldeescobar.com.ar\/?p=19334#article\",\"isPartOf\":{\"@id\":\"https:\/\/nuevodigitaldeescobar.com.ar\/?p=19334\"},\"author\":{\"name\":\"Redacci\u00f3n\",\"@id\":\"https:\/\/nuevodigitaldeescobar.com.ar\/#\/schema\/person\/035e90a8efe9a80e6eec22656ad6ea4c\"},\"headline\":\"Cronograma del sistema municipal de recolecci\u00f3n de ramas para la semana de Navidad\",\"datePublished\":\"2025-12-22T13:47:45+00:00\",\"dateModified\":\"2025-12-22T13:47:57+00:00\",\"mainEntityOfPage\":{\"@id\":\"https:\/\/nuevodigitaldeescobar.com.ar\/?p=19334\"},\"wordCount\":296,\"commentCount\":0,\"publisher\":{\"@id\":\"https:\/\/nuevodigitaldeescobar.com.ar\/#organization\"},\"image\":{\"@id\":\"https:\/\/nuevodigitaldeescobar.com.ar\/?p=19334#primaryimage\"},\"thumbnailUrl\":\"https:\/\/nuevodigitaldeescobar.com.ar\/wp-content\/uploads\/2025\/12\/whatsapp_image_2025_12_22_at_10_18_41.jpeg\",\"articleSection\":[\"Inter\u00e9s general\"],\"inLanguage\":\"es\",\"potentialAction\":[{\"@type\":\"CommentAction\",\"name\":\"Comment\",\"target\":[\"https:\/\/nuevodigitaldeescobar.com.ar\/?p=19334#respond\"]}]},{\"@type\":\"WebPage\",\"@id\":\"https:\/\/nuevodigitaldeescobar.com.ar\/?p=19334\",\"url\":\"https:\/\/nuevodigitaldeescobar.com.ar\/?p=19334\",\"name\":\"Cronograma del sistema municipal de recolecci\u00f3n de ramas para la semana de Navidad - Nuevo Digital de Escobar\",\"isPartOf\":{\"@id\":\"https:\/\/nuevodigitaldeescobar.com.ar\/#website\"},\"primaryImageOfPage\":{\"@id\":\"https:\/\/nuevodigitaldeescobar.com.ar\/?p=19334#primaryimage\"},\"image\":{\"@id\":\"https:\/\/nuevodigitaldeescobar.com.ar\/?p=19334#primaryimage\"},\"thumbnailUrl\":\"https:\/\/nuevodigitaldeescobar.com.ar\/wp-content\/uploads\/2025\/12\/whatsapp_image_2025_12_22_at_10_18_41.jpeg\",\"datePublished\":\"2025-12-22T13:47:45+00:00\",\"dateModified\":\"2025-12-22T13:47:57+00:00\",\"description\":\"Los equipos municipales pasar\u00e1n a retirarlos a partir del lunes 29 \u00a0hasta el s\u00e1bado 3 de enero. Con excepci\u00f3n del d\u00eda 1\u00ba de enero, cuando no habr\u00e1 recolecci\u00f3n por el feriado de A\u00f1o Nuevo.\",\"breadcrumb\":{\"@id\":\"https:\/\/nuevodigitaldeescobar.com.ar\/?p=19334#breadcrumb\"},\"inLanguage\":\"es\",\"potentialAction\":[{\"@type\":\"ReadAction\",\"target\":[\"https:\/\/nuevodigitaldeescobar.com.ar\/?p=19334\"]}]},{\"@type\":\"ImageObject\",\"inLanguage\":\"es\",\"@id\":\"https:\/\/nuevodigitaldeescobar.com.ar\/?p=19334#primaryimage\",\"url\":\"https:\/\/nuevodigitaldeescobar.com.ar\/wp-content\/uploads\/2025\/12\/whatsapp_image_2025_12_22_at_10_18_41.jpeg\",\"contentUrl\":\"https:\/\/nuevodigitaldeescobar.com.ar\/wp-content\/uploads\/2025\/12\/whatsapp_image_2025_12_22_at_10_18_41.jpeg\",\"width\":900,\"height\":716},{\"@type\":\"BreadcrumbList\",\"@id\":\"https:\/\/nuevodigitaldeescobar.com.ar\/?p=19334#breadcrumb\",\"itemListElement\":[{\"@type\":\"ListItem\",\"position\":1,\"name\":\"Portada\",\"item\":\"https:\/\/nuevodigitaldeescobar.com.ar\/\"},{\"@type\":\"ListItem\",\"position\":2,\"name\":\"Cronograma del sistema municipal de recolecci\u00f3n de ramas para la semana de Navidad\"}]},{\"@type\":\"WebSite\",\"@id\":\"https:\/\/nuevodigitaldeescobar.com.ar\/#website\",\"url\":\"https:\/\/nuevodigitaldeescobar.com.ar\/\",\"name\":\"Nuevo Digital de Escobar\",\"description\":\"La vida escobarense. Directora: Rosana Brunner\",\"publisher\":{\"@id\":\"https:\/\/nuevodigitaldeescobar.com.ar\/#organization\"},\"potentialAction\":[{\"@type\":\"SearchAction\",\"target\":{\"@type\":\"EntryPoint\",\"urlTemplate\":\"https:\/\/nuevodigitaldeescobar.com.ar\/?s={search_term_string}\"},\"query-input\":{\"@type\":\"PropertyValueSpecification\",\"valueRequired\":true,\"valueName\":\"search_term_string\"}}],\"inLanguage\":\"es\"},{\"@type\":\"Organization\",\"@id\":\"https:\/\/nuevodigitaldeescobar.com.ar\/#organization\",\"name\":\"Nuevo Digital de Escobar\",\"url\":\"https:\/\/nuevodigitaldeescobar.com.ar\/\",\"logo\":{\"@type\":\"ImageObject\",\"inLanguage\":\"es\",\"@id\":\"https:\/\/nuevodigitaldeescobar.com.ar\/#\/schema\/logo\/image\/\",\"url\":\"https:\/\/nuevodigitaldeescobar.com.ar\/wp-content\/uploads\/2025\/05\/cropped-logo-nuevo2.jpg\",\"contentUrl\":\"https:\/\/nuevodigitaldeescobar.com.ar\/wp-content\/uploads\/2025\/05\/cropped-logo-nuevo2.jpg\",\"width\":305,\"height\":305,\"caption\":\"Nuevo Digital de Escobar\"},\"image\":{\"@id\":\"https:\/\/nuevodigitaldeescobar.com.ar\/#\/schema\/logo\/image\/\"},\"sameAs\":[\"https:\/\/www.facebook.com\/NUEVODigitalDeEscobar\",\"https:\/\/x.com\/nuevodigescobar\",\"https:\/\/www.instagram.com\/nuevodigitaldeescobar\"]},{\"@type\":\"Person\",\"@id\":\"https:\/\/nuevodigitaldeescobar.com.ar\/#\/schema\/person\/035e90a8efe9a80e6eec22656ad6ea4c\",\"name\":\"Redacci\u00f3n\",\"image\":{\"@type\":\"ImageObject\",\"inLanguage\":\"es\",\"@id\":\"https:\/\/nuevodigitaldeescobar.com.ar\/#\/schema\/person\/image\/\",\"url\":\"https:\/\/secure.gravatar.com\/avatar\/8af8f40000c24e9eef3034f2be5998a372bb1389e64b1a4a36b3a7979142220d?s=96&d=mm&r=g\",\"contentUrl\":\"https:\/\/secure.gravatar.com\/avatar\/8af8f40000c24e9eef3034f2be5998a372bb1389e64b1a4a36b3a7979142220d?s=96&d=mm&r=g\",\"caption\":\"Redacci\u00f3n\"},\"sameAs\":[\"http:\/\/nuevodigitaldeescobar.com.ar\"],\"url\":\"https:\/\/nuevodigitaldeescobar.com.ar\/?author=1\"}]}<\/script>\n<!-- \/ Yoast SEO plugin. -->","yoast_head_json":{"title":"Cronograma del sistema municipal de recolecci\u00f3n de ramas para la semana de Navidad - Nuevo Digital de Escobar","description":"Los equipos municipales pasar\u00e1n a retirarlos a partir del lunes 29 \u00a0hasta el s\u00e1bado 3 de enero. Con excepci\u00f3n del d\u00eda 1\u00ba de enero, cuando no habr\u00e1 recolecci\u00f3n por el feriado de A\u00f1o Nuevo.","robots":{"index":"index","follow":"follow","max-snippet":"max-snippet:-1","max-image-preview":"max-image-preview:large","max-video-preview":"max-video-preview:-1"},"canonical":"https:\/\/nuevodigitaldeescobar.com.ar\/?p=19334","og_locale":"es_ES","og_type":"article","og_title":"Cronograma del sistema municipal de recolecci\u00f3n de ramas para esta semana","og_description":"Los equipos municipales pasar\u00e1n a retirarlos a partir del lunes 29 \u00a0hasta el s\u00e1bado 3 de enero. Con excepci\u00f3n del d\u00eda 1\u00ba de enero, cuando no habr\u00e1 recolecci\u00f3n por el feriado de A\u00f1o Nuevo.","og_url":"https:\/\/nuevodigitaldeescobar.com.ar\/?p=19334","og_site_name":"Nuevo Digital de Escobar","article_publisher":"https:\/\/www.facebook.com\/NUEVODigitalDeEscobar","article_published_time":"2025-12-22T13:47:45+00:00","article_modified_time":"2025-12-22T13:47:57+00:00","og_image":[{"width":900,"height":716,"url":"http:\/\/nuevodigitaldeescobar.com.ar\/wp-content\/uploads\/2025\/12\/whatsapp_image_2025_12_22_at_10_18_41.jpeg","type":"image\/jpeg"}],"author":"Redacci\u00f3n","twitter_card":"summary_large_image","twitter_creator":"@nuevodigescobar","twitter_site":"@nuevodigescobar","twitter_misc":{"Escrito por":"Redacci\u00f3n","Tiempo de lectura":"2 minutos"},"schema":{"@context":"https:\/\/schema.org","@graph":[{"@type":"Article","@id":"https:\/\/nuevodigitaldeescobar.com.ar\/?p=19334#article","isPartOf":{"@id":"https:\/\/nuevodigitaldeescobar.com.ar\/?p=19334"},"author":{"name":"Redacci\u00f3n","@id":"https:\/\/nuevodigitaldeescobar.com.ar\/#\/schema\/person\/035e90a8efe9a80e6eec22656ad6ea4c"},"headline":"Cronograma del sistema municipal de recolecci\u00f3n de ramas para la semana de Navidad","datePublished":"2025-12-22T13:47:45+00:00","dateModified":"2025-12-22T13:47:57+00:00","mainEntityOfPage":{"@id":"https:\/\/nuevodigitaldeescobar.com.ar\/?p=19334"},"wordCount":296,"commentCount":0,"publisher":{"@id":"https:\/\/nuevodigitaldeescobar.com.ar\/#organization"},"image":{"@id":"https:\/\/nuevodigitaldeescobar.com.ar\/?p=19334#primaryimage"},"thumbnailUrl":"https:\/\/nuevodigitaldeescobar.com.ar\/wp-content\/uploads\/2025\/12\/whatsapp_image_2025_12_22_at_10_18_41.jpeg","articleSection":["Inter\u00e9s general"],"inLanguage":"es","potentialAction":[{"@type":"CommentAction","name":"Comment","target":["https:\/\/nuevodigitaldeescobar.com.ar\/?p=19334#respond"]}]},{"@type":"WebPage","@id":"https:\/\/nuevodigitaldeescobar.com.ar\/?p=19334","url":"https:\/\/nuevodigitaldeescobar.com.ar\/?p=19334","name":"Cronograma del sistema municipal de recolecci\u00f3n de ramas para la semana de Navidad - Nuevo Digital de Escobar","isPartOf":{"@id":"https:\/\/nuevodigitaldeescobar.com.ar\/#website"},"primaryImageOfPage":{"@id":"https:\/\/nuevodigitaldeescobar.com.ar\/?p=19334#primaryimage"},"image":{"@id":"https:\/\/nuevodigitaldeescobar.com.ar\/?p=19334#primaryimage"},"thumbnailUrl":"https:\/\/nuevodigitaldeescobar.com.ar\/wp-content\/uploads\/2025\/12\/whatsapp_image_2025_12_22_at_10_18_41.jpeg","datePublished":"2025-12-22T13:47:45+00:00","dateModified":"2025-12-22T13:47:57+00:00","description":"Los equipos municipales pasar\u00e1n a retirarlos a partir del lunes 29 \u00a0hasta el s\u00e1bado 3 de enero. Con excepci\u00f3n del d\u00eda 1\u00ba de enero, cuando no habr\u00e1 recolecci\u00f3n por el feriado de A\u00f1o Nuevo.","breadcrumb":{"@id":"https:\/\/nuevodigitaldeescobar.com.ar\/?p=19334#breadcrumb"},"inLanguage":"es","potentialAction":[{"@type":"ReadAction","target":["https:\/\/nuevodigitaldeescobar.com.ar\/?p=19334"]}]},{"@type":"ImageObject","inLanguage":"es","@id":"https:\/\/nuevodigitaldeescobar.com.ar\/?p=19334#primaryimage","url":"https:\/\/nuevodigitaldeescobar.com.ar\/wp-content\/uploads\/2025\/12\/whatsapp_image_2025_12_22_at_10_18_41.jpeg","contentUrl":"https:\/\/nuevodigitaldeescobar.com.ar\/wp-content\/uploads\/2025\/12\/whatsapp_image_2025_12_22_at_10_18_41.jpeg","width":900,"height":716},{"@type":"BreadcrumbList","@id":"https:\/\/nuevodigitaldeescobar.com.ar\/?p=19334#breadcrumb","itemListElement":[{"@type":"ListItem","position":1,"name":"Portada","item":"https:\/\/nuevodigitaldeescobar.com.ar\/"},{"@type":"ListItem","position":2,"name":"Cronograma del sistema municipal de recolecci\u00f3n de ramas para la semana de Navidad"}]},{"@type":"WebSite","@id":"https:\/\/nuevodigitaldeescobar.com.ar\/#website","url":"https:\/\/nuevodigitaldeescobar.com.ar\/","name":"Nuevo Digital de Escobar","description":"La vida escobarense. Directora: Rosana Brunner","publisher":{"@id":"https:\/\/nuevodigitaldeescobar.com.ar\/#organization"},"potentialAction":[{"@type":"SearchAction","target":{"@type":"EntryPoint","urlTemplate":"https:\/\/nuevodigitaldeescobar.com.ar\/?s={search_term_string}"},"query-input":{"@type":"PropertyValueSpecification","valueRequired":true,"valueName":"search_term_string"}}],"inLanguage":"es"},{"@type":"Organization","@id":"https:\/\/nuevodigitaldeescobar.com.ar\/#organization","name":"Nuevo Digital de Escobar","url":"https:\/\/nuevodigitaldeescobar.com.ar\/","logo":{"@type":"ImageObject","inLanguage":"es","@id":"https:\/\/nuevodigitaldeescobar.com.ar\/#\/schema\/logo\/image\/","url":"https:\/\/nuevodigitaldeescobar.com.ar\/wp-content\/uploads\/2025\/05\/cropped-logo-nuevo2.jpg","contentUrl":"https:\/\/nuevodigitaldeescobar.com.ar\/wp-content\/uploads\/2025\/05\/cropped-logo-nuevo2.jpg","width":305,"height":305,"caption":"Nuevo Digital de Escobar"},"image":{"@id":"https:\/\/nuevodigitaldeescobar.com.ar\/#\/schema\/logo\/image\/"},"sameAs":["https:\/\/www.facebook.com\/NUEVODigitalDeEscobar","https:\/\/x.com\/nuevodigescobar","https:\/\/www.instagram.com\/nuevodigitaldeescobar"]},{"@type":"Person","@id":"https:\/\/nuevodigitaldeescobar.com.ar\/#\/schema\/person\/035e90a8efe9a80e6eec22656ad6ea4c","name":"Redacci\u00f3n","image":{"@type":"ImageObject","inLanguage":"es","@id":"https:\/\/nuevodigitaldeescobar.com.ar\/#\/schema\/person\/image\/","url":"https:\/\/secure.gravatar.com\/avatar\/8af8f40000c24e9eef3034f2be5998a372bb1389e64b1a4a36b3a7979142220d?s=96&d=mm&r=g","contentUrl":"https:\/\/secure.gravatar.com\/avatar\/8af8f40000c24e9eef3034f2be5998a372bb1389e64b1a4a36b3a7979142220d?s=96&d=mm&r=g","caption":"Redacci\u00f3n"},"sameAs":["http:\/\/nuevodigitaldeescobar.com.ar"],"url":"https:\/\/nuevodigitaldeescobar.com.ar\/?author=1"}]}},"featured_image_urls":{"full":["https:\/\/nuevodigitaldeescobar.com.ar\/wp-content\/uploads\/2025\/12\/whatsapp_image_2025_12_22_at_10_18_41.jpeg",900,716,false],"thumbnail":["https:\/\/nuevodigitaldeescobar.com.ar\/wp-content\/uploads\/2025\/12\/whatsapp_image_2025_12_22_at_10_18_41-150x150.jpeg",150,150,true],"medium":["https:\/\/nuevodigitaldeescobar.com.ar\/wp-content\/uploads\/2025\/12\/whatsapp_image_2025_12_22_at_10_18_41-300x239.jpeg",300,239,true],"medium_large":["https:\/\/nuevodigitaldeescobar.com.ar\/wp-content\/uploads\/2025\/12\/whatsapp_image_2025_12_22_at_10_18_41-768x611.jpeg",640,509,true],"large":["https:\/\/nuevodigitaldeescobar.com.ar\/wp-content\/uploads\/2025\/12\/whatsapp_image_2025_12_22_at_10_18_41.jpeg",640,509,false],"1536x1536":["https:\/\/nuevodigitaldeescobar.com.ar\/wp-content\/uploads\/2025\/12\/whatsapp_image_2025_12_22_at_10_18_41.jpeg",900,716,false],"2048x2048":["https:\/\/nuevodigitaldeescobar.com.ar\/wp-content\/uploads\/2025\/12\/whatsapp_image_2025_12_22_at_10_18_41.jpeg",900,716,false]},"author_info":{"display_name":"Redacci\u00f3n","author_link":"https:\/\/nuevodigitaldeescobar.com.ar\/?author=1"},"category_info":"<a href=\"https:\/\/nuevodigitaldeescobar.com.ar\/?cat=7\" rel=\"category\">Inter\u00e9s general<\/a>","tag_info":"Inter\u00e9s general","comment_count":"0","_links":{"self":[{"href":"https:\/\/nuevodigitaldeescobar.com.ar\/index.php?rest_route=\/wp\/v2\/posts\/19334","targetHints":{"allow":["GET"]}}],"collection":[{"href":"https:\/\/nuevodigitaldeescobar.com.ar\/index.php?rest_route=\/wp\/v2\/posts"}],"about":[{"href":"https:\/\/nuevodigitaldeescobar.com.ar\/index.php?rest_route=\/wp\/v2\/types\/post"}],"author":[{"embeddable":true,"href":"https:\/\/nuevodigitaldeescobar.com.ar\/index.php?rest_route=\/wp\/v2\/users\/1"}],"replies":[{"embeddable":true,"href":"https:\/\/nuevodigitaldeescobar.com.ar\/index.php?rest_route=%2Fwp%2Fv2%2Fcomments&post=19334"}],"version-history":[{"count":1,"href":"https:\/\/nuevodigitaldeescobar.com.ar\/index.php?rest_route=\/wp\/v2\/posts\/19334\/revisions"}],"predecessor-version":[{"id":19336,"href":"https:\/\/nuevodigitaldeescobar.com.ar\/index.php?rest_route=\/wp\/v2\/posts\/19334\/revisions\/19336"}],"wp:featuredmedia":[{"embeddable":true,"href":"https:\/\/nuevodigitaldeescobar.com.ar\/index.php?rest_route=\/wp\/v2\/media\/19335"}],"wp:attachment":[{"href":"https:\/\/nuevodigitaldeescobar.com.ar\/index.php?rest_route=%2Fwp%2Fv2%2Fmedia&parent=19334"}],"wp:term":[{"taxonomy":"category","embeddable":true,"href":"https:\/\/nuevodigitaldeescobar.com.ar\/index.php?rest_route=%2Fwp%2Fv2%2Fcategories&post=19334"},{"taxonomy":"post_tag","embeddable":true,"href":"https:\/\/nuevodigitaldeescobar.com.ar\/index.php?rest_route=%2Fwp%2Fv2%2Ftags&post=19334"}],"curies":[{"name":"wp","href":"https:\/\/api.w.org\/{rel}","templated":true}]}}