{"id":19337,"date":"2025-12-22T20:57:27","date_gmt":"2025-12-22T23:57:27","guid":{"rendered":"https:\/\/nuevodigitaldeescobar.com.ar\/?p=19337"},"modified":"2025-12-22T20:57:39","modified_gmt":"2025-12-22T23:57:39","slug":"golpe-al-trafico-de-fauna-fundacion-temaiken-lidera-la-recuperacion-de-mas-de-200-aves-rescatadas-del-comercio-ilegal","status":"publish","type":"post","link":"https:\/\/nuevodigitaldeescobar.com.ar\/?p=19337","title":{"rendered":"Golpe al tr\u00e1fico de fauna: Fundaci\u00f3n Temaik\u00e9n lidera la recuperaci\u00f3n de m\u00e1s de 200 aves rescatadas del comercio ilegal"},"content":{"rendered":"\n<p class=\"has-vivid-cyan-blue-color has-text-color has-link-color wp-elements-e70d510f2be5cdd591e15d37fe571722\"><strong><em>En un operativo de gran magnitud realizado en el partido de La Matanza, la Polic\u00eda Bonaerense logr\u00f3 desarticular una red de venta ilegal de animales que operaba a trav\u00e9s de redes sociales. El procedimiento culmin\u00f3 con el rescate de m\u00e1s de 200 ejemplares de fauna aut\u00f3ctona y ex\u00f3tica, muchos de ellos en grave peligro de extinci\u00f3n, los cuales fueron trasladados de urgencia al Bioparque Temaik\u00e9n, en Escobar, para su rehabilitaci\u00f3n.<\/em><\/strong><\/p>\n\n\n\n<!--more-->\n\n\n\n<p>La investigaci\u00f3n, encabezada por el fiscal federal Sebasti\u00e1n Basso y la DDI de La Matanza, comenz\u00f3 a principios de a\u00f1o tras detectar perfiles sospechosos en Facebook Marketplace y estados de WhatsApp donde se ofrec\u00edan aves silvestres. Tras meses de inteligencia, un agente encubierto pact\u00f3 una compra en un local de art\u00edculos de pesca en Gonz\u00e1lez Cat\u00e1n, el cual funcionaba como fachada para el dep\u00f3sito de los animales.<\/p>\n\n\n\n<figure class=\"wp-block-video aligncenter\"><video controls src=\"https:\/\/nuevodigitaldeescobar.com.ar\/wp-content\/uploads\/2025\/12\/Rescataron-mas-de-200-especies-en-peligro-de-extincion-que-eran.mp4\"><\/video><\/figure>\n\n\n\n<h3 class=\"wp-block-heading has-text-color has-link-color wp-elements-f22acd5d1fc7c89a6811cf11fe7581b3\" style=\"color:#1339c0\">El rol fundamental de Temaik\u00e9n<\/h3>\n\n\n\n<p>Dada la fragilidad de los ejemplares encontrados, se solicit\u00f3 la intervenci\u00f3n inmediata de los especialistas de la <strong>Fundaci\u00f3n Temaik\u00e9n<\/strong>. Al llegar al lugar, los veterinarios y bi\u00f3logos del centro escobarense constataron el deplorable estado de los animales: sufr\u00edan de hacinamiento, plumaje da\u00f1ado, lesiones por golpes y pododermatitis (inflamaci\u00f3n en las patas por falta de higiene y espacio).<\/p>\n\n\n\n<p>Actualmente, las aves se encuentran bajo cuidado intensivo en el centro de recuperaci\u00f3n de la Fundaci\u00f3n en nuestro distrito. All\u00ed atraviesan un periodo de cuarentena y tratamiento especializado con un objetivo claro: lograr la liberaci\u00f3n de aquellos ejemplares que mantengan sus instintos naturales y puedan sobrevivir en su h\u00e1bitat de origen.<\/p>\n\n\n\n<h3 class=\"wp-block-heading has-text-color has-link-color wp-elements-5fe85460a66d8a10069255d90683c736\" style=\"color:#1339c0\">Joyas naturales en peligro cr\u00edtico<\/h3>\n\n\n\n<p>Entre las especies recuperadas, los especialistas destacaron con preocupaci\u00f3n el hallazgo de cuatro ejemplares de <strong>Cardenal Amarillo<\/strong> (<em>Gubernatrix cristata<\/em>). Se trata de una especie en peligro cr\u00edtico de extinci\u00f3n; se estima que quedan menos de 2.000 individuos en toda la regi\u00f3n que abarca Argentina, Brasil y Paraguay.<\/p>\n\n\n\n<p>Adem\u00e1s de estos emblem\u00e1ticos p\u00e1jaros, el listado de especies rescatadas incluye:<\/p>\n\n\n\n<ul class=\"wp-block-list\">\n<li><strong>Reinamora Grande:<\/strong> 16 ejemplares.<\/li>\n\n\n\n<li><strong>Cardenal Copete Rojo:<\/strong> 22 ejemplares.<\/li>\n\n\n\n<li><strong>Cabecita Negra:<\/strong> 15 ejemplares.<\/li>\n\n\n\n<li><strong>Jilguero Dorado:<\/strong> 13 ejemplares.<\/li>\n\n\n\n<li><strong>Otras especies:<\/strong> Pepiteros, Naranjeros, Brasitas de Fuego y m\u00e1s de 120 aves ex\u00f3ticas.<\/li>\n<\/ul>\n\n\n\n<h3 class=\"wp-block-heading has-text-color has-link-color wp-elements-3aeab864d33d28705b08b3416cfe091c\" style=\"color:#1339c0\">Consecuencias legales<\/h3>\n\n\n\n<p>El operativo termin\u00f3 con la detenci\u00f3n de un hombre de 48 a\u00f1os, quien qued\u00f3 imputado por infracci\u00f3n a la <strong>Ley 22.421 de Protecci\u00f3n de Fauna Silvestre<\/strong>. El Juzgado Federal N\u00b03 de Mor\u00f3n, a cargo del Dr. Jorge Rodr\u00edguez, orden\u00f3 adem\u00e1s el secuestro de dispositivos electr\u00f3nicos para investigar si existen proveedores o c\u00f3mplices en otras zonas de la provincia.<\/p>\n\n\n\n<p>Este rescate vuelve a poner de manifiesto la importancia de las instituciones de conservaci\u00f3n de Escobar, como Temaik\u00e9n, que act\u00faan como el \u00faltimo refugio para las v\u00edctimas de un negocio ilegal que es el tercer tr\u00e1fico m\u00e1s lucrativo a nivel mundial, despu\u00e9s del de drogas y armas.<\/p>\n","protected":false},"excerpt":{"rendered":"<p>En un operativo de gran magnitud realizado en el partido de La Matanza, la Polic\u00eda Bonaerense logr\u00f3 desarticular una red de venta ilegal de animales [&hellip;]<\/p>\n","protected":false},"author":1,"featured_media":19338,"comment_status":"open","ping_status":"open","sticky":false,"template":"","format":"standard","meta":{"footnotes":""},"categories":[13],"tags":[],"class_list":["post-19337","post","type-post","status-publish","format-standard","has-post-thumbnail","hentry","category-policiales"],"better_featured_image":{"id":19338,"alt_text":"","caption":"","description":"","media_type":"image","media_details":{"width":581,"height":664,"file":"2025\/12\/faunatemaiken344.png","filesize":460260,"sizes":{"medium":{"file":"faunatemaiken344-263x300.png","width":263,"height":300,"mime-type":"image\/png","filesize":54109,"source_url":"https:\/\/nuevodigitaldeescobar.com.ar\/wp-content\/uploads\/2025\/12\/faunatemaiken344-263x300.png"},"thumbnail":{"file":"faunatemaiken344-150x150.png","width":150,"height":150,"mime-type":"image\/png","filesize":17703,"source_url":"https:\/\/nuevodigitaldeescobar.com.ar\/wp-content\/uploads\/2025\/12\/faunatemaiken344-150x150.png"}},"image_meta":{"aperture":"0","credit":"","camera":"","caption":"","created_timestamp":"0","copyright":"","focal_length":"0","iso":"0","shutter_speed":"0","title":"","orientation":"0","keywords":[]}},"post":19337,"source_url":"https:\/\/nuevodigitaldeescobar.com.ar\/wp-content\/uploads\/2025\/12\/faunatemaiken344.png"},"yoast_head":"<!-- This site is optimized with the Yoast SEO plugin v26.1.1 - https:\/\/yoast.com\/wordpress\/plugins\/seo\/ -->\n<title>Golpe al tr\u00e1fico de fauna: Fundaci\u00f3n Temaik\u00e9n lidera la recuperaci\u00f3n de m\u00e1s de 200 aves rescatadas del comercio ilegal - Nuevo Digital de Escobar<\/title>\n<meta name=\"robots\" content=\"index, follow, max-snippet:-1, max-image-preview:large, max-video-preview:-1\" \/>\n<link rel=\"canonical\" href=\"https:\/\/nuevodigitaldeescobar.com.ar\/?p=19337\" \/>\n<meta property=\"og:locale\" content=\"es_ES\" \/>\n<meta property=\"og:type\" content=\"article\" \/>\n<meta property=\"og:title\" content=\"Golpe al tr\u00e1fico de fauna: Fundaci\u00f3n Temaik\u00e9n lidera la recuperaci\u00f3n de m\u00e1s de 200 aves rescatadas del comercio ilegal - Nuevo Digital de Escobar\" \/>\n<meta property=\"og:description\" content=\"En un operativo de gran magnitud realizado en el partido de La Matanza, la Polic\u00eda Bonaerense logr\u00f3 desarticular una red de venta ilegal de animales [&hellip;]\" \/>\n<meta property=\"og:url\" content=\"https:\/\/nuevodigitaldeescobar.com.ar\/?p=19337\" \/>\n<meta property=\"og:site_name\" content=\"Nuevo Digital de Escobar\" \/>\n<meta property=\"article:publisher\" content=\"https:\/\/www.facebook.com\/NUEVODigitalDeEscobar\" \/>\n<meta property=\"article:published_time\" content=\"2025-12-22T23:57:27+00:00\" \/>\n<meta property=\"article:modified_time\" content=\"2025-12-22T23:57:39+00:00\" \/>\n<meta property=\"og:image\" content=\"http:\/\/nuevodigitaldeescobar.com.ar\/wp-content\/uploads\/2025\/12\/faunatemaiken344.png\" \/>\n\t<meta property=\"og:image:width\" content=\"581\" \/>\n\t<meta property=\"og:image:height\" content=\"664\" \/>\n\t<meta property=\"og:image:type\" content=\"image\/png\" \/>\n<meta name=\"author\" content=\"Redacci\u00f3n\" \/>\n<meta name=\"twitter:card\" content=\"summary_large_image\" \/>\n<meta name=\"twitter:creator\" content=\"@nuevodigescobar\" \/>\n<meta name=\"twitter:site\" content=\"@nuevodigescobar\" \/>\n<meta name=\"twitter:label1\" content=\"Escrito por\" \/>\n\t<meta name=\"twitter:data1\" content=\"Redacci\u00f3n\" \/>\n\t<meta name=\"twitter:label2\" content=\"Tiempo de lectura\" \/>\n\t<meta name=\"twitter:data2\" content=\"3 minutos\" \/>\n<script type=\"application\/ld+json\" class=\"yoast-schema-graph\">{\"@context\":\"https:\/\/schema.org\",\"@graph\":[{\"@type\":\"Article\",\"@id\":\"https:\/\/nuevodigitaldeescobar.com.ar\/?p=19337#article\",\"isPartOf\":{\"@id\":\"https:\/\/nuevodigitaldeescobar.com.ar\/?p=19337\"},\"author\":{\"name\":\"Redacci\u00f3n\",\"@id\":\"https:\/\/nuevodigitaldeescobar.com.ar\/#\/schema\/person\/035e90a8efe9a80e6eec22656ad6ea4c\"},\"headline\":\"Golpe al tr\u00e1fico de fauna: Fundaci\u00f3n Temaik\u00e9n lidera la recuperaci\u00f3n de m\u00e1s de 200 aves rescatadas del comercio ilegal\",\"datePublished\":\"2025-12-22T23:57:27+00:00\",\"dateModified\":\"2025-12-22T23:57:39+00:00\",\"mainEntityOfPage\":{\"@id\":\"https:\/\/nuevodigitaldeescobar.com.ar\/?p=19337\"},\"wordCount\":518,\"commentCount\":0,\"publisher\":{\"@id\":\"https:\/\/nuevodigitaldeescobar.com.ar\/#organization\"},\"image\":{\"@id\":\"https:\/\/nuevodigitaldeescobar.com.ar\/?p=19337#primaryimage\"},\"thumbnailUrl\":\"https:\/\/nuevodigitaldeescobar.com.ar\/wp-content\/uploads\/2025\/12\/faunatemaiken344.png\",\"articleSection\":[\"Policiales\"],\"inLanguage\":\"es\",\"potentialAction\":[{\"@type\":\"CommentAction\",\"name\":\"Comment\",\"target\":[\"https:\/\/nuevodigitaldeescobar.com.ar\/?p=19337#respond\"]}]},{\"@type\":\"WebPage\",\"@id\":\"https:\/\/nuevodigitaldeescobar.com.ar\/?p=19337\",\"url\":\"https:\/\/nuevodigitaldeescobar.com.ar\/?p=19337\",\"name\":\"Golpe al tr\u00e1fico de fauna: Fundaci\u00f3n Temaik\u00e9n lidera la recuperaci\u00f3n de m\u00e1s de 200 aves rescatadas del comercio ilegal - Nuevo Digital de Escobar\",\"isPartOf\":{\"@id\":\"https:\/\/nuevodigitaldeescobar.com.ar\/#website\"},\"primaryImageOfPage\":{\"@id\":\"https:\/\/nuevodigitaldeescobar.com.ar\/?p=19337#primaryimage\"},\"image\":{\"@id\":\"https:\/\/nuevodigitaldeescobar.com.ar\/?p=19337#primaryimage\"},\"thumbnailUrl\":\"https:\/\/nuevodigitaldeescobar.com.ar\/wp-content\/uploads\/2025\/12\/faunatemaiken344.png\",\"datePublished\":\"2025-12-22T23:57:27+00:00\",\"dateModified\":\"2025-12-22T23:57:39+00:00\",\"breadcrumb\":{\"@id\":\"https:\/\/nuevodigitaldeescobar.com.ar\/?p=19337#breadcrumb\"},\"inLanguage\":\"es\",\"potentialAction\":[{\"@type\":\"ReadAction\",\"target\":[\"https:\/\/nuevodigitaldeescobar.com.ar\/?p=19337\"]}]},{\"@type\":\"ImageObject\",\"inLanguage\":\"es\",\"@id\":\"https:\/\/nuevodigitaldeescobar.com.ar\/?p=19337#primaryimage\",\"url\":\"https:\/\/nuevodigitaldeescobar.com.ar\/wp-content\/uploads\/2025\/12\/faunatemaiken344.png\",\"contentUrl\":\"https:\/\/nuevodigitaldeescobar.com.ar\/wp-content\/uploads\/2025\/12\/faunatemaiken344.png\",\"width\":581,\"height\":664},{\"@type\":\"BreadcrumbList\",\"@id\":\"https:\/\/nuevodigitaldeescobar.com.ar\/?p=19337#breadcrumb\",\"itemListElement\":[{\"@type\":\"ListItem\",\"position\":1,\"name\":\"Portada\",\"item\":\"https:\/\/nuevodigitaldeescobar.com.ar\/\"},{\"@type\":\"ListItem\",\"position\":2,\"name\":\"Golpe al tr\u00e1fico de fauna: Fundaci\u00f3n Temaik\u00e9n lidera la recuperaci\u00f3n de m\u00e1s de 200 aves rescatadas del comercio ilegal\"}]},{\"@type\":\"WebSite\",\"@id\":\"https:\/\/nuevodigitaldeescobar.com.ar\/#website\",\"url\":\"https:\/\/nuevodigitaldeescobar.com.ar\/\",\"name\":\"Nuevo Digital de Escobar\",\"description\":\"La vida escobarense. Directora: Rosana Brunner\",\"publisher\":{\"@id\":\"https:\/\/nuevodigitaldeescobar.com.ar\/#organization\"},\"potentialAction\":[{\"@type\":\"SearchAction\",\"target\":{\"@type\":\"EntryPoint\",\"urlTemplate\":\"https:\/\/nuevodigitaldeescobar.com.ar\/?s={search_term_string}\"},\"query-input\":{\"@type\":\"PropertyValueSpecification\",\"valueRequired\":true,\"valueName\":\"search_term_string\"}}],\"inLanguage\":\"es\"},{\"@type\":\"Organization\",\"@id\":\"https:\/\/nuevodigitaldeescobar.com.ar\/#organization\",\"name\":\"Nuevo Digital de Escobar\",\"url\":\"https:\/\/nuevodigitaldeescobar.com.ar\/\",\"logo\":{\"@type\":\"ImageObject\",\"inLanguage\":\"es\",\"@id\":\"https:\/\/nuevodigitaldeescobar.com.ar\/#\/schema\/logo\/image\/\",\"url\":\"https:\/\/nuevodigitaldeescobar.com.ar\/wp-content\/uploads\/2025\/05\/cropped-logo-nuevo2.jpg\",\"contentUrl\":\"https:\/\/nuevodigitaldeescobar.com.ar\/wp-content\/uploads\/2025\/05\/cropped-logo-nuevo2.jpg\",\"width\":305,\"height\":305,\"caption\":\"Nuevo Digital de Escobar\"},\"image\":{\"@id\":\"https:\/\/nuevodigitaldeescobar.com.ar\/#\/schema\/logo\/image\/\"},\"sameAs\":[\"https:\/\/www.facebook.com\/NUEVODigitalDeEscobar\",\"https:\/\/x.com\/nuevodigescobar\",\"https:\/\/www.instagram.com\/nuevodigitaldeescobar\"]},{\"@type\":\"Person\",\"@id\":\"https:\/\/nuevodigitaldeescobar.com.ar\/#\/schema\/person\/035e90a8efe9a80e6eec22656ad6ea4c\",\"name\":\"Redacci\u00f3n\",\"image\":{\"@type\":\"ImageObject\",\"inLanguage\":\"es\",\"@id\":\"https:\/\/nuevodigitaldeescobar.com.ar\/#\/schema\/person\/image\/\",\"url\":\"https:\/\/secure.gravatar.com\/avatar\/8af8f40000c24e9eef3034f2be5998a372bb1389e64b1a4a36b3a7979142220d?s=96&d=mm&r=g\",\"contentUrl\":\"https:\/\/secure.gravatar.com\/avatar\/8af8f40000c24e9eef3034f2be5998a372bb1389e64b1a4a36b3a7979142220d?s=96&d=mm&r=g\",\"caption\":\"Redacci\u00f3n\"},\"sameAs\":[\"http:\/\/nuevodigitaldeescobar.com.ar\"],\"url\":\"https:\/\/nuevodigitaldeescobar.com.ar\/?author=1\"}]}<\/script>\n<!-- \/ Yoast SEO plugin. -->","yoast_head_json":{"title":"Golpe al tr\u00e1fico de fauna: Fundaci\u00f3n Temaik\u00e9n lidera la recuperaci\u00f3n de m\u00e1s de 200 aves rescatadas del comercio ilegal - Nuevo Digital de Escobar","robots":{"index":"index","follow":"follow","max-snippet":"max-snippet:-1","max-image-preview":"max-image-preview:large","max-video-preview":"max-video-preview:-1"},"canonical":"https:\/\/nuevodigitaldeescobar.com.ar\/?p=19337","og_locale":"es_ES","og_type":"article","og_title":"Golpe al tr\u00e1fico de fauna: Fundaci\u00f3n Temaik\u00e9n lidera la recuperaci\u00f3n de m\u00e1s de 200 aves rescatadas del comercio ilegal - Nuevo Digital de Escobar","og_description":"En un operativo de gran magnitud realizado en el partido de La Matanza, la Polic\u00eda Bonaerense logr\u00f3 desarticular una red de venta ilegal de animales [&hellip;]","og_url":"https:\/\/nuevodigitaldeescobar.com.ar\/?p=19337","og_site_name":"Nuevo Digital de Escobar","article_publisher":"https:\/\/www.facebook.com\/NUEVODigitalDeEscobar","article_published_time":"2025-12-22T23:57:27+00:00","article_modified_time":"2025-12-22T23:57:39+00:00","og_image":[{"width":581,"height":664,"url":"http:\/\/nuevodigitaldeescobar.com.ar\/wp-content\/uploads\/2025\/12\/faunatemaiken344.png","type":"image\/png"}],"author":"Redacci\u00f3n","twitter_card":"summary_large_image","twitter_creator":"@nuevodigescobar","twitter_site":"@nuevodigescobar","twitter_misc":{"Escrito por":"Redacci\u00f3n","Tiempo de lectura":"3 minutos"},"schema":{"@context":"https:\/\/schema.org","@graph":[{"@type":"Article","@id":"https:\/\/nuevodigitaldeescobar.com.ar\/?p=19337#article","isPartOf":{"@id":"https:\/\/nuevodigitaldeescobar.com.ar\/?p=19337"},"author":{"name":"Redacci\u00f3n","@id":"https:\/\/nuevodigitaldeescobar.com.ar\/#\/schema\/person\/035e90a8efe9a80e6eec22656ad6ea4c"},"headline":"Golpe al tr\u00e1fico de fauna: Fundaci\u00f3n Temaik\u00e9n lidera la recuperaci\u00f3n de m\u00e1s de 200 aves rescatadas del comercio ilegal","datePublished":"2025-12-22T23:57:27+00:00","dateModified":"2025-12-22T23:57:39+00:00","mainEntityOfPage":{"@id":"https:\/\/nuevodigitaldeescobar.com.ar\/?p=19337"},"wordCount":518,"commentCount":0,"publisher":{"@id":"https:\/\/nuevodigitaldeescobar.com.ar\/#organization"},"image":{"@id":"https:\/\/nuevodigitaldeescobar.com.ar\/?p=19337#primaryimage"},"thumbnailUrl":"https:\/\/nuevodigitaldeescobar.com.ar\/wp-content\/uploads\/2025\/12\/faunatemaiken344.png","articleSection":["Policiales"],"inLanguage":"es","potentialAction":[{"@type":"CommentAction","name":"Comment","target":["https:\/\/nuevodigitaldeescobar.com.ar\/?p=19337#respond"]}]},{"@type":"WebPage","@id":"https:\/\/nuevodigitaldeescobar.com.ar\/?p=19337","url":"https:\/\/nuevodigitaldeescobar.com.ar\/?p=19337","name":"Golpe al tr\u00e1fico de fauna: Fundaci\u00f3n Temaik\u00e9n lidera la recuperaci\u00f3n de m\u00e1s de 200 aves rescatadas del comercio ilegal - Nuevo Digital de Escobar","isPartOf":{"@id":"https:\/\/nuevodigitaldeescobar.com.ar\/#website"},"primaryImageOfPage":{"@id":"https:\/\/nuevodigitaldeescobar.com.ar\/?p=19337#primaryimage"},"image":{"@id":"https:\/\/nuevodigitaldeescobar.com.ar\/?p=19337#primaryimage"},"thumbnailUrl":"https:\/\/nuevodigitaldeescobar.com.ar\/wp-content\/uploads\/2025\/12\/faunatemaiken344.png","datePublished":"2025-12-22T23:57:27+00:00","dateModified":"2025-12-22T23:57:39+00:00","breadcrumb":{"@id":"https:\/\/nuevodigitaldeescobar.com.ar\/?p=19337#breadcrumb"},"inLanguage":"es","potentialAction":[{"@type":"ReadAction","target":["https:\/\/nuevodigitaldeescobar.com.ar\/?p=19337"]}]},{"@type":"ImageObject","inLanguage":"es","@id":"https:\/\/nuevodigitaldeescobar.com.ar\/?p=19337#primaryimage","url":"https:\/\/nuevodigitaldeescobar.com.ar\/wp-content\/uploads\/2025\/12\/faunatemaiken344.png","contentUrl":"https:\/\/nuevodigitaldeescobar.com.ar\/wp-content\/uploads\/2025\/12\/faunatemaiken344.png","width":581,"height":664},{"@type":"BreadcrumbList","@id":"https:\/\/nuevodigitaldeescobar.com.ar\/?p=19337#breadcrumb","itemListElement":[{"@type":"ListItem","position":1,"name":"Portada","item":"https:\/\/nuevodigitaldeescobar.com.ar\/"},{"@type":"ListItem","position":2,"name":"Golpe al tr\u00e1fico de fauna: Fundaci\u00f3n Temaik\u00e9n lidera la recuperaci\u00f3n de m\u00e1s de 200 aves rescatadas del comercio ilegal"}]},{"@type":"WebSite","@id":"https:\/\/nuevodigitaldeescobar.com.ar\/#website","url":"https:\/\/nuevodigitaldeescobar.com.ar\/","name":"Nuevo Digital de Escobar","description":"La vida escobarense. Directora: Rosana Brunner","publisher":{"@id":"https:\/\/nuevodigitaldeescobar.com.ar\/#organization"},"potentialAction":[{"@type":"SearchAction","target":{"@type":"EntryPoint","urlTemplate":"https:\/\/nuevodigitaldeescobar.com.ar\/?s={search_term_string}"},"query-input":{"@type":"PropertyValueSpecification","valueRequired":true,"valueName":"search_term_string"}}],"inLanguage":"es"},{"@type":"Organization","@id":"https:\/\/nuevodigitaldeescobar.com.ar\/#organization","name":"Nuevo Digital de Escobar","url":"https:\/\/nuevodigitaldeescobar.com.ar\/","logo":{"@type":"ImageObject","inLanguage":"es","@id":"https:\/\/nuevodigitaldeescobar.com.ar\/#\/schema\/logo\/image\/","url":"https:\/\/nuevodigitaldeescobar.com.ar\/wp-content\/uploads\/2025\/05\/cropped-logo-nuevo2.jpg","contentUrl":"https:\/\/nuevodigitaldeescobar.com.ar\/wp-content\/uploads\/2025\/05\/cropped-logo-nuevo2.jpg","width":305,"height":305,"caption":"Nuevo Digital de Escobar"},"image":{"@id":"https:\/\/nuevodigitaldeescobar.com.ar\/#\/schema\/logo\/image\/"},"sameAs":["https:\/\/www.facebook.com\/NUEVODigitalDeEscobar","https:\/\/x.com\/nuevodigescobar","https:\/\/www.instagram.com\/nuevodigitaldeescobar"]},{"@type":"Person","@id":"https:\/\/nuevodigitaldeescobar.com.ar\/#\/schema\/person\/035e90a8efe9a80e6eec22656ad6ea4c","name":"Redacci\u00f3n","image":{"@type":"ImageObject","inLanguage":"es","@id":"https:\/\/nuevodigitaldeescobar.com.ar\/#\/schema\/person\/image\/","url":"https:\/\/secure.gravatar.com\/avatar\/8af8f40000c24e9eef3034f2be5998a372bb1389e64b1a4a36b3a7979142220d?s=96&d=mm&r=g","contentUrl":"https:\/\/secure.gravatar.com\/avatar\/8af8f40000c24e9eef3034f2be5998a372bb1389e64b1a4a36b3a7979142220d?s=96&d=mm&r=g","caption":"Redacci\u00f3n"},"sameAs":["http:\/\/nuevodigitaldeescobar.com.ar"],"url":"https:\/\/nuevodigitaldeescobar.com.ar\/?author=1"}]}},"featured_image_urls":{"full":["https:\/\/nuevodigitaldeescobar.com.ar\/wp-content\/uploads\/2025\/12\/faunatemaiken344.png",581,664,false],"thumbnail":["https:\/\/nuevodigitaldeescobar.com.ar\/wp-content\/uploads\/2025\/12\/faunatemaiken344-150x150.png",150,150,true],"medium":["https:\/\/nuevodigitaldeescobar.com.ar\/wp-content\/uploads\/2025\/12\/faunatemaiken344-263x300.png",263,300,true],"medium_large":["https:\/\/nuevodigitaldeescobar.com.ar\/wp-content\/uploads\/2025\/12\/faunatemaiken344.png",581,664,false],"large":["https:\/\/nuevodigitaldeescobar.com.ar\/wp-content\/uploads\/2025\/12\/faunatemaiken344.png",581,664,false],"1536x1536":["https:\/\/nuevodigitaldeescobar.com.ar\/wp-content\/uploads\/2025\/12\/faunatemaiken344.png",581,664,false],"2048x2048":["https:\/\/nuevodigitaldeescobar.com.ar\/wp-content\/uploads\/2025\/12\/faunatemaiken344.png",581,664,false]},"author_info":{"display_name":"Redacci\u00f3n","author_link":"https:\/\/nuevodigitaldeescobar.com.ar\/?author=1"},"category_info":"<a href=\"https:\/\/nuevodigitaldeescobar.com.ar\/?cat=13\" rel=\"category\">Policiales<\/a>","tag_info":"Policiales","comment_count":"0","_links":{"self":[{"href":"https:\/\/nuevodigitaldeescobar.com.ar\/index.php?rest_route=\/wp\/v2\/posts\/19337","targetHints":{"allow":["GET"]}}],"collection":[{"href":"https:\/\/nuevodigitaldeescobar.com.ar\/index.php?rest_route=\/wp\/v2\/posts"}],"about":[{"href":"https:\/\/nuevodigitaldeescobar.com.ar\/index.php?rest_route=\/wp\/v2\/types\/post"}],"author":[{"embeddable":true,"href":"https:\/\/nuevodigitaldeescobar.com.ar\/index.php?rest_route=\/wp\/v2\/users\/1"}],"replies":[{"embeddable":true,"href":"https:\/\/nuevodigitaldeescobar.com.ar\/index.php?rest_route=%2Fwp%2Fv2%2Fcomments&post=19337"}],"version-history":[{"count":1,"href":"https:\/\/nuevodigitaldeescobar.com.ar\/index.php?rest_route=\/wp\/v2\/posts\/19337\/revisions"}],"predecessor-version":[{"id":19340,"href":"https:\/\/nuevodigitaldeescobar.com.ar\/index.php?rest_route=\/wp\/v2\/posts\/19337\/revisions\/19340"}],"wp:featuredmedia":[{"embeddable":true,"href":"https:\/\/nuevodigitaldeescobar.com.ar\/index.php?rest_route=\/wp\/v2\/media\/19338"}],"wp:attachment":[{"href":"https:\/\/nuevodigitaldeescobar.com.ar\/index.php?rest_route=%2Fwp%2Fv2%2Fmedia&parent=19337"}],"wp:term":[{"taxonomy":"category","embeddable":true,"href":"https:\/\/nuevodigitaldeescobar.com.ar\/index.php?rest_route=%2Fwp%2Fv2%2Fcategories&post=19337"},{"taxonomy":"post_tag","embeddable":true,"href":"https:\/\/nuevodigitaldeescobar.com.ar\/index.php?rest_route=%2Fwp%2Fv2%2Ftags&post=19337"}],"curies":[{"name":"wp","href":"https:\/\/api.w.org\/{rel}","templated":true}]}}