{"id":19341,"date":"2025-12-22T21:06:33","date_gmt":"2025-12-23T00:06:33","guid":{"rendered":"https:\/\/nuevodigitaldeescobar.com.ar\/?p=19341"},"modified":"2025-12-22T21:06:45","modified_gmt":"2025-12-23T00:06:45","slug":"baja-de-ganancias-para-empresas-el-impacto-en-las-arcas-bonaerenses-y-el-costo-fiscal-para-las-provincias","status":"publish","type":"post","link":"https:\/\/nuevodigitaldeescobar.com.ar\/?p=19341","title":{"rendered":"Baja de Ganancias para empresas: el impacto en las arcas bonaerenses y el costo fiscal para las provincias"},"content":{"rendered":"\n<p class=\"has-vivid-cyan-blue-color has-text-color has-link-color wp-elements-58a14a9b94cf896b865a50f708f42ab5\"><strong><em>La relaci\u00f3n entre el Gobierno Nacional y los gobernadores entra en una nueva etapa de tensi\u00f3n t\u00e9cnica y pol\u00edtica. En el marco de la reforma laboral enviada al Senado, el Ejecutivo propuso una reducci\u00f3n en las al\u00edcuotas del Impuesto a las Ganancias para sociedades. Si bien la medida se presenta como un incentivo a la inversi\u00f3n, los n\u00fameros fr\u00edos revelan un fuerte impacto en el sistema de coparticipaci\u00f3n: casi el 60% del costo de este \u00abalivio\u00bb ser\u00e1 financiado por las provincias.<\/em><\/strong><\/p>\n\n\n\n<!--more-->\n\n\n\n<p>Seg\u00fan un informe del Instituto Argentino de An\u00e1lisis Fiscal (Iaraf), la iniciativa busca reducir la carga tributaria para los tramos m\u00e1s altos de facturaci\u00f3n empresaria, pasando de al\u00edcuotas del 30% y 35% a niveles del 27% y 31,5% respectivamente. El costo fiscal total estimado es del 0,22% del PBI, lo que equivale a unos <strong>$1,9 billones<\/strong> de pesos actuales. De ese total, el conjunto de las provincias y la Ciudad de Buenos Aires dejar\u00edan de percibir <strong>$1,12 billones<\/strong>.<\/p>\n\n\n\n<h3 class=\"wp-block-heading has-text-color has-link-color wp-elements-fc6aa88bcc47f4438db783ddd9b0e567\" style=\"color:#1426b6\">El impacto en la provincia de Buenos Aires<\/h3>\n\n\n\n<p>Para los habitantes de distritos como Escobar, esta discusi\u00f3n no es ajena, ya que la provincia de Buenos Aires es, por amplio margen, la jurisdicci\u00f3n m\u00e1s afectada por este recorte en la torta de recursos coparticipables. El gobierno bonaerense deber\u00e1 absorber un costo de m\u00e1s de <strong>$238.000 millones<\/strong>, lo que representa un desaf\u00edo adicional para las finanzas provinciales en un contexto de ca\u00edda de actividad y menor recaudaci\u00f3n.<\/p>\n\n\n\n<p>A continuaci\u00f3n, se detalla el costo fiscal que enfrentar\u00edan las principales provincias argentinas de aprobarse la reforma:<\/p>\n\n\n\n<figure class=\"wp-block-table is-style-stripes\"><table class=\"has-light-green-cyan-to-vivid-green-cyan-gradient-background has-background has-fixed-layout\"><thead><tr><td><strong>Provincia<\/strong><\/td><td><strong>P\u00e9rdida estimada (Millones de $)<\/strong><\/td><\/tr><\/thead><tbody><tr><td><strong>Buenos Aires<\/strong><\/td><td><strong>$238.558<\/strong><\/td><\/tr><tr><td>Santa Fe<\/td><td>$97.087<\/td><\/tr><tr><td>C\u00f3rdoba<\/td><td>$96.459<\/td><\/tr><tr><td>Chaco<\/td><td>$54.193<\/td><\/tr><tr><td>Entre R\u00edos<\/td><td>$53.042<\/td><\/tr><tr><td>Tucum\u00e1n<\/td><td>$51.682<\/td><\/tr><tr><td>Mendoza<\/td><td>$45.300<\/td><\/tr><\/tbody><\/table><\/figure>\n\n\n\n<h3 class=\"wp-block-heading has-text-color has-link-color wp-elements-60a7acee574acf157bc343404565f878\" style=\"color:#1426b6\">\u00bfA qui\u00e9n beneficia realmente la medida?<\/h3>\n\n\n\n<p>Uno de los puntos m\u00e1s debatidos de esta reforma es la concentraci\u00f3n del beneficio. Datos estad\u00edsticos del sector revelan que de las m\u00e1s de 163.000 sociedades que presentan declaraciones juradas en el pa\u00eds, el 89% pertenece al \u00abTramo 1\u00bb (peque\u00f1as empresas con ganancias de hasta $100 millones), las cuales no se ver\u00edan alcanzadas por esta rebaja.<\/p>\n\n\n\n<p>El beneficio se concentra dr\u00e1sticamente en la cima de la pir\u00e1mide: solo el <strong>1% de las sociedades<\/strong> (las de mayor envergadura) representan el 76% de la recaudaci\u00f3n total de este impuesto. Es m\u00e1s, se estima que el alivio fiscal impactar\u00e1 centralmente en apenas <strong>144 grandes empresas<\/strong>, que son las que determinan impuestos por encima de los $15.000 millones anuales.<\/p>\n\n\n\n<h3 class=\"wp-block-heading has-text-color has-link-color wp-elements-9f15c4522498dae56c47d9ccdaea67c6\" style=\"color:#1426b6\">El factor tiempo: impacto reci\u00e9n en 2027<\/h3>\n\n\n\n<p>Un dato clave para la planificaci\u00f3n financiera de los gobernadores es que este \u00abagujero\u00bb en las cuentas no ser\u00e1 inmediato. Debido a los ciclos fiscales, el impacto real en la recaudaci\u00f3n se sentir\u00e1 reci\u00e9n a partir de <strong>mayo de 2027<\/strong>, cuando las empresas presenten sus declaraciones juradas correspondientes al ejercicio 2026.<\/p>\n\n\n\n<p>Mientras el Gobierno Nacional sostiene que esta baja mejorar\u00e1 la competitividad y atraer\u00e1 inversiones, los gobernadores miran con preocupaci\u00f3n el presupuesto de los pr\u00f3ximos a\u00f1os, sabiendo que su \u00abcaja\u00bb para obras y servicios p\u00fablicos se ver\u00e1 directamente reducida para financiar un beneficio que alcanza a un grupo muy selecto de grandes contribuyentes.<\/p>\n","protected":false},"excerpt":{"rendered":"<p>La relaci\u00f3n entre el Gobierno Nacional y los gobernadores entra en una nueva etapa de tensi\u00f3n t\u00e9cnica y pol\u00edtica. En el marco de la reforma [&hellip;]<\/p>\n","protected":false},"author":1,"featured_media":18427,"comment_status":"open","ping_status":"open","sticky":false,"template":"","format":"standard","meta":{"footnotes":""},"categories":[10],"tags":[],"class_list":["post-19341","post","type-post","status-publish","format-standard","has-post-thumbnail","hentry","category-economia"],"better_featured_image":{"id":18427,"alt_text":"","caption":"","description":"","media_type":"image","media_details":{"width":746,"height":481,"file":"2025\/10\/totocaputo331.png","filesize":391608,"sizes":{"medium":{"file":"totocaputo331-300x193.png","width":300,"height":193,"mime-type":"image\/png","filesize":43062,"source_url":"https:\/\/nuevodigitaldeescobar.com.ar\/wp-content\/uploads\/2025\/10\/totocaputo331-300x193.png"},"thumbnail":{"file":"totocaputo331-150x150.png","width":150,"height":150,"mime-type":"image\/png","filesize":18082,"source_url":"https:\/\/nuevodigitaldeescobar.com.ar\/wp-content\/uploads\/2025\/10\/totocaputo331-150x150.png"}},"image_meta":{"aperture":"0","credit":"","camera":"","caption":"","created_timestamp":"0","copyright":"","focal_length":"0","iso":"0","shutter_speed":"0","title":"","orientation":"0","keywords":[]}},"post":18426,"source_url":"https:\/\/nuevodigitaldeescobar.com.ar\/wp-content\/uploads\/2025\/10\/totocaputo331.png"},"yoast_head":"<!-- This site is optimized with the Yoast SEO plugin v26.1.1 - https:\/\/yoast.com\/wordpress\/plugins\/seo\/ -->\n<title>Baja de Ganancias para empresas: el impacto en las arcas bonaerenses y el costo fiscal para las provincias - Nuevo Digital de Escobar<\/title>\n<meta name=\"robots\" content=\"index, follow, max-snippet:-1, max-image-preview:large, max-video-preview:-1\" \/>\n<link rel=\"canonical\" href=\"https:\/\/nuevodigitaldeescobar.com.ar\/?p=19341\" \/>\n<meta property=\"og:locale\" content=\"es_ES\" \/>\n<meta property=\"og:type\" content=\"article\" \/>\n<meta property=\"og:title\" content=\"Baja de Ganancias para empresas: el impacto en las arcas bonaerenses y el costo fiscal para las provincias - Nuevo Digital de Escobar\" \/>\n<meta property=\"og:description\" content=\"La relaci\u00f3n entre el Gobierno Nacional y los gobernadores entra en una nueva etapa de tensi\u00f3n t\u00e9cnica y pol\u00edtica. En el marco de la reforma [&hellip;]\" \/>\n<meta property=\"og:url\" content=\"https:\/\/nuevodigitaldeescobar.com.ar\/?p=19341\" \/>\n<meta property=\"og:site_name\" content=\"Nuevo Digital de Escobar\" \/>\n<meta property=\"article:publisher\" content=\"https:\/\/www.facebook.com\/NUEVODigitalDeEscobar\" \/>\n<meta property=\"article:published_time\" content=\"2025-12-23T00:06:33+00:00\" \/>\n<meta property=\"article:modified_time\" content=\"2025-12-23T00:06:45+00:00\" \/>\n<meta property=\"og:image\" content=\"http:\/\/nuevodigitaldeescobar.com.ar\/wp-content\/uploads\/2025\/10\/totocaputo331.png\" \/>\n\t<meta property=\"og:image:width\" content=\"746\" \/>\n\t<meta property=\"og:image:height\" content=\"481\" \/>\n\t<meta property=\"og:image:type\" content=\"image\/png\" \/>\n<meta name=\"author\" content=\"Redacci\u00f3n\" \/>\n<meta name=\"twitter:card\" content=\"summary_large_image\" \/>\n<meta name=\"twitter:creator\" content=\"@nuevodigescobar\" \/>\n<meta name=\"twitter:site\" content=\"@nuevodigescobar\" \/>\n<meta name=\"twitter:label1\" content=\"Escrito por\" \/>\n\t<meta name=\"twitter:data1\" content=\"Redacci\u00f3n\" \/>\n\t<meta name=\"twitter:label2\" content=\"Tiempo de lectura\" \/>\n\t<meta name=\"twitter:data2\" content=\"3 minutos\" \/>\n<script type=\"application\/ld+json\" class=\"yoast-schema-graph\">{\"@context\":\"https:\/\/schema.org\",\"@graph\":[{\"@type\":\"Article\",\"@id\":\"https:\/\/nuevodigitaldeescobar.com.ar\/?p=19341#article\",\"isPartOf\":{\"@id\":\"https:\/\/nuevodigitaldeescobar.com.ar\/?p=19341\"},\"author\":{\"name\":\"Redacci\u00f3n\",\"@id\":\"https:\/\/nuevodigitaldeescobar.com.ar\/#\/schema\/person\/035e90a8efe9a80e6eec22656ad6ea4c\"},\"headline\":\"Baja de Ganancias para empresas: el impacto en las arcas bonaerenses y el costo fiscal para las provincias\",\"datePublished\":\"2025-12-23T00:06:33+00:00\",\"dateModified\":\"2025-12-23T00:06:45+00:00\",\"mainEntityOfPage\":{\"@id\":\"https:\/\/nuevodigitaldeescobar.com.ar\/?p=19341\"},\"wordCount\":545,\"commentCount\":0,\"publisher\":{\"@id\":\"https:\/\/nuevodigitaldeescobar.com.ar\/#organization\"},\"image\":{\"@id\":\"https:\/\/nuevodigitaldeescobar.com.ar\/?p=19341#primaryimage\"},\"thumbnailUrl\":\"https:\/\/nuevodigitaldeescobar.com.ar\/wp-content\/uploads\/2025\/10\/totocaputo331.png\",\"articleSection\":[\"Econom\u00eda\"],\"inLanguage\":\"es\",\"potentialAction\":[{\"@type\":\"CommentAction\",\"name\":\"Comment\",\"target\":[\"https:\/\/nuevodigitaldeescobar.com.ar\/?p=19341#respond\"]}]},{\"@type\":\"WebPage\",\"@id\":\"https:\/\/nuevodigitaldeescobar.com.ar\/?p=19341\",\"url\":\"https:\/\/nuevodigitaldeescobar.com.ar\/?p=19341\",\"name\":\"Baja de Ganancias para empresas: el impacto en las arcas bonaerenses y el costo fiscal para las provincias - Nuevo Digital de Escobar\",\"isPartOf\":{\"@id\":\"https:\/\/nuevodigitaldeescobar.com.ar\/#website\"},\"primaryImageOfPage\":{\"@id\":\"https:\/\/nuevodigitaldeescobar.com.ar\/?p=19341#primaryimage\"},\"image\":{\"@id\":\"https:\/\/nuevodigitaldeescobar.com.ar\/?p=19341#primaryimage\"},\"thumbnailUrl\":\"https:\/\/nuevodigitaldeescobar.com.ar\/wp-content\/uploads\/2025\/10\/totocaputo331.png\",\"datePublished\":\"2025-12-23T00:06:33+00:00\",\"dateModified\":\"2025-12-23T00:06:45+00:00\",\"breadcrumb\":{\"@id\":\"https:\/\/nuevodigitaldeescobar.com.ar\/?p=19341#breadcrumb\"},\"inLanguage\":\"es\",\"potentialAction\":[{\"@type\":\"ReadAction\",\"target\":[\"https:\/\/nuevodigitaldeescobar.com.ar\/?p=19341\"]}]},{\"@type\":\"ImageObject\",\"inLanguage\":\"es\",\"@id\":\"https:\/\/nuevodigitaldeescobar.com.ar\/?p=19341#primaryimage\",\"url\":\"https:\/\/nuevodigitaldeescobar.com.ar\/wp-content\/uploads\/2025\/10\/totocaputo331.png\",\"contentUrl\":\"https:\/\/nuevodigitaldeescobar.com.ar\/wp-content\/uploads\/2025\/10\/totocaputo331.png\",\"width\":746,\"height\":481},{\"@type\":\"BreadcrumbList\",\"@id\":\"https:\/\/nuevodigitaldeescobar.com.ar\/?p=19341#breadcrumb\",\"itemListElement\":[{\"@type\":\"ListItem\",\"position\":1,\"name\":\"Portada\",\"item\":\"https:\/\/nuevodigitaldeescobar.com.ar\/\"},{\"@type\":\"ListItem\",\"position\":2,\"name\":\"Baja de Ganancias para empresas: el impacto en las arcas bonaerenses y el costo fiscal para las provincias\"}]},{\"@type\":\"WebSite\",\"@id\":\"https:\/\/nuevodigitaldeescobar.com.ar\/#website\",\"url\":\"https:\/\/nuevodigitaldeescobar.com.ar\/\",\"name\":\"Nuevo Digital de Escobar\",\"description\":\"La vida escobarense. Directora: Rosana Brunner\",\"publisher\":{\"@id\":\"https:\/\/nuevodigitaldeescobar.com.ar\/#organization\"},\"potentialAction\":[{\"@type\":\"SearchAction\",\"target\":{\"@type\":\"EntryPoint\",\"urlTemplate\":\"https:\/\/nuevodigitaldeescobar.com.ar\/?s={search_term_string}\"},\"query-input\":{\"@type\":\"PropertyValueSpecification\",\"valueRequired\":true,\"valueName\":\"search_term_string\"}}],\"inLanguage\":\"es\"},{\"@type\":\"Organization\",\"@id\":\"https:\/\/nuevodigitaldeescobar.com.ar\/#organization\",\"name\":\"Nuevo Digital de Escobar\",\"url\":\"https:\/\/nuevodigitaldeescobar.com.ar\/\",\"logo\":{\"@type\":\"ImageObject\",\"inLanguage\":\"es\",\"@id\":\"https:\/\/nuevodigitaldeescobar.com.ar\/#\/schema\/logo\/image\/\",\"url\":\"https:\/\/nuevodigitaldeescobar.com.ar\/wp-content\/uploads\/2025\/05\/cropped-logo-nuevo2.jpg\",\"contentUrl\":\"https:\/\/nuevodigitaldeescobar.com.ar\/wp-content\/uploads\/2025\/05\/cropped-logo-nuevo2.jpg\",\"width\":305,\"height\":305,\"caption\":\"Nuevo Digital de Escobar\"},\"image\":{\"@id\":\"https:\/\/nuevodigitaldeescobar.com.ar\/#\/schema\/logo\/image\/\"},\"sameAs\":[\"https:\/\/www.facebook.com\/NUEVODigitalDeEscobar\",\"https:\/\/x.com\/nuevodigescobar\",\"https:\/\/www.instagram.com\/nuevodigitaldeescobar\"]},{\"@type\":\"Person\",\"@id\":\"https:\/\/nuevodigitaldeescobar.com.ar\/#\/schema\/person\/035e90a8efe9a80e6eec22656ad6ea4c\",\"name\":\"Redacci\u00f3n\",\"image\":{\"@type\":\"ImageObject\",\"inLanguage\":\"es\",\"@id\":\"https:\/\/nuevodigitaldeescobar.com.ar\/#\/schema\/person\/image\/\",\"url\":\"https:\/\/secure.gravatar.com\/avatar\/8af8f40000c24e9eef3034f2be5998a372bb1389e64b1a4a36b3a7979142220d?s=96&d=mm&r=g\",\"contentUrl\":\"https:\/\/secure.gravatar.com\/avatar\/8af8f40000c24e9eef3034f2be5998a372bb1389e64b1a4a36b3a7979142220d?s=96&d=mm&r=g\",\"caption\":\"Redacci\u00f3n\"},\"sameAs\":[\"http:\/\/nuevodigitaldeescobar.com.ar\"],\"url\":\"https:\/\/nuevodigitaldeescobar.com.ar\/?author=1\"}]}<\/script>\n<!-- \/ Yoast SEO plugin. -->","yoast_head_json":{"title":"Baja de Ganancias para empresas: el impacto en las arcas bonaerenses y el costo fiscal para las provincias - Nuevo Digital de Escobar","robots":{"index":"index","follow":"follow","max-snippet":"max-snippet:-1","max-image-preview":"max-image-preview:large","max-video-preview":"max-video-preview:-1"},"canonical":"https:\/\/nuevodigitaldeescobar.com.ar\/?p=19341","og_locale":"es_ES","og_type":"article","og_title":"Baja de Ganancias para empresas: el impacto en las arcas bonaerenses y el costo fiscal para las provincias - Nuevo Digital de Escobar","og_description":"La relaci\u00f3n entre el Gobierno Nacional y los gobernadores entra en una nueva etapa de tensi\u00f3n t\u00e9cnica y pol\u00edtica. En el marco de la reforma [&hellip;]","og_url":"https:\/\/nuevodigitaldeescobar.com.ar\/?p=19341","og_site_name":"Nuevo Digital de Escobar","article_publisher":"https:\/\/www.facebook.com\/NUEVODigitalDeEscobar","article_published_time":"2025-12-23T00:06:33+00:00","article_modified_time":"2025-12-23T00:06:45+00:00","og_image":[{"width":746,"height":481,"url":"http:\/\/nuevodigitaldeescobar.com.ar\/wp-content\/uploads\/2025\/10\/totocaputo331.png","type":"image\/png"}],"author":"Redacci\u00f3n","twitter_card":"summary_large_image","twitter_creator":"@nuevodigescobar","twitter_site":"@nuevodigescobar","twitter_misc":{"Escrito por":"Redacci\u00f3n","Tiempo de lectura":"3 minutos"},"schema":{"@context":"https:\/\/schema.org","@graph":[{"@type":"Article","@id":"https:\/\/nuevodigitaldeescobar.com.ar\/?p=19341#article","isPartOf":{"@id":"https:\/\/nuevodigitaldeescobar.com.ar\/?p=19341"},"author":{"name":"Redacci\u00f3n","@id":"https:\/\/nuevodigitaldeescobar.com.ar\/#\/schema\/person\/035e90a8efe9a80e6eec22656ad6ea4c"},"headline":"Baja de Ganancias para empresas: el impacto en las arcas bonaerenses y el costo fiscal para las provincias","datePublished":"2025-12-23T00:06:33+00:00","dateModified":"2025-12-23T00:06:45+00:00","mainEntityOfPage":{"@id":"https:\/\/nuevodigitaldeescobar.com.ar\/?p=19341"},"wordCount":545,"commentCount":0,"publisher":{"@id":"https:\/\/nuevodigitaldeescobar.com.ar\/#organization"},"image":{"@id":"https:\/\/nuevodigitaldeescobar.com.ar\/?p=19341#primaryimage"},"thumbnailUrl":"https:\/\/nuevodigitaldeescobar.com.ar\/wp-content\/uploads\/2025\/10\/totocaputo331.png","articleSection":["Econom\u00eda"],"inLanguage":"es","potentialAction":[{"@type":"CommentAction","name":"Comment","target":["https:\/\/nuevodigitaldeescobar.com.ar\/?p=19341#respond"]}]},{"@type":"WebPage","@id":"https:\/\/nuevodigitaldeescobar.com.ar\/?p=19341","url":"https:\/\/nuevodigitaldeescobar.com.ar\/?p=19341","name":"Baja de Ganancias para empresas: el impacto en las arcas bonaerenses y el costo fiscal para las provincias - Nuevo Digital de Escobar","isPartOf":{"@id":"https:\/\/nuevodigitaldeescobar.com.ar\/#website"},"primaryImageOfPage":{"@id":"https:\/\/nuevodigitaldeescobar.com.ar\/?p=19341#primaryimage"},"image":{"@id":"https:\/\/nuevodigitaldeescobar.com.ar\/?p=19341#primaryimage"},"thumbnailUrl":"https:\/\/nuevodigitaldeescobar.com.ar\/wp-content\/uploads\/2025\/10\/totocaputo331.png","datePublished":"2025-12-23T00:06:33+00:00","dateModified":"2025-12-23T00:06:45+00:00","breadcrumb":{"@id":"https:\/\/nuevodigitaldeescobar.com.ar\/?p=19341#breadcrumb"},"inLanguage":"es","potentialAction":[{"@type":"ReadAction","target":["https:\/\/nuevodigitaldeescobar.com.ar\/?p=19341"]}]},{"@type":"ImageObject","inLanguage":"es","@id":"https:\/\/nuevodigitaldeescobar.com.ar\/?p=19341#primaryimage","url":"https:\/\/nuevodigitaldeescobar.com.ar\/wp-content\/uploads\/2025\/10\/totocaputo331.png","contentUrl":"https:\/\/nuevodigitaldeescobar.com.ar\/wp-content\/uploads\/2025\/10\/totocaputo331.png","width":746,"height":481},{"@type":"BreadcrumbList","@id":"https:\/\/nuevodigitaldeescobar.com.ar\/?p=19341#breadcrumb","itemListElement":[{"@type":"ListItem","position":1,"name":"Portada","item":"https:\/\/nuevodigitaldeescobar.com.ar\/"},{"@type":"ListItem","position":2,"name":"Baja de Ganancias para empresas: el impacto en las arcas bonaerenses y el costo fiscal para las provincias"}]},{"@type":"WebSite","@id":"https:\/\/nuevodigitaldeescobar.com.ar\/#website","url":"https:\/\/nuevodigitaldeescobar.com.ar\/","name":"Nuevo Digital de Escobar","description":"La vida escobarense. Directora: Rosana Brunner","publisher":{"@id":"https:\/\/nuevodigitaldeescobar.com.ar\/#organization"},"potentialAction":[{"@type":"SearchAction","target":{"@type":"EntryPoint","urlTemplate":"https:\/\/nuevodigitaldeescobar.com.ar\/?s={search_term_string}"},"query-input":{"@type":"PropertyValueSpecification","valueRequired":true,"valueName":"search_term_string"}}],"inLanguage":"es"},{"@type":"Organization","@id":"https:\/\/nuevodigitaldeescobar.com.ar\/#organization","name":"Nuevo Digital de Escobar","url":"https:\/\/nuevodigitaldeescobar.com.ar\/","logo":{"@type":"ImageObject","inLanguage":"es","@id":"https:\/\/nuevodigitaldeescobar.com.ar\/#\/schema\/logo\/image\/","url":"https:\/\/nuevodigitaldeescobar.com.ar\/wp-content\/uploads\/2025\/05\/cropped-logo-nuevo2.jpg","contentUrl":"https:\/\/nuevodigitaldeescobar.com.ar\/wp-content\/uploads\/2025\/05\/cropped-logo-nuevo2.jpg","width":305,"height":305,"caption":"Nuevo Digital de Escobar"},"image":{"@id":"https:\/\/nuevodigitaldeescobar.com.ar\/#\/schema\/logo\/image\/"},"sameAs":["https:\/\/www.facebook.com\/NUEVODigitalDeEscobar","https:\/\/x.com\/nuevodigescobar","https:\/\/www.instagram.com\/nuevodigitaldeescobar"]},{"@type":"Person","@id":"https:\/\/nuevodigitaldeescobar.com.ar\/#\/schema\/person\/035e90a8efe9a80e6eec22656ad6ea4c","name":"Redacci\u00f3n","image":{"@type":"ImageObject","inLanguage":"es","@id":"https:\/\/nuevodigitaldeescobar.com.ar\/#\/schema\/person\/image\/","url":"https:\/\/secure.gravatar.com\/avatar\/8af8f40000c24e9eef3034f2be5998a372bb1389e64b1a4a36b3a7979142220d?s=96&d=mm&r=g","contentUrl":"https:\/\/secure.gravatar.com\/avatar\/8af8f40000c24e9eef3034f2be5998a372bb1389e64b1a4a36b3a7979142220d?s=96&d=mm&r=g","caption":"Redacci\u00f3n"},"sameAs":["http:\/\/nuevodigitaldeescobar.com.ar"],"url":"https:\/\/nuevodigitaldeescobar.com.ar\/?author=1"}]}},"featured_image_urls":{"full":["https:\/\/nuevodigitaldeescobar.com.ar\/wp-content\/uploads\/2025\/10\/totocaputo331.png",746,481,false],"thumbnail":["https:\/\/nuevodigitaldeescobar.com.ar\/wp-content\/uploads\/2025\/10\/totocaputo331-150x150.png",150,150,true],"medium":["https:\/\/nuevodigitaldeescobar.com.ar\/wp-content\/uploads\/2025\/10\/totocaputo331-300x193.png",300,193,true],"medium_large":["https:\/\/nuevodigitaldeescobar.com.ar\/wp-content\/uploads\/2025\/10\/totocaputo331.png",640,413,false],"large":["https:\/\/nuevodigitaldeescobar.com.ar\/wp-content\/uploads\/2025\/10\/totocaputo331.png",640,413,false],"1536x1536":["https:\/\/nuevodigitaldeescobar.com.ar\/wp-content\/uploads\/2025\/10\/totocaputo331.png",746,481,false],"2048x2048":["https:\/\/nuevodigitaldeescobar.com.ar\/wp-content\/uploads\/2025\/10\/totocaputo331.png",746,481,false]},"author_info":{"display_name":"Redacci\u00f3n","author_link":"https:\/\/nuevodigitaldeescobar.com.ar\/?author=1"},"category_info":"<a href=\"https:\/\/nuevodigitaldeescobar.com.ar\/?cat=10\" rel=\"category\">Econom\u00eda<\/a>","tag_info":"Econom\u00eda","comment_count":"0","_links":{"self":[{"href":"https:\/\/nuevodigitaldeescobar.com.ar\/index.php?rest_route=\/wp\/v2\/posts\/19341","targetHints":{"allow":["GET"]}}],"collection":[{"href":"https:\/\/nuevodigitaldeescobar.com.ar\/index.php?rest_route=\/wp\/v2\/posts"}],"about":[{"href":"https:\/\/nuevodigitaldeescobar.com.ar\/index.php?rest_route=\/wp\/v2\/types\/post"}],"author":[{"embeddable":true,"href":"https:\/\/nuevodigitaldeescobar.com.ar\/index.php?rest_route=\/wp\/v2\/users\/1"}],"replies":[{"embeddable":true,"href":"https:\/\/nuevodigitaldeescobar.com.ar\/index.php?rest_route=%2Fwp%2Fv2%2Fcomments&post=19341"}],"version-history":[{"count":1,"href":"https:\/\/nuevodigitaldeescobar.com.ar\/index.php?rest_route=\/wp\/v2\/posts\/19341\/revisions"}],"predecessor-version":[{"id":19342,"href":"https:\/\/nuevodigitaldeescobar.com.ar\/index.php?rest_route=\/wp\/v2\/posts\/19341\/revisions\/19342"}],"wp:featuredmedia":[{"embeddable":true,"href":"https:\/\/nuevodigitaldeescobar.com.ar\/index.php?rest_route=\/wp\/v2\/media\/18427"}],"wp:attachment":[{"href":"https:\/\/nuevodigitaldeescobar.com.ar\/index.php?rest_route=%2Fwp%2Fv2%2Fmedia&parent=19341"}],"wp:term":[{"taxonomy":"category","embeddable":true,"href":"https:\/\/nuevodigitaldeescobar.com.ar\/index.php?rest_route=%2Fwp%2Fv2%2Fcategories&post=19341"},{"taxonomy":"post_tag","embeddable":true,"href":"https:\/\/nuevodigitaldeescobar.com.ar\/index.php?rest_route=%2Fwp%2Fv2%2Ftags&post=19341"}],"curies":[{"name":"wp","href":"https:\/\/api.w.org\/{rel}","templated":true}]}}