{"id":19365,"date":"2025-12-25T20:10:46","date_gmt":"2025-12-25T23:10:46","guid":{"rendered":"https:\/\/nuevodigitaldeescobar.com.ar\/?p=19365"},"modified":"2025-12-25T20:10:49","modified_gmt":"2025-12-25T23:10:49","slug":"tragedia-en-navidad-como-avanza-la-investigacion-por-la-nena-de-12-anos-herida-por-una-bala-perdida-en-el-conurbano","status":"publish","type":"post","link":"https:\/\/nuevodigitaldeescobar.com.ar\/?p=19365","title":{"rendered":"Tragedia en Navidad: c\u00f3mo avanza la investigaci\u00f3n por la nena de 12 a\u00f1os herida por una \u00abbala perdida\u00bb en el Conurbano"},"content":{"rendered":"\n<p class=\"has-vivid-cyan-blue-color has-text-color has-link-color wp-elements-9f8584ca764df6948172416e59fc1e58\"><strong><em>Lo que debi\u00f3 ser una noche de festejos y alegr\u00eda se transform\u00f3 en una pesadilla que hoy mantiene en vilo a toda la regi\u00f3n. Una ni\u00f1a de 12 a\u00f1os lucha por su vida en la unidad de terapia intensiva de la Cl\u00ednica de la Trinidad de Ramos Mej\u00eda, tras ser alcanzada por un proyectil en la nuca mientras esperaba para abrir los regalos con su familia en Villa Sarmiento, partido de Mor\u00f3n.<\/em><\/strong><\/p>\n\n\n\n<!--more-->\n\n\n\n<p>El caso, que genera una profunda conmoci\u00f3n en todo el AMBA, est\u00e1 bajo la lupa de la fiscal Valeria Courtade (UFI N\u00b03 de Mor\u00f3n), quien trabaja contra reloj para identificar al responsable de disparar al aire durante la madrugada del 25 de diciembre.<\/p>\n\n\n\n<h3 class=\"wp-block-heading has-text-color has-link-color wp-elements-cd55108b5e84ae387ffd07db3ced29e6\" style=\"color:#2335bf\">El momento del impacto<\/h3>\n\n\n\n<p>El hecho ocurri\u00f3 minutos despu\u00e9s de la medianoche. La v\u00edctima se encontraba en la calle junto a sus 12 primos. Seg\u00fan el desgarrador relato de sus familiares, la menor cay\u00f3 al suelo de repente al grito de que <em>\u00able quemaba la cabeza\u00bb<\/em>. Al asistirla, descubrieron una herida sangrante que inicialmente los llev\u00f3 a buscar auxilio en el Hospital San Juan de Dios, desde donde fue derivada debido a la complejidad del cuadro.<\/p>\n\n\n\n<h3 class=\"wp-block-heading has-text-color has-link-color wp-elements-0d8fb38e6789f225cd94f1b466aa951f\" style=\"color:#2335bf\">Las claves de la investigaci\u00f3n judicial<\/h3>\n\n\n\n<p>La fiscal\u00eda maneja como hip\u00f3tesis principal la de una <strong>bala perdida<\/strong>. Para intentar reconstruir la trayectoria del proyectil y dar con el tirador, la Justicia se apoya en dos pilares fundamentales:<\/p>\n\n\n\n<ol start=\"1\" class=\"wp-block-list\">\n<li><strong>C\u00e1maras de Seguridad:<\/strong> Se est\u00e1n relevando todas las grabaciones de la zona y de las inmediaciones del Acceso Oeste para intentar detectar fogonazos o movimientos sospechosos que permitan trazar una l\u00ednea de origen.<\/li>\n\n\n\n<li><strong>Pericias Bal\u00edsticas:<\/strong> La bala contin\u00faa alojada en la fosa posterior del cr\u00e1neo de la ni\u00f1a. Como a\u00fan no pudo ser extra\u00edda mediante cirug\u00eda, la fiscal solicit\u00f3 una tomograf\u00eda de alta precisi\u00f3n para determinar el calibre del arma utilizada.<\/li>\n<\/ol>\n\n\n\n<h3 class=\"wp-block-heading has-text-color has-link-color wp-elements-158856ca543023328f22a88792dcb69d\" style=\"color:#2335bf\">Un barrio bajo fuego<\/h3>\n\n\n\n<p>Un dato que alarma a los investigadores es que el caso de la ni\u00f1a no habr\u00eda sido un hecho aislado. Personal de la Polic\u00eda Cient\u00edfica logr\u00f3 secuestrar <strong>m\u00e1s de 10 vainas servidas<\/strong> en dos viviendas cercanas al lugar del hecho. Adem\u00e1s, al menos diez vecinos de la zona denunciaron que durante los festejos de Nochebuena \u00abllovieron\u00bb balas perdidas en sus propiedades, lo que evidencia una pr\u00e1ctica criminal recurrente en el sector.<\/p>\n\n\n\n<h3 class=\"wp-block-heading has-text-color has-link-color wp-elements-1a178464eae128d743adb48745dd04b4\" style=\"color:#2335bf\">Estado de salud<\/h3>\n\n\n\n<p>Bajo un estricto hermetismo solicitado por la familia, se sabe que el cuadro de la menor es <strong>cr\u00edtico y reservado<\/strong>. El proyectil no tiene orificio de salida y se encuentra en una zona delicada del cr\u00e1neo. Aunque no tendr\u00eda comprometida la parte motora, los m\u00e9dicos eval\u00faan el momento exacto para intervenir quir\u00fargicamente sin poner en riesgo su vida.<\/p>\n\n\n\n<p>Este hecho vuelve a poner sobre la mesa el peligro mortal de los disparos al aire, una pr\u00e1ctica ilegal que, una vez m\u00e1s, convierte una celebraci\u00f3n en una tragedia evitable.<\/p>\n","protected":false},"excerpt":{"rendered":"<p>Lo que debi\u00f3 ser una noche de festejos y alegr\u00eda se transform\u00f3 en una pesadilla que hoy mantiene en vilo a toda la regi\u00f3n. Una [&hellip;]<\/p>\n","protected":false},"author":1,"featured_media":19366,"comment_status":"open","ping_status":"open","sticky":false,"template":"","format":"standard","meta":{"footnotes":""},"categories":[13],"tags":[],"class_list":["post-19365","post","type-post","status-publish","format-standard","has-post-thumbnail","hentry","category-policiales"],"better_featured_image":{"id":19366,"alt_text":"","caption":"","description":"","media_type":"image","media_details":{"width":458,"height":458,"file":"2025\/12\/balaperd21.jpg","filesize":12276,"sizes":{"medium":{"file":"balaperd21-300x300.jpg","width":300,"height":300,"mime-type":"image\/jpeg","filesize":4352,"source_url":"https:\/\/nuevodigitaldeescobar.com.ar\/wp-content\/uploads\/2025\/12\/balaperd21-300x300.jpg"},"thumbnail":{"file":"balaperd21-150x150.jpg","width":150,"height":150,"mime-type":"image\/jpeg","filesize":1711,"source_url":"https:\/\/nuevodigitaldeescobar.com.ar\/wp-content\/uploads\/2025\/12\/balaperd21-150x150.jpg"}},"image_meta":{"aperture":"0","credit":"","camera":"","caption":"","created_timestamp":"0","copyright":"","focal_length":"0","iso":"0","shutter_speed":"0","title":"","orientation":"0","keywords":[]}},"post":19365,"source_url":"https:\/\/nuevodigitaldeescobar.com.ar\/wp-content\/uploads\/2025\/12\/balaperd21.jpg"},"yoast_head":"<!-- This site is optimized with the Yoast SEO plugin v26.1.1 - https:\/\/yoast.com\/wordpress\/plugins\/seo\/ -->\n<title>Tragedia en Navidad: c\u00f3mo avanza la investigaci\u00f3n por la nena de 12 a\u00f1os herida por una &quot;bala perdida&quot; en el Conurbano - Nuevo Digital de Escobar<\/title>\n<meta name=\"robots\" content=\"index, follow, max-snippet:-1, max-image-preview:large, max-video-preview:-1\" \/>\n<link rel=\"canonical\" href=\"https:\/\/nuevodigitaldeescobar.com.ar\/?p=19365\" \/>\n<meta property=\"og:locale\" content=\"es_ES\" \/>\n<meta property=\"og:type\" content=\"article\" \/>\n<meta property=\"og:title\" content=\"Tragedia en Navidad: c\u00f3mo avanza la investigaci\u00f3n por la nena de 12 a\u00f1os herida por una &quot;bala perdida&quot; en el Conurbano - Nuevo Digital de Escobar\" \/>\n<meta property=\"og:description\" content=\"Lo que debi\u00f3 ser una noche de festejos y alegr\u00eda se transform\u00f3 en una pesadilla que hoy mantiene en vilo a toda la regi\u00f3n. Una [&hellip;]\" \/>\n<meta property=\"og:url\" content=\"https:\/\/nuevodigitaldeescobar.com.ar\/?p=19365\" \/>\n<meta property=\"og:site_name\" content=\"Nuevo Digital de Escobar\" \/>\n<meta property=\"article:publisher\" content=\"https:\/\/www.facebook.com\/NUEVODigitalDeEscobar\" \/>\n<meta property=\"article:published_time\" content=\"2025-12-25T23:10:46+00:00\" \/>\n<meta property=\"article:modified_time\" content=\"2025-12-25T23:10:49+00:00\" \/>\n<meta property=\"og:image\" content=\"http:\/\/nuevodigitaldeescobar.com.ar\/wp-content\/uploads\/2025\/12\/balaperd21.jpg\" \/>\n\t<meta property=\"og:image:width\" content=\"458\" \/>\n\t<meta property=\"og:image:height\" content=\"458\" \/>\n\t<meta property=\"og:image:type\" content=\"image\/jpeg\" \/>\n<meta name=\"author\" content=\"Redacci\u00f3n\" \/>\n<meta name=\"twitter:card\" content=\"summary_large_image\" \/>\n<meta name=\"twitter:creator\" content=\"@nuevodigescobar\" \/>\n<meta name=\"twitter:site\" content=\"@nuevodigescobar\" \/>\n<meta name=\"twitter:label1\" content=\"Escrito por\" \/>\n\t<meta name=\"twitter:data1\" content=\"Redacci\u00f3n\" \/>\n\t<meta name=\"twitter:label2\" content=\"Tiempo de lectura\" \/>\n\t<meta name=\"twitter:data2\" content=\"3 minutos\" \/>\n<script type=\"application\/ld+json\" class=\"yoast-schema-graph\">{\"@context\":\"https:\/\/schema.org\",\"@graph\":[{\"@type\":\"Article\",\"@id\":\"https:\/\/nuevodigitaldeescobar.com.ar\/?p=19365#article\",\"isPartOf\":{\"@id\":\"https:\/\/nuevodigitaldeescobar.com.ar\/?p=19365\"},\"author\":{\"name\":\"Redacci\u00f3n\",\"@id\":\"https:\/\/nuevodigitaldeescobar.com.ar\/#\/schema\/person\/035e90a8efe9a80e6eec22656ad6ea4c\"},\"headline\":\"Tragedia en Navidad: c\u00f3mo avanza la investigaci\u00f3n por la nena de 12 a\u00f1os herida por una \u00abbala perdida\u00bb en el Conurbano\",\"datePublished\":\"2025-12-25T23:10:46+00:00\",\"dateModified\":\"2025-12-25T23:10:49+00:00\",\"mainEntityOfPage\":{\"@id\":\"https:\/\/nuevodigitaldeescobar.com.ar\/?p=19365\"},\"wordCount\":527,\"commentCount\":0,\"publisher\":{\"@id\":\"https:\/\/nuevodigitaldeescobar.com.ar\/#organization\"},\"image\":{\"@id\":\"https:\/\/nuevodigitaldeescobar.com.ar\/?p=19365#primaryimage\"},\"thumbnailUrl\":\"https:\/\/nuevodigitaldeescobar.com.ar\/wp-content\/uploads\/2025\/12\/balaperd21.jpg\",\"articleSection\":[\"Policiales\"],\"inLanguage\":\"es\",\"potentialAction\":[{\"@type\":\"CommentAction\",\"name\":\"Comment\",\"target\":[\"https:\/\/nuevodigitaldeescobar.com.ar\/?p=19365#respond\"]}]},{\"@type\":\"WebPage\",\"@id\":\"https:\/\/nuevodigitaldeescobar.com.ar\/?p=19365\",\"url\":\"https:\/\/nuevodigitaldeescobar.com.ar\/?p=19365\",\"name\":\"Tragedia en Navidad: c\u00f3mo avanza la investigaci\u00f3n por la nena de 12 a\u00f1os herida por una \\\"bala perdida\\\" en el Conurbano - Nuevo Digital de Escobar\",\"isPartOf\":{\"@id\":\"https:\/\/nuevodigitaldeescobar.com.ar\/#website\"},\"primaryImageOfPage\":{\"@id\":\"https:\/\/nuevodigitaldeescobar.com.ar\/?p=19365#primaryimage\"},\"image\":{\"@id\":\"https:\/\/nuevodigitaldeescobar.com.ar\/?p=19365#primaryimage\"},\"thumbnailUrl\":\"https:\/\/nuevodigitaldeescobar.com.ar\/wp-content\/uploads\/2025\/12\/balaperd21.jpg\",\"datePublished\":\"2025-12-25T23:10:46+00:00\",\"dateModified\":\"2025-12-25T23:10:49+00:00\",\"breadcrumb\":{\"@id\":\"https:\/\/nuevodigitaldeescobar.com.ar\/?p=19365#breadcrumb\"},\"inLanguage\":\"es\",\"potentialAction\":[{\"@type\":\"ReadAction\",\"target\":[\"https:\/\/nuevodigitaldeescobar.com.ar\/?p=19365\"]}]},{\"@type\":\"ImageObject\",\"inLanguage\":\"es\",\"@id\":\"https:\/\/nuevodigitaldeescobar.com.ar\/?p=19365#primaryimage\",\"url\":\"https:\/\/nuevodigitaldeescobar.com.ar\/wp-content\/uploads\/2025\/12\/balaperd21.jpg\",\"contentUrl\":\"https:\/\/nuevodigitaldeescobar.com.ar\/wp-content\/uploads\/2025\/12\/balaperd21.jpg\",\"width\":458,\"height\":458},{\"@type\":\"BreadcrumbList\",\"@id\":\"https:\/\/nuevodigitaldeescobar.com.ar\/?p=19365#breadcrumb\",\"itemListElement\":[{\"@type\":\"ListItem\",\"position\":1,\"name\":\"Portada\",\"item\":\"https:\/\/nuevodigitaldeescobar.com.ar\/\"},{\"@type\":\"ListItem\",\"position\":2,\"name\":\"Tragedia en Navidad: c\u00f3mo avanza la investigaci\u00f3n por la nena de 12 a\u00f1os herida por una \u00abbala perdida\u00bb en el Conurbano\"}]},{\"@type\":\"WebSite\",\"@id\":\"https:\/\/nuevodigitaldeescobar.com.ar\/#website\",\"url\":\"https:\/\/nuevodigitaldeescobar.com.ar\/\",\"name\":\"Nuevo Digital de Escobar\",\"description\":\"La vida escobarense. Directora: Rosana Brunner\",\"publisher\":{\"@id\":\"https:\/\/nuevodigitaldeescobar.com.ar\/#organization\"},\"potentialAction\":[{\"@type\":\"SearchAction\",\"target\":{\"@type\":\"EntryPoint\",\"urlTemplate\":\"https:\/\/nuevodigitaldeescobar.com.ar\/?s={search_term_string}\"},\"query-input\":{\"@type\":\"PropertyValueSpecification\",\"valueRequired\":true,\"valueName\":\"search_term_string\"}}],\"inLanguage\":\"es\"},{\"@type\":\"Organization\",\"@id\":\"https:\/\/nuevodigitaldeescobar.com.ar\/#organization\",\"name\":\"Nuevo Digital de Escobar\",\"url\":\"https:\/\/nuevodigitaldeescobar.com.ar\/\",\"logo\":{\"@type\":\"ImageObject\",\"inLanguage\":\"es\",\"@id\":\"https:\/\/nuevodigitaldeescobar.com.ar\/#\/schema\/logo\/image\/\",\"url\":\"https:\/\/nuevodigitaldeescobar.com.ar\/wp-content\/uploads\/2025\/05\/cropped-logo-nuevo2.jpg\",\"contentUrl\":\"https:\/\/nuevodigitaldeescobar.com.ar\/wp-content\/uploads\/2025\/05\/cropped-logo-nuevo2.jpg\",\"width\":305,\"height\":305,\"caption\":\"Nuevo Digital de Escobar\"},\"image\":{\"@id\":\"https:\/\/nuevodigitaldeescobar.com.ar\/#\/schema\/logo\/image\/\"},\"sameAs\":[\"https:\/\/www.facebook.com\/NUEVODigitalDeEscobar\",\"https:\/\/x.com\/nuevodigescobar\",\"https:\/\/www.instagram.com\/nuevodigitaldeescobar\"]},{\"@type\":\"Person\",\"@id\":\"https:\/\/nuevodigitaldeescobar.com.ar\/#\/schema\/person\/035e90a8efe9a80e6eec22656ad6ea4c\",\"name\":\"Redacci\u00f3n\",\"image\":{\"@type\":\"ImageObject\",\"inLanguage\":\"es\",\"@id\":\"https:\/\/nuevodigitaldeescobar.com.ar\/#\/schema\/person\/image\/\",\"url\":\"https:\/\/secure.gravatar.com\/avatar\/8af8f40000c24e9eef3034f2be5998a372bb1389e64b1a4a36b3a7979142220d?s=96&d=mm&r=g\",\"contentUrl\":\"https:\/\/secure.gravatar.com\/avatar\/8af8f40000c24e9eef3034f2be5998a372bb1389e64b1a4a36b3a7979142220d?s=96&d=mm&r=g\",\"caption\":\"Redacci\u00f3n\"},\"sameAs\":[\"http:\/\/nuevodigitaldeescobar.com.ar\"],\"url\":\"https:\/\/nuevodigitaldeescobar.com.ar\/?author=1\"}]}<\/script>\n<!-- \/ Yoast SEO plugin. -->","yoast_head_json":{"title":"Tragedia en Navidad: c\u00f3mo avanza la investigaci\u00f3n por la nena de 12 a\u00f1os herida por una \"bala perdida\" en el Conurbano - Nuevo Digital de Escobar","robots":{"index":"index","follow":"follow","max-snippet":"max-snippet:-1","max-image-preview":"max-image-preview:large","max-video-preview":"max-video-preview:-1"},"canonical":"https:\/\/nuevodigitaldeescobar.com.ar\/?p=19365","og_locale":"es_ES","og_type":"article","og_title":"Tragedia en Navidad: c\u00f3mo avanza la investigaci\u00f3n por la nena de 12 a\u00f1os herida por una \"bala perdida\" en el Conurbano - Nuevo Digital de Escobar","og_description":"Lo que debi\u00f3 ser una noche de festejos y alegr\u00eda se transform\u00f3 en una pesadilla que hoy mantiene en vilo a toda la regi\u00f3n. Una [&hellip;]","og_url":"https:\/\/nuevodigitaldeescobar.com.ar\/?p=19365","og_site_name":"Nuevo Digital de Escobar","article_publisher":"https:\/\/www.facebook.com\/NUEVODigitalDeEscobar","article_published_time":"2025-12-25T23:10:46+00:00","article_modified_time":"2025-12-25T23:10:49+00:00","og_image":[{"width":458,"height":458,"url":"http:\/\/nuevodigitaldeescobar.com.ar\/wp-content\/uploads\/2025\/12\/balaperd21.jpg","type":"image\/jpeg"}],"author":"Redacci\u00f3n","twitter_card":"summary_large_image","twitter_creator":"@nuevodigescobar","twitter_site":"@nuevodigescobar","twitter_misc":{"Escrito por":"Redacci\u00f3n","Tiempo de lectura":"3 minutos"},"schema":{"@context":"https:\/\/schema.org","@graph":[{"@type":"Article","@id":"https:\/\/nuevodigitaldeescobar.com.ar\/?p=19365#article","isPartOf":{"@id":"https:\/\/nuevodigitaldeescobar.com.ar\/?p=19365"},"author":{"name":"Redacci\u00f3n","@id":"https:\/\/nuevodigitaldeescobar.com.ar\/#\/schema\/person\/035e90a8efe9a80e6eec22656ad6ea4c"},"headline":"Tragedia en Navidad: c\u00f3mo avanza la investigaci\u00f3n por la nena de 12 a\u00f1os herida por una \u00abbala perdida\u00bb en el Conurbano","datePublished":"2025-12-25T23:10:46+00:00","dateModified":"2025-12-25T23:10:49+00:00","mainEntityOfPage":{"@id":"https:\/\/nuevodigitaldeescobar.com.ar\/?p=19365"},"wordCount":527,"commentCount":0,"publisher":{"@id":"https:\/\/nuevodigitaldeescobar.com.ar\/#organization"},"image":{"@id":"https:\/\/nuevodigitaldeescobar.com.ar\/?p=19365#primaryimage"},"thumbnailUrl":"https:\/\/nuevodigitaldeescobar.com.ar\/wp-content\/uploads\/2025\/12\/balaperd21.jpg","articleSection":["Policiales"],"inLanguage":"es","potentialAction":[{"@type":"CommentAction","name":"Comment","target":["https:\/\/nuevodigitaldeescobar.com.ar\/?p=19365#respond"]}]},{"@type":"WebPage","@id":"https:\/\/nuevodigitaldeescobar.com.ar\/?p=19365","url":"https:\/\/nuevodigitaldeescobar.com.ar\/?p=19365","name":"Tragedia en Navidad: c\u00f3mo avanza la investigaci\u00f3n por la nena de 12 a\u00f1os herida por una \"bala perdida\" en el Conurbano - Nuevo Digital de Escobar","isPartOf":{"@id":"https:\/\/nuevodigitaldeescobar.com.ar\/#website"},"primaryImageOfPage":{"@id":"https:\/\/nuevodigitaldeescobar.com.ar\/?p=19365#primaryimage"},"image":{"@id":"https:\/\/nuevodigitaldeescobar.com.ar\/?p=19365#primaryimage"},"thumbnailUrl":"https:\/\/nuevodigitaldeescobar.com.ar\/wp-content\/uploads\/2025\/12\/balaperd21.jpg","datePublished":"2025-12-25T23:10:46+00:00","dateModified":"2025-12-25T23:10:49+00:00","breadcrumb":{"@id":"https:\/\/nuevodigitaldeescobar.com.ar\/?p=19365#breadcrumb"},"inLanguage":"es","potentialAction":[{"@type":"ReadAction","target":["https:\/\/nuevodigitaldeescobar.com.ar\/?p=19365"]}]},{"@type":"ImageObject","inLanguage":"es","@id":"https:\/\/nuevodigitaldeescobar.com.ar\/?p=19365#primaryimage","url":"https:\/\/nuevodigitaldeescobar.com.ar\/wp-content\/uploads\/2025\/12\/balaperd21.jpg","contentUrl":"https:\/\/nuevodigitaldeescobar.com.ar\/wp-content\/uploads\/2025\/12\/balaperd21.jpg","width":458,"height":458},{"@type":"BreadcrumbList","@id":"https:\/\/nuevodigitaldeescobar.com.ar\/?p=19365#breadcrumb","itemListElement":[{"@type":"ListItem","position":1,"name":"Portada","item":"https:\/\/nuevodigitaldeescobar.com.ar\/"},{"@type":"ListItem","position":2,"name":"Tragedia en Navidad: c\u00f3mo avanza la investigaci\u00f3n por la nena de 12 a\u00f1os herida por una \u00abbala perdida\u00bb en el Conurbano"}]},{"@type":"WebSite","@id":"https:\/\/nuevodigitaldeescobar.com.ar\/#website","url":"https:\/\/nuevodigitaldeescobar.com.ar\/","name":"Nuevo Digital de Escobar","description":"La vida escobarense. Directora: Rosana Brunner","publisher":{"@id":"https:\/\/nuevodigitaldeescobar.com.ar\/#organization"},"potentialAction":[{"@type":"SearchAction","target":{"@type":"EntryPoint","urlTemplate":"https:\/\/nuevodigitaldeescobar.com.ar\/?s={search_term_string}"},"query-input":{"@type":"PropertyValueSpecification","valueRequired":true,"valueName":"search_term_string"}}],"inLanguage":"es"},{"@type":"Organization","@id":"https:\/\/nuevodigitaldeescobar.com.ar\/#organization","name":"Nuevo Digital de Escobar","url":"https:\/\/nuevodigitaldeescobar.com.ar\/","logo":{"@type":"ImageObject","inLanguage":"es","@id":"https:\/\/nuevodigitaldeescobar.com.ar\/#\/schema\/logo\/image\/","url":"https:\/\/nuevodigitaldeescobar.com.ar\/wp-content\/uploads\/2025\/05\/cropped-logo-nuevo2.jpg","contentUrl":"https:\/\/nuevodigitaldeescobar.com.ar\/wp-content\/uploads\/2025\/05\/cropped-logo-nuevo2.jpg","width":305,"height":305,"caption":"Nuevo Digital de Escobar"},"image":{"@id":"https:\/\/nuevodigitaldeescobar.com.ar\/#\/schema\/logo\/image\/"},"sameAs":["https:\/\/www.facebook.com\/NUEVODigitalDeEscobar","https:\/\/x.com\/nuevodigescobar","https:\/\/www.instagram.com\/nuevodigitaldeescobar"]},{"@type":"Person","@id":"https:\/\/nuevodigitaldeescobar.com.ar\/#\/schema\/person\/035e90a8efe9a80e6eec22656ad6ea4c","name":"Redacci\u00f3n","image":{"@type":"ImageObject","inLanguage":"es","@id":"https:\/\/nuevodigitaldeescobar.com.ar\/#\/schema\/person\/image\/","url":"https:\/\/secure.gravatar.com\/avatar\/8af8f40000c24e9eef3034f2be5998a372bb1389e64b1a4a36b3a7979142220d?s=96&d=mm&r=g","contentUrl":"https:\/\/secure.gravatar.com\/avatar\/8af8f40000c24e9eef3034f2be5998a372bb1389e64b1a4a36b3a7979142220d?s=96&d=mm&r=g","caption":"Redacci\u00f3n"},"sameAs":["http:\/\/nuevodigitaldeescobar.com.ar"],"url":"https:\/\/nuevodigitaldeescobar.com.ar\/?author=1"}]}},"featured_image_urls":{"full":["https:\/\/nuevodigitaldeescobar.com.ar\/wp-content\/uploads\/2025\/12\/balaperd21.jpg",458,458,false],"thumbnail":["https:\/\/nuevodigitaldeescobar.com.ar\/wp-content\/uploads\/2025\/12\/balaperd21-150x150.jpg",150,150,true],"medium":["https:\/\/nuevodigitaldeescobar.com.ar\/wp-content\/uploads\/2025\/12\/balaperd21-300x300.jpg",300,300,true],"medium_large":["https:\/\/nuevodigitaldeescobar.com.ar\/wp-content\/uploads\/2025\/12\/balaperd21.jpg",458,458,false],"large":["https:\/\/nuevodigitaldeescobar.com.ar\/wp-content\/uploads\/2025\/12\/balaperd21.jpg",458,458,false],"1536x1536":["https:\/\/nuevodigitaldeescobar.com.ar\/wp-content\/uploads\/2025\/12\/balaperd21.jpg",458,458,false],"2048x2048":["https:\/\/nuevodigitaldeescobar.com.ar\/wp-content\/uploads\/2025\/12\/balaperd21.jpg",458,458,false]},"author_info":{"display_name":"Redacci\u00f3n","author_link":"https:\/\/nuevodigitaldeescobar.com.ar\/?author=1"},"category_info":"<a href=\"https:\/\/nuevodigitaldeescobar.com.ar\/?cat=13\" rel=\"category\">Policiales<\/a>","tag_info":"Policiales","comment_count":"0","_links":{"self":[{"href":"https:\/\/nuevodigitaldeescobar.com.ar\/index.php?rest_route=\/wp\/v2\/posts\/19365","targetHints":{"allow":["GET"]}}],"collection":[{"href":"https:\/\/nuevodigitaldeescobar.com.ar\/index.php?rest_route=\/wp\/v2\/posts"}],"about":[{"href":"https:\/\/nuevodigitaldeescobar.com.ar\/index.php?rest_route=\/wp\/v2\/types\/post"}],"author":[{"embeddable":true,"href":"https:\/\/nuevodigitaldeescobar.com.ar\/index.php?rest_route=\/wp\/v2\/users\/1"}],"replies":[{"embeddable":true,"href":"https:\/\/nuevodigitaldeescobar.com.ar\/index.php?rest_route=%2Fwp%2Fv2%2Fcomments&post=19365"}],"version-history":[{"count":1,"href":"https:\/\/nuevodigitaldeescobar.com.ar\/index.php?rest_route=\/wp\/v2\/posts\/19365\/revisions"}],"predecessor-version":[{"id":19367,"href":"https:\/\/nuevodigitaldeescobar.com.ar\/index.php?rest_route=\/wp\/v2\/posts\/19365\/revisions\/19367"}],"wp:featuredmedia":[{"embeddable":true,"href":"https:\/\/nuevodigitaldeescobar.com.ar\/index.php?rest_route=\/wp\/v2\/media\/19366"}],"wp:attachment":[{"href":"https:\/\/nuevodigitaldeescobar.com.ar\/index.php?rest_route=%2Fwp%2Fv2%2Fmedia&parent=19365"}],"wp:term":[{"taxonomy":"category","embeddable":true,"href":"https:\/\/nuevodigitaldeescobar.com.ar\/index.php?rest_route=%2Fwp%2Fv2%2Fcategories&post=19365"},{"taxonomy":"post_tag","embeddable":true,"href":"https:\/\/nuevodigitaldeescobar.com.ar\/index.php?rest_route=%2Fwp%2Fv2%2Ftags&post=19365"}],"curies":[{"name":"wp","href":"https:\/\/api.w.org\/{rel}","templated":true}]}}