{"id":19372,"date":"2025-12-26T07:30:12","date_gmt":"2025-12-26T10:30:12","guid":{"rendered":"https:\/\/nuevodigitaldeescobar.com.ar\/?p=19372"},"modified":"2025-12-26T07:30:23","modified_gmt":"2025-12-26T10:30:23","slug":"dia-decisivo-en-el-congreso-el-senado-define-el-presupuesto-2026-y-la-ley-de-inocencia-fiscal","status":"publish","type":"post","link":"https:\/\/nuevodigitaldeescobar.com.ar\/?p=19372","title":{"rendered":"D\u00eda decisivo en el Congreso: el Senado define el Presupuesto 2026 y la Ley de Inocencia Fiscal"},"content":{"rendered":"\n<p class=\"has-vivid-cyan-blue-color has-text-color has-link-color wp-elements-b5d0f3c198bf6dccc40f9f6b76eb6c1a\"><strong><em>En una jornada de alta intensidad legislativa, el Senado de la Naci\u00f3n busca dar cierre al a\u00f1o con una sesi\u00f3n clave para el programa econ\u00f3mico del Gobierno. Este viernes, desde el mediod\u00eda, la C\u00e1mara Alta debate dos proyectos fundamentales que ya cuentan con media sanci\u00f3n de Diputados: el Presupuesto General de la Administraci\u00f3n Nacional para el Ejercicio 2026 y la denominada Ley de Inocencia Fiscal.<\/em><\/strong><\/p>\n\n\n\n<!--more-->\n\n\n\n<p>La sesi\u00f3n se desarrolla en el marco del per\u00edodo de sesiones extraordinarias convocado por el Poder Ejecutivo y es seguida de cerca por los mercados financieros, que interpretan la votaci\u00f3n como un term\u00f3metro de la gobernabilidad y la capacidad de gesti\u00f3n pol\u00edtica en el Parlamento.<\/p>\n\n\n\n<h3 class=\"wp-block-heading has-text-color has-link-color wp-elements-88c816924476e4e39aae8ddbfb4ae406\" style=\"color:#0f21b2\">Las proyecciones del Presupuesto 2026<\/h3>\n\n\n\n<p>El plan de gastos e ingresos presentado por el oficialismo establece metas macroecon\u00f3micas ambiciosas para el pr\u00f3ximo a\u00f1o. Los puntos centrales del proyecto incluyen:<\/p>\n\n\n\n<ul class=\"wp-block-list\">\n<li><strong>Crecimiento econ\u00f3mico:<\/strong> Se estima un aumento del 5% del Producto Bruto Interno (PBI).<\/li>\n\n\n\n<li><strong>Inflaci\u00f3n:<\/strong> La pauta anual se fija en un 10,1%.<\/li>\n\n\n\n<li><strong>Tipo de cambio:<\/strong> Se proyecta un d\u00f3lar a $1.423 para diciembre de 2026.<\/li>\n\n\n\n<li><strong>Resultado fiscal:<\/strong> Se prev\u00e9 un super\u00e1vit primario del 1,5% del PBI y un super\u00e1vit financiero del 0,2%.<\/li>\n<\/ul>\n\n\n\n<h3 class=\"wp-block-heading has-text-color has-link-color wp-elements-fdad0d9867203e47252d4ae3ed81dec3\" style=\"color:#0f21b2\">Los puntos de mayor tensi\u00f3n<\/h3>\n\n\n\n<p>A pesar de contar con un bloque de apoyo inicial, el debate se anticipa complejo en la votaci\u00f3n en particular, especialmente en dos art\u00edculos que han generado reparos en la oposici\u00f3n y en sectores acad\u00e9micos:<\/p>\n\n\n\n<ol start=\"1\" class=\"wp-block-list\">\n<li><strong>Financiamiento de Educaci\u00f3n y Ciencia (Art. 30):<\/strong> Propone eliminar los pisos m\u00ednimos de inversi\u00f3n destinados a los sistemas de Educaci\u00f3n, Ciencia y Tecnolog\u00eda, y al Fondo Nacional de la Defensa. Este punto ha despertado preocupaci\u00f3n en diversas provincias que dependen de estos flujos de fondos.<\/li>\n\n\n\n<li><strong>Control a Universidades (Art. 12):<\/strong> Establece la obligatoriedad de las universidades nacionales de presentar informaci\u00f3n detallada ante la Secretar\u00eda de Educaci\u00f3n sobre el uso de recursos. El texto habilita al Ministerio de Capital Humano a interrumpir las transferencias en caso de incumplimiento.<\/li>\n<\/ol>\n\n\n\n<h3 class=\"wp-block-heading has-text-color has-link-color wp-elements-9a5e13b15a8a3a7e2bc781923c813a3d\" style=\"color:#0f21b2\">El escenario pol\u00edtico en el recinto<\/h3>\n\n\n\n<p>La sesi\u00f3n comenz\u00f3 con movimientos en la conformaci\u00f3n de las bancas. Se produjo la jura de <strong>Enzo Fullone<\/strong>, quien asume en reemplazo de Lorena Villaverde. Asimismo, el inicio del debate estuvo marcado por los reclamos del interbloque \u00abPopular\u00bb (ex Frente de Todos) respecto a la distribuci\u00f3n de las comisiones de trabajo.<\/p>\n\n\n\n<p>Para alcanzar la sanci\u00f3n definitiva, el oficialismo conf\u00eda en consolidar una mayor\u00eda de 44 legisladores, compuesta por el bloque propio, el PRO, la UCR y senadores de partidos provinciales. No obstante, la atenci\u00f3n estar\u00e1 puesta en los cambios de \u00faltimo momento que puedan surgir para garantizar el acompa\u00f1amiento de los gobernadores, actores determinantes en la numerolog\u00eda final de esta votaci\u00f3n.<\/p>\n","protected":false},"excerpt":{"rendered":"<p>En una jornada de alta intensidad legislativa, el Senado de la Naci\u00f3n busca dar cierre al a\u00f1o con una sesi\u00f3n clave para el programa econ\u00f3mico [&hellip;]<\/p>\n","protected":false},"author":1,"featured_media":17444,"comment_status":"open","ping_status":"open","sticky":false,"template":"","format":"standard","meta":{"footnotes":""},"categories":[6],"tags":[],"class_list":["post-19372","post","type-post","status-publish","format-standard","has-post-thumbnail","hentry","category-politica"],"better_featured_image":{"id":17444,"alt_text":"","caption":"","description":"","media_type":"image","media_details":{"width":840,"height":550,"file":"2025\/08\/senadores202524.png","filesize":1191427,"sizes":{"medium":{"file":"senadores202524-300x196.png","width":300,"height":196,"mime-type":"image\/png","filesize":51850,"source_url":"https:\/\/nuevodigitaldeescobar.com.ar\/wp-content\/uploads\/2025\/08\/senadores202524-300x196.png"},"thumbnail":{"file":"senadores202524-150x150.png","width":150,"height":150,"mime-type":"image\/png","filesize":21646,"source_url":"https:\/\/nuevodigitaldeescobar.com.ar\/wp-content\/uploads\/2025\/08\/senadores202524-150x150.png"},"medium_large":{"file":"senadores202524-768x503.png","width":768,"height":503,"mime-type":"image\/png","filesize":297234,"source_url":"https:\/\/nuevodigitaldeescobar.com.ar\/wp-content\/uploads\/2025\/08\/senadores202524-768x503.png"}},"image_meta":{"aperture":"0","credit":"","camera":"","caption":"","created_timestamp":"0","copyright":"","focal_length":"0","iso":"0","shutter_speed":"0","title":"","orientation":"0","keywords":[]}},"post":17443,"source_url":"https:\/\/nuevodigitaldeescobar.com.ar\/wp-content\/uploads\/2025\/08\/senadores202524.png"},"yoast_head":"<!-- This site is optimized with the Yoast SEO plugin v26.1.1 - https:\/\/yoast.com\/wordpress\/plugins\/seo\/ -->\n<title>D\u00eda decisivo en el Congreso: el Senado define el Presupuesto 2026 y la Ley de Inocencia Fiscal - Nuevo Digital de Escobar<\/title>\n<meta name=\"robots\" content=\"index, follow, max-snippet:-1, max-image-preview:large, max-video-preview:-1\" \/>\n<link rel=\"canonical\" href=\"https:\/\/nuevodigitaldeescobar.com.ar\/?p=19372\" \/>\n<meta property=\"og:locale\" content=\"es_ES\" \/>\n<meta property=\"og:type\" content=\"article\" \/>\n<meta property=\"og:title\" content=\"D\u00eda decisivo en el Congreso: el Senado define el Presupuesto 2026 y la Ley de Inocencia Fiscal - Nuevo Digital de Escobar\" \/>\n<meta property=\"og:description\" content=\"En una jornada de alta intensidad legislativa, el Senado de la Naci\u00f3n busca dar cierre al a\u00f1o con una sesi\u00f3n clave para el programa econ\u00f3mico [&hellip;]\" \/>\n<meta property=\"og:url\" content=\"https:\/\/nuevodigitaldeescobar.com.ar\/?p=19372\" \/>\n<meta property=\"og:site_name\" content=\"Nuevo Digital de Escobar\" \/>\n<meta property=\"article:publisher\" content=\"https:\/\/www.facebook.com\/NUEVODigitalDeEscobar\" \/>\n<meta property=\"article:published_time\" content=\"2025-12-26T10:30:12+00:00\" \/>\n<meta property=\"article:modified_time\" content=\"2025-12-26T10:30:23+00:00\" \/>\n<meta property=\"og:image\" content=\"http:\/\/nuevodigitaldeescobar.com.ar\/wp-content\/uploads\/2025\/08\/senadores202524.png\" \/>\n\t<meta property=\"og:image:width\" content=\"840\" \/>\n\t<meta property=\"og:image:height\" content=\"550\" \/>\n\t<meta property=\"og:image:type\" content=\"image\/png\" \/>\n<meta name=\"author\" content=\"Redacci\u00f3n\" \/>\n<meta name=\"twitter:card\" content=\"summary_large_image\" \/>\n<meta name=\"twitter:creator\" content=\"@nuevodigescobar\" \/>\n<meta name=\"twitter:site\" content=\"@nuevodigescobar\" \/>\n<meta name=\"twitter:label1\" content=\"Escrito por\" \/>\n\t<meta name=\"twitter:data1\" content=\"Redacci\u00f3n\" \/>\n\t<meta name=\"twitter:label2\" content=\"Tiempo de lectura\" \/>\n\t<meta name=\"twitter:data2\" content=\"3 minutos\" \/>\n<script type=\"application\/ld+json\" class=\"yoast-schema-graph\">{\"@context\":\"https:\/\/schema.org\",\"@graph\":[{\"@type\":\"Article\",\"@id\":\"https:\/\/nuevodigitaldeescobar.com.ar\/?p=19372#article\",\"isPartOf\":{\"@id\":\"https:\/\/nuevodigitaldeescobar.com.ar\/?p=19372\"},\"author\":{\"name\":\"Redacci\u00f3n\",\"@id\":\"https:\/\/nuevodigitaldeescobar.com.ar\/#\/schema\/person\/035e90a8efe9a80e6eec22656ad6ea4c\"},\"headline\":\"D\u00eda decisivo en el Congreso: el Senado define el Presupuesto 2026 y la Ley de Inocencia Fiscal\",\"datePublished\":\"2025-12-26T10:30:12+00:00\",\"dateModified\":\"2025-12-26T10:30:23+00:00\",\"mainEntityOfPage\":{\"@id\":\"https:\/\/nuevodigitaldeescobar.com.ar\/?p=19372\"},\"wordCount\":488,\"commentCount\":0,\"publisher\":{\"@id\":\"https:\/\/nuevodigitaldeescobar.com.ar\/#organization\"},\"image\":{\"@id\":\"https:\/\/nuevodigitaldeescobar.com.ar\/?p=19372#primaryimage\"},\"thumbnailUrl\":\"https:\/\/nuevodigitaldeescobar.com.ar\/wp-content\/uploads\/2025\/08\/senadores202524.png\",\"articleSection\":[\"Pol\u00edtica\"],\"inLanguage\":\"es\",\"potentialAction\":[{\"@type\":\"CommentAction\",\"name\":\"Comment\",\"target\":[\"https:\/\/nuevodigitaldeescobar.com.ar\/?p=19372#respond\"]}]},{\"@type\":\"WebPage\",\"@id\":\"https:\/\/nuevodigitaldeescobar.com.ar\/?p=19372\",\"url\":\"https:\/\/nuevodigitaldeescobar.com.ar\/?p=19372\",\"name\":\"D\u00eda decisivo en el Congreso: el Senado define el Presupuesto 2026 y la Ley de Inocencia Fiscal - Nuevo Digital de Escobar\",\"isPartOf\":{\"@id\":\"https:\/\/nuevodigitaldeescobar.com.ar\/#website\"},\"primaryImageOfPage\":{\"@id\":\"https:\/\/nuevodigitaldeescobar.com.ar\/?p=19372#primaryimage\"},\"image\":{\"@id\":\"https:\/\/nuevodigitaldeescobar.com.ar\/?p=19372#primaryimage\"},\"thumbnailUrl\":\"https:\/\/nuevodigitaldeescobar.com.ar\/wp-content\/uploads\/2025\/08\/senadores202524.png\",\"datePublished\":\"2025-12-26T10:30:12+00:00\",\"dateModified\":\"2025-12-26T10:30:23+00:00\",\"breadcrumb\":{\"@id\":\"https:\/\/nuevodigitaldeescobar.com.ar\/?p=19372#breadcrumb\"},\"inLanguage\":\"es\",\"potentialAction\":[{\"@type\":\"ReadAction\",\"target\":[\"https:\/\/nuevodigitaldeescobar.com.ar\/?p=19372\"]}]},{\"@type\":\"ImageObject\",\"inLanguage\":\"es\",\"@id\":\"https:\/\/nuevodigitaldeescobar.com.ar\/?p=19372#primaryimage\",\"url\":\"https:\/\/nuevodigitaldeescobar.com.ar\/wp-content\/uploads\/2025\/08\/senadores202524.png\",\"contentUrl\":\"https:\/\/nuevodigitaldeescobar.com.ar\/wp-content\/uploads\/2025\/08\/senadores202524.png\",\"width\":840,\"height\":550},{\"@type\":\"BreadcrumbList\",\"@id\":\"https:\/\/nuevodigitaldeescobar.com.ar\/?p=19372#breadcrumb\",\"itemListElement\":[{\"@type\":\"ListItem\",\"position\":1,\"name\":\"Portada\",\"item\":\"https:\/\/nuevodigitaldeescobar.com.ar\/\"},{\"@type\":\"ListItem\",\"position\":2,\"name\":\"D\u00eda decisivo en el Congreso: el Senado define el Presupuesto 2026 y la Ley de Inocencia Fiscal\"}]},{\"@type\":\"WebSite\",\"@id\":\"https:\/\/nuevodigitaldeescobar.com.ar\/#website\",\"url\":\"https:\/\/nuevodigitaldeescobar.com.ar\/\",\"name\":\"Nuevo Digital de Escobar\",\"description\":\"La vida escobarense. Directora: Rosana Brunner\",\"publisher\":{\"@id\":\"https:\/\/nuevodigitaldeescobar.com.ar\/#organization\"},\"potentialAction\":[{\"@type\":\"SearchAction\",\"target\":{\"@type\":\"EntryPoint\",\"urlTemplate\":\"https:\/\/nuevodigitaldeescobar.com.ar\/?s={search_term_string}\"},\"query-input\":{\"@type\":\"PropertyValueSpecification\",\"valueRequired\":true,\"valueName\":\"search_term_string\"}}],\"inLanguage\":\"es\"},{\"@type\":\"Organization\",\"@id\":\"https:\/\/nuevodigitaldeescobar.com.ar\/#organization\",\"name\":\"Nuevo Digital de Escobar\",\"url\":\"https:\/\/nuevodigitaldeescobar.com.ar\/\",\"logo\":{\"@type\":\"ImageObject\",\"inLanguage\":\"es\",\"@id\":\"https:\/\/nuevodigitaldeescobar.com.ar\/#\/schema\/logo\/image\/\",\"url\":\"https:\/\/nuevodigitaldeescobar.com.ar\/wp-content\/uploads\/2025\/05\/cropped-logo-nuevo2.jpg\",\"contentUrl\":\"https:\/\/nuevodigitaldeescobar.com.ar\/wp-content\/uploads\/2025\/05\/cropped-logo-nuevo2.jpg\",\"width\":305,\"height\":305,\"caption\":\"Nuevo Digital de Escobar\"},\"image\":{\"@id\":\"https:\/\/nuevodigitaldeescobar.com.ar\/#\/schema\/logo\/image\/\"},\"sameAs\":[\"https:\/\/www.facebook.com\/NUEVODigitalDeEscobar\",\"https:\/\/x.com\/nuevodigescobar\",\"https:\/\/www.instagram.com\/nuevodigitaldeescobar\"]},{\"@type\":\"Person\",\"@id\":\"https:\/\/nuevodigitaldeescobar.com.ar\/#\/schema\/person\/035e90a8efe9a80e6eec22656ad6ea4c\",\"name\":\"Redacci\u00f3n\",\"image\":{\"@type\":\"ImageObject\",\"inLanguage\":\"es\",\"@id\":\"https:\/\/nuevodigitaldeescobar.com.ar\/#\/schema\/person\/image\/\",\"url\":\"https:\/\/secure.gravatar.com\/avatar\/8af8f40000c24e9eef3034f2be5998a372bb1389e64b1a4a36b3a7979142220d?s=96&d=mm&r=g\",\"contentUrl\":\"https:\/\/secure.gravatar.com\/avatar\/8af8f40000c24e9eef3034f2be5998a372bb1389e64b1a4a36b3a7979142220d?s=96&d=mm&r=g\",\"caption\":\"Redacci\u00f3n\"},\"sameAs\":[\"http:\/\/nuevodigitaldeescobar.com.ar\"],\"url\":\"https:\/\/nuevodigitaldeescobar.com.ar\/?author=1\"}]}<\/script>\n<!-- \/ Yoast SEO plugin. -->","yoast_head_json":{"title":"D\u00eda decisivo en el Congreso: el Senado define el Presupuesto 2026 y la Ley de Inocencia Fiscal - Nuevo Digital de Escobar","robots":{"index":"index","follow":"follow","max-snippet":"max-snippet:-1","max-image-preview":"max-image-preview:large","max-video-preview":"max-video-preview:-1"},"canonical":"https:\/\/nuevodigitaldeescobar.com.ar\/?p=19372","og_locale":"es_ES","og_type":"article","og_title":"D\u00eda decisivo en el Congreso: el Senado define el Presupuesto 2026 y la Ley de Inocencia Fiscal - Nuevo Digital de Escobar","og_description":"En una jornada de alta intensidad legislativa, el Senado de la Naci\u00f3n busca dar cierre al a\u00f1o con una sesi\u00f3n clave para el programa econ\u00f3mico [&hellip;]","og_url":"https:\/\/nuevodigitaldeescobar.com.ar\/?p=19372","og_site_name":"Nuevo Digital de Escobar","article_publisher":"https:\/\/www.facebook.com\/NUEVODigitalDeEscobar","article_published_time":"2025-12-26T10:30:12+00:00","article_modified_time":"2025-12-26T10:30:23+00:00","og_image":[{"width":840,"height":550,"url":"http:\/\/nuevodigitaldeescobar.com.ar\/wp-content\/uploads\/2025\/08\/senadores202524.png","type":"image\/png"}],"author":"Redacci\u00f3n","twitter_card":"summary_large_image","twitter_creator":"@nuevodigescobar","twitter_site":"@nuevodigescobar","twitter_misc":{"Escrito por":"Redacci\u00f3n","Tiempo de lectura":"3 minutos"},"schema":{"@context":"https:\/\/schema.org","@graph":[{"@type":"Article","@id":"https:\/\/nuevodigitaldeescobar.com.ar\/?p=19372#article","isPartOf":{"@id":"https:\/\/nuevodigitaldeescobar.com.ar\/?p=19372"},"author":{"name":"Redacci\u00f3n","@id":"https:\/\/nuevodigitaldeescobar.com.ar\/#\/schema\/person\/035e90a8efe9a80e6eec22656ad6ea4c"},"headline":"D\u00eda decisivo en el Congreso: el Senado define el Presupuesto 2026 y la Ley de Inocencia Fiscal","datePublished":"2025-12-26T10:30:12+00:00","dateModified":"2025-12-26T10:30:23+00:00","mainEntityOfPage":{"@id":"https:\/\/nuevodigitaldeescobar.com.ar\/?p=19372"},"wordCount":488,"commentCount":0,"publisher":{"@id":"https:\/\/nuevodigitaldeescobar.com.ar\/#organization"},"image":{"@id":"https:\/\/nuevodigitaldeescobar.com.ar\/?p=19372#primaryimage"},"thumbnailUrl":"https:\/\/nuevodigitaldeescobar.com.ar\/wp-content\/uploads\/2025\/08\/senadores202524.png","articleSection":["Pol\u00edtica"],"inLanguage":"es","potentialAction":[{"@type":"CommentAction","name":"Comment","target":["https:\/\/nuevodigitaldeescobar.com.ar\/?p=19372#respond"]}]},{"@type":"WebPage","@id":"https:\/\/nuevodigitaldeescobar.com.ar\/?p=19372","url":"https:\/\/nuevodigitaldeescobar.com.ar\/?p=19372","name":"D\u00eda decisivo en el Congreso: el Senado define el Presupuesto 2026 y la Ley de Inocencia Fiscal - Nuevo Digital de Escobar","isPartOf":{"@id":"https:\/\/nuevodigitaldeescobar.com.ar\/#website"},"primaryImageOfPage":{"@id":"https:\/\/nuevodigitaldeescobar.com.ar\/?p=19372#primaryimage"},"image":{"@id":"https:\/\/nuevodigitaldeescobar.com.ar\/?p=19372#primaryimage"},"thumbnailUrl":"https:\/\/nuevodigitaldeescobar.com.ar\/wp-content\/uploads\/2025\/08\/senadores202524.png","datePublished":"2025-12-26T10:30:12+00:00","dateModified":"2025-12-26T10:30:23+00:00","breadcrumb":{"@id":"https:\/\/nuevodigitaldeescobar.com.ar\/?p=19372#breadcrumb"},"inLanguage":"es","potentialAction":[{"@type":"ReadAction","target":["https:\/\/nuevodigitaldeescobar.com.ar\/?p=19372"]}]},{"@type":"ImageObject","inLanguage":"es","@id":"https:\/\/nuevodigitaldeescobar.com.ar\/?p=19372#primaryimage","url":"https:\/\/nuevodigitaldeescobar.com.ar\/wp-content\/uploads\/2025\/08\/senadores202524.png","contentUrl":"https:\/\/nuevodigitaldeescobar.com.ar\/wp-content\/uploads\/2025\/08\/senadores202524.png","width":840,"height":550},{"@type":"BreadcrumbList","@id":"https:\/\/nuevodigitaldeescobar.com.ar\/?p=19372#breadcrumb","itemListElement":[{"@type":"ListItem","position":1,"name":"Portada","item":"https:\/\/nuevodigitaldeescobar.com.ar\/"},{"@type":"ListItem","position":2,"name":"D\u00eda decisivo en el Congreso: el Senado define el Presupuesto 2026 y la Ley de Inocencia Fiscal"}]},{"@type":"WebSite","@id":"https:\/\/nuevodigitaldeescobar.com.ar\/#website","url":"https:\/\/nuevodigitaldeescobar.com.ar\/","name":"Nuevo Digital de Escobar","description":"La vida escobarense. Directora: Rosana Brunner","publisher":{"@id":"https:\/\/nuevodigitaldeescobar.com.ar\/#organization"},"potentialAction":[{"@type":"SearchAction","target":{"@type":"EntryPoint","urlTemplate":"https:\/\/nuevodigitaldeescobar.com.ar\/?s={search_term_string}"},"query-input":{"@type":"PropertyValueSpecification","valueRequired":true,"valueName":"search_term_string"}}],"inLanguage":"es"},{"@type":"Organization","@id":"https:\/\/nuevodigitaldeescobar.com.ar\/#organization","name":"Nuevo Digital de Escobar","url":"https:\/\/nuevodigitaldeescobar.com.ar\/","logo":{"@type":"ImageObject","inLanguage":"es","@id":"https:\/\/nuevodigitaldeescobar.com.ar\/#\/schema\/logo\/image\/","url":"https:\/\/nuevodigitaldeescobar.com.ar\/wp-content\/uploads\/2025\/05\/cropped-logo-nuevo2.jpg","contentUrl":"https:\/\/nuevodigitaldeescobar.com.ar\/wp-content\/uploads\/2025\/05\/cropped-logo-nuevo2.jpg","width":305,"height":305,"caption":"Nuevo Digital de Escobar"},"image":{"@id":"https:\/\/nuevodigitaldeescobar.com.ar\/#\/schema\/logo\/image\/"},"sameAs":["https:\/\/www.facebook.com\/NUEVODigitalDeEscobar","https:\/\/x.com\/nuevodigescobar","https:\/\/www.instagram.com\/nuevodigitaldeescobar"]},{"@type":"Person","@id":"https:\/\/nuevodigitaldeescobar.com.ar\/#\/schema\/person\/035e90a8efe9a80e6eec22656ad6ea4c","name":"Redacci\u00f3n","image":{"@type":"ImageObject","inLanguage":"es","@id":"https:\/\/nuevodigitaldeescobar.com.ar\/#\/schema\/person\/image\/","url":"https:\/\/secure.gravatar.com\/avatar\/8af8f40000c24e9eef3034f2be5998a372bb1389e64b1a4a36b3a7979142220d?s=96&d=mm&r=g","contentUrl":"https:\/\/secure.gravatar.com\/avatar\/8af8f40000c24e9eef3034f2be5998a372bb1389e64b1a4a36b3a7979142220d?s=96&d=mm&r=g","caption":"Redacci\u00f3n"},"sameAs":["http:\/\/nuevodigitaldeescobar.com.ar"],"url":"https:\/\/nuevodigitaldeescobar.com.ar\/?author=1"}]}},"featured_image_urls":{"full":["https:\/\/nuevodigitaldeescobar.com.ar\/wp-content\/uploads\/2025\/08\/senadores202524.png",840,550,false],"thumbnail":["https:\/\/nuevodigitaldeescobar.com.ar\/wp-content\/uploads\/2025\/08\/senadores202524-150x150.png",150,150,true],"medium":["https:\/\/nuevodigitaldeescobar.com.ar\/wp-content\/uploads\/2025\/08\/senadores202524-300x196.png",300,196,true],"medium_large":["https:\/\/nuevodigitaldeescobar.com.ar\/wp-content\/uploads\/2025\/08\/senadores202524-768x503.png",640,419,true],"large":["https:\/\/nuevodigitaldeescobar.com.ar\/wp-content\/uploads\/2025\/08\/senadores202524.png",640,419,false],"1536x1536":["https:\/\/nuevodigitaldeescobar.com.ar\/wp-content\/uploads\/2025\/08\/senadores202524.png",840,550,false],"2048x2048":["https:\/\/nuevodigitaldeescobar.com.ar\/wp-content\/uploads\/2025\/08\/senadores202524.png",840,550,false]},"author_info":{"display_name":"Redacci\u00f3n","author_link":"https:\/\/nuevodigitaldeescobar.com.ar\/?author=1"},"category_info":"<a href=\"https:\/\/nuevodigitaldeescobar.com.ar\/?cat=6\" rel=\"category\">Pol\u00edtica<\/a>","tag_info":"Pol\u00edtica","comment_count":"0","_links":{"self":[{"href":"https:\/\/nuevodigitaldeescobar.com.ar\/index.php?rest_route=\/wp\/v2\/posts\/19372","targetHints":{"allow":["GET"]}}],"collection":[{"href":"https:\/\/nuevodigitaldeescobar.com.ar\/index.php?rest_route=\/wp\/v2\/posts"}],"about":[{"href":"https:\/\/nuevodigitaldeescobar.com.ar\/index.php?rest_route=\/wp\/v2\/types\/post"}],"author":[{"embeddable":true,"href":"https:\/\/nuevodigitaldeescobar.com.ar\/index.php?rest_route=\/wp\/v2\/users\/1"}],"replies":[{"embeddable":true,"href":"https:\/\/nuevodigitaldeescobar.com.ar\/index.php?rest_route=%2Fwp%2Fv2%2Fcomments&post=19372"}],"version-history":[{"count":1,"href":"https:\/\/nuevodigitaldeescobar.com.ar\/index.php?rest_route=\/wp\/v2\/posts\/19372\/revisions"}],"predecessor-version":[{"id":19373,"href":"https:\/\/nuevodigitaldeescobar.com.ar\/index.php?rest_route=\/wp\/v2\/posts\/19372\/revisions\/19373"}],"wp:featuredmedia":[{"embeddable":true,"href":"https:\/\/nuevodigitaldeescobar.com.ar\/index.php?rest_route=\/wp\/v2\/media\/17444"}],"wp:attachment":[{"href":"https:\/\/nuevodigitaldeescobar.com.ar\/index.php?rest_route=%2Fwp%2Fv2%2Fmedia&parent=19372"}],"wp:term":[{"taxonomy":"category","embeddable":true,"href":"https:\/\/nuevodigitaldeescobar.com.ar\/index.php?rest_route=%2Fwp%2Fv2%2Fcategories&post=19372"},{"taxonomy":"post_tag","embeddable":true,"href":"https:\/\/nuevodigitaldeescobar.com.ar\/index.php?rest_route=%2Fwp%2Fv2%2Ftags&post=19372"}],"curies":[{"name":"wp","href":"https:\/\/api.w.org\/{rel}","templated":true}]}}