{"id":19383,"date":"2025-12-26T12:54:42","date_gmt":"2025-12-26T15:54:42","guid":{"rendered":"https:\/\/nuevodigitaldeescobar.com.ar\/?p=19383"},"modified":"2025-12-26T12:59:33","modified_gmt":"2025-12-26T15:59:33","slug":"nico-gonzalez-se-retiro-lesionados-y-se-perderia-el-clasico-ante-el-real-madrid","status":"publish","type":"post","link":"https:\/\/nuevodigitaldeescobar.com.ar\/?p=19383","title":{"rendered":"Nico Gonz\u00e1lez se retir\u00f3 lesionados y se perder\u00eda el cl\u00e1sico ante el Real Madrid"},"content":{"rendered":"\n<p class=\"has-vivid-cyan-blue-color has-text-color has-link-color wp-elements-31bf53f5671a8cdf2d014bddb6286f8d\"><strong><em>El delantero del Atl\u00e9tico Madrid fue sustituido por una distensi\u00f3n muscular ante el Girona FC y estar\u00eda cerca de tres semanas inactivo. El jugador oriundo de Bel\u00e9n de Escobar se pierde el partido ante la Real Sociedad por la Liga de Espa\u00f1a y est\u00e1 en duda su participaci\u00f3n en la final de la Supercopa frente al poderoso Real Madrid. <\/em><\/strong><\/p>\n\n\n\n<!--more-->\n\n\n\n<p>Nuevamente una lesi\u00f3n en muscular en su pierna derecha deja afuera al argentino Nicolas Gonzalez. <\/p>\n\n\n\n<p>El jugador escobarense tuvo que salir del campo de juego en el \u00faltimo partido del Atl\u00e9tico Madrid frente al Girona.<\/p>\n\n\n\n<p>Es la segunda lesi\u00f3n muscular del ex jugador de Argentinos Jrs y Fiorentina, lo que preocupa de cara al pr\u00f3ximo Mundial de los Estados Unidos, Canad\u00e1 y M\u00e9xico. <\/p>\n\n\n\n<p>Los m\u00e9dicos del equipo colchonero son prudentes y Nicolas Gonzalez estar\u00eda lista su vuelta para el domingo 18 de enero frente al Alav\u00e9s.<\/p>\n","protected":false},"excerpt":{"rendered":"<p>El delantero del Atl\u00e9tico Madrid fue sustituido por una distensi\u00f3n muscular ante el Girona FC y estar\u00eda cerca de tres semanas inactivo. El jugador oriundo [&hellip;]<\/p>\n","protected":false},"author":1,"featured_media":19387,"comment_status":"open","ping_status":"open","sticky":false,"template":"","format":"standard","meta":{"footnotes":""},"categories":[8],"tags":[246],"class_list":["post-19383","post","type-post","status-publish","format-standard","has-post-thumbnail","hentry","category-deportes","tag-nico-gonzalez"],"better_featured_image":{"id":19387,"alt_text":"","caption":"epa12374704 Atletico de Madrid's Nico Gonzalez celebrates scoring the 2-0 goal during the Spanish LaLiga soccer match between Atletico de Madrid and Villarreal, in Madrid, Spain, 13 September 2025.  EPA\/Sergio Perez (MaxPPP TagID: epaliveeight517387.jpg) [Photo via MaxPPP]","description":"","media_type":"image","media_details":{"width":1920,"height":1080,"file":"2025\/12\/nico-gonzalez-68c905e40daff.jpg","filesize":212060,"sizes":{"medium":{"file":"nico-gonzalez-68c905e40daff-300x169.jpg","width":300,"height":169,"mime-type":"image\/jpeg","filesize":29729,"source_url":"https:\/\/nuevodigitaldeescobar.com.ar\/wp-content\/uploads\/2025\/12\/nico-gonzalez-68c905e40daff-300x169.jpg"},"large":{"file":"nico-gonzalez-68c905e40daff-1024x576.jpg","width":1024,"height":576,"mime-type":"image\/jpeg","filesize":110280,"source_url":"https:\/\/nuevodigitaldeescobar.com.ar\/wp-content\/uploads\/2025\/12\/nico-gonzalez-68c905e40daff-1024x576.jpg"},"thumbnail":{"file":"nico-gonzalez-68c905e40daff-150x150.jpg","width":150,"height":150,"mime-type":"image\/jpeg","filesize":23613,"source_url":"https:\/\/nuevodigitaldeescobar.com.ar\/wp-content\/uploads\/2025\/12\/nico-gonzalez-68c905e40daff-150x150.jpg"},"medium_large":{"file":"nico-gonzalez-68c905e40daff-768x432.jpg","width":768,"height":432,"mime-type":"image\/jpeg","filesize":72635,"source_url":"https:\/\/nuevodigitaldeescobar.com.ar\/wp-content\/uploads\/2025\/12\/nico-gonzalez-68c905e40daff-768x432.jpg"},"1536x1536":{"file":"nico-gonzalez-68c905e40daff-1536x864.jpg","width":1536,"height":864,"mime-type":"image\/jpeg","filesize":221882,"source_url":"https:\/\/nuevodigitaldeescobar.com.ar\/wp-content\/uploads\/2025\/12\/nico-gonzalez-68c905e40daff-1536x864.jpg"}},"image_meta":{"aperture":"0","credit":"EPA","camera":"","caption":"epa12374704 Atletico de Madrid's Nico Gonzalez celebrates scoring the 2-0 goal during the Spanish LaLiga soccer match between Atletico de Madrid and Villarreal, in Madrid, Spain, 13 September 2025.  EPA\/Sergio Perez (MaxPPP TagID: epaliveeight517387.jpg) [Photo via MaxPPP]","created_timestamp":"1757765242","copyright":"","focal_length":"0","iso":"0","shutter_speed":"0","title":"LaLiga - Atletico de Madrid vs Villarreal CF","orientation":"1","keywords":["los rojiblancos","football"]}},"post":19383,"source_url":"https:\/\/nuevodigitaldeescobar.com.ar\/wp-content\/uploads\/2025\/12\/nico-gonzalez-68c905e40daff.jpg"},"yoast_head":"<!-- This site is optimized with the Yoast SEO plugin v26.1.1 - https:\/\/yoast.com\/wordpress\/plugins\/seo\/ -->\n<title>Nico Gonz\u00e1lez se retir\u00f3 lesionados y se perder\u00eda el cl\u00e1sico ante el Real Madrid - Nuevo Digital de Escobar<\/title>\n<meta name=\"description\" content=\"El jugador oriundo de Bel\u00e9n de Escobar se pierde el partido ante la Real Sociedad por la Liga de Espa\u00f1a y est\u00e1 en duda su participaci\u00f3n en la final de la Supercopa frente al poderoso Real Madrid.\" \/>\n<meta name=\"robots\" content=\"index, follow, max-snippet:-1, max-image-preview:large, max-video-preview:-1\" \/>\n<link rel=\"canonical\" href=\"https:\/\/nuevodigitaldeescobar.com.ar\/?p=19383\" \/>\n<meta property=\"og:locale\" content=\"es_ES\" \/>\n<meta property=\"og:type\" content=\"article\" \/>\n<meta property=\"og:title\" content=\"Nico Gonz\u00e1lez se retir\u00f3 lesionados y se perder\u00eda el cl\u00e1sico ante el Real Madrid\" \/>\n<meta property=\"og:description\" content=\"El jugador oriundo de Bel\u00e9n de Escobar se pierde el partido ante la Real Sociedad por la Liga de Espa\u00f1a y est\u00e1 en duda su participaci\u00f3n en la final de la Supercopa frente al poderoso Real Madrid.\" \/>\n<meta property=\"og:url\" content=\"https:\/\/nuevodigitaldeescobar.com.ar\/?p=19383\" \/>\n<meta property=\"og:site_name\" content=\"Nuevo Digital de Escobar\" \/>\n<meta property=\"article:publisher\" content=\"https:\/\/www.facebook.com\/NUEVODigitalDeEscobar\" \/>\n<meta property=\"article:published_time\" content=\"2025-12-26T15:54:42+00:00\" \/>\n<meta property=\"article:modified_time\" content=\"2025-12-26T15:59:33+00:00\" \/>\n<meta property=\"og:image\" content=\"http:\/\/nuevodigitaldeescobar.com.ar\/wp-content\/uploads\/2025\/12\/nico-gonzalez-68c905e40daff.jpg\" \/>\n\t<meta property=\"og:image:width\" content=\"1920\" \/>\n\t<meta property=\"og:image:height\" content=\"1080\" \/>\n\t<meta property=\"og:image:type\" content=\"image\/jpeg\" \/>\n<meta name=\"author\" content=\"Redacci\u00f3n\" \/>\n<meta name=\"twitter:card\" content=\"summary_large_image\" \/>\n<meta name=\"twitter:creator\" content=\"@nuevodigescobar\" \/>\n<meta name=\"twitter:site\" content=\"@nuevodigescobar\" \/>\n<meta name=\"twitter:label1\" content=\"Escrito por\" \/>\n\t<meta name=\"twitter:data1\" content=\"Redacci\u00f3n\" \/>\n\t<meta name=\"twitter:label2\" content=\"Tiempo de lectura\" \/>\n\t<meta name=\"twitter:data2\" content=\"1 minuto\" \/>\n<script type=\"application\/ld+json\" class=\"yoast-schema-graph\">{\"@context\":\"https:\/\/schema.org\",\"@graph\":[{\"@type\":\"Article\",\"@id\":\"https:\/\/nuevodigitaldeescobar.com.ar\/?p=19383#article\",\"isPartOf\":{\"@id\":\"https:\/\/nuevodigitaldeescobar.com.ar\/?p=19383\"},\"author\":{\"name\":\"Redacci\u00f3n\",\"@id\":\"https:\/\/nuevodigitaldeescobar.com.ar\/#\/schema\/person\/035e90a8efe9a80e6eec22656ad6ea4c\"},\"headline\":\"Nico Gonz\u00e1lez se retir\u00f3 lesionados y se perder\u00eda el cl\u00e1sico ante el Real Madrid\",\"datePublished\":\"2025-12-26T15:54:42+00:00\",\"dateModified\":\"2025-12-26T15:59:33+00:00\",\"mainEntityOfPage\":{\"@id\":\"https:\/\/nuevodigitaldeescobar.com.ar\/?p=19383\"},\"wordCount\":175,\"commentCount\":0,\"publisher\":{\"@id\":\"https:\/\/nuevodigitaldeescobar.com.ar\/#organization\"},\"image\":{\"@id\":\"https:\/\/nuevodigitaldeescobar.com.ar\/?p=19383#primaryimage\"},\"thumbnailUrl\":\"https:\/\/nuevodigitaldeescobar.com.ar\/wp-content\/uploads\/2025\/12\/nico-gonzalez-68c905e40daff.jpg\",\"keywords\":[\"Nico Gonz\u00e1lez\"],\"articleSection\":[\"Deportes\"],\"inLanguage\":\"es\",\"potentialAction\":[{\"@type\":\"CommentAction\",\"name\":\"Comment\",\"target\":[\"https:\/\/nuevodigitaldeescobar.com.ar\/?p=19383#respond\"]}]},{\"@type\":\"WebPage\",\"@id\":\"https:\/\/nuevodigitaldeescobar.com.ar\/?p=19383\",\"url\":\"https:\/\/nuevodigitaldeescobar.com.ar\/?p=19383\",\"name\":\"Nico Gonz\u00e1lez se retir\u00f3 lesionados y se perder\u00eda el cl\u00e1sico ante el Real Madrid - Nuevo Digital de Escobar\",\"isPartOf\":{\"@id\":\"https:\/\/nuevodigitaldeescobar.com.ar\/#website\"},\"primaryImageOfPage\":{\"@id\":\"https:\/\/nuevodigitaldeescobar.com.ar\/?p=19383#primaryimage\"},\"image\":{\"@id\":\"https:\/\/nuevodigitaldeescobar.com.ar\/?p=19383#primaryimage\"},\"thumbnailUrl\":\"https:\/\/nuevodigitaldeescobar.com.ar\/wp-content\/uploads\/2025\/12\/nico-gonzalez-68c905e40daff.jpg\",\"datePublished\":\"2025-12-26T15:54:42+00:00\",\"dateModified\":\"2025-12-26T15:59:33+00:00\",\"description\":\"El jugador oriundo de Bel\u00e9n de Escobar se pierde el partido ante la Real Sociedad por la Liga de Espa\u00f1a y est\u00e1 en duda su participaci\u00f3n en la final de la Supercopa frente al poderoso Real Madrid.\",\"breadcrumb\":{\"@id\":\"https:\/\/nuevodigitaldeescobar.com.ar\/?p=19383#breadcrumb\"},\"inLanguage\":\"es\",\"potentialAction\":[{\"@type\":\"ReadAction\",\"target\":[\"https:\/\/nuevodigitaldeescobar.com.ar\/?p=19383\"]}]},{\"@type\":\"ImageObject\",\"inLanguage\":\"es\",\"@id\":\"https:\/\/nuevodigitaldeescobar.com.ar\/?p=19383#primaryimage\",\"url\":\"https:\/\/nuevodigitaldeescobar.com.ar\/wp-content\/uploads\/2025\/12\/nico-gonzalez-68c905e40daff.jpg\",\"contentUrl\":\"https:\/\/nuevodigitaldeescobar.com.ar\/wp-content\/uploads\/2025\/12\/nico-gonzalez-68c905e40daff.jpg\",\"width\":1920,\"height\":1080,\"caption\":\"epa12374704 Atletico de Madrid's Nico Gonzalez celebrates scoring the 2-0 goal during the Spanish LaLiga soccer match between Atletico de Madrid and Villarreal, in Madrid, Spain, 13 September 2025. EPA\/Sergio Perez (MaxPPP TagID: epaliveeight517387.jpg) [Photo via MaxPPP]\"},{\"@type\":\"BreadcrumbList\",\"@id\":\"https:\/\/nuevodigitaldeescobar.com.ar\/?p=19383#breadcrumb\",\"itemListElement\":[{\"@type\":\"ListItem\",\"position\":1,\"name\":\"Portada\",\"item\":\"https:\/\/nuevodigitaldeescobar.com.ar\/\"},{\"@type\":\"ListItem\",\"position\":2,\"name\":\"Nico Gonz\u00e1lez se retir\u00f3 lesionados y se perder\u00eda el cl\u00e1sico ante el Real Madrid\"}]},{\"@type\":\"WebSite\",\"@id\":\"https:\/\/nuevodigitaldeescobar.com.ar\/#website\",\"url\":\"https:\/\/nuevodigitaldeescobar.com.ar\/\",\"name\":\"Nuevo Digital de Escobar\",\"description\":\"La vida escobarense. Directora: Rosana Brunner\",\"publisher\":{\"@id\":\"https:\/\/nuevodigitaldeescobar.com.ar\/#organization\"},\"potentialAction\":[{\"@type\":\"SearchAction\",\"target\":{\"@type\":\"EntryPoint\",\"urlTemplate\":\"https:\/\/nuevodigitaldeescobar.com.ar\/?s={search_term_string}\"},\"query-input\":{\"@type\":\"PropertyValueSpecification\",\"valueRequired\":true,\"valueName\":\"search_term_string\"}}],\"inLanguage\":\"es\"},{\"@type\":\"Organization\",\"@id\":\"https:\/\/nuevodigitaldeescobar.com.ar\/#organization\",\"name\":\"Nuevo Digital de Escobar\",\"url\":\"https:\/\/nuevodigitaldeescobar.com.ar\/\",\"logo\":{\"@type\":\"ImageObject\",\"inLanguage\":\"es\",\"@id\":\"https:\/\/nuevodigitaldeescobar.com.ar\/#\/schema\/logo\/image\/\",\"url\":\"https:\/\/nuevodigitaldeescobar.com.ar\/wp-content\/uploads\/2025\/05\/cropped-logo-nuevo2.jpg\",\"contentUrl\":\"https:\/\/nuevodigitaldeescobar.com.ar\/wp-content\/uploads\/2025\/05\/cropped-logo-nuevo2.jpg\",\"width\":305,\"height\":305,\"caption\":\"Nuevo Digital de Escobar\"},\"image\":{\"@id\":\"https:\/\/nuevodigitaldeescobar.com.ar\/#\/schema\/logo\/image\/\"},\"sameAs\":[\"https:\/\/www.facebook.com\/NUEVODigitalDeEscobar\",\"https:\/\/x.com\/nuevodigescobar\",\"https:\/\/www.instagram.com\/nuevodigitaldeescobar\"]},{\"@type\":\"Person\",\"@id\":\"https:\/\/nuevodigitaldeescobar.com.ar\/#\/schema\/person\/035e90a8efe9a80e6eec22656ad6ea4c\",\"name\":\"Redacci\u00f3n\",\"image\":{\"@type\":\"ImageObject\",\"inLanguage\":\"es\",\"@id\":\"https:\/\/nuevodigitaldeescobar.com.ar\/#\/schema\/person\/image\/\",\"url\":\"https:\/\/secure.gravatar.com\/avatar\/8af8f40000c24e9eef3034f2be5998a372bb1389e64b1a4a36b3a7979142220d?s=96&d=mm&r=g\",\"contentUrl\":\"https:\/\/secure.gravatar.com\/avatar\/8af8f40000c24e9eef3034f2be5998a372bb1389e64b1a4a36b3a7979142220d?s=96&d=mm&r=g\",\"caption\":\"Redacci\u00f3n\"},\"sameAs\":[\"http:\/\/nuevodigitaldeescobar.com.ar\"],\"url\":\"https:\/\/nuevodigitaldeescobar.com.ar\/?author=1\"}]}<\/script>\n<!-- \/ Yoast SEO plugin. -->","yoast_head_json":{"title":"Nico Gonz\u00e1lez se retir\u00f3 lesionados y se perder\u00eda el cl\u00e1sico ante el Real Madrid - Nuevo Digital de Escobar","description":"El jugador oriundo de Bel\u00e9n de Escobar se pierde el partido ante la Real Sociedad por la Liga de Espa\u00f1a y est\u00e1 en duda su participaci\u00f3n en la final de la Supercopa frente al poderoso Real Madrid.","robots":{"index":"index","follow":"follow","max-snippet":"max-snippet:-1","max-image-preview":"max-image-preview:large","max-video-preview":"max-video-preview:-1"},"canonical":"https:\/\/nuevodigitaldeescobar.com.ar\/?p=19383","og_locale":"es_ES","og_type":"article","og_title":"Nico Gonz\u00e1lez se retir\u00f3 lesionados y se perder\u00eda el cl\u00e1sico ante el Real Madrid","og_description":"El jugador oriundo de Bel\u00e9n de Escobar se pierde el partido ante la Real Sociedad por la Liga de Espa\u00f1a y est\u00e1 en duda su participaci\u00f3n en la final de la Supercopa frente al poderoso Real Madrid.","og_url":"https:\/\/nuevodigitaldeescobar.com.ar\/?p=19383","og_site_name":"Nuevo Digital de Escobar","article_publisher":"https:\/\/www.facebook.com\/NUEVODigitalDeEscobar","article_published_time":"2025-12-26T15:54:42+00:00","article_modified_time":"2025-12-26T15:59:33+00:00","og_image":[{"width":1920,"height":1080,"url":"http:\/\/nuevodigitaldeescobar.com.ar\/wp-content\/uploads\/2025\/12\/nico-gonzalez-68c905e40daff.jpg","type":"image\/jpeg"}],"author":"Redacci\u00f3n","twitter_card":"summary_large_image","twitter_creator":"@nuevodigescobar","twitter_site":"@nuevodigescobar","twitter_misc":{"Escrito por":"Redacci\u00f3n","Tiempo de lectura":"1 minuto"},"schema":{"@context":"https:\/\/schema.org","@graph":[{"@type":"Article","@id":"https:\/\/nuevodigitaldeescobar.com.ar\/?p=19383#article","isPartOf":{"@id":"https:\/\/nuevodigitaldeescobar.com.ar\/?p=19383"},"author":{"name":"Redacci\u00f3n","@id":"https:\/\/nuevodigitaldeescobar.com.ar\/#\/schema\/person\/035e90a8efe9a80e6eec22656ad6ea4c"},"headline":"Nico Gonz\u00e1lez se retir\u00f3 lesionados y se perder\u00eda el cl\u00e1sico ante el Real Madrid","datePublished":"2025-12-26T15:54:42+00:00","dateModified":"2025-12-26T15:59:33+00:00","mainEntityOfPage":{"@id":"https:\/\/nuevodigitaldeescobar.com.ar\/?p=19383"},"wordCount":175,"commentCount":0,"publisher":{"@id":"https:\/\/nuevodigitaldeescobar.com.ar\/#organization"},"image":{"@id":"https:\/\/nuevodigitaldeescobar.com.ar\/?p=19383#primaryimage"},"thumbnailUrl":"https:\/\/nuevodigitaldeescobar.com.ar\/wp-content\/uploads\/2025\/12\/nico-gonzalez-68c905e40daff.jpg","keywords":["Nico Gonz\u00e1lez"],"articleSection":["Deportes"],"inLanguage":"es","potentialAction":[{"@type":"CommentAction","name":"Comment","target":["https:\/\/nuevodigitaldeescobar.com.ar\/?p=19383#respond"]}]},{"@type":"WebPage","@id":"https:\/\/nuevodigitaldeescobar.com.ar\/?p=19383","url":"https:\/\/nuevodigitaldeescobar.com.ar\/?p=19383","name":"Nico Gonz\u00e1lez se retir\u00f3 lesionados y se perder\u00eda el cl\u00e1sico ante el Real Madrid - Nuevo Digital de Escobar","isPartOf":{"@id":"https:\/\/nuevodigitaldeescobar.com.ar\/#website"},"primaryImageOfPage":{"@id":"https:\/\/nuevodigitaldeescobar.com.ar\/?p=19383#primaryimage"},"image":{"@id":"https:\/\/nuevodigitaldeescobar.com.ar\/?p=19383#primaryimage"},"thumbnailUrl":"https:\/\/nuevodigitaldeescobar.com.ar\/wp-content\/uploads\/2025\/12\/nico-gonzalez-68c905e40daff.jpg","datePublished":"2025-12-26T15:54:42+00:00","dateModified":"2025-12-26T15:59:33+00:00","description":"El jugador oriundo de Bel\u00e9n de Escobar se pierde el partido ante la Real Sociedad por la Liga de Espa\u00f1a y est\u00e1 en duda su participaci\u00f3n en la final de la Supercopa frente al poderoso Real Madrid.","breadcrumb":{"@id":"https:\/\/nuevodigitaldeescobar.com.ar\/?p=19383#breadcrumb"},"inLanguage":"es","potentialAction":[{"@type":"ReadAction","target":["https:\/\/nuevodigitaldeescobar.com.ar\/?p=19383"]}]},{"@type":"ImageObject","inLanguage":"es","@id":"https:\/\/nuevodigitaldeescobar.com.ar\/?p=19383#primaryimage","url":"https:\/\/nuevodigitaldeescobar.com.ar\/wp-content\/uploads\/2025\/12\/nico-gonzalez-68c905e40daff.jpg","contentUrl":"https:\/\/nuevodigitaldeescobar.com.ar\/wp-content\/uploads\/2025\/12\/nico-gonzalez-68c905e40daff.jpg","width":1920,"height":1080,"caption":"epa12374704 Atletico de Madrid's Nico Gonzalez celebrates scoring the 2-0 goal during the Spanish LaLiga soccer match between Atletico de Madrid and Villarreal, in Madrid, Spain, 13 September 2025. EPA\/Sergio Perez (MaxPPP TagID: epaliveeight517387.jpg) [Photo via MaxPPP]"},{"@type":"BreadcrumbList","@id":"https:\/\/nuevodigitaldeescobar.com.ar\/?p=19383#breadcrumb","itemListElement":[{"@type":"ListItem","position":1,"name":"Portada","item":"https:\/\/nuevodigitaldeescobar.com.ar\/"},{"@type":"ListItem","position":2,"name":"Nico Gonz\u00e1lez se retir\u00f3 lesionados y se perder\u00eda el cl\u00e1sico ante el Real Madrid"}]},{"@type":"WebSite","@id":"https:\/\/nuevodigitaldeescobar.com.ar\/#website","url":"https:\/\/nuevodigitaldeescobar.com.ar\/","name":"Nuevo Digital de Escobar","description":"La vida escobarense. Directora: Rosana Brunner","publisher":{"@id":"https:\/\/nuevodigitaldeescobar.com.ar\/#organization"},"potentialAction":[{"@type":"SearchAction","target":{"@type":"EntryPoint","urlTemplate":"https:\/\/nuevodigitaldeescobar.com.ar\/?s={search_term_string}"},"query-input":{"@type":"PropertyValueSpecification","valueRequired":true,"valueName":"search_term_string"}}],"inLanguage":"es"},{"@type":"Organization","@id":"https:\/\/nuevodigitaldeescobar.com.ar\/#organization","name":"Nuevo Digital de Escobar","url":"https:\/\/nuevodigitaldeescobar.com.ar\/","logo":{"@type":"ImageObject","inLanguage":"es","@id":"https:\/\/nuevodigitaldeescobar.com.ar\/#\/schema\/logo\/image\/","url":"https:\/\/nuevodigitaldeescobar.com.ar\/wp-content\/uploads\/2025\/05\/cropped-logo-nuevo2.jpg","contentUrl":"https:\/\/nuevodigitaldeescobar.com.ar\/wp-content\/uploads\/2025\/05\/cropped-logo-nuevo2.jpg","width":305,"height":305,"caption":"Nuevo Digital de Escobar"},"image":{"@id":"https:\/\/nuevodigitaldeescobar.com.ar\/#\/schema\/logo\/image\/"},"sameAs":["https:\/\/www.facebook.com\/NUEVODigitalDeEscobar","https:\/\/x.com\/nuevodigescobar","https:\/\/www.instagram.com\/nuevodigitaldeescobar"]},{"@type":"Person","@id":"https:\/\/nuevodigitaldeescobar.com.ar\/#\/schema\/person\/035e90a8efe9a80e6eec22656ad6ea4c","name":"Redacci\u00f3n","image":{"@type":"ImageObject","inLanguage":"es","@id":"https:\/\/nuevodigitaldeescobar.com.ar\/#\/schema\/person\/image\/","url":"https:\/\/secure.gravatar.com\/avatar\/8af8f40000c24e9eef3034f2be5998a372bb1389e64b1a4a36b3a7979142220d?s=96&d=mm&r=g","contentUrl":"https:\/\/secure.gravatar.com\/avatar\/8af8f40000c24e9eef3034f2be5998a372bb1389e64b1a4a36b3a7979142220d?s=96&d=mm&r=g","caption":"Redacci\u00f3n"},"sameAs":["http:\/\/nuevodigitaldeescobar.com.ar"],"url":"https:\/\/nuevodigitaldeescobar.com.ar\/?author=1"}]}},"featured_image_urls":{"full":["https:\/\/nuevodigitaldeescobar.com.ar\/wp-content\/uploads\/2025\/12\/nico-gonzalez-68c905e40daff.jpg",1920,1080,false],"thumbnail":["https:\/\/nuevodigitaldeescobar.com.ar\/wp-content\/uploads\/2025\/12\/nico-gonzalez-68c905e40daff-150x150.jpg",150,150,true],"medium":["https:\/\/nuevodigitaldeescobar.com.ar\/wp-content\/uploads\/2025\/12\/nico-gonzalez-68c905e40daff-300x169.jpg",300,169,true],"medium_large":["https:\/\/nuevodigitaldeescobar.com.ar\/wp-content\/uploads\/2025\/12\/nico-gonzalez-68c905e40daff-768x432.jpg",640,360,true],"large":["https:\/\/nuevodigitaldeescobar.com.ar\/wp-content\/uploads\/2025\/12\/nico-gonzalez-68c905e40daff-1024x576.jpg",640,360,true],"1536x1536":["https:\/\/nuevodigitaldeescobar.com.ar\/wp-content\/uploads\/2025\/12\/nico-gonzalez-68c905e40daff-1536x864.jpg",1536,864,true],"2048x2048":["https:\/\/nuevodigitaldeescobar.com.ar\/wp-content\/uploads\/2025\/12\/nico-gonzalez-68c905e40daff.jpg",1920,1080,false]},"author_info":{"display_name":"Redacci\u00f3n","author_link":"https:\/\/nuevodigitaldeescobar.com.ar\/?author=1"},"category_info":"<a href=\"https:\/\/nuevodigitaldeescobar.com.ar\/?cat=8\" rel=\"category\">Deportes<\/a>","tag_info":"Deportes","comment_count":"0","_links":{"self":[{"href":"https:\/\/nuevodigitaldeescobar.com.ar\/index.php?rest_route=\/wp\/v2\/posts\/19383","targetHints":{"allow":["GET"]}}],"collection":[{"href":"https:\/\/nuevodigitaldeescobar.com.ar\/index.php?rest_route=\/wp\/v2\/posts"}],"about":[{"href":"https:\/\/nuevodigitaldeescobar.com.ar\/index.php?rest_route=\/wp\/v2\/types\/post"}],"author":[{"embeddable":true,"href":"https:\/\/nuevodigitaldeescobar.com.ar\/index.php?rest_route=\/wp\/v2\/users\/1"}],"replies":[{"embeddable":true,"href":"https:\/\/nuevodigitaldeescobar.com.ar\/index.php?rest_route=%2Fwp%2Fv2%2Fcomments&post=19383"}],"version-history":[{"count":2,"href":"https:\/\/nuevodigitaldeescobar.com.ar\/index.php?rest_route=\/wp\/v2\/posts\/19383\/revisions"}],"predecessor-version":[{"id":19386,"href":"https:\/\/nuevodigitaldeescobar.com.ar\/index.php?rest_route=\/wp\/v2\/posts\/19383\/revisions\/19386"}],"wp:featuredmedia":[{"embeddable":true,"href":"https:\/\/nuevodigitaldeescobar.com.ar\/index.php?rest_route=\/wp\/v2\/media\/19387"}],"wp:attachment":[{"href":"https:\/\/nuevodigitaldeescobar.com.ar\/index.php?rest_route=%2Fwp%2Fv2%2Fmedia&parent=19383"}],"wp:term":[{"taxonomy":"category","embeddable":true,"href":"https:\/\/nuevodigitaldeescobar.com.ar\/index.php?rest_route=%2Fwp%2Fv2%2Fcategories&post=19383"},{"taxonomy":"post_tag","embeddable":true,"href":"https:\/\/nuevodigitaldeescobar.com.ar\/index.php?rest_route=%2Fwp%2Fv2%2Ftags&post=19383"}],"curies":[{"name":"wp","href":"https:\/\/api.w.org\/{rel}","templated":true}]}}