{"id":19406,"date":"2025-12-28T23:05:43","date_gmt":"2025-12-29T02:05:43","guid":{"rendered":"https:\/\/nuevodigitaldeescobar.com.ar\/?p=19406"},"modified":"2025-12-28T23:05:46","modified_gmt":"2025-12-29T02:05:46","slug":"vacaciones-2026-playa-bonaerense-o-viaje-al-exterior-el-mapa-de-costos-para-veranear-este-verano","status":"publish","type":"post","link":"https:\/\/nuevodigitaldeescobar.com.ar\/?p=19406","title":{"rendered":"Vacaciones 2026: \u00bfPlaya bonaerense o viaje al exterior? El mapa de costos para veranear este verano"},"content":{"rendered":"\n<p class=\"has-vivid-cyan-blue-color has-text-color has-link-color wp-elements-6f69750484159f235b22ca86db4f9935\"><em><strong>Con el inicio de la temporada alta, las familias de Escobar y de toda la provincia comienzan a definir sus planes de descanso. Sin embargo, el presupuesto para la segunda quincena de enero de 2026 presenta contrastes significativos que obligan a hacer cuentas detalladas antes de armar las valijas. Seg\u00fan un informe del Instituto de Econom\u00eda (Ineco) de la UADE, una familia tipo (dos adultos y dos ni\u00f1os) necesita, en promedio, casi $4 millones para vacacionar en Argentina y m\u00e1s de $10 millones si opta por destinos internacionales.<\/strong><\/em><\/p>\n\n\n\n<!--more-->\n\n\n\n<p>Este esfuerzo econ\u00f3mico representa entre <strong>2,38 y 6,1 salarios promedio<\/strong> (tomando como base un sueldo RIPTE de $1.627.212), una relaci\u00f3n que se ha mantenido estable respecto al a\u00f1o anterior a pesar de los aumentos nominales.<\/p>\n\n\n\n<hr class=\"wp-block-separator has-alpha-channel-opacity\"\/>\n\n\n\n<h3 class=\"wp-block-heading has-text-color has-link-color wp-elements-1dfd71affd22fa9e48e4545d5d1323d9\" style=\"color:#1437b9\">El mapa del turismo nacional: del lujo a la accesibilidad<\/h3>\n\n\n\n<p>La brecha de precios dentro del pa\u00eds es marcada, impulsada principalmente por el costo del hospedaje. Mientras que destinos exclusivos como <strong>Caril\u00f3<\/strong> exigen un desembolso de <strong>$10,6 millones<\/strong> (6,55 salarios), opciones m\u00e1s tradicionales de la Costa Atl\u00e1ntica permiten un veraneo mucho m\u00e1s ajustado al bolsillo.<\/p>\n\n\n\n<ul class=\"wp-block-list\">\n<li><strong>Destinos \u00abPremium\u00bb:<\/strong> Adem\u00e1s de Caril\u00f3, <strong>Pinamar<\/strong> ($8.026.847) y <strong>Bariloche<\/strong> ($5.541.566) lideran los costos m\u00e1s altos.<\/li>\n\n\n\n<li><strong>Opciones medias:<\/strong> <strong>Puerto Iguaz\u00fa<\/strong> y <strong>Puerto Madryn<\/strong> se ubican en el rango de los <strong>$4,2 a $4,8 millones<\/strong>.<\/li>\n\n\n\n<li><strong>Los m\u00e1s econ\u00f3micos:<\/strong> <strong>Villa Gesell<\/strong> se posiciona como la alternativa m\u00e1s accesible del relevamiento con un costo de <strong>$2.188.670<\/strong>, seguida por <strong>Necochea<\/strong> y <strong>San Clemente del Tuy\u00fa<\/strong>.<\/li>\n<\/ul>\n\n\n\n<h3 class=\"wp-block-heading has-text-color has-link-color wp-elements-6360d9a48de2a7db2dd7bbe8cc83abf2\" style=\"color:#1437b9\">La sorpresa internacional: \u00bfConviene cruzar la frontera?<\/h3>\n\n\n\n<p>Un dato revelador del informe es la creciente accesibilidad de los destinos internacionales frente a los locales debido a la mejora del salario medido en d\u00f3lares oficiales. Hoy, vacacionar en <strong>Miami<\/strong> cuesta pr\u00e1cticamente lo mismo que hacerlo en <strong>Caril\u00f3<\/strong> ($10,9 millones frente a $10,6 millones).<\/p>\n\n\n\n<p>Por otro lado, <strong>Santiago de Chile<\/strong> surge como la gran oportunidad: con un costo de <strong>$3,2 millones<\/strong>, resulta m\u00e1s econ\u00f3mico que 13 de los 25 destinos nacionales analizados. En el extremo opuesto, <strong>Madrid<\/strong> sigue siendo el desaf\u00edo m\u00e1s grande, requiriendo m\u00e1s de <strong>10 salarios promedio<\/strong> para cubrir transporte y alojamiento.<\/p>\n\n\n\n<hr class=\"wp-block-separator has-alpha-channel-opacity\"\/>\n\n\n\n<h3 class=\"wp-block-heading has-text-color has-link-color wp-elements-a56006113c08b14c6566286997ce4aa8\" style=\"color:#1437b9\">Comparativa de Presupuesto: Enero 2026<\/h3>\n\n\n\n<p>La siguiente tabla resume el costo total (transporte y alojamiento) para una familia tipo durante 15 d\u00edas:<\/p>\n\n\n\n<figure class=\"wp-block-table is-style-stripes\"><table class=\"has-light-green-cyan-to-vivid-green-cyan-gradient-background has-background has-fixed-layout\"><thead><tr><td><strong>Destino<\/strong><\/td><td><strong>Costo Total (Enero 2026)<\/strong><\/td><td><strong>Equivalente en Salarios<\/strong><\/td><\/tr><\/thead><tbody><tr><td><strong>Madrid (Espa\u00f1a)<\/strong><\/td><td>$17.187.220<\/td><td>10,56 salarios<\/td><\/tr><tr><td><strong>Miami (EE.UU.)<\/strong><\/td><td>$10.957.086<\/td><td>6,73 salarios<\/td><\/tr><tr><td><strong>Caril\u00f3 (Bs. As.)<\/strong><\/td><td>$10.665.172<\/td><td>6,55 salarios<\/td><\/tr><tr><td><strong>R\u00edo de Janeiro (Brasil)<\/strong><\/td><td>$5.995.297<\/td><td>3,68 salarios<\/td><\/tr><tr><td><strong>Mar del Plata (Bs. As.)<\/strong><\/td><td>$2.779.767<\/td><td>1,71 salarios<\/td><\/tr><tr><td><strong>Villa Gesell (Bs. As.)<\/strong><\/td><td>$2.188.670<\/td><td>1,35 salarios<\/td><\/tr><\/tbody><\/table><\/figure>\n\n\n\n<hr class=\"wp-block-separator has-alpha-channel-opacity\"\/>\n\n\n\n<h3 class=\"wp-block-heading has-text-color has-link-color wp-elements-0d7301634639aec2b547ad4c782407d0\" style=\"color:#1437b9\">Gastos extra: carpas y gastronom\u00eda en la costa<\/h3>\n\n\n\n<p>A los costos b\u00e1sicos de viaje y estad\u00eda, los vecinos deben sumar los gastos diarios de consumo. En la Costa Atl\u00e1ntica, el alquiler promedio de una <strong>carpa<\/strong> ronda los <strong>$55.448 por d\u00eda<\/strong>, con picos de casi <strong>$120.000<\/strong> en Chapadmalal. En cuanto a la gastronom\u00eda, una <strong>cena para cuatro personas<\/strong> promedia los <strong>$89.831<\/strong>, siendo Villa Gesell ($70.000) una de las opciones m\u00e1s amigables para el bolsillo familiar.<\/p>\n\n\n\n<p>Si bien el turismo interno sigue siendo la opci\u00f3n mayoritaria, la coyuntura cambiaria ha acortado distancias con el exterior, permitiendo que destinos regionales como Chile o Brasil compitan directamente con los precios locales.<\/p>\n","protected":false},"excerpt":{"rendered":"<p>Con el inicio de la temporada alta, las familias de Escobar y de toda la provincia comienzan a definir sus planes de descanso. Sin embargo, [&hellip;]<\/p>\n","protected":false},"author":1,"featured_media":2831,"comment_status":"open","ping_status":"open","sticky":false,"template":"","format":"standard","meta":{"footnotes":""},"categories":[10],"tags":[],"class_list":["post-19406","post","type-post","status-publish","format-standard","has-post-thumbnail","hentry","category-economia"],"better_featured_image":{"id":2831,"alt_text":"","caption":"","description":"","media_type":"image","media_details":{"width":720,"height":405,"file":"2024\/01\/perro-playa-verano-e1706058947733.jpg","filesize":92763,"sizes":{"medium":{"file":"perro-playa-verano-300x169.jpg","width":300,"height":169,"mime-type":"image\/jpeg","filesize":12539,"source_url":"https:\/\/nuevodigitaldeescobar.com.ar\/wp-content\/uploads\/2024\/01\/perro-playa-verano-300x169.jpg"},"thumbnail":{"file":"perro-playa-verano-150x150.jpg","width":150,"height":150,"mime-type":"image\/jpeg","filesize":6085,"source_url":"https:\/\/nuevodigitaldeescobar.com.ar\/wp-content\/uploads\/2024\/01\/perro-playa-verano-150x150.jpg"},"covernews-medium":{"file":"perro-playa-verano-540x340.jpg","width":540,"height":340,"mime-type":"image\/jpeg","filesize":38031,"source_url":"https:\/\/nuevodigitaldeescobar.com.ar\/wp-content\/uploads\/2024\/01\/perro-playa-verano-540x340.jpg"},"covernews-medium-square":{"file":"perro-playa-verano-400x250.jpg","width":400,"height":250,"mime-type":"image\/jpeg","filesize":22509,"source_url":"https:\/\/nuevodigitaldeescobar.com.ar\/wp-content\/uploads\/2024\/01\/perro-playa-verano-400x250.jpg"}},"image_meta":{"aperture":"0","credit":"","camera":"","caption":"","created_timestamp":"0","copyright":"","focal_length":"0","iso":"0","shutter_speed":"0","title":"","orientation":"0","keywords":[]}},"post":2830,"source_url":"https:\/\/nuevodigitaldeescobar.com.ar\/wp-content\/uploads\/2024\/01\/perro-playa-verano-e1706058947733.jpg"},"yoast_head":"<!-- This site is optimized with the Yoast SEO plugin v26.1.1 - https:\/\/yoast.com\/wordpress\/plugins\/seo\/ -->\n<title>Vacaciones 2026: \u00bfPlaya bonaerense o viaje al exterior? El mapa de costos para veranear este verano - Nuevo Digital de Escobar<\/title>\n<meta name=\"robots\" content=\"index, follow, max-snippet:-1, max-image-preview:large, max-video-preview:-1\" \/>\n<link rel=\"canonical\" href=\"https:\/\/nuevodigitaldeescobar.com.ar\/?p=19406\" \/>\n<meta property=\"og:locale\" content=\"es_ES\" \/>\n<meta property=\"og:type\" content=\"article\" \/>\n<meta property=\"og:title\" content=\"Vacaciones 2026: \u00bfPlaya bonaerense o viaje al exterior? El mapa de costos para veranear este verano - Nuevo Digital de Escobar\" \/>\n<meta property=\"og:description\" content=\"Con el inicio de la temporada alta, las familias de Escobar y de toda la provincia comienzan a definir sus planes de descanso. Sin embargo, [&hellip;]\" \/>\n<meta property=\"og:url\" content=\"https:\/\/nuevodigitaldeescobar.com.ar\/?p=19406\" \/>\n<meta property=\"og:site_name\" content=\"Nuevo Digital de Escobar\" \/>\n<meta property=\"article:publisher\" content=\"https:\/\/www.facebook.com\/NUEVODigitalDeEscobar\" \/>\n<meta property=\"article:published_time\" content=\"2025-12-29T02:05:43+00:00\" \/>\n<meta property=\"article:modified_time\" content=\"2025-12-29T02:05:46+00:00\" \/>\n<meta property=\"og:image\" content=\"http:\/\/nuevodigitaldeescobar.com.ar\/wp-content\/uploads\/2024\/01\/perro-playa-verano-e1706058947733.jpg\" \/>\n\t<meta property=\"og:image:width\" content=\"720\" \/>\n\t<meta property=\"og:image:height\" content=\"405\" \/>\n\t<meta property=\"og:image:type\" content=\"image\/jpeg\" \/>\n<meta name=\"author\" content=\"Redacci\u00f3n\" \/>\n<meta name=\"twitter:card\" content=\"summary_large_image\" \/>\n<meta name=\"twitter:creator\" content=\"@nuevodigescobar\" \/>\n<meta name=\"twitter:site\" content=\"@nuevodigescobar\" \/>\n<meta name=\"twitter:label1\" content=\"Escrito por\" \/>\n\t<meta name=\"twitter:data1\" content=\"Redacci\u00f3n\" \/>\n\t<meta name=\"twitter:label2\" content=\"Tiempo de lectura\" \/>\n\t<meta name=\"twitter:data2\" content=\"3 minutos\" \/>\n<script type=\"application\/ld+json\" class=\"yoast-schema-graph\">{\"@context\":\"https:\/\/schema.org\",\"@graph\":[{\"@type\":\"Article\",\"@id\":\"https:\/\/nuevodigitaldeescobar.com.ar\/?p=19406#article\",\"isPartOf\":{\"@id\":\"https:\/\/nuevodigitaldeescobar.com.ar\/?p=19406\"},\"author\":{\"name\":\"Redacci\u00f3n\",\"@id\":\"https:\/\/nuevodigitaldeescobar.com.ar\/#\/schema\/person\/035e90a8efe9a80e6eec22656ad6ea4c\"},\"headline\":\"Vacaciones 2026: \u00bfPlaya bonaerense o viaje al exterior? El mapa de costos para veranear este verano\",\"datePublished\":\"2025-12-29T02:05:43+00:00\",\"dateModified\":\"2025-12-29T02:05:46+00:00\",\"mainEntityOfPage\":{\"@id\":\"https:\/\/nuevodigitaldeescobar.com.ar\/?p=19406\"},\"wordCount\":527,\"commentCount\":0,\"publisher\":{\"@id\":\"https:\/\/nuevodigitaldeescobar.com.ar\/#organization\"},\"image\":{\"@id\":\"https:\/\/nuevodigitaldeescobar.com.ar\/?p=19406#primaryimage\"},\"thumbnailUrl\":\"https:\/\/nuevodigitaldeescobar.com.ar\/wp-content\/uploads\/2024\/01\/perro-playa-verano-e1706058947733.jpg\",\"articleSection\":[\"Econom\u00eda\"],\"inLanguage\":\"es\",\"potentialAction\":[{\"@type\":\"CommentAction\",\"name\":\"Comment\",\"target\":[\"https:\/\/nuevodigitaldeescobar.com.ar\/?p=19406#respond\"]}]},{\"@type\":\"WebPage\",\"@id\":\"https:\/\/nuevodigitaldeescobar.com.ar\/?p=19406\",\"url\":\"https:\/\/nuevodigitaldeescobar.com.ar\/?p=19406\",\"name\":\"Vacaciones 2026: \u00bfPlaya bonaerense o viaje al exterior? El mapa de costos para veranear este verano - Nuevo Digital de Escobar\",\"isPartOf\":{\"@id\":\"https:\/\/nuevodigitaldeescobar.com.ar\/#website\"},\"primaryImageOfPage\":{\"@id\":\"https:\/\/nuevodigitaldeescobar.com.ar\/?p=19406#primaryimage\"},\"image\":{\"@id\":\"https:\/\/nuevodigitaldeescobar.com.ar\/?p=19406#primaryimage\"},\"thumbnailUrl\":\"https:\/\/nuevodigitaldeescobar.com.ar\/wp-content\/uploads\/2024\/01\/perro-playa-verano-e1706058947733.jpg\",\"datePublished\":\"2025-12-29T02:05:43+00:00\",\"dateModified\":\"2025-12-29T02:05:46+00:00\",\"breadcrumb\":{\"@id\":\"https:\/\/nuevodigitaldeescobar.com.ar\/?p=19406#breadcrumb\"},\"inLanguage\":\"es\",\"potentialAction\":[{\"@type\":\"ReadAction\",\"target\":[\"https:\/\/nuevodigitaldeescobar.com.ar\/?p=19406\"]}]},{\"@type\":\"ImageObject\",\"inLanguage\":\"es\",\"@id\":\"https:\/\/nuevodigitaldeescobar.com.ar\/?p=19406#primaryimage\",\"url\":\"https:\/\/nuevodigitaldeescobar.com.ar\/wp-content\/uploads\/2024\/01\/perro-playa-verano-e1706058947733.jpg\",\"contentUrl\":\"https:\/\/nuevodigitaldeescobar.com.ar\/wp-content\/uploads\/2024\/01\/perro-playa-verano-e1706058947733.jpg\",\"width\":720,\"height\":405},{\"@type\":\"BreadcrumbList\",\"@id\":\"https:\/\/nuevodigitaldeescobar.com.ar\/?p=19406#breadcrumb\",\"itemListElement\":[{\"@type\":\"ListItem\",\"position\":1,\"name\":\"Portada\",\"item\":\"https:\/\/nuevodigitaldeescobar.com.ar\/\"},{\"@type\":\"ListItem\",\"position\":2,\"name\":\"Vacaciones 2026: \u00bfPlaya bonaerense o viaje al exterior? El mapa de costos para veranear este verano\"}]},{\"@type\":\"WebSite\",\"@id\":\"https:\/\/nuevodigitaldeescobar.com.ar\/#website\",\"url\":\"https:\/\/nuevodigitaldeescobar.com.ar\/\",\"name\":\"Nuevo Digital de Escobar\",\"description\":\"La vida escobarense. Directora: Rosana Brunner\",\"publisher\":{\"@id\":\"https:\/\/nuevodigitaldeescobar.com.ar\/#organization\"},\"potentialAction\":[{\"@type\":\"SearchAction\",\"target\":{\"@type\":\"EntryPoint\",\"urlTemplate\":\"https:\/\/nuevodigitaldeescobar.com.ar\/?s={search_term_string}\"},\"query-input\":{\"@type\":\"PropertyValueSpecification\",\"valueRequired\":true,\"valueName\":\"search_term_string\"}}],\"inLanguage\":\"es\"},{\"@type\":\"Organization\",\"@id\":\"https:\/\/nuevodigitaldeescobar.com.ar\/#organization\",\"name\":\"Nuevo Digital de Escobar\",\"url\":\"https:\/\/nuevodigitaldeescobar.com.ar\/\",\"logo\":{\"@type\":\"ImageObject\",\"inLanguage\":\"es\",\"@id\":\"https:\/\/nuevodigitaldeescobar.com.ar\/#\/schema\/logo\/image\/\",\"url\":\"https:\/\/nuevodigitaldeescobar.com.ar\/wp-content\/uploads\/2025\/05\/cropped-logo-nuevo2.jpg\",\"contentUrl\":\"https:\/\/nuevodigitaldeescobar.com.ar\/wp-content\/uploads\/2025\/05\/cropped-logo-nuevo2.jpg\",\"width\":305,\"height\":305,\"caption\":\"Nuevo Digital de Escobar\"},\"image\":{\"@id\":\"https:\/\/nuevodigitaldeescobar.com.ar\/#\/schema\/logo\/image\/\"},\"sameAs\":[\"https:\/\/www.facebook.com\/NUEVODigitalDeEscobar\",\"https:\/\/x.com\/nuevodigescobar\",\"https:\/\/www.instagram.com\/nuevodigitaldeescobar\"]},{\"@type\":\"Person\",\"@id\":\"https:\/\/nuevodigitaldeescobar.com.ar\/#\/schema\/person\/035e90a8efe9a80e6eec22656ad6ea4c\",\"name\":\"Redacci\u00f3n\",\"image\":{\"@type\":\"ImageObject\",\"inLanguage\":\"es\",\"@id\":\"https:\/\/nuevodigitaldeescobar.com.ar\/#\/schema\/person\/image\/\",\"url\":\"https:\/\/secure.gravatar.com\/avatar\/8af8f40000c24e9eef3034f2be5998a372bb1389e64b1a4a36b3a7979142220d?s=96&d=mm&r=g\",\"contentUrl\":\"https:\/\/secure.gravatar.com\/avatar\/8af8f40000c24e9eef3034f2be5998a372bb1389e64b1a4a36b3a7979142220d?s=96&d=mm&r=g\",\"caption\":\"Redacci\u00f3n\"},\"sameAs\":[\"http:\/\/nuevodigitaldeescobar.com.ar\"],\"url\":\"https:\/\/nuevodigitaldeescobar.com.ar\/?author=1\"}]}<\/script>\n<!-- \/ Yoast SEO plugin. -->","yoast_head_json":{"title":"Vacaciones 2026: \u00bfPlaya bonaerense o viaje al exterior? El mapa de costos para veranear este verano - Nuevo Digital de Escobar","robots":{"index":"index","follow":"follow","max-snippet":"max-snippet:-1","max-image-preview":"max-image-preview:large","max-video-preview":"max-video-preview:-1"},"canonical":"https:\/\/nuevodigitaldeescobar.com.ar\/?p=19406","og_locale":"es_ES","og_type":"article","og_title":"Vacaciones 2026: \u00bfPlaya bonaerense o viaje al exterior? El mapa de costos para veranear este verano - Nuevo Digital de Escobar","og_description":"Con el inicio de la temporada alta, las familias de Escobar y de toda la provincia comienzan a definir sus planes de descanso. Sin embargo, [&hellip;]","og_url":"https:\/\/nuevodigitaldeescobar.com.ar\/?p=19406","og_site_name":"Nuevo Digital de Escobar","article_publisher":"https:\/\/www.facebook.com\/NUEVODigitalDeEscobar","article_published_time":"2025-12-29T02:05:43+00:00","article_modified_time":"2025-12-29T02:05:46+00:00","og_image":[{"width":720,"height":405,"url":"http:\/\/nuevodigitaldeescobar.com.ar\/wp-content\/uploads\/2024\/01\/perro-playa-verano-e1706058947733.jpg","type":"image\/jpeg"}],"author":"Redacci\u00f3n","twitter_card":"summary_large_image","twitter_creator":"@nuevodigescobar","twitter_site":"@nuevodigescobar","twitter_misc":{"Escrito por":"Redacci\u00f3n","Tiempo de lectura":"3 minutos"},"schema":{"@context":"https:\/\/schema.org","@graph":[{"@type":"Article","@id":"https:\/\/nuevodigitaldeescobar.com.ar\/?p=19406#article","isPartOf":{"@id":"https:\/\/nuevodigitaldeescobar.com.ar\/?p=19406"},"author":{"name":"Redacci\u00f3n","@id":"https:\/\/nuevodigitaldeescobar.com.ar\/#\/schema\/person\/035e90a8efe9a80e6eec22656ad6ea4c"},"headline":"Vacaciones 2026: \u00bfPlaya bonaerense o viaje al exterior? El mapa de costos para veranear este verano","datePublished":"2025-12-29T02:05:43+00:00","dateModified":"2025-12-29T02:05:46+00:00","mainEntityOfPage":{"@id":"https:\/\/nuevodigitaldeescobar.com.ar\/?p=19406"},"wordCount":527,"commentCount":0,"publisher":{"@id":"https:\/\/nuevodigitaldeescobar.com.ar\/#organization"},"image":{"@id":"https:\/\/nuevodigitaldeescobar.com.ar\/?p=19406#primaryimage"},"thumbnailUrl":"https:\/\/nuevodigitaldeescobar.com.ar\/wp-content\/uploads\/2024\/01\/perro-playa-verano-e1706058947733.jpg","articleSection":["Econom\u00eda"],"inLanguage":"es","potentialAction":[{"@type":"CommentAction","name":"Comment","target":["https:\/\/nuevodigitaldeescobar.com.ar\/?p=19406#respond"]}]},{"@type":"WebPage","@id":"https:\/\/nuevodigitaldeescobar.com.ar\/?p=19406","url":"https:\/\/nuevodigitaldeescobar.com.ar\/?p=19406","name":"Vacaciones 2026: \u00bfPlaya bonaerense o viaje al exterior? El mapa de costos para veranear este verano - Nuevo Digital de Escobar","isPartOf":{"@id":"https:\/\/nuevodigitaldeescobar.com.ar\/#website"},"primaryImageOfPage":{"@id":"https:\/\/nuevodigitaldeescobar.com.ar\/?p=19406#primaryimage"},"image":{"@id":"https:\/\/nuevodigitaldeescobar.com.ar\/?p=19406#primaryimage"},"thumbnailUrl":"https:\/\/nuevodigitaldeescobar.com.ar\/wp-content\/uploads\/2024\/01\/perro-playa-verano-e1706058947733.jpg","datePublished":"2025-12-29T02:05:43+00:00","dateModified":"2025-12-29T02:05:46+00:00","breadcrumb":{"@id":"https:\/\/nuevodigitaldeescobar.com.ar\/?p=19406#breadcrumb"},"inLanguage":"es","potentialAction":[{"@type":"ReadAction","target":["https:\/\/nuevodigitaldeescobar.com.ar\/?p=19406"]}]},{"@type":"ImageObject","inLanguage":"es","@id":"https:\/\/nuevodigitaldeescobar.com.ar\/?p=19406#primaryimage","url":"https:\/\/nuevodigitaldeescobar.com.ar\/wp-content\/uploads\/2024\/01\/perro-playa-verano-e1706058947733.jpg","contentUrl":"https:\/\/nuevodigitaldeescobar.com.ar\/wp-content\/uploads\/2024\/01\/perro-playa-verano-e1706058947733.jpg","width":720,"height":405},{"@type":"BreadcrumbList","@id":"https:\/\/nuevodigitaldeescobar.com.ar\/?p=19406#breadcrumb","itemListElement":[{"@type":"ListItem","position":1,"name":"Portada","item":"https:\/\/nuevodigitaldeescobar.com.ar\/"},{"@type":"ListItem","position":2,"name":"Vacaciones 2026: \u00bfPlaya bonaerense o viaje al exterior? El mapa de costos para veranear este verano"}]},{"@type":"WebSite","@id":"https:\/\/nuevodigitaldeescobar.com.ar\/#website","url":"https:\/\/nuevodigitaldeescobar.com.ar\/","name":"Nuevo Digital de Escobar","description":"La vida escobarense. Directora: Rosana Brunner","publisher":{"@id":"https:\/\/nuevodigitaldeescobar.com.ar\/#organization"},"potentialAction":[{"@type":"SearchAction","target":{"@type":"EntryPoint","urlTemplate":"https:\/\/nuevodigitaldeescobar.com.ar\/?s={search_term_string}"},"query-input":{"@type":"PropertyValueSpecification","valueRequired":true,"valueName":"search_term_string"}}],"inLanguage":"es"},{"@type":"Organization","@id":"https:\/\/nuevodigitaldeescobar.com.ar\/#organization","name":"Nuevo Digital de Escobar","url":"https:\/\/nuevodigitaldeescobar.com.ar\/","logo":{"@type":"ImageObject","inLanguage":"es","@id":"https:\/\/nuevodigitaldeescobar.com.ar\/#\/schema\/logo\/image\/","url":"https:\/\/nuevodigitaldeescobar.com.ar\/wp-content\/uploads\/2025\/05\/cropped-logo-nuevo2.jpg","contentUrl":"https:\/\/nuevodigitaldeescobar.com.ar\/wp-content\/uploads\/2025\/05\/cropped-logo-nuevo2.jpg","width":305,"height":305,"caption":"Nuevo Digital de Escobar"},"image":{"@id":"https:\/\/nuevodigitaldeescobar.com.ar\/#\/schema\/logo\/image\/"},"sameAs":["https:\/\/www.facebook.com\/NUEVODigitalDeEscobar","https:\/\/x.com\/nuevodigescobar","https:\/\/www.instagram.com\/nuevodigitaldeescobar"]},{"@type":"Person","@id":"https:\/\/nuevodigitaldeescobar.com.ar\/#\/schema\/person\/035e90a8efe9a80e6eec22656ad6ea4c","name":"Redacci\u00f3n","image":{"@type":"ImageObject","inLanguage":"es","@id":"https:\/\/nuevodigitaldeescobar.com.ar\/#\/schema\/person\/image\/","url":"https:\/\/secure.gravatar.com\/avatar\/8af8f40000c24e9eef3034f2be5998a372bb1389e64b1a4a36b3a7979142220d?s=96&d=mm&r=g","contentUrl":"https:\/\/secure.gravatar.com\/avatar\/8af8f40000c24e9eef3034f2be5998a372bb1389e64b1a4a36b3a7979142220d?s=96&d=mm&r=g","caption":"Redacci\u00f3n"},"sameAs":["http:\/\/nuevodigitaldeescobar.com.ar"],"url":"https:\/\/nuevodigitaldeescobar.com.ar\/?author=1"}]}},"featured_image_urls":{"full":["https:\/\/nuevodigitaldeescobar.com.ar\/wp-content\/uploads\/2024\/01\/perro-playa-verano-e1706058947733.jpg",720,405,false],"thumbnail":["https:\/\/nuevodigitaldeescobar.com.ar\/wp-content\/uploads\/2024\/01\/perro-playa-verano-150x150.jpg",150,150,true],"medium":["https:\/\/nuevodigitaldeescobar.com.ar\/wp-content\/uploads\/2024\/01\/perro-playa-verano-300x169.jpg",300,169,true],"medium_large":["https:\/\/nuevodigitaldeescobar.com.ar\/wp-content\/uploads\/2024\/01\/perro-playa-verano-e1706058947733.jpg",640,360,false],"large":["https:\/\/nuevodigitaldeescobar.com.ar\/wp-content\/uploads\/2024\/01\/perro-playa-verano-e1706058947733.jpg",640,360,false],"1536x1536":["https:\/\/nuevodigitaldeescobar.com.ar\/wp-content\/uploads\/2024\/01\/perro-playa-verano-e1706058947733.jpg",720,405,false],"2048x2048":["https:\/\/nuevodigitaldeescobar.com.ar\/wp-content\/uploads\/2024\/01\/perro-playa-verano-e1706058947733.jpg",720,405,false]},"author_info":{"display_name":"Redacci\u00f3n","author_link":"https:\/\/nuevodigitaldeescobar.com.ar\/?author=1"},"category_info":"<a href=\"https:\/\/nuevodigitaldeescobar.com.ar\/?cat=10\" rel=\"category\">Econom\u00eda<\/a>","tag_info":"Econom\u00eda","comment_count":"0","_links":{"self":[{"href":"https:\/\/nuevodigitaldeescobar.com.ar\/index.php?rest_route=\/wp\/v2\/posts\/19406","targetHints":{"allow":["GET"]}}],"collection":[{"href":"https:\/\/nuevodigitaldeescobar.com.ar\/index.php?rest_route=\/wp\/v2\/posts"}],"about":[{"href":"https:\/\/nuevodigitaldeescobar.com.ar\/index.php?rest_route=\/wp\/v2\/types\/post"}],"author":[{"embeddable":true,"href":"https:\/\/nuevodigitaldeescobar.com.ar\/index.php?rest_route=\/wp\/v2\/users\/1"}],"replies":[{"embeddable":true,"href":"https:\/\/nuevodigitaldeescobar.com.ar\/index.php?rest_route=%2Fwp%2Fv2%2Fcomments&post=19406"}],"version-history":[{"count":1,"href":"https:\/\/nuevodigitaldeescobar.com.ar\/index.php?rest_route=\/wp\/v2\/posts\/19406\/revisions"}],"predecessor-version":[{"id":19407,"href":"https:\/\/nuevodigitaldeescobar.com.ar\/index.php?rest_route=\/wp\/v2\/posts\/19406\/revisions\/19407"}],"wp:featuredmedia":[{"embeddable":true,"href":"https:\/\/nuevodigitaldeescobar.com.ar\/index.php?rest_route=\/wp\/v2\/media\/2831"}],"wp:attachment":[{"href":"https:\/\/nuevodigitaldeescobar.com.ar\/index.php?rest_route=%2Fwp%2Fv2%2Fmedia&parent=19406"}],"wp:term":[{"taxonomy":"category","embeddable":true,"href":"https:\/\/nuevodigitaldeescobar.com.ar\/index.php?rest_route=%2Fwp%2Fv2%2Fcategories&post=19406"},{"taxonomy":"post_tag","embeddable":true,"href":"https:\/\/nuevodigitaldeescobar.com.ar\/index.php?rest_route=%2Fwp%2Fv2%2Ftags&post=19406"}],"curies":[{"name":"wp","href":"https:\/\/api.w.org\/{rel}","templated":true}]}}